{"id":12686,"date":"2010-02-19T07:56:17","date_gmt":"2010-02-19T06:56:17","guid":{"rendered":"http:\/\/www.bellunopress.it\/?p=12686"},"modified":"2010-02-19T07:58:38","modified_gmt":"2010-02-19T06:58:38","slug":"il-massacro-di-aigues-mortes-presentato-allitis-di-belluno-entro-fine-anno-il-sindaco-dedichera-una-via-alle-vittime-italiane-dellodio-razzista","status":"publish","type":"post","link":"https:\/\/www.bellunopress.it\/fr\/2010\/02\/19\/il-massacro-di-aigues-mortes-presentato-allitis-di-belluno-entro-fine-anno-il-sindaco-dedichera-una-via-alle-vittime-italiane-dellodio-razzista\/","title":{"rendered":"Il massacro di Aigues Mortes presentato all&#8217;Itis di Belluno. Entro fine anno il sindaco dedicher\u00e0 una via alle vittime italiane dell&#8217;odio razzista"},"content":{"rendered":"<p><a href=\"http:\/\/www.bellunopress.it\/wp-content\/uploads\/2010\/02\/enzo-barnaba-aigues-mortes-005.jpg\"><img loading=\"lazy\" decoding=\"async\" class=\"alignleft size-medium wp-image-12688\" title=\"enzo-barnaba-aigues-mortes-005\" src=\"http:\/\/www.bellunopress.it\/wp-content\/uploads\/2010\/02\/enzo-barnaba-aigues-mortes-005.jpg\" alt=\"\" width=\"270\" height=\"270\" \/><\/a>Gioved\u00ec sera (18 febbraio) si \u00e8 tenuta nell&#8217;aula magna dell&#8217;Istituto tecnico industriale \u201cG.Segato\u201d di Belluno, la presentazione del libro del professor Enzo Barnab\u00e0\u00a0 \u201cMorte agli italiani! Il massacro di Aigues Mortes, 1893\u201d con l&#8217;introduzione di Mario Neri e del professor Francesco Piero Franchi. \u201cUn importante documento e un grande pezzo di giornalismo &#8211;\u00a0 ha detto Franchi &#8211;\u00a0 scritto a mente fredda e cuore caldo, come insegnava Tina Merlin\u201d. Un libro particolarmente raccomandato ai politici e ai giovani perch\u00e9 \u201cse sostituiamo la parola italiani con senegalesi &#8211; ha osservato Franchi &#8211; e i nomi dei personaggi francesi li pronunciamo alla veneta il libro diventa di estrema attualit\u00e0\u201d.\u00a0 E&#8217; la storia di una guerra tra poveri, del sottoproletariato francese e italiano. Operai che lavoravano in condizioni disumane nelle saline di Peccais, dove potevi andarci solo se avevi ammazzato il padre e la madre, come diceva il ritornello di una vecchia canzone francese. Nel 1975 il professor Enzo Barnab\u00e0 si reca ad Aigues Mortes ed esamina circa 200 documenti conservati negli archivi dipartimentali. Il 16 agosto del 1893 nelle saline della Fangouse e della Gaujouse nella zona di Peccais, nascono delle rivalit\u00e0 tra le squadre di operai a causa del sistema del cottimo. Secondo le testimonianze raccolte dal procuratore generale, i francesi lavorano meno sodo degli italiani e alla fine la retribuzione viene ripartita in parti uguali. Si verificano dei tafferugli, ma la voce che arriva in paese \u00e8 che gli operai italiani hanno aggredito quelli francesi. Si scatena la sete di vendetta e un migliaio di abitanti inferociti assediano la baracca degli italiani.Ci sono tentativi di mediazione da parte del comandante della gendarmeria e del parroco. Ma alla fine diventa una corrida che lascia a terra 9 vittime tra gli operai italiani, lapidati e infilzati con i forconi. &#8220;E solo oggi &#8211;\u00a0conclude Barnab\u00e0 &#8211; in Francia sono stati chiariti i fatti. E il sindaco di Aigues Mortes mi ha promesso che entro quest&#8217;anno intitoler\u00e0 una strada agli italiani&#8221;.<\/p>","protected":false},"excerpt":{"rendered":"<p>Gioved\u00ec sera (18 febbraio) si \u00e8 tenuta nell&#8217;aula magna dell&#8217;Istituto tecnico industriale \u201cG.Segato\u201d di Belluno, la presentazione del libro del professor Enzo Barnab\u00e0\u00a0 \u201cMorte agli italiani! Il massacro di Aigues Mortes, 1893\u201d con l&#8217;introduzione di Mario Neri e del professor Francesco Piero Franchi. \u201cUn importante documento e un grande pezzo di giornalismo &#8211;\u00a0 ha detto [&hellip;]<\/p>\n","protected":false},"author":2,"featured_media":0,"comment_status":"closed","ping_status":"open","sticky":false,"template":"","format":"standard","meta":{"footnotes":""},"categories":[3,26],"tags":[71,139,70,163,162],"class_list":["post-12686","post","type-post","status-publish","format-standard","category-arte-cultura-spettacoli-scienza-archivi","category-prima-pagina","tag-aigues-mortes","tag-belluno","tag-enzo-barnaba","tag-francesco-piero-franchi","tag-morte-agli-italiani"],"yoast_head":"<!-- This site is optimized with the Yoast SEO plugin v28.4 - https:\/\/yoast.com\/product\/yoast-seo-wordpress\/ -->\n<title>Il massacro di Aigues Mortes presentato all&#039;Itis di Belluno. Entro fine anno il sindaco dedicher\u00e0 una via alle vittime italiane dell&#039;odio razzista  - Bellunopress - Dolomiti<\/title>\n<meta name=\"robots\" content=\"index, follow, max-snippet:-1, max-image-preview:large, max-video-preview:-1\" \/>\n<link rel=\"canonical\" href=\"https:\/\/www.bellunopress.it\/fr\/2010\/02\/19\/il-massacro-di-aigues-mortes-presentato-allitis-di-belluno-entro-fine-anno-il-sindaco-dedichera-una-via-alle-vittime-italiane-dellodio-razzista\/\" \/>\n<meta property=\"og:locale\" content=\"fr_FR\" \/>\n<meta property=\"og:type\" content=\"article\" \/>\n<meta property=\"og:title\" content=\"Il massacro di Aigues Mortes presentato all&#039;Itis di Belluno. Entro fine anno il sindaco dedicher\u00e0 una via alle vittime italiane dell&#039;odio razzista  - Bellunopress - Dolomiti\" \/>\n<meta property=\"og:description\" content=\"Gioved\u00ec sera (18 febbraio) si \u00e8 tenuta nell&#8217;aula magna dell&#8217;Istituto tecnico industriale \u201cG.Segato\u201d di Belluno, la presentazione del libro del professor Enzo Barnab\u00e0\u00a0 \u201cMorte agli italiani! Il massacro di Aigues Mortes, 1893\u201d con l&#8217;introduzione di Mario Neri e del professor Francesco Piero Franchi. \u201cUn importante documento e un grande pezzo di giornalismo &#8211;\u00a0 ha detto [&hellip;]\" \/>\n<meta property=\"og:url\" content=\"https:\/\/www.bellunopress.it\/fr\/2010\/02\/19\/il-massacro-di-aigues-mortes-presentato-allitis-di-belluno-entro-fine-anno-il-sindaco-dedichera-una-via-alle-vittime-italiane-dellodio-razzista\/\" \/>\n<meta property=\"og:site_name\" content=\"Bellunopress - Dolomiti\" \/>\n<meta property=\"article:publisher\" content=\"https:\/\/www.facebook.com\/profile.php?id=100008943462799\" \/>\n<meta property=\"article:published_time\" content=\"2010-02-19T06:56:17+00:00\" \/>\n<meta property=\"article:modified_time\" content=\"2010-02-19T06:58:38+00:00\" \/>\n<meta property=\"og:image\" content=\"http:\/\/www.bellunopress.it\/wp-content\/uploads\/2010\/02\/enzo-barnaba-aigues-mortes-005.jpg\" \/>\n<meta name=\"author\" content=\"redazione\" \/>\n<meta name=\"twitter:card\" content=\"summary_large_image\" \/>\n<meta name=\"twitter:creator\" content=\"@bellunopress\" \/>\n<meta name=\"twitter:site\" content=\"@bellunopress\" \/>\n<meta name=\"twitter:label1\" content=\"Written by\" \/>\n\t<meta name=\"twitter:data1\" content=\"redazione\" \/>\n\t<meta name=\"twitter:label2\" content=\"Est. reading time\" \/>\n\t<meta name=\"twitter:data2\" content=\"2 minutes\" \/>\n<script type=\"application\/ld+json\" class=\"yoast-schema-graph\">{\"@context\":\"https:\\\/\\\/schema.org\",\"@graph\":[{\"@type\":\"Article\",\"@id\":\"https:\\\/\\\/www.bellunopress.it\\\/2010\\\/02\\\/19\\\/il-massacro-di-aigues-mortes-presentato-allitis-di-belluno-entro-fine-anno-il-sindaco-dedichera-una-via-alle-vittime-italiane-dellodio-razzista\\\/#article\",\"isPartOf\":{\"@id\":\"https:\\\/\\\/www.bellunopress.it\\\/2010\\\/02\\\/19\\\/il-massacro-di-aigues-mortes-presentato-allitis-di-belluno-entro-fine-anno-il-sindaco-dedichera-una-via-alle-vittime-italiane-dellodio-razzista\\\/\"},\"author\":{\"name\":\"redazione\",\"@id\":\"https:\\\/\\\/www.bellunopress.it\\\/#\\\/schema\\\/person\\\/79bb06722b37ece1c03d3e94beb30d73\"},\"headline\":\"Il massacro di Aigues Mortes presentato all&#8217;Itis di Belluno. Entro fine anno il sindaco dedicher\u00e0 una via alle vittime italiane dell&#8217;odio razzista\",\"datePublished\":\"2010-02-19T06:56:17+00:00\",\"dateModified\":\"2010-02-19T06:58:38+00:00\",\"mainEntityOfPage\":{\"@id\":\"https:\\\/\\\/www.bellunopress.it\\\/2010\\\/02\\\/19\\\/il-massacro-di-aigues-mortes-presentato-allitis-di-belluno-entro-fine-anno-il-sindaco-dedichera-una-via-alle-vittime-italiane-dellodio-razzista\\\/\"},\"wordCount\":348,\"publisher\":{\"@id\":\"https:\\\/\\\/www.bellunopress.it\\\/#organization\"},\"image\":{\"@id\":\"https:\\\/\\\/www.bellunopress.it\\\/2010\\\/02\\\/19\\\/il-massacro-di-aigues-mortes-presentato-allitis-di-belluno-entro-fine-anno-il-sindaco-dedichera-una-via-alle-vittime-italiane-dellodio-razzista\\\/#primaryimage\"},\"thumbnailUrl\":\"http:\\\/\\\/www.bellunopress.it\\\/wp-content\\\/uploads\\\/2010\\\/02\\\/enzo-barnaba-aigues-mortes-005.jpg\",\"keywords\":[\"Aigues Mortes\",\"Belluno\",\"enzo barnab\u00e0\",\"Francesco Piero Franchi\",\"Morte agli italiani\"],\"articleSection\":[\"Arte, Cultura, Spettacoli, Scienza\",\"Prima Pagina\"],\"inLanguage\":\"fr-FR\"},{\"@type\":\"WebPage\",\"@id\":\"https:\\\/\\\/www.bellunopress.it\\\/2010\\\/02\\\/19\\\/il-massacro-di-aigues-mortes-presentato-allitis-di-belluno-entro-fine-anno-il-sindaco-dedichera-una-via-alle-vittime-italiane-dellodio-razzista\\\/\",\"url\":\"https:\\\/\\\/www.bellunopress.it\\\/2010\\\/02\\\/19\\\/il-massacro-di-aigues-mortes-presentato-allitis-di-belluno-entro-fine-anno-il-sindaco-dedichera-una-via-alle-vittime-italiane-dellodio-razzista\\\/\",\"name\":\"Il massacro di Aigues Mortes presentato all'Itis di Belluno. Entro fine anno il sindaco dedicher\u00e0 una via alle vittime italiane dell'odio razzista - Bellunopress - Dolomiti\",\"isPartOf\":{\"@id\":\"https:\\\/\\\/www.bellunopress.it\\\/#website\"},\"primaryImageOfPage\":{\"@id\":\"https:\\\/\\\/www.bellunopress.it\\\/2010\\\/02\\\/19\\\/il-massacro-di-aigues-mortes-presentato-allitis-di-belluno-entro-fine-anno-il-sindaco-dedichera-una-via-alle-vittime-italiane-dellodio-razzista\\\/#primaryimage\"},\"image\":{\"@id\":\"https:\\\/\\\/www.bellunopress.it\\\/2010\\\/02\\\/19\\\/il-massacro-di-aigues-mortes-presentato-allitis-di-belluno-entro-fine-anno-il-sindaco-dedichera-una-via-alle-vittime-italiane-dellodio-razzista\\\/#primaryimage\"},\"thumbnailUrl\":\"http:\\\/\\\/www.bellunopress.it\\\/wp-content\\\/uploads\\\/2010\\\/02\\\/enzo-barnaba-aigues-mortes-005.jpg\",\"datePublished\":\"2010-02-19T06:56:17+00:00\",\"dateModified\":\"2010-02-19T06:58:38+00:00\",\"breadcrumb\":{\"@id\":\"https:\\\/\\\/www.bellunopress.it\\\/2010\\\/02\\\/19\\\/il-massacro-di-aigues-mortes-presentato-allitis-di-belluno-entro-fine-anno-il-sindaco-dedichera-una-via-alle-vittime-italiane-dellodio-razzista\\\/#breadcrumb\"},\"inLanguage\":\"fr-FR\",\"potentialAction\":[{\"@type\":\"ReadAction\",\"target\":[\"https:\\\/\\\/www.bellunopress.it\\\/2010\\\/02\\\/19\\\/il-massacro-di-aigues-mortes-presentato-allitis-di-belluno-entro-fine-anno-il-sindaco-dedichera-una-via-alle-vittime-italiane-dellodio-razzista\\\/\"]}]},{\"@type\":\"ImageObject\",\"inLanguage\":\"fr-FR\",\"@id\":\"https:\\\/\\\/www.bellunopress.it\\\/2010\\\/02\\\/19\\\/il-massacro-di-aigues-mortes-presentato-allitis-di-belluno-entro-fine-anno-il-sindaco-dedichera-una-via-alle-vittime-italiane-dellodio-razzista\\\/#primaryimage\",\"url\":\"http:\\\/\\\/www.bellunopress.it\\\/wp-content\\\/uploads\\\/2010\\\/02\\\/enzo-barnaba-aigues-mortes-005.jpg\",\"contentUrl\":\"http:\\\/\\\/www.bellunopress.it\\\/wp-content\\\/uploads\\\/2010\\\/02\\\/enzo-barnaba-aigues-mortes-005.jpg\"},{\"@type\":\"BreadcrumbList\",\"@id\":\"https:\\\/\\\/www.bellunopress.it\\\/2010\\\/02\\\/19\\\/il-massacro-di-aigues-mortes-presentato-allitis-di-belluno-entro-fine-anno-il-sindaco-dedichera-una-via-alle-vittime-italiane-dellodio-razzista\\\/#breadcrumb\",\"itemListElement\":[{\"@type\":\"ListItem\",\"position\":1,\"name\":\"Home\",\"item\":\"https:\\\/\\\/www.bellunopress.it\\\/\"},{\"@type\":\"ListItem\",\"position\":2,\"name\":\"Il massacro di Aigues Mortes presentato all&#8217;Itis di Belluno. Entro fine anno il sindaco dedicher\u00e0 una via alle vittime italiane dell&#8217;odio razzista\"}]},{\"@type\":\"WebSite\",\"@id\":\"https:\\\/\\\/www.bellunopress.it\\\/#website\",\"url\":\"https:\\\/\\\/www.bellunopress.it\\\/\",\"name\":\"Bellunopress - Dolomiti\",\"description\":\"e-mail: redazione@bellunopress.it\",\"publisher\":{\"@id\":\"https:\\\/\\\/www.bellunopress.it\\\/#organization\"},\"potentialAction\":[{\"@type\":\"SearchAction\",\"target\":{\"@type\":\"EntryPoint\",\"urlTemplate\":\"https:\\\/\\\/www.bellunopress.it\\\/?s={search_term_string}\"},\"query-input\":{\"@type\":\"PropertyValueSpecification\",\"valueRequired\":true,\"valueName\":\"search_term_string\"}}],\"inLanguage\":\"fr-FR\"},{\"@type\":\"Organization\",\"@id\":\"https:\\\/\\\/www.bellunopress.it\\\/#organization\",\"name\":\"Bellunopress\",\"url\":\"https:\\\/\\\/www.bellunopress.it\\\/\",\"logo\":{\"@type\":\"ImageObject\",\"inLanguage\":\"fr-FR\",\"@id\":\"https:\\\/\\\/www.bellunopress.it\\\/#\\\/schema\\\/logo\\\/image\\\/\",\"url\":\"https:\\\/\\\/www.bellunopress.it\\\/wp-content\\\/uploads\\\/2011\\\/05\\\/cropped-logo-bellunopress-.jpg\",\"contentUrl\":\"https:\\\/\\\/www.bellunopress.it\\\/wp-content\\\/uploads\\\/2011\\\/05\\\/cropped-logo-bellunopress-.jpg\",\"width\":512,\"height\":512,\"caption\":\"Bellunopress\"},\"image\":{\"@id\":\"https:\\\/\\\/www.bellunopress.it\\\/#\\\/schema\\\/logo\\\/image\\\/\"},\"sameAs\":[\"https:\\\/\\\/www.facebook.com\\\/profile.php?id=100008943462799\",\"https:\\\/\\\/x.com\\\/bellunopress\",\"https:\\\/\\\/www.linkedin.com\\\/hp\\\/?dnr=JBzUWaJfMUw8vbXJJ2tVW5-I3jZKvC4wsoxE&amp;amp;amp;amp;amp;amp;trk=nav_responsive_tab_home\",\"https:\\\/\\\/www.youtube.com\\\/channel\\\/UCxL0wu1uN0_3_7hGG0306cw\"]},{\"@type\":\"Person\",\"@id\":\"https:\\\/\\\/www.bellunopress.it\\\/#\\\/schema\\\/person\\\/79bb06722b37ece1c03d3e94beb30d73\",\"name\":\"redazione\",\"image\":{\"@type\":\"ImageObject\",\"inLanguage\":\"fr-FR\",\"@id\":\"https:\\\/\\\/secure.gravatar.com\\\/avatar\\\/37d968a2e67a6fd04c169c4bdef102d0bc5d31b2546345219e348575eb80e9a0?s=96&d=mm&r=g\",\"url\":\"https:\\\/\\\/secure.gravatar.com\\\/avatar\\\/37d968a2e67a6fd04c169c4bdef102d0bc5d31b2546345219e348575eb80e9a0?s=96&d=mm&r=g\",\"contentUrl\":\"https:\\\/\\\/secure.gravatar.com\\\/avatar\\\/37d968a2e67a6fd04c169c4bdef102d0bc5d31b2546345219e348575eb80e9a0?s=96&d=mm&r=g\",\"caption\":\"redazione\"},\"sameAs\":[\"http:\\\/\\\/www.bellunopress.it\",\"https:\\\/\\\/x.com\\\/bellunopress\"],\"url\":\"https:\\\/\\\/www.bellunopress.it\\\/fr\\\/author\\\/redazione\\\/\"}]}<\/script>\n<!-- \/ Yoast SEO plugin. -->","yoast_head_json":{"title":"Il massacro di Aigues Mortes presentato all'Itis di Belluno. Entro fine anno il sindaco dedicher\u00e0 una via alle vittime italiane dell'odio razzista  - Bellunopress - Dolomiti","robots":{"index":"index","follow":"follow","max-snippet":"max-snippet:-1","max-image-preview":"max-image-preview:large","max-video-preview":"max-video-preview:-1"},"canonical":"https:\/\/www.bellunopress.it\/fr\/2010\/02\/19\/il-massacro-di-aigues-mortes-presentato-allitis-di-belluno-entro-fine-anno-il-sindaco-dedichera-una-via-alle-vittime-italiane-dellodio-razzista\/","og_locale":"fr_FR","og_type":"article","og_title":"Il massacro di Aigues Mortes presentato all'Itis di Belluno. Entro fine anno il sindaco dedicher\u00e0 una via alle vittime italiane dell'odio razzista  - Bellunopress - Dolomiti","og_description":"Gioved\u00ec sera (18 febbraio) si \u00e8 tenuta nell&#8217;aula magna dell&#8217;Istituto tecnico industriale \u201cG.Segato\u201d di Belluno, la presentazione del libro del professor Enzo Barnab\u00e0\u00a0 \u201cMorte agli italiani! Il massacro di Aigues Mortes, 1893\u201d con l&#8217;introduzione di Mario Neri e del professor Francesco Piero Franchi. \u201cUn importante documento e un grande pezzo di giornalismo &#8211;\u00a0 ha detto [&hellip;]","og_url":"https:\/\/www.bellunopress.it\/fr\/2010\/02\/19\/il-massacro-di-aigues-mortes-presentato-allitis-di-belluno-entro-fine-anno-il-sindaco-dedichera-una-via-alle-vittime-italiane-dellodio-razzista\/","og_site_name":"Bellunopress - Dolomiti","article_publisher":"https:\/\/www.facebook.com\/profile.php?id=100008943462799","article_published_time":"2010-02-19T06:56:17+00:00","article_modified_time":"2010-02-19T06:58:38+00:00","og_image":[{"url":"http:\/\/www.bellunopress.it\/wp-content\/uploads\/2010\/02\/enzo-barnaba-aigues-mortes-005.jpg","type":"","width":"","height":""}],"author":"redazione","twitter_card":"summary_large_image","twitter_creator":"@bellunopress","twitter_site":"@bellunopress","twitter_misc":{"Written by":"redazione","Est. reading time":"2 minutes"},"schema":{"@context":"https:\/\/schema.org","@graph":[{"@type":"Article","@id":"https:\/\/www.bellunopress.it\/2010\/02\/19\/il-massacro-di-aigues-mortes-presentato-allitis-di-belluno-entro-fine-anno-il-sindaco-dedichera-una-via-alle-vittime-italiane-dellodio-razzista\/#article","isPartOf":{"@id":"https:\/\/www.bellunopress.it\/2010\/02\/19\/il-massacro-di-aigues-mortes-presentato-allitis-di-belluno-entro-fine-anno-il-sindaco-dedichera-una-via-alle-vittime-italiane-dellodio-razzista\/"},"author":{"name":"redazione","@id":"https:\/\/www.bellunopress.it\/#\/schema\/person\/79bb06722b37ece1c03d3e94beb30d73"},"headline":"Il massacro di Aigues Mortes presentato all&#8217;Itis di Belluno. Entro fine anno il sindaco dedicher\u00e0 una via alle vittime italiane dell&#8217;odio razzista","datePublished":"2010-02-19T06:56:17+00:00","dateModified":"2010-02-19T06:58:38+00:00","mainEntityOfPage":{"@id":"https:\/\/www.bellunopress.it\/2010\/02\/19\/il-massacro-di-aigues-mortes-presentato-allitis-di-belluno-entro-fine-anno-il-sindaco-dedichera-una-via-alle-vittime-italiane-dellodio-razzista\/"},"wordCount":348,"publisher":{"@id":"https:\/\/www.bellunopress.it\/#organization"},"image":{"@id":"https:\/\/www.bellunopress.it\/2010\/02\/19\/il-massacro-di-aigues-mortes-presentato-allitis-di-belluno-entro-fine-anno-il-sindaco-dedichera-una-via-alle-vittime-italiane-dellodio-razzista\/#primaryimage"},"thumbnailUrl":"http:\/\/www.bellunopress.it\/wp-content\/uploads\/2010\/02\/enzo-barnaba-aigues-mortes-005.jpg","keywords":["Aigues Mortes","Belluno","enzo barnab\u00e0","Francesco Piero Franchi","Morte agli italiani"],"articleSection":["Arte, Cultura, Spettacoli, Scienza","Prima Pagina"],"inLanguage":"fr-FR"},{"@type":"WebPage","@id":"https:\/\/www.bellunopress.it\/2010\/02\/19\/il-massacro-di-aigues-mortes-presentato-allitis-di-belluno-entro-fine-anno-il-sindaco-dedichera-una-via-alle-vittime-italiane-dellodio-razzista\/","url":"https:\/\/www.bellunopress.it\/2010\/02\/19\/il-massacro-di-aigues-mortes-presentato-allitis-di-belluno-entro-fine-anno-il-sindaco-dedichera-una-via-alle-vittime-italiane-dellodio-razzista\/","name":"Il massacro di Aigues Mortes presentato all'Itis di Belluno. Entro fine anno il sindaco dedicher\u00e0 una via alle vittime italiane dell'odio razzista - Bellunopress - Dolomiti","isPartOf":{"@id":"https:\/\/www.bellunopress.it\/#website"},"primaryImageOfPage":{"@id":"https:\/\/www.bellunopress.it\/2010\/02\/19\/il-massacro-di-aigues-mortes-presentato-allitis-di-belluno-entro-fine-anno-il-sindaco-dedichera-una-via-alle-vittime-italiane-dellodio-razzista\/#primaryimage"},"image":{"@id":"https:\/\/www.bellunopress.it\/2010\/02\/19\/il-massacro-di-aigues-mortes-presentato-allitis-di-belluno-entro-fine-anno-il-sindaco-dedichera-una-via-alle-vittime-italiane-dellodio-razzista\/#primaryimage"},"thumbnailUrl":"http:\/\/www.bellunopress.it\/wp-content\/uploads\/2010\/02\/enzo-barnaba-aigues-mortes-005.jpg","datePublished":"2010-02-19T06:56:17+00:00","dateModified":"2010-02-19T06:58:38+00:00","breadcrumb":{"@id":"https:\/\/www.bellunopress.it\/2010\/02\/19\/il-massacro-di-aigues-mortes-presentato-allitis-di-belluno-entro-fine-anno-il-sindaco-dedichera-una-via-alle-vittime-italiane-dellodio-razzista\/#breadcrumb"},"inLanguage":"fr-FR","potentialAction":[{"@type":"ReadAction","target":["https:\/\/www.bellunopress.it\/2010\/02\/19\/il-massacro-di-aigues-mortes-presentato-allitis-di-belluno-entro-fine-anno-il-sindaco-dedichera-una-via-alle-vittime-italiane-dellodio-razzista\/"]}]},{"@type":"ImageObject","inLanguage":"fr-FR","@id":"https:\/\/www.bellunopress.it\/2010\/02\/19\/il-massacro-di-aigues-mortes-presentato-allitis-di-belluno-entro-fine-anno-il-sindaco-dedichera-una-via-alle-vittime-italiane-dellodio-razzista\/#primaryimage","url":"http:\/\/www.bellunopress.it\/wp-content\/uploads\/2010\/02\/enzo-barnaba-aigues-mortes-005.jpg","contentUrl":"http:\/\/www.bellunopress.it\/wp-content\/uploads\/2010\/02\/enzo-barnaba-aigues-mortes-005.jpg"},{"@type":"BreadcrumbList","@id":"https:\/\/www.bellunopress.it\/2010\/02\/19\/il-massacro-di-aigues-mortes-presentato-allitis-di-belluno-entro-fine-anno-il-sindaco-dedichera-una-via-alle-vittime-italiane-dellodio-razzista\/#breadcrumb","itemListElement":[{"@type":"ListItem","position":1,"name":"Home","item":"https:\/\/www.bellunopress.it\/"},{"@type":"ListItem","position":2,"name":"Il massacro di Aigues Mortes presentato all&#8217;Itis di Belluno. Entro fine anno il sindaco dedicher\u00e0 una via alle vittime italiane dell&#8217;odio razzista"}]},{"@type":"WebSite","@id":"https:\/\/www.bellunopress.it\/#website","url":"https:\/\/www.bellunopress.it\/","name":"Bellunopress - Dolomiti","description":"e-mail: redazione@bellunopress.it","publisher":{"@id":"https:\/\/www.bellunopress.it\/#organization"},"potentialAction":[{"@type":"SearchAction","target":{"@type":"EntryPoint","urlTemplate":"https:\/\/www.bellunopress.it\/?s={search_term_string}"},"query-input":{"@type":"PropertyValueSpecification","valueRequired":true,"valueName":"search_term_string"}}],"inLanguage":"fr-FR"},{"@type":"Organization","@id":"https:\/\/www.bellunopress.it\/#organization","name":"Bellunopress","url":"https:\/\/www.bellunopress.it\/","logo":{"@type":"ImageObject","inLanguage":"fr-FR","@id":"https:\/\/www.bellunopress.it\/#\/schema\/logo\/image\/","url":"https:\/\/www.bellunopress.it\/wp-content\/uploads\/2011\/05\/cropped-logo-bellunopress-.jpg","contentUrl":"https:\/\/www.bellunopress.it\/wp-content\/uploads\/2011\/05\/cropped-logo-bellunopress-.jpg","width":512,"height":512,"caption":"Bellunopress"},"image":{"@id":"https:\/\/www.bellunopress.it\/#\/schema\/logo\/image\/"},"sameAs":["https:\/\/www.facebook.com\/profile.php?id=100008943462799","https:\/\/x.com\/bellunopress","https:\/\/www.linkedin.com\/hp\/?dnr=JBzUWaJfMUw8vbXJJ2tVW5-I3jZKvC4wsoxE&amp;amp;amp;amp;amp;amp;trk=nav_responsive_tab_home","https:\/\/www.youtube.com\/channel\/UCxL0wu1uN0_3_7hGG0306cw"]},{"@type":"Person","@id":"https:\/\/www.bellunopress.it\/#\/schema\/person\/79bb06722b37ece1c03d3e94beb30d73","name":"r\u00e9daction","image":{"@type":"ImageObject","inLanguage":"fr-FR","@id":"https:\/\/secure.gravatar.com\/avatar\/37d968a2e67a6fd04c169c4bdef102d0bc5d31b2546345219e348575eb80e9a0?s=96&d=mm&r=g","url":"https:\/\/secure.gravatar.com\/avatar\/37d968a2e67a6fd04c169c4bdef102d0bc5d31b2546345219e348575eb80e9a0?s=96&d=mm&r=g","contentUrl":"https:\/\/secure.gravatar.com\/avatar\/37d968a2e67a6fd04c169c4bdef102d0bc5d31b2546345219e348575eb80e9a0?s=96&d=mm&r=g","caption":"redazione"},"sameAs":["http:\/\/www.bellunopress.it","https:\/\/x.com\/bellunopress"],"url":"https:\/\/www.bellunopress.it\/fr\/author\/redazione\/"}]}},"_links":{"self":[{"href":"https:\/\/www.bellunopress.it\/fr\/wp-json\/wp\/v2\/posts\/12686","targetHints":{"allow":["GET"]}}],"collection":[{"href":"https:\/\/www.bellunopress.it\/fr\/wp-json\/wp\/v2\/posts"}],"about":[{"href":"https:\/\/www.bellunopress.it\/fr\/wp-json\/wp\/v2\/types\/post"}],"author":[{"embeddable":true,"href":"https:\/\/www.bellunopress.it\/fr\/wp-json\/wp\/v2\/users\/2"}],"replies":[{"embeddable":true,"href":"https:\/\/www.bellunopress.it\/fr\/wp-json\/wp\/v2\/comments?post=12686"}],"version-history":[{"count":3,"href":"https:\/\/www.bellunopress.it\/fr\/wp-json\/wp\/v2\/posts\/12686\/revisions"}],"predecessor-version":[{"id":12690,"href":"https:\/\/www.bellunopress.it\/fr\/wp-json\/wp\/v2\/posts\/12686\/revisions\/12690"}],"wp:attachment":[{"href":"https:\/\/www.bellunopress.it\/fr\/wp-json\/wp\/v2\/media?parent=12686"}],"wp:term":[{"taxonomy":"category","embeddable":true,"href":"https:\/\/www.bellunopress.it\/fr\/wp-json\/wp\/v2\/categories?post=12686"},{"taxonomy":"post_tag","embeddable":true,"href":"https:\/\/www.bellunopress.it\/fr\/wp-json\/wp\/v2\/tags?post=12686"}],"curies":[{"name":"wp","href":"https:\/\/api.w.org\/{rel}","templated":true}]}}