{"id":12683,"date":"2010-02-19T02:54:53","date_gmt":"2010-02-19T01:54:53","guid":{"rendered":"http:\/\/www.bellunopress.it\/?p=12683"},"modified":"2010-02-20T09:20:32","modified_gmt":"2010-02-20T08:20:32","slug":"venerdi-cena-del-brenta-con-il-cai-di-agordo-sabato-cronoscalata-a-malga-foca","status":"publish","type":"post","link":"https:\/\/www.bellunopress.it\/fr\/2010\/02\/19\/venerdi-cena-del-brenta-con-il-cai-di-agordo-sabato-cronoscalata-a-malga-foca\/","title":{"rendered":"Venerd\u00ec cena del&#8230; Brenta con il Cai di Agordo. Sabato cronoscalata a Malga Foca"},"content":{"rendered":"<p>Tutti coloro che hanno partecipato \u2013 l\u2019estate scorsa &#8211; alla \u201cdue giorni\u201d nel Gruppo del Brenta, organizzata dalla nostra Sezione, sono invitati al ritrovo conviviale ed alla cena che si terr\u00e0 Venerd\u00ec 19 febbraio 2010 (ritrovo ore 19.30 \u2013 19.45) presso l\u2019Agriturismo \u201cBusa dei Sbrase\u201d a Soccol (Taibon Agordino).<br \/>\nNel corso della serata, i convenuti potranno rivivere quei momenti grazie alla video-proiezione realizzata per l\u2019occasione, che raccoglie e propone immagini e filmati dell\u2019escursione effettuata nel rinomato Gruppo dolomitico.<\/p>\n<p>S<strong>ABATO 20 FEBBRAIO 2010 \u2013\u00a0 9\u00b0 CRONOSCALATA D\u2019INVERNO \u201cLA VALLE \u2013 MALGA FOCA\u201d<\/strong><\/p>\n<p>Zaino in spalla, casco e lampada frontale al seguito\u2026<br \/>\nTutti al via sabato 20 febbraio 2010 alle ore 15.30 per la partenza \u201cin linea\u201d dal campo sportivo situato in localit\u00e0 Conaggia a La Valle Agordina (BL). Questa la 9\u00b0 Edizione della Cronoscalata d\u2019Inverno La Valle \u2013 Malga Foca, sci alpinistica non competitiva di 6,2 Km, valevole anche per la combinata con la cronoscalata estiva che si svolger\u00e0 domenica 27 giugno 2010.<br \/>\nLe iscrizioni (costo 15,00 Euro comprensivi di gadget, ristoro e pasta party) si ricevono sul sito www.sciclublavalleagordina.com oppure alla partenza entro le ore 15.00.\u00a0 Info: 340-6196498\u00a0 349-8805569 o sul sito delle iscrizioni.<\/p>\n<p>DOMENICA 21 FEBBRAIO 2010 CON GLI SCI ALLA CIMA LASTE\u2019 \u2013 MONTE CAVALLO \u2013 ALPAGO<\/p>\n<p>Arriva la seconda proposta invernale messa in campo dalla Sezione per gli appassionati dello scialpinismo. Un\u2019escursione adatta a tutti nella magia delle nevi dell\u2019Alpago per raggiungere dapprima il Rifugio Semenza e successivamente i 2247 mt di Cima Last\u00e8 nel Gruppo del Monte Cavallo.<br \/>\nDifficolt\u00e0: MS (Medio Sciatore). Materiale: ARVA, pala e sonda<br \/>\nIl ritrovo \u00e8 fissato Domenica 21 febbraio 2010 alle ore 07.00 presso la nostra Sede.<br \/>\nLa partecipazione alla gita \u00e8 riservata ai Soci CAI previa iscrizione telefonica o via sms (da effettuarsi entro venerd\u00ec sera alle ore 21.00) al numero 346-0153819<br \/>\nUlteriori informazioni e dettagli nella locandina allegata.<\/p>\n<p>In allegato il file: SKIALP \u2013 CIMA LASTE\u2019.pdf<\/p>\n<p>L\u2019ESCURSIONE CON LE CIASPE A CASERA ERERA DI DOMENICA SCORSA<\/p>\n<p>Una trentina le persone che si sono ritrovate domenica scorsa, di buon mattino, nei pressi dell\u2019Albergo Alpino Boz alla testata della Val Canzoi (un meritevole cenno di ringraziamento ai gestori per l\u2019ospitalit\u00e0 e la disponibilit\u00e0 che hanno saputo offrire al nostro gruppo).<br \/>\nTerminato il facile pianoro che costeggia il Lago della Stua \u00e8 iniziata la lunga, faticosa e \u201cinterminabile\u201d salita per la strada forestale che si inerpica, sempre nel bosco, verso i sovrastanti altipiani. Raggiunto il bivio per il Porz\u00ecl \u2013 Pinea la comitiva ha seguito per la prima localit\u00e0, percorrendo il tratto che la separava dalla forcella in un ambiente suggestivo ed abbondantemente innevato. Nei primi squarci di sereno, tra luci ed ombre e nel bosco via via pi\u00f9 rarefatto, si apriva finalmente alla vista lo straordinario scenario sul vasto altopiano e verso i Piani Eterni. Che meraviglia! Ormai, il peggio \u00e8 fatto e raggiungere le Cas\u00e8re \u00e8 cosa fatta.<br \/>\nRifocillati e riposati, si ritorna alla partenza seguendo l\u2019itinerario della salita<\/p>","protected":false},"excerpt":{"rendered":"<p>Tutti coloro che hanno partecipato \u2013 l\u2019estate scorsa &#8211; alla \u201cdue giorni\u201d nel Gruppo del Brenta, organizzata dalla nostra Sezione, sono invitati al ritrovo conviviale ed alla cena che si terr\u00e0 Venerd\u00ec 19 febbraio 2010 (ritrovo ore 19.30 \u2013 19.45) presso l\u2019Agriturismo \u201cBusa dei Sbrase\u201d a Soccol (Taibon Agordino). Nel corso della serata, i convenuti [&hellip;]<\/p>\n","protected":false},"author":2,"featured_media":0,"comment_status":"closed","ping_status":"open","sticky":false,"template":"","format":"standard","meta":{"footnotes":""},"categories":[38,4],"tags":[63],"class_list":["post-12683","post","type-post","status-publish","format-standard","category-natura-ambiente","category-sport","tag-dolomiti"],"yoast_head":"<!-- This site is optimized with the Yoast SEO plugin v28.4 - https:\/\/yoast.com\/product\/yoast-seo-wordpress\/ -->\n<title>Venerd\u00ec cena del... Brenta con il Cai di Agordo. Sabato cronoscalata a Malga Foca - Bellunopress - Dolomiti<\/title>\n<meta name=\"robots\" content=\"index, follow, max-snippet:-1, max-image-preview:large, max-video-preview:-1\" \/>\n<link rel=\"canonical\" href=\"https:\/\/www.bellunopress.it\/fr\/2010\/02\/19\/venerdi-cena-del-brenta-con-il-cai-di-agordo-sabato-cronoscalata-a-malga-foca\/\" \/>\n<meta property=\"og:locale\" content=\"fr_FR\" \/>\n<meta property=\"og:type\" content=\"article\" \/>\n<meta property=\"og:title\" content=\"Venerd\u00ec cena del... Brenta con il Cai di Agordo. Sabato cronoscalata a Malga Foca - Bellunopress - Dolomiti\" \/>\n<meta property=\"og:description\" content=\"Tutti coloro che hanno partecipato \u2013 l\u2019estate scorsa &#8211; alla \u201cdue giorni\u201d nel Gruppo del Brenta, organizzata dalla nostra Sezione, sono invitati al ritrovo conviviale ed alla cena che si terr\u00e0 Venerd\u00ec 19 febbraio 2010 (ritrovo ore 19.30 \u2013 19.45) presso l\u2019Agriturismo \u201cBusa dei Sbrase\u201d a Soccol (Taibon Agordino). Nel corso della serata, i convenuti [&hellip;]\" \/>\n<meta property=\"og:url\" content=\"https:\/\/www.bellunopress.it\/fr\/2010\/02\/19\/venerdi-cena-del-brenta-con-il-cai-di-agordo-sabato-cronoscalata-a-malga-foca\/\" \/>\n<meta property=\"og:site_name\" content=\"Bellunopress - Dolomiti\" \/>\n<meta property=\"article:publisher\" content=\"https:\/\/www.facebook.com\/profile.php?id=100008943462799\" \/>\n<meta property=\"article:published_time\" content=\"2010-02-19T01:54:53+00:00\" \/>\n<meta property=\"article:modified_time\" content=\"2010-02-20T08:20:32+00:00\" \/>\n<meta property=\"og:image\" content=\"http:\/\/www.bellunopress.it\/wp-content\/uploads\/2012\/07\/logo-bellunopress-250x250-2012.jpg\" \/>\n<meta name=\"author\" content=\"redazione\" \/>\n<meta name=\"twitter:card\" content=\"summary_large_image\" \/>\n<meta name=\"twitter:creator\" content=\"@bellunopress\" \/>\n<meta name=\"twitter:site\" content=\"@bellunopress\" \/>\n<meta name=\"twitter:label1\" content=\"Written by\" \/>\n\t<meta name=\"twitter:data1\" content=\"redazione\" \/>\n\t<meta name=\"twitter:label2\" content=\"Est. reading time\" \/>\n\t<meta name=\"twitter:data2\" content=\"2 minutes\" \/>\n<script type=\"application\/ld+json\" class=\"yoast-schema-graph\">{\"@context\":\"https:\\\/\\\/schema.org\",\"@graph\":[{\"@type\":\"Article\",\"@id\":\"https:\\\/\\\/www.bellunopress.it\\\/2010\\\/02\\\/19\\\/venerdi-cena-del-brenta-con-il-cai-di-agordo-sabato-cronoscalata-a-malga-foca\\\/#article\",\"isPartOf\":{\"@id\":\"https:\\\/\\\/www.bellunopress.it\\\/2010\\\/02\\\/19\\\/venerdi-cena-del-brenta-con-il-cai-di-agordo-sabato-cronoscalata-a-malga-foca\\\/\"},\"author\":{\"name\":\"redazione\",\"@id\":\"https:\\\/\\\/www.bellunopress.it\\\/#\\\/schema\\\/person\\\/79bb06722b37ece1c03d3e94beb30d73\"},\"headline\":\"Venerd\u00ec cena del&#8230; Brenta con il Cai di Agordo. Sabato cronoscalata a Malga Foca\",\"datePublished\":\"2010-02-19T01:54:53+00:00\",\"dateModified\":\"2010-02-20T08:20:32+00:00\",\"mainEntityOfPage\":{\"@id\":\"https:\\\/\\\/www.bellunopress.it\\\/2010\\\/02\\\/19\\\/venerdi-cena-del-brenta-con-il-cai-di-agordo-sabato-cronoscalata-a-malga-foca\\\/\"},\"wordCount\":483,\"publisher\":{\"@id\":\"https:\\\/\\\/www.bellunopress.it\\\/#organization\"},\"keywords\":[\"Dolomiti\"],\"articleSection\":[\"Meteo, natura, ambiente, animali\",\"Sport, tempo libero\"],\"inLanguage\":\"fr-FR\"},{\"@type\":\"WebPage\",\"@id\":\"https:\\\/\\\/www.bellunopress.it\\\/2010\\\/02\\\/19\\\/venerdi-cena-del-brenta-con-il-cai-di-agordo-sabato-cronoscalata-a-malga-foca\\\/\",\"url\":\"https:\\\/\\\/www.bellunopress.it\\\/2010\\\/02\\\/19\\\/venerdi-cena-del-brenta-con-il-cai-di-agordo-sabato-cronoscalata-a-malga-foca\\\/\",\"name\":\"Venerd\u00ec cena del... Brenta con il Cai di Agordo. Sabato cronoscalata a Malga Foca - Bellunopress - Dolomiti\",\"isPartOf\":{\"@id\":\"https:\\\/\\\/www.bellunopress.it\\\/#website\"},\"datePublished\":\"2010-02-19T01:54:53+00:00\",\"dateModified\":\"2010-02-20T08:20:32+00:00\",\"breadcrumb\":{\"@id\":\"https:\\\/\\\/www.bellunopress.it\\\/2010\\\/02\\\/19\\\/venerdi-cena-del-brenta-con-il-cai-di-agordo-sabato-cronoscalata-a-malga-foca\\\/#breadcrumb\"},\"inLanguage\":\"fr-FR\",\"potentialAction\":[{\"@type\":\"ReadAction\",\"target\":[\"https:\\\/\\\/www.bellunopress.it\\\/2010\\\/02\\\/19\\\/venerdi-cena-del-brenta-con-il-cai-di-agordo-sabato-cronoscalata-a-malga-foca\\\/\"]}]},{\"@type\":\"BreadcrumbList\",\"@id\":\"https:\\\/\\\/www.bellunopress.it\\\/2010\\\/02\\\/19\\\/venerdi-cena-del-brenta-con-il-cai-di-agordo-sabato-cronoscalata-a-malga-foca\\\/#breadcrumb\",\"itemListElement\":[{\"@type\":\"ListItem\",\"position\":1,\"name\":\"Home\",\"item\":\"https:\\\/\\\/www.bellunopress.it\\\/\"},{\"@type\":\"ListItem\",\"position\":2,\"name\":\"Venerd\u00ec cena del&#8230; Brenta con il Cai di Agordo. Sabato cronoscalata a Malga Foca\"}]},{\"@type\":\"WebSite\",\"@id\":\"https:\\\/\\\/www.bellunopress.it\\\/#website\",\"url\":\"https:\\\/\\\/www.bellunopress.it\\\/\",\"name\":\"Bellunopress - Dolomiti\",\"description\":\"e-mail: redazione@bellunopress.it\",\"publisher\":{\"@id\":\"https:\\\/\\\/www.bellunopress.it\\\/#organization\"},\"potentialAction\":[{\"@type\":\"SearchAction\",\"target\":{\"@type\":\"EntryPoint\",\"urlTemplate\":\"https:\\\/\\\/www.bellunopress.it\\\/?s={search_term_string}\"},\"query-input\":{\"@type\":\"PropertyValueSpecification\",\"valueRequired\":true,\"valueName\":\"search_term_string\"}}],\"inLanguage\":\"fr-FR\"},{\"@type\":\"Organization\",\"@id\":\"https:\\\/\\\/www.bellunopress.it\\\/#organization\",\"name\":\"Bellunopress\",\"url\":\"https:\\\/\\\/www.bellunopress.it\\\/\",\"logo\":{\"@type\":\"ImageObject\",\"inLanguage\":\"fr-FR\",\"@id\":\"https:\\\/\\\/www.bellunopress.it\\\/#\\\/schema\\\/logo\\\/image\\\/\",\"url\":\"https:\\\/\\\/www.bellunopress.it\\\/wp-content\\\/uploads\\\/2011\\\/05\\\/cropped-logo-bellunopress-.jpg\",\"contentUrl\":\"https:\\\/\\\/www.bellunopress.it\\\/wp-content\\\/uploads\\\/2011\\\/05\\\/cropped-logo-bellunopress-.jpg\",\"width\":512,\"height\":512,\"caption\":\"Bellunopress\"},\"image\":{\"@id\":\"https:\\\/\\\/www.bellunopress.it\\\/#\\\/schema\\\/logo\\\/image\\\/\"},\"sameAs\":[\"https:\\\/\\\/www.facebook.com\\\/profile.php?id=100008943462799\",\"https:\\\/\\\/x.com\\\/bellunopress\",\"https:\\\/\\\/www.linkedin.com\\\/hp\\\/?dnr=JBzUWaJfMUw8vbXJJ2tVW5-I3jZKvC4wsoxE&amp;amp;amp;amp;amp;amp;trk=nav_responsive_tab_home\",\"https:\\\/\\\/www.youtube.com\\\/channel\\\/UCxL0wu1uN0_3_7hGG0306cw\"]},{\"@type\":\"Person\",\"@id\":\"https:\\\/\\\/www.bellunopress.it\\\/#\\\/schema\\\/person\\\/79bb06722b37ece1c03d3e94beb30d73\",\"name\":\"redazione\",\"image\":{\"@type\":\"ImageObject\",\"inLanguage\":\"fr-FR\",\"@id\":\"https:\\\/\\\/secure.gravatar.com\\\/avatar\\\/37d968a2e67a6fd04c169c4bdef102d0bc5d31b2546345219e348575eb80e9a0?s=96&d=mm&r=g\",\"url\":\"https:\\\/\\\/secure.gravatar.com\\\/avatar\\\/37d968a2e67a6fd04c169c4bdef102d0bc5d31b2546345219e348575eb80e9a0?s=96&d=mm&r=g\",\"contentUrl\":\"https:\\\/\\\/secure.gravatar.com\\\/avatar\\\/37d968a2e67a6fd04c169c4bdef102d0bc5d31b2546345219e348575eb80e9a0?s=96&d=mm&r=g\",\"caption\":\"redazione\"},\"sameAs\":[\"http:\\\/\\\/www.bellunopress.it\",\"https:\\\/\\\/x.com\\\/bellunopress\"],\"url\":\"https:\\\/\\\/www.bellunopress.it\\\/fr\\\/author\\\/redazione\\\/\"}]}<\/script>\n<!-- \/ Yoast SEO plugin. -->","yoast_head_json":{"title":"Venerd\u00ec cena del... Brenta con il Cai di Agordo. Sabato cronoscalata a Malga Foca - Bellunopress - Dolomiti","robots":{"index":"index","follow":"follow","max-snippet":"max-snippet:-1","max-image-preview":"max-image-preview:large","max-video-preview":"max-video-preview:-1"},"canonical":"https:\/\/www.bellunopress.it\/fr\/2010\/02\/19\/venerdi-cena-del-brenta-con-il-cai-di-agordo-sabato-cronoscalata-a-malga-foca\/","og_locale":"fr_FR","og_type":"article","og_title":"Venerd\u00ec cena del... Brenta con il Cai di Agordo. Sabato cronoscalata a Malga Foca - Bellunopress - Dolomiti","og_description":"Tutti coloro che hanno partecipato \u2013 l\u2019estate scorsa &#8211; alla \u201cdue giorni\u201d nel Gruppo del Brenta, organizzata dalla nostra Sezione, sono invitati al ritrovo conviviale ed alla cena che si terr\u00e0 Venerd\u00ec 19 febbraio 2010 (ritrovo ore 19.30 \u2013 19.45) presso l\u2019Agriturismo \u201cBusa dei Sbrase\u201d a Soccol (Taibon Agordino). Nel corso della serata, i convenuti [&hellip;]","og_url":"https:\/\/www.bellunopress.it\/fr\/2010\/02\/19\/venerdi-cena-del-brenta-con-il-cai-di-agordo-sabato-cronoscalata-a-malga-foca\/","og_site_name":"Bellunopress - Dolomiti","article_publisher":"https:\/\/www.facebook.com\/profile.php?id=100008943462799","article_published_time":"2010-02-19T01:54:53+00:00","article_modified_time":"2010-02-20T08:20:32+00:00","og_image":[{"url":"http:\/\/www.bellunopress.it\/wp-content\/uploads\/2012\/07\/logo-bellunopress-250x250-2012.jpg","type":"","width":"","height":""}],"author":"redazione","twitter_card":"summary_large_image","twitter_creator":"@bellunopress","twitter_site":"@bellunopress","twitter_misc":{"Written by":"redazione","Est. reading time":"2 minutes"},"schema":{"@context":"https:\/\/schema.org","@graph":[{"@type":"Article","@id":"https:\/\/www.bellunopress.it\/2010\/02\/19\/venerdi-cena-del-brenta-con-il-cai-di-agordo-sabato-cronoscalata-a-malga-foca\/#article","isPartOf":{"@id":"https:\/\/www.bellunopress.it\/2010\/02\/19\/venerdi-cena-del-brenta-con-il-cai-di-agordo-sabato-cronoscalata-a-malga-foca\/"},"author":{"name":"redazione","@id":"https:\/\/www.bellunopress.it\/#\/schema\/person\/79bb06722b37ece1c03d3e94beb30d73"},"headline":"Venerd\u00ec cena del&#8230; Brenta con il Cai di Agordo. Sabato cronoscalata a Malga Foca","datePublished":"2010-02-19T01:54:53+00:00","dateModified":"2010-02-20T08:20:32+00:00","mainEntityOfPage":{"@id":"https:\/\/www.bellunopress.it\/2010\/02\/19\/venerdi-cena-del-brenta-con-il-cai-di-agordo-sabato-cronoscalata-a-malga-foca\/"},"wordCount":483,"publisher":{"@id":"https:\/\/www.bellunopress.it\/#organization"},"keywords":["Dolomiti"],"articleSection":["Meteo, natura, ambiente, animali","Sport, tempo libero"],"inLanguage":"fr-FR"},{"@type":"WebPage","@id":"https:\/\/www.bellunopress.it\/2010\/02\/19\/venerdi-cena-del-brenta-con-il-cai-di-agordo-sabato-cronoscalata-a-malga-foca\/","url":"https:\/\/www.bellunopress.it\/2010\/02\/19\/venerdi-cena-del-brenta-con-il-cai-di-agordo-sabato-cronoscalata-a-malga-foca\/","name":"Venerd\u00ec cena del... Brenta con il Cai di Agordo. Sabato cronoscalata a Malga Foca - Bellunopress - Dolomiti","isPartOf":{"@id":"https:\/\/www.bellunopress.it\/#website"},"datePublished":"2010-02-19T01:54:53+00:00","dateModified":"2010-02-20T08:20:32+00:00","breadcrumb":{"@id":"https:\/\/www.bellunopress.it\/2010\/02\/19\/venerdi-cena-del-brenta-con-il-cai-di-agordo-sabato-cronoscalata-a-malga-foca\/#breadcrumb"},"inLanguage":"fr-FR","potentialAction":[{"@type":"ReadAction","target":["https:\/\/www.bellunopress.it\/2010\/02\/19\/venerdi-cena-del-brenta-con-il-cai-di-agordo-sabato-cronoscalata-a-malga-foca\/"]}]},{"@type":"BreadcrumbList","@id":"https:\/\/www.bellunopress.it\/2010\/02\/19\/venerdi-cena-del-brenta-con-il-cai-di-agordo-sabato-cronoscalata-a-malga-foca\/#breadcrumb","itemListElement":[{"@type":"ListItem","position":1,"name":"Home","item":"https:\/\/www.bellunopress.it\/"},{"@type":"ListItem","position":2,"name":"Venerd\u00ec cena del&#8230; Brenta con il Cai di Agordo. Sabato cronoscalata a Malga Foca"}]},{"@type":"WebSite","@id":"https:\/\/www.bellunopress.it\/#website","url":"https:\/\/www.bellunopress.it\/","name":"Bellunopress - Dolomiti","description":"e-mail: redazione@bellunopress.it","publisher":{"@id":"https:\/\/www.bellunopress.it\/#organization"},"potentialAction":[{"@type":"SearchAction","target":{"@type":"EntryPoint","urlTemplate":"https:\/\/www.bellunopress.it\/?s={search_term_string}"},"query-input":{"@type":"PropertyValueSpecification","valueRequired":true,"valueName":"search_term_string"}}],"inLanguage":"fr-FR"},{"@type":"Organization","@id":"https:\/\/www.bellunopress.it\/#organization","name":"Bellunopress","url":"https:\/\/www.bellunopress.it\/","logo":{"@type":"ImageObject","inLanguage":"fr-FR","@id":"https:\/\/www.bellunopress.it\/#\/schema\/logo\/image\/","url":"https:\/\/www.bellunopress.it\/wp-content\/uploads\/2011\/05\/cropped-logo-bellunopress-.jpg","contentUrl":"https:\/\/www.bellunopress.it\/wp-content\/uploads\/2011\/05\/cropped-logo-bellunopress-.jpg","width":512,"height":512,"caption":"Bellunopress"},"image":{"@id":"https:\/\/www.bellunopress.it\/#\/schema\/logo\/image\/"},"sameAs":["https:\/\/www.facebook.com\/profile.php?id=100008943462799","https:\/\/x.com\/bellunopress","https:\/\/www.linkedin.com\/hp\/?dnr=JBzUWaJfMUw8vbXJJ2tVW5-I3jZKvC4wsoxE&amp;amp;amp;amp;amp;amp;trk=nav_responsive_tab_home","https:\/\/www.youtube.com\/channel\/UCxL0wu1uN0_3_7hGG0306cw"]},{"@type":"Person","@id":"https:\/\/www.bellunopress.it\/#\/schema\/person\/79bb06722b37ece1c03d3e94beb30d73","name":"r\u00e9daction","image":{"@type":"ImageObject","inLanguage":"fr-FR","@id":"https:\/\/secure.gravatar.com\/avatar\/37d968a2e67a6fd04c169c4bdef102d0bc5d31b2546345219e348575eb80e9a0?s=96&d=mm&r=g","url":"https:\/\/secure.gravatar.com\/avatar\/37d968a2e67a6fd04c169c4bdef102d0bc5d31b2546345219e348575eb80e9a0?s=96&d=mm&r=g","contentUrl":"https:\/\/secure.gravatar.com\/avatar\/37d968a2e67a6fd04c169c4bdef102d0bc5d31b2546345219e348575eb80e9a0?s=96&d=mm&r=g","caption":"redazione"},"sameAs":["http:\/\/www.bellunopress.it","https:\/\/x.com\/bellunopress"],"url":"https:\/\/www.bellunopress.it\/fr\/author\/redazione\/"}]}},"_links":{"self":[{"href":"https:\/\/www.bellunopress.it\/fr\/wp-json\/wp\/v2\/posts\/12683","targetHints":{"allow":["GET"]}}],"collection":[{"href":"https:\/\/www.bellunopress.it\/fr\/wp-json\/wp\/v2\/posts"}],"about":[{"href":"https:\/\/www.bellunopress.it\/fr\/wp-json\/wp\/v2\/types\/post"}],"author":[{"embeddable":true,"href":"https:\/\/www.bellunopress.it\/fr\/wp-json\/wp\/v2\/users\/2"}],"replies":[{"embeddable":true,"href":"https:\/\/www.bellunopress.it\/fr\/wp-json\/wp\/v2\/comments?post=12683"}],"version-history":[{"count":2,"href":"https:\/\/www.bellunopress.it\/fr\/wp-json\/wp\/v2\/posts\/12683\/revisions"}],"predecessor-version":[{"id":12753,"href":"https:\/\/www.bellunopress.it\/fr\/wp-json\/wp\/v2\/posts\/12683\/revisions\/12753"}],"wp:attachment":[{"href":"https:\/\/www.bellunopress.it\/fr\/wp-json\/wp\/v2\/media?parent=12683"}],"wp:term":[{"taxonomy":"category","embeddable":true,"href":"https:\/\/www.bellunopress.it\/fr\/wp-json\/wp\/v2\/categories?post=12683"},{"taxonomy":"post_tag","embeddable":true,"href":"https:\/\/www.bellunopress.it\/fr\/wp-json\/wp\/v2\/tags?post=12683"}],"curies":[{"name":"wp","href":"https:\/\/api.w.org\/{rel}","templated":true}]}}