{"id":12676,"date":"2010-02-19T02:35:09","date_gmt":"2010-02-19T01:35:09","guid":{"rendered":"http:\/\/www.bellunopress.it\/?p=12676"},"modified":"2010-02-19T02:35:49","modified_gmt":"2010-02-19T01:35:49","slug":"thetis-per-lo-sviluppo-del-business-in-cina-iniziato-il-corso-di-formazione-per-enti-e-imprese","status":"publish","type":"post","link":"https:\/\/www.bellunopress.it\/fr\/2010\/02\/19\/thetis-per-lo-sviluppo-del-business-in-cina-iniziato-il-corso-di-formazione-per-enti-e-imprese\/","title":{"rendered":"Thetis per lo sviluppo del business in Cina. Iniziato il corso di formazione per enti e imprese"},"content":{"rendered":"<p>Il 16 febbraio, a Marghera, si \u00e8 tenuta la terza giornata dedicata al corso di formazione per enti ed imprese interessate a questo tema. L\u2019esperienza acquisita in Cina da Thetis, la societ\u00e0 di ingegneria e di servizi ambientali con sede nell\u2019Arsenale di Venezia, \u00e8 stato al centro del focus dedicato all\u2019ambiente marted\u00ec 16 febbraio, terza giornata del corso di formazione per enti e imprese finalizzato a un approfondimento di diverse tematiche collegate allo sviluppo del business in Cina. Organizzato su incarico del Comitato Expo Venezia dal Centro Estero Veneto, il corso si \u00e8 tenuto nella sede della Confindustria di Venezia in Via delle Industrie a Marghera.\u00a0 Thetis \u00e8 membro sottoscrittore del Comitato, promosso dal Comune di Venezia, che riunisce le realt\u00e0 imprenditoriali del territorio partecipanti all\u2019Expo di Shanghai 2010. Per le sue eccellenze nel settore ambientale, Thetis \u00e8 stata la protagonista dell\u2019incontro inserito nel ciclo formativo proposto come importante momento propedeutico alle attivit\u00e0 di promozione economica in occasione della partecipazione di Venezia e del sistema locale e regionale all\u2019Expo Mondiale di Shanghai (1\u00b0 maggio &#8211; 31 ottobre 2010) con missioni imprenditoriali ed eventi congressuali di rilievo. La citt\u00e0 di Venezia \u00e8 stata scelta con altre citt\u00e0, tra cui le italiane Milano e Bologna, per rappresentare le proprie \u201cbest practices\u201d di trasformazione urbana nel settore \u201cProtezione e Utilizzo del patrimonio storico\u201d dell\u2019Expo 2010, sotto il titolo \u201cBetter City, Better Life\u201d.<br \/>\nNell\u2019ambito della giornata del 16 febbraio, gli esperti di Thetis sono intervenuti nella sezione pomeridiana a partire dalle 14.30. La presenza di Thetis, coordinata da Riccardo Hofmann, external relation manager della societ\u00e0, ha visto nel ruolo di relatori l&#8217;ing. Marino Mazzon, manager degli sviluppi internazionali, e il \u00a0dott. Andrea Barbanti, responsabile della divisione ambientale. \u00a0Sotto la lente i seguenti temi: il quadro istituzionale della cooperazione Italia-Cina nel settore ambientale e le opportunit\u00e0 collegate; la riqualificazione dell\u2019isola di Chongming a Shanghai, come esempio di gestione sostenibile del territorio; la mobilit\u00e0 sostenibile a Pechino attraverso le tecnologie rivolte alla gestione del traffico e della qualit\u00e0 dell\u2019aria.<\/p>","protected":false},"excerpt":{"rendered":"<p>Il 16 febbraio, a Marghera, si \u00e8 tenuta la terza giornata dedicata al corso di formazione per enti ed imprese interessate a questo tema. L\u2019esperienza acquisita in Cina da Thetis, la societ\u00e0 di ingegneria e di servizi ambientali con sede nell\u2019Arsenale di Venezia, \u00e8 stato al centro del focus dedicato all\u2019ambiente marted\u00ec 16 febbraio, terza [&hellip;]<\/p>\n","protected":false},"author":2,"featured_media":0,"comment_status":"closed","ping_status":"open","sticky":false,"template":"","format":"standard","meta":{"footnotes":""},"categories":[36,26],"tags":[],"class_list":["post-12676","post","type-post","status-publish","format-standard","category-lavoro-economia","category-prima-pagina"],"yoast_head":"<!-- This site is optimized with the Yoast SEO plugin v28.4 - https:\/\/yoast.com\/product\/yoast-seo-wordpress\/ -->\n<title>Thetis per lo sviluppo del business in Cina. Iniziato il corso di formazione per enti e imprese - Bellunopress - Dolomiti<\/title>\n<meta name=\"robots\" content=\"index, follow, max-snippet:-1, max-image-preview:large, max-video-preview:-1\" \/>\n<link rel=\"canonical\" href=\"https:\/\/www.bellunopress.it\/fr\/2010\/02\/19\/thetis-per-lo-sviluppo-del-business-in-cina-iniziato-il-corso-di-formazione-per-enti-e-imprese\/\" \/>\n<meta property=\"og:locale\" content=\"fr_FR\" \/>\n<meta property=\"og:type\" content=\"article\" \/>\n<meta property=\"og:title\" content=\"Thetis per lo sviluppo del business in Cina. Iniziato il corso di formazione per enti e imprese - Bellunopress - Dolomiti\" \/>\n<meta property=\"og:description\" content=\"Il 16 febbraio, a Marghera, si \u00e8 tenuta la terza giornata dedicata al corso di formazione per enti ed imprese interessate a questo tema. L\u2019esperienza acquisita in Cina da Thetis, la societ\u00e0 di ingegneria e di servizi ambientali con sede nell\u2019Arsenale di Venezia, \u00e8 stato al centro del focus dedicato all\u2019ambiente marted\u00ec 16 febbraio, terza [&hellip;]\" \/>\n<meta property=\"og:url\" content=\"https:\/\/www.bellunopress.it\/fr\/2010\/02\/19\/thetis-per-lo-sviluppo-del-business-in-cina-iniziato-il-corso-di-formazione-per-enti-e-imprese\/\" \/>\n<meta property=\"og:site_name\" content=\"Bellunopress - Dolomiti\" \/>\n<meta property=\"article:publisher\" content=\"https:\/\/www.facebook.com\/profile.php?id=100008943462799\" \/>\n<meta property=\"article:published_time\" content=\"2010-02-19T01:35:09+00:00\" \/>\n<meta property=\"article:modified_time\" content=\"2010-02-19T01:35:49+00:00\" \/>\n<meta property=\"og:image\" content=\"http:\/\/www.bellunopress.it\/wp-content\/uploads\/2012\/07\/logo-bellunopress-250x250-2012.jpg\" \/>\n<meta name=\"author\" content=\"redazione\" \/>\n<meta name=\"twitter:card\" content=\"summary_large_image\" \/>\n<meta name=\"twitter:creator\" content=\"@bellunopress\" \/>\n<meta name=\"twitter:site\" content=\"@bellunopress\" \/>\n<meta name=\"twitter:label1\" content=\"\u00c9crit par\" \/>\n\t<meta name=\"twitter:data1\" content=\"redazione\" \/>\n\t<meta name=\"twitter:label2\" content=\"Dur\u00e9e de lecture estim\u00e9e\" \/>\n\t<meta name=\"twitter:data2\" content=\"2 minutes\" \/>\n<script type=\"application\/ld+json\" class=\"yoast-schema-graph\">{\"@context\":\"https:\\\/\\\/schema.org\",\"@graph\":[{\"@type\":\"Article\",\"@id\":\"https:\\\/\\\/www.bellunopress.it\\\/2010\\\/02\\\/19\\\/thetis-per-lo-sviluppo-del-business-in-cina-iniziato-il-corso-di-formazione-per-enti-e-imprese\\\/#article\",\"isPartOf\":{\"@id\":\"https:\\\/\\\/www.bellunopress.it\\\/2010\\\/02\\\/19\\\/thetis-per-lo-sviluppo-del-business-in-cina-iniziato-il-corso-di-formazione-per-enti-e-imprese\\\/\"},\"author\":{\"name\":\"redazione\",\"@id\":\"https:\\\/\\\/www.bellunopress.it\\\/#\\\/schema\\\/person\\\/79bb06722b37ece1c03d3e94beb30d73\"},\"headline\":\"Thetis per lo sviluppo del business in Cina. Iniziato il corso di formazione per enti e imprese\",\"datePublished\":\"2010-02-19T01:35:09+00:00\",\"dateModified\":\"2010-02-19T01:35:49+00:00\",\"mainEntityOfPage\":{\"@id\":\"https:\\\/\\\/www.bellunopress.it\\\/2010\\\/02\\\/19\\\/thetis-per-lo-sviluppo-del-business-in-cina-iniziato-il-corso-di-formazione-per-enti-e-imprese\\\/\"},\"wordCount\":346,\"publisher\":{\"@id\":\"https:\\\/\\\/www.bellunopress.it\\\/#organization\"},\"articleSection\":[\"Lavoro, Economia, Turismo\",\"Prima Pagina\"],\"inLanguage\":\"fr-FR\"},{\"@type\":\"WebPage\",\"@id\":\"https:\\\/\\\/www.bellunopress.it\\\/2010\\\/02\\\/19\\\/thetis-per-lo-sviluppo-del-business-in-cina-iniziato-il-corso-di-formazione-per-enti-e-imprese\\\/\",\"url\":\"https:\\\/\\\/www.bellunopress.it\\\/2010\\\/02\\\/19\\\/thetis-per-lo-sviluppo-del-business-in-cina-iniziato-il-corso-di-formazione-per-enti-e-imprese\\\/\",\"name\":\"Thetis per lo sviluppo del business in Cina. Iniziato il corso di formazione per enti e imprese - Bellunopress - Dolomiti\",\"isPartOf\":{\"@id\":\"https:\\\/\\\/www.bellunopress.it\\\/#website\"},\"datePublished\":\"2010-02-19T01:35:09+00:00\",\"dateModified\":\"2010-02-19T01:35:49+00:00\",\"breadcrumb\":{\"@id\":\"https:\\\/\\\/www.bellunopress.it\\\/2010\\\/02\\\/19\\\/thetis-per-lo-sviluppo-del-business-in-cina-iniziato-il-corso-di-formazione-per-enti-e-imprese\\\/#breadcrumb\"},\"inLanguage\":\"fr-FR\",\"potentialAction\":[{\"@type\":\"ReadAction\",\"target\":[\"https:\\\/\\\/www.bellunopress.it\\\/2010\\\/02\\\/19\\\/thetis-per-lo-sviluppo-del-business-in-cina-iniziato-il-corso-di-formazione-per-enti-e-imprese\\\/\"]}]},{\"@type\":\"BreadcrumbList\",\"@id\":\"https:\\\/\\\/www.bellunopress.it\\\/2010\\\/02\\\/19\\\/thetis-per-lo-sviluppo-del-business-in-cina-iniziato-il-corso-di-formazione-per-enti-e-imprese\\\/#breadcrumb\",\"itemListElement\":[{\"@type\":\"ListItem\",\"position\":1,\"name\":\"Home\",\"item\":\"https:\\\/\\\/www.bellunopress.it\\\/\"},{\"@type\":\"ListItem\",\"position\":2,\"name\":\"Thetis per lo sviluppo del business in Cina. Iniziato il corso di formazione per enti e imprese\"}]},{\"@type\":\"WebSite\",\"@id\":\"https:\\\/\\\/www.bellunopress.it\\\/#website\",\"url\":\"https:\\\/\\\/www.bellunopress.it\\\/\",\"name\":\"Bellunopress - Dolomiti\",\"description\":\"e-mail: redazione@bellunopress.it\",\"publisher\":{\"@id\":\"https:\\\/\\\/www.bellunopress.it\\\/#organization\"},\"potentialAction\":[{\"@type\":\"SearchAction\",\"target\":{\"@type\":\"EntryPoint\",\"urlTemplate\":\"https:\\\/\\\/www.bellunopress.it\\\/?s={search_term_string}\"},\"query-input\":{\"@type\":\"PropertyValueSpecification\",\"valueRequired\":true,\"valueName\":\"search_term_string\"}}],\"inLanguage\":\"fr-FR\"},{\"@type\":\"Organization\",\"@id\":\"https:\\\/\\\/www.bellunopress.it\\\/#organization\",\"name\":\"Bellunopress\",\"url\":\"https:\\\/\\\/www.bellunopress.it\\\/\",\"logo\":{\"@type\":\"ImageObject\",\"inLanguage\":\"fr-FR\",\"@id\":\"https:\\\/\\\/www.bellunopress.it\\\/#\\\/schema\\\/logo\\\/image\\\/\",\"url\":\"https:\\\/\\\/www.bellunopress.it\\\/wp-content\\\/uploads\\\/2011\\\/05\\\/cropped-logo-bellunopress-.jpg\",\"contentUrl\":\"https:\\\/\\\/www.bellunopress.it\\\/wp-content\\\/uploads\\\/2011\\\/05\\\/cropped-logo-bellunopress-.jpg\",\"width\":512,\"height\":512,\"caption\":\"Bellunopress\"},\"image\":{\"@id\":\"https:\\\/\\\/www.bellunopress.it\\\/#\\\/schema\\\/logo\\\/image\\\/\"},\"sameAs\":[\"https:\\\/\\\/www.facebook.com\\\/profile.php?id=100008943462799\",\"https:\\\/\\\/x.com\\\/bellunopress\",\"https:\\\/\\\/www.linkedin.com\\\/hp\\\/?dnr=JBzUWaJfMUw8vbXJJ2tVW5-I3jZKvC4wsoxE&amp;amp;amp;amp;amp;amp;trk=nav_responsive_tab_home\",\"https:\\\/\\\/www.youtube.com\\\/channel\\\/UCxL0wu1uN0_3_7hGG0306cw\"]},{\"@type\":\"Person\",\"@id\":\"https:\\\/\\\/www.bellunopress.it\\\/#\\\/schema\\\/person\\\/79bb06722b37ece1c03d3e94beb30d73\",\"name\":\"redazione\",\"image\":{\"@type\":\"ImageObject\",\"inLanguage\":\"fr-FR\",\"@id\":\"https:\\\/\\\/secure.gravatar.com\\\/avatar\\\/37d968a2e67a6fd04c169c4bdef102d0bc5d31b2546345219e348575eb80e9a0?s=96&d=mm&r=g\",\"url\":\"https:\\\/\\\/secure.gravatar.com\\\/avatar\\\/37d968a2e67a6fd04c169c4bdef102d0bc5d31b2546345219e348575eb80e9a0?s=96&d=mm&r=g\",\"contentUrl\":\"https:\\\/\\\/secure.gravatar.com\\\/avatar\\\/37d968a2e67a6fd04c169c4bdef102d0bc5d31b2546345219e348575eb80e9a0?s=96&d=mm&r=g\",\"caption\":\"redazione\"},\"sameAs\":[\"http:\\\/\\\/www.bellunopress.it\",\"https:\\\/\\\/x.com\\\/bellunopress\"],\"url\":\"https:\\\/\\\/www.bellunopress.it\\\/fr\\\/author\\\/redazione\\\/\"}]}<\/script>\n<!-- \/ Yoast SEO plugin. -->","yoast_head_json":{"title":"Thetis per lo sviluppo del business in Cina. Iniziato il corso di formazione per enti e imprese - Bellunopress - Dolomiti","robots":{"index":"index","follow":"follow","max-snippet":"max-snippet:-1","max-image-preview":"max-image-preview:large","max-video-preview":"max-video-preview:-1"},"canonical":"https:\/\/www.bellunopress.it\/fr\/2010\/02\/19\/thetis-per-lo-sviluppo-del-business-in-cina-iniziato-il-corso-di-formazione-per-enti-e-imprese\/","og_locale":"fr_FR","og_type":"article","og_title":"Thetis per lo sviluppo del business in Cina. Iniziato il corso di formazione per enti e imprese - Bellunopress - Dolomiti","og_description":"Il 16 febbraio, a Marghera, si \u00e8 tenuta la terza giornata dedicata al corso di formazione per enti ed imprese interessate a questo tema. L\u2019esperienza acquisita in Cina da Thetis, la societ\u00e0 di ingegneria e di servizi ambientali con sede nell\u2019Arsenale di Venezia, \u00e8 stato al centro del focus dedicato all\u2019ambiente marted\u00ec 16 febbraio, terza [&hellip;]","og_url":"https:\/\/www.bellunopress.it\/fr\/2010\/02\/19\/thetis-per-lo-sviluppo-del-business-in-cina-iniziato-il-corso-di-formazione-per-enti-e-imprese\/","og_site_name":"Bellunopress - Dolomiti","article_publisher":"https:\/\/www.facebook.com\/profile.php?id=100008943462799","article_published_time":"2010-02-19T01:35:09+00:00","article_modified_time":"2010-02-19T01:35:49+00:00","og_image":[{"url":"http:\/\/www.bellunopress.it\/wp-content\/uploads\/2012\/07\/logo-bellunopress-250x250-2012.jpg","type":"","width":"","height":""}],"author":"redazione","twitter_card":"summary_large_image","twitter_creator":"@bellunopress","twitter_site":"@bellunopress","twitter_misc":{"\u00c9crit par":"redazione","Dur\u00e9e de lecture estim\u00e9e":"2 minutes"},"schema":{"@context":"https:\/\/schema.org","@graph":[{"@type":"Article","@id":"https:\/\/www.bellunopress.it\/2010\/02\/19\/thetis-per-lo-sviluppo-del-business-in-cina-iniziato-il-corso-di-formazione-per-enti-e-imprese\/#article","isPartOf":{"@id":"https:\/\/www.bellunopress.it\/2010\/02\/19\/thetis-per-lo-sviluppo-del-business-in-cina-iniziato-il-corso-di-formazione-per-enti-e-imprese\/"},"author":{"name":"redazione","@id":"https:\/\/www.bellunopress.it\/#\/schema\/person\/79bb06722b37ece1c03d3e94beb30d73"},"headline":"Thetis per lo sviluppo del business in Cina. Iniziato il corso di formazione per enti e imprese","datePublished":"2010-02-19T01:35:09+00:00","dateModified":"2010-02-19T01:35:49+00:00","mainEntityOfPage":{"@id":"https:\/\/www.bellunopress.it\/2010\/02\/19\/thetis-per-lo-sviluppo-del-business-in-cina-iniziato-il-corso-di-formazione-per-enti-e-imprese\/"},"wordCount":346,"publisher":{"@id":"https:\/\/www.bellunopress.it\/#organization"},"articleSection":["Lavoro, Economia, Turismo","Prima Pagina"],"inLanguage":"fr-FR"},{"@type":"WebPage","@id":"https:\/\/www.bellunopress.it\/2010\/02\/19\/thetis-per-lo-sviluppo-del-business-in-cina-iniziato-il-corso-di-formazione-per-enti-e-imprese\/","url":"https:\/\/www.bellunopress.it\/2010\/02\/19\/thetis-per-lo-sviluppo-del-business-in-cina-iniziato-il-corso-di-formazione-per-enti-e-imprese\/","name":"Thetis per lo sviluppo del business in Cina. Iniziato il corso di formazione per enti e imprese - Bellunopress - Dolomiti","isPartOf":{"@id":"https:\/\/www.bellunopress.it\/#website"},"datePublished":"2010-02-19T01:35:09+00:00","dateModified":"2010-02-19T01:35:49+00:00","breadcrumb":{"@id":"https:\/\/www.bellunopress.it\/2010\/02\/19\/thetis-per-lo-sviluppo-del-business-in-cina-iniziato-il-corso-di-formazione-per-enti-e-imprese\/#breadcrumb"},"inLanguage":"fr-FR","potentialAction":[{"@type":"ReadAction","target":["https:\/\/www.bellunopress.it\/2010\/02\/19\/thetis-per-lo-sviluppo-del-business-in-cina-iniziato-il-corso-di-formazione-per-enti-e-imprese\/"]}]},{"@type":"BreadcrumbList","@id":"https:\/\/www.bellunopress.it\/2010\/02\/19\/thetis-per-lo-sviluppo-del-business-in-cina-iniziato-il-corso-di-formazione-per-enti-e-imprese\/#breadcrumb","itemListElement":[{"@type":"ListItem","position":1,"name":"Home","item":"https:\/\/www.bellunopress.it\/"},{"@type":"ListItem","position":2,"name":"Thetis per lo sviluppo del business in Cina. Iniziato il corso di formazione per enti e imprese"}]},{"@type":"WebSite","@id":"https:\/\/www.bellunopress.it\/#website","url":"https:\/\/www.bellunopress.it\/","name":"Bellunopress - Dolomiti","description":"e-mail: redazione@bellunopress.it","publisher":{"@id":"https:\/\/www.bellunopress.it\/#organization"},"potentialAction":[{"@type":"SearchAction","target":{"@type":"EntryPoint","urlTemplate":"https:\/\/www.bellunopress.it\/?s={search_term_string}"},"query-input":{"@type":"PropertyValueSpecification","valueRequired":true,"valueName":"search_term_string"}}],"inLanguage":"fr-FR"},{"@type":"Organization","@id":"https:\/\/www.bellunopress.it\/#organization","name":"Bellunopress","url":"https:\/\/www.bellunopress.it\/","logo":{"@type":"ImageObject","inLanguage":"fr-FR","@id":"https:\/\/www.bellunopress.it\/#\/schema\/logo\/image\/","url":"https:\/\/www.bellunopress.it\/wp-content\/uploads\/2011\/05\/cropped-logo-bellunopress-.jpg","contentUrl":"https:\/\/www.bellunopress.it\/wp-content\/uploads\/2011\/05\/cropped-logo-bellunopress-.jpg","width":512,"height":512,"caption":"Bellunopress"},"image":{"@id":"https:\/\/www.bellunopress.it\/#\/schema\/logo\/image\/"},"sameAs":["https:\/\/www.facebook.com\/profile.php?id=100008943462799","https:\/\/x.com\/bellunopress","https:\/\/www.linkedin.com\/hp\/?dnr=JBzUWaJfMUw8vbXJJ2tVW5-I3jZKvC4wsoxE&amp;amp;amp;amp;amp;amp;trk=nav_responsive_tab_home","https:\/\/www.youtube.com\/channel\/UCxL0wu1uN0_3_7hGG0306cw"]},{"@type":"Person","@id":"https:\/\/www.bellunopress.it\/#\/schema\/person\/79bb06722b37ece1c03d3e94beb30d73","name":"r\u00e9daction","image":{"@type":"ImageObject","inLanguage":"fr-FR","@id":"https:\/\/secure.gravatar.com\/avatar\/37d968a2e67a6fd04c169c4bdef102d0bc5d31b2546345219e348575eb80e9a0?s=96&d=mm&r=g","url":"https:\/\/secure.gravatar.com\/avatar\/37d968a2e67a6fd04c169c4bdef102d0bc5d31b2546345219e348575eb80e9a0?s=96&d=mm&r=g","contentUrl":"https:\/\/secure.gravatar.com\/avatar\/37d968a2e67a6fd04c169c4bdef102d0bc5d31b2546345219e348575eb80e9a0?s=96&d=mm&r=g","caption":"redazione"},"sameAs":["http:\/\/www.bellunopress.it","https:\/\/x.com\/bellunopress"],"url":"https:\/\/www.bellunopress.it\/fr\/author\/redazione\/"}]}},"_links":{"self":[{"href":"https:\/\/www.bellunopress.it\/fr\/wp-json\/wp\/v2\/posts\/12676","targetHints":{"allow":["GET"]}}],"collection":[{"href":"https:\/\/www.bellunopress.it\/fr\/wp-json\/wp\/v2\/posts"}],"about":[{"href":"https:\/\/www.bellunopress.it\/fr\/wp-json\/wp\/v2\/types\/post"}],"author":[{"embeddable":true,"href":"https:\/\/www.bellunopress.it\/fr\/wp-json\/wp\/v2\/users\/2"}],"replies":[{"embeddable":true,"href":"https:\/\/www.bellunopress.it\/fr\/wp-json\/wp\/v2\/comments?post=12676"}],"version-history":[{"count":2,"href":"https:\/\/www.bellunopress.it\/fr\/wp-json\/wp\/v2\/posts\/12676\/revisions"}],"predecessor-version":[{"id":12679,"href":"https:\/\/www.bellunopress.it\/fr\/wp-json\/wp\/v2\/posts\/12676\/revisions\/12679"}],"wp:attachment":[{"href":"https:\/\/www.bellunopress.it\/fr\/wp-json\/wp\/v2\/media?parent=12676"}],"wp:term":[{"taxonomy":"category","embeddable":true,"href":"https:\/\/www.bellunopress.it\/fr\/wp-json\/wp\/v2\/categories?post=12676"},{"taxonomy":"post_tag","embeddable":true,"href":"https:\/\/www.bellunopress.it\/fr\/wp-json\/wp\/v2\/tags?post=12676"}],"curies":[{"name":"wp","href":"https:\/\/api.w.org\/{rel}","templated":true}]}}