{"id":126709,"date":"2021-08-07T14:21:21","date_gmt":"2021-08-07T12:21:21","guid":{"rendered":"https:\/\/www.bellunopress.it\/?p=126709"},"modified":"2021-08-07T21:45:27","modified_gmt":"2021-08-07T19:45:27","slug":"continue-pressioni-al-vaccino-senza-una-legge-che-lo-imponga-ecco-la-strategia-adottata-che-istiga-allodio","status":"publish","type":"post","link":"https:\/\/www.bellunopress.it\/fr\/2021\/08\/07\/continue-pressioni-al-vaccino-senza-una-legge-che-lo-imponga-ecco-la-strategia-adottata-che-istiga-allodio\/","title":{"rendered":"Continue pressioni al vaccino, senza una legge che lo imponga. Ecco la strategia adottata che istiga all&#8217;odio"},"content":{"rendered":"<p><a href=\"https:\/\/www.bellunopress.it\/fr\/2020\/06\/29\/in-cina-pronto-il-vaccino-contro-il-covid-19-sara-utilizzato-solo-dai-militari-cinesi\/vaccino_edited\/\" rel=\"attachment wp-att-115413\"><img loading=\"lazy\" decoding=\"async\" class=\"alignleft size-full wp-image-115413\" src=\"https:\/\/www.bellunopress.it\/wp-content\/uploads\/2020\/06\/vaccino_edited.jpg\" alt=\"\" width=\"800\" height=\"420\" srcset=\"https:\/\/www.bellunopress.it\/wp-content\/uploads\/2020\/06\/vaccino_edited.jpg 800w, https:\/\/www.bellunopress.it\/wp-content\/uploads\/2020\/06\/vaccino_edited-500x263.jpg 500w, https:\/\/www.bellunopress.it\/wp-content\/uploads\/2020\/06\/vaccino_edited-696x365.jpg 696w\" sizes=\"auto, (max-width: 800px) 100vw, 800px\" \/><\/a>Ma non sarebbe stato tutto pi\u00f9 semplice e lineare rendere obbligatorio il vaccino anti covid, senza doversi inventare di giorno in giorno nuovi sbarramenti per chi non se lo vuol fare. Stiamo assistendo a liti furibonde nei social tra pro-vax e no-vax e davanti a noi c\u2019\u00e8 un bivio: da una parte un\u2019autostrada senza pedaggio con tutte le uscite desiderate per le varie destinazioni. E dall\u2019altra una stradaccia con buche e interruzioni e qualche catastrofe. Faccio un esempio. L\u2019obbligo non c\u2019\u00e8 tranne che per chi lavora nella sanit\u00e0. Nella scuola ci stiamo arrivando. Poi toccher\u00e0 ad altre categorie. Oggi c\u2019\u00e8 il green pass che crea una divisione. Noi e loro, loro e noi, vaccinati e non vaccinati. Buoni e cattivi. Se fosse stato stabilito per legge il vaccino anti covid saremmo tutti vaccinati, come ci siamo vaccinati a suo tempo sotto naja rimanendo 3 giorni ko senza tante storie, e come abbiamo fatto da piccoli tutti i vaccini stabiliti per legge fidandoci della scienza.<br \/>\nMa allora perch\u00e9 tutto questo?<br \/>\nQualche problemino questa volta effettivamente c\u2019\u00e8. Per introdurre il vaccino alla popolazione, che sia sicuro ed efficace, infatti, la Commissione Europea ha dovuto fissare delle procedure e delle strategie descritte nella Comunicazione \u201c<a href=\"https:\/\/eur-lex.europa.eu\/legalcontent\/IT\/TXT\/?qid=1597339415327&amp;uri=CELEX:52020DC0245\">EU Strategy for COVID-19 vaccines<\/a>\u201d del 17 giugno 2020. L\u2019Italia a sua volta ha adottato provvedimenti per velocizzare le procedure autorizzative all\u2019avvio di sperimentazioni cliniche riguardanti il Covid-19. Vi sono poi vari soggetti preposti per valutare e decidere, dalla Commissione Tecnico Scientifica (CTS) dell\u2019Agenzia Italiana del Farmaco (AIFA), l\u2019Autorit\u00e0 competente AIFA (Ufficio sperimentazione clinica) e il Comitato etico dell\u2019Istituto Nazionale Malattie Infettive \u201cLazzaro Spallanzani\u201d. La Commissione Europea, nel decidere i criteri su quali produttori del vaccino sperimentale da sostenere, parla di rapidit\u00e0 e di capacit\u00e0 di fornire dosi in quantit\u00e0 sufficienti per il 2021. Oltre che di solidit\u00e0 dell\u2019approccio scientifico e della tecnologia utilizzata. Quindi parliamo di un vaccino sperimentale all\u2019interno di una sperimentazione. Questo \u00e8 il punto, \u00e8 un vaccino sperimentale.<br \/>\nE dunque non sarebbe stato facile per il governo e anche per il Parlamento, approvare una legge che obblighi a vaccinarsi con un vaccino sperimentale. In giurisprudenza esiste gi\u00e0 un precedente autorevole che illumina l\u2019intera questione. Infatti, la Corte Costituzionale venne chiamata a pronunciarsi trent\u2019anni fa sull\u2019obbligo della vaccinazione antipoliomelitica. E con <a href=\"https:\/\/www.cortecostituzionale.it\/actionSchedaPronuncia.do?anno=1990&amp;numero=307\">pronuncia n. 307 del 14 giugno 1990<\/a> dichiar\u00f2 incostituzionale la legge del 4 febbraio 1966, n. 51 (Obbligatoriet\u00e0 della vaccinazione antipoliomielitica) nella parte in cui non prevede, a carico dello Stato, un&#8217;equa indennit\u00e0 per il caso di danno derivante, al di fuori dell&#8217;ipotesi di cui all&#8217;art. 2043 c.c., da contagio o da altra apprezzabile malattia causalmente riconducibile alla vaccinazione obbligatoria antipoliomielitica, riportato dal bambino vaccinato o da altro soggetto a causa dell&#8217;assistenza personale diretta prestata al primo.<br \/>\nE parliamo di un vaccino che aveva superato tutto l\u2019iter normale di approvazione non gi\u00e0 quello semplificato adottato oggi a causa dell\u2019urgenza determinata dalla pandemia in atto.<br \/>\nEbbene, \u00e8 evidente che se la Consulta bocci\u00f2 un vaccino \u201cnon sperimentale\u201d nella parte in cui non prevede l\u2019indennizzo per conseguenze da reazioni avverse, \u00e8 facile intuire che mai sarebbe sopravvissuta una legge che obblighi ad un vaccino sperimentale senza prevedere un equo indennizzo nel caso qualcosa vada storto. E sappiamo che qualcosa pu\u00f2 andare storto. A dircelo \u00e8 il maggior produttore di vaccini per l\u2019Occidente, la Pfizer, che nel documento integrale scrive che non \u00e8 possibile prevedere gli effetti del vaccino a lunga distanza, poich\u00e9 non si sono potute rispettare le procedure previste (solo 12 mesi di sperimentazione a fronte degli anni che sono serviti per quello delle normali influenze).<br \/>\nEcco dunque il perch\u00e9 della scelta della non obbligatoriet\u00e0 del vaccino. Che con varie forzature diventa quasi un obbligo, per\u00f2 attraverso il consenso informato, dove chi decide di farsi inoculare il vaccino si dichiara informato (lo sar\u00e0 davvero informato?). Assistiamo quindi a dei continui sbarramenti ed ostacoli imposti per convincere la gente a vaccinarsi, non potendo percorre la strada dell\u2019obbligo di legge che determinerebbe precise responsabilit\u00e0 nel risarcimento di eventuali danni da vaccino. Eppoi diciamocelo chiaramente, un popolo uno contro l\u2019altro, \u201cdividi et impera\u201d, \u00e8 pi\u00f9 facile da tenere a bada.<br \/>\nOra qualcosa si sta muovendo. C\u2019\u00e8 la direttiva del <a href=\"http:\/\/www.senato.it\/leg\/18\/BGT\/Schede\/docnonleg\/42101.htm#\">Consiglio d&#8217;Europa n. 2361<\/a> del gennaio 2021 che ha invitato gli stati ad accantonare i fondi per i risarcimenti, l\u2019Assemblea infatti, esorta i governi a \u00abmettere in atto programmi indipendenti di compensazione vaccinale per garantire il risarcimento per danni indebiti e danni derivanti dalla vaccinazione\u00bb. Ma \u00e8 solo una direttiva. Per ora non si muove foglia in questo versante.<br \/>\nRoberto De Nart<\/p>","protected":false},"excerpt":{"rendered":"<p>Ma non sarebbe stato tutto pi\u00f9 semplice e lineare rendere obbligatorio il vaccino anti covid, senza doversi inventare di giorno in giorno nuovi sbarramenti per chi non se lo vuol fare. Stiamo assistendo a liti furibonde nei social tra pro-vax e no-vax e davanti a noi c\u2019\u00e8 un bivio: da una parte un\u2019autostrada senza pedaggio [&hellip;]<\/p>\n","protected":false},"author":2,"featured_media":115413,"comment_status":"closed","ping_status":"open","sticky":false,"template":"","format":"standard","meta":{"footnotes":""},"categories":[5,3446,26],"tags":[],"class_list":["post-126709","post","type-post","status-publish","format-standard","has-post-thumbnail","category-cronaca","category-featured","category-prima-pagina"],"yoast_head":"<!-- This site is optimized with the Yoast SEO plugin v28.4 - https:\/\/yoast.com\/product\/yoast-seo-wordpress\/ -->\n<title>Continue pressioni al vaccino, senza una legge che lo imponga. Ecco la strategia adottata che istiga all&#039;odio - Bellunopress - Dolomiti<\/title>\n<meta name=\"robots\" content=\"index, follow, max-snippet:-1, max-image-preview:large, max-video-preview:-1\" \/>\n<link rel=\"canonical\" href=\"https:\/\/www.bellunopress.it\/fr\/2021\/08\/07\/continue-pressioni-al-vaccino-senza-una-legge-che-lo-imponga-ecco-la-strategia-adottata-che-istiga-allodio\/\" \/>\n<meta property=\"og:locale\" content=\"fr_FR\" \/>\n<meta property=\"og:type\" content=\"article\" \/>\n<meta property=\"og:title\" content=\"Continue pressioni al vaccino, senza una legge che lo imponga. Ecco la strategia adottata che istiga all&#039;odio - Bellunopress - Dolomiti\" \/>\n<meta property=\"og:description\" content=\"Ma non sarebbe stato tutto pi\u00f9 semplice e lineare rendere obbligatorio il vaccino anti covid, senza doversi inventare di giorno in giorno nuovi sbarramenti per chi non se lo vuol fare. Stiamo assistendo a liti furibonde nei social tra pro-vax e no-vax e davanti a noi c\u2019\u00e8 un bivio: da una parte un\u2019autostrada senza pedaggio [&hellip;]\" \/>\n<meta property=\"og:url\" content=\"https:\/\/www.bellunopress.it\/fr\/2021\/08\/07\/continue-pressioni-al-vaccino-senza-una-legge-che-lo-imponga-ecco-la-strategia-adottata-che-istiga-allodio\/\" \/>\n<meta property=\"og:site_name\" content=\"Bellunopress - Dolomiti\" \/>\n<meta property=\"article:publisher\" content=\"https:\/\/www.facebook.com\/profile.php?id=100008943462799\" \/>\n<meta property=\"article:published_time\" content=\"2021-08-07T12:21:21+00:00\" \/>\n<meta property=\"article:modified_time\" content=\"2021-08-07T19:45:27+00:00\" \/>\n<meta property=\"og:image\" content=\"https:\/\/www.bellunopress.it\/wp-content\/uploads\/2020\/06\/vaccino_edited.jpg\" \/>\n\t<meta property=\"og:image:width\" content=\"800\" \/>\n\t<meta property=\"og:image:height\" content=\"420\" \/>\n\t<meta property=\"og:image:type\" content=\"image\/jpeg\" \/>\n<meta name=\"author\" content=\"redazione\" \/>\n<meta name=\"twitter:card\" content=\"summary_large_image\" \/>\n<meta name=\"twitter:creator\" content=\"@bellunopress\" \/>\n<meta name=\"twitter:site\" content=\"@bellunopress\" \/>\n<meta name=\"twitter:label1\" content=\"\u00c9crit par\" \/>\n\t<meta name=\"twitter:data1\" content=\"redazione\" \/>\n\t<meta name=\"twitter:label2\" content=\"Dur\u00e9e de lecture estim\u00e9e\" \/>\n\t<meta name=\"twitter:data2\" content=\"4 minutes\" \/>\n<script type=\"application\/ld+json\" class=\"yoast-schema-graph\">{\"@context\":\"https:\\\/\\\/schema.org\",\"@graph\":[{\"@type\":\"Article\",\"@id\":\"https:\\\/\\\/www.bellunopress.it\\\/2021\\\/08\\\/07\\\/continue-pressioni-al-vaccino-senza-una-legge-che-lo-imponga-ecco-la-strategia-adottata-che-istiga-allodio\\\/#article\",\"isPartOf\":{\"@id\":\"https:\\\/\\\/www.bellunopress.it\\\/2021\\\/08\\\/07\\\/continue-pressioni-al-vaccino-senza-una-legge-che-lo-imponga-ecco-la-strategia-adottata-che-istiga-allodio\\\/\"},\"author\":{\"name\":\"redazione\",\"@id\":\"https:\\\/\\\/www.bellunopress.it\\\/#\\\/schema\\\/person\\\/79bb06722b37ece1c03d3e94beb30d73\"},\"headline\":\"Continue pressioni al vaccino, senza una legge che lo imponga. Ecco la strategia adottata che istiga all&#8217;odio\",\"datePublished\":\"2021-08-07T12:21:21+00:00\",\"dateModified\":\"2021-08-07T19:45:27+00:00\",\"mainEntityOfPage\":{\"@id\":\"https:\\\/\\\/www.bellunopress.it\\\/2021\\\/08\\\/07\\\/continue-pressioni-al-vaccino-senza-una-legge-che-lo-imponga-ecco-la-strategia-adottata-che-istiga-allodio\\\/\"},\"wordCount\":774,\"publisher\":{\"@id\":\"https:\\\/\\\/www.bellunopress.it\\\/#organization\"},\"image\":{\"@id\":\"https:\\\/\\\/www.bellunopress.it\\\/2021\\\/08\\\/07\\\/continue-pressioni-al-vaccino-senza-una-legge-che-lo-imponga-ecco-la-strategia-adottata-che-istiga-allodio\\\/#primaryimage\"},\"thumbnailUrl\":\"https:\\\/\\\/www.bellunopress.it\\\/wp-content\\\/uploads\\\/2020\\\/06\\\/vaccino_edited.jpg\",\"articleSection\":[\"Cronaca\\\/Politica\",\"Featured\",\"Prima Pagina\"],\"inLanguage\":\"fr-FR\"},{\"@type\":\"WebPage\",\"@id\":\"https:\\\/\\\/www.bellunopress.it\\\/2021\\\/08\\\/07\\\/continue-pressioni-al-vaccino-senza-una-legge-che-lo-imponga-ecco-la-strategia-adottata-che-istiga-allodio\\\/\",\"url\":\"https:\\\/\\\/www.bellunopress.it\\\/2021\\\/08\\\/07\\\/continue-pressioni-al-vaccino-senza-una-legge-che-lo-imponga-ecco-la-strategia-adottata-che-istiga-allodio\\\/\",\"name\":\"Continue pressioni al vaccino, senza una legge che lo imponga. Ecco la strategia adottata che istiga all'odio - Bellunopress - Dolomiti\",\"isPartOf\":{\"@id\":\"https:\\\/\\\/www.bellunopress.it\\\/#website\"},\"primaryImageOfPage\":{\"@id\":\"https:\\\/\\\/www.bellunopress.it\\\/2021\\\/08\\\/07\\\/continue-pressioni-al-vaccino-senza-una-legge-che-lo-imponga-ecco-la-strategia-adottata-che-istiga-allodio\\\/#primaryimage\"},\"image\":{\"@id\":\"https:\\\/\\\/www.bellunopress.it\\\/2021\\\/08\\\/07\\\/continue-pressioni-al-vaccino-senza-una-legge-che-lo-imponga-ecco-la-strategia-adottata-che-istiga-allodio\\\/#primaryimage\"},\"thumbnailUrl\":\"https:\\\/\\\/www.bellunopress.it\\\/wp-content\\\/uploads\\\/2020\\\/06\\\/vaccino_edited.jpg\",\"datePublished\":\"2021-08-07T12:21:21+00:00\",\"dateModified\":\"2021-08-07T19:45:27+00:00\",\"breadcrumb\":{\"@id\":\"https:\\\/\\\/www.bellunopress.it\\\/2021\\\/08\\\/07\\\/continue-pressioni-al-vaccino-senza-una-legge-che-lo-imponga-ecco-la-strategia-adottata-che-istiga-allodio\\\/#breadcrumb\"},\"inLanguage\":\"fr-FR\",\"potentialAction\":[{\"@type\":\"ReadAction\",\"target\":[\"https:\\\/\\\/www.bellunopress.it\\\/2021\\\/08\\\/07\\\/continue-pressioni-al-vaccino-senza-una-legge-che-lo-imponga-ecco-la-strategia-adottata-che-istiga-allodio\\\/\"]}]},{\"@type\":\"ImageObject\",\"inLanguage\":\"fr-FR\",\"@id\":\"https:\\\/\\\/www.bellunopress.it\\\/2021\\\/08\\\/07\\\/continue-pressioni-al-vaccino-senza-una-legge-che-lo-imponga-ecco-la-strategia-adottata-che-istiga-allodio\\\/#primaryimage\",\"url\":\"https:\\\/\\\/www.bellunopress.it\\\/wp-content\\\/uploads\\\/2020\\\/06\\\/vaccino_edited.jpg\",\"contentUrl\":\"https:\\\/\\\/www.bellunopress.it\\\/wp-content\\\/uploads\\\/2020\\\/06\\\/vaccino_edited.jpg\",\"width\":800,\"height\":420},{\"@type\":\"BreadcrumbList\",\"@id\":\"https:\\\/\\\/www.bellunopress.it\\\/2021\\\/08\\\/07\\\/continue-pressioni-al-vaccino-senza-una-legge-che-lo-imponga-ecco-la-strategia-adottata-che-istiga-allodio\\\/#breadcrumb\",\"itemListElement\":[{\"@type\":\"ListItem\",\"position\":1,\"name\":\"Home\",\"item\":\"https:\\\/\\\/www.bellunopress.it\\\/\"},{\"@type\":\"ListItem\",\"position\":2,\"name\":\"Continue pressioni al vaccino, senza una legge che lo imponga. Ecco la strategia adottata che istiga all&#8217;odio\"}]},{\"@type\":\"WebSite\",\"@id\":\"https:\\\/\\\/www.bellunopress.it\\\/#website\",\"url\":\"https:\\\/\\\/www.bellunopress.it\\\/\",\"name\":\"Bellunopress - Dolomiti\",\"description\":\"e-mail: redazione@bellunopress.it\",\"publisher\":{\"@id\":\"https:\\\/\\\/www.bellunopress.it\\\/#organization\"},\"potentialAction\":[{\"@type\":\"SearchAction\",\"target\":{\"@type\":\"EntryPoint\",\"urlTemplate\":\"https:\\\/\\\/www.bellunopress.it\\\/?s={search_term_string}\"},\"query-input\":{\"@type\":\"PropertyValueSpecification\",\"valueRequired\":true,\"valueName\":\"search_term_string\"}}],\"inLanguage\":\"fr-FR\"},{\"@type\":\"Organization\",\"@id\":\"https:\\\/\\\/www.bellunopress.it\\\/#organization\",\"name\":\"Bellunopress\",\"url\":\"https:\\\/\\\/www.bellunopress.it\\\/\",\"logo\":{\"@type\":\"ImageObject\",\"inLanguage\":\"fr-FR\",\"@id\":\"https:\\\/\\\/www.bellunopress.it\\\/#\\\/schema\\\/logo\\\/image\\\/\",\"url\":\"https:\\\/\\\/www.bellunopress.it\\\/wp-content\\\/uploads\\\/2011\\\/05\\\/cropped-logo-bellunopress-.jpg\",\"contentUrl\":\"https:\\\/\\\/www.bellunopress.it\\\/wp-content\\\/uploads\\\/2011\\\/05\\\/cropped-logo-bellunopress-.jpg\",\"width\":512,\"height\":512,\"caption\":\"Bellunopress\"},\"image\":{\"@id\":\"https:\\\/\\\/www.bellunopress.it\\\/#\\\/schema\\\/logo\\\/image\\\/\"},\"sameAs\":[\"https:\\\/\\\/www.facebook.com\\\/profile.php?id=100008943462799\",\"https:\\\/\\\/x.com\\\/bellunopress\",\"https:\\\/\\\/www.linkedin.com\\\/hp\\\/?dnr=JBzUWaJfMUw8vbXJJ2tVW5-I3jZKvC4wsoxE&amp;amp;amp;amp;amp;amp;trk=nav_responsive_tab_home\",\"https:\\\/\\\/www.youtube.com\\\/channel\\\/UCxL0wu1uN0_3_7hGG0306cw\"]},{\"@type\":\"Person\",\"@id\":\"https:\\\/\\\/www.bellunopress.it\\\/#\\\/schema\\\/person\\\/79bb06722b37ece1c03d3e94beb30d73\",\"name\":\"redazione\",\"image\":{\"@type\":\"ImageObject\",\"inLanguage\":\"fr-FR\",\"@id\":\"https:\\\/\\\/secure.gravatar.com\\\/avatar\\\/37d968a2e67a6fd04c169c4bdef102d0bc5d31b2546345219e348575eb80e9a0?s=96&d=mm&r=g\",\"url\":\"https:\\\/\\\/secure.gravatar.com\\\/avatar\\\/37d968a2e67a6fd04c169c4bdef102d0bc5d31b2546345219e348575eb80e9a0?s=96&d=mm&r=g\",\"contentUrl\":\"https:\\\/\\\/secure.gravatar.com\\\/avatar\\\/37d968a2e67a6fd04c169c4bdef102d0bc5d31b2546345219e348575eb80e9a0?s=96&d=mm&r=g\",\"caption\":\"redazione\"},\"sameAs\":[\"http:\\\/\\\/www.bellunopress.it\",\"https:\\\/\\\/x.com\\\/bellunopress\"],\"url\":\"https:\\\/\\\/www.bellunopress.it\\\/fr\\\/author\\\/redazione\\\/\"}]}<\/script>\n<!-- \/ Yoast SEO plugin. -->","yoast_head_json":{"title":"Continue pressioni al vaccino, senza una legge che lo imponga. Ecco la strategia adottata che istiga all'odio - Bellunopress - Dolomiti","robots":{"index":"index","follow":"follow","max-snippet":"max-snippet:-1","max-image-preview":"max-image-preview:large","max-video-preview":"max-video-preview:-1"},"canonical":"https:\/\/www.bellunopress.it\/fr\/2021\/08\/07\/continue-pressioni-al-vaccino-senza-una-legge-che-lo-imponga-ecco-la-strategia-adottata-che-istiga-allodio\/","og_locale":"fr_FR","og_type":"article","og_title":"Continue pressioni al vaccino, senza una legge che lo imponga. Ecco la strategia adottata che istiga all'odio - Bellunopress - Dolomiti","og_description":"Ma non sarebbe stato tutto pi\u00f9 semplice e lineare rendere obbligatorio il vaccino anti covid, senza doversi inventare di giorno in giorno nuovi sbarramenti per chi non se lo vuol fare. Stiamo assistendo a liti furibonde nei social tra pro-vax e no-vax e davanti a noi c\u2019\u00e8 un bivio: da una parte un\u2019autostrada senza pedaggio [&hellip;]","og_url":"https:\/\/www.bellunopress.it\/fr\/2021\/08\/07\/continue-pressioni-al-vaccino-senza-una-legge-che-lo-imponga-ecco-la-strategia-adottata-che-istiga-allodio\/","og_site_name":"Bellunopress - Dolomiti","article_publisher":"https:\/\/www.facebook.com\/profile.php?id=100008943462799","article_published_time":"2021-08-07T12:21:21+00:00","article_modified_time":"2021-08-07T19:45:27+00:00","og_image":[{"width":800,"height":420,"url":"https:\/\/www.bellunopress.it\/wp-content\/uploads\/2020\/06\/vaccino_edited.jpg","type":"image\/jpeg"}],"author":"redazione","twitter_card":"summary_large_image","twitter_creator":"@bellunopress","twitter_site":"@bellunopress","twitter_misc":{"\u00c9crit par":"redazione","Dur\u00e9e de lecture estim\u00e9e":"4 minutes"},"schema":{"@context":"https:\/\/schema.org","@graph":[{"@type":"Article","@id":"https:\/\/www.bellunopress.it\/2021\/08\/07\/continue-pressioni-al-vaccino-senza-una-legge-che-lo-imponga-ecco-la-strategia-adottata-che-istiga-allodio\/#article","isPartOf":{"@id":"https:\/\/www.bellunopress.it\/2021\/08\/07\/continue-pressioni-al-vaccino-senza-una-legge-che-lo-imponga-ecco-la-strategia-adottata-che-istiga-allodio\/"},"author":{"name":"redazione","@id":"https:\/\/www.bellunopress.it\/#\/schema\/person\/79bb06722b37ece1c03d3e94beb30d73"},"headline":"Continue pressioni al vaccino, senza una legge che lo imponga. Ecco la strategia adottata che istiga all&#8217;odio","datePublished":"2021-08-07T12:21:21+00:00","dateModified":"2021-08-07T19:45:27+00:00","mainEntityOfPage":{"@id":"https:\/\/www.bellunopress.it\/2021\/08\/07\/continue-pressioni-al-vaccino-senza-una-legge-che-lo-imponga-ecco-la-strategia-adottata-che-istiga-allodio\/"},"wordCount":774,"publisher":{"@id":"https:\/\/www.bellunopress.it\/#organization"},"image":{"@id":"https:\/\/www.bellunopress.it\/2021\/08\/07\/continue-pressioni-al-vaccino-senza-una-legge-che-lo-imponga-ecco-la-strategia-adottata-che-istiga-allodio\/#primaryimage"},"thumbnailUrl":"https:\/\/www.bellunopress.it\/wp-content\/uploads\/2020\/06\/vaccino_edited.jpg","articleSection":["Cronaca\/Politica","Featured","Prima Pagina"],"inLanguage":"fr-FR"},{"@type":"WebPage","@id":"https:\/\/www.bellunopress.it\/2021\/08\/07\/continue-pressioni-al-vaccino-senza-una-legge-che-lo-imponga-ecco-la-strategia-adottata-che-istiga-allodio\/","url":"https:\/\/www.bellunopress.it\/2021\/08\/07\/continue-pressioni-al-vaccino-senza-una-legge-che-lo-imponga-ecco-la-strategia-adottata-che-istiga-allodio\/","name":"Continue pressioni al vaccino, senza una legge che lo imponga. Ecco la strategia adottata che istiga all'odio - Bellunopress - Dolomiti","isPartOf":{"@id":"https:\/\/www.bellunopress.it\/#website"},"primaryImageOfPage":{"@id":"https:\/\/www.bellunopress.it\/2021\/08\/07\/continue-pressioni-al-vaccino-senza-una-legge-che-lo-imponga-ecco-la-strategia-adottata-che-istiga-allodio\/#primaryimage"},"image":{"@id":"https:\/\/www.bellunopress.it\/2021\/08\/07\/continue-pressioni-al-vaccino-senza-una-legge-che-lo-imponga-ecco-la-strategia-adottata-che-istiga-allodio\/#primaryimage"},"thumbnailUrl":"https:\/\/www.bellunopress.it\/wp-content\/uploads\/2020\/06\/vaccino_edited.jpg","datePublished":"2021-08-07T12:21:21+00:00","dateModified":"2021-08-07T19:45:27+00:00","breadcrumb":{"@id":"https:\/\/www.bellunopress.it\/2021\/08\/07\/continue-pressioni-al-vaccino-senza-una-legge-che-lo-imponga-ecco-la-strategia-adottata-che-istiga-allodio\/#breadcrumb"},"inLanguage":"fr-FR","potentialAction":[{"@type":"ReadAction","target":["https:\/\/www.bellunopress.it\/2021\/08\/07\/continue-pressioni-al-vaccino-senza-una-legge-che-lo-imponga-ecco-la-strategia-adottata-che-istiga-allodio\/"]}]},{"@type":"ImageObject","inLanguage":"fr-FR","@id":"https:\/\/www.bellunopress.it\/2021\/08\/07\/continue-pressioni-al-vaccino-senza-una-legge-che-lo-imponga-ecco-la-strategia-adottata-che-istiga-allodio\/#primaryimage","url":"https:\/\/www.bellunopress.it\/wp-content\/uploads\/2020\/06\/vaccino_edited.jpg","contentUrl":"https:\/\/www.bellunopress.it\/wp-content\/uploads\/2020\/06\/vaccino_edited.jpg","width":800,"height":420},{"@type":"BreadcrumbList","@id":"https:\/\/www.bellunopress.it\/2021\/08\/07\/continue-pressioni-al-vaccino-senza-una-legge-che-lo-imponga-ecco-la-strategia-adottata-che-istiga-allodio\/#breadcrumb","itemListElement":[{"@type":"ListItem","position":1,"name":"Home","item":"https:\/\/www.bellunopress.it\/"},{"@type":"ListItem","position":2,"name":"Continue pressioni al vaccino, senza una legge che lo imponga. Ecco la strategia adottata che istiga all&#8217;odio"}]},{"@type":"WebSite","@id":"https:\/\/www.bellunopress.it\/#website","url":"https:\/\/www.bellunopress.it\/","name":"Bellunopress - Dolomiti","description":"e-mail: redazione@bellunopress.it","publisher":{"@id":"https:\/\/www.bellunopress.it\/#organization"},"potentialAction":[{"@type":"SearchAction","target":{"@type":"EntryPoint","urlTemplate":"https:\/\/www.bellunopress.it\/?s={search_term_string}"},"query-input":{"@type":"PropertyValueSpecification","valueRequired":true,"valueName":"search_term_string"}}],"inLanguage":"fr-FR"},{"@type":"Organization","@id":"https:\/\/www.bellunopress.it\/#organization","name":"Bellunopress","url":"https:\/\/www.bellunopress.it\/","logo":{"@type":"ImageObject","inLanguage":"fr-FR","@id":"https:\/\/www.bellunopress.it\/#\/schema\/logo\/image\/","url":"https:\/\/www.bellunopress.it\/wp-content\/uploads\/2011\/05\/cropped-logo-bellunopress-.jpg","contentUrl":"https:\/\/www.bellunopress.it\/wp-content\/uploads\/2011\/05\/cropped-logo-bellunopress-.jpg","width":512,"height":512,"caption":"Bellunopress"},"image":{"@id":"https:\/\/www.bellunopress.it\/#\/schema\/logo\/image\/"},"sameAs":["https:\/\/www.facebook.com\/profile.php?id=100008943462799","https:\/\/x.com\/bellunopress","https:\/\/www.linkedin.com\/hp\/?dnr=JBzUWaJfMUw8vbXJJ2tVW5-I3jZKvC4wsoxE&amp;amp;amp;amp;amp;amp;trk=nav_responsive_tab_home","https:\/\/www.youtube.com\/channel\/UCxL0wu1uN0_3_7hGG0306cw"]},{"@type":"Person","@id":"https:\/\/www.bellunopress.it\/#\/schema\/person\/79bb06722b37ece1c03d3e94beb30d73","name":"r\u00e9daction","image":{"@type":"ImageObject","inLanguage":"fr-FR","@id":"https:\/\/secure.gravatar.com\/avatar\/37d968a2e67a6fd04c169c4bdef102d0bc5d31b2546345219e348575eb80e9a0?s=96&d=mm&r=g","url":"https:\/\/secure.gravatar.com\/avatar\/37d968a2e67a6fd04c169c4bdef102d0bc5d31b2546345219e348575eb80e9a0?s=96&d=mm&r=g","contentUrl":"https:\/\/secure.gravatar.com\/avatar\/37d968a2e67a6fd04c169c4bdef102d0bc5d31b2546345219e348575eb80e9a0?s=96&d=mm&r=g","caption":"redazione"},"sameAs":["http:\/\/www.bellunopress.it","https:\/\/x.com\/bellunopress"],"url":"https:\/\/www.bellunopress.it\/fr\/author\/redazione\/"}]}},"_links":{"self":[{"href":"https:\/\/www.bellunopress.it\/fr\/wp-json\/wp\/v2\/posts\/126709","targetHints":{"allow":["GET"]}}],"collection":[{"href":"https:\/\/www.bellunopress.it\/fr\/wp-json\/wp\/v2\/posts"}],"about":[{"href":"https:\/\/www.bellunopress.it\/fr\/wp-json\/wp\/v2\/types\/post"}],"author":[{"embeddable":true,"href":"https:\/\/www.bellunopress.it\/fr\/wp-json\/wp\/v2\/users\/2"}],"replies":[{"embeddable":true,"href":"https:\/\/www.bellunopress.it\/fr\/wp-json\/wp\/v2\/comments?post=126709"}],"version-history":[{"count":3,"href":"https:\/\/www.bellunopress.it\/fr\/wp-json\/wp\/v2\/posts\/126709\/revisions"}],"predecessor-version":[{"id":126722,"href":"https:\/\/www.bellunopress.it\/fr\/wp-json\/wp\/v2\/posts\/126709\/revisions\/126722"}],"wp:featuredmedia":[{"embeddable":true,"href":"https:\/\/www.bellunopress.it\/fr\/wp-json\/wp\/v2\/media\/115413"}],"wp:attachment":[{"href":"https:\/\/www.bellunopress.it\/fr\/wp-json\/wp\/v2\/media?parent=126709"}],"wp:term":[{"taxonomy":"category","embeddable":true,"href":"https:\/\/www.bellunopress.it\/fr\/wp-json\/wp\/v2\/categories?post=126709"},{"taxonomy":"post_tag","embeddable":true,"href":"https:\/\/www.bellunopress.it\/fr\/wp-json\/wp\/v2\/tags?post=126709"}],"curies":[{"name":"wp","href":"https:\/\/api.w.org\/{rel}","templated":true}]}}