{"id":12666,"date":"2010-02-19T02:12:03","date_gmt":"2010-02-19T01:12:03","guid":{"rendered":"http:\/\/www.bellunopress.it\/?p=12666"},"modified":"2010-02-19T02:14:51","modified_gmt":"2010-02-19T01:14:51","slug":"nuovo-sistema-di-valutazione-per-i-dipendenti-dellulss-di-belluno","status":"publish","type":"post","link":"https:\/\/www.bellunopress.it\/fr\/2010\/02\/19\/nuovo-sistema-di-valutazione-per-i-dipendenti-dellulss-di-belluno\/","title":{"rendered":"Nuovo sistema di valutazione per i dipendenti dell&#8217;Ulss di Belluno"},"content":{"rendered":"<p>Inizier\u00e0 luned\u00ec 23 febbraio la terza delle sei fasi che porter\u00e0 all\u2019introduzione del nuovo sistema di valutazione delle prestazioni individuali per i dipendenti dell\u2019Ulss di Belluno. Il progetto si chiama \u00abImparare a valutare\u00bb ed \u00e8 stato recentemente adottato dalla direzione e successivamente presentato alle organizzazioni sindacali. Passaggi, questi, che hanno rappresentato le prime due tappe. In un primo momento c\u2019\u00e8 stata, infatti, la costituzione di un apposito gruppo di lavoro, rappresentativo delle diverse articolazioni aziendali, che ha analizzato e di riprogettato il sistema di valutazione della dirigenza e del comparto presente in azienda. A inizio febbraio, dopo l\u2019ok della direzione al progetto, \u00e8 iniziata la seconda fase di informazione e concertazione per la costruzione del consenso necessario intorno al nuovo sistema di valutazione. Sono state perci\u00f2 coinvolte le organizzazioni e le rappresentanze sindacali e, allo stesso tempo, sono stati interessati anche i diversi interlocutori del tessuto sociale e politico del territorio.<br \/>\nDa luned\u00ec prende il via la terza fase, con il primo dei sei corsi tenuti da Roberto Cotta, docente dell\u2019Universit\u00e0 Bocconi di Milano, e rivolti a coloro che poi saranno chiamati a svolgere il ruolo di valutatori. Si tratta di direttori di Unit\u00e0 Operative, coordinatori, titolari di posizioni organizzative. Tra marzo e aprile si svolgeranno anche i corsi rivolti ai valutati, vale a dire a tutti i duemila e duecento dipendenti dell\u2019azienda sanitaria bellunese. Corsi che saranno tenuti da un gruppo di formatori interni. Venticinque persone per ottanta appuntamenti di due ore e mezza ciascuno. Al termine di questa fase di formazione, \u00e8 prevista l\u2019introduzione del nuovo sistema di valutazione, sia pure solo in via sperimentale e senza incidere sulle incentivazioni. Questa fase durer\u00e0 sino alla fine dell\u2019anno, quando l\u2019azienda si incontrer\u00e0 nuovamente con le organizzazioni sindacali per apportare gli eventuali correttivi.<br \/>\n\u00abSono diversi \u2013 spiega il direttore amministrativo Roberto De Nes &#8211; gli obiettivi che l\u2019azienda si propone. In particolare, si tratta di qualificare il sistema di gestione delle risorse umane e il capitale sociale presente in azienda, di migliorare il clima organizzativo e il sistema delle relazioni tra i responsabili e i loro collaboratori, di finalizzare la valutazione alla qualificazione e allo sviluppo delle persone, di promuovere comportamenti coerenti con gli obiettivi e con la strategia aziendale. Il progetto si propone inoltre di accrescere il senso di identit\u00e0 e di appartenenza dei dipendenti, nella convinzione che questa sia una condizione per favorire l\u2019integrazione interdisciplinare e per innalzare il livello di qualit\u00e0 dei servizi erogati. Infine, si pensa di raccordare il sistema di valutazione con il sistema di programmazione e controllo e con il Sistema di Qualit\u00e0\u00bb<\/p>","protected":false},"excerpt":{"rendered":"<p>Inizier\u00e0 luned\u00ec 23 febbraio la terza delle sei fasi che porter\u00e0 all\u2019introduzione del nuovo sistema di valutazione delle prestazioni individuali per i dipendenti dell\u2019Ulss di Belluno. Il progetto si chiama \u00abImparare a valutare\u00bb ed \u00e8 stato recentemente adottato dalla direzione e successivamente presentato alle organizzazioni sindacali. Passaggi, questi, che hanno rappresentato le prime due tappe. [&hellip;]<\/p>\n","protected":false},"author":2,"featured_media":0,"comment_status":"closed","ping_status":"open","sticky":false,"template":"","format":"standard","meta":{"footnotes":""},"categories":[26,17],"tags":[3050,161],"class_list":["post-12666","post","type-post","status-publish","format-standard","category-prima-pagina","category-sanita","tag-sanita","tag-valutazione-personale-sanitario"],"yoast_head":"<!-- This site is optimized with the Yoast SEO plugin v28.4 - https:\/\/yoast.com\/product\/yoast-seo-wordpress\/ -->\n<title>Nuovo sistema di valutazione per i dipendenti dell&#039;Ulss di Belluno - Bellunopress - Dolomiti<\/title>\n<meta name=\"robots\" content=\"index, follow, max-snippet:-1, max-image-preview:large, max-video-preview:-1\" \/>\n<link rel=\"canonical\" href=\"https:\/\/www.bellunopress.it\/fr\/2010\/02\/19\/nuovo-sistema-di-valutazione-per-i-dipendenti-dellulss-di-belluno\/\" \/>\n<meta property=\"og:locale\" content=\"fr_FR\" \/>\n<meta property=\"og:type\" content=\"article\" \/>\n<meta property=\"og:title\" content=\"Nuovo sistema di valutazione per i dipendenti dell&#039;Ulss di Belluno - Bellunopress - Dolomiti\" \/>\n<meta property=\"og:description\" content=\"Inizier\u00e0 luned\u00ec 23 febbraio la terza delle sei fasi che porter\u00e0 all\u2019introduzione del nuovo sistema di valutazione delle prestazioni individuali per i dipendenti dell\u2019Ulss di Belluno. Il progetto si chiama \u00abImparare a valutare\u00bb ed \u00e8 stato recentemente adottato dalla direzione e successivamente presentato alle organizzazioni sindacali. Passaggi, questi, che hanno rappresentato le prime due tappe. [&hellip;]\" \/>\n<meta property=\"og:url\" content=\"https:\/\/www.bellunopress.it\/fr\/2010\/02\/19\/nuovo-sistema-di-valutazione-per-i-dipendenti-dellulss-di-belluno\/\" \/>\n<meta property=\"og:site_name\" content=\"Bellunopress - Dolomiti\" \/>\n<meta property=\"article:publisher\" content=\"https:\/\/www.facebook.com\/profile.php?id=100008943462799\" \/>\n<meta property=\"article:published_time\" content=\"2010-02-19T01:12:03+00:00\" \/>\n<meta property=\"article:modified_time\" content=\"2010-02-19T01:14:51+00:00\" \/>\n<meta property=\"og:image\" content=\"http:\/\/www.bellunopress.it\/wp-content\/uploads\/2012\/07\/logo-bellunopress-250x250-2012.jpg\" \/>\n<meta name=\"author\" content=\"redazione\" \/>\n<meta name=\"twitter:card\" content=\"summary_large_image\" \/>\n<meta name=\"twitter:creator\" content=\"@bellunopress\" \/>\n<meta name=\"twitter:site\" content=\"@bellunopress\" \/>\n<meta name=\"twitter:label1\" content=\"\u00c9crit par\" \/>\n\t<meta name=\"twitter:data1\" content=\"redazione\" \/>\n\t<meta name=\"twitter:label2\" content=\"Dur\u00e9e de lecture estim\u00e9e\" \/>\n\t<meta name=\"twitter:data2\" content=\"2 minutes\" \/>\n<script type=\"application\/ld+json\" class=\"yoast-schema-graph\">{\"@context\":\"https:\\\/\\\/schema.org\",\"@graph\":[{\"@type\":\"Article\",\"@id\":\"https:\\\/\\\/www.bellunopress.it\\\/2010\\\/02\\\/19\\\/nuovo-sistema-di-valutazione-per-i-dipendenti-dellulss-di-belluno\\\/#article\",\"isPartOf\":{\"@id\":\"https:\\\/\\\/www.bellunopress.it\\\/2010\\\/02\\\/19\\\/nuovo-sistema-di-valutazione-per-i-dipendenti-dellulss-di-belluno\\\/\"},\"author\":{\"name\":\"redazione\",\"@id\":\"https:\\\/\\\/www.bellunopress.it\\\/#\\\/schema\\\/person\\\/79bb06722b37ece1c03d3e94beb30d73\"},\"headline\":\"Nuovo sistema di valutazione per i dipendenti dell&#8217;Ulss di Belluno\",\"datePublished\":\"2010-02-19T01:12:03+00:00\",\"dateModified\":\"2010-02-19T01:14:51+00:00\",\"mainEntityOfPage\":{\"@id\":\"https:\\\/\\\/www.bellunopress.it\\\/2010\\\/02\\\/19\\\/nuovo-sistema-di-valutazione-per-i-dipendenti-dellulss-di-belluno\\\/\"},\"wordCount\":445,\"publisher\":{\"@id\":\"https:\\\/\\\/www.bellunopress.it\\\/#organization\"},\"keywords\":[\"Sanit\u00e0\",\"Valutazione personale sanitario\"],\"articleSection\":[\"Prima Pagina\",\"Sanit\u00e0 Medicina\"],\"inLanguage\":\"fr-FR\"},{\"@type\":\"WebPage\",\"@id\":\"https:\\\/\\\/www.bellunopress.it\\\/2010\\\/02\\\/19\\\/nuovo-sistema-di-valutazione-per-i-dipendenti-dellulss-di-belluno\\\/\",\"url\":\"https:\\\/\\\/www.bellunopress.it\\\/2010\\\/02\\\/19\\\/nuovo-sistema-di-valutazione-per-i-dipendenti-dellulss-di-belluno\\\/\",\"name\":\"Nuovo sistema di valutazione per i dipendenti dell'Ulss di Belluno - Bellunopress - Dolomiti\",\"isPartOf\":{\"@id\":\"https:\\\/\\\/www.bellunopress.it\\\/#website\"},\"datePublished\":\"2010-02-19T01:12:03+00:00\",\"dateModified\":\"2010-02-19T01:14:51+00:00\",\"breadcrumb\":{\"@id\":\"https:\\\/\\\/www.bellunopress.it\\\/2010\\\/02\\\/19\\\/nuovo-sistema-di-valutazione-per-i-dipendenti-dellulss-di-belluno\\\/#breadcrumb\"},\"inLanguage\":\"fr-FR\",\"potentialAction\":[{\"@type\":\"ReadAction\",\"target\":[\"https:\\\/\\\/www.bellunopress.it\\\/2010\\\/02\\\/19\\\/nuovo-sistema-di-valutazione-per-i-dipendenti-dellulss-di-belluno\\\/\"]}]},{\"@type\":\"BreadcrumbList\",\"@id\":\"https:\\\/\\\/www.bellunopress.it\\\/2010\\\/02\\\/19\\\/nuovo-sistema-di-valutazione-per-i-dipendenti-dellulss-di-belluno\\\/#breadcrumb\",\"itemListElement\":[{\"@type\":\"ListItem\",\"position\":1,\"name\":\"Home\",\"item\":\"https:\\\/\\\/www.bellunopress.it\\\/\"},{\"@type\":\"ListItem\",\"position\":2,\"name\":\"Nuovo sistema di valutazione per i dipendenti dell&#8217;Ulss di Belluno\"}]},{\"@type\":\"WebSite\",\"@id\":\"https:\\\/\\\/www.bellunopress.it\\\/#website\",\"url\":\"https:\\\/\\\/www.bellunopress.it\\\/\",\"name\":\"Bellunopress - Dolomiti\",\"description\":\"e-mail: redazione@bellunopress.it\",\"publisher\":{\"@id\":\"https:\\\/\\\/www.bellunopress.it\\\/#organization\"},\"potentialAction\":[{\"@type\":\"SearchAction\",\"target\":{\"@type\":\"EntryPoint\",\"urlTemplate\":\"https:\\\/\\\/www.bellunopress.it\\\/?s={search_term_string}\"},\"query-input\":{\"@type\":\"PropertyValueSpecification\",\"valueRequired\":true,\"valueName\":\"search_term_string\"}}],\"inLanguage\":\"fr-FR\"},{\"@type\":\"Organization\",\"@id\":\"https:\\\/\\\/www.bellunopress.it\\\/#organization\",\"name\":\"Bellunopress\",\"url\":\"https:\\\/\\\/www.bellunopress.it\\\/\",\"logo\":{\"@type\":\"ImageObject\",\"inLanguage\":\"fr-FR\",\"@id\":\"https:\\\/\\\/www.bellunopress.it\\\/#\\\/schema\\\/logo\\\/image\\\/\",\"url\":\"https:\\\/\\\/www.bellunopress.it\\\/wp-content\\\/uploads\\\/2011\\\/05\\\/cropped-logo-bellunopress-.jpg\",\"contentUrl\":\"https:\\\/\\\/www.bellunopress.it\\\/wp-content\\\/uploads\\\/2011\\\/05\\\/cropped-logo-bellunopress-.jpg\",\"width\":512,\"height\":512,\"caption\":\"Bellunopress\"},\"image\":{\"@id\":\"https:\\\/\\\/www.bellunopress.it\\\/#\\\/schema\\\/logo\\\/image\\\/\"},\"sameAs\":[\"https:\\\/\\\/www.facebook.com\\\/profile.php?id=100008943462799\",\"https:\\\/\\\/x.com\\\/bellunopress\",\"https:\\\/\\\/www.linkedin.com\\\/hp\\\/?dnr=JBzUWaJfMUw8vbXJJ2tVW5-I3jZKvC4wsoxE&amp;amp;amp;amp;amp;amp;trk=nav_responsive_tab_home\",\"https:\\\/\\\/www.youtube.com\\\/channel\\\/UCxL0wu1uN0_3_7hGG0306cw\"]},{\"@type\":\"Person\",\"@id\":\"https:\\\/\\\/www.bellunopress.it\\\/#\\\/schema\\\/person\\\/79bb06722b37ece1c03d3e94beb30d73\",\"name\":\"redazione\",\"image\":{\"@type\":\"ImageObject\",\"inLanguage\":\"fr-FR\",\"@id\":\"https:\\\/\\\/secure.gravatar.com\\\/avatar\\\/37d968a2e67a6fd04c169c4bdef102d0bc5d31b2546345219e348575eb80e9a0?s=96&d=mm&r=g\",\"url\":\"https:\\\/\\\/secure.gravatar.com\\\/avatar\\\/37d968a2e67a6fd04c169c4bdef102d0bc5d31b2546345219e348575eb80e9a0?s=96&d=mm&r=g\",\"contentUrl\":\"https:\\\/\\\/secure.gravatar.com\\\/avatar\\\/37d968a2e67a6fd04c169c4bdef102d0bc5d31b2546345219e348575eb80e9a0?s=96&d=mm&r=g\",\"caption\":\"redazione\"},\"sameAs\":[\"http:\\\/\\\/www.bellunopress.it\",\"https:\\\/\\\/x.com\\\/bellunopress\"],\"url\":\"https:\\\/\\\/www.bellunopress.it\\\/fr\\\/author\\\/redazione\\\/\"}]}<\/script>\n<!-- \/ Yoast SEO plugin. -->","yoast_head_json":{"title":"Nuovo sistema di valutazione per i dipendenti dell'Ulss di Belluno - Bellunopress - Dolomiti","robots":{"index":"index","follow":"follow","max-snippet":"max-snippet:-1","max-image-preview":"max-image-preview:large","max-video-preview":"max-video-preview:-1"},"canonical":"https:\/\/www.bellunopress.it\/fr\/2010\/02\/19\/nuovo-sistema-di-valutazione-per-i-dipendenti-dellulss-di-belluno\/","og_locale":"fr_FR","og_type":"article","og_title":"Nuovo sistema di valutazione per i dipendenti dell'Ulss di Belluno - Bellunopress - Dolomiti","og_description":"Inizier\u00e0 luned\u00ec 23 febbraio la terza delle sei fasi che porter\u00e0 all\u2019introduzione del nuovo sistema di valutazione delle prestazioni individuali per i dipendenti dell\u2019Ulss di Belluno. Il progetto si chiama \u00abImparare a valutare\u00bb ed \u00e8 stato recentemente adottato dalla direzione e successivamente presentato alle organizzazioni sindacali. Passaggi, questi, che hanno rappresentato le prime due tappe. [&hellip;]","og_url":"https:\/\/www.bellunopress.it\/fr\/2010\/02\/19\/nuovo-sistema-di-valutazione-per-i-dipendenti-dellulss-di-belluno\/","og_site_name":"Bellunopress - Dolomiti","article_publisher":"https:\/\/www.facebook.com\/profile.php?id=100008943462799","article_published_time":"2010-02-19T01:12:03+00:00","article_modified_time":"2010-02-19T01:14:51+00:00","og_image":[{"url":"http:\/\/www.bellunopress.it\/wp-content\/uploads\/2012\/07\/logo-bellunopress-250x250-2012.jpg","type":"","width":"","height":""}],"author":"redazione","twitter_card":"summary_large_image","twitter_creator":"@bellunopress","twitter_site":"@bellunopress","twitter_misc":{"\u00c9crit par":"redazione","Dur\u00e9e de lecture estim\u00e9e":"2 minutes"},"schema":{"@context":"https:\/\/schema.org","@graph":[{"@type":"Article","@id":"https:\/\/www.bellunopress.it\/2010\/02\/19\/nuovo-sistema-di-valutazione-per-i-dipendenti-dellulss-di-belluno\/#article","isPartOf":{"@id":"https:\/\/www.bellunopress.it\/2010\/02\/19\/nuovo-sistema-di-valutazione-per-i-dipendenti-dellulss-di-belluno\/"},"author":{"name":"redazione","@id":"https:\/\/www.bellunopress.it\/#\/schema\/person\/79bb06722b37ece1c03d3e94beb30d73"},"headline":"Nuovo sistema di valutazione per i dipendenti dell&#8217;Ulss di Belluno","datePublished":"2010-02-19T01:12:03+00:00","dateModified":"2010-02-19T01:14:51+00:00","mainEntityOfPage":{"@id":"https:\/\/www.bellunopress.it\/2010\/02\/19\/nuovo-sistema-di-valutazione-per-i-dipendenti-dellulss-di-belluno\/"},"wordCount":445,"publisher":{"@id":"https:\/\/www.bellunopress.it\/#organization"},"keywords":["Sanit\u00e0","Valutazione personale sanitario"],"articleSection":["Prima Pagina","Sanit\u00e0 Medicina"],"inLanguage":"fr-FR"},{"@type":"WebPage","@id":"https:\/\/www.bellunopress.it\/2010\/02\/19\/nuovo-sistema-di-valutazione-per-i-dipendenti-dellulss-di-belluno\/","url":"https:\/\/www.bellunopress.it\/2010\/02\/19\/nuovo-sistema-di-valutazione-per-i-dipendenti-dellulss-di-belluno\/","name":"Nuovo sistema di valutazione per i dipendenti dell'Ulss di Belluno - Bellunopress - Dolomiti","isPartOf":{"@id":"https:\/\/www.bellunopress.it\/#website"},"datePublished":"2010-02-19T01:12:03+00:00","dateModified":"2010-02-19T01:14:51+00:00","breadcrumb":{"@id":"https:\/\/www.bellunopress.it\/2010\/02\/19\/nuovo-sistema-di-valutazione-per-i-dipendenti-dellulss-di-belluno\/#breadcrumb"},"inLanguage":"fr-FR","potentialAction":[{"@type":"ReadAction","target":["https:\/\/www.bellunopress.it\/2010\/02\/19\/nuovo-sistema-di-valutazione-per-i-dipendenti-dellulss-di-belluno\/"]}]},{"@type":"BreadcrumbList","@id":"https:\/\/www.bellunopress.it\/2010\/02\/19\/nuovo-sistema-di-valutazione-per-i-dipendenti-dellulss-di-belluno\/#breadcrumb","itemListElement":[{"@type":"ListItem","position":1,"name":"Home","item":"https:\/\/www.bellunopress.it\/"},{"@type":"ListItem","position":2,"name":"Nuovo sistema di valutazione per i dipendenti dell&#8217;Ulss di Belluno"}]},{"@type":"WebSite","@id":"https:\/\/www.bellunopress.it\/#website","url":"https:\/\/www.bellunopress.it\/","name":"Bellunopress - Dolomiti","description":"e-mail: redazione@bellunopress.it","publisher":{"@id":"https:\/\/www.bellunopress.it\/#organization"},"potentialAction":[{"@type":"SearchAction","target":{"@type":"EntryPoint","urlTemplate":"https:\/\/www.bellunopress.it\/?s={search_term_string}"},"query-input":{"@type":"PropertyValueSpecification","valueRequired":true,"valueName":"search_term_string"}}],"inLanguage":"fr-FR"},{"@type":"Organization","@id":"https:\/\/www.bellunopress.it\/#organization","name":"Bellunopress","url":"https:\/\/www.bellunopress.it\/","logo":{"@type":"ImageObject","inLanguage":"fr-FR","@id":"https:\/\/www.bellunopress.it\/#\/schema\/logo\/image\/","url":"https:\/\/www.bellunopress.it\/wp-content\/uploads\/2011\/05\/cropped-logo-bellunopress-.jpg","contentUrl":"https:\/\/www.bellunopress.it\/wp-content\/uploads\/2011\/05\/cropped-logo-bellunopress-.jpg","width":512,"height":512,"caption":"Bellunopress"},"image":{"@id":"https:\/\/www.bellunopress.it\/#\/schema\/logo\/image\/"},"sameAs":["https:\/\/www.facebook.com\/profile.php?id=100008943462799","https:\/\/x.com\/bellunopress","https:\/\/www.linkedin.com\/hp\/?dnr=JBzUWaJfMUw8vbXJJ2tVW5-I3jZKvC4wsoxE&amp;amp;amp;amp;amp;amp;trk=nav_responsive_tab_home","https:\/\/www.youtube.com\/channel\/UCxL0wu1uN0_3_7hGG0306cw"]},{"@type":"Person","@id":"https:\/\/www.bellunopress.it\/#\/schema\/person\/79bb06722b37ece1c03d3e94beb30d73","name":"r\u00e9daction","image":{"@type":"ImageObject","inLanguage":"fr-FR","@id":"https:\/\/secure.gravatar.com\/avatar\/37d968a2e67a6fd04c169c4bdef102d0bc5d31b2546345219e348575eb80e9a0?s=96&d=mm&r=g","url":"https:\/\/secure.gravatar.com\/avatar\/37d968a2e67a6fd04c169c4bdef102d0bc5d31b2546345219e348575eb80e9a0?s=96&d=mm&r=g","contentUrl":"https:\/\/secure.gravatar.com\/avatar\/37d968a2e67a6fd04c169c4bdef102d0bc5d31b2546345219e348575eb80e9a0?s=96&d=mm&r=g","caption":"redazione"},"sameAs":["http:\/\/www.bellunopress.it","https:\/\/x.com\/bellunopress"],"url":"https:\/\/www.bellunopress.it\/fr\/author\/redazione\/"}]}},"_links":{"self":[{"href":"https:\/\/www.bellunopress.it\/fr\/wp-json\/wp\/v2\/posts\/12666","targetHints":{"allow":["GET"]}}],"collection":[{"href":"https:\/\/www.bellunopress.it\/fr\/wp-json\/wp\/v2\/posts"}],"about":[{"href":"https:\/\/www.bellunopress.it\/fr\/wp-json\/wp\/v2\/types\/post"}],"author":[{"embeddable":true,"href":"https:\/\/www.bellunopress.it\/fr\/wp-json\/wp\/v2\/users\/2"}],"replies":[{"embeddable":true,"href":"https:\/\/www.bellunopress.it\/fr\/wp-json\/wp\/v2\/comments?post=12666"}],"version-history":[{"count":4,"href":"https:\/\/www.bellunopress.it\/fr\/wp-json\/wp\/v2\/posts\/12666\/revisions"}],"predecessor-version":[{"id":12671,"href":"https:\/\/www.bellunopress.it\/fr\/wp-json\/wp\/v2\/posts\/12666\/revisions\/12671"}],"wp:attachment":[{"href":"https:\/\/www.bellunopress.it\/fr\/wp-json\/wp\/v2\/media?parent=12666"}],"wp:term":[{"taxonomy":"category","embeddable":true,"href":"https:\/\/www.bellunopress.it\/fr\/wp-json\/wp\/v2\/categories?post=12666"},{"taxonomy":"post_tag","embeddable":true,"href":"https:\/\/www.bellunopress.it\/fr\/wp-json\/wp\/v2\/tags?post=12666"}],"curies":[{"name":"wp","href":"https:\/\/api.w.org\/{rel}","templated":true}]}}