{"id":12664,"date":"2010-02-21T08:30:22","date_gmt":"2010-02-21T07:30:22","guid":{"rendered":"http:\/\/www.bellunopress.it\/?p=12664"},"modified":"2010-02-20T11:40:18","modified_gmt":"2010-02-20T10:40:18","slug":"%e2%80%9cincontro-con-l%e2%80%99autore%e2%80%9d-a-belluno-e-feltre-salah-mahameed-con-il-bambino-che-porto-la-pace","status":"publish","type":"post","link":"https:\/\/www.bellunopress.it\/fr\/2010\/02\/21\/%e2%80%9cincontro-con-l%e2%80%99autore%e2%80%9d-a-belluno-e-feltre-salah-mahameed-con-il-bambino-che-porto-la-pace\/","title":{"rendered":"\u201cIncontro con l\u2019autore\u201d. A Belluno e Feltre Salah Mahameed con &#8220;Il bambino che port\u00f2 la pace&#8221;"},"content":{"rendered":"<p>L\u2019Ufficio Scolastico Provinciale di Belluno nelle iniziative legate alla VIIa Edizione del Progetto \u201cLettura Pensata\u201d, per la sezione di intercultura dedicata alla lettura del testo \u201cIl bambino che port\u00f2 la pace\u201d dello\u00a0 scrittore palestinese Salah Mahameed,\u00a0 propone due incontri per gli alunni della scuola primaria<br \/>\n* Marted\u00ec\u00a0 23 febbraio 2010 alle ore 10.00 presso il Centro congressi \u201cGiovanni XXIII\u201d in Piazza Piloni \u2013 Belluno<br \/>\n* Gioved\u00ec\u00a0 25 febbraio 2010 alle ore 10.00 presso l\u2019Aula Magna dell\u2019I.T.C.\u00a0 \u201cColotti\u201d di Feltre<br \/>\n&#8220;Per i piccoli<br \/>\nperch\u00e9 non diventino come i grandi<br \/>\nPer i grandi<br \/>\nPerch\u00e9 tornino a essere piccoli&#8221;<br \/>\nIllustrazioni di<br \/>\nPaola Palmano<br \/>\nTra uccelli, pesci, fiori, farfalle e sorrisi, delicati profumi, \u201cIl bambino che port\u00f2 la pace\u201d si propone ai lettori con il fascino del suo nome, Bahadino, che significa \u201csplendore della fede\u201d. Salah Mahameed ha quindi scritto anche un libro religioso. La fede \u00e8 universale come la pace. Sta a noi non tradire n\u00e9 l\u2019una n\u00e9 l\u2019altra.<br \/>\nPrefazione di Milena Milani<br \/>\nSalah Mahameed \u00e8 nato nel 1960 a Um el Fahem, un paese vicino a Nazareth. Ha studiato a Kaifa nella Scuola Araba Ortodossa. Dal 1981 vive in Italia e si \u00e8 laureato in psichiatria alla Facolt\u00e0 di Medicina e Chirurgia di Padova. Dal 1990 esercita la professione di medico-dentista a San Vito di Cadore (BL) e a San Nazario (VI). Dal 1992 dirige l\u2019associazione culturale Azzaytuna di San Vito di Cadore.<br \/>\nNel 2008 ha ottenuto l\u2019attestato di benemerenza dal Consiglio Comunale di San Nazario che cos\u00ec lo ha presentato: \u201cIl Consiglio Comunale di San Nazario rende omaggio ad una personalit\u00e0 cos\u00ec importante che, con la sua opera, allarga i confini delle nostre conoscenze, oltre alla Valbrenta, oltre all\u2019Italia.\u00a0 Nascosto all\u2019attenzione del grande pubblico, personalit\u00e0 di spicco nell\u2019ambito della cultura araba e non solo\u201d.<br \/>\nPresenta l\u2019autore Mara De Monte, docente di materie letterarie presso la Scuola Media di Domegge di Cadore.<br \/>\nIncontro aperto a tutti e gratuito.<\/p>","protected":false},"excerpt":{"rendered":"<p>L\u2019Ufficio Scolastico Provinciale di Belluno nelle iniziative legate alla VIIa Edizione del Progetto \u201cLettura Pensata\u201d, per la sezione di intercultura dedicata alla lettura del testo \u201cIl bambino che port\u00f2 la pace\u201d dello\u00a0 scrittore palestinese Salah Mahameed,\u00a0 propone due incontri per gli alunni della scuola primaria * Marted\u00ec\u00a0 23 febbraio 2010 alle ore 10.00 presso il [&hellip;]<\/p>\n","protected":false},"author":2,"featured_media":0,"comment_status":"closed","ping_status":"open","sticky":false,"template":"","format":"standard","meta":{"footnotes":""},"categories":[3,25,15],"tags":[248],"class_list":["post-12664","post","type-post","status-publish","format-standard","category-arte-cultura-spettacoli-scienza-archivi","category-pausa-caffe","category-scuola","tag-incontri-letteratura-scuole"],"yoast_head":"<!-- This site is optimized with the Yoast SEO plugin v28.4 - https:\/\/yoast.com\/product\/yoast-seo-wordpress\/ -->\n<title>\u201cIncontro con l\u2019autore\u201d. A Belluno e Feltre Salah Mahameed con &quot;Il bambino che port\u00f2 la pace&quot; - Bellunopress - Dolomiti<\/title>\n<meta name=\"robots\" content=\"index, follow, max-snippet:-1, max-image-preview:large, max-video-preview:-1\" \/>\n<link rel=\"canonical\" href=\"https:\/\/www.bellunopress.it\/fr\/2010\/02\/21\/\u201cincontro-con-l\u2019autore\u201d-a-belluno-e-feltre-salah-mahameed-con-il-bambino-che-porto-la-pace\/\" \/>\n<meta property=\"og:locale\" content=\"fr_FR\" \/>\n<meta property=\"og:type\" content=\"article\" \/>\n<meta property=\"og:title\" content=\"\u201cIncontro con l\u2019autore\u201d. A Belluno e Feltre Salah Mahameed con &quot;Il bambino che port\u00f2 la pace&quot; - Bellunopress - Dolomiti\" \/>\n<meta property=\"og:description\" content=\"L\u2019Ufficio Scolastico Provinciale di Belluno nelle iniziative legate alla VIIa Edizione del Progetto \u201cLettura Pensata\u201d, per la sezione di intercultura dedicata alla lettura del testo \u201cIl bambino che port\u00f2 la pace\u201d dello\u00a0 scrittore palestinese Salah Mahameed,\u00a0 propone due incontri per gli alunni della scuola primaria * Marted\u00ec\u00a0 23 febbraio 2010 alle ore 10.00 presso il [&hellip;]\" \/>\n<meta property=\"og:url\" content=\"https:\/\/www.bellunopress.it\/fr\/2010\/02\/21\/\u201cincontro-con-l\u2019autore\u201d-a-belluno-e-feltre-salah-mahameed-con-il-bambino-che-porto-la-pace\/\" \/>\n<meta property=\"og:site_name\" content=\"Bellunopress - Dolomiti\" \/>\n<meta property=\"article:publisher\" content=\"https:\/\/www.facebook.com\/profile.php?id=100008943462799\" \/>\n<meta property=\"article:published_time\" content=\"2010-02-21T07:30:22+00:00\" \/>\n<meta property=\"og:image\" content=\"http:\/\/www.bellunopress.it\/wp-content\/uploads\/2012\/07\/logo-bellunopress-250x250-2012.jpg\" \/>\n<meta name=\"author\" content=\"redazione\" \/>\n<meta name=\"twitter:card\" content=\"summary_large_image\" \/>\n<meta name=\"twitter:creator\" content=\"@bellunopress\" \/>\n<meta name=\"twitter:site\" content=\"@bellunopress\" \/>\n<meta name=\"twitter:label1\" content=\"\u00c9crit par\" \/>\n\t<meta name=\"twitter:data1\" content=\"redazione\" \/>\n\t<meta name=\"twitter:label2\" content=\"Dur\u00e9e de lecture estim\u00e9e\" \/>\n\t<meta name=\"twitter:data2\" content=\"2 minutes\" \/>\n<script type=\"application\/ld+json\" class=\"yoast-schema-graph\">{\"@context\":\"https:\\\/\\\/schema.org\",\"@graph\":[{\"@type\":\"Article\",\"@id\":\"https:\\\/\\\/www.bellunopress.it\\\/2010\\\/02\\\/21\\\/%e2%80%9cincontro-con-l%e2%80%99autore%e2%80%9d-a-belluno-e-feltre-salah-mahameed-con-il-bambino-che-porto-la-pace\\\/#article\",\"isPartOf\":{\"@id\":\"https:\\\/\\\/www.bellunopress.it\\\/2010\\\/02\\\/21\\\/%e2%80%9cincontro-con-l%e2%80%99autore%e2%80%9d-a-belluno-e-feltre-salah-mahameed-con-il-bambino-che-porto-la-pace\\\/\"},\"author\":{\"name\":\"redazione\",\"@id\":\"https:\\\/\\\/www.bellunopress.it\\\/#\\\/schema\\\/person\\\/79bb06722b37ece1c03d3e94beb30d73\"},\"headline\":\"\u201cIncontro con l\u2019autore\u201d. A Belluno e Feltre Salah Mahameed con &#8220;Il bambino che port\u00f2 la pace&#8221;\",\"datePublished\":\"2010-02-21T07:30:22+00:00\",\"mainEntityOfPage\":{\"@id\":\"https:\\\/\\\/www.bellunopress.it\\\/2010\\\/02\\\/21\\\/%e2%80%9cincontro-con-l%e2%80%99autore%e2%80%9d-a-belluno-e-feltre-salah-mahameed-con-il-bambino-che-porto-la-pace\\\/\"},\"wordCount\":329,\"publisher\":{\"@id\":\"https:\\\/\\\/www.bellunopress.it\\\/#organization\"},\"keywords\":[\"Incontri letteratura scuole\"],\"articleSection\":[\"Arte, Cultura, Spettacoli, Scienza\",\"Pausa Caff\u00e8\",\"Scuola\"],\"inLanguage\":\"fr-FR\"},{\"@type\":\"WebPage\",\"@id\":\"https:\\\/\\\/www.bellunopress.it\\\/2010\\\/02\\\/21\\\/%e2%80%9cincontro-con-l%e2%80%99autore%e2%80%9d-a-belluno-e-feltre-salah-mahameed-con-il-bambino-che-porto-la-pace\\\/\",\"url\":\"https:\\\/\\\/www.bellunopress.it\\\/2010\\\/02\\\/21\\\/%e2%80%9cincontro-con-l%e2%80%99autore%e2%80%9d-a-belluno-e-feltre-salah-mahameed-con-il-bambino-che-porto-la-pace\\\/\",\"name\":\"\u201cIncontro con l\u2019autore\u201d. A Belluno e Feltre Salah Mahameed con \\\"Il bambino che port\u00f2 la pace\\\" - Bellunopress - Dolomiti\",\"isPartOf\":{\"@id\":\"https:\\\/\\\/www.bellunopress.it\\\/#website\"},\"datePublished\":\"2010-02-21T07:30:22+00:00\",\"breadcrumb\":{\"@id\":\"https:\\\/\\\/www.bellunopress.it\\\/2010\\\/02\\\/21\\\/%e2%80%9cincontro-con-l%e2%80%99autore%e2%80%9d-a-belluno-e-feltre-salah-mahameed-con-il-bambino-che-porto-la-pace\\\/#breadcrumb\"},\"inLanguage\":\"fr-FR\",\"potentialAction\":[{\"@type\":\"ReadAction\",\"target\":[\"https:\\\/\\\/www.bellunopress.it\\\/2010\\\/02\\\/21\\\/%e2%80%9cincontro-con-l%e2%80%99autore%e2%80%9d-a-belluno-e-feltre-salah-mahameed-con-il-bambino-che-porto-la-pace\\\/\"]}]},{\"@type\":\"BreadcrumbList\",\"@id\":\"https:\\\/\\\/www.bellunopress.it\\\/2010\\\/02\\\/21\\\/%e2%80%9cincontro-con-l%e2%80%99autore%e2%80%9d-a-belluno-e-feltre-salah-mahameed-con-il-bambino-che-porto-la-pace\\\/#breadcrumb\",\"itemListElement\":[{\"@type\":\"ListItem\",\"position\":1,\"name\":\"Home\",\"item\":\"https:\\\/\\\/www.bellunopress.it\\\/\"},{\"@type\":\"ListItem\",\"position\":2,\"name\":\"\u201cIncontro con l\u2019autore\u201d. A Belluno e Feltre Salah Mahameed con &#8220;Il bambino che port\u00f2 la pace&#8221;\"}]},{\"@type\":\"WebSite\",\"@id\":\"https:\\\/\\\/www.bellunopress.it\\\/#website\",\"url\":\"https:\\\/\\\/www.bellunopress.it\\\/\",\"name\":\"Bellunopress - Dolomiti\",\"description\":\"e-mail: redazione@bellunopress.it\",\"publisher\":{\"@id\":\"https:\\\/\\\/www.bellunopress.it\\\/#organization\"},\"potentialAction\":[{\"@type\":\"SearchAction\",\"target\":{\"@type\":\"EntryPoint\",\"urlTemplate\":\"https:\\\/\\\/www.bellunopress.it\\\/?s={search_term_string}\"},\"query-input\":{\"@type\":\"PropertyValueSpecification\",\"valueRequired\":true,\"valueName\":\"search_term_string\"}}],\"inLanguage\":\"fr-FR\"},{\"@type\":\"Organization\",\"@id\":\"https:\\\/\\\/www.bellunopress.it\\\/#organization\",\"name\":\"Bellunopress\",\"url\":\"https:\\\/\\\/www.bellunopress.it\\\/\",\"logo\":{\"@type\":\"ImageObject\",\"inLanguage\":\"fr-FR\",\"@id\":\"https:\\\/\\\/www.bellunopress.it\\\/#\\\/schema\\\/logo\\\/image\\\/\",\"url\":\"https:\\\/\\\/www.bellunopress.it\\\/wp-content\\\/uploads\\\/2011\\\/05\\\/cropped-logo-bellunopress-.jpg\",\"contentUrl\":\"https:\\\/\\\/www.bellunopress.it\\\/wp-content\\\/uploads\\\/2011\\\/05\\\/cropped-logo-bellunopress-.jpg\",\"width\":512,\"height\":512,\"caption\":\"Bellunopress\"},\"image\":{\"@id\":\"https:\\\/\\\/www.bellunopress.it\\\/#\\\/schema\\\/logo\\\/image\\\/\"},\"sameAs\":[\"https:\\\/\\\/www.facebook.com\\\/profile.php?id=100008943462799\",\"https:\\\/\\\/x.com\\\/bellunopress\",\"https:\\\/\\\/www.linkedin.com\\\/hp\\\/?dnr=JBzUWaJfMUw8vbXJJ2tVW5-I3jZKvC4wsoxE&amp;amp;amp;amp;amp;amp;trk=nav_responsive_tab_home\",\"https:\\\/\\\/www.youtube.com\\\/channel\\\/UCxL0wu1uN0_3_7hGG0306cw\"]},{\"@type\":\"Person\",\"@id\":\"https:\\\/\\\/www.bellunopress.it\\\/#\\\/schema\\\/person\\\/79bb06722b37ece1c03d3e94beb30d73\",\"name\":\"redazione\",\"image\":{\"@type\":\"ImageObject\",\"inLanguage\":\"fr-FR\",\"@id\":\"https:\\\/\\\/secure.gravatar.com\\\/avatar\\\/37d968a2e67a6fd04c169c4bdef102d0bc5d31b2546345219e348575eb80e9a0?s=96&d=mm&r=g\",\"url\":\"https:\\\/\\\/secure.gravatar.com\\\/avatar\\\/37d968a2e67a6fd04c169c4bdef102d0bc5d31b2546345219e348575eb80e9a0?s=96&d=mm&r=g\",\"contentUrl\":\"https:\\\/\\\/secure.gravatar.com\\\/avatar\\\/37d968a2e67a6fd04c169c4bdef102d0bc5d31b2546345219e348575eb80e9a0?s=96&d=mm&r=g\",\"caption\":\"redazione\"},\"sameAs\":[\"http:\\\/\\\/www.bellunopress.it\",\"https:\\\/\\\/x.com\\\/bellunopress\"],\"url\":\"https:\\\/\\\/www.bellunopress.it\\\/fr\\\/author\\\/redazione\\\/\"}]}<\/script>\n<!-- \/ Yoast SEO plugin. -->","yoast_head_json":{"title":"\u201cIncontro con l\u2019autore\u201d. A Belluno e Feltre Salah Mahameed con \"Il bambino che port\u00f2 la pace\" - Bellunopress - Dolomiti","robots":{"index":"index","follow":"follow","max-snippet":"max-snippet:-1","max-image-preview":"max-image-preview:large","max-video-preview":"max-video-preview:-1"},"canonical":"https:\/\/www.bellunopress.it\/fr\/2010\/02\/21\/\u201cincontro-con-l\u2019autore\u201d-a-belluno-e-feltre-salah-mahameed-con-il-bambino-che-porto-la-pace\/","og_locale":"fr_FR","og_type":"article","og_title":"\u201cIncontro con l\u2019autore\u201d. A Belluno e Feltre Salah Mahameed con \"Il bambino che port\u00f2 la pace\" - Bellunopress - Dolomiti","og_description":"L\u2019Ufficio Scolastico Provinciale di Belluno nelle iniziative legate alla VIIa Edizione del Progetto \u201cLettura Pensata\u201d, per la sezione di intercultura dedicata alla lettura del testo \u201cIl bambino che port\u00f2 la pace\u201d dello\u00a0 scrittore palestinese Salah Mahameed,\u00a0 propone due incontri per gli alunni della scuola primaria * Marted\u00ec\u00a0 23 febbraio 2010 alle ore 10.00 presso il [&hellip;]","og_url":"https:\/\/www.bellunopress.it\/fr\/2010\/02\/21\/\u201cincontro-con-l\u2019autore\u201d-a-belluno-e-feltre-salah-mahameed-con-il-bambino-che-porto-la-pace\/","og_site_name":"Bellunopress - Dolomiti","article_publisher":"https:\/\/www.facebook.com\/profile.php?id=100008943462799","article_published_time":"2010-02-21T07:30:22+00:00","og_image":[{"url":"http:\/\/www.bellunopress.it\/wp-content\/uploads\/2012\/07\/logo-bellunopress-250x250-2012.jpg","type":"","width":"","height":""}],"author":"redazione","twitter_card":"summary_large_image","twitter_creator":"@bellunopress","twitter_site":"@bellunopress","twitter_misc":{"\u00c9crit par":"redazione","Dur\u00e9e de lecture estim\u00e9e":"2 minutes"},"schema":{"@context":"https:\/\/schema.org","@graph":[{"@type":"Article","@id":"https:\/\/www.bellunopress.it\/2010\/02\/21\/%e2%80%9cincontro-con-l%e2%80%99autore%e2%80%9d-a-belluno-e-feltre-salah-mahameed-con-il-bambino-che-porto-la-pace\/#article","isPartOf":{"@id":"https:\/\/www.bellunopress.it\/2010\/02\/21\/%e2%80%9cincontro-con-l%e2%80%99autore%e2%80%9d-a-belluno-e-feltre-salah-mahameed-con-il-bambino-che-porto-la-pace\/"},"author":{"name":"redazione","@id":"https:\/\/www.bellunopress.it\/#\/schema\/person\/79bb06722b37ece1c03d3e94beb30d73"},"headline":"\u201cIncontro con l\u2019autore\u201d. A Belluno e Feltre Salah Mahameed con &#8220;Il bambino che port\u00f2 la pace&#8221;","datePublished":"2010-02-21T07:30:22+00:00","mainEntityOfPage":{"@id":"https:\/\/www.bellunopress.it\/2010\/02\/21\/%e2%80%9cincontro-con-l%e2%80%99autore%e2%80%9d-a-belluno-e-feltre-salah-mahameed-con-il-bambino-che-porto-la-pace\/"},"wordCount":329,"publisher":{"@id":"https:\/\/www.bellunopress.it\/#organization"},"keywords":["Incontri letteratura scuole"],"articleSection":["Arte, Cultura, Spettacoli, Scienza","Pausa Caff\u00e8","Scuola"],"inLanguage":"fr-FR"},{"@type":"WebPage","@id":"https:\/\/www.bellunopress.it\/2010\/02\/21\/%e2%80%9cincontro-con-l%e2%80%99autore%e2%80%9d-a-belluno-e-feltre-salah-mahameed-con-il-bambino-che-porto-la-pace\/","url":"https:\/\/www.bellunopress.it\/2010\/02\/21\/%e2%80%9cincontro-con-l%e2%80%99autore%e2%80%9d-a-belluno-e-feltre-salah-mahameed-con-il-bambino-che-porto-la-pace\/","name":"\u201cIncontro con l\u2019autore\u201d. A Belluno e Feltre Salah Mahameed con \"Il bambino che port\u00f2 la pace\" - Bellunopress - Dolomiti","isPartOf":{"@id":"https:\/\/www.bellunopress.it\/#website"},"datePublished":"2010-02-21T07:30:22+00:00","breadcrumb":{"@id":"https:\/\/www.bellunopress.it\/2010\/02\/21\/%e2%80%9cincontro-con-l%e2%80%99autore%e2%80%9d-a-belluno-e-feltre-salah-mahameed-con-il-bambino-che-porto-la-pace\/#breadcrumb"},"inLanguage":"fr-FR","potentialAction":[{"@type":"ReadAction","target":["https:\/\/www.bellunopress.it\/2010\/02\/21\/%e2%80%9cincontro-con-l%e2%80%99autore%e2%80%9d-a-belluno-e-feltre-salah-mahameed-con-il-bambino-che-porto-la-pace\/"]}]},{"@type":"BreadcrumbList","@id":"https:\/\/www.bellunopress.it\/2010\/02\/21\/%e2%80%9cincontro-con-l%e2%80%99autore%e2%80%9d-a-belluno-e-feltre-salah-mahameed-con-il-bambino-che-porto-la-pace\/#breadcrumb","itemListElement":[{"@type":"ListItem","position":1,"name":"Home","item":"https:\/\/www.bellunopress.it\/"},{"@type":"ListItem","position":2,"name":"\u201cIncontro con l\u2019autore\u201d. A Belluno e Feltre Salah Mahameed con &#8220;Il bambino che port\u00f2 la pace&#8221;"}]},{"@type":"WebSite","@id":"https:\/\/www.bellunopress.it\/#website","url":"https:\/\/www.bellunopress.it\/","name":"Bellunopress - Dolomiti","description":"e-mail: redazione@bellunopress.it","publisher":{"@id":"https:\/\/www.bellunopress.it\/#organization"},"potentialAction":[{"@type":"SearchAction","target":{"@type":"EntryPoint","urlTemplate":"https:\/\/www.bellunopress.it\/?s={search_term_string}"},"query-input":{"@type":"PropertyValueSpecification","valueRequired":true,"valueName":"search_term_string"}}],"inLanguage":"fr-FR"},{"@type":"Organization","@id":"https:\/\/www.bellunopress.it\/#organization","name":"Bellunopress","url":"https:\/\/www.bellunopress.it\/","logo":{"@type":"ImageObject","inLanguage":"fr-FR","@id":"https:\/\/www.bellunopress.it\/#\/schema\/logo\/image\/","url":"https:\/\/www.bellunopress.it\/wp-content\/uploads\/2011\/05\/cropped-logo-bellunopress-.jpg","contentUrl":"https:\/\/www.bellunopress.it\/wp-content\/uploads\/2011\/05\/cropped-logo-bellunopress-.jpg","width":512,"height":512,"caption":"Bellunopress"},"image":{"@id":"https:\/\/www.bellunopress.it\/#\/schema\/logo\/image\/"},"sameAs":["https:\/\/www.facebook.com\/profile.php?id=100008943462799","https:\/\/x.com\/bellunopress","https:\/\/www.linkedin.com\/hp\/?dnr=JBzUWaJfMUw8vbXJJ2tVW5-I3jZKvC4wsoxE&amp;amp;amp;amp;amp;amp;trk=nav_responsive_tab_home","https:\/\/www.youtube.com\/channel\/UCxL0wu1uN0_3_7hGG0306cw"]},{"@type":"Person","@id":"https:\/\/www.bellunopress.it\/#\/schema\/person\/79bb06722b37ece1c03d3e94beb30d73","name":"r\u00e9daction","image":{"@type":"ImageObject","inLanguage":"fr-FR","@id":"https:\/\/secure.gravatar.com\/avatar\/37d968a2e67a6fd04c169c4bdef102d0bc5d31b2546345219e348575eb80e9a0?s=96&d=mm&r=g","url":"https:\/\/secure.gravatar.com\/avatar\/37d968a2e67a6fd04c169c4bdef102d0bc5d31b2546345219e348575eb80e9a0?s=96&d=mm&r=g","contentUrl":"https:\/\/secure.gravatar.com\/avatar\/37d968a2e67a6fd04c169c4bdef102d0bc5d31b2546345219e348575eb80e9a0?s=96&d=mm&r=g","caption":"redazione"},"sameAs":["http:\/\/www.bellunopress.it","https:\/\/x.com\/bellunopress"],"url":"https:\/\/www.bellunopress.it\/fr\/author\/redazione\/"}]}},"_links":{"self":[{"href":"https:\/\/www.bellunopress.it\/fr\/wp-json\/wp\/v2\/posts\/12664","targetHints":{"allow":["GET"]}}],"collection":[{"href":"https:\/\/www.bellunopress.it\/fr\/wp-json\/wp\/v2\/posts"}],"about":[{"href":"https:\/\/www.bellunopress.it\/fr\/wp-json\/wp\/v2\/types\/post"}],"author":[{"embeddable":true,"href":"https:\/\/www.bellunopress.it\/fr\/wp-json\/wp\/v2\/users\/2"}],"replies":[{"embeddable":true,"href":"https:\/\/www.bellunopress.it\/fr\/wp-json\/wp\/v2\/comments?post=12664"}],"version-history":[{"count":3,"href":"https:\/\/www.bellunopress.it\/fr\/wp-json\/wp\/v2\/posts\/12664\/revisions"}],"predecessor-version":[{"id":12760,"href":"https:\/\/www.bellunopress.it\/fr\/wp-json\/wp\/v2\/posts\/12664\/revisions\/12760"}],"wp:attachment":[{"href":"https:\/\/www.bellunopress.it\/fr\/wp-json\/wp\/v2\/media?parent=12664"}],"wp:term":[{"taxonomy":"category","embeddable":true,"href":"https:\/\/www.bellunopress.it\/fr\/wp-json\/wp\/v2\/categories?post=12664"},{"taxonomy":"post_tag","embeddable":true,"href":"https:\/\/www.bellunopress.it\/fr\/wp-json\/wp\/v2\/tags?post=12664"}],"curies":[{"name":"wp","href":"https:\/\/api.w.org\/{rel}","templated":true}]}}