{"id":126632,"date":"2021-08-04T15:07:52","date_gmt":"2021-08-04T13:07:52","guid":{"rendered":"https:\/\/www.bellunopress.it\/?p=126632"},"modified":"2021-08-04T15:07:54","modified_gmt":"2021-08-04T13:07:54","slug":"troppe-misure-restrittive-e-sproporzionate-un-pilota-tedesco-ritira-liscrizione-alla-47ma-alpe-del-nevegal","status":"publish","type":"post","link":"https:\/\/www.bellunopress.it\/fr\/2021\/08\/04\/troppe-misure-restrittive-e-sproporzionate-un-pilota-tedesco-ritira-liscrizione-alla-47ma-alpe-del-nevegal\/","title":{"rendered":"Troppe misure restrittive e sproporzionate. Un pilota tedesco ritira l&#8217;iscrizione alla 47ma Alpe del Nevegal"},"content":{"rendered":"<p><a href=\"https:\/\/www.bellunopress.it\/fr\/2021\/08\/04\/troppe-misure-restrittive-e-sproporzionate-un-pilota-tedesco-ritira-liscrizione-alla-47ma-alpe-del-nevegal\/automobilismo-ritiro-alpe-del-nevegal_edited\/\" rel=\"attachment wp-att-126633\"><img loading=\"lazy\" decoding=\"async\" class=\"alignleft size-full wp-image-126633\" src=\"https:\/\/www.bellunopress.it\/wp-content\/uploads\/2021\/08\/automobilismo-ritiro-alpe-del-nevegal_edited.jpg\" alt=\"\" width=\"713\" height=\"501\" srcset=\"https:\/\/www.bellunopress.it\/wp-content\/uploads\/2021\/08\/automobilismo-ritiro-alpe-del-nevegal_edited.jpg 713w, https:\/\/www.bellunopress.it\/wp-content\/uploads\/2021\/08\/automobilismo-ritiro-alpe-del-nevegal_edited-500x351.jpg 500w, https:\/\/www.bellunopress.it\/wp-content\/uploads\/2021\/08\/automobilismo-ritiro-alpe-del-nevegal_edited-696x489.jpg 696w, https:\/\/www.bellunopress.it\/wp-content\/uploads\/2021\/08\/automobilismo-ritiro-alpe-del-nevegal_edited-598x420.jpg 598w, https:\/\/www.bellunopress.it\/wp-content\/uploads\/2021\/08\/automobilismo-ritiro-alpe-del-nevegal_edited-100x70.jpg 100w\" sizes=\"auto, (max-width: 713px) 100vw, 713px\" \/><\/a>Klaus, pilota di Rosenheim, la terza citt\u00e0 dell&#8217;Alta Baviera (Germania) dopo Monaco e Ingolstadt, ci scrive rammaricato dicendo di aver deciso di ritirare la propria iscrizione dalla 47ma Alpe del Nevegal.<\/p>\n<p>Ecco i motivi.<\/p>\n<p>&#8220;A causa di ulteriori misure restrittive, ai nostri occhi sproporzionate, e ai conseguenti obblighi di prova sul lato italiano e tedesco, con partenza\/validit\u00e0 una settimana o alcuni giorni prima dell&#8217;inizio della gara, abbiamo annullato la nostra partecipazione per la 47ma Alpe del Nevegal.<br \/>\nSiamo molto dispiaciuti per questo.<br \/>\nPartiamo dal presupposto che in entrambi i paesi i politici vogliano aumentare la pressione vaccinale e hanno quindi implementato queste regole all&#8217;interno e per le festivit\u00e0 natalizie&#8221;.<\/p>\n<p>&#8220;La seguente richiesta di annullamento (dopo una relativa costosa preparazione, prenotazioni e quant&#8217;altro) \u00e8 stata inviata all&#8217;ufficio promotore.<\/p>\n<p>Cari signore e signori,<\/p>\n<p>Si prega di notare che con la presente ritiro la mia domanda di partecipazione alla gara. Contesto la modifica del regolamento Corona da parte tedesca, oltre che da parte italiana, durante il processo di applicazione della gara. Con pena potenziale fino a 25.000 euro in caso di inadempimento&#8221;.<\/p>\n<p>&nbsp;<\/p>\n<p>&nbsp;<\/p>\n<p>&nbsp;<\/p>","protected":false},"excerpt":{"rendered":"<p>Klaus, pilota di Rosenheim, la terza citt\u00e0 dell&#8217;Alta Baviera (Germania) dopo Monaco e Ingolstadt, ci scrive rammaricato dicendo di aver deciso di ritirare la propria iscrizione dalla 47ma Alpe del Nevegal. Ecco i motivi. &#8220;A causa di ulteriori misure restrittive, ai nostri occhi sproporzionate, e ai conseguenti obblighi di prova sul lato italiano e tedesco, [&hellip;]<\/p>\n","protected":false},"author":2,"featured_media":126633,"comment_status":"closed","ping_status":"open","sticky":false,"template":"","format":"standard","meta":{"footnotes":""},"categories":[26,4],"tags":[],"class_list":["post-126632","post","type-post","status-publish","format-standard","has-post-thumbnail","category-prima-pagina","category-sport"],"yoast_head":"<!-- This site is optimized with the Yoast SEO plugin v28.4 - https:\/\/yoast.com\/product\/yoast-seo-wordpress\/ -->\n<title>Troppe misure restrittive e sproporzionate. Un pilota tedesco ritira l&#039;iscrizione alla 47ma Alpe del Nevegal - Bellunopress - Dolomiti<\/title>\n<meta name=\"robots\" content=\"index, follow, max-snippet:-1, max-image-preview:large, max-video-preview:-1\" \/>\n<link rel=\"canonical\" href=\"https:\/\/www.bellunopress.it\/fr\/2021\/08\/04\/troppe-misure-restrittive-e-sproporzionate-un-pilota-tedesco-ritira-liscrizione-alla-47ma-alpe-del-nevegal\/\" \/>\n<meta property=\"og:locale\" content=\"fr_FR\" \/>\n<meta property=\"og:type\" content=\"article\" \/>\n<meta property=\"og:title\" content=\"Troppe misure restrittive e sproporzionate. Un pilota tedesco ritira l&#039;iscrizione alla 47ma Alpe del Nevegal - Bellunopress - Dolomiti\" \/>\n<meta property=\"og:description\" content=\"Klaus, pilota di Rosenheim, la terza citt\u00e0 dell&#8217;Alta Baviera (Germania) dopo Monaco e Ingolstadt, ci scrive rammaricato dicendo di aver deciso di ritirare la propria iscrizione dalla 47ma Alpe del Nevegal. Ecco i motivi. &#8220;A causa di ulteriori misure restrittive, ai nostri occhi sproporzionate, e ai conseguenti obblighi di prova sul lato italiano e tedesco, [&hellip;]\" \/>\n<meta property=\"og:url\" content=\"https:\/\/www.bellunopress.it\/fr\/2021\/08\/04\/troppe-misure-restrittive-e-sproporzionate-un-pilota-tedesco-ritira-liscrizione-alla-47ma-alpe-del-nevegal\/\" \/>\n<meta property=\"og:site_name\" content=\"Bellunopress - Dolomiti\" \/>\n<meta property=\"article:publisher\" content=\"https:\/\/www.facebook.com\/profile.php?id=100008943462799\" \/>\n<meta property=\"article:published_time\" content=\"2021-08-04T13:07:52+00:00\" \/>\n<meta property=\"article:modified_time\" content=\"2021-08-04T13:07:54+00:00\" \/>\n<meta property=\"og:image\" content=\"https:\/\/www.bellunopress.it\/wp-content\/uploads\/2021\/08\/automobilismo-ritiro-alpe-del-nevegal_edited.jpg\" \/>\n\t<meta property=\"og:image:width\" content=\"713\" \/>\n\t<meta property=\"og:image:height\" content=\"501\" \/>\n\t<meta property=\"og:image:type\" content=\"image\/jpeg\" \/>\n<meta name=\"author\" content=\"redazione\" \/>\n<meta name=\"twitter:card\" content=\"summary_large_image\" \/>\n<meta name=\"twitter:creator\" content=\"@bellunopress\" \/>\n<meta name=\"twitter:site\" content=\"@bellunopress\" \/>\n<meta name=\"twitter:label1\" content=\"\u00c9crit par\" \/>\n\t<meta name=\"twitter:data1\" content=\"redazione\" \/>\n\t<meta name=\"twitter:label2\" content=\"Dur\u00e9e de lecture estim\u00e9e\" \/>\n\t<meta name=\"twitter:data2\" content=\"1 minute\" \/>\n<script type=\"application\/ld+json\" class=\"yoast-schema-graph\">{\"@context\":\"https:\\\/\\\/schema.org\",\"@graph\":[{\"@type\":\"Article\",\"@id\":\"https:\\\/\\\/www.bellunopress.it\\\/2021\\\/08\\\/04\\\/troppe-misure-restrittive-e-sproporzionate-un-pilota-tedesco-ritira-liscrizione-alla-47ma-alpe-del-nevegal\\\/#article\",\"isPartOf\":{\"@id\":\"https:\\\/\\\/www.bellunopress.it\\\/2021\\\/08\\\/04\\\/troppe-misure-restrittive-e-sproporzionate-un-pilota-tedesco-ritira-liscrizione-alla-47ma-alpe-del-nevegal\\\/\"},\"author\":{\"name\":\"redazione\",\"@id\":\"https:\\\/\\\/www.bellunopress.it\\\/#\\\/schema\\\/person\\\/79bb06722b37ece1c03d3e94beb30d73\"},\"headline\":\"Troppe misure restrittive e sproporzionate. Un pilota tedesco ritira l&#8217;iscrizione alla 47ma Alpe del Nevegal\",\"datePublished\":\"2021-08-04T13:07:52+00:00\",\"dateModified\":\"2021-08-04T13:07:54+00:00\",\"mainEntityOfPage\":{\"@id\":\"https:\\\/\\\/www.bellunopress.it\\\/2021\\\/08\\\/04\\\/troppe-misure-restrittive-e-sproporzionate-un-pilota-tedesco-ritira-liscrizione-alla-47ma-alpe-del-nevegal\\\/\"},\"wordCount\":202,\"publisher\":{\"@id\":\"https:\\\/\\\/www.bellunopress.it\\\/#organization\"},\"image\":{\"@id\":\"https:\\\/\\\/www.bellunopress.it\\\/2021\\\/08\\\/04\\\/troppe-misure-restrittive-e-sproporzionate-un-pilota-tedesco-ritira-liscrizione-alla-47ma-alpe-del-nevegal\\\/#primaryimage\"},\"thumbnailUrl\":\"https:\\\/\\\/www.bellunopress.it\\\/wp-content\\\/uploads\\\/2021\\\/08\\\/automobilismo-ritiro-alpe-del-nevegal_edited.jpg\",\"articleSection\":[\"Prima Pagina\",\"Sport, tempo libero\"],\"inLanguage\":\"fr-FR\"},{\"@type\":\"WebPage\",\"@id\":\"https:\\\/\\\/www.bellunopress.it\\\/2021\\\/08\\\/04\\\/troppe-misure-restrittive-e-sproporzionate-un-pilota-tedesco-ritira-liscrizione-alla-47ma-alpe-del-nevegal\\\/\",\"url\":\"https:\\\/\\\/www.bellunopress.it\\\/2021\\\/08\\\/04\\\/troppe-misure-restrittive-e-sproporzionate-un-pilota-tedesco-ritira-liscrizione-alla-47ma-alpe-del-nevegal\\\/\",\"name\":\"Troppe misure restrittive e sproporzionate. Un pilota tedesco ritira l'iscrizione alla 47ma Alpe del Nevegal - Bellunopress - Dolomiti\",\"isPartOf\":{\"@id\":\"https:\\\/\\\/www.bellunopress.it\\\/#website\"},\"primaryImageOfPage\":{\"@id\":\"https:\\\/\\\/www.bellunopress.it\\\/2021\\\/08\\\/04\\\/troppe-misure-restrittive-e-sproporzionate-un-pilota-tedesco-ritira-liscrizione-alla-47ma-alpe-del-nevegal\\\/#primaryimage\"},\"image\":{\"@id\":\"https:\\\/\\\/www.bellunopress.it\\\/2021\\\/08\\\/04\\\/troppe-misure-restrittive-e-sproporzionate-un-pilota-tedesco-ritira-liscrizione-alla-47ma-alpe-del-nevegal\\\/#primaryimage\"},\"thumbnailUrl\":\"https:\\\/\\\/www.bellunopress.it\\\/wp-content\\\/uploads\\\/2021\\\/08\\\/automobilismo-ritiro-alpe-del-nevegal_edited.jpg\",\"datePublished\":\"2021-08-04T13:07:52+00:00\",\"dateModified\":\"2021-08-04T13:07:54+00:00\",\"breadcrumb\":{\"@id\":\"https:\\\/\\\/www.bellunopress.it\\\/2021\\\/08\\\/04\\\/troppe-misure-restrittive-e-sproporzionate-un-pilota-tedesco-ritira-liscrizione-alla-47ma-alpe-del-nevegal\\\/#breadcrumb\"},\"inLanguage\":\"fr-FR\",\"potentialAction\":[{\"@type\":\"ReadAction\",\"target\":[\"https:\\\/\\\/www.bellunopress.it\\\/2021\\\/08\\\/04\\\/troppe-misure-restrittive-e-sproporzionate-un-pilota-tedesco-ritira-liscrizione-alla-47ma-alpe-del-nevegal\\\/\"]}]},{\"@type\":\"ImageObject\",\"inLanguage\":\"fr-FR\",\"@id\":\"https:\\\/\\\/www.bellunopress.it\\\/2021\\\/08\\\/04\\\/troppe-misure-restrittive-e-sproporzionate-un-pilota-tedesco-ritira-liscrizione-alla-47ma-alpe-del-nevegal\\\/#primaryimage\",\"url\":\"https:\\\/\\\/www.bellunopress.it\\\/wp-content\\\/uploads\\\/2021\\\/08\\\/automobilismo-ritiro-alpe-del-nevegal_edited.jpg\",\"contentUrl\":\"https:\\\/\\\/www.bellunopress.it\\\/wp-content\\\/uploads\\\/2021\\\/08\\\/automobilismo-ritiro-alpe-del-nevegal_edited.jpg\",\"width\":713,\"height\":501},{\"@type\":\"BreadcrumbList\",\"@id\":\"https:\\\/\\\/www.bellunopress.it\\\/2021\\\/08\\\/04\\\/troppe-misure-restrittive-e-sproporzionate-un-pilota-tedesco-ritira-liscrizione-alla-47ma-alpe-del-nevegal\\\/#breadcrumb\",\"itemListElement\":[{\"@type\":\"ListItem\",\"position\":1,\"name\":\"Home\",\"item\":\"https:\\\/\\\/www.bellunopress.it\\\/\"},{\"@type\":\"ListItem\",\"position\":2,\"name\":\"Troppe misure restrittive e sproporzionate. Un pilota tedesco ritira l&#8217;iscrizione alla 47ma Alpe del Nevegal\"}]},{\"@type\":\"WebSite\",\"@id\":\"https:\\\/\\\/www.bellunopress.it\\\/#website\",\"url\":\"https:\\\/\\\/www.bellunopress.it\\\/\",\"name\":\"Bellunopress - Dolomiti\",\"description\":\"e-mail: redazione@bellunopress.it\",\"publisher\":{\"@id\":\"https:\\\/\\\/www.bellunopress.it\\\/#organization\"},\"potentialAction\":[{\"@type\":\"SearchAction\",\"target\":{\"@type\":\"EntryPoint\",\"urlTemplate\":\"https:\\\/\\\/www.bellunopress.it\\\/?s={search_term_string}\"},\"query-input\":{\"@type\":\"PropertyValueSpecification\",\"valueRequired\":true,\"valueName\":\"search_term_string\"}}],\"inLanguage\":\"fr-FR\"},{\"@type\":\"Organization\",\"@id\":\"https:\\\/\\\/www.bellunopress.it\\\/#organization\",\"name\":\"Bellunopress\",\"url\":\"https:\\\/\\\/www.bellunopress.it\\\/\",\"logo\":{\"@type\":\"ImageObject\",\"inLanguage\":\"fr-FR\",\"@id\":\"https:\\\/\\\/www.bellunopress.it\\\/#\\\/schema\\\/logo\\\/image\\\/\",\"url\":\"https:\\\/\\\/www.bellunopress.it\\\/wp-content\\\/uploads\\\/2011\\\/05\\\/cropped-logo-bellunopress-.jpg\",\"contentUrl\":\"https:\\\/\\\/www.bellunopress.it\\\/wp-content\\\/uploads\\\/2011\\\/05\\\/cropped-logo-bellunopress-.jpg\",\"width\":512,\"height\":512,\"caption\":\"Bellunopress\"},\"image\":{\"@id\":\"https:\\\/\\\/www.bellunopress.it\\\/#\\\/schema\\\/logo\\\/image\\\/\"},\"sameAs\":[\"https:\\\/\\\/www.facebook.com\\\/profile.php?id=100008943462799\",\"https:\\\/\\\/x.com\\\/bellunopress\",\"https:\\\/\\\/www.linkedin.com\\\/hp\\\/?dnr=JBzUWaJfMUw8vbXJJ2tVW5-I3jZKvC4wsoxE&amp;amp;amp;amp;amp;amp;trk=nav_responsive_tab_home\",\"https:\\\/\\\/www.youtube.com\\\/channel\\\/UCxL0wu1uN0_3_7hGG0306cw\"]},{\"@type\":\"Person\",\"@id\":\"https:\\\/\\\/www.bellunopress.it\\\/#\\\/schema\\\/person\\\/79bb06722b37ece1c03d3e94beb30d73\",\"name\":\"redazione\",\"image\":{\"@type\":\"ImageObject\",\"inLanguage\":\"fr-FR\",\"@id\":\"https:\\\/\\\/secure.gravatar.com\\\/avatar\\\/37d968a2e67a6fd04c169c4bdef102d0bc5d31b2546345219e348575eb80e9a0?s=96&d=mm&r=g\",\"url\":\"https:\\\/\\\/secure.gravatar.com\\\/avatar\\\/37d968a2e67a6fd04c169c4bdef102d0bc5d31b2546345219e348575eb80e9a0?s=96&d=mm&r=g\",\"contentUrl\":\"https:\\\/\\\/secure.gravatar.com\\\/avatar\\\/37d968a2e67a6fd04c169c4bdef102d0bc5d31b2546345219e348575eb80e9a0?s=96&d=mm&r=g\",\"caption\":\"redazione\"},\"sameAs\":[\"http:\\\/\\\/www.bellunopress.it\",\"https:\\\/\\\/x.com\\\/bellunopress\"],\"url\":\"https:\\\/\\\/www.bellunopress.it\\\/fr\\\/author\\\/redazione\\\/\"}]}<\/script>\n<!-- \/ Yoast SEO plugin. -->","yoast_head_json":{"title":"Troppe misure restrittive e sproporzionate. Un pilota tedesco ritira l'iscrizione alla 47ma Alpe del Nevegal - Bellunopress - Dolomiti","robots":{"index":"index","follow":"follow","max-snippet":"max-snippet:-1","max-image-preview":"max-image-preview:large","max-video-preview":"max-video-preview:-1"},"canonical":"https:\/\/www.bellunopress.it\/fr\/2021\/08\/04\/troppe-misure-restrittive-e-sproporzionate-un-pilota-tedesco-ritira-liscrizione-alla-47ma-alpe-del-nevegal\/","og_locale":"fr_FR","og_type":"article","og_title":"Troppe misure restrittive e sproporzionate. Un pilota tedesco ritira l'iscrizione alla 47ma Alpe del Nevegal - Bellunopress - Dolomiti","og_description":"Klaus, pilota di Rosenheim, la terza citt\u00e0 dell&#8217;Alta Baviera (Germania) dopo Monaco e Ingolstadt, ci scrive rammaricato dicendo di aver deciso di ritirare la propria iscrizione dalla 47ma Alpe del Nevegal. Ecco i motivi. &#8220;A causa di ulteriori misure restrittive, ai nostri occhi sproporzionate, e ai conseguenti obblighi di prova sul lato italiano e tedesco, [&hellip;]","og_url":"https:\/\/www.bellunopress.it\/fr\/2021\/08\/04\/troppe-misure-restrittive-e-sproporzionate-un-pilota-tedesco-ritira-liscrizione-alla-47ma-alpe-del-nevegal\/","og_site_name":"Bellunopress - Dolomiti","article_publisher":"https:\/\/www.facebook.com\/profile.php?id=100008943462799","article_published_time":"2021-08-04T13:07:52+00:00","article_modified_time":"2021-08-04T13:07:54+00:00","og_image":[{"width":713,"height":501,"url":"https:\/\/www.bellunopress.it\/wp-content\/uploads\/2021\/08\/automobilismo-ritiro-alpe-del-nevegal_edited.jpg","type":"image\/jpeg"}],"author":"redazione","twitter_card":"summary_large_image","twitter_creator":"@bellunopress","twitter_site":"@bellunopress","twitter_misc":{"\u00c9crit par":"redazione","Dur\u00e9e de lecture estim\u00e9e":"1 minute"},"schema":{"@context":"https:\/\/schema.org","@graph":[{"@type":"Article","@id":"https:\/\/www.bellunopress.it\/2021\/08\/04\/troppe-misure-restrittive-e-sproporzionate-un-pilota-tedesco-ritira-liscrizione-alla-47ma-alpe-del-nevegal\/#article","isPartOf":{"@id":"https:\/\/www.bellunopress.it\/2021\/08\/04\/troppe-misure-restrittive-e-sproporzionate-un-pilota-tedesco-ritira-liscrizione-alla-47ma-alpe-del-nevegal\/"},"author":{"name":"redazione","@id":"https:\/\/www.bellunopress.it\/#\/schema\/person\/79bb06722b37ece1c03d3e94beb30d73"},"headline":"Troppe misure restrittive e sproporzionate. Un pilota tedesco ritira l&#8217;iscrizione alla 47ma Alpe del Nevegal","datePublished":"2021-08-04T13:07:52+00:00","dateModified":"2021-08-04T13:07:54+00:00","mainEntityOfPage":{"@id":"https:\/\/www.bellunopress.it\/2021\/08\/04\/troppe-misure-restrittive-e-sproporzionate-un-pilota-tedesco-ritira-liscrizione-alla-47ma-alpe-del-nevegal\/"},"wordCount":202,"publisher":{"@id":"https:\/\/www.bellunopress.it\/#organization"},"image":{"@id":"https:\/\/www.bellunopress.it\/2021\/08\/04\/troppe-misure-restrittive-e-sproporzionate-un-pilota-tedesco-ritira-liscrizione-alla-47ma-alpe-del-nevegal\/#primaryimage"},"thumbnailUrl":"https:\/\/www.bellunopress.it\/wp-content\/uploads\/2021\/08\/automobilismo-ritiro-alpe-del-nevegal_edited.jpg","articleSection":["Prima Pagina","Sport, tempo libero"],"inLanguage":"fr-FR"},{"@type":"WebPage","@id":"https:\/\/www.bellunopress.it\/2021\/08\/04\/troppe-misure-restrittive-e-sproporzionate-un-pilota-tedesco-ritira-liscrizione-alla-47ma-alpe-del-nevegal\/","url":"https:\/\/www.bellunopress.it\/2021\/08\/04\/troppe-misure-restrittive-e-sproporzionate-un-pilota-tedesco-ritira-liscrizione-alla-47ma-alpe-del-nevegal\/","name":"Troppe misure restrittive e sproporzionate. Un pilota tedesco ritira l'iscrizione alla 47ma Alpe del Nevegal - Bellunopress - Dolomiti","isPartOf":{"@id":"https:\/\/www.bellunopress.it\/#website"},"primaryImageOfPage":{"@id":"https:\/\/www.bellunopress.it\/2021\/08\/04\/troppe-misure-restrittive-e-sproporzionate-un-pilota-tedesco-ritira-liscrizione-alla-47ma-alpe-del-nevegal\/#primaryimage"},"image":{"@id":"https:\/\/www.bellunopress.it\/2021\/08\/04\/troppe-misure-restrittive-e-sproporzionate-un-pilota-tedesco-ritira-liscrizione-alla-47ma-alpe-del-nevegal\/#primaryimage"},"thumbnailUrl":"https:\/\/www.bellunopress.it\/wp-content\/uploads\/2021\/08\/automobilismo-ritiro-alpe-del-nevegal_edited.jpg","datePublished":"2021-08-04T13:07:52+00:00","dateModified":"2021-08-04T13:07:54+00:00","breadcrumb":{"@id":"https:\/\/www.bellunopress.it\/2021\/08\/04\/troppe-misure-restrittive-e-sproporzionate-un-pilota-tedesco-ritira-liscrizione-alla-47ma-alpe-del-nevegal\/#breadcrumb"},"inLanguage":"fr-FR","potentialAction":[{"@type":"ReadAction","target":["https:\/\/www.bellunopress.it\/2021\/08\/04\/troppe-misure-restrittive-e-sproporzionate-un-pilota-tedesco-ritira-liscrizione-alla-47ma-alpe-del-nevegal\/"]}]},{"@type":"ImageObject","inLanguage":"fr-FR","@id":"https:\/\/www.bellunopress.it\/2021\/08\/04\/troppe-misure-restrittive-e-sproporzionate-un-pilota-tedesco-ritira-liscrizione-alla-47ma-alpe-del-nevegal\/#primaryimage","url":"https:\/\/www.bellunopress.it\/wp-content\/uploads\/2021\/08\/automobilismo-ritiro-alpe-del-nevegal_edited.jpg","contentUrl":"https:\/\/www.bellunopress.it\/wp-content\/uploads\/2021\/08\/automobilismo-ritiro-alpe-del-nevegal_edited.jpg","width":713,"height":501},{"@type":"BreadcrumbList","@id":"https:\/\/www.bellunopress.it\/2021\/08\/04\/troppe-misure-restrittive-e-sproporzionate-un-pilota-tedesco-ritira-liscrizione-alla-47ma-alpe-del-nevegal\/#breadcrumb","itemListElement":[{"@type":"ListItem","position":1,"name":"Home","item":"https:\/\/www.bellunopress.it\/"},{"@type":"ListItem","position":2,"name":"Troppe misure restrittive e sproporzionate. Un pilota tedesco ritira l&#8217;iscrizione alla 47ma Alpe del Nevegal"}]},{"@type":"WebSite","@id":"https:\/\/www.bellunopress.it\/#website","url":"https:\/\/www.bellunopress.it\/","name":"Bellunopress - Dolomiti","description":"e-mail: redazione@bellunopress.it","publisher":{"@id":"https:\/\/www.bellunopress.it\/#organization"},"potentialAction":[{"@type":"SearchAction","target":{"@type":"EntryPoint","urlTemplate":"https:\/\/www.bellunopress.it\/?s={search_term_string}"},"query-input":{"@type":"PropertyValueSpecification","valueRequired":true,"valueName":"search_term_string"}}],"inLanguage":"fr-FR"},{"@type":"Organization","@id":"https:\/\/www.bellunopress.it\/#organization","name":"Bellunopress","url":"https:\/\/www.bellunopress.it\/","logo":{"@type":"ImageObject","inLanguage":"fr-FR","@id":"https:\/\/www.bellunopress.it\/#\/schema\/logo\/image\/","url":"https:\/\/www.bellunopress.it\/wp-content\/uploads\/2011\/05\/cropped-logo-bellunopress-.jpg","contentUrl":"https:\/\/www.bellunopress.it\/wp-content\/uploads\/2011\/05\/cropped-logo-bellunopress-.jpg","width":512,"height":512,"caption":"Bellunopress"},"image":{"@id":"https:\/\/www.bellunopress.it\/#\/schema\/logo\/image\/"},"sameAs":["https:\/\/www.facebook.com\/profile.php?id=100008943462799","https:\/\/x.com\/bellunopress","https:\/\/www.linkedin.com\/hp\/?dnr=JBzUWaJfMUw8vbXJJ2tVW5-I3jZKvC4wsoxE&amp;amp;amp;amp;amp;amp;trk=nav_responsive_tab_home","https:\/\/www.youtube.com\/channel\/UCxL0wu1uN0_3_7hGG0306cw"]},{"@type":"Person","@id":"https:\/\/www.bellunopress.it\/#\/schema\/person\/79bb06722b37ece1c03d3e94beb30d73","name":"r\u00e9daction","image":{"@type":"ImageObject","inLanguage":"fr-FR","@id":"https:\/\/secure.gravatar.com\/avatar\/37d968a2e67a6fd04c169c4bdef102d0bc5d31b2546345219e348575eb80e9a0?s=96&d=mm&r=g","url":"https:\/\/secure.gravatar.com\/avatar\/37d968a2e67a6fd04c169c4bdef102d0bc5d31b2546345219e348575eb80e9a0?s=96&d=mm&r=g","contentUrl":"https:\/\/secure.gravatar.com\/avatar\/37d968a2e67a6fd04c169c4bdef102d0bc5d31b2546345219e348575eb80e9a0?s=96&d=mm&r=g","caption":"redazione"},"sameAs":["http:\/\/www.bellunopress.it","https:\/\/x.com\/bellunopress"],"url":"https:\/\/www.bellunopress.it\/fr\/author\/redazione\/"}]}},"_links":{"self":[{"href":"https:\/\/www.bellunopress.it\/fr\/wp-json\/wp\/v2\/posts\/126632","targetHints":{"allow":["GET"]}}],"collection":[{"href":"https:\/\/www.bellunopress.it\/fr\/wp-json\/wp\/v2\/posts"}],"about":[{"href":"https:\/\/www.bellunopress.it\/fr\/wp-json\/wp\/v2\/types\/post"}],"author":[{"embeddable":true,"href":"https:\/\/www.bellunopress.it\/fr\/wp-json\/wp\/v2\/users\/2"}],"replies":[{"embeddable":true,"href":"https:\/\/www.bellunopress.it\/fr\/wp-json\/wp\/v2\/comments?post=126632"}],"version-history":[{"count":2,"href":"https:\/\/www.bellunopress.it\/fr\/wp-json\/wp\/v2\/posts\/126632\/revisions"}],"predecessor-version":[{"id":126635,"href":"https:\/\/www.bellunopress.it\/fr\/wp-json\/wp\/v2\/posts\/126632\/revisions\/126635"}],"wp:featuredmedia":[{"embeddable":true,"href":"https:\/\/www.bellunopress.it\/fr\/wp-json\/wp\/v2\/media\/126633"}],"wp:attachment":[{"href":"https:\/\/www.bellunopress.it\/fr\/wp-json\/wp\/v2\/media?parent=126632"}],"wp:term":[{"taxonomy":"category","embeddable":true,"href":"https:\/\/www.bellunopress.it\/fr\/wp-json\/wp\/v2\/categories?post=126632"},{"taxonomy":"post_tag","embeddable":true,"href":"https:\/\/www.bellunopress.it\/fr\/wp-json\/wp\/v2\/tags?post=126632"}],"curies":[{"name":"wp","href":"https:\/\/api.w.org\/{rel}","templated":true}]}}