{"id":126626,"date":"2021-08-04T12:23:29","date_gmt":"2021-08-04T10:23:29","guid":{"rendered":"https:\/\/www.bellunopress.it\/?p=126626"},"modified":"2021-08-04T12:23:30","modified_gmt":"2021-08-04T10:23:30","slug":"concerto-the-royal-fireworks-sulle-cinque-torri-applauditi-il-direttore-beatrice-venezi-e-lorchestra-filarmonica-italiana","status":"publish","type":"post","link":"https:\/\/www.bellunopress.it\/fr\/2021\/08\/04\/concerto-the-royal-fireworks-sulle-cinque-torri-applauditi-il-direttore-beatrice-venezi-e-lorchestra-filarmonica-italiana\/","title":{"rendered":"Concerto The Royal Fireworks sulle Cinque Torri. Applauditi il direttore Beatrice Venezi e l&#8217;Orchestra Filarmonica Italiana"},"content":{"rendered":"<figure id=\"attachment_126628\" aria-describedby=\"caption-attachment-126628\" style=\"width: 800px\" class=\"wp-caption alignleft\"><a href=\"https:\/\/www.bellunopress.it\/fr\/2021\/08\/04\/concerto-the-royal-fireworks-sulle-cinque-torri-applauditi-il-direttore-beatrice-venezi-e-lorchestra-filarmonica-italiana\/beatrice-venezi_cinque-torri_edited\/\" rel=\"attachment wp-att-126628\"><img loading=\"lazy\" decoding=\"async\" class=\"size-full wp-image-126628\" src=\"https:\/\/www.bellunopress.it\/wp-content\/uploads\/2021\/08\/Beatrice-Venezi_Cinque-Torri_edited.jpg\" alt=\"\" width=\"800\" height=\"430\" srcset=\"https:\/\/www.bellunopress.it\/wp-content\/uploads\/2021\/08\/Beatrice-Venezi_Cinque-Torri_edited.jpg 800w, https:\/\/www.bellunopress.it\/wp-content\/uploads\/2021\/08\/Beatrice-Venezi_Cinque-Torri_edited-500x269.jpg 500w, https:\/\/www.bellunopress.it\/wp-content\/uploads\/2021\/08\/Beatrice-Venezi_Cinque-Torri_edited-696x374.jpg 696w, https:\/\/www.bellunopress.it\/wp-content\/uploads\/2021\/08\/Beatrice-Venezi_Cinque-Torri_edited-781x420.jpg 781w\" sizes=\"auto, (max-width: 800px) 100vw, 800px\" \/><\/a><figcaption id=\"caption-attachment-126628\" class=\"wp-caption-text\">Beatrice Venezi &#8211; Direttore Orchestra Filarmonica Italiana<\/figcaption><\/figure>\n<p>L\u2019evento site specific, tra gli appuntamenti di punta della rassegna CortinAteatro coorganizzata dal Comune di Cortina d\u2019Ampezzo e dall\u2019associazione Musincantus, a causa delle condizioni meteo non ottimali si \u00e8 svolto al Rifugio Scoiattoli, rinunciando allo spettacolo di luci.<\/p>\n<p>Nonostante la debole pioggia che ieri sera ha interessato le Cinque Torri di Cortina d\u2019Ampezzo, l\u2019eccezionale concerto site specific The Royal Fireworks, con l\u2019Orchestra Filarmonica Italiana dal vivo diretta da Beatrice Venezi, \u00e8 andato in scena: per quello che rappresenta uno degli eventi di punta di CortinAteatro, la stagione concertistica e teatrale ampezzana coorganizzata dal Comune di Cortina d\u2019Ampezzo e dall\u2019associazione Musincantus con la collaborazione del Teatro Stabile del Veneto, a causa del meteo avverso si \u00e8 dovuto rinunciare allo spettacolo di luci che Marco Filibeck, light designer de La Scala, aveva appositamente ideato, ma la magia della musica di Georg Friedrich H\u00e4ndel e lo scenario mozzafiato hanno saputo comunque rendere l\u2019evento unico ed emozionante.<\/p>\n<p><a href=\"https:\/\/www.bellunopress.it\/fr\/2021\/08\/04\/concerto-the-royal-fireworks-sulle-cinque-torri-applauditi-il-direttore-beatrice-venezi-e-lorchestra-filarmonica-italiana\/cinque-torri_the-royal-fireworks_edited\/\" rel=\"attachment wp-att-126629\"><img loading=\"lazy\" decoding=\"async\" class=\"alignleft size-full wp-image-126629\" src=\"https:\/\/www.bellunopress.it\/wp-content\/uploads\/2021\/08\/Cinque-Torri_The-Royal-Fireworks_edited.jpg\" alt=\"\" width=\"800\" height=\"800\" srcset=\"https:\/\/www.bellunopress.it\/wp-content\/uploads\/2021\/08\/Cinque-Torri_The-Royal-Fireworks_edited.jpg 800w, https:\/\/www.bellunopress.it\/wp-content\/uploads\/2021\/08\/Cinque-Torri_The-Royal-Fireworks_edited-500x500.jpg 500w, https:\/\/www.bellunopress.it\/wp-content\/uploads\/2021\/08\/Cinque-Torri_The-Royal-Fireworks_edited-300x300.jpg 300w, https:\/\/www.bellunopress.it\/wp-content\/uploads\/2021\/08\/Cinque-Torri_The-Royal-Fireworks_edited-696x696.jpg 696w, https:\/\/www.bellunopress.it\/wp-content\/uploads\/2021\/08\/Cinque-Torri_The-Royal-Fireworks_edited-420x420.jpg 420w\" sizes=\"auto, (max-width: 800px) 100vw, 800px\" \/><\/a>Il concerto si \u00e8 tenuto sulla terrazza del Rifugio Scoiattoli, con il panorama delle Cinque Torri illuminate.<\/p>\n<p>Sono state circa 300 le persone che, nonostante la pioggia, hanno raggiunto l\u2019anfiteatro naturale ai piedi della Torre Centrale, a circa 2200 metri di altitudine, per assistere al concerto, realizzato grazie alla partnership con Banca Generali Private, diretto dal pi\u00f9 giovane direttore d\u2019orchestra d\u2019Europa, la 31enne Beatrice Venezi, direttore principale ospite dell\u2019Orchestra della Toscana e direttore principale dell\u2019Orchestra da Camera Milano Classica e testimonial della Banca private.<br \/>\nLa determinazione e il coinvolgimento del pubblico, che ha dedicato ai musicisti applausi entusiasti, sono stati determinanti per la buona riuscita della serata.<\/p>\n<p>\u201cL\u2019evento \u2013 ha commentato Edoardo Bottacin, direttore artistico di CortinAteatro e presidente di Musincantus &#8211; non ha potuto svolgersi secondo le modalit\u00e0 previste, tuttavia la grande disponibilit\u00e0 dei musicisti e la prontezza di tutto lo staff ha permesso di portare a termine un\u2019esecuzione musicale straordinaria in una location altrettanto spettacolare\u201d.<\/p>\n<p>\u201cUna serata sicuramente speciale, da ricordare, &#8211; ha sottolineato Beatrice Venezi &#8211; che mi auguro sia di buon auspicio anche per la ripresa dell\u2019attivit\u00e0 culturale e musicale nel nostro paese\u201d. Il riferimento \u00e8 alla storia della suite Music for the Royal Fireworks, composta per celebrare la Pace di Aquisgrana del 18 ottobre 1748, che poneva fine alla Guerra di successione austriaca, ed eseguita il 27 aprile 1749 al Green Park di Londra per il festeggiamento collettivo.<\/p>\n<p>Prossimi appuntamenti. Gioved\u00ec 12 agosto sar\u00e0 la volta dell\u2019attesa opera lirica, che da tradizione connota la rassegna: quest\u2019anno all\u2019Alexander Girardi Hall di Cortina d\u2019Ampezzo andr\u00e0 in scena Il Barbiere di Siviglia, opera buffa in due atti di Gioacchino Rossini su libretto di Cesare Sterbini, proposta in forma scenica con la regia dell\u2019esordiente Tommaso Franchin e un nuovo allestimento prodotto da CortinAteatro. Diriger\u00e0 l\u2019Orchestra Regionale Filarmonia Veneta e concerter\u00e0 l\u2019opera il promettente Jacopo Cacco, affiancato da un cast di stelle tra le quali il mezzosoprano Paola Gardina, il baritono Biagio Pizzuto e il tenore Francisco Brito.<br \/>\nMarted\u00ec 10 agosto alle 19.00 all\u2019Alexander Girardi Hall \u00e8 prevista l\u2019anteprima per gli under 20. Inoltre gioved\u00ec 12 agosto alle 20.00, prima della recita, si potr\u00e0 assistere alla conferenza introduttiva e guida all\u2019ascolto.<\/p>\n<p>Info e prenotazioni: Regole d\u2019Ampezzo c\/o Museo Mario Rimoldi, tel. 0436 2206<\/p>\n<p>Info: musincantus.it<\/p>","protected":false},"excerpt":{"rendered":"<p>L\u2019evento site specific, tra gli appuntamenti di punta della rassegna CortinAteatro coorganizzata dal Comune di Cortina d\u2019Ampezzo e dall\u2019associazione Musincantus, a causa delle condizioni meteo non ottimali si \u00e8 svolto al Rifugio Scoiattoli, rinunciando allo spettacolo di luci. Nonostante la debole pioggia che ieri sera ha interessato le Cinque Torri di Cortina d\u2019Ampezzo, l\u2019eccezionale concerto [&hellip;]<\/p>\n","protected":false},"author":2,"featured_media":126628,"comment_status":"closed","ping_status":"open","sticky":false,"template":"","format":"standard","meta":{"footnotes":""},"categories":[3],"tags":[],"class_list":["post-126626","post","type-post","status-publish","format-standard","has-post-thumbnail","category-arte-cultura-spettacoli-scienza-archivi"],"yoast_head":"<!-- This site is optimized with the Yoast SEO plugin v28.4 - https:\/\/yoast.com\/product\/yoast-seo-wordpress\/ -->\n<title>Concerto The Royal Fireworks sulle Cinque Torri. Applauditi il direttore Beatrice Venezi e l&#039;Orchestra Filarmonica Italiana - Bellunopress - Dolomiti<\/title>\n<meta name=\"robots\" content=\"index, follow, max-snippet:-1, max-image-preview:large, max-video-preview:-1\" \/>\n<link rel=\"canonical\" href=\"https:\/\/www.bellunopress.it\/fr\/2021\/08\/04\/concerto-the-royal-fireworks-sulle-cinque-torri-applauditi-il-direttore-beatrice-venezi-e-lorchestra-filarmonica-italiana\/\" \/>\n<meta property=\"og:locale\" content=\"fr_FR\" \/>\n<meta property=\"og:type\" content=\"article\" \/>\n<meta property=\"og:title\" content=\"Concerto The Royal Fireworks sulle Cinque Torri. Applauditi il direttore Beatrice Venezi e l&#039;Orchestra Filarmonica Italiana - Bellunopress - Dolomiti\" \/>\n<meta property=\"og:description\" content=\"L\u2019evento site specific, tra gli appuntamenti di punta della rassegna CortinAteatro coorganizzata dal Comune di Cortina d\u2019Ampezzo e dall\u2019associazione Musincantus, a causa delle condizioni meteo non ottimali si \u00e8 svolto al Rifugio Scoiattoli, rinunciando allo spettacolo di luci. Nonostante la debole pioggia che ieri sera ha interessato le Cinque Torri di Cortina d\u2019Ampezzo, l\u2019eccezionale concerto [&hellip;]\" \/>\n<meta property=\"og:url\" content=\"https:\/\/www.bellunopress.it\/fr\/2021\/08\/04\/concerto-the-royal-fireworks-sulle-cinque-torri-applauditi-il-direttore-beatrice-venezi-e-lorchestra-filarmonica-italiana\/\" \/>\n<meta property=\"og:site_name\" content=\"Bellunopress - Dolomiti\" \/>\n<meta property=\"article:publisher\" content=\"https:\/\/www.facebook.com\/profile.php?id=100008943462799\" \/>\n<meta property=\"article:published_time\" content=\"2021-08-04T10:23:29+00:00\" \/>\n<meta property=\"article:modified_time\" content=\"2021-08-04T10:23:30+00:00\" \/>\n<meta property=\"og:image\" content=\"https:\/\/www.bellunopress.it\/wp-content\/uploads\/2021\/08\/Beatrice-Venezi_Cinque-Torri_edited.jpg\" \/>\n\t<meta property=\"og:image:width\" content=\"800\" \/>\n\t<meta property=\"og:image:height\" content=\"430\" \/>\n\t<meta property=\"og:image:type\" content=\"image\/jpeg\" \/>\n<meta name=\"author\" content=\"redazione\" \/>\n<meta name=\"twitter:card\" content=\"summary_large_image\" \/>\n<meta name=\"twitter:creator\" content=\"@bellunopress\" \/>\n<meta name=\"twitter:site\" content=\"@bellunopress\" \/>\n<meta name=\"twitter:label1\" content=\"\u00c9crit par\" \/>\n\t<meta name=\"twitter:data1\" content=\"redazione\" \/>\n\t<meta name=\"twitter:label2\" content=\"Dur\u00e9e de lecture estim\u00e9e\" \/>\n\t<meta name=\"twitter:data2\" content=\"3 minutes\" \/>\n<script type=\"application\/ld+json\" class=\"yoast-schema-graph\">{\"@context\":\"https:\\\/\\\/schema.org\",\"@graph\":[{\"@type\":\"Article\",\"@id\":\"https:\\\/\\\/www.bellunopress.it\\\/2021\\\/08\\\/04\\\/concerto-the-royal-fireworks-sulle-cinque-torri-applauditi-il-direttore-beatrice-venezi-e-lorchestra-filarmonica-italiana\\\/#article\",\"isPartOf\":{\"@id\":\"https:\\\/\\\/www.bellunopress.it\\\/2021\\\/08\\\/04\\\/concerto-the-royal-fireworks-sulle-cinque-torri-applauditi-il-direttore-beatrice-venezi-e-lorchestra-filarmonica-italiana\\\/\"},\"author\":{\"name\":\"redazione\",\"@id\":\"https:\\\/\\\/www.bellunopress.it\\\/#\\\/schema\\\/person\\\/79bb06722b37ece1c03d3e94beb30d73\"},\"headline\":\"Concerto The Royal Fireworks sulle Cinque Torri. Applauditi il direttore Beatrice Venezi e l&#8217;Orchestra Filarmonica Italiana\",\"datePublished\":\"2021-08-04T10:23:29+00:00\",\"dateModified\":\"2021-08-04T10:23:30+00:00\",\"mainEntityOfPage\":{\"@id\":\"https:\\\/\\\/www.bellunopress.it\\\/2021\\\/08\\\/04\\\/concerto-the-royal-fireworks-sulle-cinque-torri-applauditi-il-direttore-beatrice-venezi-e-lorchestra-filarmonica-italiana\\\/\"},\"wordCount\":569,\"publisher\":{\"@id\":\"https:\\\/\\\/www.bellunopress.it\\\/#organization\"},\"image\":{\"@id\":\"https:\\\/\\\/www.bellunopress.it\\\/2021\\\/08\\\/04\\\/concerto-the-royal-fireworks-sulle-cinque-torri-applauditi-il-direttore-beatrice-venezi-e-lorchestra-filarmonica-italiana\\\/#primaryimage\"},\"thumbnailUrl\":\"https:\\\/\\\/www.bellunopress.it\\\/wp-content\\\/uploads\\\/2021\\\/08\\\/Beatrice-Venezi_Cinque-Torri_edited.jpg\",\"articleSection\":[\"Arte, Cultura, Spettacoli, Scienza\"],\"inLanguage\":\"fr-FR\"},{\"@type\":\"WebPage\",\"@id\":\"https:\\\/\\\/www.bellunopress.it\\\/2021\\\/08\\\/04\\\/concerto-the-royal-fireworks-sulle-cinque-torri-applauditi-il-direttore-beatrice-venezi-e-lorchestra-filarmonica-italiana\\\/\",\"url\":\"https:\\\/\\\/www.bellunopress.it\\\/2021\\\/08\\\/04\\\/concerto-the-royal-fireworks-sulle-cinque-torri-applauditi-il-direttore-beatrice-venezi-e-lorchestra-filarmonica-italiana\\\/\",\"name\":\"Concerto The Royal Fireworks sulle Cinque Torri. Applauditi il direttore Beatrice Venezi e l'Orchestra Filarmonica Italiana - Bellunopress - Dolomiti\",\"isPartOf\":{\"@id\":\"https:\\\/\\\/www.bellunopress.it\\\/#website\"},\"primaryImageOfPage\":{\"@id\":\"https:\\\/\\\/www.bellunopress.it\\\/2021\\\/08\\\/04\\\/concerto-the-royal-fireworks-sulle-cinque-torri-applauditi-il-direttore-beatrice-venezi-e-lorchestra-filarmonica-italiana\\\/#primaryimage\"},\"image\":{\"@id\":\"https:\\\/\\\/www.bellunopress.it\\\/2021\\\/08\\\/04\\\/concerto-the-royal-fireworks-sulle-cinque-torri-applauditi-il-direttore-beatrice-venezi-e-lorchestra-filarmonica-italiana\\\/#primaryimage\"},\"thumbnailUrl\":\"https:\\\/\\\/www.bellunopress.it\\\/wp-content\\\/uploads\\\/2021\\\/08\\\/Beatrice-Venezi_Cinque-Torri_edited.jpg\",\"datePublished\":\"2021-08-04T10:23:29+00:00\",\"dateModified\":\"2021-08-04T10:23:30+00:00\",\"breadcrumb\":{\"@id\":\"https:\\\/\\\/www.bellunopress.it\\\/2021\\\/08\\\/04\\\/concerto-the-royal-fireworks-sulle-cinque-torri-applauditi-il-direttore-beatrice-venezi-e-lorchestra-filarmonica-italiana\\\/#breadcrumb\"},\"inLanguage\":\"fr-FR\",\"potentialAction\":[{\"@type\":\"ReadAction\",\"target\":[\"https:\\\/\\\/www.bellunopress.it\\\/2021\\\/08\\\/04\\\/concerto-the-royal-fireworks-sulle-cinque-torri-applauditi-il-direttore-beatrice-venezi-e-lorchestra-filarmonica-italiana\\\/\"]}]},{\"@type\":\"ImageObject\",\"inLanguage\":\"fr-FR\",\"@id\":\"https:\\\/\\\/www.bellunopress.it\\\/2021\\\/08\\\/04\\\/concerto-the-royal-fireworks-sulle-cinque-torri-applauditi-il-direttore-beatrice-venezi-e-lorchestra-filarmonica-italiana\\\/#primaryimage\",\"url\":\"https:\\\/\\\/www.bellunopress.it\\\/wp-content\\\/uploads\\\/2021\\\/08\\\/Beatrice-Venezi_Cinque-Torri_edited.jpg\",\"contentUrl\":\"https:\\\/\\\/www.bellunopress.it\\\/wp-content\\\/uploads\\\/2021\\\/08\\\/Beatrice-Venezi_Cinque-Torri_edited.jpg\",\"width\":800,\"height\":430,\"caption\":\"Beatrice Venezi - Direttore Orchestra Filarmonica Italiana\"},{\"@type\":\"BreadcrumbList\",\"@id\":\"https:\\\/\\\/www.bellunopress.it\\\/2021\\\/08\\\/04\\\/concerto-the-royal-fireworks-sulle-cinque-torri-applauditi-il-direttore-beatrice-venezi-e-lorchestra-filarmonica-italiana\\\/#breadcrumb\",\"itemListElement\":[{\"@type\":\"ListItem\",\"position\":1,\"name\":\"Home\",\"item\":\"https:\\\/\\\/www.bellunopress.it\\\/\"},{\"@type\":\"ListItem\",\"position\":2,\"name\":\"Concerto The Royal Fireworks sulle Cinque Torri. Applauditi il direttore Beatrice Venezi e l&#8217;Orchestra Filarmonica Italiana\"}]},{\"@type\":\"WebSite\",\"@id\":\"https:\\\/\\\/www.bellunopress.it\\\/#website\",\"url\":\"https:\\\/\\\/www.bellunopress.it\\\/\",\"name\":\"Bellunopress - Dolomiti\",\"description\":\"e-mail: redazione@bellunopress.it\",\"publisher\":{\"@id\":\"https:\\\/\\\/www.bellunopress.it\\\/#organization\"},\"potentialAction\":[{\"@type\":\"SearchAction\",\"target\":{\"@type\":\"EntryPoint\",\"urlTemplate\":\"https:\\\/\\\/www.bellunopress.it\\\/?s={search_term_string}\"},\"query-input\":{\"@type\":\"PropertyValueSpecification\",\"valueRequired\":true,\"valueName\":\"search_term_string\"}}],\"inLanguage\":\"fr-FR\"},{\"@type\":\"Organization\",\"@id\":\"https:\\\/\\\/www.bellunopress.it\\\/#organization\",\"name\":\"Bellunopress\",\"url\":\"https:\\\/\\\/www.bellunopress.it\\\/\",\"logo\":{\"@type\":\"ImageObject\",\"inLanguage\":\"fr-FR\",\"@id\":\"https:\\\/\\\/www.bellunopress.it\\\/#\\\/schema\\\/logo\\\/image\\\/\",\"url\":\"https:\\\/\\\/www.bellunopress.it\\\/wp-content\\\/uploads\\\/2011\\\/05\\\/cropped-logo-bellunopress-.jpg\",\"contentUrl\":\"https:\\\/\\\/www.bellunopress.it\\\/wp-content\\\/uploads\\\/2011\\\/05\\\/cropped-logo-bellunopress-.jpg\",\"width\":512,\"height\":512,\"caption\":\"Bellunopress\"},\"image\":{\"@id\":\"https:\\\/\\\/www.bellunopress.it\\\/#\\\/schema\\\/logo\\\/image\\\/\"},\"sameAs\":[\"https:\\\/\\\/www.facebook.com\\\/profile.php?id=100008943462799\",\"https:\\\/\\\/x.com\\\/bellunopress\",\"https:\\\/\\\/www.linkedin.com\\\/hp\\\/?dnr=JBzUWaJfMUw8vbXJJ2tVW5-I3jZKvC4wsoxE&amp;amp;amp;amp;amp;amp;trk=nav_responsive_tab_home\",\"https:\\\/\\\/www.youtube.com\\\/channel\\\/UCxL0wu1uN0_3_7hGG0306cw\"]},{\"@type\":\"Person\",\"@id\":\"https:\\\/\\\/www.bellunopress.it\\\/#\\\/schema\\\/person\\\/79bb06722b37ece1c03d3e94beb30d73\",\"name\":\"redazione\",\"image\":{\"@type\":\"ImageObject\",\"inLanguage\":\"fr-FR\",\"@id\":\"https:\\\/\\\/secure.gravatar.com\\\/avatar\\\/37d968a2e67a6fd04c169c4bdef102d0bc5d31b2546345219e348575eb80e9a0?s=96&d=mm&r=g\",\"url\":\"https:\\\/\\\/secure.gravatar.com\\\/avatar\\\/37d968a2e67a6fd04c169c4bdef102d0bc5d31b2546345219e348575eb80e9a0?s=96&d=mm&r=g\",\"contentUrl\":\"https:\\\/\\\/secure.gravatar.com\\\/avatar\\\/37d968a2e67a6fd04c169c4bdef102d0bc5d31b2546345219e348575eb80e9a0?s=96&d=mm&r=g\",\"caption\":\"redazione\"},\"sameAs\":[\"http:\\\/\\\/www.bellunopress.it\",\"https:\\\/\\\/x.com\\\/bellunopress\"],\"url\":\"https:\\\/\\\/www.bellunopress.it\\\/fr\\\/author\\\/redazione\\\/\"}]}<\/script>\n<!-- \/ Yoast SEO plugin. -->","yoast_head_json":{"title":"Concerto The Royal Fireworks sulle Cinque Torri. Applauditi il direttore Beatrice Venezi e l'Orchestra Filarmonica Italiana - Bellunopress - Dolomiti","robots":{"index":"index","follow":"follow","max-snippet":"max-snippet:-1","max-image-preview":"max-image-preview:large","max-video-preview":"max-video-preview:-1"},"canonical":"https:\/\/www.bellunopress.it\/fr\/2021\/08\/04\/concerto-the-royal-fireworks-sulle-cinque-torri-applauditi-il-direttore-beatrice-venezi-e-lorchestra-filarmonica-italiana\/","og_locale":"fr_FR","og_type":"article","og_title":"Concerto The Royal Fireworks sulle Cinque Torri. Applauditi il direttore Beatrice Venezi e l'Orchestra Filarmonica Italiana - Bellunopress - Dolomiti","og_description":"L\u2019evento site specific, tra gli appuntamenti di punta della rassegna CortinAteatro coorganizzata dal Comune di Cortina d\u2019Ampezzo e dall\u2019associazione Musincantus, a causa delle condizioni meteo non ottimali si \u00e8 svolto al Rifugio Scoiattoli, rinunciando allo spettacolo di luci. Nonostante la debole pioggia che ieri sera ha interessato le Cinque Torri di Cortina d\u2019Ampezzo, l\u2019eccezionale concerto [&hellip;]","og_url":"https:\/\/www.bellunopress.it\/fr\/2021\/08\/04\/concerto-the-royal-fireworks-sulle-cinque-torri-applauditi-il-direttore-beatrice-venezi-e-lorchestra-filarmonica-italiana\/","og_site_name":"Bellunopress - Dolomiti","article_publisher":"https:\/\/www.facebook.com\/profile.php?id=100008943462799","article_published_time":"2021-08-04T10:23:29+00:00","article_modified_time":"2021-08-04T10:23:30+00:00","og_image":[{"width":800,"height":430,"url":"https:\/\/www.bellunopress.it\/wp-content\/uploads\/2021\/08\/Beatrice-Venezi_Cinque-Torri_edited.jpg","type":"image\/jpeg"}],"author":"redazione","twitter_card":"summary_large_image","twitter_creator":"@bellunopress","twitter_site":"@bellunopress","twitter_misc":{"\u00c9crit par":"redazione","Dur\u00e9e de lecture estim\u00e9e":"3 minutes"},"schema":{"@context":"https:\/\/schema.org","@graph":[{"@type":"Article","@id":"https:\/\/www.bellunopress.it\/2021\/08\/04\/concerto-the-royal-fireworks-sulle-cinque-torri-applauditi-il-direttore-beatrice-venezi-e-lorchestra-filarmonica-italiana\/#article","isPartOf":{"@id":"https:\/\/www.bellunopress.it\/2021\/08\/04\/concerto-the-royal-fireworks-sulle-cinque-torri-applauditi-il-direttore-beatrice-venezi-e-lorchestra-filarmonica-italiana\/"},"author":{"name":"redazione","@id":"https:\/\/www.bellunopress.it\/#\/schema\/person\/79bb06722b37ece1c03d3e94beb30d73"},"headline":"Concerto The Royal Fireworks sulle Cinque Torri. Applauditi il direttore Beatrice Venezi e l&#8217;Orchestra Filarmonica Italiana","datePublished":"2021-08-04T10:23:29+00:00","dateModified":"2021-08-04T10:23:30+00:00","mainEntityOfPage":{"@id":"https:\/\/www.bellunopress.it\/2021\/08\/04\/concerto-the-royal-fireworks-sulle-cinque-torri-applauditi-il-direttore-beatrice-venezi-e-lorchestra-filarmonica-italiana\/"},"wordCount":569,"publisher":{"@id":"https:\/\/www.bellunopress.it\/#organization"},"image":{"@id":"https:\/\/www.bellunopress.it\/2021\/08\/04\/concerto-the-royal-fireworks-sulle-cinque-torri-applauditi-il-direttore-beatrice-venezi-e-lorchestra-filarmonica-italiana\/#primaryimage"},"thumbnailUrl":"https:\/\/www.bellunopress.it\/wp-content\/uploads\/2021\/08\/Beatrice-Venezi_Cinque-Torri_edited.jpg","articleSection":["Arte, Cultura, Spettacoli, Scienza"],"inLanguage":"fr-FR"},{"@type":"WebPage","@id":"https:\/\/www.bellunopress.it\/2021\/08\/04\/concerto-the-royal-fireworks-sulle-cinque-torri-applauditi-il-direttore-beatrice-venezi-e-lorchestra-filarmonica-italiana\/","url":"https:\/\/www.bellunopress.it\/2021\/08\/04\/concerto-the-royal-fireworks-sulle-cinque-torri-applauditi-il-direttore-beatrice-venezi-e-lorchestra-filarmonica-italiana\/","name":"Concerto The Royal Fireworks sulle Cinque Torri. Applauditi il direttore Beatrice Venezi e l'Orchestra Filarmonica Italiana - Bellunopress - Dolomiti","isPartOf":{"@id":"https:\/\/www.bellunopress.it\/#website"},"primaryImageOfPage":{"@id":"https:\/\/www.bellunopress.it\/2021\/08\/04\/concerto-the-royal-fireworks-sulle-cinque-torri-applauditi-il-direttore-beatrice-venezi-e-lorchestra-filarmonica-italiana\/#primaryimage"},"image":{"@id":"https:\/\/www.bellunopress.it\/2021\/08\/04\/concerto-the-royal-fireworks-sulle-cinque-torri-applauditi-il-direttore-beatrice-venezi-e-lorchestra-filarmonica-italiana\/#primaryimage"},"thumbnailUrl":"https:\/\/www.bellunopress.it\/wp-content\/uploads\/2021\/08\/Beatrice-Venezi_Cinque-Torri_edited.jpg","datePublished":"2021-08-04T10:23:29+00:00","dateModified":"2021-08-04T10:23:30+00:00","breadcrumb":{"@id":"https:\/\/www.bellunopress.it\/2021\/08\/04\/concerto-the-royal-fireworks-sulle-cinque-torri-applauditi-il-direttore-beatrice-venezi-e-lorchestra-filarmonica-italiana\/#breadcrumb"},"inLanguage":"fr-FR","potentialAction":[{"@type":"ReadAction","target":["https:\/\/www.bellunopress.it\/2021\/08\/04\/concerto-the-royal-fireworks-sulle-cinque-torri-applauditi-il-direttore-beatrice-venezi-e-lorchestra-filarmonica-italiana\/"]}]},{"@type":"ImageObject","inLanguage":"fr-FR","@id":"https:\/\/www.bellunopress.it\/2021\/08\/04\/concerto-the-royal-fireworks-sulle-cinque-torri-applauditi-il-direttore-beatrice-venezi-e-lorchestra-filarmonica-italiana\/#primaryimage","url":"https:\/\/www.bellunopress.it\/wp-content\/uploads\/2021\/08\/Beatrice-Venezi_Cinque-Torri_edited.jpg","contentUrl":"https:\/\/www.bellunopress.it\/wp-content\/uploads\/2021\/08\/Beatrice-Venezi_Cinque-Torri_edited.jpg","width":800,"height":430,"caption":"Beatrice Venezi - Direttore Orchestra Filarmonica Italiana"},{"@type":"BreadcrumbList","@id":"https:\/\/www.bellunopress.it\/2021\/08\/04\/concerto-the-royal-fireworks-sulle-cinque-torri-applauditi-il-direttore-beatrice-venezi-e-lorchestra-filarmonica-italiana\/#breadcrumb","itemListElement":[{"@type":"ListItem","position":1,"name":"Home","item":"https:\/\/www.bellunopress.it\/"},{"@type":"ListItem","position":2,"name":"Concerto The Royal Fireworks sulle Cinque Torri. Applauditi il direttore Beatrice Venezi e l&#8217;Orchestra Filarmonica Italiana"}]},{"@type":"WebSite","@id":"https:\/\/www.bellunopress.it\/#website","url":"https:\/\/www.bellunopress.it\/","name":"Bellunopress - Dolomiti","description":"e-mail: redazione@bellunopress.it","publisher":{"@id":"https:\/\/www.bellunopress.it\/#organization"},"potentialAction":[{"@type":"SearchAction","target":{"@type":"EntryPoint","urlTemplate":"https:\/\/www.bellunopress.it\/?s={search_term_string}"},"query-input":{"@type":"PropertyValueSpecification","valueRequired":true,"valueName":"search_term_string"}}],"inLanguage":"fr-FR"},{"@type":"Organization","@id":"https:\/\/www.bellunopress.it\/#organization","name":"Bellunopress","url":"https:\/\/www.bellunopress.it\/","logo":{"@type":"ImageObject","inLanguage":"fr-FR","@id":"https:\/\/www.bellunopress.it\/#\/schema\/logo\/image\/","url":"https:\/\/www.bellunopress.it\/wp-content\/uploads\/2011\/05\/cropped-logo-bellunopress-.jpg","contentUrl":"https:\/\/www.bellunopress.it\/wp-content\/uploads\/2011\/05\/cropped-logo-bellunopress-.jpg","width":512,"height":512,"caption":"Bellunopress"},"image":{"@id":"https:\/\/www.bellunopress.it\/#\/schema\/logo\/image\/"},"sameAs":["https:\/\/www.facebook.com\/profile.php?id=100008943462799","https:\/\/x.com\/bellunopress","https:\/\/www.linkedin.com\/hp\/?dnr=JBzUWaJfMUw8vbXJJ2tVW5-I3jZKvC4wsoxE&amp;amp;amp;amp;amp;amp;trk=nav_responsive_tab_home","https:\/\/www.youtube.com\/channel\/UCxL0wu1uN0_3_7hGG0306cw"]},{"@type":"Person","@id":"https:\/\/www.bellunopress.it\/#\/schema\/person\/79bb06722b37ece1c03d3e94beb30d73","name":"r\u00e9daction","image":{"@type":"ImageObject","inLanguage":"fr-FR","@id":"https:\/\/secure.gravatar.com\/avatar\/37d968a2e67a6fd04c169c4bdef102d0bc5d31b2546345219e348575eb80e9a0?s=96&d=mm&r=g","url":"https:\/\/secure.gravatar.com\/avatar\/37d968a2e67a6fd04c169c4bdef102d0bc5d31b2546345219e348575eb80e9a0?s=96&d=mm&r=g","contentUrl":"https:\/\/secure.gravatar.com\/avatar\/37d968a2e67a6fd04c169c4bdef102d0bc5d31b2546345219e348575eb80e9a0?s=96&d=mm&r=g","caption":"redazione"},"sameAs":["http:\/\/www.bellunopress.it","https:\/\/x.com\/bellunopress"],"url":"https:\/\/www.bellunopress.it\/fr\/author\/redazione\/"}]}},"_links":{"self":[{"href":"https:\/\/www.bellunopress.it\/fr\/wp-json\/wp\/v2\/posts\/126626","targetHints":{"allow":["GET"]}}],"collection":[{"href":"https:\/\/www.bellunopress.it\/fr\/wp-json\/wp\/v2\/posts"}],"about":[{"href":"https:\/\/www.bellunopress.it\/fr\/wp-json\/wp\/v2\/types\/post"}],"author":[{"embeddable":true,"href":"https:\/\/www.bellunopress.it\/fr\/wp-json\/wp\/v2\/users\/2"}],"replies":[{"embeddable":true,"href":"https:\/\/www.bellunopress.it\/fr\/wp-json\/wp\/v2\/comments?post=126626"}],"version-history":[{"count":2,"href":"https:\/\/www.bellunopress.it\/fr\/wp-json\/wp\/v2\/posts\/126626\/revisions"}],"predecessor-version":[{"id":126631,"href":"https:\/\/www.bellunopress.it\/fr\/wp-json\/wp\/v2\/posts\/126626\/revisions\/126631"}],"wp:featuredmedia":[{"embeddable":true,"href":"https:\/\/www.bellunopress.it\/fr\/wp-json\/wp\/v2\/media\/126628"}],"wp:attachment":[{"href":"https:\/\/www.bellunopress.it\/fr\/wp-json\/wp\/v2\/media?parent=126626"}],"wp:term":[{"taxonomy":"category","embeddable":true,"href":"https:\/\/www.bellunopress.it\/fr\/wp-json\/wp\/v2\/categories?post=126626"},{"taxonomy":"post_tag","embeddable":true,"href":"https:\/\/www.bellunopress.it\/fr\/wp-json\/wp\/v2\/tags?post=126626"}],"curies":[{"name":"wp","href":"https:\/\/api.w.org\/{rel}","templated":true}]}}