{"id":126622,"date":"2021-08-04T11:56:54","date_gmt":"2021-08-04T09:56:54","guid":{"rendered":"https:\/\/www.bellunopress.it\/?p=126622"},"modified":"2021-08-04T11:56:59","modified_gmt":"2021-08-04T09:56:59","slug":"pallavolo-belluno-non-ci-sono-impianti-disponibili-sandro-da-rold-siamo-costretti-a-emigrare-e-inaccettabile","status":"publish","type":"post","link":"https:\/\/www.bellunopress.it\/fr\/2021\/08\/04\/pallavolo-belluno-non-ci-sono-impianti-disponibili-sandro-da-rold-siamo-costretti-a-emigrare-e-inaccettabile\/","title":{"rendered":"Pallavolo Belluno, non ci sono impianti disponibili. Sandro Da Rold : \u00abSiamo costretti a &#8220;emigrare&#8221;, \u00e8 inaccettabile\u00bb"},"content":{"rendered":"<figure id=\"attachment_126623\" aria-describedby=\"caption-attachment-126623\" style=\"width: 800px\" class=\"wp-caption alignleft\"><a href=\"https:\/\/www.bellunopress.it\/fr\/2021\/08\/04\/pallavolo-belluno-non-ci-sono-impianti-disponibili-sandro-da-rold-siamo-costretti-a-emigrare-e-inaccettabile\/sandro_da_rold_edited\/\" rel=\"attachment wp-att-126623\"><img loading=\"lazy\" decoding=\"async\" class=\"size-full wp-image-126623\" src=\"https:\/\/www.bellunopress.it\/wp-content\/uploads\/2021\/08\/Sandro_Da_Rold_edited.jpg\" alt=\"\" width=\"800\" height=\"551\" srcset=\"https:\/\/www.bellunopress.it\/wp-content\/uploads\/2021\/08\/Sandro_Da_Rold_edited.jpg 800w, https:\/\/www.bellunopress.it\/wp-content\/uploads\/2021\/08\/Sandro_Da_Rold_edited-500x344.jpg 500w, https:\/\/www.bellunopress.it\/wp-content\/uploads\/2021\/08\/Sandro_Da_Rold_edited-218x150.jpg 218w, https:\/\/www.bellunopress.it\/wp-content\/uploads\/2021\/08\/Sandro_Da_Rold_edited-696x479.jpg 696w, https:\/\/www.bellunopress.it\/wp-content\/uploads\/2021\/08\/Sandro_Da_Rold_edited-610x420.jpg 610w, https:\/\/www.bellunopress.it\/wp-content\/uploads\/2021\/08\/Sandro_Da_Rold_edited-100x70.jpg 100w\" sizes=\"auto, (max-width: 800px) 100vw, 800px\" \/><\/a><figcaption id=\"caption-attachment-126623\" class=\"wp-caption-text\">Sandro Da Rold &#8211; Presidente Pallavolo Belluno maschile<\/figcaption><\/figure>\n<p>\u00abNel capoluogo non riusciamo a trovare un impianto in cui poterci allenare durante la settimana. \u00c8 inaccettabile\u00bb. A tuonare \u00e8 Sandro Da Rold, il presidente della Pallavolo Belluno maschile.<\/p>\n<p>Dopo il passaggio in Serie A3, serve una struttura in grado di ospitare un taraflex con misure regolamentari. In altri termini, \u00e8 necessario avere spazi pi\u00f9 ampi rispetto al De Mas. E la soluzione a portata di mano \u00e8 quella della Spes Arena, dove nella stagione 2011-2012 erano gi\u00e0 andate in scena le partite della massima serie con la Sisley protagonista.<\/p>\n<p>Peccato che il palazzetto di Lambioi non sia mai a disposizione, a parte la domenica (alle ore 18) per le gare casalinghe di campionato: \u00abAbbiamo compiuto degli sforzi significativi per salire di categoria e regalare alla citt\u00e0 e al territorio un palcoscenico di prestigio. Essere in A significa avere un ritorno mediatico di un certo rilievo, se \u00e8 vero che ogni match verr\u00e0 trasmesso in diretta attraverso i canali ufficiali della Lega Volley. Significa, in sostanza, portare il nome di Belluno in tutta Italia, o quasi. Ma le istituzioni e coloro che gestiscono gli impianti del capoluogo non sembrano avere particolarmente a cuore la questione. Tanto \u00e8 vero che, fino a oggi, abbiamo trovato solo porte sbarrate\u00bb.<\/p>\n<p>Da Rold allarga i confini del suo ragionamento: \u00abIn una zona di montagna come la nostra, \u00e8 doveroso offrire ai giovani delle opportunit\u00e0 concrete per arricchire di contenuti e stimoli il loro tempo libero. Su questo siamo tutti d&#8217;accordo? Bene, allora non esiste un&#8217;opportunit\u00e0 migliore dello sport. Una squadra in Serie A3 pu\u00f2 creare interesse, entusiasmo, fare da traino per l&#8217;intero movimento sportivo provinciale. E, di riflesso, porterebbe a un sensibile aumento del numero di tesserati. Insomma, di ragazzi e ragazze che invece di chiudersi in un bar o girovagare per strada, si impegnerebbero nell&#8217;attivit\u00e0 in palestra. Ne guadagneremmo tutti: le nuove generazioni, il territorio, le stesse istituzioni\u00bb.<\/p>\n<p>I vertici societari stanno incontrando delle difficolt\u00e0 inaspettate. E apparentemente insormontabili: \u00abIl paradosso \u00e8 che, al di fuori dei confini comunali, avremmo chi ci stende il tappeto rosso &#8211; conclude Sandro Da Rold -. In primis, Longarone. Ma siamo una compagine di Belluno e, prima di &#8220;emigrare&#8221;, vorremmo battere ogni strada possibile e capire per quale motivo, nella nostra citt\u00e0, non sia possibile preparare un campionato di alto livello. Altrove non \u00e8 cos\u00ec: le realt\u00e0 che vantano formazioni in Serie A hanno la loro &#8220;casa&#8221; e la utilizzano a piacimento. Da noi, invece, ogni richiesta viene disattesa. Non vogliamo la luna: chiediamo solo di poterci allenare\u00bb.<\/p>","protected":false},"excerpt":{"rendered":"<p>\u00abNel capoluogo non riusciamo a trovare un impianto in cui poterci allenare durante la settimana. \u00c8 inaccettabile\u00bb. A tuonare \u00e8 Sandro Da Rold, il presidente della Pallavolo Belluno maschile. Dopo il passaggio in Serie A3, serve una struttura in grado di ospitare un taraflex con misure regolamentari. In altri termini, \u00e8 necessario avere spazi pi\u00f9 [&hellip;]<\/p>\n","protected":false},"author":2,"featured_media":126623,"comment_status":"closed","ping_status":"open","sticky":false,"template":"","format":"standard","meta":{"footnotes":""},"categories":[4],"tags":[],"class_list":["post-126622","post","type-post","status-publish","format-standard","has-post-thumbnail","category-sport"],"yoast_head":"<!-- This site is optimized with the Yoast SEO plugin v28.4 - https:\/\/yoast.com\/product\/yoast-seo-wordpress\/ -->\n<title>Pallavolo Belluno, non ci sono impianti disponibili. Sandro Da Rold : \u00abSiamo costretti a &quot;emigrare&quot;, \u00e8 inaccettabile\u00bb - Bellunopress - Dolomiti<\/title>\n<meta name=\"robots\" content=\"index, follow, max-snippet:-1, max-image-preview:large, max-video-preview:-1\" \/>\n<link rel=\"canonical\" href=\"https:\/\/www.bellunopress.it\/fr\/2021\/08\/04\/pallavolo-belluno-non-ci-sono-impianti-disponibili-sandro-da-rold-siamo-costretti-a-emigrare-e-inaccettabile\/\" \/>\n<meta property=\"og:locale\" content=\"fr_FR\" \/>\n<meta property=\"og:type\" content=\"article\" \/>\n<meta property=\"og:title\" content=\"Pallavolo Belluno, non ci sono impianti disponibili. Sandro Da Rold : \u00abSiamo costretti a &quot;emigrare&quot;, \u00e8 inaccettabile\u00bb - Bellunopress - Dolomiti\" \/>\n<meta property=\"og:description\" content=\"\u00abNel capoluogo non riusciamo a trovare un impianto in cui poterci allenare durante la settimana. \u00c8 inaccettabile\u00bb. A tuonare \u00e8 Sandro Da Rold, il presidente della Pallavolo Belluno maschile. Dopo il passaggio in Serie A3, serve una struttura in grado di ospitare un taraflex con misure regolamentari. In altri termini, \u00e8 necessario avere spazi pi\u00f9 [&hellip;]\" \/>\n<meta property=\"og:url\" content=\"https:\/\/www.bellunopress.it\/fr\/2021\/08\/04\/pallavolo-belluno-non-ci-sono-impianti-disponibili-sandro-da-rold-siamo-costretti-a-emigrare-e-inaccettabile\/\" \/>\n<meta property=\"og:site_name\" content=\"Bellunopress - Dolomiti\" \/>\n<meta property=\"article:publisher\" content=\"https:\/\/www.facebook.com\/profile.php?id=100008943462799\" \/>\n<meta property=\"article:published_time\" content=\"2021-08-04T09:56:54+00:00\" \/>\n<meta property=\"article:modified_time\" content=\"2021-08-04T09:56:59+00:00\" \/>\n<meta property=\"og:image\" content=\"https:\/\/www.bellunopress.it\/wp-content\/uploads\/2021\/08\/Sandro_Da_Rold_edited.jpg\" \/>\n\t<meta property=\"og:image:width\" content=\"800\" \/>\n\t<meta property=\"og:image:height\" content=\"551\" \/>\n\t<meta property=\"og:image:type\" content=\"image\/jpeg\" \/>\n<meta name=\"author\" content=\"redazione\" \/>\n<meta name=\"twitter:card\" content=\"summary_large_image\" \/>\n<meta name=\"twitter:creator\" content=\"@bellunopress\" \/>\n<meta name=\"twitter:site\" content=\"@bellunopress\" \/>\n<meta name=\"twitter:label1\" content=\"\u00c9crit par\" \/>\n\t<meta name=\"twitter:data1\" content=\"redazione\" \/>\n\t<meta name=\"twitter:label2\" content=\"Dur\u00e9e de lecture estim\u00e9e\" \/>\n\t<meta name=\"twitter:data2\" content=\"3 minutes\" \/>\n<script type=\"application\/ld+json\" class=\"yoast-schema-graph\">{\"@context\":\"https:\\\/\\\/schema.org\",\"@graph\":[{\"@type\":\"Article\",\"@id\":\"https:\\\/\\\/www.bellunopress.it\\\/2021\\\/08\\\/04\\\/pallavolo-belluno-non-ci-sono-impianti-disponibili-sandro-da-rold-siamo-costretti-a-emigrare-e-inaccettabile\\\/#article\",\"isPartOf\":{\"@id\":\"https:\\\/\\\/www.bellunopress.it\\\/2021\\\/08\\\/04\\\/pallavolo-belluno-non-ci-sono-impianti-disponibili-sandro-da-rold-siamo-costretti-a-emigrare-e-inaccettabile\\\/\"},\"author\":{\"name\":\"redazione\",\"@id\":\"https:\\\/\\\/www.bellunopress.it\\\/#\\\/schema\\\/person\\\/79bb06722b37ece1c03d3e94beb30d73\"},\"headline\":\"Pallavolo Belluno, non ci sono impianti disponibili. Sandro Da Rold : \u00abSiamo costretti a &#8220;emigrare&#8221;, \u00e8 inaccettabile\u00bb\",\"datePublished\":\"2021-08-04T09:56:54+00:00\",\"dateModified\":\"2021-08-04T09:56:59+00:00\",\"mainEntityOfPage\":{\"@id\":\"https:\\\/\\\/www.bellunopress.it\\\/2021\\\/08\\\/04\\\/pallavolo-belluno-non-ci-sono-impianti-disponibili-sandro-da-rold-siamo-costretti-a-emigrare-e-inaccettabile\\\/\"},\"wordCount\":445,\"publisher\":{\"@id\":\"https:\\\/\\\/www.bellunopress.it\\\/#organization\"},\"image\":{\"@id\":\"https:\\\/\\\/www.bellunopress.it\\\/2021\\\/08\\\/04\\\/pallavolo-belluno-non-ci-sono-impianti-disponibili-sandro-da-rold-siamo-costretti-a-emigrare-e-inaccettabile\\\/#primaryimage\"},\"thumbnailUrl\":\"https:\\\/\\\/www.bellunopress.it\\\/wp-content\\\/uploads\\\/2021\\\/08\\\/Sandro_Da_Rold_edited.jpg\",\"articleSection\":[\"Sport, tempo libero\"],\"inLanguage\":\"fr-FR\"},{\"@type\":\"WebPage\",\"@id\":\"https:\\\/\\\/www.bellunopress.it\\\/2021\\\/08\\\/04\\\/pallavolo-belluno-non-ci-sono-impianti-disponibili-sandro-da-rold-siamo-costretti-a-emigrare-e-inaccettabile\\\/\",\"url\":\"https:\\\/\\\/www.bellunopress.it\\\/2021\\\/08\\\/04\\\/pallavolo-belluno-non-ci-sono-impianti-disponibili-sandro-da-rold-siamo-costretti-a-emigrare-e-inaccettabile\\\/\",\"name\":\"Pallavolo Belluno, non ci sono impianti disponibili. Sandro Da Rold : \u00abSiamo costretti a \\\"emigrare\\\", \u00e8 inaccettabile\u00bb - Bellunopress - Dolomiti\",\"isPartOf\":{\"@id\":\"https:\\\/\\\/www.bellunopress.it\\\/#website\"},\"primaryImageOfPage\":{\"@id\":\"https:\\\/\\\/www.bellunopress.it\\\/2021\\\/08\\\/04\\\/pallavolo-belluno-non-ci-sono-impianti-disponibili-sandro-da-rold-siamo-costretti-a-emigrare-e-inaccettabile\\\/#primaryimage\"},\"image\":{\"@id\":\"https:\\\/\\\/www.bellunopress.it\\\/2021\\\/08\\\/04\\\/pallavolo-belluno-non-ci-sono-impianti-disponibili-sandro-da-rold-siamo-costretti-a-emigrare-e-inaccettabile\\\/#primaryimage\"},\"thumbnailUrl\":\"https:\\\/\\\/www.bellunopress.it\\\/wp-content\\\/uploads\\\/2021\\\/08\\\/Sandro_Da_Rold_edited.jpg\",\"datePublished\":\"2021-08-04T09:56:54+00:00\",\"dateModified\":\"2021-08-04T09:56:59+00:00\",\"breadcrumb\":{\"@id\":\"https:\\\/\\\/www.bellunopress.it\\\/2021\\\/08\\\/04\\\/pallavolo-belluno-non-ci-sono-impianti-disponibili-sandro-da-rold-siamo-costretti-a-emigrare-e-inaccettabile\\\/#breadcrumb\"},\"inLanguage\":\"fr-FR\",\"potentialAction\":[{\"@type\":\"ReadAction\",\"target\":[\"https:\\\/\\\/www.bellunopress.it\\\/2021\\\/08\\\/04\\\/pallavolo-belluno-non-ci-sono-impianti-disponibili-sandro-da-rold-siamo-costretti-a-emigrare-e-inaccettabile\\\/\"]}]},{\"@type\":\"ImageObject\",\"inLanguage\":\"fr-FR\",\"@id\":\"https:\\\/\\\/www.bellunopress.it\\\/2021\\\/08\\\/04\\\/pallavolo-belluno-non-ci-sono-impianti-disponibili-sandro-da-rold-siamo-costretti-a-emigrare-e-inaccettabile\\\/#primaryimage\",\"url\":\"https:\\\/\\\/www.bellunopress.it\\\/wp-content\\\/uploads\\\/2021\\\/08\\\/Sandro_Da_Rold_edited.jpg\",\"contentUrl\":\"https:\\\/\\\/www.bellunopress.it\\\/wp-content\\\/uploads\\\/2021\\\/08\\\/Sandro_Da_Rold_edited.jpg\",\"width\":800,\"height\":551,\"caption\":\"Sandro Da Rold - Presidente Pallavolo Belluno maschile\"},{\"@type\":\"BreadcrumbList\",\"@id\":\"https:\\\/\\\/www.bellunopress.it\\\/2021\\\/08\\\/04\\\/pallavolo-belluno-non-ci-sono-impianti-disponibili-sandro-da-rold-siamo-costretti-a-emigrare-e-inaccettabile\\\/#breadcrumb\",\"itemListElement\":[{\"@type\":\"ListItem\",\"position\":1,\"name\":\"Home\",\"item\":\"https:\\\/\\\/www.bellunopress.it\\\/\"},{\"@type\":\"ListItem\",\"position\":2,\"name\":\"Pallavolo Belluno, non ci sono impianti disponibili. Sandro Da Rold : \u00abSiamo costretti a &#8220;emigrare&#8221;, \u00e8 inaccettabile\u00bb\"}]},{\"@type\":\"WebSite\",\"@id\":\"https:\\\/\\\/www.bellunopress.it\\\/#website\",\"url\":\"https:\\\/\\\/www.bellunopress.it\\\/\",\"name\":\"Bellunopress - Dolomiti\",\"description\":\"e-mail: redazione@bellunopress.it\",\"publisher\":{\"@id\":\"https:\\\/\\\/www.bellunopress.it\\\/#organization\"},\"potentialAction\":[{\"@type\":\"SearchAction\",\"target\":{\"@type\":\"EntryPoint\",\"urlTemplate\":\"https:\\\/\\\/www.bellunopress.it\\\/?s={search_term_string}\"},\"query-input\":{\"@type\":\"PropertyValueSpecification\",\"valueRequired\":true,\"valueName\":\"search_term_string\"}}],\"inLanguage\":\"fr-FR\"},{\"@type\":\"Organization\",\"@id\":\"https:\\\/\\\/www.bellunopress.it\\\/#organization\",\"name\":\"Bellunopress\",\"url\":\"https:\\\/\\\/www.bellunopress.it\\\/\",\"logo\":{\"@type\":\"ImageObject\",\"inLanguage\":\"fr-FR\",\"@id\":\"https:\\\/\\\/www.bellunopress.it\\\/#\\\/schema\\\/logo\\\/image\\\/\",\"url\":\"https:\\\/\\\/www.bellunopress.it\\\/wp-content\\\/uploads\\\/2011\\\/05\\\/cropped-logo-bellunopress-.jpg\",\"contentUrl\":\"https:\\\/\\\/www.bellunopress.it\\\/wp-content\\\/uploads\\\/2011\\\/05\\\/cropped-logo-bellunopress-.jpg\",\"width\":512,\"height\":512,\"caption\":\"Bellunopress\"},\"image\":{\"@id\":\"https:\\\/\\\/www.bellunopress.it\\\/#\\\/schema\\\/logo\\\/image\\\/\"},\"sameAs\":[\"https:\\\/\\\/www.facebook.com\\\/profile.php?id=100008943462799\",\"https:\\\/\\\/x.com\\\/bellunopress\",\"https:\\\/\\\/www.linkedin.com\\\/hp\\\/?dnr=JBzUWaJfMUw8vbXJJ2tVW5-I3jZKvC4wsoxE&amp;amp;amp;amp;amp;amp;trk=nav_responsive_tab_home\",\"https:\\\/\\\/www.youtube.com\\\/channel\\\/UCxL0wu1uN0_3_7hGG0306cw\"]},{\"@type\":\"Person\",\"@id\":\"https:\\\/\\\/www.bellunopress.it\\\/#\\\/schema\\\/person\\\/79bb06722b37ece1c03d3e94beb30d73\",\"name\":\"redazione\",\"image\":{\"@type\":\"ImageObject\",\"inLanguage\":\"fr-FR\",\"@id\":\"https:\\\/\\\/secure.gravatar.com\\\/avatar\\\/37d968a2e67a6fd04c169c4bdef102d0bc5d31b2546345219e348575eb80e9a0?s=96&d=mm&r=g\",\"url\":\"https:\\\/\\\/secure.gravatar.com\\\/avatar\\\/37d968a2e67a6fd04c169c4bdef102d0bc5d31b2546345219e348575eb80e9a0?s=96&d=mm&r=g\",\"contentUrl\":\"https:\\\/\\\/secure.gravatar.com\\\/avatar\\\/37d968a2e67a6fd04c169c4bdef102d0bc5d31b2546345219e348575eb80e9a0?s=96&d=mm&r=g\",\"caption\":\"redazione\"},\"sameAs\":[\"http:\\\/\\\/www.bellunopress.it\",\"https:\\\/\\\/x.com\\\/bellunopress\"],\"url\":\"https:\\\/\\\/www.bellunopress.it\\\/fr\\\/author\\\/redazione\\\/\"}]}<\/script>\n<!-- \/ Yoast SEO plugin. -->","yoast_head_json":{"title":"Pallavolo Belluno, non ci sono impianti disponibili. Sandro Da Rold : \u00abSiamo costretti a \"emigrare\", \u00e8 inaccettabile\u00bb - Bellunopress - Dolomiti","robots":{"index":"index","follow":"follow","max-snippet":"max-snippet:-1","max-image-preview":"max-image-preview:large","max-video-preview":"max-video-preview:-1"},"canonical":"https:\/\/www.bellunopress.it\/fr\/2021\/08\/04\/pallavolo-belluno-non-ci-sono-impianti-disponibili-sandro-da-rold-siamo-costretti-a-emigrare-e-inaccettabile\/","og_locale":"fr_FR","og_type":"article","og_title":"Pallavolo Belluno, non ci sono impianti disponibili. Sandro Da Rold : \u00abSiamo costretti a \"emigrare\", \u00e8 inaccettabile\u00bb - Bellunopress - Dolomiti","og_description":"\u00abNel capoluogo non riusciamo a trovare un impianto in cui poterci allenare durante la settimana. \u00c8 inaccettabile\u00bb. A tuonare \u00e8 Sandro Da Rold, il presidente della Pallavolo Belluno maschile. Dopo il passaggio in Serie A3, serve una struttura in grado di ospitare un taraflex con misure regolamentari. In altri termini, \u00e8 necessario avere spazi pi\u00f9 [&hellip;]","og_url":"https:\/\/www.bellunopress.it\/fr\/2021\/08\/04\/pallavolo-belluno-non-ci-sono-impianti-disponibili-sandro-da-rold-siamo-costretti-a-emigrare-e-inaccettabile\/","og_site_name":"Bellunopress - Dolomiti","article_publisher":"https:\/\/www.facebook.com\/profile.php?id=100008943462799","article_published_time":"2021-08-04T09:56:54+00:00","article_modified_time":"2021-08-04T09:56:59+00:00","og_image":[{"width":800,"height":551,"url":"https:\/\/www.bellunopress.it\/wp-content\/uploads\/2021\/08\/Sandro_Da_Rold_edited.jpg","type":"image\/jpeg"}],"author":"redazione","twitter_card":"summary_large_image","twitter_creator":"@bellunopress","twitter_site":"@bellunopress","twitter_misc":{"\u00c9crit par":"redazione","Dur\u00e9e de lecture estim\u00e9e":"3 minutes"},"schema":{"@context":"https:\/\/schema.org","@graph":[{"@type":"Article","@id":"https:\/\/www.bellunopress.it\/2021\/08\/04\/pallavolo-belluno-non-ci-sono-impianti-disponibili-sandro-da-rold-siamo-costretti-a-emigrare-e-inaccettabile\/#article","isPartOf":{"@id":"https:\/\/www.bellunopress.it\/2021\/08\/04\/pallavolo-belluno-non-ci-sono-impianti-disponibili-sandro-da-rold-siamo-costretti-a-emigrare-e-inaccettabile\/"},"author":{"name":"redazione","@id":"https:\/\/www.bellunopress.it\/#\/schema\/person\/79bb06722b37ece1c03d3e94beb30d73"},"headline":"Pallavolo Belluno, non ci sono impianti disponibili. Sandro Da Rold : \u00abSiamo costretti a &#8220;emigrare&#8221;, \u00e8 inaccettabile\u00bb","datePublished":"2021-08-04T09:56:54+00:00","dateModified":"2021-08-04T09:56:59+00:00","mainEntityOfPage":{"@id":"https:\/\/www.bellunopress.it\/2021\/08\/04\/pallavolo-belluno-non-ci-sono-impianti-disponibili-sandro-da-rold-siamo-costretti-a-emigrare-e-inaccettabile\/"},"wordCount":445,"publisher":{"@id":"https:\/\/www.bellunopress.it\/#organization"},"image":{"@id":"https:\/\/www.bellunopress.it\/2021\/08\/04\/pallavolo-belluno-non-ci-sono-impianti-disponibili-sandro-da-rold-siamo-costretti-a-emigrare-e-inaccettabile\/#primaryimage"},"thumbnailUrl":"https:\/\/www.bellunopress.it\/wp-content\/uploads\/2021\/08\/Sandro_Da_Rold_edited.jpg","articleSection":["Sport, tempo libero"],"inLanguage":"fr-FR"},{"@type":"WebPage","@id":"https:\/\/www.bellunopress.it\/2021\/08\/04\/pallavolo-belluno-non-ci-sono-impianti-disponibili-sandro-da-rold-siamo-costretti-a-emigrare-e-inaccettabile\/","url":"https:\/\/www.bellunopress.it\/2021\/08\/04\/pallavolo-belluno-non-ci-sono-impianti-disponibili-sandro-da-rold-siamo-costretti-a-emigrare-e-inaccettabile\/","name":"Pallavolo Belluno, non ci sono impianti disponibili. Sandro Da Rold : \u00abSiamo costretti a \"emigrare\", \u00e8 inaccettabile\u00bb - Bellunopress - Dolomiti","isPartOf":{"@id":"https:\/\/www.bellunopress.it\/#website"},"primaryImageOfPage":{"@id":"https:\/\/www.bellunopress.it\/2021\/08\/04\/pallavolo-belluno-non-ci-sono-impianti-disponibili-sandro-da-rold-siamo-costretti-a-emigrare-e-inaccettabile\/#primaryimage"},"image":{"@id":"https:\/\/www.bellunopress.it\/2021\/08\/04\/pallavolo-belluno-non-ci-sono-impianti-disponibili-sandro-da-rold-siamo-costretti-a-emigrare-e-inaccettabile\/#primaryimage"},"thumbnailUrl":"https:\/\/www.bellunopress.it\/wp-content\/uploads\/2021\/08\/Sandro_Da_Rold_edited.jpg","datePublished":"2021-08-04T09:56:54+00:00","dateModified":"2021-08-04T09:56:59+00:00","breadcrumb":{"@id":"https:\/\/www.bellunopress.it\/2021\/08\/04\/pallavolo-belluno-non-ci-sono-impianti-disponibili-sandro-da-rold-siamo-costretti-a-emigrare-e-inaccettabile\/#breadcrumb"},"inLanguage":"fr-FR","potentialAction":[{"@type":"ReadAction","target":["https:\/\/www.bellunopress.it\/2021\/08\/04\/pallavolo-belluno-non-ci-sono-impianti-disponibili-sandro-da-rold-siamo-costretti-a-emigrare-e-inaccettabile\/"]}]},{"@type":"ImageObject","inLanguage":"fr-FR","@id":"https:\/\/www.bellunopress.it\/2021\/08\/04\/pallavolo-belluno-non-ci-sono-impianti-disponibili-sandro-da-rold-siamo-costretti-a-emigrare-e-inaccettabile\/#primaryimage","url":"https:\/\/www.bellunopress.it\/wp-content\/uploads\/2021\/08\/Sandro_Da_Rold_edited.jpg","contentUrl":"https:\/\/www.bellunopress.it\/wp-content\/uploads\/2021\/08\/Sandro_Da_Rold_edited.jpg","width":800,"height":551,"caption":"Sandro Da Rold - Presidente Pallavolo Belluno maschile"},{"@type":"BreadcrumbList","@id":"https:\/\/www.bellunopress.it\/2021\/08\/04\/pallavolo-belluno-non-ci-sono-impianti-disponibili-sandro-da-rold-siamo-costretti-a-emigrare-e-inaccettabile\/#breadcrumb","itemListElement":[{"@type":"ListItem","position":1,"name":"Home","item":"https:\/\/www.bellunopress.it\/"},{"@type":"ListItem","position":2,"name":"Pallavolo Belluno, non ci sono impianti disponibili. Sandro Da Rold : \u00abSiamo costretti a &#8220;emigrare&#8221;, \u00e8 inaccettabile\u00bb"}]},{"@type":"WebSite","@id":"https:\/\/www.bellunopress.it\/#website","url":"https:\/\/www.bellunopress.it\/","name":"Bellunopress - Dolomiti","description":"e-mail: redazione@bellunopress.it","publisher":{"@id":"https:\/\/www.bellunopress.it\/#organization"},"potentialAction":[{"@type":"SearchAction","target":{"@type":"EntryPoint","urlTemplate":"https:\/\/www.bellunopress.it\/?s={search_term_string}"},"query-input":{"@type":"PropertyValueSpecification","valueRequired":true,"valueName":"search_term_string"}}],"inLanguage":"fr-FR"},{"@type":"Organization","@id":"https:\/\/www.bellunopress.it\/#organization","name":"Bellunopress","url":"https:\/\/www.bellunopress.it\/","logo":{"@type":"ImageObject","inLanguage":"fr-FR","@id":"https:\/\/www.bellunopress.it\/#\/schema\/logo\/image\/","url":"https:\/\/www.bellunopress.it\/wp-content\/uploads\/2011\/05\/cropped-logo-bellunopress-.jpg","contentUrl":"https:\/\/www.bellunopress.it\/wp-content\/uploads\/2011\/05\/cropped-logo-bellunopress-.jpg","width":512,"height":512,"caption":"Bellunopress"},"image":{"@id":"https:\/\/www.bellunopress.it\/#\/schema\/logo\/image\/"},"sameAs":["https:\/\/www.facebook.com\/profile.php?id=100008943462799","https:\/\/x.com\/bellunopress","https:\/\/www.linkedin.com\/hp\/?dnr=JBzUWaJfMUw8vbXJJ2tVW5-I3jZKvC4wsoxE&amp;amp;amp;amp;amp;amp;trk=nav_responsive_tab_home","https:\/\/www.youtube.com\/channel\/UCxL0wu1uN0_3_7hGG0306cw"]},{"@type":"Person","@id":"https:\/\/www.bellunopress.it\/#\/schema\/person\/79bb06722b37ece1c03d3e94beb30d73","name":"r\u00e9daction","image":{"@type":"ImageObject","inLanguage":"fr-FR","@id":"https:\/\/secure.gravatar.com\/avatar\/37d968a2e67a6fd04c169c4bdef102d0bc5d31b2546345219e348575eb80e9a0?s=96&d=mm&r=g","url":"https:\/\/secure.gravatar.com\/avatar\/37d968a2e67a6fd04c169c4bdef102d0bc5d31b2546345219e348575eb80e9a0?s=96&d=mm&r=g","contentUrl":"https:\/\/secure.gravatar.com\/avatar\/37d968a2e67a6fd04c169c4bdef102d0bc5d31b2546345219e348575eb80e9a0?s=96&d=mm&r=g","caption":"redazione"},"sameAs":["http:\/\/www.bellunopress.it","https:\/\/x.com\/bellunopress"],"url":"https:\/\/www.bellunopress.it\/fr\/author\/redazione\/"}]}},"_links":{"self":[{"href":"https:\/\/www.bellunopress.it\/fr\/wp-json\/wp\/v2\/posts\/126622","targetHints":{"allow":["GET"]}}],"collection":[{"href":"https:\/\/www.bellunopress.it\/fr\/wp-json\/wp\/v2\/posts"}],"about":[{"href":"https:\/\/www.bellunopress.it\/fr\/wp-json\/wp\/v2\/types\/post"}],"author":[{"embeddable":true,"href":"https:\/\/www.bellunopress.it\/fr\/wp-json\/wp\/v2\/users\/2"}],"replies":[{"embeddable":true,"href":"https:\/\/www.bellunopress.it\/fr\/wp-json\/wp\/v2\/comments?post=126622"}],"version-history":[{"count":2,"href":"https:\/\/www.bellunopress.it\/fr\/wp-json\/wp\/v2\/posts\/126622\/revisions"}],"predecessor-version":[{"id":126625,"href":"https:\/\/www.bellunopress.it\/fr\/wp-json\/wp\/v2\/posts\/126622\/revisions\/126625"}],"wp:featuredmedia":[{"embeddable":true,"href":"https:\/\/www.bellunopress.it\/fr\/wp-json\/wp\/v2\/media\/126623"}],"wp:attachment":[{"href":"https:\/\/www.bellunopress.it\/fr\/wp-json\/wp\/v2\/media?parent=126622"}],"wp:term":[{"taxonomy":"category","embeddable":true,"href":"https:\/\/www.bellunopress.it\/fr\/wp-json\/wp\/v2\/categories?post=126622"},{"taxonomy":"post_tag","embeddable":true,"href":"https:\/\/www.bellunopress.it\/fr\/wp-json\/wp\/v2\/tags?post=126622"}],"curies":[{"name":"wp","href":"https:\/\/api.w.org\/{rel}","templated":true}]}}