{"id":126618,"date":"2021-08-04T11:45:14","date_gmt":"2021-08-04T09:45:14","guid":{"rendered":"https:\/\/www.bellunopress.it\/?p=126618"},"modified":"2021-08-04T11:45:16","modified_gmt":"2021-08-04T09:45:16","slug":"luciano-gesiot-confermato-alla-presidenza-della-lavorazione-artistica-metalli-cna-veneto","status":"publish","type":"post","link":"https:\/\/www.bellunopress.it\/fr\/2021\/08\/04\/luciano-gesiot-confermato-alla-presidenza-della-lavorazione-artistica-metalli-cna-veneto\/","title":{"rendered":"Luciano Gesiot confermato alla presidenza della Lavorazione artistica metalli CNA Veneto"},"content":{"rendered":"<figure id=\"attachment_126619\" aria-describedby=\"caption-attachment-126619\" style=\"width: 473px\" class=\"wp-caption alignleft\"><a href=\"https:\/\/www.bellunopress.it\/fr\/2021\/08\/04\/luciano-gesiot-confermato-alla-presidenza-della-lavorazione-artistica-metalli-cna-veneto\/luciano-gesiot-cna-veneto_edited\/\" rel=\"attachment wp-att-126619\"><img loading=\"lazy\" decoding=\"async\" class=\"size-full wp-image-126619\" src=\"https:\/\/www.bellunopress.it\/wp-content\/uploads\/2021\/08\/Luciano-Gesiot-Cna-Veneto_edited.jpg\" alt=\"\" width=\"473\" height=\"623\" srcset=\"https:\/\/www.bellunopress.it\/wp-content\/uploads\/2021\/08\/Luciano-Gesiot-Cna-Veneto_edited.jpg 473w, https:\/\/www.bellunopress.it\/wp-content\/uploads\/2021\/08\/Luciano-Gesiot-Cna-Veneto_edited-380x500.jpg 380w, https:\/\/www.bellunopress.it\/wp-content\/uploads\/2021\/08\/Luciano-Gesiot-Cna-Veneto_edited-319x420.jpg 319w\" sizes=\"auto, (max-width: 473px) 100vw, 473px\" \/><\/a><figcaption id=\"caption-attachment-126619\" class=\"wp-caption-text\">Luciano Gesiot<\/figcaption><\/figure>\n<p>Luciano Gesiot della Francescon srl di Fonzaso, gi\u00e0 presidente del mandamento di Feltre dell\u2019APPIA, \u00e8 stato confermato presidente del Mestiere Lavorazione Artistica dei Metalli della CNA del Veneto.<\/p>\n<p>\u201cE\u2019 con piacere che ho dato la mia disponibilit\u00e0 a continuare nel percorso intrapreso quattro anni fa e che ha visto sviluppare, assieme ai colleghi delle altre CNA del Veneto, diverse progettualit\u00e0. Inevitabilmente, a causa della pandemia, hanno dovuto subire un rallentamento nella loro implementazione, ma il riconoscimento della strategia iniziata, confermata con la mia nuova nomina, da nuovo entusiasmo e da la possibilit\u00e0 di poter continuare nel lavoro iniziato.\u201d<\/p>","protected":false},"excerpt":{"rendered":"<p>Luciano Gesiot della Francescon srl di Fonzaso, gi\u00e0 presidente del mandamento di Feltre dell\u2019APPIA, \u00e8 stato confermato presidente del Mestiere Lavorazione Artistica dei Metalli della CNA del Veneto. \u201cE\u2019 con piacere che ho dato la mia disponibilit\u00e0 a continuare nel percorso intrapreso quattro anni fa e che ha visto sviluppare, assieme ai colleghi delle altre [&hellip;]<\/p>\n","protected":false},"author":2,"featured_media":126619,"comment_status":"closed","ping_status":"open","sticky":false,"template":"","format":"standard","meta":{"footnotes":""},"categories":[36],"tags":[],"class_list":["post-126618","post","type-post","status-publish","format-standard","has-post-thumbnail","category-lavoro-economia"],"yoast_head":"<!-- This site is optimized with the Yoast SEO plugin v28.4 - https:\/\/yoast.com\/product\/yoast-seo-wordpress\/ -->\n<title>Luciano Gesiot confermato alla presidenza della Lavorazione artistica metalli CNA Veneto - Bellunopress - Dolomiti<\/title>\n<meta name=\"robots\" content=\"index, follow, max-snippet:-1, max-image-preview:large, max-video-preview:-1\" \/>\n<link rel=\"canonical\" href=\"https:\/\/www.bellunopress.it\/fr\/2021\/08\/04\/luciano-gesiot-confermato-alla-presidenza-della-lavorazione-artistica-metalli-cna-veneto\/\" \/>\n<meta property=\"og:locale\" content=\"fr_FR\" \/>\n<meta property=\"og:type\" content=\"article\" \/>\n<meta property=\"og:title\" content=\"Luciano Gesiot confermato alla presidenza della Lavorazione artistica metalli CNA Veneto - Bellunopress - Dolomiti\" \/>\n<meta property=\"og:description\" content=\"Luciano Gesiot della Francescon srl di Fonzaso, gi\u00e0 presidente del mandamento di Feltre dell\u2019APPIA, \u00e8 stato confermato presidente del Mestiere Lavorazione Artistica dei Metalli della CNA del Veneto. \u201cE\u2019 con piacere che ho dato la mia disponibilit\u00e0 a continuare nel percorso intrapreso quattro anni fa e che ha visto sviluppare, assieme ai colleghi delle altre [&hellip;]\" \/>\n<meta property=\"og:url\" content=\"https:\/\/www.bellunopress.it\/fr\/2021\/08\/04\/luciano-gesiot-confermato-alla-presidenza-della-lavorazione-artistica-metalli-cna-veneto\/\" \/>\n<meta property=\"og:site_name\" content=\"Bellunopress - Dolomiti\" \/>\n<meta property=\"article:publisher\" content=\"https:\/\/www.facebook.com\/profile.php?id=100008943462799\" \/>\n<meta property=\"article:published_time\" content=\"2021-08-04T09:45:14+00:00\" \/>\n<meta property=\"article:modified_time\" content=\"2021-08-04T09:45:16+00:00\" \/>\n<meta property=\"og:image\" content=\"https:\/\/www.bellunopress.it\/wp-content\/uploads\/2021\/08\/Luciano-Gesiot-Cna-Veneto_edited.jpg\" \/>\n\t<meta property=\"og:image:width\" content=\"473\" \/>\n\t<meta property=\"og:image:height\" content=\"623\" \/>\n\t<meta property=\"og:image:type\" content=\"image\/jpeg\" \/>\n<meta name=\"author\" content=\"redazione\" \/>\n<meta name=\"twitter:card\" content=\"summary_large_image\" \/>\n<meta name=\"twitter:creator\" content=\"@bellunopress\" \/>\n<meta name=\"twitter:site\" content=\"@bellunopress\" \/>\n<meta name=\"twitter:label1\" content=\"\u00c9crit par\" \/>\n\t<meta name=\"twitter:data1\" content=\"redazione\" \/>\n\t<meta name=\"twitter:label2\" content=\"Dur\u00e9e de lecture estim\u00e9e\" \/>\n\t<meta name=\"twitter:data2\" content=\"1 minute\" \/>\n<script type=\"application\/ld+json\" class=\"yoast-schema-graph\">{\"@context\":\"https:\\\/\\\/schema.org\",\"@graph\":[{\"@type\":\"Article\",\"@id\":\"https:\\\/\\\/www.bellunopress.it\\\/2021\\\/08\\\/04\\\/luciano-gesiot-confermato-alla-presidenza-della-lavorazione-artistica-metalli-cna-veneto\\\/#article\",\"isPartOf\":{\"@id\":\"https:\\\/\\\/www.bellunopress.it\\\/2021\\\/08\\\/04\\\/luciano-gesiot-confermato-alla-presidenza-della-lavorazione-artistica-metalli-cna-veneto\\\/\"},\"author\":{\"name\":\"redazione\",\"@id\":\"https:\\\/\\\/www.bellunopress.it\\\/#\\\/schema\\\/person\\\/79bb06722b37ece1c03d3e94beb30d73\"},\"headline\":\"Luciano Gesiot confermato alla presidenza della Lavorazione artistica metalli CNA Veneto\",\"datePublished\":\"2021-08-04T09:45:14+00:00\",\"dateModified\":\"2021-08-04T09:45:16+00:00\",\"mainEntityOfPage\":{\"@id\":\"https:\\\/\\\/www.bellunopress.it\\\/2021\\\/08\\\/04\\\/luciano-gesiot-confermato-alla-presidenza-della-lavorazione-artistica-metalli-cna-veneto\\\/\"},\"wordCount\":118,\"publisher\":{\"@id\":\"https:\\\/\\\/www.bellunopress.it\\\/#organization\"},\"image\":{\"@id\":\"https:\\\/\\\/www.bellunopress.it\\\/2021\\\/08\\\/04\\\/luciano-gesiot-confermato-alla-presidenza-della-lavorazione-artistica-metalli-cna-veneto\\\/#primaryimage\"},\"thumbnailUrl\":\"https:\\\/\\\/www.bellunopress.it\\\/wp-content\\\/uploads\\\/2021\\\/08\\\/Luciano-Gesiot-Cna-Veneto_edited.jpg\",\"articleSection\":[\"Lavoro, Economia, Turismo\"],\"inLanguage\":\"fr-FR\"},{\"@type\":\"WebPage\",\"@id\":\"https:\\\/\\\/www.bellunopress.it\\\/2021\\\/08\\\/04\\\/luciano-gesiot-confermato-alla-presidenza-della-lavorazione-artistica-metalli-cna-veneto\\\/\",\"url\":\"https:\\\/\\\/www.bellunopress.it\\\/2021\\\/08\\\/04\\\/luciano-gesiot-confermato-alla-presidenza-della-lavorazione-artistica-metalli-cna-veneto\\\/\",\"name\":\"Luciano Gesiot confermato alla presidenza della Lavorazione artistica metalli CNA Veneto - Bellunopress - Dolomiti\",\"isPartOf\":{\"@id\":\"https:\\\/\\\/www.bellunopress.it\\\/#website\"},\"primaryImageOfPage\":{\"@id\":\"https:\\\/\\\/www.bellunopress.it\\\/2021\\\/08\\\/04\\\/luciano-gesiot-confermato-alla-presidenza-della-lavorazione-artistica-metalli-cna-veneto\\\/#primaryimage\"},\"image\":{\"@id\":\"https:\\\/\\\/www.bellunopress.it\\\/2021\\\/08\\\/04\\\/luciano-gesiot-confermato-alla-presidenza-della-lavorazione-artistica-metalli-cna-veneto\\\/#primaryimage\"},\"thumbnailUrl\":\"https:\\\/\\\/www.bellunopress.it\\\/wp-content\\\/uploads\\\/2021\\\/08\\\/Luciano-Gesiot-Cna-Veneto_edited.jpg\",\"datePublished\":\"2021-08-04T09:45:14+00:00\",\"dateModified\":\"2021-08-04T09:45:16+00:00\",\"breadcrumb\":{\"@id\":\"https:\\\/\\\/www.bellunopress.it\\\/2021\\\/08\\\/04\\\/luciano-gesiot-confermato-alla-presidenza-della-lavorazione-artistica-metalli-cna-veneto\\\/#breadcrumb\"},\"inLanguage\":\"fr-FR\",\"potentialAction\":[{\"@type\":\"ReadAction\",\"target\":[\"https:\\\/\\\/www.bellunopress.it\\\/2021\\\/08\\\/04\\\/luciano-gesiot-confermato-alla-presidenza-della-lavorazione-artistica-metalli-cna-veneto\\\/\"]}]},{\"@type\":\"ImageObject\",\"inLanguage\":\"fr-FR\",\"@id\":\"https:\\\/\\\/www.bellunopress.it\\\/2021\\\/08\\\/04\\\/luciano-gesiot-confermato-alla-presidenza-della-lavorazione-artistica-metalli-cna-veneto\\\/#primaryimage\",\"url\":\"https:\\\/\\\/www.bellunopress.it\\\/wp-content\\\/uploads\\\/2021\\\/08\\\/Luciano-Gesiot-Cna-Veneto_edited.jpg\",\"contentUrl\":\"https:\\\/\\\/www.bellunopress.it\\\/wp-content\\\/uploads\\\/2021\\\/08\\\/Luciano-Gesiot-Cna-Veneto_edited.jpg\",\"width\":473,\"height\":623,\"caption\":\"Luciano Gesiot\"},{\"@type\":\"BreadcrumbList\",\"@id\":\"https:\\\/\\\/www.bellunopress.it\\\/2021\\\/08\\\/04\\\/luciano-gesiot-confermato-alla-presidenza-della-lavorazione-artistica-metalli-cna-veneto\\\/#breadcrumb\",\"itemListElement\":[{\"@type\":\"ListItem\",\"position\":1,\"name\":\"Home\",\"item\":\"https:\\\/\\\/www.bellunopress.it\\\/\"},{\"@type\":\"ListItem\",\"position\":2,\"name\":\"Luciano Gesiot confermato alla presidenza della Lavorazione artistica metalli CNA Veneto\"}]},{\"@type\":\"WebSite\",\"@id\":\"https:\\\/\\\/www.bellunopress.it\\\/#website\",\"url\":\"https:\\\/\\\/www.bellunopress.it\\\/\",\"name\":\"Bellunopress - Dolomiti\",\"description\":\"e-mail: redazione@bellunopress.it\",\"publisher\":{\"@id\":\"https:\\\/\\\/www.bellunopress.it\\\/#organization\"},\"potentialAction\":[{\"@type\":\"SearchAction\",\"target\":{\"@type\":\"EntryPoint\",\"urlTemplate\":\"https:\\\/\\\/www.bellunopress.it\\\/?s={search_term_string}\"},\"query-input\":{\"@type\":\"PropertyValueSpecification\",\"valueRequired\":true,\"valueName\":\"search_term_string\"}}],\"inLanguage\":\"fr-FR\"},{\"@type\":\"Organization\",\"@id\":\"https:\\\/\\\/www.bellunopress.it\\\/#organization\",\"name\":\"Bellunopress\",\"url\":\"https:\\\/\\\/www.bellunopress.it\\\/\",\"logo\":{\"@type\":\"ImageObject\",\"inLanguage\":\"fr-FR\",\"@id\":\"https:\\\/\\\/www.bellunopress.it\\\/#\\\/schema\\\/logo\\\/image\\\/\",\"url\":\"https:\\\/\\\/www.bellunopress.it\\\/wp-content\\\/uploads\\\/2011\\\/05\\\/cropped-logo-bellunopress-.jpg\",\"contentUrl\":\"https:\\\/\\\/www.bellunopress.it\\\/wp-content\\\/uploads\\\/2011\\\/05\\\/cropped-logo-bellunopress-.jpg\",\"width\":512,\"height\":512,\"caption\":\"Bellunopress\"},\"image\":{\"@id\":\"https:\\\/\\\/www.bellunopress.it\\\/#\\\/schema\\\/logo\\\/image\\\/\"},\"sameAs\":[\"https:\\\/\\\/www.facebook.com\\\/profile.php?id=100008943462799\",\"https:\\\/\\\/x.com\\\/bellunopress\",\"https:\\\/\\\/www.linkedin.com\\\/hp\\\/?dnr=JBzUWaJfMUw8vbXJJ2tVW5-I3jZKvC4wsoxE&amp;amp;amp;amp;amp;amp;trk=nav_responsive_tab_home\",\"https:\\\/\\\/www.youtube.com\\\/channel\\\/UCxL0wu1uN0_3_7hGG0306cw\"]},{\"@type\":\"Person\",\"@id\":\"https:\\\/\\\/www.bellunopress.it\\\/#\\\/schema\\\/person\\\/79bb06722b37ece1c03d3e94beb30d73\",\"name\":\"redazione\",\"image\":{\"@type\":\"ImageObject\",\"inLanguage\":\"fr-FR\",\"@id\":\"https:\\\/\\\/secure.gravatar.com\\\/avatar\\\/37d968a2e67a6fd04c169c4bdef102d0bc5d31b2546345219e348575eb80e9a0?s=96&d=mm&r=g\",\"url\":\"https:\\\/\\\/secure.gravatar.com\\\/avatar\\\/37d968a2e67a6fd04c169c4bdef102d0bc5d31b2546345219e348575eb80e9a0?s=96&d=mm&r=g\",\"contentUrl\":\"https:\\\/\\\/secure.gravatar.com\\\/avatar\\\/37d968a2e67a6fd04c169c4bdef102d0bc5d31b2546345219e348575eb80e9a0?s=96&d=mm&r=g\",\"caption\":\"redazione\"},\"sameAs\":[\"http:\\\/\\\/www.bellunopress.it\",\"https:\\\/\\\/x.com\\\/bellunopress\"],\"url\":\"https:\\\/\\\/www.bellunopress.it\\\/fr\\\/author\\\/redazione\\\/\"}]}<\/script>\n<!-- \/ Yoast SEO plugin. -->","yoast_head_json":{"title":"Luciano Gesiot confermato alla presidenza della Lavorazione artistica metalli CNA Veneto - Bellunopress - Dolomiti","robots":{"index":"index","follow":"follow","max-snippet":"max-snippet:-1","max-image-preview":"max-image-preview:large","max-video-preview":"max-video-preview:-1"},"canonical":"https:\/\/www.bellunopress.it\/fr\/2021\/08\/04\/luciano-gesiot-confermato-alla-presidenza-della-lavorazione-artistica-metalli-cna-veneto\/","og_locale":"fr_FR","og_type":"article","og_title":"Luciano Gesiot confermato alla presidenza della Lavorazione artistica metalli CNA Veneto - Bellunopress - Dolomiti","og_description":"Luciano Gesiot della Francescon srl di Fonzaso, gi\u00e0 presidente del mandamento di Feltre dell\u2019APPIA, \u00e8 stato confermato presidente del Mestiere Lavorazione Artistica dei Metalli della CNA del Veneto. \u201cE\u2019 con piacere che ho dato la mia disponibilit\u00e0 a continuare nel percorso intrapreso quattro anni fa e che ha visto sviluppare, assieme ai colleghi delle altre [&hellip;]","og_url":"https:\/\/www.bellunopress.it\/fr\/2021\/08\/04\/luciano-gesiot-confermato-alla-presidenza-della-lavorazione-artistica-metalli-cna-veneto\/","og_site_name":"Bellunopress - Dolomiti","article_publisher":"https:\/\/www.facebook.com\/profile.php?id=100008943462799","article_published_time":"2021-08-04T09:45:14+00:00","article_modified_time":"2021-08-04T09:45:16+00:00","og_image":[{"width":473,"height":623,"url":"https:\/\/www.bellunopress.it\/wp-content\/uploads\/2021\/08\/Luciano-Gesiot-Cna-Veneto_edited.jpg","type":"image\/jpeg"}],"author":"redazione","twitter_card":"summary_large_image","twitter_creator":"@bellunopress","twitter_site":"@bellunopress","twitter_misc":{"\u00c9crit par":"redazione","Dur\u00e9e de lecture estim\u00e9e":"1 minute"},"schema":{"@context":"https:\/\/schema.org","@graph":[{"@type":"Article","@id":"https:\/\/www.bellunopress.it\/2021\/08\/04\/luciano-gesiot-confermato-alla-presidenza-della-lavorazione-artistica-metalli-cna-veneto\/#article","isPartOf":{"@id":"https:\/\/www.bellunopress.it\/2021\/08\/04\/luciano-gesiot-confermato-alla-presidenza-della-lavorazione-artistica-metalli-cna-veneto\/"},"author":{"name":"redazione","@id":"https:\/\/www.bellunopress.it\/#\/schema\/person\/79bb06722b37ece1c03d3e94beb30d73"},"headline":"Luciano Gesiot confermato alla presidenza della Lavorazione artistica metalli CNA Veneto","datePublished":"2021-08-04T09:45:14+00:00","dateModified":"2021-08-04T09:45:16+00:00","mainEntityOfPage":{"@id":"https:\/\/www.bellunopress.it\/2021\/08\/04\/luciano-gesiot-confermato-alla-presidenza-della-lavorazione-artistica-metalli-cna-veneto\/"},"wordCount":118,"publisher":{"@id":"https:\/\/www.bellunopress.it\/#organization"},"image":{"@id":"https:\/\/www.bellunopress.it\/2021\/08\/04\/luciano-gesiot-confermato-alla-presidenza-della-lavorazione-artistica-metalli-cna-veneto\/#primaryimage"},"thumbnailUrl":"https:\/\/www.bellunopress.it\/wp-content\/uploads\/2021\/08\/Luciano-Gesiot-Cna-Veneto_edited.jpg","articleSection":["Lavoro, Economia, Turismo"],"inLanguage":"fr-FR"},{"@type":"WebPage","@id":"https:\/\/www.bellunopress.it\/2021\/08\/04\/luciano-gesiot-confermato-alla-presidenza-della-lavorazione-artistica-metalli-cna-veneto\/","url":"https:\/\/www.bellunopress.it\/2021\/08\/04\/luciano-gesiot-confermato-alla-presidenza-della-lavorazione-artistica-metalli-cna-veneto\/","name":"Luciano Gesiot confermato alla presidenza della Lavorazione artistica metalli CNA Veneto - Bellunopress - Dolomiti","isPartOf":{"@id":"https:\/\/www.bellunopress.it\/#website"},"primaryImageOfPage":{"@id":"https:\/\/www.bellunopress.it\/2021\/08\/04\/luciano-gesiot-confermato-alla-presidenza-della-lavorazione-artistica-metalli-cna-veneto\/#primaryimage"},"image":{"@id":"https:\/\/www.bellunopress.it\/2021\/08\/04\/luciano-gesiot-confermato-alla-presidenza-della-lavorazione-artistica-metalli-cna-veneto\/#primaryimage"},"thumbnailUrl":"https:\/\/www.bellunopress.it\/wp-content\/uploads\/2021\/08\/Luciano-Gesiot-Cna-Veneto_edited.jpg","datePublished":"2021-08-04T09:45:14+00:00","dateModified":"2021-08-04T09:45:16+00:00","breadcrumb":{"@id":"https:\/\/www.bellunopress.it\/2021\/08\/04\/luciano-gesiot-confermato-alla-presidenza-della-lavorazione-artistica-metalli-cna-veneto\/#breadcrumb"},"inLanguage":"fr-FR","potentialAction":[{"@type":"ReadAction","target":["https:\/\/www.bellunopress.it\/2021\/08\/04\/luciano-gesiot-confermato-alla-presidenza-della-lavorazione-artistica-metalli-cna-veneto\/"]}]},{"@type":"ImageObject","inLanguage":"fr-FR","@id":"https:\/\/www.bellunopress.it\/2021\/08\/04\/luciano-gesiot-confermato-alla-presidenza-della-lavorazione-artistica-metalli-cna-veneto\/#primaryimage","url":"https:\/\/www.bellunopress.it\/wp-content\/uploads\/2021\/08\/Luciano-Gesiot-Cna-Veneto_edited.jpg","contentUrl":"https:\/\/www.bellunopress.it\/wp-content\/uploads\/2021\/08\/Luciano-Gesiot-Cna-Veneto_edited.jpg","width":473,"height":623,"caption":"Luciano Gesiot"},{"@type":"BreadcrumbList","@id":"https:\/\/www.bellunopress.it\/2021\/08\/04\/luciano-gesiot-confermato-alla-presidenza-della-lavorazione-artistica-metalli-cna-veneto\/#breadcrumb","itemListElement":[{"@type":"ListItem","position":1,"name":"Home","item":"https:\/\/www.bellunopress.it\/"},{"@type":"ListItem","position":2,"name":"Luciano Gesiot confermato alla presidenza della Lavorazione artistica metalli CNA Veneto"}]},{"@type":"WebSite","@id":"https:\/\/www.bellunopress.it\/#website","url":"https:\/\/www.bellunopress.it\/","name":"Bellunopress - Dolomiti","description":"e-mail: redazione@bellunopress.it","publisher":{"@id":"https:\/\/www.bellunopress.it\/#organization"},"potentialAction":[{"@type":"SearchAction","target":{"@type":"EntryPoint","urlTemplate":"https:\/\/www.bellunopress.it\/?s={search_term_string}"},"query-input":{"@type":"PropertyValueSpecification","valueRequired":true,"valueName":"search_term_string"}}],"inLanguage":"fr-FR"},{"@type":"Organization","@id":"https:\/\/www.bellunopress.it\/#organization","name":"Bellunopress","url":"https:\/\/www.bellunopress.it\/","logo":{"@type":"ImageObject","inLanguage":"fr-FR","@id":"https:\/\/www.bellunopress.it\/#\/schema\/logo\/image\/","url":"https:\/\/www.bellunopress.it\/wp-content\/uploads\/2011\/05\/cropped-logo-bellunopress-.jpg","contentUrl":"https:\/\/www.bellunopress.it\/wp-content\/uploads\/2011\/05\/cropped-logo-bellunopress-.jpg","width":512,"height":512,"caption":"Bellunopress"},"image":{"@id":"https:\/\/www.bellunopress.it\/#\/schema\/logo\/image\/"},"sameAs":["https:\/\/www.facebook.com\/profile.php?id=100008943462799","https:\/\/x.com\/bellunopress","https:\/\/www.linkedin.com\/hp\/?dnr=JBzUWaJfMUw8vbXJJ2tVW5-I3jZKvC4wsoxE&amp;amp;amp;amp;amp;amp;trk=nav_responsive_tab_home","https:\/\/www.youtube.com\/channel\/UCxL0wu1uN0_3_7hGG0306cw"]},{"@type":"Person","@id":"https:\/\/www.bellunopress.it\/#\/schema\/person\/79bb06722b37ece1c03d3e94beb30d73","name":"r\u00e9daction","image":{"@type":"ImageObject","inLanguage":"fr-FR","@id":"https:\/\/secure.gravatar.com\/avatar\/37d968a2e67a6fd04c169c4bdef102d0bc5d31b2546345219e348575eb80e9a0?s=96&d=mm&r=g","url":"https:\/\/secure.gravatar.com\/avatar\/37d968a2e67a6fd04c169c4bdef102d0bc5d31b2546345219e348575eb80e9a0?s=96&d=mm&r=g","contentUrl":"https:\/\/secure.gravatar.com\/avatar\/37d968a2e67a6fd04c169c4bdef102d0bc5d31b2546345219e348575eb80e9a0?s=96&d=mm&r=g","caption":"redazione"},"sameAs":["http:\/\/www.bellunopress.it","https:\/\/x.com\/bellunopress"],"url":"https:\/\/www.bellunopress.it\/fr\/author\/redazione\/"}]}},"_links":{"self":[{"href":"https:\/\/www.bellunopress.it\/fr\/wp-json\/wp\/v2\/posts\/126618","targetHints":{"allow":["GET"]}}],"collection":[{"href":"https:\/\/www.bellunopress.it\/fr\/wp-json\/wp\/v2\/posts"}],"about":[{"href":"https:\/\/www.bellunopress.it\/fr\/wp-json\/wp\/v2\/types\/post"}],"author":[{"embeddable":true,"href":"https:\/\/www.bellunopress.it\/fr\/wp-json\/wp\/v2\/users\/2"}],"replies":[{"embeddable":true,"href":"https:\/\/www.bellunopress.it\/fr\/wp-json\/wp\/v2\/comments?post=126618"}],"version-history":[{"count":2,"href":"https:\/\/www.bellunopress.it\/fr\/wp-json\/wp\/v2\/posts\/126618\/revisions"}],"predecessor-version":[{"id":126621,"href":"https:\/\/www.bellunopress.it\/fr\/wp-json\/wp\/v2\/posts\/126618\/revisions\/126621"}],"wp:featuredmedia":[{"embeddable":true,"href":"https:\/\/www.bellunopress.it\/fr\/wp-json\/wp\/v2\/media\/126619"}],"wp:attachment":[{"href":"https:\/\/www.bellunopress.it\/fr\/wp-json\/wp\/v2\/media?parent=126618"}],"wp:term":[{"taxonomy":"category","embeddable":true,"href":"https:\/\/www.bellunopress.it\/fr\/wp-json\/wp\/v2\/categories?post=126618"},{"taxonomy":"post_tag","embeddable":true,"href":"https:\/\/www.bellunopress.it\/fr\/wp-json\/wp\/v2\/tags?post=126618"}],"curies":[{"name":"wp","href":"https:\/\/api.w.org\/{rel}","templated":true}]}}