{"id":126614,"date":"2021-08-03T21:12:37","date_gmt":"2021-08-03T19:12:37","guid":{"rendered":"https:\/\/www.bellunopress.it\/?p=126614"},"modified":"2021-08-03T21:12:37","modified_gmt":"2021-08-03T19:12:37","slug":"storie-di-uomini-e-libri-venerdi-a-villa-alpago-novello-giuseppe-laterza-ospite-di-trichiana-paese-del-libro","status":"publish","type":"post","link":"https:\/\/www.bellunopress.it\/fr\/2021\/08\/03\/storie-di-uomini-e-libri-venerdi-a-villa-alpago-novello-giuseppe-laterza-ospite-di-trichiana-paese-del-libro\/","title":{"rendered":"\u201cStorie di uomini e libri\u201d. Venerd\u00ec a Villa Alpago Novello Giuseppe Laterza ospite di \u201cTrichiana Paese del Libro\u201d"},"content":{"rendered":"<figure id=\"attachment_124767\" aria-describedby=\"caption-attachment-124767\" style=\"width: 322px\" class=\"wp-caption alignleft\"><a href=\"https:\/\/www.bellunopress.it\/fr\/2021\/05\/26\/maquillage-conservativo-a-villa-alpago-novello-che-si-prepara-ad-una-nuova-stagione-di-eventi\/villa-alpago-novello-frontin_edited\/\" rel=\"attachment wp-att-124767\"><img loading=\"lazy\" decoding=\"async\" class=\"size-full wp-image-124767\" src=\"https:\/\/www.bellunopress.it\/wp-content\/uploads\/2021\/05\/villa-alpago-novello-frontin_edited.jpg\" alt=\"\" width=\"322\" height=\"238\" srcset=\"https:\/\/www.bellunopress.it\/wp-content\/uploads\/2021\/05\/villa-alpago-novello-frontin_edited.jpg 322w, https:\/\/www.bellunopress.it\/wp-content\/uploads\/2021\/05\/villa-alpago-novello-frontin_edited-80x60.jpg 80w\" sizes=\"auto, (max-width: 322px) 100vw, 322px\" \/><\/a><figcaption id=\"caption-attachment-124767\" class=\"wp-caption-text\">Villa Alpago Novello &#8211; Frontin di Trichiana (Borgo Valbelluna)<\/figcaption><\/figure>\n<p>Secondo appuntamento per il festival letterario \u201cTrichiana Paese del Libro: libri e autori in Borgo Valbelluna\u201d con Giuseppe Laterza, venerd\u00ec 6 agosto alle 20.30 nel giardino della villa Alpago-Novello a Frontin di Trichiana. Dialogando con la giornalista Chiara Alpago-Novello, Giuseppe Laterza racconter\u00e0 la lunga storia della casa editrice di famiglia, che ha appena compiuto 120 anni, a iniziare dagli esordi con Benedetto Croce, un faro spirituale e culturale, e ripercorrendo le collaborazioni con i maggiori intellettuali italiani e europei, fino a arrivare alle iniziative degli ultimi anni, che ne fanno una casa editrice di successo.<br \/>\nUn\u2019occasione per comprendere cosa sta dietro al mondo del libro, come si definisce una politica culturale e editoriale e come si sceglie di pubblicare o rifiutare un testo. E molte sono state le felici intuizioni: tra tutte una delle opere pi\u00f9 importanti pubblicate da Laterza \u00e8 la \u201cStoria delle donne\u201d, articolata in cinque volumi e diretta da due storici francesi di fama internazionale, Georges Duby e Michelle Perrot.<\/p>\n<p>Sar\u00e0 interessante sapere cosa significa essere l\u2019editore di autori che hanno avuto un\u2019enorme fortuna come Zygmunt Bauman e Alessandro Barbero, con i quali si sono creati rapporti di collaborazione e spesso di amicizia.<br \/>\nUna casa editrice, ma anche un progetto imprenditoriale che difende la propria eredit\u00e0 storica e, nel contempo, guarda al contemporaneo e si apre a nuove e moderne prospettive anche ideando iniziative culturali di livello nazionale come il \u201cFestival dell\u2019economia\u201d di Trento o le \u201cLezioni di storia\u201d.<\/p>\n<p>Per informazioni si rimanda al sito istituzionale www.borgovalbelluna.it e alle pagine facebook e instagram borgovalbellunacultura.<br \/>\nPer prenotare gli eventi: biblioteca.trichiana@borgovalbelluna.bl.it \u2013 0437 555274, 0437 544211.<br \/>\nPer accedere agli eventi, anche all\u2019aperto, \u00e8 richiesto il Green Pass.<\/p>\n<p>&nbsp;<\/p>\n<p>&nbsp;<\/p>","protected":false},"excerpt":{"rendered":"<p>Secondo appuntamento per il festival letterario \u201cTrichiana Paese del Libro: libri e autori in Borgo Valbelluna\u201d con Giuseppe Laterza, venerd\u00ec 6 agosto alle 20.30 nel giardino della villa Alpago-Novello a Frontin di Trichiana. Dialogando con la giornalista Chiara Alpago-Novello, Giuseppe Laterza racconter\u00e0 la lunga storia della casa editrice di famiglia, che ha appena compiuto 120 [&hellip;]<\/p>\n","protected":false},"author":2,"featured_media":124767,"comment_status":"closed","ping_status":"open","sticky":false,"template":"","format":"standard","meta":{"footnotes":""},"categories":[27,3,25],"tags":[],"class_list":["post-126614","post","type-post","status-publish","format-standard","has-post-thumbnail","category-appuntamenti","category-arte-cultura-spettacoli-scienza-archivi","category-pausa-caffe"],"yoast_head":"<!-- This site is optimized with the Yoast SEO plugin v28.4 - https:\/\/yoast.com\/product\/yoast-seo-wordpress\/ -->\n<title>\u201cStorie di uomini e libri\u201d. Venerd\u00ec a Villa Alpago Novello Giuseppe Laterza ospite di \u201cTrichiana Paese del Libro\u201d - Bellunopress - Dolomiti<\/title>\n<meta name=\"robots\" content=\"index, follow, max-snippet:-1, max-image-preview:large, max-video-preview:-1\" \/>\n<link rel=\"canonical\" href=\"https:\/\/www.bellunopress.it\/fr\/2021\/08\/03\/storie-di-uomini-e-libri-venerdi-a-villa-alpago-novello-giuseppe-laterza-ospite-di-trichiana-paese-del-libro\/\" \/>\n<meta property=\"og:locale\" content=\"fr_FR\" \/>\n<meta property=\"og:type\" content=\"article\" \/>\n<meta property=\"og:title\" content=\"\u201cStorie di uomini e libri\u201d. Venerd\u00ec a Villa Alpago Novello Giuseppe Laterza ospite di \u201cTrichiana Paese del Libro\u201d - Bellunopress - Dolomiti\" \/>\n<meta property=\"og:description\" content=\"Secondo appuntamento per il festival letterario \u201cTrichiana Paese del Libro: libri e autori in Borgo Valbelluna\u201d con Giuseppe Laterza, venerd\u00ec 6 agosto alle 20.30 nel giardino della villa Alpago-Novello a Frontin di Trichiana. Dialogando con la giornalista Chiara Alpago-Novello, Giuseppe Laterza racconter\u00e0 la lunga storia della casa editrice di famiglia, che ha appena compiuto 120 [&hellip;]\" \/>\n<meta property=\"og:url\" content=\"https:\/\/www.bellunopress.it\/fr\/2021\/08\/03\/storie-di-uomini-e-libri-venerdi-a-villa-alpago-novello-giuseppe-laterza-ospite-di-trichiana-paese-del-libro\/\" \/>\n<meta property=\"og:site_name\" content=\"Bellunopress - Dolomiti\" \/>\n<meta property=\"article:publisher\" content=\"https:\/\/www.facebook.com\/profile.php?id=100008943462799\" \/>\n<meta property=\"article:published_time\" content=\"2021-08-03T19:12:37+00:00\" \/>\n<meta property=\"og:image\" content=\"https:\/\/www.bellunopress.it\/wp-content\/uploads\/2021\/05\/villa-alpago-novello-frontin_edited.jpg\" \/>\n\t<meta property=\"og:image:width\" content=\"322\" \/>\n\t<meta property=\"og:image:height\" content=\"238\" \/>\n\t<meta property=\"og:image:type\" content=\"image\/jpeg\" \/>\n<meta name=\"author\" content=\"redazione\" \/>\n<meta name=\"twitter:card\" content=\"summary_large_image\" \/>\n<meta name=\"twitter:creator\" content=\"@bellunopress\" \/>\n<meta name=\"twitter:site\" content=\"@bellunopress\" \/>\n<meta name=\"twitter:label1\" content=\"\u00c9crit par\" \/>\n\t<meta name=\"twitter:data1\" content=\"redazione\" \/>\n\t<meta name=\"twitter:label2\" content=\"Dur\u00e9e de lecture estim\u00e9e\" \/>\n\t<meta name=\"twitter:data2\" content=\"2 minutes\" \/>\n<script type=\"application\/ld+json\" class=\"yoast-schema-graph\">{\"@context\":\"https:\\\/\\\/schema.org\",\"@graph\":[{\"@type\":\"Article\",\"@id\":\"https:\\\/\\\/www.bellunopress.it\\\/2021\\\/08\\\/03\\\/storie-di-uomini-e-libri-venerdi-a-villa-alpago-novello-giuseppe-laterza-ospite-di-trichiana-paese-del-libro\\\/#article\",\"isPartOf\":{\"@id\":\"https:\\\/\\\/www.bellunopress.it\\\/2021\\\/08\\\/03\\\/storie-di-uomini-e-libri-venerdi-a-villa-alpago-novello-giuseppe-laterza-ospite-di-trichiana-paese-del-libro\\\/\"},\"author\":{\"name\":\"redazione\",\"@id\":\"https:\\\/\\\/www.bellunopress.it\\\/#\\\/schema\\\/person\\\/79bb06722b37ece1c03d3e94beb30d73\"},\"headline\":\"\u201cStorie di uomini e libri\u201d. Venerd\u00ec a Villa Alpago Novello Giuseppe Laterza ospite di \u201cTrichiana Paese del Libro\u201d\",\"datePublished\":\"2021-08-03T19:12:37+00:00\",\"mainEntityOfPage\":{\"@id\":\"https:\\\/\\\/www.bellunopress.it\\\/2021\\\/08\\\/03\\\/storie-di-uomini-e-libri-venerdi-a-villa-alpago-novello-giuseppe-laterza-ospite-di-trichiana-paese-del-libro\\\/\"},\"wordCount\":315,\"publisher\":{\"@id\":\"https:\\\/\\\/www.bellunopress.it\\\/#organization\"},\"image\":{\"@id\":\"https:\\\/\\\/www.bellunopress.it\\\/2021\\\/08\\\/03\\\/storie-di-uomini-e-libri-venerdi-a-villa-alpago-novello-giuseppe-laterza-ospite-di-trichiana-paese-del-libro\\\/#primaryimage\"},\"thumbnailUrl\":\"https:\\\/\\\/www.bellunopress.it\\\/wp-content\\\/uploads\\\/2021\\\/05\\\/villa-alpago-novello-frontin_edited.jpg\",\"articleSection\":[\"Appuntamenti, Eventi\",\"Arte, Cultura, Spettacoli, Scienza\",\"Pausa Caff\u00e8\"],\"inLanguage\":\"fr-FR\"},{\"@type\":\"WebPage\",\"@id\":\"https:\\\/\\\/www.bellunopress.it\\\/2021\\\/08\\\/03\\\/storie-di-uomini-e-libri-venerdi-a-villa-alpago-novello-giuseppe-laterza-ospite-di-trichiana-paese-del-libro\\\/\",\"url\":\"https:\\\/\\\/www.bellunopress.it\\\/2021\\\/08\\\/03\\\/storie-di-uomini-e-libri-venerdi-a-villa-alpago-novello-giuseppe-laterza-ospite-di-trichiana-paese-del-libro\\\/\",\"name\":\"\u201cStorie di uomini e libri\u201d. Venerd\u00ec a Villa Alpago Novello Giuseppe Laterza ospite di \u201cTrichiana Paese del Libro\u201d - Bellunopress - Dolomiti\",\"isPartOf\":{\"@id\":\"https:\\\/\\\/www.bellunopress.it\\\/#website\"},\"primaryImageOfPage\":{\"@id\":\"https:\\\/\\\/www.bellunopress.it\\\/2021\\\/08\\\/03\\\/storie-di-uomini-e-libri-venerdi-a-villa-alpago-novello-giuseppe-laterza-ospite-di-trichiana-paese-del-libro\\\/#primaryimage\"},\"image\":{\"@id\":\"https:\\\/\\\/www.bellunopress.it\\\/2021\\\/08\\\/03\\\/storie-di-uomini-e-libri-venerdi-a-villa-alpago-novello-giuseppe-laterza-ospite-di-trichiana-paese-del-libro\\\/#primaryimage\"},\"thumbnailUrl\":\"https:\\\/\\\/www.bellunopress.it\\\/wp-content\\\/uploads\\\/2021\\\/05\\\/villa-alpago-novello-frontin_edited.jpg\",\"datePublished\":\"2021-08-03T19:12:37+00:00\",\"breadcrumb\":{\"@id\":\"https:\\\/\\\/www.bellunopress.it\\\/2021\\\/08\\\/03\\\/storie-di-uomini-e-libri-venerdi-a-villa-alpago-novello-giuseppe-laterza-ospite-di-trichiana-paese-del-libro\\\/#breadcrumb\"},\"inLanguage\":\"fr-FR\",\"potentialAction\":[{\"@type\":\"ReadAction\",\"target\":[\"https:\\\/\\\/www.bellunopress.it\\\/2021\\\/08\\\/03\\\/storie-di-uomini-e-libri-venerdi-a-villa-alpago-novello-giuseppe-laterza-ospite-di-trichiana-paese-del-libro\\\/\"]}]},{\"@type\":\"ImageObject\",\"inLanguage\":\"fr-FR\",\"@id\":\"https:\\\/\\\/www.bellunopress.it\\\/2021\\\/08\\\/03\\\/storie-di-uomini-e-libri-venerdi-a-villa-alpago-novello-giuseppe-laterza-ospite-di-trichiana-paese-del-libro\\\/#primaryimage\",\"url\":\"https:\\\/\\\/www.bellunopress.it\\\/wp-content\\\/uploads\\\/2021\\\/05\\\/villa-alpago-novello-frontin_edited.jpg\",\"contentUrl\":\"https:\\\/\\\/www.bellunopress.it\\\/wp-content\\\/uploads\\\/2021\\\/05\\\/villa-alpago-novello-frontin_edited.jpg\",\"width\":322,\"height\":238,\"caption\":\"Villa Alpago Novello - Frontin di Trichiana (Borgo Valbelluna)\"},{\"@type\":\"BreadcrumbList\",\"@id\":\"https:\\\/\\\/www.bellunopress.it\\\/2021\\\/08\\\/03\\\/storie-di-uomini-e-libri-venerdi-a-villa-alpago-novello-giuseppe-laterza-ospite-di-trichiana-paese-del-libro\\\/#breadcrumb\",\"itemListElement\":[{\"@type\":\"ListItem\",\"position\":1,\"name\":\"Home\",\"item\":\"https:\\\/\\\/www.bellunopress.it\\\/\"},{\"@type\":\"ListItem\",\"position\":2,\"name\":\"\u201cStorie di uomini e libri\u201d. Venerd\u00ec a Villa Alpago Novello Giuseppe Laterza ospite di \u201cTrichiana Paese del Libro\u201d\"}]},{\"@type\":\"WebSite\",\"@id\":\"https:\\\/\\\/www.bellunopress.it\\\/#website\",\"url\":\"https:\\\/\\\/www.bellunopress.it\\\/\",\"name\":\"Bellunopress - Dolomiti\",\"description\":\"e-mail: redazione@bellunopress.it\",\"publisher\":{\"@id\":\"https:\\\/\\\/www.bellunopress.it\\\/#organization\"},\"potentialAction\":[{\"@type\":\"SearchAction\",\"target\":{\"@type\":\"EntryPoint\",\"urlTemplate\":\"https:\\\/\\\/www.bellunopress.it\\\/?s={search_term_string}\"},\"query-input\":{\"@type\":\"PropertyValueSpecification\",\"valueRequired\":true,\"valueName\":\"search_term_string\"}}],\"inLanguage\":\"fr-FR\"},{\"@type\":\"Organization\",\"@id\":\"https:\\\/\\\/www.bellunopress.it\\\/#organization\",\"name\":\"Bellunopress\",\"url\":\"https:\\\/\\\/www.bellunopress.it\\\/\",\"logo\":{\"@type\":\"ImageObject\",\"inLanguage\":\"fr-FR\",\"@id\":\"https:\\\/\\\/www.bellunopress.it\\\/#\\\/schema\\\/logo\\\/image\\\/\",\"url\":\"https:\\\/\\\/www.bellunopress.it\\\/wp-content\\\/uploads\\\/2011\\\/05\\\/cropped-logo-bellunopress-.jpg\",\"contentUrl\":\"https:\\\/\\\/www.bellunopress.it\\\/wp-content\\\/uploads\\\/2011\\\/05\\\/cropped-logo-bellunopress-.jpg\",\"width\":512,\"height\":512,\"caption\":\"Bellunopress\"},\"image\":{\"@id\":\"https:\\\/\\\/www.bellunopress.it\\\/#\\\/schema\\\/logo\\\/image\\\/\"},\"sameAs\":[\"https:\\\/\\\/www.facebook.com\\\/profile.php?id=100008943462799\",\"https:\\\/\\\/x.com\\\/bellunopress\",\"https:\\\/\\\/www.linkedin.com\\\/hp\\\/?dnr=JBzUWaJfMUw8vbXJJ2tVW5-I3jZKvC4wsoxE&amp;amp;amp;amp;amp;amp;trk=nav_responsive_tab_home\",\"https:\\\/\\\/www.youtube.com\\\/channel\\\/UCxL0wu1uN0_3_7hGG0306cw\"]},{\"@type\":\"Person\",\"@id\":\"https:\\\/\\\/www.bellunopress.it\\\/#\\\/schema\\\/person\\\/79bb06722b37ece1c03d3e94beb30d73\",\"name\":\"redazione\",\"image\":{\"@type\":\"ImageObject\",\"inLanguage\":\"fr-FR\",\"@id\":\"https:\\\/\\\/secure.gravatar.com\\\/avatar\\\/37d968a2e67a6fd04c169c4bdef102d0bc5d31b2546345219e348575eb80e9a0?s=96&d=mm&r=g\",\"url\":\"https:\\\/\\\/secure.gravatar.com\\\/avatar\\\/37d968a2e67a6fd04c169c4bdef102d0bc5d31b2546345219e348575eb80e9a0?s=96&d=mm&r=g\",\"contentUrl\":\"https:\\\/\\\/secure.gravatar.com\\\/avatar\\\/37d968a2e67a6fd04c169c4bdef102d0bc5d31b2546345219e348575eb80e9a0?s=96&d=mm&r=g\",\"caption\":\"redazione\"},\"sameAs\":[\"http:\\\/\\\/www.bellunopress.it\",\"https:\\\/\\\/x.com\\\/bellunopress\"],\"url\":\"https:\\\/\\\/www.bellunopress.it\\\/fr\\\/author\\\/redazione\\\/\"}]}<\/script>\n<!-- \/ Yoast SEO plugin. -->","yoast_head_json":{"title":"\u201cStorie di uomini e libri\u201d. Venerd\u00ec a Villa Alpago Novello Giuseppe Laterza ospite di \u201cTrichiana Paese del Libro\u201d - Bellunopress - Dolomiti","robots":{"index":"index","follow":"follow","max-snippet":"max-snippet:-1","max-image-preview":"max-image-preview:large","max-video-preview":"max-video-preview:-1"},"canonical":"https:\/\/www.bellunopress.it\/fr\/2021\/08\/03\/storie-di-uomini-e-libri-venerdi-a-villa-alpago-novello-giuseppe-laterza-ospite-di-trichiana-paese-del-libro\/","og_locale":"fr_FR","og_type":"article","og_title":"\u201cStorie di uomini e libri\u201d. Venerd\u00ec a Villa Alpago Novello Giuseppe Laterza ospite di \u201cTrichiana Paese del Libro\u201d - Bellunopress - Dolomiti","og_description":"Secondo appuntamento per il festival letterario \u201cTrichiana Paese del Libro: libri e autori in Borgo Valbelluna\u201d con Giuseppe Laterza, venerd\u00ec 6 agosto alle 20.30 nel giardino della villa Alpago-Novello a Frontin di Trichiana. Dialogando con la giornalista Chiara Alpago-Novello, Giuseppe Laterza racconter\u00e0 la lunga storia della casa editrice di famiglia, che ha appena compiuto 120 [&hellip;]","og_url":"https:\/\/www.bellunopress.it\/fr\/2021\/08\/03\/storie-di-uomini-e-libri-venerdi-a-villa-alpago-novello-giuseppe-laterza-ospite-di-trichiana-paese-del-libro\/","og_site_name":"Bellunopress - Dolomiti","article_publisher":"https:\/\/www.facebook.com\/profile.php?id=100008943462799","article_published_time":"2021-08-03T19:12:37+00:00","og_image":[{"width":322,"height":238,"url":"https:\/\/www.bellunopress.it\/wp-content\/uploads\/2021\/05\/villa-alpago-novello-frontin_edited.jpg","type":"image\/jpeg"}],"author":"redazione","twitter_card":"summary_large_image","twitter_creator":"@bellunopress","twitter_site":"@bellunopress","twitter_misc":{"\u00c9crit par":"redazione","Dur\u00e9e de lecture estim\u00e9e":"2 minutes"},"schema":{"@context":"https:\/\/schema.org","@graph":[{"@type":"Article","@id":"https:\/\/www.bellunopress.it\/2021\/08\/03\/storie-di-uomini-e-libri-venerdi-a-villa-alpago-novello-giuseppe-laterza-ospite-di-trichiana-paese-del-libro\/#article","isPartOf":{"@id":"https:\/\/www.bellunopress.it\/2021\/08\/03\/storie-di-uomini-e-libri-venerdi-a-villa-alpago-novello-giuseppe-laterza-ospite-di-trichiana-paese-del-libro\/"},"author":{"name":"redazione","@id":"https:\/\/www.bellunopress.it\/#\/schema\/person\/79bb06722b37ece1c03d3e94beb30d73"},"headline":"\u201cStorie di uomini e libri\u201d. Venerd\u00ec a Villa Alpago Novello Giuseppe Laterza ospite di \u201cTrichiana Paese del Libro\u201d","datePublished":"2021-08-03T19:12:37+00:00","mainEntityOfPage":{"@id":"https:\/\/www.bellunopress.it\/2021\/08\/03\/storie-di-uomini-e-libri-venerdi-a-villa-alpago-novello-giuseppe-laterza-ospite-di-trichiana-paese-del-libro\/"},"wordCount":315,"publisher":{"@id":"https:\/\/www.bellunopress.it\/#organization"},"image":{"@id":"https:\/\/www.bellunopress.it\/2021\/08\/03\/storie-di-uomini-e-libri-venerdi-a-villa-alpago-novello-giuseppe-laterza-ospite-di-trichiana-paese-del-libro\/#primaryimage"},"thumbnailUrl":"https:\/\/www.bellunopress.it\/wp-content\/uploads\/2021\/05\/villa-alpago-novello-frontin_edited.jpg","articleSection":["Appuntamenti, Eventi","Arte, Cultura, Spettacoli, Scienza","Pausa Caff\u00e8"],"inLanguage":"fr-FR"},{"@type":"WebPage","@id":"https:\/\/www.bellunopress.it\/2021\/08\/03\/storie-di-uomini-e-libri-venerdi-a-villa-alpago-novello-giuseppe-laterza-ospite-di-trichiana-paese-del-libro\/","url":"https:\/\/www.bellunopress.it\/2021\/08\/03\/storie-di-uomini-e-libri-venerdi-a-villa-alpago-novello-giuseppe-laterza-ospite-di-trichiana-paese-del-libro\/","name":"\u201cStorie di uomini e libri\u201d. Venerd\u00ec a Villa Alpago Novello Giuseppe Laterza ospite di \u201cTrichiana Paese del Libro\u201d - Bellunopress - Dolomiti","isPartOf":{"@id":"https:\/\/www.bellunopress.it\/#website"},"primaryImageOfPage":{"@id":"https:\/\/www.bellunopress.it\/2021\/08\/03\/storie-di-uomini-e-libri-venerdi-a-villa-alpago-novello-giuseppe-laterza-ospite-di-trichiana-paese-del-libro\/#primaryimage"},"image":{"@id":"https:\/\/www.bellunopress.it\/2021\/08\/03\/storie-di-uomini-e-libri-venerdi-a-villa-alpago-novello-giuseppe-laterza-ospite-di-trichiana-paese-del-libro\/#primaryimage"},"thumbnailUrl":"https:\/\/www.bellunopress.it\/wp-content\/uploads\/2021\/05\/villa-alpago-novello-frontin_edited.jpg","datePublished":"2021-08-03T19:12:37+00:00","breadcrumb":{"@id":"https:\/\/www.bellunopress.it\/2021\/08\/03\/storie-di-uomini-e-libri-venerdi-a-villa-alpago-novello-giuseppe-laterza-ospite-di-trichiana-paese-del-libro\/#breadcrumb"},"inLanguage":"fr-FR","potentialAction":[{"@type":"ReadAction","target":["https:\/\/www.bellunopress.it\/2021\/08\/03\/storie-di-uomini-e-libri-venerdi-a-villa-alpago-novello-giuseppe-laterza-ospite-di-trichiana-paese-del-libro\/"]}]},{"@type":"ImageObject","inLanguage":"fr-FR","@id":"https:\/\/www.bellunopress.it\/2021\/08\/03\/storie-di-uomini-e-libri-venerdi-a-villa-alpago-novello-giuseppe-laterza-ospite-di-trichiana-paese-del-libro\/#primaryimage","url":"https:\/\/www.bellunopress.it\/wp-content\/uploads\/2021\/05\/villa-alpago-novello-frontin_edited.jpg","contentUrl":"https:\/\/www.bellunopress.it\/wp-content\/uploads\/2021\/05\/villa-alpago-novello-frontin_edited.jpg","width":322,"height":238,"caption":"Villa Alpago Novello - Frontin di Trichiana (Borgo Valbelluna)"},{"@type":"BreadcrumbList","@id":"https:\/\/www.bellunopress.it\/2021\/08\/03\/storie-di-uomini-e-libri-venerdi-a-villa-alpago-novello-giuseppe-laterza-ospite-di-trichiana-paese-del-libro\/#breadcrumb","itemListElement":[{"@type":"ListItem","position":1,"name":"Home","item":"https:\/\/www.bellunopress.it\/"},{"@type":"ListItem","position":2,"name":"\u201cStorie di uomini e libri\u201d. Venerd\u00ec a Villa Alpago Novello Giuseppe Laterza ospite di \u201cTrichiana Paese del Libro\u201d"}]},{"@type":"WebSite","@id":"https:\/\/www.bellunopress.it\/#website","url":"https:\/\/www.bellunopress.it\/","name":"Bellunopress - Dolomiti","description":"e-mail: redazione@bellunopress.it","publisher":{"@id":"https:\/\/www.bellunopress.it\/#organization"},"potentialAction":[{"@type":"SearchAction","target":{"@type":"EntryPoint","urlTemplate":"https:\/\/www.bellunopress.it\/?s={search_term_string}"},"query-input":{"@type":"PropertyValueSpecification","valueRequired":true,"valueName":"search_term_string"}}],"inLanguage":"fr-FR"},{"@type":"Organization","@id":"https:\/\/www.bellunopress.it\/#organization","name":"Bellunopress","url":"https:\/\/www.bellunopress.it\/","logo":{"@type":"ImageObject","inLanguage":"fr-FR","@id":"https:\/\/www.bellunopress.it\/#\/schema\/logo\/image\/","url":"https:\/\/www.bellunopress.it\/wp-content\/uploads\/2011\/05\/cropped-logo-bellunopress-.jpg","contentUrl":"https:\/\/www.bellunopress.it\/wp-content\/uploads\/2011\/05\/cropped-logo-bellunopress-.jpg","width":512,"height":512,"caption":"Bellunopress"},"image":{"@id":"https:\/\/www.bellunopress.it\/#\/schema\/logo\/image\/"},"sameAs":["https:\/\/www.facebook.com\/profile.php?id=100008943462799","https:\/\/x.com\/bellunopress","https:\/\/www.linkedin.com\/hp\/?dnr=JBzUWaJfMUw8vbXJJ2tVW5-I3jZKvC4wsoxE&amp;amp;amp;amp;amp;amp;trk=nav_responsive_tab_home","https:\/\/www.youtube.com\/channel\/UCxL0wu1uN0_3_7hGG0306cw"]},{"@type":"Person","@id":"https:\/\/www.bellunopress.it\/#\/schema\/person\/79bb06722b37ece1c03d3e94beb30d73","name":"r\u00e9daction","image":{"@type":"ImageObject","inLanguage":"fr-FR","@id":"https:\/\/secure.gravatar.com\/avatar\/37d968a2e67a6fd04c169c4bdef102d0bc5d31b2546345219e348575eb80e9a0?s=96&d=mm&r=g","url":"https:\/\/secure.gravatar.com\/avatar\/37d968a2e67a6fd04c169c4bdef102d0bc5d31b2546345219e348575eb80e9a0?s=96&d=mm&r=g","contentUrl":"https:\/\/secure.gravatar.com\/avatar\/37d968a2e67a6fd04c169c4bdef102d0bc5d31b2546345219e348575eb80e9a0?s=96&d=mm&r=g","caption":"redazione"},"sameAs":["http:\/\/www.bellunopress.it","https:\/\/x.com\/bellunopress"],"url":"https:\/\/www.bellunopress.it\/fr\/author\/redazione\/"}]}},"_links":{"self":[{"href":"https:\/\/www.bellunopress.it\/fr\/wp-json\/wp\/v2\/posts\/126614","targetHints":{"allow":["GET"]}}],"collection":[{"href":"https:\/\/www.bellunopress.it\/fr\/wp-json\/wp\/v2\/posts"}],"about":[{"href":"https:\/\/www.bellunopress.it\/fr\/wp-json\/wp\/v2\/types\/post"}],"author":[{"embeddable":true,"href":"https:\/\/www.bellunopress.it\/fr\/wp-json\/wp\/v2\/users\/2"}],"replies":[{"embeddable":true,"href":"https:\/\/www.bellunopress.it\/fr\/wp-json\/wp\/v2\/comments?post=126614"}],"version-history":[{"count":1,"href":"https:\/\/www.bellunopress.it\/fr\/wp-json\/wp\/v2\/posts\/126614\/revisions"}],"predecessor-version":[{"id":126615,"href":"https:\/\/www.bellunopress.it\/fr\/wp-json\/wp\/v2\/posts\/126614\/revisions\/126615"}],"wp:featuredmedia":[{"embeddable":true,"href":"https:\/\/www.bellunopress.it\/fr\/wp-json\/wp\/v2\/media\/124767"}],"wp:attachment":[{"href":"https:\/\/www.bellunopress.it\/fr\/wp-json\/wp\/v2\/media?parent=126614"}],"wp:term":[{"taxonomy":"category","embeddable":true,"href":"https:\/\/www.bellunopress.it\/fr\/wp-json\/wp\/v2\/categories?post=126614"},{"taxonomy":"post_tag","embeddable":true,"href":"https:\/\/www.bellunopress.it\/fr\/wp-json\/wp\/v2\/tags?post=126614"}],"curies":[{"name":"wp","href":"https:\/\/api.w.org\/{rel}","templated":true}]}}