{"id":126590,"date":"2021-08-03T07:37:11","date_gmt":"2021-08-03T05:37:11","guid":{"rendered":"https:\/\/www.bellunopress.it\/?p=126590"},"modified":"2021-08-03T07:37:12","modified_gmt":"2021-08-03T05:37:12","slug":"i-miracoli-di-val-canzoi-venerdi-alla-pro-loco-di-soranzen","status":"publish","type":"post","link":"https:\/\/www.bellunopress.it\/fr\/2021\/08\/03\/i-miracoli-di-val-canzoi-venerdi-alla-pro-loco-di-soranzen\/","title":{"rendered":"I miracoli di Val Canzoi. Venerd\u00ec alla Pro Loco di Soranzen"},"content":{"rendered":"<p><a href=\"https:\/\/www.bellunopress.it\/fr\/2021\/08\/03\/i-miracoli-di-val-canzoi-venerdi-alla-pro-loco-di-soranzen\/i-miracoli-di-val-canzoi-trimeri-cecchin\/\" rel=\"attachment wp-att-126591\"><img loading=\"lazy\" decoding=\"async\" class=\"alignleft size-full wp-image-126591\" src=\"https:\/\/www.bellunopress.it\/wp-content\/uploads\/2021\/08\/i-miracoli-di-val-canzoi-Trimeri-Cecchin.jpg\" alt=\"\" width=\"800\" height=\"618\" srcset=\"https:\/\/www.bellunopress.it\/wp-content\/uploads\/2021\/08\/i-miracoli-di-val-canzoi-Trimeri-Cecchin.jpg 800w, https:\/\/www.bellunopress.it\/wp-content\/uploads\/2021\/08\/i-miracoli-di-val-canzoi-Trimeri-Cecchin-500x386.jpg 500w, https:\/\/www.bellunopress.it\/wp-content\/uploads\/2021\/08\/i-miracoli-di-val-canzoi-Trimeri-Cecchin-696x538.jpg 696w, https:\/\/www.bellunopress.it\/wp-content\/uploads\/2021\/08\/i-miracoli-di-val-canzoi-Trimeri-Cecchin-544x420.jpg 544w\" sizes=\"auto, (max-width: 800px) 100vw, 800px\" \/><\/a>L\u2019appuntamento per conoscere I miracoli di Val Canzoi scritti da Giovanni Trimeri e illustrati dagli ex voto di GianAntonio Cecchin, con la presentazione di Fabio Atzori, \u00e8 fissato per Venerd\u00ec 6 agosto alle 20,30 nel piazzale antistante la sede della Pro Loco di Soranzen.<\/p>\n<p>L\u2019evento \u00e8 promosso e sostenuto dall\u2019amministrazione comunale di Cesiomaggiore, dalle Pro Loco di Soranzen e di Busche, con il patrocinio del Parco Nazionale Dolomiti Bellunesi e il concorso delle ditte M.I.T.A., SPRINGBOK srl, ORIZZONTI srl e JOINT &amp; WELDING. L\u2019incontro serale sar\u00e0 anticipato alle ore 18 da una passeggiata letteraria-naturalistica nella stessa valle, in localit\u00e0 Alla Santina, con la guida della Coop. Mazarol Yuri Casanova e le voci narranti di Silvana Vignaga, Rosa Lusa, Barbara Gallon, Patrizia Bertoli e Antonella Tafner, che interverranno anche alla successiva presentazione del libro da parte degli autori, alle 20,30. Infatti, dopo i saluti delle autorit\u00e0, seguir\u00e0 una lettura con le musiche della Valter Feltrin Band.<\/p>\n<p>Saranno Trimeri e Cecchin stessi a parlare del volume, un libro di pregio realizzato in 1500 esemplari seguendo i pi\u00f9 alti criteri qualitativi per stampa, scelta della carta, copertina e legatura, da parte del Gruppo DBS. Un merito speciale dell\u2019attivit\u00e0 guidata da Silvio De Boni \u00e8 anche quello di aver consegnato i volumi entro i tempi previsti, nonostante le difficolt\u00e0 che ancora persistono nella ripresa di varie attivit\u00e0 produttive. Il libro verr\u00e0 accompagnato da alcuni gadget tra cui un\u2019iniziativa che costituisce una vera novit\u00e0: il SEGNALIBRO asSEGNAsconto che verr\u00e0 allegato al libro gratuitamente, fino ad esaurimento scorte, e permetter\u00e0 al possessore di ottenere dei sensibili sconti nelle seguenti attivit\u00e0 commerciali sostenitrici dell\u2019iniziativa: Lattebusche, Libreria 4sass, Ottica Cappello e De Bacco Vini. Inoltre, si potranno corredare al volume una confezione a fisarmonica di 6 cartoline con illustrazioni del libro e una borsa personalizzata in cotone grezzo colore ecru. Le illustrazioni e la grafica di queste proposte sono state curate direttamente dall\u2019artista GianAntonio Cecchin.<\/p>\n<p>Al termine della lettura-concerto di venerd\u00ec, verr\u00e0 inaugurata la mostra Chiaroscuri in valle, tavole originali e disegni preparatori, nonch\u00e9 la pittura a metro dal titolo Il Caorame in autunno di GianAntonio Cecchin. Lo stesso artista, nei sabati e nelle domeniche pomeriggio, sar\u00e0 disponibile in mostra per guidare i bambini che vorranno cimentarsi con le tecniche calcografiche del monotipo e con la pressa a stampa.<\/p>\n<p>La mostra rimarr\u00e0 aperta fino al 29 agosto rispettando il seguente orario: Ven. 19-21; Sab. 17-21; Dom. 10-12;17-21. Per domenica 29 agosto, ultimo giorno di apertura, \u00e8 stata organizzata dalla Pro Loco di Soranzen una passeggiata letteraria con il Gruppo teatrale Fuori di Quinta, con partenza alle ore 17.00 dalla sede della Pro Loco e arrivo in Borgata Bordugo. Gli organizzatori degli eventi raccomandano a tutti i partecipanti di rispettare le normative comportamentali anti-Covid. Si ringrazia per la pubblicazione e diffusione del presente comunicato.<\/p>","protected":false},"excerpt":{"rendered":"<p>L\u2019appuntamento per conoscere I miracoli di Val Canzoi scritti da Giovanni Trimeri e illustrati dagli ex voto di GianAntonio Cecchin, con la presentazione di Fabio Atzori, \u00e8 fissato per Venerd\u00ec 6 agosto alle 20,30 nel piazzale antistante la sede della Pro Loco di Soranzen. L\u2019evento \u00e8 promosso e sostenuto dall\u2019amministrazione comunale di Cesiomaggiore, dalle Pro [&hellip;]<\/p>\n","protected":false},"author":2,"featured_media":126591,"comment_status":"closed","ping_status":"open","sticky":false,"template":"","format":"standard","meta":{"footnotes":""},"categories":[27,3,25],"tags":[],"class_list":["post-126590","post","type-post","status-publish","format-standard","has-post-thumbnail","category-appuntamenti","category-arte-cultura-spettacoli-scienza-archivi","category-pausa-caffe"],"yoast_head":"<!-- This site is optimized with the Yoast SEO plugin v28.4 - https:\/\/yoast.com\/product\/yoast-seo-wordpress\/ -->\n<title>I miracoli di Val Canzoi. Venerd\u00ec alla Pro Loco di Soranzen - Bellunopress - Dolomiti<\/title>\n<meta name=\"robots\" content=\"index, follow, max-snippet:-1, max-image-preview:large, max-video-preview:-1\" \/>\n<link rel=\"canonical\" href=\"https:\/\/www.bellunopress.it\/fr\/2021\/08\/03\/i-miracoli-di-val-canzoi-venerdi-alla-pro-loco-di-soranzen\/\" \/>\n<meta property=\"og:locale\" content=\"fr_FR\" \/>\n<meta property=\"og:type\" content=\"article\" \/>\n<meta property=\"og:title\" content=\"I miracoli di Val Canzoi. Venerd\u00ec alla Pro Loco di Soranzen - Bellunopress - Dolomiti\" \/>\n<meta property=\"og:description\" content=\"L\u2019appuntamento per conoscere I miracoli di Val Canzoi scritti da Giovanni Trimeri e illustrati dagli ex voto di GianAntonio Cecchin, con la presentazione di Fabio Atzori, \u00e8 fissato per Venerd\u00ec 6 agosto alle 20,30 nel piazzale antistante la sede della Pro Loco di Soranzen. L\u2019evento \u00e8 promosso e sostenuto dall\u2019amministrazione comunale di Cesiomaggiore, dalle Pro [&hellip;]\" \/>\n<meta property=\"og:url\" content=\"https:\/\/www.bellunopress.it\/fr\/2021\/08\/03\/i-miracoli-di-val-canzoi-venerdi-alla-pro-loco-di-soranzen\/\" \/>\n<meta property=\"og:site_name\" content=\"Bellunopress - Dolomiti\" \/>\n<meta property=\"article:publisher\" content=\"https:\/\/www.facebook.com\/profile.php?id=100008943462799\" \/>\n<meta property=\"article:published_time\" content=\"2021-08-03T05:37:11+00:00\" \/>\n<meta property=\"article:modified_time\" content=\"2021-08-03T05:37:12+00:00\" \/>\n<meta property=\"og:image\" content=\"https:\/\/www.bellunopress.it\/wp-content\/uploads\/2021\/08\/i-miracoli-di-val-canzoi-Trimeri-Cecchin.jpg\" \/>\n\t<meta property=\"og:image:width\" content=\"800\" \/>\n\t<meta property=\"og:image:height\" content=\"618\" \/>\n\t<meta property=\"og:image:type\" content=\"image\/jpeg\" \/>\n<meta name=\"author\" content=\"redazione\" \/>\n<meta name=\"twitter:card\" content=\"summary_large_image\" \/>\n<meta name=\"twitter:creator\" content=\"@bellunopress\" \/>\n<meta name=\"twitter:site\" content=\"@bellunopress\" \/>\n<meta name=\"twitter:label1\" content=\"\u00c9crit par\" \/>\n\t<meta name=\"twitter:data1\" content=\"redazione\" \/>\n\t<meta name=\"twitter:label2\" content=\"Dur\u00e9e de lecture estim\u00e9e\" \/>\n\t<meta name=\"twitter:data2\" content=\"3 minutes\" \/>\n<script type=\"application\/ld+json\" class=\"yoast-schema-graph\">{\"@context\":\"https:\\\/\\\/schema.org\",\"@graph\":[{\"@type\":\"Article\",\"@id\":\"https:\\\/\\\/www.bellunopress.it\\\/2021\\\/08\\\/03\\\/i-miracoli-di-val-canzoi-venerdi-alla-pro-loco-di-soranzen\\\/#article\",\"isPartOf\":{\"@id\":\"https:\\\/\\\/www.bellunopress.it\\\/2021\\\/08\\\/03\\\/i-miracoli-di-val-canzoi-venerdi-alla-pro-loco-di-soranzen\\\/\"},\"author\":{\"name\":\"redazione\",\"@id\":\"https:\\\/\\\/www.bellunopress.it\\\/#\\\/schema\\\/person\\\/79bb06722b37ece1c03d3e94beb30d73\"},\"headline\":\"I miracoli di Val Canzoi. Venerd\u00ec alla Pro Loco di Soranzen\",\"datePublished\":\"2021-08-03T05:37:11+00:00\",\"dateModified\":\"2021-08-03T05:37:12+00:00\",\"mainEntityOfPage\":{\"@id\":\"https:\\\/\\\/www.bellunopress.it\\\/2021\\\/08\\\/03\\\/i-miracoli-di-val-canzoi-venerdi-alla-pro-loco-di-soranzen\\\/\"},\"wordCount\":475,\"publisher\":{\"@id\":\"https:\\\/\\\/www.bellunopress.it\\\/#organization\"},\"image\":{\"@id\":\"https:\\\/\\\/www.bellunopress.it\\\/2021\\\/08\\\/03\\\/i-miracoli-di-val-canzoi-venerdi-alla-pro-loco-di-soranzen\\\/#primaryimage\"},\"thumbnailUrl\":\"https:\\\/\\\/www.bellunopress.it\\\/wp-content\\\/uploads\\\/2021\\\/08\\\/i-miracoli-di-val-canzoi-Trimeri-Cecchin.jpg\",\"articleSection\":[\"Appuntamenti, Eventi\",\"Arte, Cultura, Spettacoli, Scienza\",\"Pausa Caff\u00e8\"],\"inLanguage\":\"fr-FR\"},{\"@type\":\"WebPage\",\"@id\":\"https:\\\/\\\/www.bellunopress.it\\\/2021\\\/08\\\/03\\\/i-miracoli-di-val-canzoi-venerdi-alla-pro-loco-di-soranzen\\\/\",\"url\":\"https:\\\/\\\/www.bellunopress.it\\\/2021\\\/08\\\/03\\\/i-miracoli-di-val-canzoi-venerdi-alla-pro-loco-di-soranzen\\\/\",\"name\":\"I miracoli di Val Canzoi. Venerd\u00ec alla Pro Loco di Soranzen - Bellunopress - Dolomiti\",\"isPartOf\":{\"@id\":\"https:\\\/\\\/www.bellunopress.it\\\/#website\"},\"primaryImageOfPage\":{\"@id\":\"https:\\\/\\\/www.bellunopress.it\\\/2021\\\/08\\\/03\\\/i-miracoli-di-val-canzoi-venerdi-alla-pro-loco-di-soranzen\\\/#primaryimage\"},\"image\":{\"@id\":\"https:\\\/\\\/www.bellunopress.it\\\/2021\\\/08\\\/03\\\/i-miracoli-di-val-canzoi-venerdi-alla-pro-loco-di-soranzen\\\/#primaryimage\"},\"thumbnailUrl\":\"https:\\\/\\\/www.bellunopress.it\\\/wp-content\\\/uploads\\\/2021\\\/08\\\/i-miracoli-di-val-canzoi-Trimeri-Cecchin.jpg\",\"datePublished\":\"2021-08-03T05:37:11+00:00\",\"dateModified\":\"2021-08-03T05:37:12+00:00\",\"breadcrumb\":{\"@id\":\"https:\\\/\\\/www.bellunopress.it\\\/2021\\\/08\\\/03\\\/i-miracoli-di-val-canzoi-venerdi-alla-pro-loco-di-soranzen\\\/#breadcrumb\"},\"inLanguage\":\"fr-FR\",\"potentialAction\":[{\"@type\":\"ReadAction\",\"target\":[\"https:\\\/\\\/www.bellunopress.it\\\/2021\\\/08\\\/03\\\/i-miracoli-di-val-canzoi-venerdi-alla-pro-loco-di-soranzen\\\/\"]}]},{\"@type\":\"ImageObject\",\"inLanguage\":\"fr-FR\",\"@id\":\"https:\\\/\\\/www.bellunopress.it\\\/2021\\\/08\\\/03\\\/i-miracoli-di-val-canzoi-venerdi-alla-pro-loco-di-soranzen\\\/#primaryimage\",\"url\":\"https:\\\/\\\/www.bellunopress.it\\\/wp-content\\\/uploads\\\/2021\\\/08\\\/i-miracoli-di-val-canzoi-Trimeri-Cecchin.jpg\",\"contentUrl\":\"https:\\\/\\\/www.bellunopress.it\\\/wp-content\\\/uploads\\\/2021\\\/08\\\/i-miracoli-di-val-canzoi-Trimeri-Cecchin.jpg\",\"width\":800,\"height\":618},{\"@type\":\"BreadcrumbList\",\"@id\":\"https:\\\/\\\/www.bellunopress.it\\\/2021\\\/08\\\/03\\\/i-miracoli-di-val-canzoi-venerdi-alla-pro-loco-di-soranzen\\\/#breadcrumb\",\"itemListElement\":[{\"@type\":\"ListItem\",\"position\":1,\"name\":\"Home\",\"item\":\"https:\\\/\\\/www.bellunopress.it\\\/\"},{\"@type\":\"ListItem\",\"position\":2,\"name\":\"I miracoli di Val Canzoi. Venerd\u00ec alla Pro Loco di Soranzen\"}]},{\"@type\":\"WebSite\",\"@id\":\"https:\\\/\\\/www.bellunopress.it\\\/#website\",\"url\":\"https:\\\/\\\/www.bellunopress.it\\\/\",\"name\":\"Bellunopress - Dolomiti\",\"description\":\"e-mail: redazione@bellunopress.it\",\"publisher\":{\"@id\":\"https:\\\/\\\/www.bellunopress.it\\\/#organization\"},\"potentialAction\":[{\"@type\":\"SearchAction\",\"target\":{\"@type\":\"EntryPoint\",\"urlTemplate\":\"https:\\\/\\\/www.bellunopress.it\\\/?s={search_term_string}\"},\"query-input\":{\"@type\":\"PropertyValueSpecification\",\"valueRequired\":true,\"valueName\":\"search_term_string\"}}],\"inLanguage\":\"fr-FR\"},{\"@type\":\"Organization\",\"@id\":\"https:\\\/\\\/www.bellunopress.it\\\/#organization\",\"name\":\"Bellunopress\",\"url\":\"https:\\\/\\\/www.bellunopress.it\\\/\",\"logo\":{\"@type\":\"ImageObject\",\"inLanguage\":\"fr-FR\",\"@id\":\"https:\\\/\\\/www.bellunopress.it\\\/#\\\/schema\\\/logo\\\/image\\\/\",\"url\":\"https:\\\/\\\/www.bellunopress.it\\\/wp-content\\\/uploads\\\/2011\\\/05\\\/cropped-logo-bellunopress-.jpg\",\"contentUrl\":\"https:\\\/\\\/www.bellunopress.it\\\/wp-content\\\/uploads\\\/2011\\\/05\\\/cropped-logo-bellunopress-.jpg\",\"width\":512,\"height\":512,\"caption\":\"Bellunopress\"},\"image\":{\"@id\":\"https:\\\/\\\/www.bellunopress.it\\\/#\\\/schema\\\/logo\\\/image\\\/\"},\"sameAs\":[\"https:\\\/\\\/www.facebook.com\\\/profile.php?id=100008943462799\",\"https:\\\/\\\/x.com\\\/bellunopress\",\"https:\\\/\\\/www.linkedin.com\\\/hp\\\/?dnr=JBzUWaJfMUw8vbXJJ2tVW5-I3jZKvC4wsoxE&amp;amp;amp;amp;amp;amp;trk=nav_responsive_tab_home\",\"https:\\\/\\\/www.youtube.com\\\/channel\\\/UCxL0wu1uN0_3_7hGG0306cw\"]},{\"@type\":\"Person\",\"@id\":\"https:\\\/\\\/www.bellunopress.it\\\/#\\\/schema\\\/person\\\/79bb06722b37ece1c03d3e94beb30d73\",\"name\":\"redazione\",\"image\":{\"@type\":\"ImageObject\",\"inLanguage\":\"fr-FR\",\"@id\":\"https:\\\/\\\/secure.gravatar.com\\\/avatar\\\/37d968a2e67a6fd04c169c4bdef102d0bc5d31b2546345219e348575eb80e9a0?s=96&d=mm&r=g\",\"url\":\"https:\\\/\\\/secure.gravatar.com\\\/avatar\\\/37d968a2e67a6fd04c169c4bdef102d0bc5d31b2546345219e348575eb80e9a0?s=96&d=mm&r=g\",\"contentUrl\":\"https:\\\/\\\/secure.gravatar.com\\\/avatar\\\/37d968a2e67a6fd04c169c4bdef102d0bc5d31b2546345219e348575eb80e9a0?s=96&d=mm&r=g\",\"caption\":\"redazione\"},\"sameAs\":[\"http:\\\/\\\/www.bellunopress.it\",\"https:\\\/\\\/x.com\\\/bellunopress\"],\"url\":\"https:\\\/\\\/www.bellunopress.it\\\/fr\\\/author\\\/redazione\\\/\"}]}<\/script>\n<!-- \/ Yoast SEO plugin. -->","yoast_head_json":{"title":"I miracoli di Val Canzoi. Venerd\u00ec alla Pro Loco di Soranzen - Bellunopress - Dolomiti","robots":{"index":"index","follow":"follow","max-snippet":"max-snippet:-1","max-image-preview":"max-image-preview:large","max-video-preview":"max-video-preview:-1"},"canonical":"https:\/\/www.bellunopress.it\/fr\/2021\/08\/03\/i-miracoli-di-val-canzoi-venerdi-alla-pro-loco-di-soranzen\/","og_locale":"fr_FR","og_type":"article","og_title":"I miracoli di Val Canzoi. Venerd\u00ec alla Pro Loco di Soranzen - Bellunopress - Dolomiti","og_description":"L\u2019appuntamento per conoscere I miracoli di Val Canzoi scritti da Giovanni Trimeri e illustrati dagli ex voto di GianAntonio Cecchin, con la presentazione di Fabio Atzori, \u00e8 fissato per Venerd\u00ec 6 agosto alle 20,30 nel piazzale antistante la sede della Pro Loco di Soranzen. L\u2019evento \u00e8 promosso e sostenuto dall\u2019amministrazione comunale di Cesiomaggiore, dalle Pro [&hellip;]","og_url":"https:\/\/www.bellunopress.it\/fr\/2021\/08\/03\/i-miracoli-di-val-canzoi-venerdi-alla-pro-loco-di-soranzen\/","og_site_name":"Bellunopress - Dolomiti","article_publisher":"https:\/\/www.facebook.com\/profile.php?id=100008943462799","article_published_time":"2021-08-03T05:37:11+00:00","article_modified_time":"2021-08-03T05:37:12+00:00","og_image":[{"width":800,"height":618,"url":"https:\/\/www.bellunopress.it\/wp-content\/uploads\/2021\/08\/i-miracoli-di-val-canzoi-Trimeri-Cecchin.jpg","type":"image\/jpeg"}],"author":"redazione","twitter_card":"summary_large_image","twitter_creator":"@bellunopress","twitter_site":"@bellunopress","twitter_misc":{"\u00c9crit par":"redazione","Dur\u00e9e de lecture estim\u00e9e":"3 minutes"},"schema":{"@context":"https:\/\/schema.org","@graph":[{"@type":"Article","@id":"https:\/\/www.bellunopress.it\/2021\/08\/03\/i-miracoli-di-val-canzoi-venerdi-alla-pro-loco-di-soranzen\/#article","isPartOf":{"@id":"https:\/\/www.bellunopress.it\/2021\/08\/03\/i-miracoli-di-val-canzoi-venerdi-alla-pro-loco-di-soranzen\/"},"author":{"name":"redazione","@id":"https:\/\/www.bellunopress.it\/#\/schema\/person\/79bb06722b37ece1c03d3e94beb30d73"},"headline":"I miracoli di Val Canzoi. Venerd\u00ec alla Pro Loco di Soranzen","datePublished":"2021-08-03T05:37:11+00:00","dateModified":"2021-08-03T05:37:12+00:00","mainEntityOfPage":{"@id":"https:\/\/www.bellunopress.it\/2021\/08\/03\/i-miracoli-di-val-canzoi-venerdi-alla-pro-loco-di-soranzen\/"},"wordCount":475,"publisher":{"@id":"https:\/\/www.bellunopress.it\/#organization"},"image":{"@id":"https:\/\/www.bellunopress.it\/2021\/08\/03\/i-miracoli-di-val-canzoi-venerdi-alla-pro-loco-di-soranzen\/#primaryimage"},"thumbnailUrl":"https:\/\/www.bellunopress.it\/wp-content\/uploads\/2021\/08\/i-miracoli-di-val-canzoi-Trimeri-Cecchin.jpg","articleSection":["Appuntamenti, Eventi","Arte, Cultura, Spettacoli, Scienza","Pausa Caff\u00e8"],"inLanguage":"fr-FR"},{"@type":"WebPage","@id":"https:\/\/www.bellunopress.it\/2021\/08\/03\/i-miracoli-di-val-canzoi-venerdi-alla-pro-loco-di-soranzen\/","url":"https:\/\/www.bellunopress.it\/2021\/08\/03\/i-miracoli-di-val-canzoi-venerdi-alla-pro-loco-di-soranzen\/","name":"I miracoli di Val Canzoi. Venerd\u00ec alla Pro Loco di Soranzen - Bellunopress - Dolomiti","isPartOf":{"@id":"https:\/\/www.bellunopress.it\/#website"},"primaryImageOfPage":{"@id":"https:\/\/www.bellunopress.it\/2021\/08\/03\/i-miracoli-di-val-canzoi-venerdi-alla-pro-loco-di-soranzen\/#primaryimage"},"image":{"@id":"https:\/\/www.bellunopress.it\/2021\/08\/03\/i-miracoli-di-val-canzoi-venerdi-alla-pro-loco-di-soranzen\/#primaryimage"},"thumbnailUrl":"https:\/\/www.bellunopress.it\/wp-content\/uploads\/2021\/08\/i-miracoli-di-val-canzoi-Trimeri-Cecchin.jpg","datePublished":"2021-08-03T05:37:11+00:00","dateModified":"2021-08-03T05:37:12+00:00","breadcrumb":{"@id":"https:\/\/www.bellunopress.it\/2021\/08\/03\/i-miracoli-di-val-canzoi-venerdi-alla-pro-loco-di-soranzen\/#breadcrumb"},"inLanguage":"fr-FR","potentialAction":[{"@type":"ReadAction","target":["https:\/\/www.bellunopress.it\/2021\/08\/03\/i-miracoli-di-val-canzoi-venerdi-alla-pro-loco-di-soranzen\/"]}]},{"@type":"ImageObject","inLanguage":"fr-FR","@id":"https:\/\/www.bellunopress.it\/2021\/08\/03\/i-miracoli-di-val-canzoi-venerdi-alla-pro-loco-di-soranzen\/#primaryimage","url":"https:\/\/www.bellunopress.it\/wp-content\/uploads\/2021\/08\/i-miracoli-di-val-canzoi-Trimeri-Cecchin.jpg","contentUrl":"https:\/\/www.bellunopress.it\/wp-content\/uploads\/2021\/08\/i-miracoli-di-val-canzoi-Trimeri-Cecchin.jpg","width":800,"height":618},{"@type":"BreadcrumbList","@id":"https:\/\/www.bellunopress.it\/2021\/08\/03\/i-miracoli-di-val-canzoi-venerdi-alla-pro-loco-di-soranzen\/#breadcrumb","itemListElement":[{"@type":"ListItem","position":1,"name":"Home","item":"https:\/\/www.bellunopress.it\/"},{"@type":"ListItem","position":2,"name":"I miracoli di Val Canzoi. Venerd\u00ec alla Pro Loco di Soranzen"}]},{"@type":"WebSite","@id":"https:\/\/www.bellunopress.it\/#website","url":"https:\/\/www.bellunopress.it\/","name":"Bellunopress - Dolomiti","description":"e-mail: redazione@bellunopress.it","publisher":{"@id":"https:\/\/www.bellunopress.it\/#organization"},"potentialAction":[{"@type":"SearchAction","target":{"@type":"EntryPoint","urlTemplate":"https:\/\/www.bellunopress.it\/?s={search_term_string}"},"query-input":{"@type":"PropertyValueSpecification","valueRequired":true,"valueName":"search_term_string"}}],"inLanguage":"fr-FR"},{"@type":"Organization","@id":"https:\/\/www.bellunopress.it\/#organization","name":"Bellunopress","url":"https:\/\/www.bellunopress.it\/","logo":{"@type":"ImageObject","inLanguage":"fr-FR","@id":"https:\/\/www.bellunopress.it\/#\/schema\/logo\/image\/","url":"https:\/\/www.bellunopress.it\/wp-content\/uploads\/2011\/05\/cropped-logo-bellunopress-.jpg","contentUrl":"https:\/\/www.bellunopress.it\/wp-content\/uploads\/2011\/05\/cropped-logo-bellunopress-.jpg","width":512,"height":512,"caption":"Bellunopress"},"image":{"@id":"https:\/\/www.bellunopress.it\/#\/schema\/logo\/image\/"},"sameAs":["https:\/\/www.facebook.com\/profile.php?id=100008943462799","https:\/\/x.com\/bellunopress","https:\/\/www.linkedin.com\/hp\/?dnr=JBzUWaJfMUw8vbXJJ2tVW5-I3jZKvC4wsoxE&amp;amp;amp;amp;amp;amp;trk=nav_responsive_tab_home","https:\/\/www.youtube.com\/channel\/UCxL0wu1uN0_3_7hGG0306cw"]},{"@type":"Person","@id":"https:\/\/www.bellunopress.it\/#\/schema\/person\/79bb06722b37ece1c03d3e94beb30d73","name":"r\u00e9daction","image":{"@type":"ImageObject","inLanguage":"fr-FR","@id":"https:\/\/secure.gravatar.com\/avatar\/37d968a2e67a6fd04c169c4bdef102d0bc5d31b2546345219e348575eb80e9a0?s=96&d=mm&r=g","url":"https:\/\/secure.gravatar.com\/avatar\/37d968a2e67a6fd04c169c4bdef102d0bc5d31b2546345219e348575eb80e9a0?s=96&d=mm&r=g","contentUrl":"https:\/\/secure.gravatar.com\/avatar\/37d968a2e67a6fd04c169c4bdef102d0bc5d31b2546345219e348575eb80e9a0?s=96&d=mm&r=g","caption":"redazione"},"sameAs":["http:\/\/www.bellunopress.it","https:\/\/x.com\/bellunopress"],"url":"https:\/\/www.bellunopress.it\/fr\/author\/redazione\/"}]}},"_links":{"self":[{"href":"https:\/\/www.bellunopress.it\/fr\/wp-json\/wp\/v2\/posts\/126590","targetHints":{"allow":["GET"]}}],"collection":[{"href":"https:\/\/www.bellunopress.it\/fr\/wp-json\/wp\/v2\/posts"}],"about":[{"href":"https:\/\/www.bellunopress.it\/fr\/wp-json\/wp\/v2\/types\/post"}],"author":[{"embeddable":true,"href":"https:\/\/www.bellunopress.it\/fr\/wp-json\/wp\/v2\/users\/2"}],"replies":[{"embeddable":true,"href":"https:\/\/www.bellunopress.it\/fr\/wp-json\/wp\/v2\/comments?post=126590"}],"version-history":[{"count":2,"href":"https:\/\/www.bellunopress.it\/fr\/wp-json\/wp\/v2\/posts\/126590\/revisions"}],"predecessor-version":[{"id":126593,"href":"https:\/\/www.bellunopress.it\/fr\/wp-json\/wp\/v2\/posts\/126590\/revisions\/126593"}],"wp:featuredmedia":[{"embeddable":true,"href":"https:\/\/www.bellunopress.it\/fr\/wp-json\/wp\/v2\/media\/126591"}],"wp:attachment":[{"href":"https:\/\/www.bellunopress.it\/fr\/wp-json\/wp\/v2\/media?parent=126590"}],"wp:term":[{"taxonomy":"category","embeddable":true,"href":"https:\/\/www.bellunopress.it\/fr\/wp-json\/wp\/v2\/categories?post=126590"},{"taxonomy":"post_tag","embeddable":true,"href":"https:\/\/www.bellunopress.it\/fr\/wp-json\/wp\/v2\/tags?post=126590"}],"curies":[{"name":"wp","href":"https:\/\/api.w.org\/{rel}","templated":true}]}}