{"id":126577,"date":"2021-08-02T18:30:16","date_gmt":"2021-08-02T16:30:16","guid":{"rendered":"https:\/\/www.bellunopress.it\/?p=126577"},"modified":"2021-08-02T18:30:18","modified_gmt":"2021-08-02T16:30:18","slug":"continua-il-viaggio-musicale-del-treno-del-dolomiti-bluessoul-festival","status":"publish","type":"post","link":"https:\/\/www.bellunopress.it\/fr\/2021\/08\/02\/continua-il-viaggio-musicale-del-treno-del-dolomiti-bluessoul-festival\/","title":{"rendered":"Continua il viaggio musicale del treno del Dolomiti Blues&#038;Soul festival"},"content":{"rendered":"<figure id=\"attachment_126578\" aria-describedby=\"caption-attachment-126578\" style=\"width: 800px\" class=\"wp-caption alignleft\"><a href=\"https:\/\/www.bellunopress.it\/fr\/2021\/08\/02\/continua-il-viaggio-musicale-del-treno-del-dolomiti-bluessoul-festival\/alberto-visentin\/\" rel=\"attachment wp-att-126578\"><img loading=\"lazy\" decoding=\"async\" class=\"size-full wp-image-126578\" src=\"https:\/\/www.bellunopress.it\/wp-content\/uploads\/2021\/08\/Alberto-Visentin.jpg\" alt=\"\" width=\"800\" height=\"377\" srcset=\"https:\/\/www.bellunopress.it\/wp-content\/uploads\/2021\/08\/Alberto-Visentin.jpg 800w, https:\/\/www.bellunopress.it\/wp-content\/uploads\/2021\/08\/Alberto-Visentin-500x236.jpg 500w, https:\/\/www.bellunopress.it\/wp-content\/uploads\/2021\/08\/Alberto-Visentin-696x328.jpg 696w\" sizes=\"auto, (max-width: 800px) 100vw, 800px\" \/><\/a><figcaption id=\"caption-attachment-126578\" class=\"wp-caption-text\">Alberto Visentin Band<\/figcaption><\/figure>\n<p>Un\u2019altra settimana di appuntamenti legati alla musica con il programma del Dolomti Blues&amp;Soul festival.<\/p>\n<p>Il programma di questa settimana deve registrare, purtroppo, la cancellazione dell\u2019appuntamento al Taul\u00e0 dei Bos a Cibiana di Cadore con Aurora Rays &amp; Paolo Jus, previsto per venerd\u00ec 6 agosto.<\/p>\n<p>Mercoled\u00ec 4 agosto nella zona pedonale del centro di San Vito di Cadore, in occasione dei 40 anni dalla morte di Bob Marley, avr\u00e0 luogo la proiezione del film : Marley. La vita, le dichiarazioni, la musica, le donne, i figli, l&#8217;impegno e le contraddizioni del pi\u00f9 grande e riconosciuto interprete della musica reggae. In caso di maltempo la proiezione avr\u00e0 luogo nella sala polifunzionale.<\/p>\n<p>Sabato 7 agosto a Borca di Cadore, presso la conchiglia, in localit\u00e0 Laguna, un\u2019altra serata di grande musica con la: Alberto Visentin Band.<br \/>\nAlberto Visentin, cantautore e chitarrista, oltre a possedere una voce di rara intensit\u00e0 e tecnica \u00e8 un fine chitarrista. Ha pubblicato da poco il suo album d\u2019esordio \u201cAway\u201d, tra blues, funk e rock dal sapore tipicamente americano, ottimamente accolto da critica e pubblico.<br \/>\nL\u2019album vede la partecipazione di musicisti importanti come Stan Sargeant, Enrico Crivellaro e Orlando Johnson, Le influenze abbracciano l\u2019intero spettro della American roots music, dai The Meters, Taj Mahal e Otis Redding fino agli artisti meno conosciuti.<br \/>\nHa vissuto negli States e viaggiato molto, principalmente nelle capitali musicali quali Austin e New Orleans respirando l\u2019essenza musicale di quelle terre. La formazione che suoner\u00e0 a Borca sar\u00e0 composta da Alberto Visentin alla voce e chitarra, Enrico Crivellaro alla chitarra, Rob Daz alla tromba, Stan Sargeant al basso e Andrea Posocco alla batteria.<br \/>\nL\u2019ingresso sar\u00e0 ad offerta libera e nel rispetto delle norme anti covid, per accedere all\u2019area del concerto, sar\u00e0 necessario il possesso della green card, certificato vaccinale o tampone effettuato al massimo quarantotto ore prima, i posti saranno contigentati.<\/p>\n<p>E\u2019 raccomandabile la prenotazione, con una mail a sanvitobluesandsoul@gmail.com o con un messaggio whatsapp al numero 3383801755.<br \/>\nUn altro fine settimana all\u2019insegna della grande musica targata Dolomiti Blues&amp;Soul festival.<br \/>\nTutto il programma su dolomitibluesandsoul.it o sull\u2019omonima pagina Facebook.<\/p>","protected":false},"excerpt":{"rendered":"<p>Un\u2019altra settimana di appuntamenti legati alla musica con il programma del Dolomti Blues&amp;Soul festival. Il programma di questa settimana deve registrare, purtroppo, la cancellazione dell\u2019appuntamento al Taul\u00e0 dei Bos a Cibiana di Cadore con Aurora Rays &amp; Paolo Jus, previsto per venerd\u00ec 6 agosto. Mercoled\u00ec 4 agosto nella zona pedonale del centro di San Vito [&hellip;]<\/p>\n","protected":false},"author":2,"featured_media":126578,"comment_status":"closed","ping_status":"open","sticky":false,"template":"","format":"standard","meta":{"footnotes":""},"categories":[27,3,25],"tags":[],"class_list":["post-126577","post","type-post","status-publish","format-standard","has-post-thumbnail","category-appuntamenti","category-arte-cultura-spettacoli-scienza-archivi","category-pausa-caffe"],"yoast_head":"<!-- This site is optimized with the Yoast SEO plugin v28.4 - https:\/\/yoast.com\/product\/yoast-seo-wordpress\/ -->\n<title>Continua il viaggio musicale del treno del Dolomiti Blues&amp;Soul festival - Bellunopress - Dolomiti<\/title>\n<meta name=\"robots\" content=\"index, follow, max-snippet:-1, max-image-preview:large, max-video-preview:-1\" \/>\n<link rel=\"canonical\" href=\"https:\/\/www.bellunopress.it\/fr\/2021\/08\/02\/continua-il-viaggio-musicale-del-treno-del-dolomiti-bluessoul-festival\/\" \/>\n<meta property=\"og:locale\" content=\"fr_FR\" \/>\n<meta property=\"og:type\" content=\"article\" \/>\n<meta property=\"og:title\" content=\"Continua il viaggio musicale del treno del Dolomiti Blues&amp;Soul festival - Bellunopress - Dolomiti\" \/>\n<meta property=\"og:description\" content=\"Un\u2019altra settimana di appuntamenti legati alla musica con il programma del Dolomti Blues&amp;Soul festival. Il programma di questa settimana deve registrare, purtroppo, la cancellazione dell\u2019appuntamento al Taul\u00e0 dei Bos a Cibiana di Cadore con Aurora Rays &amp; Paolo Jus, previsto per venerd\u00ec 6 agosto. Mercoled\u00ec 4 agosto nella zona pedonale del centro di San Vito [&hellip;]\" \/>\n<meta property=\"og:url\" content=\"https:\/\/www.bellunopress.it\/fr\/2021\/08\/02\/continua-il-viaggio-musicale-del-treno-del-dolomiti-bluessoul-festival\/\" \/>\n<meta property=\"og:site_name\" content=\"Bellunopress - Dolomiti\" \/>\n<meta property=\"article:publisher\" content=\"https:\/\/www.facebook.com\/profile.php?id=100008943462799\" \/>\n<meta property=\"article:published_time\" content=\"2021-08-02T16:30:16+00:00\" \/>\n<meta property=\"article:modified_time\" content=\"2021-08-02T16:30:18+00:00\" \/>\n<meta property=\"og:image\" content=\"https:\/\/www.bellunopress.it\/wp-content\/uploads\/2021\/08\/Alberto-Visentin.jpg\" \/>\n\t<meta property=\"og:image:width\" content=\"800\" \/>\n\t<meta property=\"og:image:height\" content=\"377\" \/>\n\t<meta property=\"og:image:type\" content=\"image\/jpeg\" \/>\n<meta name=\"author\" content=\"redazione\" \/>\n<meta name=\"twitter:card\" content=\"summary_large_image\" \/>\n<meta name=\"twitter:creator\" content=\"@bellunopress\" \/>\n<meta name=\"twitter:site\" content=\"@bellunopress\" \/>\n<meta name=\"twitter:label1\" content=\"\u00c9crit par\" \/>\n\t<meta name=\"twitter:data1\" content=\"redazione\" \/>\n\t<meta name=\"twitter:label2\" content=\"Dur\u00e9e de lecture estim\u00e9e\" \/>\n\t<meta name=\"twitter:data2\" content=\"2 minutes\" \/>\n<script type=\"application\/ld+json\" class=\"yoast-schema-graph\">{\"@context\":\"https:\\\/\\\/schema.org\",\"@graph\":[{\"@type\":\"Article\",\"@id\":\"https:\\\/\\\/www.bellunopress.it\\\/2021\\\/08\\\/02\\\/continua-il-viaggio-musicale-del-treno-del-dolomiti-bluessoul-festival\\\/#article\",\"isPartOf\":{\"@id\":\"https:\\\/\\\/www.bellunopress.it\\\/2021\\\/08\\\/02\\\/continua-il-viaggio-musicale-del-treno-del-dolomiti-bluessoul-festival\\\/\"},\"author\":{\"name\":\"redazione\",\"@id\":\"https:\\\/\\\/www.bellunopress.it\\\/#\\\/schema\\\/person\\\/79bb06722b37ece1c03d3e94beb30d73\"},\"headline\":\"Continua il viaggio musicale del treno del Dolomiti Blues&#038;Soul festival\",\"datePublished\":\"2021-08-02T16:30:16+00:00\",\"dateModified\":\"2021-08-02T16:30:18+00:00\",\"mainEntityOfPage\":{\"@id\":\"https:\\\/\\\/www.bellunopress.it\\\/2021\\\/08\\\/02\\\/continua-il-viaggio-musicale-del-treno-del-dolomiti-bluessoul-festival\\\/\"},\"wordCount\":375,\"publisher\":{\"@id\":\"https:\\\/\\\/www.bellunopress.it\\\/#organization\"},\"image\":{\"@id\":\"https:\\\/\\\/www.bellunopress.it\\\/2021\\\/08\\\/02\\\/continua-il-viaggio-musicale-del-treno-del-dolomiti-bluessoul-festival\\\/#primaryimage\"},\"thumbnailUrl\":\"https:\\\/\\\/www.bellunopress.it\\\/wp-content\\\/uploads\\\/2021\\\/08\\\/Alberto-Visentin.jpg\",\"articleSection\":[\"Appuntamenti, Eventi\",\"Arte, Cultura, Spettacoli, Scienza\",\"Pausa Caff\u00e8\"],\"inLanguage\":\"fr-FR\"},{\"@type\":\"WebPage\",\"@id\":\"https:\\\/\\\/www.bellunopress.it\\\/2021\\\/08\\\/02\\\/continua-il-viaggio-musicale-del-treno-del-dolomiti-bluessoul-festival\\\/\",\"url\":\"https:\\\/\\\/www.bellunopress.it\\\/2021\\\/08\\\/02\\\/continua-il-viaggio-musicale-del-treno-del-dolomiti-bluessoul-festival\\\/\",\"name\":\"Continua il viaggio musicale del treno del Dolomiti Blues&Soul festival - Bellunopress - Dolomiti\",\"isPartOf\":{\"@id\":\"https:\\\/\\\/www.bellunopress.it\\\/#website\"},\"primaryImageOfPage\":{\"@id\":\"https:\\\/\\\/www.bellunopress.it\\\/2021\\\/08\\\/02\\\/continua-il-viaggio-musicale-del-treno-del-dolomiti-bluessoul-festival\\\/#primaryimage\"},\"image\":{\"@id\":\"https:\\\/\\\/www.bellunopress.it\\\/2021\\\/08\\\/02\\\/continua-il-viaggio-musicale-del-treno-del-dolomiti-bluessoul-festival\\\/#primaryimage\"},\"thumbnailUrl\":\"https:\\\/\\\/www.bellunopress.it\\\/wp-content\\\/uploads\\\/2021\\\/08\\\/Alberto-Visentin.jpg\",\"datePublished\":\"2021-08-02T16:30:16+00:00\",\"dateModified\":\"2021-08-02T16:30:18+00:00\",\"breadcrumb\":{\"@id\":\"https:\\\/\\\/www.bellunopress.it\\\/2021\\\/08\\\/02\\\/continua-il-viaggio-musicale-del-treno-del-dolomiti-bluessoul-festival\\\/#breadcrumb\"},\"inLanguage\":\"fr-FR\",\"potentialAction\":[{\"@type\":\"ReadAction\",\"target\":[\"https:\\\/\\\/www.bellunopress.it\\\/2021\\\/08\\\/02\\\/continua-il-viaggio-musicale-del-treno-del-dolomiti-bluessoul-festival\\\/\"]}]},{\"@type\":\"ImageObject\",\"inLanguage\":\"fr-FR\",\"@id\":\"https:\\\/\\\/www.bellunopress.it\\\/2021\\\/08\\\/02\\\/continua-il-viaggio-musicale-del-treno-del-dolomiti-bluessoul-festival\\\/#primaryimage\",\"url\":\"https:\\\/\\\/www.bellunopress.it\\\/wp-content\\\/uploads\\\/2021\\\/08\\\/Alberto-Visentin.jpg\",\"contentUrl\":\"https:\\\/\\\/www.bellunopress.it\\\/wp-content\\\/uploads\\\/2021\\\/08\\\/Alberto-Visentin.jpg\",\"width\":800,\"height\":377,\"caption\":\"Alberto Visentin Band\"},{\"@type\":\"BreadcrumbList\",\"@id\":\"https:\\\/\\\/www.bellunopress.it\\\/2021\\\/08\\\/02\\\/continua-il-viaggio-musicale-del-treno-del-dolomiti-bluessoul-festival\\\/#breadcrumb\",\"itemListElement\":[{\"@type\":\"ListItem\",\"position\":1,\"name\":\"Home\",\"item\":\"https:\\\/\\\/www.bellunopress.it\\\/\"},{\"@type\":\"ListItem\",\"position\":2,\"name\":\"Continua il viaggio musicale del treno del Dolomiti Blues&#038;Soul festival\"}]},{\"@type\":\"WebSite\",\"@id\":\"https:\\\/\\\/www.bellunopress.it\\\/#website\",\"url\":\"https:\\\/\\\/www.bellunopress.it\\\/\",\"name\":\"Bellunopress - Dolomiti\",\"description\":\"e-mail: redazione@bellunopress.it\",\"publisher\":{\"@id\":\"https:\\\/\\\/www.bellunopress.it\\\/#organization\"},\"potentialAction\":[{\"@type\":\"SearchAction\",\"target\":{\"@type\":\"EntryPoint\",\"urlTemplate\":\"https:\\\/\\\/www.bellunopress.it\\\/?s={search_term_string}\"},\"query-input\":{\"@type\":\"PropertyValueSpecification\",\"valueRequired\":true,\"valueName\":\"search_term_string\"}}],\"inLanguage\":\"fr-FR\"},{\"@type\":\"Organization\",\"@id\":\"https:\\\/\\\/www.bellunopress.it\\\/#organization\",\"name\":\"Bellunopress\",\"url\":\"https:\\\/\\\/www.bellunopress.it\\\/\",\"logo\":{\"@type\":\"ImageObject\",\"inLanguage\":\"fr-FR\",\"@id\":\"https:\\\/\\\/www.bellunopress.it\\\/#\\\/schema\\\/logo\\\/image\\\/\",\"url\":\"https:\\\/\\\/www.bellunopress.it\\\/wp-content\\\/uploads\\\/2011\\\/05\\\/cropped-logo-bellunopress-.jpg\",\"contentUrl\":\"https:\\\/\\\/www.bellunopress.it\\\/wp-content\\\/uploads\\\/2011\\\/05\\\/cropped-logo-bellunopress-.jpg\",\"width\":512,\"height\":512,\"caption\":\"Bellunopress\"},\"image\":{\"@id\":\"https:\\\/\\\/www.bellunopress.it\\\/#\\\/schema\\\/logo\\\/image\\\/\"},\"sameAs\":[\"https:\\\/\\\/www.facebook.com\\\/profile.php?id=100008943462799\",\"https:\\\/\\\/x.com\\\/bellunopress\",\"https:\\\/\\\/www.linkedin.com\\\/hp\\\/?dnr=JBzUWaJfMUw8vbXJJ2tVW5-I3jZKvC4wsoxE&amp;amp;amp;amp;amp;amp;trk=nav_responsive_tab_home\",\"https:\\\/\\\/www.youtube.com\\\/channel\\\/UCxL0wu1uN0_3_7hGG0306cw\"]},{\"@type\":\"Person\",\"@id\":\"https:\\\/\\\/www.bellunopress.it\\\/#\\\/schema\\\/person\\\/79bb06722b37ece1c03d3e94beb30d73\",\"name\":\"redazione\",\"image\":{\"@type\":\"ImageObject\",\"inLanguage\":\"fr-FR\",\"@id\":\"https:\\\/\\\/secure.gravatar.com\\\/avatar\\\/37d968a2e67a6fd04c169c4bdef102d0bc5d31b2546345219e348575eb80e9a0?s=96&d=mm&r=g\",\"url\":\"https:\\\/\\\/secure.gravatar.com\\\/avatar\\\/37d968a2e67a6fd04c169c4bdef102d0bc5d31b2546345219e348575eb80e9a0?s=96&d=mm&r=g\",\"contentUrl\":\"https:\\\/\\\/secure.gravatar.com\\\/avatar\\\/37d968a2e67a6fd04c169c4bdef102d0bc5d31b2546345219e348575eb80e9a0?s=96&d=mm&r=g\",\"caption\":\"redazione\"},\"sameAs\":[\"http:\\\/\\\/www.bellunopress.it\",\"https:\\\/\\\/x.com\\\/bellunopress\"],\"url\":\"https:\\\/\\\/www.bellunopress.it\\\/fr\\\/author\\\/redazione\\\/\"}]}<\/script>\n<!-- \/ Yoast SEO plugin. -->","yoast_head_json":{"title":"Continua il viaggio musicale del treno del Dolomiti Blues&Soul festival - Bellunopress - Dolomiti","robots":{"index":"index","follow":"follow","max-snippet":"max-snippet:-1","max-image-preview":"max-image-preview:large","max-video-preview":"max-video-preview:-1"},"canonical":"https:\/\/www.bellunopress.it\/fr\/2021\/08\/02\/continua-il-viaggio-musicale-del-treno-del-dolomiti-bluessoul-festival\/","og_locale":"fr_FR","og_type":"article","og_title":"Continua il viaggio musicale del treno del Dolomiti Blues&Soul festival - Bellunopress - Dolomiti","og_description":"Un\u2019altra settimana di appuntamenti legati alla musica con il programma del Dolomti Blues&amp;Soul festival. Il programma di questa settimana deve registrare, purtroppo, la cancellazione dell\u2019appuntamento al Taul\u00e0 dei Bos a Cibiana di Cadore con Aurora Rays &amp; Paolo Jus, previsto per venerd\u00ec 6 agosto. Mercoled\u00ec 4 agosto nella zona pedonale del centro di San Vito [&hellip;]","og_url":"https:\/\/www.bellunopress.it\/fr\/2021\/08\/02\/continua-il-viaggio-musicale-del-treno-del-dolomiti-bluessoul-festival\/","og_site_name":"Bellunopress - Dolomiti","article_publisher":"https:\/\/www.facebook.com\/profile.php?id=100008943462799","article_published_time":"2021-08-02T16:30:16+00:00","article_modified_time":"2021-08-02T16:30:18+00:00","og_image":[{"width":800,"height":377,"url":"https:\/\/www.bellunopress.it\/wp-content\/uploads\/2021\/08\/Alberto-Visentin.jpg","type":"image\/jpeg"}],"author":"redazione","twitter_card":"summary_large_image","twitter_creator":"@bellunopress","twitter_site":"@bellunopress","twitter_misc":{"\u00c9crit par":"redazione","Dur\u00e9e de lecture estim\u00e9e":"2 minutes"},"schema":{"@context":"https:\/\/schema.org","@graph":[{"@type":"Article","@id":"https:\/\/www.bellunopress.it\/2021\/08\/02\/continua-il-viaggio-musicale-del-treno-del-dolomiti-bluessoul-festival\/#article","isPartOf":{"@id":"https:\/\/www.bellunopress.it\/2021\/08\/02\/continua-il-viaggio-musicale-del-treno-del-dolomiti-bluessoul-festival\/"},"author":{"name":"redazione","@id":"https:\/\/www.bellunopress.it\/#\/schema\/person\/79bb06722b37ece1c03d3e94beb30d73"},"headline":"Continua il viaggio musicale del treno del Dolomiti Blues&#038;Soul festival","datePublished":"2021-08-02T16:30:16+00:00","dateModified":"2021-08-02T16:30:18+00:00","mainEntityOfPage":{"@id":"https:\/\/www.bellunopress.it\/2021\/08\/02\/continua-il-viaggio-musicale-del-treno-del-dolomiti-bluessoul-festival\/"},"wordCount":375,"publisher":{"@id":"https:\/\/www.bellunopress.it\/#organization"},"image":{"@id":"https:\/\/www.bellunopress.it\/2021\/08\/02\/continua-il-viaggio-musicale-del-treno-del-dolomiti-bluessoul-festival\/#primaryimage"},"thumbnailUrl":"https:\/\/www.bellunopress.it\/wp-content\/uploads\/2021\/08\/Alberto-Visentin.jpg","articleSection":["Appuntamenti, Eventi","Arte, Cultura, Spettacoli, Scienza","Pausa Caff\u00e8"],"inLanguage":"fr-FR"},{"@type":"WebPage","@id":"https:\/\/www.bellunopress.it\/2021\/08\/02\/continua-il-viaggio-musicale-del-treno-del-dolomiti-bluessoul-festival\/","url":"https:\/\/www.bellunopress.it\/2021\/08\/02\/continua-il-viaggio-musicale-del-treno-del-dolomiti-bluessoul-festival\/","name":"Continua il viaggio musicale del treno del Dolomiti Blues&Soul festival - Bellunopress - Dolomiti","isPartOf":{"@id":"https:\/\/www.bellunopress.it\/#website"},"primaryImageOfPage":{"@id":"https:\/\/www.bellunopress.it\/2021\/08\/02\/continua-il-viaggio-musicale-del-treno-del-dolomiti-bluessoul-festival\/#primaryimage"},"image":{"@id":"https:\/\/www.bellunopress.it\/2021\/08\/02\/continua-il-viaggio-musicale-del-treno-del-dolomiti-bluessoul-festival\/#primaryimage"},"thumbnailUrl":"https:\/\/www.bellunopress.it\/wp-content\/uploads\/2021\/08\/Alberto-Visentin.jpg","datePublished":"2021-08-02T16:30:16+00:00","dateModified":"2021-08-02T16:30:18+00:00","breadcrumb":{"@id":"https:\/\/www.bellunopress.it\/2021\/08\/02\/continua-il-viaggio-musicale-del-treno-del-dolomiti-bluessoul-festival\/#breadcrumb"},"inLanguage":"fr-FR","potentialAction":[{"@type":"ReadAction","target":["https:\/\/www.bellunopress.it\/2021\/08\/02\/continua-il-viaggio-musicale-del-treno-del-dolomiti-bluessoul-festival\/"]}]},{"@type":"ImageObject","inLanguage":"fr-FR","@id":"https:\/\/www.bellunopress.it\/2021\/08\/02\/continua-il-viaggio-musicale-del-treno-del-dolomiti-bluessoul-festival\/#primaryimage","url":"https:\/\/www.bellunopress.it\/wp-content\/uploads\/2021\/08\/Alberto-Visentin.jpg","contentUrl":"https:\/\/www.bellunopress.it\/wp-content\/uploads\/2021\/08\/Alberto-Visentin.jpg","width":800,"height":377,"caption":"Alberto Visentin Band"},{"@type":"BreadcrumbList","@id":"https:\/\/www.bellunopress.it\/2021\/08\/02\/continua-il-viaggio-musicale-del-treno-del-dolomiti-bluessoul-festival\/#breadcrumb","itemListElement":[{"@type":"ListItem","position":1,"name":"Home","item":"https:\/\/www.bellunopress.it\/"},{"@type":"ListItem","position":2,"name":"Continua il viaggio musicale del treno del Dolomiti Blues&#038;Soul festival"}]},{"@type":"WebSite","@id":"https:\/\/www.bellunopress.it\/#website","url":"https:\/\/www.bellunopress.it\/","name":"Bellunopress - Dolomiti","description":"e-mail: redazione@bellunopress.it","publisher":{"@id":"https:\/\/www.bellunopress.it\/#organization"},"potentialAction":[{"@type":"SearchAction","target":{"@type":"EntryPoint","urlTemplate":"https:\/\/www.bellunopress.it\/?s={search_term_string}"},"query-input":{"@type":"PropertyValueSpecification","valueRequired":true,"valueName":"search_term_string"}}],"inLanguage":"fr-FR"},{"@type":"Organization","@id":"https:\/\/www.bellunopress.it\/#organization","name":"Bellunopress","url":"https:\/\/www.bellunopress.it\/","logo":{"@type":"ImageObject","inLanguage":"fr-FR","@id":"https:\/\/www.bellunopress.it\/#\/schema\/logo\/image\/","url":"https:\/\/www.bellunopress.it\/wp-content\/uploads\/2011\/05\/cropped-logo-bellunopress-.jpg","contentUrl":"https:\/\/www.bellunopress.it\/wp-content\/uploads\/2011\/05\/cropped-logo-bellunopress-.jpg","width":512,"height":512,"caption":"Bellunopress"},"image":{"@id":"https:\/\/www.bellunopress.it\/#\/schema\/logo\/image\/"},"sameAs":["https:\/\/www.facebook.com\/profile.php?id=100008943462799","https:\/\/x.com\/bellunopress","https:\/\/www.linkedin.com\/hp\/?dnr=JBzUWaJfMUw8vbXJJ2tVW5-I3jZKvC4wsoxE&amp;amp;amp;amp;amp;amp;trk=nav_responsive_tab_home","https:\/\/www.youtube.com\/channel\/UCxL0wu1uN0_3_7hGG0306cw"]},{"@type":"Person","@id":"https:\/\/www.bellunopress.it\/#\/schema\/person\/79bb06722b37ece1c03d3e94beb30d73","name":"r\u00e9daction","image":{"@type":"ImageObject","inLanguage":"fr-FR","@id":"https:\/\/secure.gravatar.com\/avatar\/37d968a2e67a6fd04c169c4bdef102d0bc5d31b2546345219e348575eb80e9a0?s=96&d=mm&r=g","url":"https:\/\/secure.gravatar.com\/avatar\/37d968a2e67a6fd04c169c4bdef102d0bc5d31b2546345219e348575eb80e9a0?s=96&d=mm&r=g","contentUrl":"https:\/\/secure.gravatar.com\/avatar\/37d968a2e67a6fd04c169c4bdef102d0bc5d31b2546345219e348575eb80e9a0?s=96&d=mm&r=g","caption":"redazione"},"sameAs":["http:\/\/www.bellunopress.it","https:\/\/x.com\/bellunopress"],"url":"https:\/\/www.bellunopress.it\/fr\/author\/redazione\/"}]}},"_links":{"self":[{"href":"https:\/\/www.bellunopress.it\/fr\/wp-json\/wp\/v2\/posts\/126577","targetHints":{"allow":["GET"]}}],"collection":[{"href":"https:\/\/www.bellunopress.it\/fr\/wp-json\/wp\/v2\/posts"}],"about":[{"href":"https:\/\/www.bellunopress.it\/fr\/wp-json\/wp\/v2\/types\/post"}],"author":[{"embeddable":true,"href":"https:\/\/www.bellunopress.it\/fr\/wp-json\/wp\/v2\/users\/2"}],"replies":[{"embeddable":true,"href":"https:\/\/www.bellunopress.it\/fr\/wp-json\/wp\/v2\/comments?post=126577"}],"version-history":[{"count":2,"href":"https:\/\/www.bellunopress.it\/fr\/wp-json\/wp\/v2\/posts\/126577\/revisions"}],"predecessor-version":[{"id":126580,"href":"https:\/\/www.bellunopress.it\/fr\/wp-json\/wp\/v2\/posts\/126577\/revisions\/126580"}],"wp:featuredmedia":[{"embeddable":true,"href":"https:\/\/www.bellunopress.it\/fr\/wp-json\/wp\/v2\/media\/126578"}],"wp:attachment":[{"href":"https:\/\/www.bellunopress.it\/fr\/wp-json\/wp\/v2\/media?parent=126577"}],"wp:term":[{"taxonomy":"category","embeddable":true,"href":"https:\/\/www.bellunopress.it\/fr\/wp-json\/wp\/v2\/categories?post=126577"},{"taxonomy":"post_tag","embeddable":true,"href":"https:\/\/www.bellunopress.it\/fr\/wp-json\/wp\/v2\/tags?post=126577"}],"curies":[{"name":"wp","href":"https:\/\/api.w.org\/{rel}","templated":true}]}}