{"id":126573,"date":"2021-08-02T18:23:02","date_gmt":"2021-08-02T16:23:02","guid":{"rendered":"https:\/\/www.bellunopress.it\/?p=126573"},"modified":"2021-08-02T18:23:04","modified_gmt":"2021-08-02T16:23:04","slug":"nuovi-parcometri-a-feltre","status":"publish","type":"post","link":"https:\/\/www.bellunopress.it\/fr\/2021\/08\/02\/nuovi-parcometri-a-feltre\/","title":{"rendered":"Nuovi parcometri a Feltre"},"content":{"rendered":"<p><a href=\"https:\/\/www.bellunopress.it\/fr\/2021\/08\/02\/nuovi-parcometri-a-feltre\/parcometri-feltre-2_edited\/\" rel=\"attachment wp-att-126574\"><img loading=\"lazy\" decoding=\"async\" class=\"alignleft size-full wp-image-126574\" src=\"https:\/\/www.bellunopress.it\/wp-content\/uploads\/2021\/08\/Parcometri-Feltre-2_edited.jpg\" alt=\"\" width=\"309\" height=\"526\" srcset=\"https:\/\/www.bellunopress.it\/wp-content\/uploads\/2021\/08\/Parcometri-Feltre-2_edited.jpg 309w, https:\/\/www.bellunopress.it\/wp-content\/uploads\/2021\/08\/Parcometri-Feltre-2_edited-294x500.jpg 294w, https:\/\/www.bellunopress.it\/wp-content\/uploads\/2021\/08\/Parcometri-Feltre-2_edited-247x420.jpg 247w\" sizes=\"auto, (max-width: 309px) 100vw, 309px\" \/><\/a>Abaco Mobility conferma la sua presenza nel Comune di Feltre, cominciata ormai dieci<br \/>\nanni fa e destinata a durare almeno fino a dicembre 2023.<br \/>\nRisale alla scorsa settimana l\u2019installazione di 10 nuovi parcometri, in sostituzione dei<br \/>\nprecedenti, che permetteranno la gestione dei 336 stalli a pagamento presenti nell\u2019area<br \/>\ncomunale (circa il 20% degli stalli attuali). Si tratta di macchinari innovativi, che<br \/>\naggiungono varie funzionalit\u00e0 rispetto a quelle gi\u00e0 presenti, e sono alimentati<br \/>\ntotalmente ad energia solare, grazie ai pannelli fotovoltaici presenti sulla parte<br \/>\nsuperiore.<br \/>\nTutte le novit\u00e0 sono state presentate in citt\u00e0 venerd\u00ec 23 agosto, in un incontro con la<br \/>\nstampa che ha coinvolto l\u2019assessore alla Mobilit\u00e0 di Feltre Valter Bonan, il comandante<br \/>\ndella Polizia locale Filiberto Facchin e Luca Gatto, referente per Abaco Mobility.<br \/>\nUno dei cambiamenti pi\u00f9 rilevanti riguarda l&#8217;inserimento del numero di targa al<br \/>\nmomento del pagamento, che elimina il precedente obbligo di posizionare il disco<br \/>\norario, continuando a garantire agli utenti un bonus di 30 minuti giornalieri per la sosta<br \/>\ngratuita. Lo stesso numero di targa sar\u00e0 propedeutico ad altri servizi futuri offerti ai<br \/>\ncittadini.<br \/>\nGrazie alla nuova strumentazione installata \u00e8 inoltre possibile pagare tramite<br \/>\nparcometri la TOSAP \u2013 tassa di occupazione del suolo pubblico \u2013 senza doversi recare in<br \/>\nmunicipio, cos\u00ec come i permessi temporanei per cittadini e ditte che ne avessero<br \/>\nnecessit\u00e0. Queste attivit\u00e0 nello specifico sono motivo di vanto per Abaco Mobility, in<br \/>\nquanto raramente \u00e8 possibile automatizzare il processo rendendo gli utenti stessi<br \/>\nautonomi.<br \/>\nOltre al pagamento in monete (ancora attivo presso i parcometri) \u00e8 possibile pagare<br \/>\ncon carte di credito o bancomat in modalit\u00e0 contactless e tramite l\u2019app EasyPark. Due i<br \/>\nprincipali vantaggi del pagamento tramite app: la possibilit\u00e0 di allungare e\/o accorciare<br \/>\nil tempo di sosta anche se distanti dal parcometro, pagando quindi solo il costo<br \/>\neffettivo, e un facile accesso al servizio anche per i turisti stranieri, in quanto l\u2019app \u00e8<br \/>\nutilizzata in tutta Europa e risulta quindi familiare a coloro che sono in visita nel<br \/>\nterritorio. Consigliato, ma non obbligatorio, esporre il biglietto sul cruscotto.<br \/>\nUn ultimo grande plus riguarda i vantaggi per la Polizia locale. L\u2019utilizzo di questi nuovi<br \/>\nsistemi, infatti, agevola notevolmente i funzionari, in quanto in tempo reale sar\u00e0<br \/>\npossibile verificare la regolarit\u00e0 della sosta, risparmiando loro tempo ed evitando<br \/>\ncontenziosi e disguidi.<br \/>\nNella pagina web dedicata http:\/\/www.abacosmartcities.it\/feltre\/ \u00e8 possibile scoprire di<br \/>\npi\u00f9 riguardo le tariffe e gli orari della sosta, oltre a trovare video esplicativi. Nella<br \/>\npagina http:\/\/www.abacosmartcities.it\/parchimetri\/ \u00e8 possibile visionare passo passo<br \/>\ncome utilizzare i parchimetri e pagare la sosta in autonomia.<br \/>\nPer altri approfondimenti \u00e8 possibile far riferimento al portale internet del Comune.<\/p>","protected":false},"excerpt":{"rendered":"<p>Abaco Mobility conferma la sua presenza nel Comune di Feltre, cominciata ormai dieci anni fa e destinata a durare almeno fino a dicembre 2023. Risale alla scorsa settimana l\u2019installazione di 10 nuovi parcometri, in sostituzione dei precedenti, che permetteranno la gestione dei 336 stalli a pagamento presenti nell\u2019area comunale (circa il 20% degli stalli attuali). [&hellip;]<\/p>\n","protected":false},"author":2,"featured_media":126574,"comment_status":"closed","ping_status":"open","sticky":false,"template":"","format":"standard","meta":{"footnotes":""},"categories":[26,8],"tags":[],"class_list":["post-126573","post","type-post","status-publish","format-standard","has-post-thumbnail","category-prima-pagina","category-societa-istituzioni"],"yoast_head":"<!-- This site is optimized with the Yoast SEO plugin v28.4 - https:\/\/yoast.com\/product\/yoast-seo-wordpress\/ -->\n<title>Nuovi parcometri a Feltre - Bellunopress - Dolomiti<\/title>\n<meta name=\"robots\" content=\"index, follow, max-snippet:-1, max-image-preview:large, max-video-preview:-1\" \/>\n<link rel=\"canonical\" href=\"https:\/\/www.bellunopress.it\/fr\/2021\/08\/02\/nuovi-parcometri-a-feltre\/\" \/>\n<meta property=\"og:locale\" content=\"fr_FR\" \/>\n<meta property=\"og:type\" content=\"article\" \/>\n<meta property=\"og:title\" content=\"Nuovi parcometri a Feltre - Bellunopress - Dolomiti\" \/>\n<meta property=\"og:description\" content=\"Abaco Mobility conferma la sua presenza nel Comune di Feltre, cominciata ormai dieci anni fa e destinata a durare almeno fino a dicembre 2023. Risale alla scorsa settimana l\u2019installazione di 10 nuovi parcometri, in sostituzione dei precedenti, che permetteranno la gestione dei 336 stalli a pagamento presenti nell\u2019area comunale (circa il 20% degli stalli attuali). [&hellip;]\" \/>\n<meta property=\"og:url\" content=\"https:\/\/www.bellunopress.it\/fr\/2021\/08\/02\/nuovi-parcometri-a-feltre\/\" \/>\n<meta property=\"og:site_name\" content=\"Bellunopress - Dolomiti\" \/>\n<meta property=\"article:publisher\" content=\"https:\/\/www.facebook.com\/profile.php?id=100008943462799\" \/>\n<meta property=\"article:published_time\" content=\"2021-08-02T16:23:02+00:00\" \/>\n<meta property=\"article:modified_time\" content=\"2021-08-02T16:23:04+00:00\" \/>\n<meta property=\"og:image\" content=\"https:\/\/www.bellunopress.it\/wp-content\/uploads\/2021\/08\/Parcometri-Feltre-2_edited.jpg\" \/>\n\t<meta property=\"og:image:width\" content=\"309\" \/>\n\t<meta property=\"og:image:height\" content=\"526\" \/>\n\t<meta property=\"og:image:type\" content=\"image\/jpeg\" \/>\n<meta name=\"author\" content=\"redazione\" \/>\n<meta name=\"twitter:card\" content=\"summary_large_image\" \/>\n<meta name=\"twitter:creator\" content=\"@bellunopress\" \/>\n<meta name=\"twitter:site\" content=\"@bellunopress\" \/>\n<meta name=\"twitter:label1\" content=\"\u00c9crit par\" \/>\n\t<meta name=\"twitter:data1\" content=\"redazione\" \/>\n\t<meta name=\"twitter:label2\" content=\"Dur\u00e9e de lecture estim\u00e9e\" \/>\n\t<meta name=\"twitter:data2\" content=\"3 minutes\" \/>\n<script type=\"application\/ld+json\" class=\"yoast-schema-graph\">{\"@context\":\"https:\\\/\\\/schema.org\",\"@graph\":[{\"@type\":\"Article\",\"@id\":\"https:\\\/\\\/www.bellunopress.it\\\/2021\\\/08\\\/02\\\/nuovi-parcometri-a-feltre\\\/#article\",\"isPartOf\":{\"@id\":\"https:\\\/\\\/www.bellunopress.it\\\/2021\\\/08\\\/02\\\/nuovi-parcometri-a-feltre\\\/\"},\"author\":{\"name\":\"redazione\",\"@id\":\"https:\\\/\\\/www.bellunopress.it\\\/#\\\/schema\\\/person\\\/79bb06722b37ece1c03d3e94beb30d73\"},\"headline\":\"Nuovi parcometri a Feltre\",\"datePublished\":\"2021-08-02T16:23:02+00:00\",\"dateModified\":\"2021-08-02T16:23:04+00:00\",\"mainEntityOfPage\":{\"@id\":\"https:\\\/\\\/www.bellunopress.it\\\/2021\\\/08\\\/02\\\/nuovi-parcometri-a-feltre\\\/\"},\"wordCount\":436,\"publisher\":{\"@id\":\"https:\\\/\\\/www.bellunopress.it\\\/#organization\"},\"image\":{\"@id\":\"https:\\\/\\\/www.bellunopress.it\\\/2021\\\/08\\\/02\\\/nuovi-parcometri-a-feltre\\\/#primaryimage\"},\"thumbnailUrl\":\"https:\\\/\\\/www.bellunopress.it\\\/wp-content\\\/uploads\\\/2021\\\/08\\\/Parcometri-Feltre-2_edited.jpg\",\"articleSection\":[\"Prima Pagina\",\"Societ\u00e0, Associazioni, Istituzioni\"],\"inLanguage\":\"fr-FR\"},{\"@type\":\"WebPage\",\"@id\":\"https:\\\/\\\/www.bellunopress.it\\\/2021\\\/08\\\/02\\\/nuovi-parcometri-a-feltre\\\/\",\"url\":\"https:\\\/\\\/www.bellunopress.it\\\/2021\\\/08\\\/02\\\/nuovi-parcometri-a-feltre\\\/\",\"name\":\"Nuovi parcometri a Feltre - Bellunopress - Dolomiti\",\"isPartOf\":{\"@id\":\"https:\\\/\\\/www.bellunopress.it\\\/#website\"},\"primaryImageOfPage\":{\"@id\":\"https:\\\/\\\/www.bellunopress.it\\\/2021\\\/08\\\/02\\\/nuovi-parcometri-a-feltre\\\/#primaryimage\"},\"image\":{\"@id\":\"https:\\\/\\\/www.bellunopress.it\\\/2021\\\/08\\\/02\\\/nuovi-parcometri-a-feltre\\\/#primaryimage\"},\"thumbnailUrl\":\"https:\\\/\\\/www.bellunopress.it\\\/wp-content\\\/uploads\\\/2021\\\/08\\\/Parcometri-Feltre-2_edited.jpg\",\"datePublished\":\"2021-08-02T16:23:02+00:00\",\"dateModified\":\"2021-08-02T16:23:04+00:00\",\"breadcrumb\":{\"@id\":\"https:\\\/\\\/www.bellunopress.it\\\/2021\\\/08\\\/02\\\/nuovi-parcometri-a-feltre\\\/#breadcrumb\"},\"inLanguage\":\"fr-FR\",\"potentialAction\":[{\"@type\":\"ReadAction\",\"target\":[\"https:\\\/\\\/www.bellunopress.it\\\/2021\\\/08\\\/02\\\/nuovi-parcometri-a-feltre\\\/\"]}]},{\"@type\":\"ImageObject\",\"inLanguage\":\"fr-FR\",\"@id\":\"https:\\\/\\\/www.bellunopress.it\\\/2021\\\/08\\\/02\\\/nuovi-parcometri-a-feltre\\\/#primaryimage\",\"url\":\"https:\\\/\\\/www.bellunopress.it\\\/wp-content\\\/uploads\\\/2021\\\/08\\\/Parcometri-Feltre-2_edited.jpg\",\"contentUrl\":\"https:\\\/\\\/www.bellunopress.it\\\/wp-content\\\/uploads\\\/2021\\\/08\\\/Parcometri-Feltre-2_edited.jpg\",\"width\":309,\"height\":526},{\"@type\":\"BreadcrumbList\",\"@id\":\"https:\\\/\\\/www.bellunopress.it\\\/2021\\\/08\\\/02\\\/nuovi-parcometri-a-feltre\\\/#breadcrumb\",\"itemListElement\":[{\"@type\":\"ListItem\",\"position\":1,\"name\":\"Home\",\"item\":\"https:\\\/\\\/www.bellunopress.it\\\/\"},{\"@type\":\"ListItem\",\"position\":2,\"name\":\"Nuovi parcometri a Feltre\"}]},{\"@type\":\"WebSite\",\"@id\":\"https:\\\/\\\/www.bellunopress.it\\\/#website\",\"url\":\"https:\\\/\\\/www.bellunopress.it\\\/\",\"name\":\"Bellunopress - Dolomiti\",\"description\":\"e-mail: redazione@bellunopress.it\",\"publisher\":{\"@id\":\"https:\\\/\\\/www.bellunopress.it\\\/#organization\"},\"potentialAction\":[{\"@type\":\"SearchAction\",\"target\":{\"@type\":\"EntryPoint\",\"urlTemplate\":\"https:\\\/\\\/www.bellunopress.it\\\/?s={search_term_string}\"},\"query-input\":{\"@type\":\"PropertyValueSpecification\",\"valueRequired\":true,\"valueName\":\"search_term_string\"}}],\"inLanguage\":\"fr-FR\"},{\"@type\":\"Organization\",\"@id\":\"https:\\\/\\\/www.bellunopress.it\\\/#organization\",\"name\":\"Bellunopress\",\"url\":\"https:\\\/\\\/www.bellunopress.it\\\/\",\"logo\":{\"@type\":\"ImageObject\",\"inLanguage\":\"fr-FR\",\"@id\":\"https:\\\/\\\/www.bellunopress.it\\\/#\\\/schema\\\/logo\\\/image\\\/\",\"url\":\"https:\\\/\\\/www.bellunopress.it\\\/wp-content\\\/uploads\\\/2011\\\/05\\\/cropped-logo-bellunopress-.jpg\",\"contentUrl\":\"https:\\\/\\\/www.bellunopress.it\\\/wp-content\\\/uploads\\\/2011\\\/05\\\/cropped-logo-bellunopress-.jpg\",\"width\":512,\"height\":512,\"caption\":\"Bellunopress\"},\"image\":{\"@id\":\"https:\\\/\\\/www.bellunopress.it\\\/#\\\/schema\\\/logo\\\/image\\\/\"},\"sameAs\":[\"https:\\\/\\\/www.facebook.com\\\/profile.php?id=100008943462799\",\"https:\\\/\\\/x.com\\\/bellunopress\",\"https:\\\/\\\/www.linkedin.com\\\/hp\\\/?dnr=JBzUWaJfMUw8vbXJJ2tVW5-I3jZKvC4wsoxE&amp;amp;amp;amp;amp;amp;trk=nav_responsive_tab_home\",\"https:\\\/\\\/www.youtube.com\\\/channel\\\/UCxL0wu1uN0_3_7hGG0306cw\"]},{\"@type\":\"Person\",\"@id\":\"https:\\\/\\\/www.bellunopress.it\\\/#\\\/schema\\\/person\\\/79bb06722b37ece1c03d3e94beb30d73\",\"name\":\"redazione\",\"image\":{\"@type\":\"ImageObject\",\"inLanguage\":\"fr-FR\",\"@id\":\"https:\\\/\\\/secure.gravatar.com\\\/avatar\\\/37d968a2e67a6fd04c169c4bdef102d0bc5d31b2546345219e348575eb80e9a0?s=96&d=mm&r=g\",\"url\":\"https:\\\/\\\/secure.gravatar.com\\\/avatar\\\/37d968a2e67a6fd04c169c4bdef102d0bc5d31b2546345219e348575eb80e9a0?s=96&d=mm&r=g\",\"contentUrl\":\"https:\\\/\\\/secure.gravatar.com\\\/avatar\\\/37d968a2e67a6fd04c169c4bdef102d0bc5d31b2546345219e348575eb80e9a0?s=96&d=mm&r=g\",\"caption\":\"redazione\"},\"sameAs\":[\"http:\\\/\\\/www.bellunopress.it\",\"https:\\\/\\\/x.com\\\/bellunopress\"],\"url\":\"https:\\\/\\\/www.bellunopress.it\\\/fr\\\/author\\\/redazione\\\/\"}]}<\/script>\n<!-- \/ Yoast SEO plugin. -->","yoast_head_json":{"title":"Nuovi parcometri a Feltre - Bellunopress - Dolomiti","robots":{"index":"index","follow":"follow","max-snippet":"max-snippet:-1","max-image-preview":"max-image-preview:large","max-video-preview":"max-video-preview:-1"},"canonical":"https:\/\/www.bellunopress.it\/fr\/2021\/08\/02\/nuovi-parcometri-a-feltre\/","og_locale":"fr_FR","og_type":"article","og_title":"Nuovi parcometri a Feltre - Bellunopress - Dolomiti","og_description":"Abaco Mobility conferma la sua presenza nel Comune di Feltre, cominciata ormai dieci anni fa e destinata a durare almeno fino a dicembre 2023. Risale alla scorsa settimana l\u2019installazione di 10 nuovi parcometri, in sostituzione dei precedenti, che permetteranno la gestione dei 336 stalli a pagamento presenti nell\u2019area comunale (circa il 20% degli stalli attuali). [&hellip;]","og_url":"https:\/\/www.bellunopress.it\/fr\/2021\/08\/02\/nuovi-parcometri-a-feltre\/","og_site_name":"Bellunopress - Dolomiti","article_publisher":"https:\/\/www.facebook.com\/profile.php?id=100008943462799","article_published_time":"2021-08-02T16:23:02+00:00","article_modified_time":"2021-08-02T16:23:04+00:00","og_image":[{"width":309,"height":526,"url":"https:\/\/www.bellunopress.it\/wp-content\/uploads\/2021\/08\/Parcometri-Feltre-2_edited.jpg","type":"image\/jpeg"}],"author":"redazione","twitter_card":"summary_large_image","twitter_creator":"@bellunopress","twitter_site":"@bellunopress","twitter_misc":{"\u00c9crit par":"redazione","Dur\u00e9e de lecture estim\u00e9e":"3 minutes"},"schema":{"@context":"https:\/\/schema.org","@graph":[{"@type":"Article","@id":"https:\/\/www.bellunopress.it\/2021\/08\/02\/nuovi-parcometri-a-feltre\/#article","isPartOf":{"@id":"https:\/\/www.bellunopress.it\/2021\/08\/02\/nuovi-parcometri-a-feltre\/"},"author":{"name":"redazione","@id":"https:\/\/www.bellunopress.it\/#\/schema\/person\/79bb06722b37ece1c03d3e94beb30d73"},"headline":"Nuovi parcometri a Feltre","datePublished":"2021-08-02T16:23:02+00:00","dateModified":"2021-08-02T16:23:04+00:00","mainEntityOfPage":{"@id":"https:\/\/www.bellunopress.it\/2021\/08\/02\/nuovi-parcometri-a-feltre\/"},"wordCount":436,"publisher":{"@id":"https:\/\/www.bellunopress.it\/#organization"},"image":{"@id":"https:\/\/www.bellunopress.it\/2021\/08\/02\/nuovi-parcometri-a-feltre\/#primaryimage"},"thumbnailUrl":"https:\/\/www.bellunopress.it\/wp-content\/uploads\/2021\/08\/Parcometri-Feltre-2_edited.jpg","articleSection":["Prima Pagina","Societ\u00e0, Associazioni, Istituzioni"],"inLanguage":"fr-FR"},{"@type":"WebPage","@id":"https:\/\/www.bellunopress.it\/2021\/08\/02\/nuovi-parcometri-a-feltre\/","url":"https:\/\/www.bellunopress.it\/2021\/08\/02\/nuovi-parcometri-a-feltre\/","name":"Nuovi parcometri a Feltre - Bellunopress - Dolomiti","isPartOf":{"@id":"https:\/\/www.bellunopress.it\/#website"},"primaryImageOfPage":{"@id":"https:\/\/www.bellunopress.it\/2021\/08\/02\/nuovi-parcometri-a-feltre\/#primaryimage"},"image":{"@id":"https:\/\/www.bellunopress.it\/2021\/08\/02\/nuovi-parcometri-a-feltre\/#primaryimage"},"thumbnailUrl":"https:\/\/www.bellunopress.it\/wp-content\/uploads\/2021\/08\/Parcometri-Feltre-2_edited.jpg","datePublished":"2021-08-02T16:23:02+00:00","dateModified":"2021-08-02T16:23:04+00:00","breadcrumb":{"@id":"https:\/\/www.bellunopress.it\/2021\/08\/02\/nuovi-parcometri-a-feltre\/#breadcrumb"},"inLanguage":"fr-FR","potentialAction":[{"@type":"ReadAction","target":["https:\/\/www.bellunopress.it\/2021\/08\/02\/nuovi-parcometri-a-feltre\/"]}]},{"@type":"ImageObject","inLanguage":"fr-FR","@id":"https:\/\/www.bellunopress.it\/2021\/08\/02\/nuovi-parcometri-a-feltre\/#primaryimage","url":"https:\/\/www.bellunopress.it\/wp-content\/uploads\/2021\/08\/Parcometri-Feltre-2_edited.jpg","contentUrl":"https:\/\/www.bellunopress.it\/wp-content\/uploads\/2021\/08\/Parcometri-Feltre-2_edited.jpg","width":309,"height":526},{"@type":"BreadcrumbList","@id":"https:\/\/www.bellunopress.it\/2021\/08\/02\/nuovi-parcometri-a-feltre\/#breadcrumb","itemListElement":[{"@type":"ListItem","position":1,"name":"Home","item":"https:\/\/www.bellunopress.it\/"},{"@type":"ListItem","position":2,"name":"Nuovi parcometri a Feltre"}]},{"@type":"WebSite","@id":"https:\/\/www.bellunopress.it\/#website","url":"https:\/\/www.bellunopress.it\/","name":"Bellunopress - Dolomiti","description":"e-mail: redazione@bellunopress.it","publisher":{"@id":"https:\/\/www.bellunopress.it\/#organization"},"potentialAction":[{"@type":"SearchAction","target":{"@type":"EntryPoint","urlTemplate":"https:\/\/www.bellunopress.it\/?s={search_term_string}"},"query-input":{"@type":"PropertyValueSpecification","valueRequired":true,"valueName":"search_term_string"}}],"inLanguage":"fr-FR"},{"@type":"Organization","@id":"https:\/\/www.bellunopress.it\/#organization","name":"Bellunopress","url":"https:\/\/www.bellunopress.it\/","logo":{"@type":"ImageObject","inLanguage":"fr-FR","@id":"https:\/\/www.bellunopress.it\/#\/schema\/logo\/image\/","url":"https:\/\/www.bellunopress.it\/wp-content\/uploads\/2011\/05\/cropped-logo-bellunopress-.jpg","contentUrl":"https:\/\/www.bellunopress.it\/wp-content\/uploads\/2011\/05\/cropped-logo-bellunopress-.jpg","width":512,"height":512,"caption":"Bellunopress"},"image":{"@id":"https:\/\/www.bellunopress.it\/#\/schema\/logo\/image\/"},"sameAs":["https:\/\/www.facebook.com\/profile.php?id=100008943462799","https:\/\/x.com\/bellunopress","https:\/\/www.linkedin.com\/hp\/?dnr=JBzUWaJfMUw8vbXJJ2tVW5-I3jZKvC4wsoxE&amp;amp;amp;amp;amp;amp;trk=nav_responsive_tab_home","https:\/\/www.youtube.com\/channel\/UCxL0wu1uN0_3_7hGG0306cw"]},{"@type":"Person","@id":"https:\/\/www.bellunopress.it\/#\/schema\/person\/79bb06722b37ece1c03d3e94beb30d73","name":"r\u00e9daction","image":{"@type":"ImageObject","inLanguage":"fr-FR","@id":"https:\/\/secure.gravatar.com\/avatar\/37d968a2e67a6fd04c169c4bdef102d0bc5d31b2546345219e348575eb80e9a0?s=96&d=mm&r=g","url":"https:\/\/secure.gravatar.com\/avatar\/37d968a2e67a6fd04c169c4bdef102d0bc5d31b2546345219e348575eb80e9a0?s=96&d=mm&r=g","contentUrl":"https:\/\/secure.gravatar.com\/avatar\/37d968a2e67a6fd04c169c4bdef102d0bc5d31b2546345219e348575eb80e9a0?s=96&d=mm&r=g","caption":"redazione"},"sameAs":["http:\/\/www.bellunopress.it","https:\/\/x.com\/bellunopress"],"url":"https:\/\/www.bellunopress.it\/fr\/author\/redazione\/"}]}},"_links":{"self":[{"href":"https:\/\/www.bellunopress.it\/fr\/wp-json\/wp\/v2\/posts\/126573","targetHints":{"allow":["GET"]}}],"collection":[{"href":"https:\/\/www.bellunopress.it\/fr\/wp-json\/wp\/v2\/posts"}],"about":[{"href":"https:\/\/www.bellunopress.it\/fr\/wp-json\/wp\/v2\/types\/post"}],"author":[{"embeddable":true,"href":"https:\/\/www.bellunopress.it\/fr\/wp-json\/wp\/v2\/users\/2"}],"replies":[{"embeddable":true,"href":"https:\/\/www.bellunopress.it\/fr\/wp-json\/wp\/v2\/comments?post=126573"}],"version-history":[{"count":2,"href":"https:\/\/www.bellunopress.it\/fr\/wp-json\/wp\/v2\/posts\/126573\/revisions"}],"predecessor-version":[{"id":126576,"href":"https:\/\/www.bellunopress.it\/fr\/wp-json\/wp\/v2\/posts\/126573\/revisions\/126576"}],"wp:featuredmedia":[{"embeddable":true,"href":"https:\/\/www.bellunopress.it\/fr\/wp-json\/wp\/v2\/media\/126574"}],"wp:attachment":[{"href":"https:\/\/www.bellunopress.it\/fr\/wp-json\/wp\/v2\/media?parent=126573"}],"wp:term":[{"taxonomy":"category","embeddable":true,"href":"https:\/\/www.bellunopress.it\/fr\/wp-json\/wp\/v2\/categories?post=126573"},{"taxonomy":"post_tag","embeddable":true,"href":"https:\/\/www.bellunopress.it\/fr\/wp-json\/wp\/v2\/tags?post=126573"}],"curies":[{"name":"wp","href":"https:\/\/api.w.org\/{rel}","templated":true}]}}