{"id":126529,"date":"2021-08-01T14:50:35","date_gmt":"2021-08-01T12:50:35","guid":{"rendered":"https:\/\/www.bellunopress.it\/?p=126529"},"modified":"2021-08-01T14:50:37","modified_gmt":"2021-08-01T12:50:37","slug":"presentato-il-42mo-palio-di-feltre-parola-dordine-sicurezza","status":"publish","type":"post","link":"https:\/\/www.bellunopress.it\/fr\/2021\/08\/01\/presentato-il-42mo-palio-di-feltre-parola-dordine-sicurezza\/","title":{"rendered":"Presentato il 42mo Palio di Feltre. Parola d&#8217;ordine, sicurezza"},"content":{"rendered":"<figure id=\"attachment_126530\" aria-describedby=\"caption-attachment-126530\" style=\"width: 800px\" class=\"wp-caption alignleft\"><a href=\"https:\/\/www.bellunopress.it\/fr\/2021\/08\/01\/presentato-il-42mo-palio-di-feltre-parola-dordine-sicurezza\/palio-feltre-foto-mario-carazzai_edited\/\" rel=\"attachment wp-att-126530\"><img loading=\"lazy\" decoding=\"async\" class=\"size-full wp-image-126530\" src=\"https:\/\/www.bellunopress.it\/wp-content\/uploads\/2021\/08\/Palio-Feltre-foto-Mario-Carazzai_edited.jpg\" alt=\"\" width=\"800\" height=\"533\" srcset=\"https:\/\/www.bellunopress.it\/wp-content\/uploads\/2021\/08\/Palio-Feltre-foto-Mario-Carazzai_edited.jpg 800w, https:\/\/www.bellunopress.it\/wp-content\/uploads\/2021\/08\/Palio-Feltre-foto-Mario-Carazzai_edited-500x333.jpg 500w, https:\/\/www.bellunopress.it\/wp-content\/uploads\/2021\/08\/Palio-Feltre-foto-Mario-Carazzai_edited-696x464.jpg 696w, https:\/\/www.bellunopress.it\/wp-content\/uploads\/2021\/08\/Palio-Feltre-foto-Mario-Carazzai_edited-630x420.jpg 630w\" sizes=\"auto, (max-width: 800px) 100vw, 800px\" \/><\/a><figcaption id=\"caption-attachment-126530\" class=\"wp-caption-text\">Palio di Feltre (Foto: Mario Carazzai)<\/figcaption><\/figure>\n<p>Presentato il quarantaduesimo Palio di Feltre nella cornice di piazza Maggiore. Un Palio fortemente voluto dall\u2019associazione guidata dal presidente Eugenio Tamburrino e dai quattro quartieri, sostenuti dagli oltre mille volontari che hanno voluto ripartire e presentare un\u2019edizione il pi\u00f9 possibile vicina a quelle vissute in epoca precovid.<\/p>\n<p>La parola d\u2019ordine sar\u00e0 sicurezza e attenzione, perch\u00e9 sulle misure di contrasto alla diffusione del coronavirus, l\u2019associazione ha investito molte energie. In quest\u2019ottica, significativa la collaborazione con l\u2019Ulss 1 Dolomiti, per garantire ai protagonisti del Palio e agli spettatori, un\u2019edizione il pi\u00f9 possibile sicura e serena.<br \/>\nSicurezza, per\u00f2, anche per atleti e animali, con l\u2019importante investimento realizzato dal Comune di Feltre, che ha sostituito la vecchia staccionata esterna dell\u2019anello di Pra\u2019 del Moro, con una nuovissima in pvc come quella dei migliori ippodromi.<\/p>\n<p>Purtroppo si \u00e8 dovuto rinunciare al palcoscenico pi\u00f9 prezioso, quello della Cittadella, concentrando su Pra\u2019 del Moro la maggior parte delle attivit\u00e0 e delle gare, per consentire e garantire il rispetto delle misure di prevenzione alla diffusione del contagio.<br \/>\nUn Palio che orgogliosamente parla feltrino, perch\u00e9 la vernice della manifestazione \u00e8 stata l\u2019occasione per presentare al pubblico, ma soprattutto ai contradaioli, che se lo contenderanno, il drappo di Luca Rento. Un\u2019opera uscita dal talento di un artista che ha esposto in alcune delle pi\u00f9 prestigiose sedi museali dell\u2019arte contemporanea. L\u2019artista ha dedicato la sua opera all\u2019indimenticabile medico feltrino Michele De Boni.<\/p>\n<p>Durante tutta la settimana paliesca il drappo sar\u00e0 in esposizione nella sala degli Stemmi del Comune di Feltre, visitabile durante l\u2019orario d\u2019ufficio, prima di essere consegnato domenica otto agosto nelle mani del quartiere vincitore del Palio.<br \/>\nLa prima giornata della quarantaduesima edizione del Palio di Feltre si \u00e8 conclusa con l\u2019esibizione della Cernide al Palafeltre, primo appuntamento per tornare a vivere a pieno regime le emozioni, i suoni e i colori di una manifestazione che caparbiamente ha voluto esserci, per fornire anche alla citt\u00e0 e alla cittadinanza un\u2019indicazione di fiducia e speranza.<\/p>","protected":false},"excerpt":{"rendered":"<p>Presentato il quarantaduesimo Palio di Feltre nella cornice di piazza Maggiore. Un Palio fortemente voluto dall\u2019associazione guidata dal presidente Eugenio Tamburrino e dai quattro quartieri, sostenuti dagli oltre mille volontari che hanno voluto ripartire e presentare un\u2019edizione il pi\u00f9 possibile vicina a quelle vissute in epoca precovid. La parola d\u2019ordine sar\u00e0 sicurezza e attenzione, perch\u00e9 [&hellip;]<\/p>\n","protected":false},"author":2,"featured_media":126530,"comment_status":"closed","ping_status":"open","sticky":false,"template":"","format":"standard","meta":{"footnotes":""},"categories":[3,25],"tags":[],"class_list":["post-126529","post","type-post","status-publish","format-standard","has-post-thumbnail","category-arte-cultura-spettacoli-scienza-archivi","category-pausa-caffe"],"yoast_head":"<!-- This site is optimized with the Yoast SEO plugin v28.4 - https:\/\/yoast.com\/product\/yoast-seo-wordpress\/ -->\n<title>Presentato il 42mo Palio di Feltre. Parola d&#039;ordine, sicurezza - Bellunopress - Dolomiti<\/title>\n<meta name=\"robots\" content=\"index, follow, max-snippet:-1, max-image-preview:large, max-video-preview:-1\" \/>\n<link rel=\"canonical\" href=\"https:\/\/www.bellunopress.it\/fr\/2021\/08\/01\/presentato-il-42mo-palio-di-feltre-parola-dordine-sicurezza\/\" \/>\n<meta property=\"og:locale\" content=\"fr_FR\" \/>\n<meta property=\"og:type\" content=\"article\" \/>\n<meta property=\"og:title\" content=\"Presentato il 42mo Palio di Feltre. Parola d&#039;ordine, sicurezza - Bellunopress - Dolomiti\" \/>\n<meta property=\"og:description\" content=\"Presentato il quarantaduesimo Palio di Feltre nella cornice di piazza Maggiore. Un Palio fortemente voluto dall\u2019associazione guidata dal presidente Eugenio Tamburrino e dai quattro quartieri, sostenuti dagli oltre mille volontari che hanno voluto ripartire e presentare un\u2019edizione il pi\u00f9 possibile vicina a quelle vissute in epoca precovid. La parola d\u2019ordine sar\u00e0 sicurezza e attenzione, perch\u00e9 [&hellip;]\" \/>\n<meta property=\"og:url\" content=\"https:\/\/www.bellunopress.it\/fr\/2021\/08\/01\/presentato-il-42mo-palio-di-feltre-parola-dordine-sicurezza\/\" \/>\n<meta property=\"og:site_name\" content=\"Bellunopress - Dolomiti\" \/>\n<meta property=\"article:publisher\" content=\"https:\/\/www.facebook.com\/profile.php?id=100008943462799\" \/>\n<meta property=\"article:published_time\" content=\"2021-08-01T12:50:35+00:00\" \/>\n<meta property=\"article:modified_time\" content=\"2021-08-01T12:50:37+00:00\" \/>\n<meta property=\"og:image\" content=\"https:\/\/www.bellunopress.it\/wp-content\/uploads\/2021\/08\/Palio-Feltre-foto-Mario-Carazzai_edited.jpg\" \/>\n\t<meta property=\"og:image:width\" content=\"800\" \/>\n\t<meta property=\"og:image:height\" content=\"533\" \/>\n\t<meta property=\"og:image:type\" content=\"image\/jpeg\" \/>\n<meta name=\"author\" content=\"redazione\" \/>\n<meta name=\"twitter:card\" content=\"summary_large_image\" \/>\n<meta name=\"twitter:creator\" content=\"@bellunopress\" \/>\n<meta name=\"twitter:site\" content=\"@bellunopress\" \/>\n<meta name=\"twitter:label1\" content=\"\u00c9crit par\" \/>\n\t<meta name=\"twitter:data1\" content=\"redazione\" \/>\n\t<meta name=\"twitter:label2\" content=\"Dur\u00e9e de lecture estim\u00e9e\" \/>\n\t<meta name=\"twitter:data2\" content=\"2 minutes\" \/>\n<script type=\"application\/ld+json\" class=\"yoast-schema-graph\">{\"@context\":\"https:\\\/\\\/schema.org\",\"@graph\":[{\"@type\":\"Article\",\"@id\":\"https:\\\/\\\/www.bellunopress.it\\\/2021\\\/08\\\/01\\\/presentato-il-42mo-palio-di-feltre-parola-dordine-sicurezza\\\/#article\",\"isPartOf\":{\"@id\":\"https:\\\/\\\/www.bellunopress.it\\\/2021\\\/08\\\/01\\\/presentato-il-42mo-palio-di-feltre-parola-dordine-sicurezza\\\/\"},\"author\":{\"name\":\"redazione\",\"@id\":\"https:\\\/\\\/www.bellunopress.it\\\/#\\\/schema\\\/person\\\/79bb06722b37ece1c03d3e94beb30d73\"},\"headline\":\"Presentato il 42mo Palio di Feltre. Parola d&#8217;ordine, sicurezza\",\"datePublished\":\"2021-08-01T12:50:35+00:00\",\"dateModified\":\"2021-08-01T12:50:37+00:00\",\"mainEntityOfPage\":{\"@id\":\"https:\\\/\\\/www.bellunopress.it\\\/2021\\\/08\\\/01\\\/presentato-il-42mo-palio-di-feltre-parola-dordine-sicurezza\\\/\"},\"wordCount\":360,\"publisher\":{\"@id\":\"https:\\\/\\\/www.bellunopress.it\\\/#organization\"},\"image\":{\"@id\":\"https:\\\/\\\/www.bellunopress.it\\\/2021\\\/08\\\/01\\\/presentato-il-42mo-palio-di-feltre-parola-dordine-sicurezza\\\/#primaryimage\"},\"thumbnailUrl\":\"https:\\\/\\\/www.bellunopress.it\\\/wp-content\\\/uploads\\\/2021\\\/08\\\/Palio-Feltre-foto-Mario-Carazzai_edited.jpg\",\"articleSection\":[\"Arte, Cultura, Spettacoli, Scienza\",\"Pausa Caff\u00e8\"],\"inLanguage\":\"fr-FR\"},{\"@type\":\"WebPage\",\"@id\":\"https:\\\/\\\/www.bellunopress.it\\\/2021\\\/08\\\/01\\\/presentato-il-42mo-palio-di-feltre-parola-dordine-sicurezza\\\/\",\"url\":\"https:\\\/\\\/www.bellunopress.it\\\/2021\\\/08\\\/01\\\/presentato-il-42mo-palio-di-feltre-parola-dordine-sicurezza\\\/\",\"name\":\"Presentato il 42mo Palio di Feltre. Parola d'ordine, sicurezza - Bellunopress - Dolomiti\",\"isPartOf\":{\"@id\":\"https:\\\/\\\/www.bellunopress.it\\\/#website\"},\"primaryImageOfPage\":{\"@id\":\"https:\\\/\\\/www.bellunopress.it\\\/2021\\\/08\\\/01\\\/presentato-il-42mo-palio-di-feltre-parola-dordine-sicurezza\\\/#primaryimage\"},\"image\":{\"@id\":\"https:\\\/\\\/www.bellunopress.it\\\/2021\\\/08\\\/01\\\/presentato-il-42mo-palio-di-feltre-parola-dordine-sicurezza\\\/#primaryimage\"},\"thumbnailUrl\":\"https:\\\/\\\/www.bellunopress.it\\\/wp-content\\\/uploads\\\/2021\\\/08\\\/Palio-Feltre-foto-Mario-Carazzai_edited.jpg\",\"datePublished\":\"2021-08-01T12:50:35+00:00\",\"dateModified\":\"2021-08-01T12:50:37+00:00\",\"breadcrumb\":{\"@id\":\"https:\\\/\\\/www.bellunopress.it\\\/2021\\\/08\\\/01\\\/presentato-il-42mo-palio-di-feltre-parola-dordine-sicurezza\\\/#breadcrumb\"},\"inLanguage\":\"fr-FR\",\"potentialAction\":[{\"@type\":\"ReadAction\",\"target\":[\"https:\\\/\\\/www.bellunopress.it\\\/2021\\\/08\\\/01\\\/presentato-il-42mo-palio-di-feltre-parola-dordine-sicurezza\\\/\"]}]},{\"@type\":\"ImageObject\",\"inLanguage\":\"fr-FR\",\"@id\":\"https:\\\/\\\/www.bellunopress.it\\\/2021\\\/08\\\/01\\\/presentato-il-42mo-palio-di-feltre-parola-dordine-sicurezza\\\/#primaryimage\",\"url\":\"https:\\\/\\\/www.bellunopress.it\\\/wp-content\\\/uploads\\\/2021\\\/08\\\/Palio-Feltre-foto-Mario-Carazzai_edited.jpg\",\"contentUrl\":\"https:\\\/\\\/www.bellunopress.it\\\/wp-content\\\/uploads\\\/2021\\\/08\\\/Palio-Feltre-foto-Mario-Carazzai_edited.jpg\",\"width\":800,\"height\":533,\"caption\":\"Palio di Feltre (Foto: Mario Carazzai)\"},{\"@type\":\"BreadcrumbList\",\"@id\":\"https:\\\/\\\/www.bellunopress.it\\\/2021\\\/08\\\/01\\\/presentato-il-42mo-palio-di-feltre-parola-dordine-sicurezza\\\/#breadcrumb\",\"itemListElement\":[{\"@type\":\"ListItem\",\"position\":1,\"name\":\"Home\",\"item\":\"https:\\\/\\\/www.bellunopress.it\\\/\"},{\"@type\":\"ListItem\",\"position\":2,\"name\":\"Presentato il 42mo Palio di Feltre. Parola d&#8217;ordine, sicurezza\"}]},{\"@type\":\"WebSite\",\"@id\":\"https:\\\/\\\/www.bellunopress.it\\\/#website\",\"url\":\"https:\\\/\\\/www.bellunopress.it\\\/\",\"name\":\"Bellunopress - Dolomiti\",\"description\":\"e-mail: redazione@bellunopress.it\",\"publisher\":{\"@id\":\"https:\\\/\\\/www.bellunopress.it\\\/#organization\"},\"potentialAction\":[{\"@type\":\"SearchAction\",\"target\":{\"@type\":\"EntryPoint\",\"urlTemplate\":\"https:\\\/\\\/www.bellunopress.it\\\/?s={search_term_string}\"},\"query-input\":{\"@type\":\"PropertyValueSpecification\",\"valueRequired\":true,\"valueName\":\"search_term_string\"}}],\"inLanguage\":\"fr-FR\"},{\"@type\":\"Organization\",\"@id\":\"https:\\\/\\\/www.bellunopress.it\\\/#organization\",\"name\":\"Bellunopress\",\"url\":\"https:\\\/\\\/www.bellunopress.it\\\/\",\"logo\":{\"@type\":\"ImageObject\",\"inLanguage\":\"fr-FR\",\"@id\":\"https:\\\/\\\/www.bellunopress.it\\\/#\\\/schema\\\/logo\\\/image\\\/\",\"url\":\"https:\\\/\\\/www.bellunopress.it\\\/wp-content\\\/uploads\\\/2011\\\/05\\\/cropped-logo-bellunopress-.jpg\",\"contentUrl\":\"https:\\\/\\\/www.bellunopress.it\\\/wp-content\\\/uploads\\\/2011\\\/05\\\/cropped-logo-bellunopress-.jpg\",\"width\":512,\"height\":512,\"caption\":\"Bellunopress\"},\"image\":{\"@id\":\"https:\\\/\\\/www.bellunopress.it\\\/#\\\/schema\\\/logo\\\/image\\\/\"},\"sameAs\":[\"https:\\\/\\\/www.facebook.com\\\/profile.php?id=100008943462799\",\"https:\\\/\\\/x.com\\\/bellunopress\",\"https:\\\/\\\/www.linkedin.com\\\/hp\\\/?dnr=JBzUWaJfMUw8vbXJJ2tVW5-I3jZKvC4wsoxE&amp;amp;amp;amp;amp;amp;trk=nav_responsive_tab_home\",\"https:\\\/\\\/www.youtube.com\\\/channel\\\/UCxL0wu1uN0_3_7hGG0306cw\"]},{\"@type\":\"Person\",\"@id\":\"https:\\\/\\\/www.bellunopress.it\\\/#\\\/schema\\\/person\\\/79bb06722b37ece1c03d3e94beb30d73\",\"name\":\"redazione\",\"image\":{\"@type\":\"ImageObject\",\"inLanguage\":\"fr-FR\",\"@id\":\"https:\\\/\\\/secure.gravatar.com\\\/avatar\\\/37d968a2e67a6fd04c169c4bdef102d0bc5d31b2546345219e348575eb80e9a0?s=96&d=mm&r=g\",\"url\":\"https:\\\/\\\/secure.gravatar.com\\\/avatar\\\/37d968a2e67a6fd04c169c4bdef102d0bc5d31b2546345219e348575eb80e9a0?s=96&d=mm&r=g\",\"contentUrl\":\"https:\\\/\\\/secure.gravatar.com\\\/avatar\\\/37d968a2e67a6fd04c169c4bdef102d0bc5d31b2546345219e348575eb80e9a0?s=96&d=mm&r=g\",\"caption\":\"redazione\"},\"sameAs\":[\"http:\\\/\\\/www.bellunopress.it\",\"https:\\\/\\\/x.com\\\/bellunopress\"],\"url\":\"https:\\\/\\\/www.bellunopress.it\\\/fr\\\/author\\\/redazione\\\/\"}]}<\/script>\n<!-- \/ Yoast SEO plugin. -->","yoast_head_json":{"title":"Presentato il 42mo Palio di Feltre. Parola d'ordine, sicurezza - Bellunopress - Dolomiti","robots":{"index":"index","follow":"follow","max-snippet":"max-snippet:-1","max-image-preview":"max-image-preview:large","max-video-preview":"max-video-preview:-1"},"canonical":"https:\/\/www.bellunopress.it\/fr\/2021\/08\/01\/presentato-il-42mo-palio-di-feltre-parola-dordine-sicurezza\/","og_locale":"fr_FR","og_type":"article","og_title":"Presentato il 42mo Palio di Feltre. Parola d'ordine, sicurezza - Bellunopress - Dolomiti","og_description":"Presentato il quarantaduesimo Palio di Feltre nella cornice di piazza Maggiore. Un Palio fortemente voluto dall\u2019associazione guidata dal presidente Eugenio Tamburrino e dai quattro quartieri, sostenuti dagli oltre mille volontari che hanno voluto ripartire e presentare un\u2019edizione il pi\u00f9 possibile vicina a quelle vissute in epoca precovid. La parola d\u2019ordine sar\u00e0 sicurezza e attenzione, perch\u00e9 [&hellip;]","og_url":"https:\/\/www.bellunopress.it\/fr\/2021\/08\/01\/presentato-il-42mo-palio-di-feltre-parola-dordine-sicurezza\/","og_site_name":"Bellunopress - Dolomiti","article_publisher":"https:\/\/www.facebook.com\/profile.php?id=100008943462799","article_published_time":"2021-08-01T12:50:35+00:00","article_modified_time":"2021-08-01T12:50:37+00:00","og_image":[{"width":800,"height":533,"url":"https:\/\/www.bellunopress.it\/wp-content\/uploads\/2021\/08\/Palio-Feltre-foto-Mario-Carazzai_edited.jpg","type":"image\/jpeg"}],"author":"redazione","twitter_card":"summary_large_image","twitter_creator":"@bellunopress","twitter_site":"@bellunopress","twitter_misc":{"\u00c9crit par":"redazione","Dur\u00e9e de lecture estim\u00e9e":"2 minutes"},"schema":{"@context":"https:\/\/schema.org","@graph":[{"@type":"Article","@id":"https:\/\/www.bellunopress.it\/2021\/08\/01\/presentato-il-42mo-palio-di-feltre-parola-dordine-sicurezza\/#article","isPartOf":{"@id":"https:\/\/www.bellunopress.it\/2021\/08\/01\/presentato-il-42mo-palio-di-feltre-parola-dordine-sicurezza\/"},"author":{"name":"redazione","@id":"https:\/\/www.bellunopress.it\/#\/schema\/person\/79bb06722b37ece1c03d3e94beb30d73"},"headline":"Presentato il 42mo Palio di Feltre. Parola d&#8217;ordine, sicurezza","datePublished":"2021-08-01T12:50:35+00:00","dateModified":"2021-08-01T12:50:37+00:00","mainEntityOfPage":{"@id":"https:\/\/www.bellunopress.it\/2021\/08\/01\/presentato-il-42mo-palio-di-feltre-parola-dordine-sicurezza\/"},"wordCount":360,"publisher":{"@id":"https:\/\/www.bellunopress.it\/#organization"},"image":{"@id":"https:\/\/www.bellunopress.it\/2021\/08\/01\/presentato-il-42mo-palio-di-feltre-parola-dordine-sicurezza\/#primaryimage"},"thumbnailUrl":"https:\/\/www.bellunopress.it\/wp-content\/uploads\/2021\/08\/Palio-Feltre-foto-Mario-Carazzai_edited.jpg","articleSection":["Arte, Cultura, Spettacoli, Scienza","Pausa Caff\u00e8"],"inLanguage":"fr-FR"},{"@type":"WebPage","@id":"https:\/\/www.bellunopress.it\/2021\/08\/01\/presentato-il-42mo-palio-di-feltre-parola-dordine-sicurezza\/","url":"https:\/\/www.bellunopress.it\/2021\/08\/01\/presentato-il-42mo-palio-di-feltre-parola-dordine-sicurezza\/","name":"Presentato il 42mo Palio di Feltre. Parola d'ordine, sicurezza - Bellunopress - Dolomiti","isPartOf":{"@id":"https:\/\/www.bellunopress.it\/#website"},"primaryImageOfPage":{"@id":"https:\/\/www.bellunopress.it\/2021\/08\/01\/presentato-il-42mo-palio-di-feltre-parola-dordine-sicurezza\/#primaryimage"},"image":{"@id":"https:\/\/www.bellunopress.it\/2021\/08\/01\/presentato-il-42mo-palio-di-feltre-parola-dordine-sicurezza\/#primaryimage"},"thumbnailUrl":"https:\/\/www.bellunopress.it\/wp-content\/uploads\/2021\/08\/Palio-Feltre-foto-Mario-Carazzai_edited.jpg","datePublished":"2021-08-01T12:50:35+00:00","dateModified":"2021-08-01T12:50:37+00:00","breadcrumb":{"@id":"https:\/\/www.bellunopress.it\/2021\/08\/01\/presentato-il-42mo-palio-di-feltre-parola-dordine-sicurezza\/#breadcrumb"},"inLanguage":"fr-FR","potentialAction":[{"@type":"ReadAction","target":["https:\/\/www.bellunopress.it\/2021\/08\/01\/presentato-il-42mo-palio-di-feltre-parola-dordine-sicurezza\/"]}]},{"@type":"ImageObject","inLanguage":"fr-FR","@id":"https:\/\/www.bellunopress.it\/2021\/08\/01\/presentato-il-42mo-palio-di-feltre-parola-dordine-sicurezza\/#primaryimage","url":"https:\/\/www.bellunopress.it\/wp-content\/uploads\/2021\/08\/Palio-Feltre-foto-Mario-Carazzai_edited.jpg","contentUrl":"https:\/\/www.bellunopress.it\/wp-content\/uploads\/2021\/08\/Palio-Feltre-foto-Mario-Carazzai_edited.jpg","width":800,"height":533,"caption":"Palio di Feltre (Foto: Mario Carazzai)"},{"@type":"BreadcrumbList","@id":"https:\/\/www.bellunopress.it\/2021\/08\/01\/presentato-il-42mo-palio-di-feltre-parola-dordine-sicurezza\/#breadcrumb","itemListElement":[{"@type":"ListItem","position":1,"name":"Home","item":"https:\/\/www.bellunopress.it\/"},{"@type":"ListItem","position":2,"name":"Presentato il 42mo Palio di Feltre. Parola d&#8217;ordine, sicurezza"}]},{"@type":"WebSite","@id":"https:\/\/www.bellunopress.it\/#website","url":"https:\/\/www.bellunopress.it\/","name":"Bellunopress - Dolomiti","description":"e-mail: redazione@bellunopress.it","publisher":{"@id":"https:\/\/www.bellunopress.it\/#organization"},"potentialAction":[{"@type":"SearchAction","target":{"@type":"EntryPoint","urlTemplate":"https:\/\/www.bellunopress.it\/?s={search_term_string}"},"query-input":{"@type":"PropertyValueSpecification","valueRequired":true,"valueName":"search_term_string"}}],"inLanguage":"fr-FR"},{"@type":"Organization","@id":"https:\/\/www.bellunopress.it\/#organization","name":"Bellunopress","url":"https:\/\/www.bellunopress.it\/","logo":{"@type":"ImageObject","inLanguage":"fr-FR","@id":"https:\/\/www.bellunopress.it\/#\/schema\/logo\/image\/","url":"https:\/\/www.bellunopress.it\/wp-content\/uploads\/2011\/05\/cropped-logo-bellunopress-.jpg","contentUrl":"https:\/\/www.bellunopress.it\/wp-content\/uploads\/2011\/05\/cropped-logo-bellunopress-.jpg","width":512,"height":512,"caption":"Bellunopress"},"image":{"@id":"https:\/\/www.bellunopress.it\/#\/schema\/logo\/image\/"},"sameAs":["https:\/\/www.facebook.com\/profile.php?id=100008943462799","https:\/\/x.com\/bellunopress","https:\/\/www.linkedin.com\/hp\/?dnr=JBzUWaJfMUw8vbXJJ2tVW5-I3jZKvC4wsoxE&amp;amp;amp;amp;amp;amp;trk=nav_responsive_tab_home","https:\/\/www.youtube.com\/channel\/UCxL0wu1uN0_3_7hGG0306cw"]},{"@type":"Person","@id":"https:\/\/www.bellunopress.it\/#\/schema\/person\/79bb06722b37ece1c03d3e94beb30d73","name":"r\u00e9daction","image":{"@type":"ImageObject","inLanguage":"fr-FR","@id":"https:\/\/secure.gravatar.com\/avatar\/37d968a2e67a6fd04c169c4bdef102d0bc5d31b2546345219e348575eb80e9a0?s=96&d=mm&r=g","url":"https:\/\/secure.gravatar.com\/avatar\/37d968a2e67a6fd04c169c4bdef102d0bc5d31b2546345219e348575eb80e9a0?s=96&d=mm&r=g","contentUrl":"https:\/\/secure.gravatar.com\/avatar\/37d968a2e67a6fd04c169c4bdef102d0bc5d31b2546345219e348575eb80e9a0?s=96&d=mm&r=g","caption":"redazione"},"sameAs":["http:\/\/www.bellunopress.it","https:\/\/x.com\/bellunopress"],"url":"https:\/\/www.bellunopress.it\/fr\/author\/redazione\/"}]}},"_links":{"self":[{"href":"https:\/\/www.bellunopress.it\/fr\/wp-json\/wp\/v2\/posts\/126529","targetHints":{"allow":["GET"]}}],"collection":[{"href":"https:\/\/www.bellunopress.it\/fr\/wp-json\/wp\/v2\/posts"}],"about":[{"href":"https:\/\/www.bellunopress.it\/fr\/wp-json\/wp\/v2\/types\/post"}],"author":[{"embeddable":true,"href":"https:\/\/www.bellunopress.it\/fr\/wp-json\/wp\/v2\/users\/2"}],"replies":[{"embeddable":true,"href":"https:\/\/www.bellunopress.it\/fr\/wp-json\/wp\/v2\/comments?post=126529"}],"version-history":[{"count":2,"href":"https:\/\/www.bellunopress.it\/fr\/wp-json\/wp\/v2\/posts\/126529\/revisions"}],"predecessor-version":[{"id":126532,"href":"https:\/\/www.bellunopress.it\/fr\/wp-json\/wp\/v2\/posts\/126529\/revisions\/126532"}],"wp:featuredmedia":[{"embeddable":true,"href":"https:\/\/www.bellunopress.it\/fr\/wp-json\/wp\/v2\/media\/126530"}],"wp:attachment":[{"href":"https:\/\/www.bellunopress.it\/fr\/wp-json\/wp\/v2\/media?parent=126529"}],"wp:term":[{"taxonomy":"category","embeddable":true,"href":"https:\/\/www.bellunopress.it\/fr\/wp-json\/wp\/v2\/categories?post=126529"},{"taxonomy":"post_tag","embeddable":true,"href":"https:\/\/www.bellunopress.it\/fr\/wp-json\/wp\/v2\/tags?post=126529"}],"curies":[{"name":"wp","href":"https:\/\/api.w.org\/{rel}","templated":true}]}}