{"id":126520,"date":"2021-07-31T21:59:05","date_gmt":"2021-07-31T19:59:05","guid":{"rendered":"https:\/\/www.bellunopress.it\/?p=126520"},"modified":"2021-07-31T22:03:24","modified_gmt":"2021-07-31T20:03:24","slug":"palio-di-feltre-obbligo-del-green-pass","status":"publish","type":"post","link":"https:\/\/www.bellunopress.it\/fr\/2021\/07\/31\/palio-di-feltre-obbligo-del-green-pass\/","title":{"rendered":"Palio di Feltre: obbligo del Green Pass"},"content":{"rendered":"<p><a href=\"https:\/\/www.bellunopress.it\/fr\/2021\/07\/31\/palio-di-feltre-obbligo-del-green-pass\/palio-di-feltre-2\/\" rel=\"attachment wp-att-126521\"><img loading=\"lazy\" decoding=\"async\" class=\"alignleft size-full wp-image-126521\" src=\"https:\/\/www.bellunopress.it\/wp-content\/uploads\/2021\/07\/palio-di-feltre.jpg\" alt=\"\" width=\"497\" height=\"599\" srcset=\"https:\/\/www.bellunopress.it\/wp-content\/uploads\/2021\/07\/palio-di-feltre.jpg 497w, https:\/\/www.bellunopress.it\/wp-content\/uploads\/2021\/07\/palio-di-feltre-415x500.jpg 415w, https:\/\/www.bellunopress.it\/wp-content\/uploads\/2021\/07\/palio-di-feltre-348x420.jpg 348w\" sizes=\"auto, (max-width: 497px) 100vw, 497px\" \/><\/a>L\u2019Ulss Dolomiti ha accolto la richiesta dell\u2019Associazione Palio Citt\u00e0 di Feltre per il supporto all\u2019organizzazione della tradizionale rievocazione storica della donazione di Feltre a Venezia che si terr\u00e0 a Feltre il 6-7-8 agosto 2021.<\/p>\n<p>Gli organizzatori e il Comune di Feltre, in collaborazione con l\u2019Ulss Dolomiti, stanno curando i dettagli per vivere una manifestazione in sicurezza.<br \/>\nA tutto il corteo storico con figuranti e sbandieratori della Citt\u00e0 di Feltre e dei quattro Quartieri, agli atleti, agli organizzatori e ai numerosi volontari che rendono possibile l\u2019immersione della cittadella nell\u2019epoca medievale (dagli addetti ai ristori agli addetti alla sicurezza) sar\u00e0 chiesto il Green Pass, cos\u00ec come al pubblico.<\/p>\n<p>Inoltre, sono state organizzate da tempo sedute ad hoc di tamponi di screening.<br \/>\nL\u2019Ulss Dolomiti sar\u00e0 presente con un punto tamponi nella sede del Dipartimento di Prevenzione a Borgo Ruga a Feltre, per assicurare l\u2019esecuzione dei tamponi rapidi ai numerosi \u201caddetti ai lavori\u201d.<br \/>\nPrimo appuntamento sabato 31 luglio dalle 14.00 alle 16.00 con i tamponi per sbandieratori e tamburini in vista della sfida della Cernide prevista in serata, in modo che possa essere davvero una festa vissuta in serenit\u00e0.<\/p>\n<p>Il team tamponi dell\u2019Ulss Dolomiti sar\u00e0 poi operativo nella sede di Borgo Ruga:<\/p>\n<p>\u2022 gioved\u00ec 5 agosto, dalle 14.00 alle 16.00 \u2013 per sbandieratori e tamburini<br \/>\n\u2022 venerd\u00ec 6 agosto, dalle 9.30 alle 12.00 \u2013 per addetti ai ristori<br \/>\n\u2022 sabato 7 agosto, dalle 9.30 alle 12.00 e dalle 13.30 alle 15.00 \u2013 addetti ai lavori e pubblico con ACCESSO LIBERO<br \/>\n\u2022 domenica 8 agosto, dalle ore 9.00 alle 13.00 \u2013 addetti ai lavori e pubblico con ACCESSO LIBERO<\/p>\n<p>Sono stati invitati a fare il tampone i numerosi sbandieratori, tamburini, figuranti, personale della sicurezza, addetti ai ristori e addetti ad accrediti e volontari. Inoltre, nelle giornate di sabato e domenica potr\u00e0 fare il tampone anche chi parteciper\u00e0 come pubblico all\u2019evento.<\/p>\n<p>\u201cSiamo molto riconoscenti \u2013 ha affermato il Presidente dell\u2019Associazione Palio, Eugenio Tamburrino &#8211; alla Direzione Strategica e a tutto il personale dell\u2019Ulss 1 Dolomiti, perch\u00e9 abbiamo potuto toccare con mano, lavorando fianco a fianco con loro, la passione per il loro valore e la ferma volont\u00e0 di mettersi in dialogo con il territorio, sapendone cogliere le particolarit\u00e0. Da parte nostra, stiamo lavorando da mesi per poter davvero vivere la nostra festa in sicurezza, e sapere di poter contare sul supporto del Dipartimento di Prevenzione della nostra Azienda Sanitaria ci ha molto confortato. A tutti gli operatori che saranno impegnati in questi giorni e anche a tutti i volontari che stanno assicurando la massima collaborazione per la migliore riuscita, in sicurezza, della manifestazione, va il grazie di tutto il mondo del Palio e di tutta la comunit\u00e0 feltrina\u201d.<\/p>\n<p>&nbsp;<\/p>","protected":false},"excerpt":{"rendered":"<p>L\u2019Ulss Dolomiti ha accolto la richiesta dell\u2019Associazione Palio Citt\u00e0 di Feltre per il supporto all\u2019organizzazione della tradizionale rievocazione storica della donazione di Feltre a Venezia che si terr\u00e0 a Feltre il 6-7-8 agosto 2021. Gli organizzatori e il Comune di Feltre, in collaborazione con l\u2019Ulss Dolomiti, stanno curando i dettagli per vivere una manifestazione in [&hellip;]<\/p>\n","protected":false},"author":2,"featured_media":126521,"comment_status":"closed","ping_status":"open","sticky":false,"template":"","format":"standard","meta":{"footnotes":""},"categories":[3,3446,25],"tags":[],"class_list":["post-126520","post","type-post","status-publish","format-standard","has-post-thumbnail","category-arte-cultura-spettacoli-scienza-archivi","category-featured","category-pausa-caffe"],"yoast_head":"<!-- This site is optimized with the Yoast SEO plugin v28.4 - https:\/\/yoast.com\/product\/yoast-seo-wordpress\/ -->\n<title>Palio di Feltre: obbligo del Green Pass - Bellunopress - Dolomiti<\/title>\n<meta name=\"robots\" content=\"index, follow, max-snippet:-1, max-image-preview:large, max-video-preview:-1\" \/>\n<link rel=\"canonical\" href=\"https:\/\/www.bellunopress.it\/fr\/2021\/07\/31\/palio-di-feltre-obbligo-del-green-pass\/\" \/>\n<meta property=\"og:locale\" content=\"fr_FR\" \/>\n<meta property=\"og:type\" content=\"article\" \/>\n<meta property=\"og:title\" content=\"Palio di Feltre: obbligo del Green Pass - Bellunopress - Dolomiti\" \/>\n<meta property=\"og:description\" content=\"L\u2019Ulss Dolomiti ha accolto la richiesta dell\u2019Associazione Palio Citt\u00e0 di Feltre per il supporto all\u2019organizzazione della tradizionale rievocazione storica della donazione di Feltre a Venezia che si terr\u00e0 a Feltre il 6-7-8 agosto 2021. Gli organizzatori e il Comune di Feltre, in collaborazione con l\u2019Ulss Dolomiti, stanno curando i dettagli per vivere una manifestazione in [&hellip;]\" \/>\n<meta property=\"og:url\" content=\"https:\/\/www.bellunopress.it\/fr\/2021\/07\/31\/palio-di-feltre-obbligo-del-green-pass\/\" \/>\n<meta property=\"og:site_name\" content=\"Bellunopress - Dolomiti\" \/>\n<meta property=\"article:publisher\" content=\"https:\/\/www.facebook.com\/profile.php?id=100008943462799\" \/>\n<meta property=\"article:published_time\" content=\"2021-07-31T19:59:05+00:00\" \/>\n<meta property=\"article:modified_time\" content=\"2021-07-31T20:03:24+00:00\" \/>\n<meta property=\"og:image\" content=\"https:\/\/www.bellunopress.it\/wp-content\/uploads\/2021\/07\/palio-di-feltre.jpg\" \/>\n\t<meta property=\"og:image:width\" content=\"497\" \/>\n\t<meta property=\"og:image:height\" content=\"599\" \/>\n\t<meta property=\"og:image:type\" content=\"image\/jpeg\" \/>\n<meta name=\"author\" content=\"redazione\" \/>\n<meta name=\"twitter:card\" content=\"summary_large_image\" \/>\n<meta name=\"twitter:creator\" content=\"@bellunopress\" \/>\n<meta name=\"twitter:site\" content=\"@bellunopress\" \/>\n<meta name=\"twitter:label1\" content=\"\u00c9crit par\" \/>\n\t<meta name=\"twitter:data1\" content=\"redazione\" \/>\n\t<meta name=\"twitter:label2\" content=\"Dur\u00e9e de lecture estim\u00e9e\" \/>\n\t<meta name=\"twitter:data2\" content=\"3 minutes\" \/>\n<script type=\"application\/ld+json\" class=\"yoast-schema-graph\">{\"@context\":\"https:\\\/\\\/schema.org\",\"@graph\":[{\"@type\":\"Article\",\"@id\":\"https:\\\/\\\/www.bellunopress.it\\\/2021\\\/07\\\/31\\\/palio-di-feltre-obbligo-del-green-pass\\\/#article\",\"isPartOf\":{\"@id\":\"https:\\\/\\\/www.bellunopress.it\\\/2021\\\/07\\\/31\\\/palio-di-feltre-obbligo-del-green-pass\\\/\"},\"author\":{\"name\":\"redazione\",\"@id\":\"https:\\\/\\\/www.bellunopress.it\\\/#\\\/schema\\\/person\\\/79bb06722b37ece1c03d3e94beb30d73\"},\"headline\":\"Palio di Feltre: obbligo del Green Pass\",\"datePublished\":\"2021-07-31T19:59:05+00:00\",\"dateModified\":\"2021-07-31T20:03:24+00:00\",\"mainEntityOfPage\":{\"@id\":\"https:\\\/\\\/www.bellunopress.it\\\/2021\\\/07\\\/31\\\/palio-di-feltre-obbligo-del-green-pass\\\/\"},\"wordCount\":435,\"publisher\":{\"@id\":\"https:\\\/\\\/www.bellunopress.it\\\/#organization\"},\"image\":{\"@id\":\"https:\\\/\\\/www.bellunopress.it\\\/2021\\\/07\\\/31\\\/palio-di-feltre-obbligo-del-green-pass\\\/#primaryimage\"},\"thumbnailUrl\":\"https:\\\/\\\/www.bellunopress.it\\\/wp-content\\\/uploads\\\/2021\\\/07\\\/palio-di-feltre.jpg\",\"articleSection\":[\"Arte, Cultura, Spettacoli, Scienza\",\"Featured\",\"Pausa Caff\u00e8\"],\"inLanguage\":\"fr-FR\"},{\"@type\":\"WebPage\",\"@id\":\"https:\\\/\\\/www.bellunopress.it\\\/2021\\\/07\\\/31\\\/palio-di-feltre-obbligo-del-green-pass\\\/\",\"url\":\"https:\\\/\\\/www.bellunopress.it\\\/2021\\\/07\\\/31\\\/palio-di-feltre-obbligo-del-green-pass\\\/\",\"name\":\"Palio di Feltre: obbligo del Green Pass - Bellunopress - Dolomiti\",\"isPartOf\":{\"@id\":\"https:\\\/\\\/www.bellunopress.it\\\/#website\"},\"primaryImageOfPage\":{\"@id\":\"https:\\\/\\\/www.bellunopress.it\\\/2021\\\/07\\\/31\\\/palio-di-feltre-obbligo-del-green-pass\\\/#primaryimage\"},\"image\":{\"@id\":\"https:\\\/\\\/www.bellunopress.it\\\/2021\\\/07\\\/31\\\/palio-di-feltre-obbligo-del-green-pass\\\/#primaryimage\"},\"thumbnailUrl\":\"https:\\\/\\\/www.bellunopress.it\\\/wp-content\\\/uploads\\\/2021\\\/07\\\/palio-di-feltre.jpg\",\"datePublished\":\"2021-07-31T19:59:05+00:00\",\"dateModified\":\"2021-07-31T20:03:24+00:00\",\"breadcrumb\":{\"@id\":\"https:\\\/\\\/www.bellunopress.it\\\/2021\\\/07\\\/31\\\/palio-di-feltre-obbligo-del-green-pass\\\/#breadcrumb\"},\"inLanguage\":\"fr-FR\",\"potentialAction\":[{\"@type\":\"ReadAction\",\"target\":[\"https:\\\/\\\/www.bellunopress.it\\\/2021\\\/07\\\/31\\\/palio-di-feltre-obbligo-del-green-pass\\\/\"]}]},{\"@type\":\"ImageObject\",\"inLanguage\":\"fr-FR\",\"@id\":\"https:\\\/\\\/www.bellunopress.it\\\/2021\\\/07\\\/31\\\/palio-di-feltre-obbligo-del-green-pass\\\/#primaryimage\",\"url\":\"https:\\\/\\\/www.bellunopress.it\\\/wp-content\\\/uploads\\\/2021\\\/07\\\/palio-di-feltre.jpg\",\"contentUrl\":\"https:\\\/\\\/www.bellunopress.it\\\/wp-content\\\/uploads\\\/2021\\\/07\\\/palio-di-feltre.jpg\",\"width\":497,\"height\":599},{\"@type\":\"BreadcrumbList\",\"@id\":\"https:\\\/\\\/www.bellunopress.it\\\/2021\\\/07\\\/31\\\/palio-di-feltre-obbligo-del-green-pass\\\/#breadcrumb\",\"itemListElement\":[{\"@type\":\"ListItem\",\"position\":1,\"name\":\"Home\",\"item\":\"https:\\\/\\\/www.bellunopress.it\\\/\"},{\"@type\":\"ListItem\",\"position\":2,\"name\":\"Palio di Feltre: obbligo del Green Pass\"}]},{\"@type\":\"WebSite\",\"@id\":\"https:\\\/\\\/www.bellunopress.it\\\/#website\",\"url\":\"https:\\\/\\\/www.bellunopress.it\\\/\",\"name\":\"Bellunopress - Dolomiti\",\"description\":\"e-mail: redazione@bellunopress.it\",\"publisher\":{\"@id\":\"https:\\\/\\\/www.bellunopress.it\\\/#organization\"},\"potentialAction\":[{\"@type\":\"SearchAction\",\"target\":{\"@type\":\"EntryPoint\",\"urlTemplate\":\"https:\\\/\\\/www.bellunopress.it\\\/?s={search_term_string}\"},\"query-input\":{\"@type\":\"PropertyValueSpecification\",\"valueRequired\":true,\"valueName\":\"search_term_string\"}}],\"inLanguage\":\"fr-FR\"},{\"@type\":\"Organization\",\"@id\":\"https:\\\/\\\/www.bellunopress.it\\\/#organization\",\"name\":\"Bellunopress\",\"url\":\"https:\\\/\\\/www.bellunopress.it\\\/\",\"logo\":{\"@type\":\"ImageObject\",\"inLanguage\":\"fr-FR\",\"@id\":\"https:\\\/\\\/www.bellunopress.it\\\/#\\\/schema\\\/logo\\\/image\\\/\",\"url\":\"https:\\\/\\\/www.bellunopress.it\\\/wp-content\\\/uploads\\\/2011\\\/05\\\/cropped-logo-bellunopress-.jpg\",\"contentUrl\":\"https:\\\/\\\/www.bellunopress.it\\\/wp-content\\\/uploads\\\/2011\\\/05\\\/cropped-logo-bellunopress-.jpg\",\"width\":512,\"height\":512,\"caption\":\"Bellunopress\"},\"image\":{\"@id\":\"https:\\\/\\\/www.bellunopress.it\\\/#\\\/schema\\\/logo\\\/image\\\/\"},\"sameAs\":[\"https:\\\/\\\/www.facebook.com\\\/profile.php?id=100008943462799\",\"https:\\\/\\\/x.com\\\/bellunopress\",\"https:\\\/\\\/www.linkedin.com\\\/hp\\\/?dnr=JBzUWaJfMUw8vbXJJ2tVW5-I3jZKvC4wsoxE&amp;amp;amp;amp;amp;amp;trk=nav_responsive_tab_home\",\"https:\\\/\\\/www.youtube.com\\\/channel\\\/UCxL0wu1uN0_3_7hGG0306cw\"]},{\"@type\":\"Person\",\"@id\":\"https:\\\/\\\/www.bellunopress.it\\\/#\\\/schema\\\/person\\\/79bb06722b37ece1c03d3e94beb30d73\",\"name\":\"redazione\",\"image\":{\"@type\":\"ImageObject\",\"inLanguage\":\"fr-FR\",\"@id\":\"https:\\\/\\\/secure.gravatar.com\\\/avatar\\\/37d968a2e67a6fd04c169c4bdef102d0bc5d31b2546345219e348575eb80e9a0?s=96&d=mm&r=g\",\"url\":\"https:\\\/\\\/secure.gravatar.com\\\/avatar\\\/37d968a2e67a6fd04c169c4bdef102d0bc5d31b2546345219e348575eb80e9a0?s=96&d=mm&r=g\",\"contentUrl\":\"https:\\\/\\\/secure.gravatar.com\\\/avatar\\\/37d968a2e67a6fd04c169c4bdef102d0bc5d31b2546345219e348575eb80e9a0?s=96&d=mm&r=g\",\"caption\":\"redazione\"},\"sameAs\":[\"http:\\\/\\\/www.bellunopress.it\",\"https:\\\/\\\/x.com\\\/bellunopress\"],\"url\":\"https:\\\/\\\/www.bellunopress.it\\\/fr\\\/author\\\/redazione\\\/\"}]}<\/script>\n<!-- \/ Yoast SEO plugin. -->","yoast_head_json":{"title":"Palio di Feltre: obbligo del Green Pass - Bellunopress - Dolomiti","robots":{"index":"index","follow":"follow","max-snippet":"max-snippet:-1","max-image-preview":"max-image-preview:large","max-video-preview":"max-video-preview:-1"},"canonical":"https:\/\/www.bellunopress.it\/fr\/2021\/07\/31\/palio-di-feltre-obbligo-del-green-pass\/","og_locale":"fr_FR","og_type":"article","og_title":"Palio di Feltre: obbligo del Green Pass - Bellunopress - Dolomiti","og_description":"L\u2019Ulss Dolomiti ha accolto la richiesta dell\u2019Associazione Palio Citt\u00e0 di Feltre per il supporto all\u2019organizzazione della tradizionale rievocazione storica della donazione di Feltre a Venezia che si terr\u00e0 a Feltre il 6-7-8 agosto 2021. Gli organizzatori e il Comune di Feltre, in collaborazione con l\u2019Ulss Dolomiti, stanno curando i dettagli per vivere una manifestazione in [&hellip;]","og_url":"https:\/\/www.bellunopress.it\/fr\/2021\/07\/31\/palio-di-feltre-obbligo-del-green-pass\/","og_site_name":"Bellunopress - Dolomiti","article_publisher":"https:\/\/www.facebook.com\/profile.php?id=100008943462799","article_published_time":"2021-07-31T19:59:05+00:00","article_modified_time":"2021-07-31T20:03:24+00:00","og_image":[{"width":497,"height":599,"url":"https:\/\/www.bellunopress.it\/wp-content\/uploads\/2021\/07\/palio-di-feltre.jpg","type":"image\/jpeg"}],"author":"redazione","twitter_card":"summary_large_image","twitter_creator":"@bellunopress","twitter_site":"@bellunopress","twitter_misc":{"\u00c9crit par":"redazione","Dur\u00e9e de lecture estim\u00e9e":"3 minutes"},"schema":{"@context":"https:\/\/schema.org","@graph":[{"@type":"Article","@id":"https:\/\/www.bellunopress.it\/2021\/07\/31\/palio-di-feltre-obbligo-del-green-pass\/#article","isPartOf":{"@id":"https:\/\/www.bellunopress.it\/2021\/07\/31\/palio-di-feltre-obbligo-del-green-pass\/"},"author":{"name":"redazione","@id":"https:\/\/www.bellunopress.it\/#\/schema\/person\/79bb06722b37ece1c03d3e94beb30d73"},"headline":"Palio di Feltre: obbligo del Green Pass","datePublished":"2021-07-31T19:59:05+00:00","dateModified":"2021-07-31T20:03:24+00:00","mainEntityOfPage":{"@id":"https:\/\/www.bellunopress.it\/2021\/07\/31\/palio-di-feltre-obbligo-del-green-pass\/"},"wordCount":435,"publisher":{"@id":"https:\/\/www.bellunopress.it\/#organization"},"image":{"@id":"https:\/\/www.bellunopress.it\/2021\/07\/31\/palio-di-feltre-obbligo-del-green-pass\/#primaryimage"},"thumbnailUrl":"https:\/\/www.bellunopress.it\/wp-content\/uploads\/2021\/07\/palio-di-feltre.jpg","articleSection":["Arte, Cultura, Spettacoli, Scienza","Featured","Pausa Caff\u00e8"],"inLanguage":"fr-FR"},{"@type":"WebPage","@id":"https:\/\/www.bellunopress.it\/2021\/07\/31\/palio-di-feltre-obbligo-del-green-pass\/","url":"https:\/\/www.bellunopress.it\/2021\/07\/31\/palio-di-feltre-obbligo-del-green-pass\/","name":"Palio di Feltre: obbligo del Green Pass - Bellunopress - Dolomiti","isPartOf":{"@id":"https:\/\/www.bellunopress.it\/#website"},"primaryImageOfPage":{"@id":"https:\/\/www.bellunopress.it\/2021\/07\/31\/palio-di-feltre-obbligo-del-green-pass\/#primaryimage"},"image":{"@id":"https:\/\/www.bellunopress.it\/2021\/07\/31\/palio-di-feltre-obbligo-del-green-pass\/#primaryimage"},"thumbnailUrl":"https:\/\/www.bellunopress.it\/wp-content\/uploads\/2021\/07\/palio-di-feltre.jpg","datePublished":"2021-07-31T19:59:05+00:00","dateModified":"2021-07-31T20:03:24+00:00","breadcrumb":{"@id":"https:\/\/www.bellunopress.it\/2021\/07\/31\/palio-di-feltre-obbligo-del-green-pass\/#breadcrumb"},"inLanguage":"fr-FR","potentialAction":[{"@type":"ReadAction","target":["https:\/\/www.bellunopress.it\/2021\/07\/31\/palio-di-feltre-obbligo-del-green-pass\/"]}]},{"@type":"ImageObject","inLanguage":"fr-FR","@id":"https:\/\/www.bellunopress.it\/2021\/07\/31\/palio-di-feltre-obbligo-del-green-pass\/#primaryimage","url":"https:\/\/www.bellunopress.it\/wp-content\/uploads\/2021\/07\/palio-di-feltre.jpg","contentUrl":"https:\/\/www.bellunopress.it\/wp-content\/uploads\/2021\/07\/palio-di-feltre.jpg","width":497,"height":599},{"@type":"BreadcrumbList","@id":"https:\/\/www.bellunopress.it\/2021\/07\/31\/palio-di-feltre-obbligo-del-green-pass\/#breadcrumb","itemListElement":[{"@type":"ListItem","position":1,"name":"Home","item":"https:\/\/www.bellunopress.it\/"},{"@type":"ListItem","position":2,"name":"Palio di Feltre: obbligo del Green Pass"}]},{"@type":"WebSite","@id":"https:\/\/www.bellunopress.it\/#website","url":"https:\/\/www.bellunopress.it\/","name":"Bellunopress - Dolomiti","description":"e-mail: redazione@bellunopress.it","publisher":{"@id":"https:\/\/www.bellunopress.it\/#organization"},"potentialAction":[{"@type":"SearchAction","target":{"@type":"EntryPoint","urlTemplate":"https:\/\/www.bellunopress.it\/?s={search_term_string}"},"query-input":{"@type":"PropertyValueSpecification","valueRequired":true,"valueName":"search_term_string"}}],"inLanguage":"fr-FR"},{"@type":"Organization","@id":"https:\/\/www.bellunopress.it\/#organization","name":"Bellunopress","url":"https:\/\/www.bellunopress.it\/","logo":{"@type":"ImageObject","inLanguage":"fr-FR","@id":"https:\/\/www.bellunopress.it\/#\/schema\/logo\/image\/","url":"https:\/\/www.bellunopress.it\/wp-content\/uploads\/2011\/05\/cropped-logo-bellunopress-.jpg","contentUrl":"https:\/\/www.bellunopress.it\/wp-content\/uploads\/2011\/05\/cropped-logo-bellunopress-.jpg","width":512,"height":512,"caption":"Bellunopress"},"image":{"@id":"https:\/\/www.bellunopress.it\/#\/schema\/logo\/image\/"},"sameAs":["https:\/\/www.facebook.com\/profile.php?id=100008943462799","https:\/\/x.com\/bellunopress","https:\/\/www.linkedin.com\/hp\/?dnr=JBzUWaJfMUw8vbXJJ2tVW5-I3jZKvC4wsoxE&amp;amp;amp;amp;amp;amp;trk=nav_responsive_tab_home","https:\/\/www.youtube.com\/channel\/UCxL0wu1uN0_3_7hGG0306cw"]},{"@type":"Person","@id":"https:\/\/www.bellunopress.it\/#\/schema\/person\/79bb06722b37ece1c03d3e94beb30d73","name":"r\u00e9daction","image":{"@type":"ImageObject","inLanguage":"fr-FR","@id":"https:\/\/secure.gravatar.com\/avatar\/37d968a2e67a6fd04c169c4bdef102d0bc5d31b2546345219e348575eb80e9a0?s=96&d=mm&r=g","url":"https:\/\/secure.gravatar.com\/avatar\/37d968a2e67a6fd04c169c4bdef102d0bc5d31b2546345219e348575eb80e9a0?s=96&d=mm&r=g","contentUrl":"https:\/\/secure.gravatar.com\/avatar\/37d968a2e67a6fd04c169c4bdef102d0bc5d31b2546345219e348575eb80e9a0?s=96&d=mm&r=g","caption":"redazione"},"sameAs":["http:\/\/www.bellunopress.it","https:\/\/x.com\/bellunopress"],"url":"https:\/\/www.bellunopress.it\/fr\/author\/redazione\/"}]}},"_links":{"self":[{"href":"https:\/\/www.bellunopress.it\/fr\/wp-json\/wp\/v2\/posts\/126520","targetHints":{"allow":["GET"]}}],"collection":[{"href":"https:\/\/www.bellunopress.it\/fr\/wp-json\/wp\/v2\/posts"}],"about":[{"href":"https:\/\/www.bellunopress.it\/fr\/wp-json\/wp\/v2\/types\/post"}],"author":[{"embeddable":true,"href":"https:\/\/www.bellunopress.it\/fr\/wp-json\/wp\/v2\/users\/2"}],"replies":[{"embeddable":true,"href":"https:\/\/www.bellunopress.it\/fr\/wp-json\/wp\/v2\/comments?post=126520"}],"version-history":[{"count":2,"href":"https:\/\/www.bellunopress.it\/fr\/wp-json\/wp\/v2\/posts\/126520\/revisions"}],"predecessor-version":[{"id":126523,"href":"https:\/\/www.bellunopress.it\/fr\/wp-json\/wp\/v2\/posts\/126520\/revisions\/126523"}],"wp:featuredmedia":[{"embeddable":true,"href":"https:\/\/www.bellunopress.it\/fr\/wp-json\/wp\/v2\/media\/126521"}],"wp:attachment":[{"href":"https:\/\/www.bellunopress.it\/fr\/wp-json\/wp\/v2\/media?parent=126520"}],"wp:term":[{"taxonomy":"category","embeddable":true,"href":"https:\/\/www.bellunopress.it\/fr\/wp-json\/wp\/v2\/categories?post=126520"},{"taxonomy":"post_tag","embeddable":true,"href":"https:\/\/www.bellunopress.it\/fr\/wp-json\/wp\/v2\/tags?post=126520"}],"curies":[{"name":"wp","href":"https:\/\/api.w.org\/{rel}","templated":true}]}}