{"id":126516,"date":"2021-07-31T18:25:29","date_gmt":"2021-07-31T16:25:29","guid":{"rendered":"https:\/\/www.bellunopress.it\/?p=126516"},"modified":"2021-07-31T22:04:18","modified_gmt":"2021-07-31T20:04:18","slug":"emergenza-salute-mentale-le-richieste-delle-associazioni-alla-ulss-dolomiti-allo-stato-e-alla-regione","status":"publish","type":"post","link":"https:\/\/www.bellunopress.it\/fr\/2021\/07\/31\/emergenza-salute-mentale-le-richieste-delle-associazioni-alla-ulss-dolomiti-allo-stato-e-alla-regione\/","title":{"rendered":"Emergenza salute mentale. Le richieste delle Associazioni alla Ulss Dolomiti, allo Stato e alla Regione"},"content":{"rendered":"<p><a href=\"https:\/\/www.bellunopress.it\/fr\/2021\/07\/31\/emergenza-salute-mentale-le-richieste-delle-associazioni-alla-ulss-dolomiti-allo-stato-e-alla-regione\/salute-mentale-associazioni-aitsam-tutti-in-campo\/\" rel=\"attachment wp-att-126517\"><img loading=\"lazy\" decoding=\"async\" class=\"alignleft size-full wp-image-126517\" src=\"https:\/\/www.bellunopress.it\/wp-content\/uploads\/2021\/07\/Salute-mentale-Associazioni-AITSaM-Tutti-in-Campo.jpg\" alt=\"\" width=\"457\" height=\"204\" \/><\/a>La salute mentale riguarda i soggetti con malattie mentali che necessitano di assistenza, ma anche la prevenzione e la protezione delle fragilit\u00e0 mentali nella comunit\u00e0, nelle persone in et\u00e0 evolutiva, negli anziani, nelle persone con disabilit\u00e0, nelle persone con dipendenze e la tempestivit\u00e0 e l&#8217;efficacia degli interventi \u00e8 fondamentale.<br \/>\nMolte persone hanno malattie mentali e molti sono anche i giovani che hanno necessit\u00e0 di<br \/>\nservizi sanitari psichiatrici. Nessuno pu\u00f2 affermare &#8220;io sono immune&#8221;. Quando non te la aspetti ti tocca da vicino. L&#8217;importante \u00e8 essere organizzati e solidali per combatterle.<\/p>\n<p>I familiari e i volontari delle Associazioni di volontariato AITSaM di Belluno e Tutti in Campo di Feltre, operativi nel Bellunese e nel Feltrino, portano all\u2019attenzione dei cittadini le rilevanti criticit\u00e0 dei Servizi nei Centri di Salute Mentale della ULSS 1 Dolomiti<br \/>\ne chiedono con forza alle istituzioni sanitarie e politiche interventi concreti a garanzia del diritto-dovere di cura delle persone pi\u00f9 fragili. Ogni carenza o disservizio infatti si riverbera oltre che sulle persone che soffrono e sulle famiglie gi\u00e0 molto provate, anche sull\u2019intera societ\u00e0 bellunese.<\/p>\n<p><strong>Le richieste delle Associazioni per il Servizio sanitario di psichiatria a Feltre e Belluno<\/strong><br \/>\nChiediamo impegni inderogabili e urgenti, in questo momento principalmente per il Distretto di Feltre, ma necessari per non depauperare, sovraccaricare e centralizzare i servizi della ULSS1 Dolomiti, che vanno erogati in modo diffuso nel territorio bellunese, vasto e montano.<\/p>\n<p><strong>Richieste a breve termine:<\/strong><br \/>\n1. Servizio Psichiatrico di Diagnosi e Cura (SPDC):<br \/>\n&#8211; Riattivare al pi\u00f9 presto per le urgenze e le acuzie il reparto di Feltre, ora sospeso.<br \/>\n2. Gravissima carenza di psichiatri nei CSM di Belluno e di Feltre:<br \/>\n&#8211; trovare una adeguata soluzione alla mancanza di tali medici, del Dirigente del Dipartimento di<br \/>\nSalute Mentale (DSM) e del primario del Centro di Salute Mentale (CSM) di Feltre, con<br \/>\nsoluzioni urgenti, anche innovative e incentivanti verso assunzioni stabili (con premialit\u00e0<br \/>\neconomiche, importanti benefici per la casa e la famiglia, compensazione per il disagio della<br \/>\ndistanza e con vincolo di permanenza pluriennale nella ULSS1), facilitando cos\u00ec anche la<br \/>\npresenza di medici specializzandi.<br \/>\n&#8211; Confidiamo che la nuova dirigenza possa portare entusiasmo e vera innovazione per la<br \/>\nprevenzione e cura dei disturbi mentali di giovani e adulti.<br \/>\n&#8211; Assumere nei Centri di Salute Mentale il personale gi\u00e0 reperibile (Psicologi, Educatori,<br \/>\nAssistenti Sociali, Terapisti della Riabilitazione, professionisti che si trovano) per supportare di pi\u00f9 i pochi medici in servizio.<br \/>\n3. Day Hospital di Feltre:<br \/>\n&#8211; Tenere sempre aperto il servizio per l&#8217;intera giornata.<br \/>\n4. Servizi psichiatrici riabilitativi nel territorio e domiciliari:<br \/>\n&#8211; Assumere una progettualit\u00e0 organizzativa mirata alla persona.<br \/>\n&#8211; Portare fuori dall\u2019area ospedaliera la Comunit\u00e0 Terapeutica Residenziale Protetta (CTRP) di<br \/>\nBelluno.<br \/>\n&#8211; Trasferire gli ospiti della Comunit\u00e0 Terapeutica Residenziale Protetta (CTRP) e del Centro Diurno (CD) di Feltre, ancora sacrificati nel vecchio ospedale psichiatrico di Borgo Ruga, in nuove strutture vicine a Feltre, dignitose e ben relazionate con il contesto urbano (come ex Braite) o nel complesso attuale, dopo adeguata e complessiva ristrutturazione. Esprimiamo netta contrariet\u00e0 all\u2019ipotizzato trasferimento di CTRP e CD a Pullir di Cesiomaggiore, essendo troppo distante dai servizi ed isolata, che non pu\u00f2 essere da noi preso in considerazione per una riabilitazione effettiva, dato che contribuirebbe all\u2019isolamento e ghettizzazione delle persone.<br \/>\nDare poi il servizio in gestione a terzi ci vede nettamente contrari.<br \/>\n&#8211; Attivare progetti riabilitativi orientati al recupero dell\u2019autonomia, promuovendo attivit\u00e0<br \/>\nlavorative, ricreative e di socializzazione sia nelle Comunit\u00e0 Alloggio che nei Centri Diurni, con adeguate risorse economiche e professionali.<br \/>\n5. Delibera Regionale che dispone di avere una Residenza Socio Sanitaria Protetta (RSSP) di 20 posti di residenzialit\u00e0 per cronici (ritenuti non riabilitabili)<br \/>\n&#8211; Trovare una soluzione organizzativa e immobiliare a quanto previsto, nel distretto di Feltre, anche se per noi il carattere riabilitativo resta fondamentale per il recupero di ogni persona, che involve se isolata e non stimolata, destinandola all\u2019oblio sociale.<br \/>\n&#8211; Trovare una soluzione adeguata e il meno traumatica possibile per l\u2019accoglimento in RSA delle persone anziane dell\u2019 ex psichiatrico, ora a Pullir, che per legge dovrebbero trovare un\u2019altra sistemazione.<\/p>\n<p><strong>Richieste nel medio periodo:<\/strong><br \/>\n1. Formazione professionale sanitaria a servizio della Psichiatria:<br \/>\n&#8211; Promuovere nell\u2019Universit\u00e0 al Campus Tina Merlin di Feltre corsi specifici per le professioni<br \/>\nsanitarie, assistenziali, educative, riferite all&#8217;ambito psichiatrico in considerazione della storia pluridecennale dell&#8217;esperienza psichiatrica di Feltre , come gi\u00e0 indicato in pi\u00f9 occasioni e rivolti non solo ai servizi nella struttura dell\u2019SPDC, ma anche ai servizi territoriali e domiciliari, da organizzare in maniera strutturata ed efficiente.<br \/>\n2. Abitare supportato<br \/>\n&#8211; Promuovere e organizzare la formula degli Appartamenti Protetti (GAP) sia con il supporto e la guida in forma continua del servizio domiciliare del Centro di Salute Mentale (CSM), sia in forma autonoma con progetti mirati all\u2019 &#8220;Abitare supportato &#8220;.<\/p>\n<p><strong>Richieste a Stato e Regione:<\/strong><br \/>\n1. Assegnare le risorse economiche spettanti per legge alla cura della Salute Mentale:<br \/>\n&#8211; Assegnare all\u2019area della Salute Mentale il 5% della spesa sanitaria, a fronte di solo il 2,5% che il Veneto assegna (la media italiana \u00e8 del 3,6%).<br \/>\n&#8211; Erogare direttamente ai Dipartimenti di Salute Mentale (DSM) il 5% del Fondo Sanitario<br \/>\nRegionale spettante alle rispettive ULSS.<br \/>\n&#8211; Programmare e finanziare immediatamente i concorsi e i corsi di specializzazione per tutti i ruoli professionali previsti nei Dipartimenti di Salute Mentale e nelle Neuro Psichiatrie Infantili.<br \/>\n2. Coinvolgere i portatori di interesse:<br \/>\n&#8211; Convocare le Associazioni di familiari ed altri portatori di interesse a supporto delle decisioni di Stato e Regione nell\u2019area della Salute Mentale<br \/>\n3. Cura e riabilitazione:<br \/>\n&#8211; Non delegare al privato (profit e no profit) Servizi e Strutture Sanitarie, in cui l\u2019aspetto clinico \u00e8 determinante se non prevalente.<br \/>\n&#8211; Promuovere la prevenzione anche attraverso formazione e aggiornamento obbligatorio delle figure professionali nei Dipartimenti di Salute Mentale, nelle Neuropsichiatrie e nei Distretti Socio Sanitari (DSS) dove viene operato un primo screening dei disturbi mentali.<br \/>\n&#8211; Puntare sulla riabilitazione delle persone, con intervento dinamico e personalizzante per le<br \/>\npersone malate e non sulla programmazione di strutture non a termine.<br \/>\n&#8211; Affrontare la falla enorme della carenza di servizi agli adolescenti sia in ambito ospedaliero, sia in ambito territoriale, da trattare nello specifico.<br \/>\n4. Attivare una programmazione mirata all\u2019aumento delle criticit\u00e0 innescate anche dalla<br \/>\npandemia:<br \/>\n&#8211; Prevenzione e cura alle persone che hanno subito grave impatto socio economico e relazionale a causa della pandemia<br \/>\n&#8211; Prevenzione e cura delle fasce giovanili che esprimono forti difficolt\u00e0 emotive e relazionali e alla comorbilit\u00e0 dovuta all\u2019uso di sostanze.<\/p>","protected":false},"excerpt":{"rendered":"<p>La salute mentale riguarda i soggetti con malattie mentali che necessitano di assistenza, ma anche la prevenzione e la protezione delle fragilit\u00e0 mentali nella comunit\u00e0, nelle persone in et\u00e0 evolutiva, negli anziani, nelle persone con disabilit\u00e0, nelle persone con dipendenze e la tempestivit\u00e0 e l&#8217;efficacia degli interventi \u00e8 fondamentale. Molte persone hanno malattie mentali e [&hellip;]<\/p>\n","protected":false},"author":2,"featured_media":126517,"comment_status":"closed","ping_status":"open","sticky":false,"template":"","format":"standard","meta":{"footnotes":""},"categories":[3446,26,17,8],"tags":[],"class_list":["post-126516","post","type-post","status-publish","format-standard","has-post-thumbnail","category-featured","category-prima-pagina","category-sanita","category-societa-istituzioni"],"yoast_head":"<!-- This site is optimized with the Yoast SEO plugin v28.4 - https:\/\/yoast.com\/product\/yoast-seo-wordpress\/ -->\n<title>Emergenza salute mentale. Le richieste delle Associazioni alla Ulss Dolomiti, allo Stato e alla Regione - Bellunopress - Dolomiti<\/title>\n<meta name=\"robots\" content=\"index, follow, max-snippet:-1, max-image-preview:large, max-video-preview:-1\" \/>\n<link rel=\"canonical\" href=\"https:\/\/www.bellunopress.it\/fr\/2021\/07\/31\/emergenza-salute-mentale-le-richieste-delle-associazioni-alla-ulss-dolomiti-allo-stato-e-alla-regione\/\" \/>\n<meta property=\"og:locale\" content=\"fr_FR\" \/>\n<meta property=\"og:type\" content=\"article\" \/>\n<meta property=\"og:title\" content=\"Emergenza salute mentale. Le richieste delle Associazioni alla Ulss Dolomiti, allo Stato e alla Regione - Bellunopress - Dolomiti\" \/>\n<meta property=\"og:description\" content=\"La salute mentale riguarda i soggetti con malattie mentali che necessitano di assistenza, ma anche la prevenzione e la protezione delle fragilit\u00e0 mentali nella comunit\u00e0, nelle persone in et\u00e0 evolutiva, negli anziani, nelle persone con disabilit\u00e0, nelle persone con dipendenze e la tempestivit\u00e0 e l&#8217;efficacia degli interventi \u00e8 fondamentale. Molte persone hanno malattie mentali e [&hellip;]\" \/>\n<meta property=\"og:url\" content=\"https:\/\/www.bellunopress.it\/fr\/2021\/07\/31\/emergenza-salute-mentale-le-richieste-delle-associazioni-alla-ulss-dolomiti-allo-stato-e-alla-regione\/\" \/>\n<meta property=\"og:site_name\" content=\"Bellunopress - Dolomiti\" \/>\n<meta property=\"article:publisher\" content=\"https:\/\/www.facebook.com\/profile.php?id=100008943462799\" \/>\n<meta property=\"article:published_time\" content=\"2021-07-31T16:25:29+00:00\" \/>\n<meta property=\"article:modified_time\" content=\"2021-07-31T20:04:18+00:00\" \/>\n<meta property=\"og:image\" content=\"https:\/\/www.bellunopress.it\/wp-content\/uploads\/2021\/07\/Salute-mentale-Associazioni-AITSaM-Tutti-in-Campo.jpg\" \/>\n\t<meta property=\"og:image:width\" content=\"457\" \/>\n\t<meta property=\"og:image:height\" content=\"204\" \/>\n\t<meta property=\"og:image:type\" content=\"image\/jpeg\" \/>\n<meta name=\"author\" content=\"redazione\" \/>\n<meta name=\"twitter:card\" content=\"summary_large_image\" \/>\n<meta name=\"twitter:creator\" content=\"@bellunopress\" \/>\n<meta name=\"twitter:site\" content=\"@bellunopress\" \/>\n<meta name=\"twitter:label1\" content=\"\u00c9crit par\" \/>\n\t<meta name=\"twitter:data1\" content=\"redazione\" \/>\n\t<meta name=\"twitter:label2\" content=\"Dur\u00e9e de lecture estim\u00e9e\" \/>\n\t<meta name=\"twitter:data2\" content=\"5 minutes\" \/>\n<script type=\"application\/ld+json\" class=\"yoast-schema-graph\">{\"@context\":\"https:\\\/\\\/schema.org\",\"@graph\":[{\"@type\":\"Article\",\"@id\":\"https:\\\/\\\/www.bellunopress.it\\\/2021\\\/07\\\/31\\\/emergenza-salute-mentale-le-richieste-delle-associazioni-alla-ulss-dolomiti-allo-stato-e-alla-regione\\\/#article\",\"isPartOf\":{\"@id\":\"https:\\\/\\\/www.bellunopress.it\\\/2021\\\/07\\\/31\\\/emergenza-salute-mentale-le-richieste-delle-associazioni-alla-ulss-dolomiti-allo-stato-e-alla-regione\\\/\"},\"author\":{\"name\":\"redazione\",\"@id\":\"https:\\\/\\\/www.bellunopress.it\\\/#\\\/schema\\\/person\\\/79bb06722b37ece1c03d3e94beb30d73\"},\"headline\":\"Emergenza salute mentale. Le richieste delle Associazioni alla Ulss Dolomiti, allo Stato e alla Regione\",\"datePublished\":\"2021-07-31T16:25:29+00:00\",\"dateModified\":\"2021-07-31T20:04:18+00:00\",\"mainEntityOfPage\":{\"@id\":\"https:\\\/\\\/www.bellunopress.it\\\/2021\\\/07\\\/31\\\/emergenza-salute-mentale-le-richieste-delle-associazioni-alla-ulss-dolomiti-allo-stato-e-alla-regione\\\/\"},\"wordCount\":1074,\"publisher\":{\"@id\":\"https:\\\/\\\/www.bellunopress.it\\\/#organization\"},\"image\":{\"@id\":\"https:\\\/\\\/www.bellunopress.it\\\/2021\\\/07\\\/31\\\/emergenza-salute-mentale-le-richieste-delle-associazioni-alla-ulss-dolomiti-allo-stato-e-alla-regione\\\/#primaryimage\"},\"thumbnailUrl\":\"https:\\\/\\\/www.bellunopress.it\\\/wp-content\\\/uploads\\\/2021\\\/07\\\/Salute-mentale-Associazioni-AITSaM-Tutti-in-Campo.jpg\",\"articleSection\":[\"Featured\",\"Prima Pagina\",\"Sanit\u00e0 Medicina\",\"Societ\u00e0, Associazioni, Istituzioni\"],\"inLanguage\":\"fr-FR\"},{\"@type\":\"WebPage\",\"@id\":\"https:\\\/\\\/www.bellunopress.it\\\/2021\\\/07\\\/31\\\/emergenza-salute-mentale-le-richieste-delle-associazioni-alla-ulss-dolomiti-allo-stato-e-alla-regione\\\/\",\"url\":\"https:\\\/\\\/www.bellunopress.it\\\/2021\\\/07\\\/31\\\/emergenza-salute-mentale-le-richieste-delle-associazioni-alla-ulss-dolomiti-allo-stato-e-alla-regione\\\/\",\"name\":\"Emergenza salute mentale. Le richieste delle Associazioni alla Ulss Dolomiti, allo Stato e alla Regione - Bellunopress - Dolomiti\",\"isPartOf\":{\"@id\":\"https:\\\/\\\/www.bellunopress.it\\\/#website\"},\"primaryImageOfPage\":{\"@id\":\"https:\\\/\\\/www.bellunopress.it\\\/2021\\\/07\\\/31\\\/emergenza-salute-mentale-le-richieste-delle-associazioni-alla-ulss-dolomiti-allo-stato-e-alla-regione\\\/#primaryimage\"},\"image\":{\"@id\":\"https:\\\/\\\/www.bellunopress.it\\\/2021\\\/07\\\/31\\\/emergenza-salute-mentale-le-richieste-delle-associazioni-alla-ulss-dolomiti-allo-stato-e-alla-regione\\\/#primaryimage\"},\"thumbnailUrl\":\"https:\\\/\\\/www.bellunopress.it\\\/wp-content\\\/uploads\\\/2021\\\/07\\\/Salute-mentale-Associazioni-AITSaM-Tutti-in-Campo.jpg\",\"datePublished\":\"2021-07-31T16:25:29+00:00\",\"dateModified\":\"2021-07-31T20:04:18+00:00\",\"breadcrumb\":{\"@id\":\"https:\\\/\\\/www.bellunopress.it\\\/2021\\\/07\\\/31\\\/emergenza-salute-mentale-le-richieste-delle-associazioni-alla-ulss-dolomiti-allo-stato-e-alla-regione\\\/#breadcrumb\"},\"inLanguage\":\"fr-FR\",\"potentialAction\":[{\"@type\":\"ReadAction\",\"target\":[\"https:\\\/\\\/www.bellunopress.it\\\/2021\\\/07\\\/31\\\/emergenza-salute-mentale-le-richieste-delle-associazioni-alla-ulss-dolomiti-allo-stato-e-alla-regione\\\/\"]}]},{\"@type\":\"ImageObject\",\"inLanguage\":\"fr-FR\",\"@id\":\"https:\\\/\\\/www.bellunopress.it\\\/2021\\\/07\\\/31\\\/emergenza-salute-mentale-le-richieste-delle-associazioni-alla-ulss-dolomiti-allo-stato-e-alla-regione\\\/#primaryimage\",\"url\":\"https:\\\/\\\/www.bellunopress.it\\\/wp-content\\\/uploads\\\/2021\\\/07\\\/Salute-mentale-Associazioni-AITSaM-Tutti-in-Campo.jpg\",\"contentUrl\":\"https:\\\/\\\/www.bellunopress.it\\\/wp-content\\\/uploads\\\/2021\\\/07\\\/Salute-mentale-Associazioni-AITSaM-Tutti-in-Campo.jpg\",\"width\":457,\"height\":204},{\"@type\":\"BreadcrumbList\",\"@id\":\"https:\\\/\\\/www.bellunopress.it\\\/2021\\\/07\\\/31\\\/emergenza-salute-mentale-le-richieste-delle-associazioni-alla-ulss-dolomiti-allo-stato-e-alla-regione\\\/#breadcrumb\",\"itemListElement\":[{\"@type\":\"ListItem\",\"position\":1,\"name\":\"Home\",\"item\":\"https:\\\/\\\/www.bellunopress.it\\\/\"},{\"@type\":\"ListItem\",\"position\":2,\"name\":\"Emergenza salute mentale. Le richieste delle Associazioni alla Ulss Dolomiti, allo Stato e alla Regione\"}]},{\"@type\":\"WebSite\",\"@id\":\"https:\\\/\\\/www.bellunopress.it\\\/#website\",\"url\":\"https:\\\/\\\/www.bellunopress.it\\\/\",\"name\":\"Bellunopress - Dolomiti\",\"description\":\"e-mail: redazione@bellunopress.it\",\"publisher\":{\"@id\":\"https:\\\/\\\/www.bellunopress.it\\\/#organization\"},\"potentialAction\":[{\"@type\":\"SearchAction\",\"target\":{\"@type\":\"EntryPoint\",\"urlTemplate\":\"https:\\\/\\\/www.bellunopress.it\\\/?s={search_term_string}\"},\"query-input\":{\"@type\":\"PropertyValueSpecification\",\"valueRequired\":true,\"valueName\":\"search_term_string\"}}],\"inLanguage\":\"fr-FR\"},{\"@type\":\"Organization\",\"@id\":\"https:\\\/\\\/www.bellunopress.it\\\/#organization\",\"name\":\"Bellunopress\",\"url\":\"https:\\\/\\\/www.bellunopress.it\\\/\",\"logo\":{\"@type\":\"ImageObject\",\"inLanguage\":\"fr-FR\",\"@id\":\"https:\\\/\\\/www.bellunopress.it\\\/#\\\/schema\\\/logo\\\/image\\\/\",\"url\":\"https:\\\/\\\/www.bellunopress.it\\\/wp-content\\\/uploads\\\/2011\\\/05\\\/cropped-logo-bellunopress-.jpg\",\"contentUrl\":\"https:\\\/\\\/www.bellunopress.it\\\/wp-content\\\/uploads\\\/2011\\\/05\\\/cropped-logo-bellunopress-.jpg\",\"width\":512,\"height\":512,\"caption\":\"Bellunopress\"},\"image\":{\"@id\":\"https:\\\/\\\/www.bellunopress.it\\\/#\\\/schema\\\/logo\\\/image\\\/\"},\"sameAs\":[\"https:\\\/\\\/www.facebook.com\\\/profile.php?id=100008943462799\",\"https:\\\/\\\/x.com\\\/bellunopress\",\"https:\\\/\\\/www.linkedin.com\\\/hp\\\/?dnr=JBzUWaJfMUw8vbXJJ2tVW5-I3jZKvC4wsoxE&amp;amp;amp;amp;amp;amp;trk=nav_responsive_tab_home\",\"https:\\\/\\\/www.youtube.com\\\/channel\\\/UCxL0wu1uN0_3_7hGG0306cw\"]},{\"@type\":\"Person\",\"@id\":\"https:\\\/\\\/www.bellunopress.it\\\/#\\\/schema\\\/person\\\/79bb06722b37ece1c03d3e94beb30d73\",\"name\":\"redazione\",\"image\":{\"@type\":\"ImageObject\",\"inLanguage\":\"fr-FR\",\"@id\":\"https:\\\/\\\/secure.gravatar.com\\\/avatar\\\/37d968a2e67a6fd04c169c4bdef102d0bc5d31b2546345219e348575eb80e9a0?s=96&d=mm&r=g\",\"url\":\"https:\\\/\\\/secure.gravatar.com\\\/avatar\\\/37d968a2e67a6fd04c169c4bdef102d0bc5d31b2546345219e348575eb80e9a0?s=96&d=mm&r=g\",\"contentUrl\":\"https:\\\/\\\/secure.gravatar.com\\\/avatar\\\/37d968a2e67a6fd04c169c4bdef102d0bc5d31b2546345219e348575eb80e9a0?s=96&d=mm&r=g\",\"caption\":\"redazione\"},\"sameAs\":[\"http:\\\/\\\/www.bellunopress.it\",\"https:\\\/\\\/x.com\\\/bellunopress\"],\"url\":\"https:\\\/\\\/www.bellunopress.it\\\/fr\\\/author\\\/redazione\\\/\"}]}<\/script>\n<!-- \/ Yoast SEO plugin. -->","yoast_head_json":{"title":"Emergenza salute mentale. Le richieste delle Associazioni alla Ulss Dolomiti, allo Stato e alla Regione - Bellunopress - Dolomiti","robots":{"index":"index","follow":"follow","max-snippet":"max-snippet:-1","max-image-preview":"max-image-preview:large","max-video-preview":"max-video-preview:-1"},"canonical":"https:\/\/www.bellunopress.it\/fr\/2021\/07\/31\/emergenza-salute-mentale-le-richieste-delle-associazioni-alla-ulss-dolomiti-allo-stato-e-alla-regione\/","og_locale":"fr_FR","og_type":"article","og_title":"Emergenza salute mentale. Le richieste delle Associazioni alla Ulss Dolomiti, allo Stato e alla Regione - Bellunopress - Dolomiti","og_description":"La salute mentale riguarda i soggetti con malattie mentali che necessitano di assistenza, ma anche la prevenzione e la protezione delle fragilit\u00e0 mentali nella comunit\u00e0, nelle persone in et\u00e0 evolutiva, negli anziani, nelle persone con disabilit\u00e0, nelle persone con dipendenze e la tempestivit\u00e0 e l&#8217;efficacia degli interventi \u00e8 fondamentale. Molte persone hanno malattie mentali e [&hellip;]","og_url":"https:\/\/www.bellunopress.it\/fr\/2021\/07\/31\/emergenza-salute-mentale-le-richieste-delle-associazioni-alla-ulss-dolomiti-allo-stato-e-alla-regione\/","og_site_name":"Bellunopress - Dolomiti","article_publisher":"https:\/\/www.facebook.com\/profile.php?id=100008943462799","article_published_time":"2021-07-31T16:25:29+00:00","article_modified_time":"2021-07-31T20:04:18+00:00","og_image":[{"width":457,"height":204,"url":"https:\/\/www.bellunopress.it\/wp-content\/uploads\/2021\/07\/Salute-mentale-Associazioni-AITSaM-Tutti-in-Campo.jpg","type":"image\/jpeg"}],"author":"redazione","twitter_card":"summary_large_image","twitter_creator":"@bellunopress","twitter_site":"@bellunopress","twitter_misc":{"\u00c9crit par":"redazione","Dur\u00e9e de lecture estim\u00e9e":"5 minutes"},"schema":{"@context":"https:\/\/schema.org","@graph":[{"@type":"Article","@id":"https:\/\/www.bellunopress.it\/2021\/07\/31\/emergenza-salute-mentale-le-richieste-delle-associazioni-alla-ulss-dolomiti-allo-stato-e-alla-regione\/#article","isPartOf":{"@id":"https:\/\/www.bellunopress.it\/2021\/07\/31\/emergenza-salute-mentale-le-richieste-delle-associazioni-alla-ulss-dolomiti-allo-stato-e-alla-regione\/"},"author":{"name":"redazione","@id":"https:\/\/www.bellunopress.it\/#\/schema\/person\/79bb06722b37ece1c03d3e94beb30d73"},"headline":"Emergenza salute mentale. Le richieste delle Associazioni alla Ulss Dolomiti, allo Stato e alla Regione","datePublished":"2021-07-31T16:25:29+00:00","dateModified":"2021-07-31T20:04:18+00:00","mainEntityOfPage":{"@id":"https:\/\/www.bellunopress.it\/2021\/07\/31\/emergenza-salute-mentale-le-richieste-delle-associazioni-alla-ulss-dolomiti-allo-stato-e-alla-regione\/"},"wordCount":1074,"publisher":{"@id":"https:\/\/www.bellunopress.it\/#organization"},"image":{"@id":"https:\/\/www.bellunopress.it\/2021\/07\/31\/emergenza-salute-mentale-le-richieste-delle-associazioni-alla-ulss-dolomiti-allo-stato-e-alla-regione\/#primaryimage"},"thumbnailUrl":"https:\/\/www.bellunopress.it\/wp-content\/uploads\/2021\/07\/Salute-mentale-Associazioni-AITSaM-Tutti-in-Campo.jpg","articleSection":["Featured","Prima Pagina","Sanit\u00e0 Medicina","Societ\u00e0, Associazioni, Istituzioni"],"inLanguage":"fr-FR"},{"@type":"WebPage","@id":"https:\/\/www.bellunopress.it\/2021\/07\/31\/emergenza-salute-mentale-le-richieste-delle-associazioni-alla-ulss-dolomiti-allo-stato-e-alla-regione\/","url":"https:\/\/www.bellunopress.it\/2021\/07\/31\/emergenza-salute-mentale-le-richieste-delle-associazioni-alla-ulss-dolomiti-allo-stato-e-alla-regione\/","name":"Emergenza salute mentale. Le richieste delle Associazioni alla Ulss Dolomiti, allo Stato e alla Regione - Bellunopress - Dolomiti","isPartOf":{"@id":"https:\/\/www.bellunopress.it\/#website"},"primaryImageOfPage":{"@id":"https:\/\/www.bellunopress.it\/2021\/07\/31\/emergenza-salute-mentale-le-richieste-delle-associazioni-alla-ulss-dolomiti-allo-stato-e-alla-regione\/#primaryimage"},"image":{"@id":"https:\/\/www.bellunopress.it\/2021\/07\/31\/emergenza-salute-mentale-le-richieste-delle-associazioni-alla-ulss-dolomiti-allo-stato-e-alla-regione\/#primaryimage"},"thumbnailUrl":"https:\/\/www.bellunopress.it\/wp-content\/uploads\/2021\/07\/Salute-mentale-Associazioni-AITSaM-Tutti-in-Campo.jpg","datePublished":"2021-07-31T16:25:29+00:00","dateModified":"2021-07-31T20:04:18+00:00","breadcrumb":{"@id":"https:\/\/www.bellunopress.it\/2021\/07\/31\/emergenza-salute-mentale-le-richieste-delle-associazioni-alla-ulss-dolomiti-allo-stato-e-alla-regione\/#breadcrumb"},"inLanguage":"fr-FR","potentialAction":[{"@type":"ReadAction","target":["https:\/\/www.bellunopress.it\/2021\/07\/31\/emergenza-salute-mentale-le-richieste-delle-associazioni-alla-ulss-dolomiti-allo-stato-e-alla-regione\/"]}]},{"@type":"ImageObject","inLanguage":"fr-FR","@id":"https:\/\/www.bellunopress.it\/2021\/07\/31\/emergenza-salute-mentale-le-richieste-delle-associazioni-alla-ulss-dolomiti-allo-stato-e-alla-regione\/#primaryimage","url":"https:\/\/www.bellunopress.it\/wp-content\/uploads\/2021\/07\/Salute-mentale-Associazioni-AITSaM-Tutti-in-Campo.jpg","contentUrl":"https:\/\/www.bellunopress.it\/wp-content\/uploads\/2021\/07\/Salute-mentale-Associazioni-AITSaM-Tutti-in-Campo.jpg","width":457,"height":204},{"@type":"BreadcrumbList","@id":"https:\/\/www.bellunopress.it\/2021\/07\/31\/emergenza-salute-mentale-le-richieste-delle-associazioni-alla-ulss-dolomiti-allo-stato-e-alla-regione\/#breadcrumb","itemListElement":[{"@type":"ListItem","position":1,"name":"Home","item":"https:\/\/www.bellunopress.it\/"},{"@type":"ListItem","position":2,"name":"Emergenza salute mentale. Le richieste delle Associazioni alla Ulss Dolomiti, allo Stato e alla Regione"}]},{"@type":"WebSite","@id":"https:\/\/www.bellunopress.it\/#website","url":"https:\/\/www.bellunopress.it\/","name":"Bellunopress - Dolomiti","description":"e-mail: redazione@bellunopress.it","publisher":{"@id":"https:\/\/www.bellunopress.it\/#organization"},"potentialAction":[{"@type":"SearchAction","target":{"@type":"EntryPoint","urlTemplate":"https:\/\/www.bellunopress.it\/?s={search_term_string}"},"query-input":{"@type":"PropertyValueSpecification","valueRequired":true,"valueName":"search_term_string"}}],"inLanguage":"fr-FR"},{"@type":"Organization","@id":"https:\/\/www.bellunopress.it\/#organization","name":"Bellunopress","url":"https:\/\/www.bellunopress.it\/","logo":{"@type":"ImageObject","inLanguage":"fr-FR","@id":"https:\/\/www.bellunopress.it\/#\/schema\/logo\/image\/","url":"https:\/\/www.bellunopress.it\/wp-content\/uploads\/2011\/05\/cropped-logo-bellunopress-.jpg","contentUrl":"https:\/\/www.bellunopress.it\/wp-content\/uploads\/2011\/05\/cropped-logo-bellunopress-.jpg","width":512,"height":512,"caption":"Bellunopress"},"image":{"@id":"https:\/\/www.bellunopress.it\/#\/schema\/logo\/image\/"},"sameAs":["https:\/\/www.facebook.com\/profile.php?id=100008943462799","https:\/\/x.com\/bellunopress","https:\/\/www.linkedin.com\/hp\/?dnr=JBzUWaJfMUw8vbXJJ2tVW5-I3jZKvC4wsoxE&amp;amp;amp;amp;amp;amp;trk=nav_responsive_tab_home","https:\/\/www.youtube.com\/channel\/UCxL0wu1uN0_3_7hGG0306cw"]},{"@type":"Person","@id":"https:\/\/www.bellunopress.it\/#\/schema\/person\/79bb06722b37ece1c03d3e94beb30d73","name":"r\u00e9daction","image":{"@type":"ImageObject","inLanguage":"fr-FR","@id":"https:\/\/secure.gravatar.com\/avatar\/37d968a2e67a6fd04c169c4bdef102d0bc5d31b2546345219e348575eb80e9a0?s=96&d=mm&r=g","url":"https:\/\/secure.gravatar.com\/avatar\/37d968a2e67a6fd04c169c4bdef102d0bc5d31b2546345219e348575eb80e9a0?s=96&d=mm&r=g","contentUrl":"https:\/\/secure.gravatar.com\/avatar\/37d968a2e67a6fd04c169c4bdef102d0bc5d31b2546345219e348575eb80e9a0?s=96&d=mm&r=g","caption":"redazione"},"sameAs":["http:\/\/www.bellunopress.it","https:\/\/x.com\/bellunopress"],"url":"https:\/\/www.bellunopress.it\/fr\/author\/redazione\/"}]}},"_links":{"self":[{"href":"https:\/\/www.bellunopress.it\/fr\/wp-json\/wp\/v2\/posts\/126516","targetHints":{"allow":["GET"]}}],"collection":[{"href":"https:\/\/www.bellunopress.it\/fr\/wp-json\/wp\/v2\/posts"}],"about":[{"href":"https:\/\/www.bellunopress.it\/fr\/wp-json\/wp\/v2\/types\/post"}],"author":[{"embeddable":true,"href":"https:\/\/www.bellunopress.it\/fr\/wp-json\/wp\/v2\/users\/2"}],"replies":[{"embeddable":true,"href":"https:\/\/www.bellunopress.it\/fr\/wp-json\/wp\/v2\/comments?post=126516"}],"version-history":[{"count":2,"href":"https:\/\/www.bellunopress.it\/fr\/wp-json\/wp\/v2\/posts\/126516\/revisions"}],"predecessor-version":[{"id":126519,"href":"https:\/\/www.bellunopress.it\/fr\/wp-json\/wp\/v2\/posts\/126516\/revisions\/126519"}],"wp:featuredmedia":[{"embeddable":true,"href":"https:\/\/www.bellunopress.it\/fr\/wp-json\/wp\/v2\/media\/126517"}],"wp:attachment":[{"href":"https:\/\/www.bellunopress.it\/fr\/wp-json\/wp\/v2\/media?parent=126516"}],"wp:term":[{"taxonomy":"category","embeddable":true,"href":"https:\/\/www.bellunopress.it\/fr\/wp-json\/wp\/v2\/categories?post=126516"},{"taxonomy":"post_tag","embeddable":true,"href":"https:\/\/www.bellunopress.it\/fr\/wp-json\/wp\/v2\/tags?post=126516"}],"curies":[{"name":"wp","href":"https:\/\/api.w.org\/{rel}","templated":true}]}}