{"id":126514,"date":"2021-07-31T17:10:41","date_gmt":"2021-07-31T15:10:41","guid":{"rendered":"https:\/\/www.bellunopress.it\/?p=126514"},"modified":"2021-07-31T22:05:15","modified_gmt":"2021-07-31T20:05:15","slug":"lago-film-fest-domenica-1-agosto-serata-di-chiusura-della-17ma-edizione-anfibia","status":"publish","type":"post","link":"https:\/\/www.bellunopress.it\/fr\/2021\/07\/31\/lago-film-fest-domenica-1-agosto-serata-di-chiusura-della-17ma-edizione-anfibia\/","title":{"rendered":"Lago Film Fest. Domenica 1\u00b0 agosto serata di chiusura della 17ma edizione &#8220;anfibia&#8221;"},"content":{"rendered":"<p><a href=\"https:\/\/www.bellunopress.it\/fr\/2020\/07\/28\/lago-film-fest-2020-incanto-e-stupore-a-revine-lago-gli-abitanti-del-borgo-aprono-le-finestre-delle-loro-case-per-ospitare-le-video-installazioni\/lago-film-fest-revine-lago_edited-2\/\" rel=\"attachment wp-att-116157\"><img loading=\"lazy\" decoding=\"async\" class=\"alignleft size-full wp-image-116157\" src=\"https:\/\/www.bellunopress.it\/wp-content\/uploads\/2020\/07\/Lago-Film-Fest-Revine-Lago_edited-1.jpg\" alt=\"\" width=\"521\" height=\"402\" srcset=\"https:\/\/www.bellunopress.it\/wp-content\/uploads\/2020\/07\/Lago-Film-Fest-Revine-Lago_edited-1.jpg 521w, https:\/\/www.bellunopress.it\/wp-content\/uploads\/2020\/07\/Lago-Film-Fest-Revine-Lago_edited-1-500x386.jpg 500w\" sizes=\"auto, (max-width: 521px) 100vw, 521px\" \/><\/a>Ospiti internazionali, 4 schermi e 11 installazioni ad illuminare le rive del Lago di Revine Lago per l&#8217;ultima grande notte. Un&#8217;edizione davvero ricca e innovativa quella che si concluder\u00e0 domenica 1\u00b0 agosto con la grande cerimonia di premiazione durante la quale verranno assegnati i premi veneti, nazionali e internazionali. Sono stati 10 giorni (l&#8217;evento \u00e8 iniziato il 23 luglio) molto intensi e il maltempo non ha scoraggiato il pubblico che ha partecipato numerosissimo al festival sia in presenza che online, grazie alla piattaforma di streaming, che rimarr\u00e0 attiva fino al 10 agosto.<\/p>\n<p>I biglietti per l&#8217;ultima attesissima serata sono disponibili come sempre sul sito www.LFF2021.com ma saranno acquistabili anche in loco direttamente alla biglietteria del festival (fino ad esaurimento posti).<\/p>\n<p>La serata si aprir\u00e0 alle ore 18:00 con l&#8217;aperitivo con l&#8217;artista e giurata del festival Leyla Rodriguez cui seguir\u00e0 la visita guidata del Festival Espanso: un viaggio nel borgo antico di Lago alla scoperta di 11 video-installazioni di altrettanti artisti e due performance a sorpresa.<\/p>\n<p>Alle 21:00, l&#8217;appuntamento \u00e8 allo schermo principale (Livelet) per la grande cerimonia di premiazione che vedr\u00e0 i cinque direttor\u0259 del festival (Viviana Carlet e Carlo Migotto &#8211; direttori generali, Mirta Ursula Gariboldi, Alessandro Del Re e Morena Faverin &#8211; direttor\u0259 artistici) presentare le giurie internazionali che annunceranno i vincitori.<\/p>\n<p>Selezionati tra i pi\u00f9 di duemila film da 86 paesi del mondo, sono 127 film in concorso in 8 sezioni da 44 paesi, di cui 8 anteprime mondiali e 6 internazionali, 79 anteprime nazionali selezionate tra i pi\u00f9 di 2000 film ricevuti da pi\u00f9 di 90 paesi del mondo. I registi in competizione sono 68 uomini (55%) e 59 donne (45%).<\/p>\n<p>A giudicare i film di ogni concorso, una giuria dedicata composta da tre personalit\u00e0- questo al fine di dare importanza a ogni singolo concorso attraverso lo sguardo dedicato di professionisti e figure autorevoli nel panorama cinematografico nazionale e internazionale.. Le giurie dei concorsi Unicef sono formate da 8 bambini e bambine, tra i 3 i 9 anni, per la giuria Kids e 8, tra i 10 e i 17, per la giuria Teens.<\/p>\n<p>&nbsp;<\/p>\n<p>Tra i giurati spiccano:<\/p>\n<p>B\u00e1rbara Wagner, videoartista brasiliana che, assieme a Benjamin de Burca ha rappresentato il Brasile alla 58. Biennale Arte di Venezia con l&#8217;opera Swinguerra (in concorso a LFF2020). La loro ricerca artistica si concentra sugli aspetti della cultura popolare brasiliana, in particolare quelli dello stato di Pernambuco. Nelle loro opere, infatti, i due artisti spaziano dai temi legati alla religione evangelica alla musica rap e brega, viste come manifestazioni che rappresentano la diversit\u00e0 culturale del paese.<\/p>\n<p>Mantenendo uno sguardo lucido sulla realt\u00e0, Wagner &amp; de Burca evitano scontate dicotomie e relativizzano i confini tra cultura erudita e popolare e linguaggi artistici e giornalistici. Le loro opere hanno partecipato, tra le altre, alla 33. Panorama d&#8217;Arte Brasiliana (S\u00e3o Paulo, Brasile), 4. Biennale dell&#8217;Oceano Indiano (La R\u00e9union, Francia), 36. EVA International (Limerick, Irlanda), 32. Biennale di S\u00e3o Paulo (S\u00e3o Paulo, Brasile), 5. Skulptur Projekte M\u00fcnster.<\/p>\n<p>Piero Percoco, celebre fotografo pugliese. Conosciuto su Instagram come the rainbow in underestimated, Piero ricerca la quotidianit\u00e0 in tutte le sue forme, nel paesaggio che lo circonda, nelle persone che incontra, negli usi e i costumi del sud Italia. Osservando le sue fotografie veniamo completamente catapultati nel vissuto di Piero, in una fotografia semplice e genuina in cui molti di noi possono riconoscersi.<\/p>\n<p>L&#8217;ultimissima sua collaborazione \u00e8 stata con Luis Sal, per il quale ha realizzato dei ritratti come copertina del suo primo libro.<\/p>\n<p>I suoi lavori sono stati esposti in gallerie e festival italiani e internazionali, su alcune riviste e pagine quali Dusseldorf Photo Weekend, SP4 Gallery Treviso, 001 Roma, Fotografia Europea circuito OFF, Leica Store Bologna, Photo Vogue Fest Milano e sono stati pubblicati su note riviste di settore e non come Der Greif, D \u2013 Repubblica, Vogue Italia, Urbanautica, Ignant , Focus Magazine, C41 Magazine, Dienacht, Photo Wien, The New Yorker, The British Journal of Photography, Rolling Stones Italia ed altri.<\/p>\n<p>Emilia Mazzacurati, regista emergente e figlia di Carlo Mazzacurati, gi\u00e0 stata a LFF in concorso con il suo primo corto, Manica a Vento, che a breve sar\u00e0 su PrimeVideo.<\/p>\n<p>Alexandre Koberidze, regista georgiano, il suo ultimo film What Do We See When We Look at the Sky \u00e8 stato presentato in anteprima mondiale alla Berlinale 2021, vincendo il premio Fipresci, e venendo osannato dalla critica internazionale e italiana. A Koberidze verr\u00e0 dedicato un omaggio durante il festival in cui verranno proiettati 4 suoi cortometraggi in anteprima italiana. Lago Film Fest dedica a Koberidze un primo omaggio assoluto a livello mondiale. Un evento unico in Italia per scoprire uno degli autori che pi\u00f9 marcheranno il cinema mondiale, presente e futuro.<\/p>\n<p>Martina Scarpelli, animatrice italiana di fama mondiale, si \u00e8 fatta conoscere per il suo folgorante cortometraggio Egg, proiettato anche a Lago Film Fest e finalista ai David di Donatello. Martina Scarpelli \u00e8 l&#8217;astro nascente del cinema d&#8217;animazione italiano e ha gi\u00e0 avuto modo di farsi apprezzare e notare sui palcoscenici pi\u00f9 importanti al mondo come Annecy International Film Festival e Dok.Leipzig, in cui in entrambi ha vinto numerosi premi,<\/p>\n<p>Questa la formazione completa delle giurie:<\/p>\n<p>Giuria Concorso Internazionale<\/p>\n<p>B\u00e1rbara Wagner, videoartista brasiliana, autrice di Swinguerra, presentato nel padiglione Brasile alla Biennale d&#8217;Arte 2019;<\/p>\n<p>Narimane Mari, regista e produttrice algerina, i suoi film sono stati proiettati in festival come FID Marseille e Torino Film Festival;<\/p>\n<p>Florence Miailhe, animatrice francese, i suoi film sono stati proiettati nei maggiori festival del mondo. Lago Film Fest dedicher\u00e0 una retrospettiva al suo lavoro.<\/p>\n<p>&nbsp;<\/p>\n<p>Giuria Concorso Nuovi Segni<\/p>\n<p>Olivier Cheval, regista francese, i suoi film sono stati proiettati in festival come CPH:DOX e IndieLisboa;<\/p>\n<p>Cheng Hsu Chung, animatore taiwanese, i suoi film sono stati proiettati nei maggiori festival di animazione al mondo;<\/p>\n<p>Leyla Rodriguez, videoartista argentina, i suoi lavori sono stati presentati a Kurzfilmtage Oberhausen, Girona Film Festival, MACRO di Roma.<\/p>\n<p>&nbsp;<\/p>\n<p>Giuria Concorso Nazionale<\/p>\n<p>Claire Allouche, giornalista dei Cahiers du Cin\u00e9ma;<\/p>\n<p>Piero Percoco, fotografo italiano, i suoi lavori sono stati pubblicati su riviste come il New Yorker, Vogue e Rolling Stones;<\/p>\n<p>Martina Scarpelli, animatrice italiana, vincitrice con Egg nei festival di Annecy International Animation Film Festival, Dok.Leipzig e Filmfest Dresden;<\/p>\n<p>&nbsp;<\/p>\n<p>Giuria Concorso Regione del Veneto<\/p>\n<p>Emilia Mazzacurati, regista italiana, figlia di Carlo Mazzacurati, col suo primo film Manica a vento \u00e8 tra le voci pi\u00f9 promettenti del cinema del futuro;<\/p>\n<p>Elena Griggio, regista italiana, a teatro ha lavorato con Tino Sehgal, Cesare Ronconi e Mariangela Gualtieri. Sponde, presentato alla XVI edizione di Lago Film Fest nel concorso Veneto, ha vinto il premio del pubblico al miglior film Veneto;<\/p>\n<p>Rachele Maistrello, fotografa italiana, ha esposto in spazi pubblici e privati, in Italia e in Europa. Ha ricevuto il Premio internazionale Handle With Care, il Premio Combat e la menzione della giuria al Premio Fabbri nel 2015. Attualmente il suo lavoro \u00e8 esposto al MAXXI di Roma, dove ha ricevuto il Premio Graziadei.<\/p>\n<p>&nbsp;<\/p>\n<p>Giuria Concorso Princ\u00ecp\u00ee Award<\/p>\n<p>Hilal Baydarov, regista azero in concorso alla 77esima Mostra Internazionale d&#8217;Arte Cinematografica di Venezia con In Between Dying;<\/p>\n<p>Aleksandre Koberidze, regista georgiano, il suo ultimo film What Do We See When We Look At The Sky ha vinto il Premio FIPRESCI alla 71esima Berlinale, dove era nel concorso ufficiale.<\/p>\n<p>Dominga Sotomayor, regista cilena, il suo ultimo film, Tarde para morir joven, ha vinto il Pardo d&#8217;Argento a Locarno nel 2018, prima donna nella storia del festival. Lago Film Fest le dedicher\u00e0 una retrospettiva.<\/p>\n<p>&nbsp;<\/p>\n<p>Giuria Concorso Moving Bodies<\/p>\n<p>Regina Lissowska, coreografa e curatrice polacca, ha collaborato con diversi enti dello spettacolo, \u00e8 curatrice della sezione danza del Short Waves Festival;<\/p>\n<p>Giovanni Napoli, danzatore e coreografo attivo in Italia e all&#8217;estero, attualmente impegnato in Germania al Ballett des Staatstheater Augsburg, sotto la direzione di Ricardo Fernando;<\/p>\n<p>Silvina Szperling, coreografa e curatrice argentina, fondatrice e direttrice del Festival Internazionale VideoDanzaBA, \u00e8 membro fondatore del Ibero American Network of Videodance.<\/p>\n<p>&nbsp;<\/p>\n<p>Giuria Premio L.O.S.T<\/p>\n<p>Roberto Angelini, cantautore e chitarrista italiano, lavora da decenni con artisti di fama internazionale come Jarabedepalo, Max Gazz\u00e8 e Daniele Silvestri. Dal 2013 partecipa al programma televisivo Gazebo, poi Propaganda Live eseguendo musiche dal vivo;<\/p>\n<p>Taketo Gohara, produttore discografico, tecnico del suono e sound designer giapponese, ha lavorato per artisti come Vinicio Capossela, Elisa, Brunori Sas, Biagio Antonacci e Negramaro. Nel cinema, \u00e8 specializzato come sound designer e ha all&#8217;attivo pi\u00f9 di 30 film come mixatore;<\/p>\n<p>Angelo Bonanni, tecnico del suono italiano, ha ricevuto tre David di Donatello per il miglior suono nel 2016, 2017 e 2020. Ha lavorato per registi come Daniele Lucchetti, Matteo Rovere e Daniele Cipr\u00ec.<\/p>\n<p>Appuntamento dunque per domenica 1 agosto a Revine Lago dalle 18 e poi fino al 10 agosto per la visione in streaming dei film.<\/p>\n<p>Tutti i dettagli su LFF2021.COM<\/p>\n<p>&nbsp;<\/p>","protected":false},"excerpt":{"rendered":"<p>Ospiti internazionali, 4 schermi e 11 installazioni ad illuminare le rive del Lago di Revine Lago per l&#8217;ultima grande notte. Un&#8217;edizione davvero ricca e innovativa quella che si concluder\u00e0 domenica 1\u00b0 agosto con la grande cerimonia di premiazione durante la quale verranno assegnati i premi veneti, nazionali e internazionali. Sono stati 10 giorni (l&#8217;evento \u00e8 [&hellip;]<\/p>\n","protected":false},"author":2,"featured_media":115879,"comment_status":"closed","ping_status":"open","sticky":false,"template":"","format":"standard","meta":{"footnotes":""},"categories":[27,3,3446,25],"tags":[],"class_list":["post-126514","post","type-post","status-publish","format-standard","has-post-thumbnail","category-appuntamenti","category-arte-cultura-spettacoli-scienza-archivi","category-featured","category-pausa-caffe"],"yoast_head":"<!-- This site is optimized with the Yoast SEO plugin v28.4 - https:\/\/yoast.com\/product\/yoast-seo-wordpress\/ -->\n<title>Lago Film Fest. Domenica 1\u00b0 agosto serata di chiusura della 17ma edizione &quot;anfibia&quot; - Bellunopress - Dolomiti<\/title>\n<meta name=\"robots\" content=\"index, follow, max-snippet:-1, max-image-preview:large, max-video-preview:-1\" \/>\n<link rel=\"canonical\" href=\"https:\/\/www.bellunopress.it\/fr\/2021\/07\/31\/lago-film-fest-domenica-1-agosto-serata-di-chiusura-della-17ma-edizione-anfibia\/\" \/>\n<meta property=\"og:locale\" content=\"fr_FR\" \/>\n<meta property=\"og:type\" content=\"article\" \/>\n<meta property=\"og:title\" content=\"Lago Film Fest. Domenica 1\u00b0 agosto serata di chiusura della 17ma edizione &quot;anfibia&quot; - Bellunopress - Dolomiti\" \/>\n<meta property=\"og:description\" content=\"Ospiti internazionali, 4 schermi e 11 installazioni ad illuminare le rive del Lago di Revine Lago per l&#8217;ultima grande notte. Un&#8217;edizione davvero ricca e innovativa quella che si concluder\u00e0 domenica 1\u00b0 agosto con la grande cerimonia di premiazione durante la quale verranno assegnati i premi veneti, nazionali e internazionali. Sono stati 10 giorni (l&#8217;evento \u00e8 [&hellip;]\" \/>\n<meta property=\"og:url\" content=\"https:\/\/www.bellunopress.it\/fr\/2021\/07\/31\/lago-film-fest-domenica-1-agosto-serata-di-chiusura-della-17ma-edizione-anfibia\/\" \/>\n<meta property=\"og:site_name\" content=\"Bellunopress - Dolomiti\" \/>\n<meta property=\"article:publisher\" content=\"https:\/\/www.facebook.com\/profile.php?id=100008943462799\" \/>\n<meta property=\"article:published_time\" content=\"2021-07-31T15:10:41+00:00\" \/>\n<meta property=\"article:modified_time\" content=\"2021-07-31T20:05:15+00:00\" \/>\n<meta property=\"og:image\" content=\"https:\/\/www.bellunopress.it\/wp-content\/uploads\/2020\/07\/Lago-Film-Fest-2020_edited.jpg\" \/>\n\t<meta property=\"og:image:width\" content=\"745\" \/>\n\t<meta property=\"og:image:height\" content=\"524\" \/>\n\t<meta property=\"og:image:type\" content=\"image\/jpeg\" \/>\n<meta name=\"author\" content=\"redazione\" \/>\n<meta name=\"twitter:card\" content=\"summary_large_image\" \/>\n<meta name=\"twitter:creator\" content=\"@bellunopress\" \/>\n<meta name=\"twitter:site\" content=\"@bellunopress\" \/>\n<meta name=\"twitter:label1\" content=\"\u00c9crit par\" \/>\n\t<meta name=\"twitter:data1\" content=\"redazione\" \/>\n\t<meta name=\"twitter:label2\" content=\"Dur\u00e9e de lecture estim\u00e9e\" \/>\n\t<meta name=\"twitter:data2\" content=\"7 minutes\" \/>\n<script type=\"application\/ld+json\" class=\"yoast-schema-graph\">{\"@context\":\"https:\\\/\\\/schema.org\",\"@graph\":[{\"@type\":\"Article\",\"@id\":\"https:\\\/\\\/www.bellunopress.it\\\/2021\\\/07\\\/31\\\/lago-film-fest-domenica-1-agosto-serata-di-chiusura-della-17ma-edizione-anfibia\\\/#article\",\"isPartOf\":{\"@id\":\"https:\\\/\\\/www.bellunopress.it\\\/2021\\\/07\\\/31\\\/lago-film-fest-domenica-1-agosto-serata-di-chiusura-della-17ma-edizione-anfibia\\\/\"},\"author\":{\"name\":\"redazione\",\"@id\":\"https:\\\/\\\/www.bellunopress.it\\\/#\\\/schema\\\/person\\\/79bb06722b37ece1c03d3e94beb30d73\"},\"headline\":\"Lago Film Fest. Domenica 1\u00b0 agosto serata di chiusura della 17ma edizione &#8220;anfibia&#8221;\",\"datePublished\":\"2021-07-31T15:10:41+00:00\",\"dateModified\":\"2021-07-31T20:05:15+00:00\",\"mainEntityOfPage\":{\"@id\":\"https:\\\/\\\/www.bellunopress.it\\\/2021\\\/07\\\/31\\\/lago-film-fest-domenica-1-agosto-serata-di-chiusura-della-17ma-edizione-anfibia\\\/\"},\"wordCount\":1439,\"publisher\":{\"@id\":\"https:\\\/\\\/www.bellunopress.it\\\/#organization\"},\"image\":{\"@id\":\"https:\\\/\\\/www.bellunopress.it\\\/2021\\\/07\\\/31\\\/lago-film-fest-domenica-1-agosto-serata-di-chiusura-della-17ma-edizione-anfibia\\\/#primaryimage\"},\"thumbnailUrl\":\"https:\\\/\\\/www.bellunopress.it\\\/wp-content\\\/uploads\\\/2020\\\/07\\\/Lago-Film-Fest-2020_edited.jpg\",\"articleSection\":[\"Appuntamenti, Eventi\",\"Arte, Cultura, Spettacoli, Scienza\",\"Featured\",\"Pausa Caff\u00e8\"],\"inLanguage\":\"fr-FR\"},{\"@type\":\"WebPage\",\"@id\":\"https:\\\/\\\/www.bellunopress.it\\\/2021\\\/07\\\/31\\\/lago-film-fest-domenica-1-agosto-serata-di-chiusura-della-17ma-edizione-anfibia\\\/\",\"url\":\"https:\\\/\\\/www.bellunopress.it\\\/2021\\\/07\\\/31\\\/lago-film-fest-domenica-1-agosto-serata-di-chiusura-della-17ma-edizione-anfibia\\\/\",\"name\":\"Lago Film Fest. Domenica 1\u00b0 agosto serata di chiusura della 17ma edizione \\\"anfibia\\\" - Bellunopress - Dolomiti\",\"isPartOf\":{\"@id\":\"https:\\\/\\\/www.bellunopress.it\\\/#website\"},\"primaryImageOfPage\":{\"@id\":\"https:\\\/\\\/www.bellunopress.it\\\/2021\\\/07\\\/31\\\/lago-film-fest-domenica-1-agosto-serata-di-chiusura-della-17ma-edizione-anfibia\\\/#primaryimage\"},\"image\":{\"@id\":\"https:\\\/\\\/www.bellunopress.it\\\/2021\\\/07\\\/31\\\/lago-film-fest-domenica-1-agosto-serata-di-chiusura-della-17ma-edizione-anfibia\\\/#primaryimage\"},\"thumbnailUrl\":\"https:\\\/\\\/www.bellunopress.it\\\/wp-content\\\/uploads\\\/2020\\\/07\\\/Lago-Film-Fest-2020_edited.jpg\",\"datePublished\":\"2021-07-31T15:10:41+00:00\",\"dateModified\":\"2021-07-31T20:05:15+00:00\",\"breadcrumb\":{\"@id\":\"https:\\\/\\\/www.bellunopress.it\\\/2021\\\/07\\\/31\\\/lago-film-fest-domenica-1-agosto-serata-di-chiusura-della-17ma-edizione-anfibia\\\/#breadcrumb\"},\"inLanguage\":\"fr-FR\",\"potentialAction\":[{\"@type\":\"ReadAction\",\"target\":[\"https:\\\/\\\/www.bellunopress.it\\\/2021\\\/07\\\/31\\\/lago-film-fest-domenica-1-agosto-serata-di-chiusura-della-17ma-edizione-anfibia\\\/\"]}]},{\"@type\":\"ImageObject\",\"inLanguage\":\"fr-FR\",\"@id\":\"https:\\\/\\\/www.bellunopress.it\\\/2021\\\/07\\\/31\\\/lago-film-fest-domenica-1-agosto-serata-di-chiusura-della-17ma-edizione-anfibia\\\/#primaryimage\",\"url\":\"https:\\\/\\\/www.bellunopress.it\\\/wp-content\\\/uploads\\\/2020\\\/07\\\/Lago-Film-Fest-2020_edited.jpg\",\"contentUrl\":\"https:\\\/\\\/www.bellunopress.it\\\/wp-content\\\/uploads\\\/2020\\\/07\\\/Lago-Film-Fest-2020_edited.jpg\",\"width\":745,\"height\":524},{\"@type\":\"BreadcrumbList\",\"@id\":\"https:\\\/\\\/www.bellunopress.it\\\/2021\\\/07\\\/31\\\/lago-film-fest-domenica-1-agosto-serata-di-chiusura-della-17ma-edizione-anfibia\\\/#breadcrumb\",\"itemListElement\":[{\"@type\":\"ListItem\",\"position\":1,\"name\":\"Home\",\"item\":\"https:\\\/\\\/www.bellunopress.it\\\/\"},{\"@type\":\"ListItem\",\"position\":2,\"name\":\"Lago Film Fest. Domenica 1\u00b0 agosto serata di chiusura della 17ma edizione &#8220;anfibia&#8221;\"}]},{\"@type\":\"WebSite\",\"@id\":\"https:\\\/\\\/www.bellunopress.it\\\/#website\",\"url\":\"https:\\\/\\\/www.bellunopress.it\\\/\",\"name\":\"Bellunopress - Dolomiti\",\"description\":\"e-mail: redazione@bellunopress.it\",\"publisher\":{\"@id\":\"https:\\\/\\\/www.bellunopress.it\\\/#organization\"},\"potentialAction\":[{\"@type\":\"SearchAction\",\"target\":{\"@type\":\"EntryPoint\",\"urlTemplate\":\"https:\\\/\\\/www.bellunopress.it\\\/?s={search_term_string}\"},\"query-input\":{\"@type\":\"PropertyValueSpecification\",\"valueRequired\":true,\"valueName\":\"search_term_string\"}}],\"inLanguage\":\"fr-FR\"},{\"@type\":\"Organization\",\"@id\":\"https:\\\/\\\/www.bellunopress.it\\\/#organization\",\"name\":\"Bellunopress\",\"url\":\"https:\\\/\\\/www.bellunopress.it\\\/\",\"logo\":{\"@type\":\"ImageObject\",\"inLanguage\":\"fr-FR\",\"@id\":\"https:\\\/\\\/www.bellunopress.it\\\/#\\\/schema\\\/logo\\\/image\\\/\",\"url\":\"https:\\\/\\\/www.bellunopress.it\\\/wp-content\\\/uploads\\\/2011\\\/05\\\/cropped-logo-bellunopress-.jpg\",\"contentUrl\":\"https:\\\/\\\/www.bellunopress.it\\\/wp-content\\\/uploads\\\/2011\\\/05\\\/cropped-logo-bellunopress-.jpg\",\"width\":512,\"height\":512,\"caption\":\"Bellunopress\"},\"image\":{\"@id\":\"https:\\\/\\\/www.bellunopress.it\\\/#\\\/schema\\\/logo\\\/image\\\/\"},\"sameAs\":[\"https:\\\/\\\/www.facebook.com\\\/profile.php?id=100008943462799\",\"https:\\\/\\\/x.com\\\/bellunopress\",\"https:\\\/\\\/www.linkedin.com\\\/hp\\\/?dnr=JBzUWaJfMUw8vbXJJ2tVW5-I3jZKvC4wsoxE&amp;amp;amp;amp;amp;amp;trk=nav_responsive_tab_home\",\"https:\\\/\\\/www.youtube.com\\\/channel\\\/UCxL0wu1uN0_3_7hGG0306cw\"]},{\"@type\":\"Person\",\"@id\":\"https:\\\/\\\/www.bellunopress.it\\\/#\\\/schema\\\/person\\\/79bb06722b37ece1c03d3e94beb30d73\",\"name\":\"redazione\",\"image\":{\"@type\":\"ImageObject\",\"inLanguage\":\"fr-FR\",\"@id\":\"https:\\\/\\\/secure.gravatar.com\\\/avatar\\\/37d968a2e67a6fd04c169c4bdef102d0bc5d31b2546345219e348575eb80e9a0?s=96&d=mm&r=g\",\"url\":\"https:\\\/\\\/secure.gravatar.com\\\/avatar\\\/37d968a2e67a6fd04c169c4bdef102d0bc5d31b2546345219e348575eb80e9a0?s=96&d=mm&r=g\",\"contentUrl\":\"https:\\\/\\\/secure.gravatar.com\\\/avatar\\\/37d968a2e67a6fd04c169c4bdef102d0bc5d31b2546345219e348575eb80e9a0?s=96&d=mm&r=g\",\"caption\":\"redazione\"},\"sameAs\":[\"http:\\\/\\\/www.bellunopress.it\",\"https:\\\/\\\/x.com\\\/bellunopress\"],\"url\":\"https:\\\/\\\/www.bellunopress.it\\\/fr\\\/author\\\/redazione\\\/\"}]}<\/script>\n<!-- \/ Yoast SEO plugin. -->","yoast_head_json":{"title":"Lago Film Fest. Domenica 1\u00b0 agosto serata di chiusura della 17ma edizione \"anfibia\" - Bellunopress - Dolomiti","robots":{"index":"index","follow":"follow","max-snippet":"max-snippet:-1","max-image-preview":"max-image-preview:large","max-video-preview":"max-video-preview:-1"},"canonical":"https:\/\/www.bellunopress.it\/fr\/2021\/07\/31\/lago-film-fest-domenica-1-agosto-serata-di-chiusura-della-17ma-edizione-anfibia\/","og_locale":"fr_FR","og_type":"article","og_title":"Lago Film Fest. Domenica 1\u00b0 agosto serata di chiusura della 17ma edizione \"anfibia\" - Bellunopress - Dolomiti","og_description":"Ospiti internazionali, 4 schermi e 11 installazioni ad illuminare le rive del Lago di Revine Lago per l&#8217;ultima grande notte. Un&#8217;edizione davvero ricca e innovativa quella che si concluder\u00e0 domenica 1\u00b0 agosto con la grande cerimonia di premiazione durante la quale verranno assegnati i premi veneti, nazionali e internazionali. Sono stati 10 giorni (l&#8217;evento \u00e8 [&hellip;]","og_url":"https:\/\/www.bellunopress.it\/fr\/2021\/07\/31\/lago-film-fest-domenica-1-agosto-serata-di-chiusura-della-17ma-edizione-anfibia\/","og_site_name":"Bellunopress - Dolomiti","article_publisher":"https:\/\/www.facebook.com\/profile.php?id=100008943462799","article_published_time":"2021-07-31T15:10:41+00:00","article_modified_time":"2021-07-31T20:05:15+00:00","og_image":[{"width":745,"height":524,"url":"https:\/\/www.bellunopress.it\/wp-content\/uploads\/2020\/07\/Lago-Film-Fest-2020_edited.jpg","type":"image\/jpeg"}],"author":"redazione","twitter_card":"summary_large_image","twitter_creator":"@bellunopress","twitter_site":"@bellunopress","twitter_misc":{"\u00c9crit par":"redazione","Dur\u00e9e de lecture estim\u00e9e":"7 minutes"},"schema":{"@context":"https:\/\/schema.org","@graph":[{"@type":"Article","@id":"https:\/\/www.bellunopress.it\/2021\/07\/31\/lago-film-fest-domenica-1-agosto-serata-di-chiusura-della-17ma-edizione-anfibia\/#article","isPartOf":{"@id":"https:\/\/www.bellunopress.it\/2021\/07\/31\/lago-film-fest-domenica-1-agosto-serata-di-chiusura-della-17ma-edizione-anfibia\/"},"author":{"name":"redazione","@id":"https:\/\/www.bellunopress.it\/#\/schema\/person\/79bb06722b37ece1c03d3e94beb30d73"},"headline":"Lago Film Fest. Domenica 1\u00b0 agosto serata di chiusura della 17ma edizione &#8220;anfibia&#8221;","datePublished":"2021-07-31T15:10:41+00:00","dateModified":"2021-07-31T20:05:15+00:00","mainEntityOfPage":{"@id":"https:\/\/www.bellunopress.it\/2021\/07\/31\/lago-film-fest-domenica-1-agosto-serata-di-chiusura-della-17ma-edizione-anfibia\/"},"wordCount":1439,"publisher":{"@id":"https:\/\/www.bellunopress.it\/#organization"},"image":{"@id":"https:\/\/www.bellunopress.it\/2021\/07\/31\/lago-film-fest-domenica-1-agosto-serata-di-chiusura-della-17ma-edizione-anfibia\/#primaryimage"},"thumbnailUrl":"https:\/\/www.bellunopress.it\/wp-content\/uploads\/2020\/07\/Lago-Film-Fest-2020_edited.jpg","articleSection":["Appuntamenti, Eventi","Arte, Cultura, Spettacoli, Scienza","Featured","Pausa Caff\u00e8"],"inLanguage":"fr-FR"},{"@type":"WebPage","@id":"https:\/\/www.bellunopress.it\/2021\/07\/31\/lago-film-fest-domenica-1-agosto-serata-di-chiusura-della-17ma-edizione-anfibia\/","url":"https:\/\/www.bellunopress.it\/2021\/07\/31\/lago-film-fest-domenica-1-agosto-serata-di-chiusura-della-17ma-edizione-anfibia\/","name":"Lago Film Fest. Domenica 1\u00b0 agosto serata di chiusura della 17ma edizione \"anfibia\" - Bellunopress - Dolomiti","isPartOf":{"@id":"https:\/\/www.bellunopress.it\/#website"},"primaryImageOfPage":{"@id":"https:\/\/www.bellunopress.it\/2021\/07\/31\/lago-film-fest-domenica-1-agosto-serata-di-chiusura-della-17ma-edizione-anfibia\/#primaryimage"},"image":{"@id":"https:\/\/www.bellunopress.it\/2021\/07\/31\/lago-film-fest-domenica-1-agosto-serata-di-chiusura-della-17ma-edizione-anfibia\/#primaryimage"},"thumbnailUrl":"https:\/\/www.bellunopress.it\/wp-content\/uploads\/2020\/07\/Lago-Film-Fest-2020_edited.jpg","datePublished":"2021-07-31T15:10:41+00:00","dateModified":"2021-07-31T20:05:15+00:00","breadcrumb":{"@id":"https:\/\/www.bellunopress.it\/2021\/07\/31\/lago-film-fest-domenica-1-agosto-serata-di-chiusura-della-17ma-edizione-anfibia\/#breadcrumb"},"inLanguage":"fr-FR","potentialAction":[{"@type":"ReadAction","target":["https:\/\/www.bellunopress.it\/2021\/07\/31\/lago-film-fest-domenica-1-agosto-serata-di-chiusura-della-17ma-edizione-anfibia\/"]}]},{"@type":"ImageObject","inLanguage":"fr-FR","@id":"https:\/\/www.bellunopress.it\/2021\/07\/31\/lago-film-fest-domenica-1-agosto-serata-di-chiusura-della-17ma-edizione-anfibia\/#primaryimage","url":"https:\/\/www.bellunopress.it\/wp-content\/uploads\/2020\/07\/Lago-Film-Fest-2020_edited.jpg","contentUrl":"https:\/\/www.bellunopress.it\/wp-content\/uploads\/2020\/07\/Lago-Film-Fest-2020_edited.jpg","width":745,"height":524},{"@type":"BreadcrumbList","@id":"https:\/\/www.bellunopress.it\/2021\/07\/31\/lago-film-fest-domenica-1-agosto-serata-di-chiusura-della-17ma-edizione-anfibia\/#breadcrumb","itemListElement":[{"@type":"ListItem","position":1,"name":"Home","item":"https:\/\/www.bellunopress.it\/"},{"@type":"ListItem","position":2,"name":"Lago Film Fest. Domenica 1\u00b0 agosto serata di chiusura della 17ma edizione &#8220;anfibia&#8221;"}]},{"@type":"WebSite","@id":"https:\/\/www.bellunopress.it\/#website","url":"https:\/\/www.bellunopress.it\/","name":"Bellunopress - Dolomiti","description":"e-mail: redazione@bellunopress.it","publisher":{"@id":"https:\/\/www.bellunopress.it\/#organization"},"potentialAction":[{"@type":"SearchAction","target":{"@type":"EntryPoint","urlTemplate":"https:\/\/www.bellunopress.it\/?s={search_term_string}"},"query-input":{"@type":"PropertyValueSpecification","valueRequired":true,"valueName":"search_term_string"}}],"inLanguage":"fr-FR"},{"@type":"Organization","@id":"https:\/\/www.bellunopress.it\/#organization","name":"Bellunopress","url":"https:\/\/www.bellunopress.it\/","logo":{"@type":"ImageObject","inLanguage":"fr-FR","@id":"https:\/\/www.bellunopress.it\/#\/schema\/logo\/image\/","url":"https:\/\/www.bellunopress.it\/wp-content\/uploads\/2011\/05\/cropped-logo-bellunopress-.jpg","contentUrl":"https:\/\/www.bellunopress.it\/wp-content\/uploads\/2011\/05\/cropped-logo-bellunopress-.jpg","width":512,"height":512,"caption":"Bellunopress"},"image":{"@id":"https:\/\/www.bellunopress.it\/#\/schema\/logo\/image\/"},"sameAs":["https:\/\/www.facebook.com\/profile.php?id=100008943462799","https:\/\/x.com\/bellunopress","https:\/\/www.linkedin.com\/hp\/?dnr=JBzUWaJfMUw8vbXJJ2tVW5-I3jZKvC4wsoxE&amp;amp;amp;amp;amp;amp;trk=nav_responsive_tab_home","https:\/\/www.youtube.com\/channel\/UCxL0wu1uN0_3_7hGG0306cw"]},{"@type":"Person","@id":"https:\/\/www.bellunopress.it\/#\/schema\/person\/79bb06722b37ece1c03d3e94beb30d73","name":"r\u00e9daction","image":{"@type":"ImageObject","inLanguage":"fr-FR","@id":"https:\/\/secure.gravatar.com\/avatar\/37d968a2e67a6fd04c169c4bdef102d0bc5d31b2546345219e348575eb80e9a0?s=96&d=mm&r=g","url":"https:\/\/secure.gravatar.com\/avatar\/37d968a2e67a6fd04c169c4bdef102d0bc5d31b2546345219e348575eb80e9a0?s=96&d=mm&r=g","contentUrl":"https:\/\/secure.gravatar.com\/avatar\/37d968a2e67a6fd04c169c4bdef102d0bc5d31b2546345219e348575eb80e9a0?s=96&d=mm&r=g","caption":"redazione"},"sameAs":["http:\/\/www.bellunopress.it","https:\/\/x.com\/bellunopress"],"url":"https:\/\/www.bellunopress.it\/fr\/author\/redazione\/"}]}},"_links":{"self":[{"href":"https:\/\/www.bellunopress.it\/fr\/wp-json\/wp\/v2\/posts\/126514","targetHints":{"allow":["GET"]}}],"collection":[{"href":"https:\/\/www.bellunopress.it\/fr\/wp-json\/wp\/v2\/posts"}],"about":[{"href":"https:\/\/www.bellunopress.it\/fr\/wp-json\/wp\/v2\/types\/post"}],"author":[{"embeddable":true,"href":"https:\/\/www.bellunopress.it\/fr\/wp-json\/wp\/v2\/users\/2"}],"replies":[{"embeddable":true,"href":"https:\/\/www.bellunopress.it\/fr\/wp-json\/wp\/v2\/comments?post=126514"}],"version-history":[{"count":1,"href":"https:\/\/www.bellunopress.it\/fr\/wp-json\/wp\/v2\/posts\/126514\/revisions"}],"predecessor-version":[{"id":126515,"href":"https:\/\/www.bellunopress.it\/fr\/wp-json\/wp\/v2\/posts\/126514\/revisions\/126515"}],"wp:featuredmedia":[{"embeddable":true,"href":"https:\/\/www.bellunopress.it\/fr\/wp-json\/wp\/v2\/media\/115879"}],"wp:attachment":[{"href":"https:\/\/www.bellunopress.it\/fr\/wp-json\/wp\/v2\/media?parent=126514"}],"wp:term":[{"taxonomy":"category","embeddable":true,"href":"https:\/\/www.bellunopress.it\/fr\/wp-json\/wp\/v2\/categories?post=126514"},{"taxonomy":"post_tag","embeddable":true,"href":"https:\/\/www.bellunopress.it\/fr\/wp-json\/wp\/v2\/tags?post=126514"}],"curies":[{"name":"wp","href":"https:\/\/api.w.org\/{rel}","templated":true}]}}