{"id":126512,"date":"2021-07-30T22:05:01","date_gmt":"2021-07-30T20:05:01","guid":{"rendered":"https:\/\/www.bellunopress.it\/?p=126512"},"modified":"2021-07-30T22:05:01","modified_gmt":"2021-07-30T20:05:01","slug":"alessandra-buzzo-confermata-alla-presidenza-della-cadore-s-c-s-vicepresidente-sara-rina-de-lorenzo","status":"publish","type":"post","link":"https:\/\/www.bellunopress.it\/fr\/2021\/07\/30\/alessandra-buzzo-confermata-alla-presidenza-della-cadore-s-c-s-vicepresidente-sara-rina-de-lorenzo\/","title":{"rendered":"Alessandra Buzzo confermata alla presidenza della Cadore s.c.s. Vicepresidente sar\u00e0 Rina De Lorenzo"},"content":{"rendered":"<figure id=\"attachment_116602\" aria-describedby=\"caption-attachment-116602\" style=\"width: 468px\" class=\"wp-caption alignleft\"><a href=\"https:\/\/www.bellunopress.it\/fr\/2020\/08\/10\/alessandra-buzzo-e-la-nuova-presidente-della-cooperativa-sociale-delle-dolomiti\/alessandra-buzzo_edited\/\" rel=\"attachment wp-att-116602\"><img loading=\"lazy\" decoding=\"async\" class=\"size-full wp-image-116602\" src=\"https:\/\/www.bellunopress.it\/wp-content\/uploads\/2020\/08\/alessandra-buzzo_edited.jpg\" alt=\"\" width=\"468\" height=\"425\" srcset=\"https:\/\/www.bellunopress.it\/wp-content\/uploads\/2020\/08\/alessandra-buzzo_edited.jpg 468w, https:\/\/www.bellunopress.it\/wp-content\/uploads\/2020\/08\/alessandra-buzzo_edited-462x420.jpg 462w\" sizes=\"auto, (max-width: 468px) 100vw, 468px\" \/><\/a><figcaption id=\"caption-attachment-116602\" class=\"wp-caption-text\">Alessandra Buzzo<\/figcaption><\/figure>\n<p>Alessandra Buzzo \u00e8 stata riconfermata per i prossimi tre anni alla presidenza della Cadore scs: la votazione nel pomeriggio di ieri, con l\u2019insediamento del nuovo consiglio di amministrazione.<br \/>\nAd affiancare la riconfermata presidente, nel ruolo di vicepresidente sieder\u00e0 Rina De Lorenzo, dal 2011 responsabile degli inserimenti lavorativi della Cadore.<br \/>\nSia la presidente che la vicepresidente hanno ottenuto l\u2019unanimit\u00e0 dei voti.<br \/>\nA comporre il cda ci saranno anche Fabio Bristot e Luca Valmassoi, responsabili per la Cadore di sicurezza e qualit\u00e0 il primo, del settore turismo il secondo, Gianluca Piller Roner, Daniele Zandonella e Walter Doriguzzi.<br \/>\nPer quanto riguarda eventuali deleghe, \u201cil nuovo consiglio di amministrazione si metter\u00e0 subito al lavoro per il bene della cooperativa &#8211; commenta la riconfermata Buzzo \u2013 e valuteremo insieme l&#8217;assegnazione di possibili deleghe in modo da coinvolgere al meglio tutti i componenti\u201d.<br \/>\n\u201cRingrazio quindi tutti componenti del nuovo cda, al quale viene chiesto un impegno responsabile e consapevole, cos\u00ec come lo chiediamo a tutti i soci. &#8211; aggiunge ancora Buzzo \u2013 La Cadore si basa sui suoi soci e sui lavoratori, e tutto deve essere fatto nel loro interesse: nonostante il difficilissimo periodo economico, siamo riusciti a chiudere un bilancio positivo, e per questo a maggior ragione dobbiamo tutti insieme con impegno e consapevolezza pianificare le attivit\u00e0 future\u201d.<\/p>","protected":false},"excerpt":{"rendered":"<p>Alessandra Buzzo \u00e8 stata riconfermata per i prossimi tre anni alla presidenza della Cadore scs: la votazione nel pomeriggio di ieri, con l\u2019insediamento del nuovo consiglio di amministrazione. Ad affiancare la riconfermata presidente, nel ruolo di vicepresidente sieder\u00e0 Rina De Lorenzo, dal 2011 responsabile degli inserimenti lavorativi della Cadore. Sia la presidente che la vicepresidente [&hellip;]<\/p>\n","protected":false},"author":2,"featured_media":116602,"comment_status":"closed","ping_status":"open","sticky":false,"template":"","format":"standard","meta":{"footnotes":""},"categories":[8],"tags":[],"class_list":["post-126512","post","type-post","status-publish","format-standard","has-post-thumbnail","category-societa-istituzioni"],"yoast_head":"<!-- This site is optimized with the Yoast SEO plugin v28.4 - https:\/\/yoast.com\/product\/yoast-seo-wordpress\/ -->\n<title>Alessandra Buzzo confermata alla presidenza della Cadore s.c.s. Vicepresidente sar\u00e0 Rina De Lorenzo - Bellunopress - Dolomiti<\/title>\n<meta name=\"robots\" content=\"index, follow, max-snippet:-1, max-image-preview:large, max-video-preview:-1\" \/>\n<link rel=\"canonical\" href=\"https:\/\/www.bellunopress.it\/fr\/2021\/07\/30\/alessandra-buzzo-confermata-alla-presidenza-della-cadore-s-c-s-vicepresidente-sara-rina-de-lorenzo\/\" \/>\n<meta property=\"og:locale\" content=\"fr_FR\" \/>\n<meta property=\"og:type\" content=\"article\" \/>\n<meta property=\"og:title\" content=\"Alessandra Buzzo confermata alla presidenza della Cadore s.c.s. Vicepresidente sar\u00e0 Rina De Lorenzo - Bellunopress - Dolomiti\" \/>\n<meta property=\"og:description\" content=\"Alessandra Buzzo \u00e8 stata riconfermata per i prossimi tre anni alla presidenza della Cadore scs: la votazione nel pomeriggio di ieri, con l\u2019insediamento del nuovo consiglio di amministrazione. Ad affiancare la riconfermata presidente, nel ruolo di vicepresidente sieder\u00e0 Rina De Lorenzo, dal 2011 responsabile degli inserimenti lavorativi della Cadore. Sia la presidente che la vicepresidente [&hellip;]\" \/>\n<meta property=\"og:url\" content=\"https:\/\/www.bellunopress.it\/fr\/2021\/07\/30\/alessandra-buzzo-confermata-alla-presidenza-della-cadore-s-c-s-vicepresidente-sara-rina-de-lorenzo\/\" \/>\n<meta property=\"og:site_name\" content=\"Bellunopress - Dolomiti\" \/>\n<meta property=\"article:publisher\" content=\"https:\/\/www.facebook.com\/profile.php?id=100008943462799\" \/>\n<meta property=\"article:published_time\" content=\"2021-07-30T20:05:01+00:00\" \/>\n<meta property=\"og:image\" content=\"https:\/\/www.bellunopress.it\/wp-content\/uploads\/2020\/08\/alessandra-buzzo_edited.jpg\" \/>\n\t<meta property=\"og:image:width\" content=\"468\" \/>\n\t<meta property=\"og:image:height\" content=\"425\" \/>\n\t<meta property=\"og:image:type\" content=\"image\/jpeg\" \/>\n<meta name=\"author\" content=\"redazione\" \/>\n<meta name=\"twitter:card\" content=\"summary_large_image\" \/>\n<meta name=\"twitter:creator\" content=\"@bellunopress\" \/>\n<meta name=\"twitter:site\" content=\"@bellunopress\" \/>\n<meta name=\"twitter:label1\" content=\"\u00c9crit par\" \/>\n\t<meta name=\"twitter:data1\" content=\"redazione\" \/>\n\t<meta name=\"twitter:label2\" content=\"Dur\u00e9e de lecture estim\u00e9e\" \/>\n\t<meta name=\"twitter:data2\" content=\"2 minutes\" \/>\n<script type=\"application\/ld+json\" class=\"yoast-schema-graph\">{\"@context\":\"https:\\\/\\\/schema.org\",\"@graph\":[{\"@type\":\"Article\",\"@id\":\"https:\\\/\\\/www.bellunopress.it\\\/2021\\\/07\\\/30\\\/alessandra-buzzo-confermata-alla-presidenza-della-cadore-s-c-s-vicepresidente-sara-rina-de-lorenzo\\\/#article\",\"isPartOf\":{\"@id\":\"https:\\\/\\\/www.bellunopress.it\\\/2021\\\/07\\\/30\\\/alessandra-buzzo-confermata-alla-presidenza-della-cadore-s-c-s-vicepresidente-sara-rina-de-lorenzo\\\/\"},\"author\":{\"name\":\"redazione\",\"@id\":\"https:\\\/\\\/www.bellunopress.it\\\/#\\\/schema\\\/person\\\/79bb06722b37ece1c03d3e94beb30d73\"},\"headline\":\"Alessandra Buzzo confermata alla presidenza della Cadore s.c.s. Vicepresidente sar\u00e0 Rina De Lorenzo\",\"datePublished\":\"2021-07-30T20:05:01+00:00\",\"mainEntityOfPage\":{\"@id\":\"https:\\\/\\\/www.bellunopress.it\\\/2021\\\/07\\\/30\\\/alessandra-buzzo-confermata-alla-presidenza-della-cadore-s-c-s-vicepresidente-sara-rina-de-lorenzo\\\/\"},\"wordCount\":236,\"publisher\":{\"@id\":\"https:\\\/\\\/www.bellunopress.it\\\/#organization\"},\"image\":{\"@id\":\"https:\\\/\\\/www.bellunopress.it\\\/2021\\\/07\\\/30\\\/alessandra-buzzo-confermata-alla-presidenza-della-cadore-s-c-s-vicepresidente-sara-rina-de-lorenzo\\\/#primaryimage\"},\"thumbnailUrl\":\"https:\\\/\\\/www.bellunopress.it\\\/wp-content\\\/uploads\\\/2020\\\/08\\\/alessandra-buzzo_edited.jpg\",\"articleSection\":[\"Societ\u00e0, Associazioni, Istituzioni\"],\"inLanguage\":\"fr-FR\"},{\"@type\":\"WebPage\",\"@id\":\"https:\\\/\\\/www.bellunopress.it\\\/2021\\\/07\\\/30\\\/alessandra-buzzo-confermata-alla-presidenza-della-cadore-s-c-s-vicepresidente-sara-rina-de-lorenzo\\\/\",\"url\":\"https:\\\/\\\/www.bellunopress.it\\\/2021\\\/07\\\/30\\\/alessandra-buzzo-confermata-alla-presidenza-della-cadore-s-c-s-vicepresidente-sara-rina-de-lorenzo\\\/\",\"name\":\"Alessandra Buzzo confermata alla presidenza della Cadore s.c.s. Vicepresidente sar\u00e0 Rina De Lorenzo - Bellunopress - Dolomiti\",\"isPartOf\":{\"@id\":\"https:\\\/\\\/www.bellunopress.it\\\/#website\"},\"primaryImageOfPage\":{\"@id\":\"https:\\\/\\\/www.bellunopress.it\\\/2021\\\/07\\\/30\\\/alessandra-buzzo-confermata-alla-presidenza-della-cadore-s-c-s-vicepresidente-sara-rina-de-lorenzo\\\/#primaryimage\"},\"image\":{\"@id\":\"https:\\\/\\\/www.bellunopress.it\\\/2021\\\/07\\\/30\\\/alessandra-buzzo-confermata-alla-presidenza-della-cadore-s-c-s-vicepresidente-sara-rina-de-lorenzo\\\/#primaryimage\"},\"thumbnailUrl\":\"https:\\\/\\\/www.bellunopress.it\\\/wp-content\\\/uploads\\\/2020\\\/08\\\/alessandra-buzzo_edited.jpg\",\"datePublished\":\"2021-07-30T20:05:01+00:00\",\"breadcrumb\":{\"@id\":\"https:\\\/\\\/www.bellunopress.it\\\/2021\\\/07\\\/30\\\/alessandra-buzzo-confermata-alla-presidenza-della-cadore-s-c-s-vicepresidente-sara-rina-de-lorenzo\\\/#breadcrumb\"},\"inLanguage\":\"fr-FR\",\"potentialAction\":[{\"@type\":\"ReadAction\",\"target\":[\"https:\\\/\\\/www.bellunopress.it\\\/2021\\\/07\\\/30\\\/alessandra-buzzo-confermata-alla-presidenza-della-cadore-s-c-s-vicepresidente-sara-rina-de-lorenzo\\\/\"]}]},{\"@type\":\"ImageObject\",\"inLanguage\":\"fr-FR\",\"@id\":\"https:\\\/\\\/www.bellunopress.it\\\/2021\\\/07\\\/30\\\/alessandra-buzzo-confermata-alla-presidenza-della-cadore-s-c-s-vicepresidente-sara-rina-de-lorenzo\\\/#primaryimage\",\"url\":\"https:\\\/\\\/www.bellunopress.it\\\/wp-content\\\/uploads\\\/2020\\\/08\\\/alessandra-buzzo_edited.jpg\",\"contentUrl\":\"https:\\\/\\\/www.bellunopress.it\\\/wp-content\\\/uploads\\\/2020\\\/08\\\/alessandra-buzzo_edited.jpg\",\"width\":468,\"height\":425,\"caption\":\"Alessandra Buzzo - Alleanza Verdi e Sinistra\"},{\"@type\":\"BreadcrumbList\",\"@id\":\"https:\\\/\\\/www.bellunopress.it\\\/2021\\\/07\\\/30\\\/alessandra-buzzo-confermata-alla-presidenza-della-cadore-s-c-s-vicepresidente-sara-rina-de-lorenzo\\\/#breadcrumb\",\"itemListElement\":[{\"@type\":\"ListItem\",\"position\":1,\"name\":\"Home\",\"item\":\"https:\\\/\\\/www.bellunopress.it\\\/\"},{\"@type\":\"ListItem\",\"position\":2,\"name\":\"Alessandra Buzzo confermata alla presidenza della Cadore s.c.s. Vicepresidente sar\u00e0 Rina De Lorenzo\"}]},{\"@type\":\"WebSite\",\"@id\":\"https:\\\/\\\/www.bellunopress.it\\\/#website\",\"url\":\"https:\\\/\\\/www.bellunopress.it\\\/\",\"name\":\"Bellunopress - Dolomiti\",\"description\":\"e-mail: redazione@bellunopress.it\",\"publisher\":{\"@id\":\"https:\\\/\\\/www.bellunopress.it\\\/#organization\"},\"potentialAction\":[{\"@type\":\"SearchAction\",\"target\":{\"@type\":\"EntryPoint\",\"urlTemplate\":\"https:\\\/\\\/www.bellunopress.it\\\/?s={search_term_string}\"},\"query-input\":{\"@type\":\"PropertyValueSpecification\",\"valueRequired\":true,\"valueName\":\"search_term_string\"}}],\"inLanguage\":\"fr-FR\"},{\"@type\":\"Organization\",\"@id\":\"https:\\\/\\\/www.bellunopress.it\\\/#organization\",\"name\":\"Bellunopress\",\"url\":\"https:\\\/\\\/www.bellunopress.it\\\/\",\"logo\":{\"@type\":\"ImageObject\",\"inLanguage\":\"fr-FR\",\"@id\":\"https:\\\/\\\/www.bellunopress.it\\\/#\\\/schema\\\/logo\\\/image\\\/\",\"url\":\"https:\\\/\\\/www.bellunopress.it\\\/wp-content\\\/uploads\\\/2011\\\/05\\\/cropped-logo-bellunopress-.jpg\",\"contentUrl\":\"https:\\\/\\\/www.bellunopress.it\\\/wp-content\\\/uploads\\\/2011\\\/05\\\/cropped-logo-bellunopress-.jpg\",\"width\":512,\"height\":512,\"caption\":\"Bellunopress\"},\"image\":{\"@id\":\"https:\\\/\\\/www.bellunopress.it\\\/#\\\/schema\\\/logo\\\/image\\\/\"},\"sameAs\":[\"https:\\\/\\\/www.facebook.com\\\/profile.php?id=100008943462799\",\"https:\\\/\\\/x.com\\\/bellunopress\",\"https:\\\/\\\/www.linkedin.com\\\/hp\\\/?dnr=JBzUWaJfMUw8vbXJJ2tVW5-I3jZKvC4wsoxE&amp;amp;amp;amp;amp;amp;trk=nav_responsive_tab_home\",\"https:\\\/\\\/www.youtube.com\\\/channel\\\/UCxL0wu1uN0_3_7hGG0306cw\"]},{\"@type\":\"Person\",\"@id\":\"https:\\\/\\\/www.bellunopress.it\\\/#\\\/schema\\\/person\\\/79bb06722b37ece1c03d3e94beb30d73\",\"name\":\"redazione\",\"image\":{\"@type\":\"ImageObject\",\"inLanguage\":\"fr-FR\",\"@id\":\"https:\\\/\\\/secure.gravatar.com\\\/avatar\\\/37d968a2e67a6fd04c169c4bdef102d0bc5d31b2546345219e348575eb80e9a0?s=96&d=mm&r=g\",\"url\":\"https:\\\/\\\/secure.gravatar.com\\\/avatar\\\/37d968a2e67a6fd04c169c4bdef102d0bc5d31b2546345219e348575eb80e9a0?s=96&d=mm&r=g\",\"contentUrl\":\"https:\\\/\\\/secure.gravatar.com\\\/avatar\\\/37d968a2e67a6fd04c169c4bdef102d0bc5d31b2546345219e348575eb80e9a0?s=96&d=mm&r=g\",\"caption\":\"redazione\"},\"sameAs\":[\"http:\\\/\\\/www.bellunopress.it\",\"https:\\\/\\\/x.com\\\/bellunopress\"],\"url\":\"https:\\\/\\\/www.bellunopress.it\\\/fr\\\/author\\\/redazione\\\/\"}]}<\/script>\n<!-- \/ Yoast SEO plugin. -->","yoast_head_json":{"title":"Alessandra Buzzo confermata alla presidenza della Cadore s.c.s. Vicepresidente sar\u00e0 Rina De Lorenzo - Bellunopress - Dolomiti","robots":{"index":"index","follow":"follow","max-snippet":"max-snippet:-1","max-image-preview":"max-image-preview:large","max-video-preview":"max-video-preview:-1"},"canonical":"https:\/\/www.bellunopress.it\/fr\/2021\/07\/30\/alessandra-buzzo-confermata-alla-presidenza-della-cadore-s-c-s-vicepresidente-sara-rina-de-lorenzo\/","og_locale":"fr_FR","og_type":"article","og_title":"Alessandra Buzzo confermata alla presidenza della Cadore s.c.s. Vicepresidente sar\u00e0 Rina De Lorenzo - Bellunopress - Dolomiti","og_description":"Alessandra Buzzo \u00e8 stata riconfermata per i prossimi tre anni alla presidenza della Cadore scs: la votazione nel pomeriggio di ieri, con l\u2019insediamento del nuovo consiglio di amministrazione. Ad affiancare la riconfermata presidente, nel ruolo di vicepresidente sieder\u00e0 Rina De Lorenzo, dal 2011 responsabile degli inserimenti lavorativi della Cadore. Sia la presidente che la vicepresidente [&hellip;]","og_url":"https:\/\/www.bellunopress.it\/fr\/2021\/07\/30\/alessandra-buzzo-confermata-alla-presidenza-della-cadore-s-c-s-vicepresidente-sara-rina-de-lorenzo\/","og_site_name":"Bellunopress - Dolomiti","article_publisher":"https:\/\/www.facebook.com\/profile.php?id=100008943462799","article_published_time":"2021-07-30T20:05:01+00:00","og_image":[{"width":468,"height":425,"url":"https:\/\/www.bellunopress.it\/wp-content\/uploads\/2020\/08\/alessandra-buzzo_edited.jpg","type":"image\/jpeg"}],"author":"redazione","twitter_card":"summary_large_image","twitter_creator":"@bellunopress","twitter_site":"@bellunopress","twitter_misc":{"\u00c9crit par":"redazione","Dur\u00e9e de lecture estim\u00e9e":"2 minutes"},"schema":{"@context":"https:\/\/schema.org","@graph":[{"@type":"Article","@id":"https:\/\/www.bellunopress.it\/2021\/07\/30\/alessandra-buzzo-confermata-alla-presidenza-della-cadore-s-c-s-vicepresidente-sara-rina-de-lorenzo\/#article","isPartOf":{"@id":"https:\/\/www.bellunopress.it\/2021\/07\/30\/alessandra-buzzo-confermata-alla-presidenza-della-cadore-s-c-s-vicepresidente-sara-rina-de-lorenzo\/"},"author":{"name":"redazione","@id":"https:\/\/www.bellunopress.it\/#\/schema\/person\/79bb06722b37ece1c03d3e94beb30d73"},"headline":"Alessandra Buzzo confermata alla presidenza della Cadore s.c.s. Vicepresidente sar\u00e0 Rina De Lorenzo","datePublished":"2021-07-30T20:05:01+00:00","mainEntityOfPage":{"@id":"https:\/\/www.bellunopress.it\/2021\/07\/30\/alessandra-buzzo-confermata-alla-presidenza-della-cadore-s-c-s-vicepresidente-sara-rina-de-lorenzo\/"},"wordCount":236,"publisher":{"@id":"https:\/\/www.bellunopress.it\/#organization"},"image":{"@id":"https:\/\/www.bellunopress.it\/2021\/07\/30\/alessandra-buzzo-confermata-alla-presidenza-della-cadore-s-c-s-vicepresidente-sara-rina-de-lorenzo\/#primaryimage"},"thumbnailUrl":"https:\/\/www.bellunopress.it\/wp-content\/uploads\/2020\/08\/alessandra-buzzo_edited.jpg","articleSection":["Societ\u00e0, Associazioni, Istituzioni"],"inLanguage":"fr-FR"},{"@type":"WebPage","@id":"https:\/\/www.bellunopress.it\/2021\/07\/30\/alessandra-buzzo-confermata-alla-presidenza-della-cadore-s-c-s-vicepresidente-sara-rina-de-lorenzo\/","url":"https:\/\/www.bellunopress.it\/2021\/07\/30\/alessandra-buzzo-confermata-alla-presidenza-della-cadore-s-c-s-vicepresidente-sara-rina-de-lorenzo\/","name":"Alessandra Buzzo confermata alla presidenza della Cadore s.c.s. Vicepresidente sar\u00e0 Rina De Lorenzo - Bellunopress - Dolomiti","isPartOf":{"@id":"https:\/\/www.bellunopress.it\/#website"},"primaryImageOfPage":{"@id":"https:\/\/www.bellunopress.it\/2021\/07\/30\/alessandra-buzzo-confermata-alla-presidenza-della-cadore-s-c-s-vicepresidente-sara-rina-de-lorenzo\/#primaryimage"},"image":{"@id":"https:\/\/www.bellunopress.it\/2021\/07\/30\/alessandra-buzzo-confermata-alla-presidenza-della-cadore-s-c-s-vicepresidente-sara-rina-de-lorenzo\/#primaryimage"},"thumbnailUrl":"https:\/\/www.bellunopress.it\/wp-content\/uploads\/2020\/08\/alessandra-buzzo_edited.jpg","datePublished":"2021-07-30T20:05:01+00:00","breadcrumb":{"@id":"https:\/\/www.bellunopress.it\/2021\/07\/30\/alessandra-buzzo-confermata-alla-presidenza-della-cadore-s-c-s-vicepresidente-sara-rina-de-lorenzo\/#breadcrumb"},"inLanguage":"fr-FR","potentialAction":[{"@type":"ReadAction","target":["https:\/\/www.bellunopress.it\/2021\/07\/30\/alessandra-buzzo-confermata-alla-presidenza-della-cadore-s-c-s-vicepresidente-sara-rina-de-lorenzo\/"]}]},{"@type":"ImageObject","inLanguage":"fr-FR","@id":"https:\/\/www.bellunopress.it\/2021\/07\/30\/alessandra-buzzo-confermata-alla-presidenza-della-cadore-s-c-s-vicepresidente-sara-rina-de-lorenzo\/#primaryimage","url":"https:\/\/www.bellunopress.it\/wp-content\/uploads\/2020\/08\/alessandra-buzzo_edited.jpg","contentUrl":"https:\/\/www.bellunopress.it\/wp-content\/uploads\/2020\/08\/alessandra-buzzo_edited.jpg","width":468,"height":425,"caption":"Alessandra Buzzo - Alleanza Verdi e Sinistra"},{"@type":"BreadcrumbList","@id":"https:\/\/www.bellunopress.it\/2021\/07\/30\/alessandra-buzzo-confermata-alla-presidenza-della-cadore-s-c-s-vicepresidente-sara-rina-de-lorenzo\/#breadcrumb","itemListElement":[{"@type":"ListItem","position":1,"name":"Home","item":"https:\/\/www.bellunopress.it\/"},{"@type":"ListItem","position":2,"name":"Alessandra Buzzo confermata alla presidenza della Cadore s.c.s. Vicepresidente sar\u00e0 Rina De Lorenzo"}]},{"@type":"WebSite","@id":"https:\/\/www.bellunopress.it\/#website","url":"https:\/\/www.bellunopress.it\/","name":"Bellunopress - Dolomiti","description":"e-mail: redazione@bellunopress.it","publisher":{"@id":"https:\/\/www.bellunopress.it\/#organization"},"potentialAction":[{"@type":"SearchAction","target":{"@type":"EntryPoint","urlTemplate":"https:\/\/www.bellunopress.it\/?s={search_term_string}"},"query-input":{"@type":"PropertyValueSpecification","valueRequired":true,"valueName":"search_term_string"}}],"inLanguage":"fr-FR"},{"@type":"Organization","@id":"https:\/\/www.bellunopress.it\/#organization","name":"Bellunopress","url":"https:\/\/www.bellunopress.it\/","logo":{"@type":"ImageObject","inLanguage":"fr-FR","@id":"https:\/\/www.bellunopress.it\/#\/schema\/logo\/image\/","url":"https:\/\/www.bellunopress.it\/wp-content\/uploads\/2011\/05\/cropped-logo-bellunopress-.jpg","contentUrl":"https:\/\/www.bellunopress.it\/wp-content\/uploads\/2011\/05\/cropped-logo-bellunopress-.jpg","width":512,"height":512,"caption":"Bellunopress"},"image":{"@id":"https:\/\/www.bellunopress.it\/#\/schema\/logo\/image\/"},"sameAs":["https:\/\/www.facebook.com\/profile.php?id=100008943462799","https:\/\/x.com\/bellunopress","https:\/\/www.linkedin.com\/hp\/?dnr=JBzUWaJfMUw8vbXJJ2tVW5-I3jZKvC4wsoxE&amp;amp;amp;amp;amp;amp;trk=nav_responsive_tab_home","https:\/\/www.youtube.com\/channel\/UCxL0wu1uN0_3_7hGG0306cw"]},{"@type":"Person","@id":"https:\/\/www.bellunopress.it\/#\/schema\/person\/79bb06722b37ece1c03d3e94beb30d73","name":"r\u00e9daction","image":{"@type":"ImageObject","inLanguage":"fr-FR","@id":"https:\/\/secure.gravatar.com\/avatar\/37d968a2e67a6fd04c169c4bdef102d0bc5d31b2546345219e348575eb80e9a0?s=96&d=mm&r=g","url":"https:\/\/secure.gravatar.com\/avatar\/37d968a2e67a6fd04c169c4bdef102d0bc5d31b2546345219e348575eb80e9a0?s=96&d=mm&r=g","contentUrl":"https:\/\/secure.gravatar.com\/avatar\/37d968a2e67a6fd04c169c4bdef102d0bc5d31b2546345219e348575eb80e9a0?s=96&d=mm&r=g","caption":"redazione"},"sameAs":["http:\/\/www.bellunopress.it","https:\/\/x.com\/bellunopress"],"url":"https:\/\/www.bellunopress.it\/fr\/author\/redazione\/"}]}},"_links":{"self":[{"href":"https:\/\/www.bellunopress.it\/fr\/wp-json\/wp\/v2\/posts\/126512","targetHints":{"allow":["GET"]}}],"collection":[{"href":"https:\/\/www.bellunopress.it\/fr\/wp-json\/wp\/v2\/posts"}],"about":[{"href":"https:\/\/www.bellunopress.it\/fr\/wp-json\/wp\/v2\/types\/post"}],"author":[{"embeddable":true,"href":"https:\/\/www.bellunopress.it\/fr\/wp-json\/wp\/v2\/users\/2"}],"replies":[{"embeddable":true,"href":"https:\/\/www.bellunopress.it\/fr\/wp-json\/wp\/v2\/comments?post=126512"}],"version-history":[{"count":1,"href":"https:\/\/www.bellunopress.it\/fr\/wp-json\/wp\/v2\/posts\/126512\/revisions"}],"predecessor-version":[{"id":126513,"href":"https:\/\/www.bellunopress.it\/fr\/wp-json\/wp\/v2\/posts\/126512\/revisions\/126513"}],"wp:featuredmedia":[{"embeddable":true,"href":"https:\/\/www.bellunopress.it\/fr\/wp-json\/wp\/v2\/media\/116602"}],"wp:attachment":[{"href":"https:\/\/www.bellunopress.it\/fr\/wp-json\/wp\/v2\/media?parent=126512"}],"wp:term":[{"taxonomy":"category","embeddable":true,"href":"https:\/\/www.bellunopress.it\/fr\/wp-json\/wp\/v2\/categories?post=126512"},{"taxonomy":"post_tag","embeddable":true,"href":"https:\/\/www.bellunopress.it\/fr\/wp-json\/wp\/v2\/tags?post=126512"}],"curies":[{"name":"wp","href":"https:\/\/api.w.org\/{rel}","templated":true}]}}