{"id":126433,"date":"2021-07-28T15:30:32","date_gmt":"2021-07-28T13:30:32","guid":{"rendered":"https:\/\/www.bellunopress.it\/?p=126433"},"modified":"2021-07-28T15:30:40","modified_gmt":"2021-07-28T13:30:40","slug":"cortina-celebra-i-150-anni-dalla-nomina-della-prima-guida-alpina","status":"publish","type":"post","link":"https:\/\/www.bellunopress.it\/fr\/2021\/07\/28\/cortina-celebra-i-150-anni-dalla-nomina-della-prima-guida-alpina\/","title":{"rendered":"Cortina celebra i 150 anni dalla nomina della prima Guida alpina"},"content":{"rendered":"<figure id=\"attachment_126434\" aria-describedby=\"caption-attachment-126434\" style=\"width: 800px\" class=\"wp-caption alignleft\"><a href=\"https:\/\/www.bellunopress.it\/fr\/2021\/07\/28\/cortina-celebra-i-150-anni-dalla-nomina-della-prima-guida-alpina\/re-alberto-i-e-antonio-dimai-guidealpinecortina_edited\/\" rel=\"attachment wp-att-126434\"><img loading=\"lazy\" decoding=\"async\" class=\"size-full wp-image-126434\" src=\"https:\/\/www.bellunopress.it\/wp-content\/uploads\/2021\/07\/Re-Alberto-I-e-Antonio-Dimai-@guidealpinecortina_edited.jpg\" alt=\"\" width=\"800\" height=\"595\" srcset=\"https:\/\/www.bellunopress.it\/wp-content\/uploads\/2021\/07\/Re-Alberto-I-e-Antonio-Dimai-@guidealpinecortina_edited.jpg 800w, https:\/\/www.bellunopress.it\/wp-content\/uploads\/2021\/07\/Re-Alberto-I-e-Antonio-Dimai-@guidealpinecortina_edited-500x372.jpg 500w, https:\/\/www.bellunopress.it\/wp-content\/uploads\/2021\/07\/Re-Alberto-I-e-Antonio-Dimai-@guidealpinecortina_edited-485x360.jpg 485w, https:\/\/www.bellunopress.it\/wp-content\/uploads\/2021\/07\/Re-Alberto-I-e-Antonio-Dimai-@guidealpinecortina_edited-696x518.jpg 696w, https:\/\/www.bellunopress.it\/wp-content\/uploads\/2021\/07\/Re-Alberto-I-e-Antonio-Dimai-@guidealpinecortina_edited-565x420.jpg 565w, https:\/\/www.bellunopress.it\/wp-content\/uploads\/2021\/07\/Re-Alberto-I-e-Antonio-Dimai-@guidealpinecortina_edited-80x60.jpg 80w, https:\/\/www.bellunopress.it\/wp-content\/uploads\/2021\/07\/Re-Alberto-I-e-Antonio-Dimai-@guidealpinecortina_edited-265x198.jpg 265w\" sizes=\"auto, (max-width: 800px) 100vw, 800px\" \/><\/a><figcaption id=\"caption-attachment-126434\" class=\"wp-caption-text\">Re Alberto e Antonio Dimai @guidealpinecortina<\/figcaption><\/figure>\n<p>A Cortina la tradizione alpinistica nasce in tempi lontani e naturalmente, come parte della vita quotidiana nella valle. Furono i cacciatori infatti i primi a scalare le pareti pi\u00f9 impervie alla cattura delle loro prede.<\/p>\n<p>Col tempo la necessit\u00e0 si trasform\u00f2 in appassionata ambizione, fino a diventare una pietra miliare della storia e dell&#8217;identit\u00e0 della Conca.<\/p>\n<p>La prima generazione di scalatori si apr\u00ec con Paul Grohmann, viennese di origine e pioniere delle Dolomiti: arrivato a Cortina nel 1863, scal\u00f2 la maggior parte delle cime del territorio ampezzano e limitrofo. Il pi\u00f9 delle volte Grohmann venne accompagnato nelle spedizioni da quello che oggi viene ricordato come la prima e una delle pi\u00f9 importanti guide di Cortina: il contadino ampezzano Francesco Lacedelli da Mel\u00e8res, detto Checo da Mel\u00e8res.<\/p>\n<p>Fu proprio Grohmann, nel suo Wanderugen in den Dolomiten, a raccontare cos\u00ec una delle figure pi\u00f9 amate di questa prima generazione di scalatori:<\/p>\n<p>&#8220;Era la miglior guida disponibile, ebbe qualit\u00e0 veramente eccezionali: forza, resistenza, agilit\u00e0, un coraggio a tutta prova che non temeva ostacoli; molto parco di abitudini, era dotato di un senso di orientamento stupendo e di molta ambizione.&#8221;<\/p>\n<p>Checo da Mel\u00e8res, che al tempo dell&#8217;incontro con Grohmann compiva gi\u00e0 63 anni, scal\u00f2 le principali vette di Cortina come la Tofana di Mezzo il 20 agosto del 1863, data che d\u00e0 inizio all&#8217;era dell&#8217;alpinismo ampezzano. L&#8217;alpinista fu il primo a raggiungere la cima della Tofana di Rozes, del Sorap\u00ecs, dell&#8217;Antelao e del Pelmo.<\/p>\n<p>Nonostante Checo da Mel\u00e8res sia tuttora considerato, soprattutto dagli autoctoni, la prima guida alpina di Cortina d&#8217;Ampezzo, per la nomina ufficiale di Guida bisogner\u00e0 aspettare il 26 luglio del 1871, data in cui venne rilasciato il primo &#8220;Libretto di legittimazione per il servizio di guida di montagna nel Tirolo e nel Vorarlberg&#8221;, ovvero il vero documento che autorizzava le guide a praticare il mestiere.<\/p>\n<p>Il primo Libretto fu assegnato a Fulgenzio Dimai D\u00e8o, appartenente a una delle famiglie che verranno ricordate negli anni per i diversi rappresentanti che contribuirono allo sviluppo dell&#8217;alpinismo sportivo alpino.<\/p>\n<p>Nella prima pagina il Libretto riportava la patente di legittimazione per il servizio di guida di montagna nei territori assegnati, nella pagina seguente i dati personali, e in ultimo le pagine bianche, numerate per le osservazioni dei clienti.<\/p>\n<p>Sono dunque trascorsi 150 anni dall&#8217;ufficiale nascita della figura della guida ampezzana, e tante affascinati imprese scrivono la storia alpinistica che porta Cortina ai giorni nostri.<\/p>\n<p>Tra gli importanti anniversari che la localit\u00e0 si appresta a celebrare, l&#8217;apertura di vie classiche rimaste iconiche nell&#8217;immaginario mondiale dell&#8217;arrampicata.<\/p>\n<p>Furono le guide Antonio Dimai ed Agostino Verzi, in compagnia dell&#8217;inglese J.L.Heath, ad aprire il 7 luglio del 1901 la classica via sulla parete sud della Punta Fi\u00e0mes. Gli stessi Verzi e Dimai accompagnarono solo pochi giorni dopo, il 18 di luglio dello stesso anno, le Baronesse austriache E\u00f6tv\u00f6s a raggiungere l&#8217;inviolata vetta della cima Auronzo, m. 2921, e nel mese di agosto percorsero la parete sud della Tofana di Rozes, m. 3225, aprendo la via ad oggi nota come E\u00f6tv\u00f6s &#8211; Dimai.<\/p>\n<p>Tante dunque le motivazioni per celebrare il dna della localit\u00e0 ampezzana, tante le testimonianze dell&#8217;autorevolezza di questi luoghi in materia alpinistica.<\/p>\n<p>Oggi infatti Cortina vanta pi\u00f9 di 1000 vie classiche e moderne, 6 cime oltre i 3000 m e 850 itinerari di arrampicata sportiva, oltre a 15560 m di sentieri attrezzati e pi\u00f9 di 30 vie ferrate.<\/p>\n<p>Cortina si conferma e celebra quest&#8217;anno la sua identit\u00e0 come meta perfetta per vivere la montagna in tutto il suo fascino storico e contemporaneo.<\/p>\n<p>&nbsp;<\/p>\n<p>&nbsp;<\/p>\n<p>&nbsp;<\/p>","protected":false},"excerpt":{"rendered":"<p>A Cortina la tradizione alpinistica nasce in tempi lontani e naturalmente, come parte della vita quotidiana nella valle. Furono i cacciatori infatti i primi a scalare le pareti pi\u00f9 impervie alla cattura delle loro prede. Col tempo la necessit\u00e0 si trasform\u00f2 in appassionata ambizione, fino a diventare una pietra miliare della storia e dell&#8217;identit\u00e0 della [&hellip;]<\/p>\n","protected":false},"author":2,"featured_media":126434,"comment_status":"closed","ping_status":"open","sticky":false,"template":"","format":"standard","meta":{"footnotes":""},"categories":[3,25],"tags":[],"class_list":["post-126433","post","type-post","status-publish","format-standard","has-post-thumbnail","category-arte-cultura-spettacoli-scienza-archivi","category-pausa-caffe"],"yoast_head":"<!-- This site is optimized with the Yoast SEO plugin v28.4 - https:\/\/yoast.com\/product\/yoast-seo-wordpress\/ -->\n<title>Cortina celebra i 150 anni dalla nomina della prima Guida alpina - Bellunopress - Dolomiti<\/title>\n<meta name=\"robots\" content=\"index, follow, max-snippet:-1, max-image-preview:large, max-video-preview:-1\" \/>\n<link rel=\"canonical\" href=\"https:\/\/www.bellunopress.it\/fr\/2021\/07\/28\/cortina-celebra-i-150-anni-dalla-nomina-della-prima-guida-alpina\/\" \/>\n<meta property=\"og:locale\" content=\"fr_FR\" \/>\n<meta property=\"og:type\" content=\"article\" \/>\n<meta property=\"og:title\" content=\"Cortina celebra i 150 anni dalla nomina della prima Guida alpina - Bellunopress - Dolomiti\" \/>\n<meta property=\"og:description\" content=\"A Cortina la tradizione alpinistica nasce in tempi lontani e naturalmente, come parte della vita quotidiana nella valle. Furono i cacciatori infatti i primi a scalare le pareti pi\u00f9 impervie alla cattura delle loro prede. Col tempo la necessit\u00e0 si trasform\u00f2 in appassionata ambizione, fino a diventare una pietra miliare della storia e dell&#8217;identit\u00e0 della [&hellip;]\" \/>\n<meta property=\"og:url\" content=\"https:\/\/www.bellunopress.it\/fr\/2021\/07\/28\/cortina-celebra-i-150-anni-dalla-nomina-della-prima-guida-alpina\/\" \/>\n<meta property=\"og:site_name\" content=\"Bellunopress - Dolomiti\" \/>\n<meta property=\"article:publisher\" content=\"https:\/\/www.facebook.com\/profile.php?id=100008943462799\" \/>\n<meta property=\"article:published_time\" content=\"2021-07-28T13:30:32+00:00\" \/>\n<meta property=\"article:modified_time\" content=\"2021-07-28T13:30:40+00:00\" \/>\n<meta property=\"og:image\" content=\"https:\/\/www.bellunopress.it\/wp-content\/uploads\/2021\/07\/Re-Alberto-I-e-Antonio-Dimai-@guidealpinecortina_edited.jpg\" \/>\n\t<meta property=\"og:image:width\" content=\"800\" \/>\n\t<meta property=\"og:image:height\" content=\"595\" \/>\n\t<meta property=\"og:image:type\" content=\"image\/jpeg\" \/>\n<meta name=\"author\" content=\"redazione\" \/>\n<meta name=\"twitter:card\" content=\"summary_large_image\" \/>\n<meta name=\"twitter:creator\" content=\"@bellunopress\" \/>\n<meta name=\"twitter:site\" content=\"@bellunopress\" \/>\n<meta name=\"twitter:label1\" content=\"\u00c9crit par\" \/>\n\t<meta name=\"twitter:data1\" content=\"redazione\" \/>\n\t<meta name=\"twitter:label2\" content=\"Dur\u00e9e de lecture estim\u00e9e\" \/>\n\t<meta name=\"twitter:data2\" content=\"3 minutes\" \/>\n<script type=\"application\/ld+json\" class=\"yoast-schema-graph\">{\"@context\":\"https:\\\/\\\/schema.org\",\"@graph\":[{\"@type\":\"Article\",\"@id\":\"https:\\\/\\\/www.bellunopress.it\\\/2021\\\/07\\\/28\\\/cortina-celebra-i-150-anni-dalla-nomina-della-prima-guida-alpina\\\/#article\",\"isPartOf\":{\"@id\":\"https:\\\/\\\/www.bellunopress.it\\\/2021\\\/07\\\/28\\\/cortina-celebra-i-150-anni-dalla-nomina-della-prima-guida-alpina\\\/\"},\"author\":{\"name\":\"redazione\",\"@id\":\"https:\\\/\\\/www.bellunopress.it\\\/#\\\/schema\\\/person\\\/79bb06722b37ece1c03d3e94beb30d73\"},\"headline\":\"Cortina celebra i 150 anni dalla nomina della prima Guida alpina\",\"datePublished\":\"2021-07-28T13:30:32+00:00\",\"dateModified\":\"2021-07-28T13:30:40+00:00\",\"mainEntityOfPage\":{\"@id\":\"https:\\\/\\\/www.bellunopress.it\\\/2021\\\/07\\\/28\\\/cortina-celebra-i-150-anni-dalla-nomina-della-prima-guida-alpina\\\/\"},\"wordCount\":619,\"publisher\":{\"@id\":\"https:\\\/\\\/www.bellunopress.it\\\/#organization\"},\"image\":{\"@id\":\"https:\\\/\\\/www.bellunopress.it\\\/2021\\\/07\\\/28\\\/cortina-celebra-i-150-anni-dalla-nomina-della-prima-guida-alpina\\\/#primaryimage\"},\"thumbnailUrl\":\"https:\\\/\\\/www.bellunopress.it\\\/wp-content\\\/uploads\\\/2021\\\/07\\\/Re-Alberto-I-e-Antonio-Dimai-@guidealpinecortina_edited.jpg\",\"articleSection\":[\"Arte, Cultura, Spettacoli, Scienza\",\"Pausa Caff\u00e8\"],\"inLanguage\":\"fr-FR\"},{\"@type\":\"WebPage\",\"@id\":\"https:\\\/\\\/www.bellunopress.it\\\/2021\\\/07\\\/28\\\/cortina-celebra-i-150-anni-dalla-nomina-della-prima-guida-alpina\\\/\",\"url\":\"https:\\\/\\\/www.bellunopress.it\\\/2021\\\/07\\\/28\\\/cortina-celebra-i-150-anni-dalla-nomina-della-prima-guida-alpina\\\/\",\"name\":\"Cortina celebra i 150 anni dalla nomina della prima Guida alpina - Bellunopress - Dolomiti\",\"isPartOf\":{\"@id\":\"https:\\\/\\\/www.bellunopress.it\\\/#website\"},\"primaryImageOfPage\":{\"@id\":\"https:\\\/\\\/www.bellunopress.it\\\/2021\\\/07\\\/28\\\/cortina-celebra-i-150-anni-dalla-nomina-della-prima-guida-alpina\\\/#primaryimage\"},\"image\":{\"@id\":\"https:\\\/\\\/www.bellunopress.it\\\/2021\\\/07\\\/28\\\/cortina-celebra-i-150-anni-dalla-nomina-della-prima-guida-alpina\\\/#primaryimage\"},\"thumbnailUrl\":\"https:\\\/\\\/www.bellunopress.it\\\/wp-content\\\/uploads\\\/2021\\\/07\\\/Re-Alberto-I-e-Antonio-Dimai-@guidealpinecortina_edited.jpg\",\"datePublished\":\"2021-07-28T13:30:32+00:00\",\"dateModified\":\"2021-07-28T13:30:40+00:00\",\"breadcrumb\":{\"@id\":\"https:\\\/\\\/www.bellunopress.it\\\/2021\\\/07\\\/28\\\/cortina-celebra-i-150-anni-dalla-nomina-della-prima-guida-alpina\\\/#breadcrumb\"},\"inLanguage\":\"fr-FR\",\"potentialAction\":[{\"@type\":\"ReadAction\",\"target\":[\"https:\\\/\\\/www.bellunopress.it\\\/2021\\\/07\\\/28\\\/cortina-celebra-i-150-anni-dalla-nomina-della-prima-guida-alpina\\\/\"]}]},{\"@type\":\"ImageObject\",\"inLanguage\":\"fr-FR\",\"@id\":\"https:\\\/\\\/www.bellunopress.it\\\/2021\\\/07\\\/28\\\/cortina-celebra-i-150-anni-dalla-nomina-della-prima-guida-alpina\\\/#primaryimage\",\"url\":\"https:\\\/\\\/www.bellunopress.it\\\/wp-content\\\/uploads\\\/2021\\\/07\\\/Re-Alberto-I-e-Antonio-Dimai-@guidealpinecortina_edited.jpg\",\"contentUrl\":\"https:\\\/\\\/www.bellunopress.it\\\/wp-content\\\/uploads\\\/2021\\\/07\\\/Re-Alberto-I-e-Antonio-Dimai-@guidealpinecortina_edited.jpg\",\"width\":800,\"height\":595,\"caption\":\"Re Alberto e Antonio Dimai @guidealpinecortina\"},{\"@type\":\"BreadcrumbList\",\"@id\":\"https:\\\/\\\/www.bellunopress.it\\\/2021\\\/07\\\/28\\\/cortina-celebra-i-150-anni-dalla-nomina-della-prima-guida-alpina\\\/#breadcrumb\",\"itemListElement\":[{\"@type\":\"ListItem\",\"position\":1,\"name\":\"Home\",\"item\":\"https:\\\/\\\/www.bellunopress.it\\\/\"},{\"@type\":\"ListItem\",\"position\":2,\"name\":\"Cortina celebra i 150 anni dalla nomina della prima Guida alpina\"}]},{\"@type\":\"WebSite\",\"@id\":\"https:\\\/\\\/www.bellunopress.it\\\/#website\",\"url\":\"https:\\\/\\\/www.bellunopress.it\\\/\",\"name\":\"Bellunopress - Dolomiti\",\"description\":\"e-mail: redazione@bellunopress.it\",\"publisher\":{\"@id\":\"https:\\\/\\\/www.bellunopress.it\\\/#organization\"},\"potentialAction\":[{\"@type\":\"SearchAction\",\"target\":{\"@type\":\"EntryPoint\",\"urlTemplate\":\"https:\\\/\\\/www.bellunopress.it\\\/?s={search_term_string}\"},\"query-input\":{\"@type\":\"PropertyValueSpecification\",\"valueRequired\":true,\"valueName\":\"search_term_string\"}}],\"inLanguage\":\"fr-FR\"},{\"@type\":\"Organization\",\"@id\":\"https:\\\/\\\/www.bellunopress.it\\\/#organization\",\"name\":\"Bellunopress\",\"url\":\"https:\\\/\\\/www.bellunopress.it\\\/\",\"logo\":{\"@type\":\"ImageObject\",\"inLanguage\":\"fr-FR\",\"@id\":\"https:\\\/\\\/www.bellunopress.it\\\/#\\\/schema\\\/logo\\\/image\\\/\",\"url\":\"https:\\\/\\\/www.bellunopress.it\\\/wp-content\\\/uploads\\\/2011\\\/05\\\/cropped-logo-bellunopress-.jpg\",\"contentUrl\":\"https:\\\/\\\/www.bellunopress.it\\\/wp-content\\\/uploads\\\/2011\\\/05\\\/cropped-logo-bellunopress-.jpg\",\"width\":512,\"height\":512,\"caption\":\"Bellunopress\"},\"image\":{\"@id\":\"https:\\\/\\\/www.bellunopress.it\\\/#\\\/schema\\\/logo\\\/image\\\/\"},\"sameAs\":[\"https:\\\/\\\/www.facebook.com\\\/profile.php?id=100008943462799\",\"https:\\\/\\\/x.com\\\/bellunopress\",\"https:\\\/\\\/www.linkedin.com\\\/hp\\\/?dnr=JBzUWaJfMUw8vbXJJ2tVW5-I3jZKvC4wsoxE&amp;amp;amp;amp;amp;amp;trk=nav_responsive_tab_home\",\"https:\\\/\\\/www.youtube.com\\\/channel\\\/UCxL0wu1uN0_3_7hGG0306cw\"]},{\"@type\":\"Person\",\"@id\":\"https:\\\/\\\/www.bellunopress.it\\\/#\\\/schema\\\/person\\\/79bb06722b37ece1c03d3e94beb30d73\",\"name\":\"redazione\",\"image\":{\"@type\":\"ImageObject\",\"inLanguage\":\"fr-FR\",\"@id\":\"https:\\\/\\\/secure.gravatar.com\\\/avatar\\\/37d968a2e67a6fd04c169c4bdef102d0bc5d31b2546345219e348575eb80e9a0?s=96&d=mm&r=g\",\"url\":\"https:\\\/\\\/secure.gravatar.com\\\/avatar\\\/37d968a2e67a6fd04c169c4bdef102d0bc5d31b2546345219e348575eb80e9a0?s=96&d=mm&r=g\",\"contentUrl\":\"https:\\\/\\\/secure.gravatar.com\\\/avatar\\\/37d968a2e67a6fd04c169c4bdef102d0bc5d31b2546345219e348575eb80e9a0?s=96&d=mm&r=g\",\"caption\":\"redazione\"},\"sameAs\":[\"http:\\\/\\\/www.bellunopress.it\",\"https:\\\/\\\/x.com\\\/bellunopress\"],\"url\":\"https:\\\/\\\/www.bellunopress.it\\\/fr\\\/author\\\/redazione\\\/\"}]}<\/script>\n<!-- \/ Yoast SEO plugin. -->","yoast_head_json":{"title":"Cortina celebra i 150 anni dalla nomina della prima Guida alpina - Bellunopress - Dolomiti","robots":{"index":"index","follow":"follow","max-snippet":"max-snippet:-1","max-image-preview":"max-image-preview:large","max-video-preview":"max-video-preview:-1"},"canonical":"https:\/\/www.bellunopress.it\/fr\/2021\/07\/28\/cortina-celebra-i-150-anni-dalla-nomina-della-prima-guida-alpina\/","og_locale":"fr_FR","og_type":"article","og_title":"Cortina celebra i 150 anni dalla nomina della prima Guida alpina - Bellunopress - Dolomiti","og_description":"A Cortina la tradizione alpinistica nasce in tempi lontani e naturalmente, come parte della vita quotidiana nella valle. Furono i cacciatori infatti i primi a scalare le pareti pi\u00f9 impervie alla cattura delle loro prede. Col tempo la necessit\u00e0 si trasform\u00f2 in appassionata ambizione, fino a diventare una pietra miliare della storia e dell&#8217;identit\u00e0 della [&hellip;]","og_url":"https:\/\/www.bellunopress.it\/fr\/2021\/07\/28\/cortina-celebra-i-150-anni-dalla-nomina-della-prima-guida-alpina\/","og_site_name":"Bellunopress - Dolomiti","article_publisher":"https:\/\/www.facebook.com\/profile.php?id=100008943462799","article_published_time":"2021-07-28T13:30:32+00:00","article_modified_time":"2021-07-28T13:30:40+00:00","og_image":[{"width":800,"height":595,"url":"https:\/\/www.bellunopress.it\/wp-content\/uploads\/2021\/07\/Re-Alberto-I-e-Antonio-Dimai-@guidealpinecortina_edited.jpg","type":"image\/jpeg"}],"author":"redazione","twitter_card":"summary_large_image","twitter_creator":"@bellunopress","twitter_site":"@bellunopress","twitter_misc":{"\u00c9crit par":"redazione","Dur\u00e9e de lecture estim\u00e9e":"3 minutes"},"schema":{"@context":"https:\/\/schema.org","@graph":[{"@type":"Article","@id":"https:\/\/www.bellunopress.it\/2021\/07\/28\/cortina-celebra-i-150-anni-dalla-nomina-della-prima-guida-alpina\/#article","isPartOf":{"@id":"https:\/\/www.bellunopress.it\/2021\/07\/28\/cortina-celebra-i-150-anni-dalla-nomina-della-prima-guida-alpina\/"},"author":{"name":"redazione","@id":"https:\/\/www.bellunopress.it\/#\/schema\/person\/79bb06722b37ece1c03d3e94beb30d73"},"headline":"Cortina celebra i 150 anni dalla nomina della prima Guida alpina","datePublished":"2021-07-28T13:30:32+00:00","dateModified":"2021-07-28T13:30:40+00:00","mainEntityOfPage":{"@id":"https:\/\/www.bellunopress.it\/2021\/07\/28\/cortina-celebra-i-150-anni-dalla-nomina-della-prima-guida-alpina\/"},"wordCount":619,"publisher":{"@id":"https:\/\/www.bellunopress.it\/#organization"},"image":{"@id":"https:\/\/www.bellunopress.it\/2021\/07\/28\/cortina-celebra-i-150-anni-dalla-nomina-della-prima-guida-alpina\/#primaryimage"},"thumbnailUrl":"https:\/\/www.bellunopress.it\/wp-content\/uploads\/2021\/07\/Re-Alberto-I-e-Antonio-Dimai-@guidealpinecortina_edited.jpg","articleSection":["Arte, Cultura, Spettacoli, Scienza","Pausa Caff\u00e8"],"inLanguage":"fr-FR"},{"@type":"WebPage","@id":"https:\/\/www.bellunopress.it\/2021\/07\/28\/cortina-celebra-i-150-anni-dalla-nomina-della-prima-guida-alpina\/","url":"https:\/\/www.bellunopress.it\/2021\/07\/28\/cortina-celebra-i-150-anni-dalla-nomina-della-prima-guida-alpina\/","name":"Cortina celebra i 150 anni dalla nomina della prima Guida alpina - Bellunopress - Dolomiti","isPartOf":{"@id":"https:\/\/www.bellunopress.it\/#website"},"primaryImageOfPage":{"@id":"https:\/\/www.bellunopress.it\/2021\/07\/28\/cortina-celebra-i-150-anni-dalla-nomina-della-prima-guida-alpina\/#primaryimage"},"image":{"@id":"https:\/\/www.bellunopress.it\/2021\/07\/28\/cortina-celebra-i-150-anni-dalla-nomina-della-prima-guida-alpina\/#primaryimage"},"thumbnailUrl":"https:\/\/www.bellunopress.it\/wp-content\/uploads\/2021\/07\/Re-Alberto-I-e-Antonio-Dimai-@guidealpinecortina_edited.jpg","datePublished":"2021-07-28T13:30:32+00:00","dateModified":"2021-07-28T13:30:40+00:00","breadcrumb":{"@id":"https:\/\/www.bellunopress.it\/2021\/07\/28\/cortina-celebra-i-150-anni-dalla-nomina-della-prima-guida-alpina\/#breadcrumb"},"inLanguage":"fr-FR","potentialAction":[{"@type":"ReadAction","target":["https:\/\/www.bellunopress.it\/2021\/07\/28\/cortina-celebra-i-150-anni-dalla-nomina-della-prima-guida-alpina\/"]}]},{"@type":"ImageObject","inLanguage":"fr-FR","@id":"https:\/\/www.bellunopress.it\/2021\/07\/28\/cortina-celebra-i-150-anni-dalla-nomina-della-prima-guida-alpina\/#primaryimage","url":"https:\/\/www.bellunopress.it\/wp-content\/uploads\/2021\/07\/Re-Alberto-I-e-Antonio-Dimai-@guidealpinecortina_edited.jpg","contentUrl":"https:\/\/www.bellunopress.it\/wp-content\/uploads\/2021\/07\/Re-Alberto-I-e-Antonio-Dimai-@guidealpinecortina_edited.jpg","width":800,"height":595,"caption":"Re Alberto e Antonio Dimai @guidealpinecortina"},{"@type":"BreadcrumbList","@id":"https:\/\/www.bellunopress.it\/2021\/07\/28\/cortina-celebra-i-150-anni-dalla-nomina-della-prima-guida-alpina\/#breadcrumb","itemListElement":[{"@type":"ListItem","position":1,"name":"Home","item":"https:\/\/www.bellunopress.it\/"},{"@type":"ListItem","position":2,"name":"Cortina celebra i 150 anni dalla nomina della prima Guida alpina"}]},{"@type":"WebSite","@id":"https:\/\/www.bellunopress.it\/#website","url":"https:\/\/www.bellunopress.it\/","name":"Bellunopress - Dolomiti","description":"e-mail: redazione@bellunopress.it","publisher":{"@id":"https:\/\/www.bellunopress.it\/#organization"},"potentialAction":[{"@type":"SearchAction","target":{"@type":"EntryPoint","urlTemplate":"https:\/\/www.bellunopress.it\/?s={search_term_string}"},"query-input":{"@type":"PropertyValueSpecification","valueRequired":true,"valueName":"search_term_string"}}],"inLanguage":"fr-FR"},{"@type":"Organization","@id":"https:\/\/www.bellunopress.it\/#organization","name":"Bellunopress","url":"https:\/\/www.bellunopress.it\/","logo":{"@type":"ImageObject","inLanguage":"fr-FR","@id":"https:\/\/www.bellunopress.it\/#\/schema\/logo\/image\/","url":"https:\/\/www.bellunopress.it\/wp-content\/uploads\/2011\/05\/cropped-logo-bellunopress-.jpg","contentUrl":"https:\/\/www.bellunopress.it\/wp-content\/uploads\/2011\/05\/cropped-logo-bellunopress-.jpg","width":512,"height":512,"caption":"Bellunopress"},"image":{"@id":"https:\/\/www.bellunopress.it\/#\/schema\/logo\/image\/"},"sameAs":["https:\/\/www.facebook.com\/profile.php?id=100008943462799","https:\/\/x.com\/bellunopress","https:\/\/www.linkedin.com\/hp\/?dnr=JBzUWaJfMUw8vbXJJ2tVW5-I3jZKvC4wsoxE&amp;amp;amp;amp;amp;amp;trk=nav_responsive_tab_home","https:\/\/www.youtube.com\/channel\/UCxL0wu1uN0_3_7hGG0306cw"]},{"@type":"Person","@id":"https:\/\/www.bellunopress.it\/#\/schema\/person\/79bb06722b37ece1c03d3e94beb30d73","name":"r\u00e9daction","image":{"@type":"ImageObject","inLanguage":"fr-FR","@id":"https:\/\/secure.gravatar.com\/avatar\/37d968a2e67a6fd04c169c4bdef102d0bc5d31b2546345219e348575eb80e9a0?s=96&d=mm&r=g","url":"https:\/\/secure.gravatar.com\/avatar\/37d968a2e67a6fd04c169c4bdef102d0bc5d31b2546345219e348575eb80e9a0?s=96&d=mm&r=g","contentUrl":"https:\/\/secure.gravatar.com\/avatar\/37d968a2e67a6fd04c169c4bdef102d0bc5d31b2546345219e348575eb80e9a0?s=96&d=mm&r=g","caption":"redazione"},"sameAs":["http:\/\/www.bellunopress.it","https:\/\/x.com\/bellunopress"],"url":"https:\/\/www.bellunopress.it\/fr\/author\/redazione\/"}]}},"_links":{"self":[{"href":"https:\/\/www.bellunopress.it\/fr\/wp-json\/wp\/v2\/posts\/126433","targetHints":{"allow":["GET"]}}],"collection":[{"href":"https:\/\/www.bellunopress.it\/fr\/wp-json\/wp\/v2\/posts"}],"about":[{"href":"https:\/\/www.bellunopress.it\/fr\/wp-json\/wp\/v2\/types\/post"}],"author":[{"embeddable":true,"href":"https:\/\/www.bellunopress.it\/fr\/wp-json\/wp\/v2\/users\/2"}],"replies":[{"embeddable":true,"href":"https:\/\/www.bellunopress.it\/fr\/wp-json\/wp\/v2\/comments?post=126433"}],"version-history":[{"count":2,"href":"https:\/\/www.bellunopress.it\/fr\/wp-json\/wp\/v2\/posts\/126433\/revisions"}],"predecessor-version":[{"id":126436,"href":"https:\/\/www.bellunopress.it\/fr\/wp-json\/wp\/v2\/posts\/126433\/revisions\/126436"}],"wp:featuredmedia":[{"embeddable":true,"href":"https:\/\/www.bellunopress.it\/fr\/wp-json\/wp\/v2\/media\/126434"}],"wp:attachment":[{"href":"https:\/\/www.bellunopress.it\/fr\/wp-json\/wp\/v2\/media?parent=126433"}],"wp:term":[{"taxonomy":"category","embeddable":true,"href":"https:\/\/www.bellunopress.it\/fr\/wp-json\/wp\/v2\/categories?post=126433"},{"taxonomy":"post_tag","embeddable":true,"href":"https:\/\/www.bellunopress.it\/fr\/wp-json\/wp\/v2\/tags?post=126433"}],"curies":[{"name":"wp","href":"https:\/\/api.w.org\/{rel}","templated":true}]}}