{"id":12629,"date":"2010-02-17T20:54:15","date_gmt":"2010-02-17T19:54:15","guid":{"rendered":"http:\/\/www.bellunopress.it\/?p=12629"},"modified":"2010-02-17T20:54:15","modified_gmt":"2010-02-17T19:54:15","slug":"a-cena-sotto-le-stelle","status":"publish","type":"post","link":"https:\/\/www.bellunopress.it\/fr\/2010\/02\/17\/a-cena-sotto-le-stelle\/","title":{"rendered":"A cena sotto le stelle"},"content":{"rendered":"<p>Gioved\u00ec 18 febbraio appuntamento con la buona cucina al Rifugio Col Drusci\u00e8\u00a0 (Cortina d&#8217;Ampezzo)e le meraviglie del cielo.\u00a0 Una serata organizzata dall\u2019Associazione Astronomica Cortina. Nuovo appuntamento gioved\u00ec 18 febbraio con \u201cA Cena sotto le Stelle\u201d. Una serata, organizzata dall\u2019Associazione Astronomica Cortina, che coniuga in un mix unico, momenti enogastronomici all\u2019osservazione del cielo stellato. Da quest\u2019anno la serata si arricchisce di una nuova proposta: ad anticipare la cena tipica al\u00a0 Rifugio Col Drusci\u00e8 ci sar\u00e0. alle 19.30, la visita al nuovissimo Planetario Cortina intitolato alla figura di Nicol\u00f2 Cusano. Un vero viaggio nel tempo e nello spazio, grazie alle proiezioni sulla grande cupola di quasi 8,4 metri. Il Planetario permette infatti di mostrare qualsiasi porzione di cielo riferita a una determinata ora, posizione e latitudine, i movimenti simulati e accelerati della volta celeste, del Sole della Luna e di tutti i pianeti. L\u2019occasione per imparare a conoscere stelle, pianeti, costellazioni per poi immergersi nell&#8217;atmosfera di Giove o ammirare il pianeta Terra da un asteroide, e poi ancora scoprire il cielo australe e imparare a riconoscere le meraviglie luminose del cielo. Al termine della proiezioni si salir\u00e0, verso le 20.15, con la funivia Freccia verso il rifugio Col Drusci\u00e8 che proporr\u00e0 agli ospiti le specialit\u00e0 tipiche della buona cucina di montagna. Al termine della cena la serata proseguir\u00e0 all\u2019Osservatorio del Col Drusci\u00e8, per assistere questa volta dal vivo allo spettacolo offerto dalle meraviglie del cielo invernale. Guidati dalla sapiente maestria dei soci dell\u2019Associazione Astronomica Cortina, si potranno ammirare, con il potente telescopio \u201cUllrich\u201d, i segreti pi\u00f9 nascosti della Luna, \u201csorvolando\u201d con lo sguardo le valli, le pianure e i crateri selenici; ammirare la sorprendente delicatezza dell\u2019intreccio di nebulose che avvolgono il Trapezio, al centro della Nebulosa di Orione; e ancora divertirsi a contare le centinaia di stelle che popolano, come brillanti in uno scrigno, l\u2019ammasso delle Plejadi nella costellazione del Toro. Tutto questo immersi in un cielo ancora straordinariamente limpido e buio, avvolti dalle costellazioni dello Zodiaco e dalla Via Lattea, perfettamente visibile da Cortina anche nelle sue propaggini pi\u00f9 deboli.<br \/>\nProgramma della serata:<br \/>\n&#8211; ore 19.30: visita al nuovo Planetario &#8220;Nicol\u00f2 Cusano&#8221;, con simulazioni del cielo stellato e proiezione di spettacolari filmati.<br \/>\n&#8211; ore 20.15: salita in funivia al Rifugio Col Drusci\u00e8 con cena e degustazione di prodotti tipici.<br \/>\n&#8211; dopo cena: osservazione delle costellazioni e di alcuni oggetti del cielo stellato con gli strumenti dell&#8217;Osservatorio del Col Drusci\u00e8.<br \/>\nInfo e prenotazioni: 0436\/862372 &#8211; 338\/6163428.<\/p>","protected":false},"excerpt":{"rendered":"<p>Gioved\u00ec 18 febbraio appuntamento con la buona cucina al Rifugio Col Drusci\u00e8\u00a0 (Cortina d&#8217;Ampezzo)e le meraviglie del cielo.\u00a0 Una serata organizzata dall\u2019Associazione Astronomica Cortina. Nuovo appuntamento gioved\u00ec 18 febbraio con \u201cA Cena sotto le Stelle\u201d. Una serata, organizzata dall\u2019Associazione Astronomica Cortina, che coniuga in un mix unico, momenti enogastronomici all\u2019osservazione del cielo stellato. Da quest\u2019anno [&hellip;]<\/p>\n","protected":false},"author":2,"featured_media":0,"comment_status":"closed","ping_status":"open","sticky":false,"template":"","format":"standard","meta":{"footnotes":""},"categories":[25,8],"tags":[124,123],"class_list":["post-12629","post","type-post","status-publish","format-standard","category-pausa-caffe","category-societa-istituzioni","tag-cortina-dampezzo","tag-rifugio-col-druscie"],"yoast_head":"<!-- This site is optimized with the Yoast SEO plugin v28.4 - https:\/\/yoast.com\/product\/yoast-seo-wordpress\/ -->\n<title>A cena sotto le stelle  - Bellunopress - Dolomiti<\/title>\n<meta name=\"robots\" content=\"index, follow, max-snippet:-1, max-image-preview:large, max-video-preview:-1\" \/>\n<link rel=\"canonical\" href=\"https:\/\/www.bellunopress.it\/fr\/2010\/02\/17\/a-cena-sotto-le-stelle\/\" \/>\n<meta property=\"og:locale\" content=\"fr_FR\" \/>\n<meta property=\"og:type\" content=\"article\" \/>\n<meta property=\"og:title\" content=\"A cena sotto le stelle  - Bellunopress - Dolomiti\" \/>\n<meta property=\"og:description\" content=\"Gioved\u00ec 18 febbraio appuntamento con la buona cucina al Rifugio Col Drusci\u00e8\u00a0 (Cortina d&#8217;Ampezzo)e le meraviglie del cielo.\u00a0 Una serata organizzata dall\u2019Associazione Astronomica Cortina. Nuovo appuntamento gioved\u00ec 18 febbraio con \u201cA Cena sotto le Stelle\u201d. Una serata, organizzata dall\u2019Associazione Astronomica Cortina, che coniuga in un mix unico, momenti enogastronomici all\u2019osservazione del cielo stellato. Da quest\u2019anno [&hellip;]\" \/>\n<meta property=\"og:url\" content=\"https:\/\/www.bellunopress.it\/fr\/2010\/02\/17\/a-cena-sotto-le-stelle\/\" \/>\n<meta property=\"og:site_name\" content=\"Bellunopress - Dolomiti\" \/>\n<meta property=\"article:publisher\" content=\"https:\/\/www.facebook.com\/profile.php?id=100008943462799\" \/>\n<meta property=\"article:published_time\" content=\"2010-02-17T19:54:15+00:00\" \/>\n<meta property=\"og:image\" content=\"http:\/\/www.bellunopress.it\/wp-content\/uploads\/2012\/07\/logo-bellunopress-250x250-2012.jpg\" \/>\n<meta name=\"author\" content=\"redazione\" \/>\n<meta name=\"twitter:card\" content=\"summary_large_image\" \/>\n<meta name=\"twitter:creator\" content=\"@bellunopress\" \/>\n<meta name=\"twitter:site\" content=\"@bellunopress\" \/>\n<meta name=\"twitter:label1\" content=\"\u00c9crit par\" \/>\n\t<meta name=\"twitter:data1\" content=\"redazione\" \/>\n\t<meta name=\"twitter:label2\" content=\"Dur\u00e9e de lecture estim\u00e9e\" \/>\n\t<meta name=\"twitter:data2\" content=\"2 minutes\" \/>\n<script type=\"application\/ld+json\" class=\"yoast-schema-graph\">{\"@context\":\"https:\\\/\\\/schema.org\",\"@graph\":[{\"@type\":\"Article\",\"@id\":\"https:\\\/\\\/www.bellunopress.it\\\/2010\\\/02\\\/17\\\/a-cena-sotto-le-stelle\\\/#article\",\"isPartOf\":{\"@id\":\"https:\\\/\\\/www.bellunopress.it\\\/2010\\\/02\\\/17\\\/a-cena-sotto-le-stelle\\\/\"},\"author\":{\"name\":\"redazione\",\"@id\":\"https:\\\/\\\/www.bellunopress.it\\\/#\\\/schema\\\/person\\\/79bb06722b37ece1c03d3e94beb30d73\"},\"headline\":\"A cena sotto le stelle\",\"datePublished\":\"2010-02-17T19:54:15+00:00\",\"mainEntityOfPage\":{\"@id\":\"https:\\\/\\\/www.bellunopress.it\\\/2010\\\/02\\\/17\\\/a-cena-sotto-le-stelle\\\/\"},\"wordCount\":413,\"publisher\":{\"@id\":\"https:\\\/\\\/www.bellunopress.it\\\/#organization\"},\"keywords\":[\"Cortina d'Ampezzo\",\"Rifugio Col Drusci\u00e8\"],\"articleSection\":[\"Pausa Caff\u00e8\",\"Societ\u00e0, Associazioni, Istituzioni\"],\"inLanguage\":\"fr-FR\"},{\"@type\":\"WebPage\",\"@id\":\"https:\\\/\\\/www.bellunopress.it\\\/2010\\\/02\\\/17\\\/a-cena-sotto-le-stelle\\\/\",\"url\":\"https:\\\/\\\/www.bellunopress.it\\\/2010\\\/02\\\/17\\\/a-cena-sotto-le-stelle\\\/\",\"name\":\"A cena sotto le stelle - Bellunopress - Dolomiti\",\"isPartOf\":{\"@id\":\"https:\\\/\\\/www.bellunopress.it\\\/#website\"},\"datePublished\":\"2010-02-17T19:54:15+00:00\",\"breadcrumb\":{\"@id\":\"https:\\\/\\\/www.bellunopress.it\\\/2010\\\/02\\\/17\\\/a-cena-sotto-le-stelle\\\/#breadcrumb\"},\"inLanguage\":\"fr-FR\",\"potentialAction\":[{\"@type\":\"ReadAction\",\"target\":[\"https:\\\/\\\/www.bellunopress.it\\\/2010\\\/02\\\/17\\\/a-cena-sotto-le-stelle\\\/\"]}]},{\"@type\":\"BreadcrumbList\",\"@id\":\"https:\\\/\\\/www.bellunopress.it\\\/2010\\\/02\\\/17\\\/a-cena-sotto-le-stelle\\\/#breadcrumb\",\"itemListElement\":[{\"@type\":\"ListItem\",\"position\":1,\"name\":\"Home\",\"item\":\"https:\\\/\\\/www.bellunopress.it\\\/\"},{\"@type\":\"ListItem\",\"position\":2,\"name\":\"A cena sotto le stelle\"}]},{\"@type\":\"WebSite\",\"@id\":\"https:\\\/\\\/www.bellunopress.it\\\/#website\",\"url\":\"https:\\\/\\\/www.bellunopress.it\\\/\",\"name\":\"Bellunopress - Dolomiti\",\"description\":\"e-mail: redazione@bellunopress.it\",\"publisher\":{\"@id\":\"https:\\\/\\\/www.bellunopress.it\\\/#organization\"},\"potentialAction\":[{\"@type\":\"SearchAction\",\"target\":{\"@type\":\"EntryPoint\",\"urlTemplate\":\"https:\\\/\\\/www.bellunopress.it\\\/?s={search_term_string}\"},\"query-input\":{\"@type\":\"PropertyValueSpecification\",\"valueRequired\":true,\"valueName\":\"search_term_string\"}}],\"inLanguage\":\"fr-FR\"},{\"@type\":\"Organization\",\"@id\":\"https:\\\/\\\/www.bellunopress.it\\\/#organization\",\"name\":\"Bellunopress\",\"url\":\"https:\\\/\\\/www.bellunopress.it\\\/\",\"logo\":{\"@type\":\"ImageObject\",\"inLanguage\":\"fr-FR\",\"@id\":\"https:\\\/\\\/www.bellunopress.it\\\/#\\\/schema\\\/logo\\\/image\\\/\",\"url\":\"https:\\\/\\\/www.bellunopress.it\\\/wp-content\\\/uploads\\\/2011\\\/05\\\/cropped-logo-bellunopress-.jpg\",\"contentUrl\":\"https:\\\/\\\/www.bellunopress.it\\\/wp-content\\\/uploads\\\/2011\\\/05\\\/cropped-logo-bellunopress-.jpg\",\"width\":512,\"height\":512,\"caption\":\"Bellunopress\"},\"image\":{\"@id\":\"https:\\\/\\\/www.bellunopress.it\\\/#\\\/schema\\\/logo\\\/image\\\/\"},\"sameAs\":[\"https:\\\/\\\/www.facebook.com\\\/profile.php?id=100008943462799\",\"https:\\\/\\\/x.com\\\/bellunopress\",\"https:\\\/\\\/www.linkedin.com\\\/hp\\\/?dnr=JBzUWaJfMUw8vbXJJ2tVW5-I3jZKvC4wsoxE&amp;amp;amp;amp;amp;amp;trk=nav_responsive_tab_home\",\"https:\\\/\\\/www.youtube.com\\\/channel\\\/UCxL0wu1uN0_3_7hGG0306cw\"]},{\"@type\":\"Person\",\"@id\":\"https:\\\/\\\/www.bellunopress.it\\\/#\\\/schema\\\/person\\\/79bb06722b37ece1c03d3e94beb30d73\",\"name\":\"redazione\",\"image\":{\"@type\":\"ImageObject\",\"inLanguage\":\"fr-FR\",\"@id\":\"https:\\\/\\\/secure.gravatar.com\\\/avatar\\\/37d968a2e67a6fd04c169c4bdef102d0bc5d31b2546345219e348575eb80e9a0?s=96&d=mm&r=g\",\"url\":\"https:\\\/\\\/secure.gravatar.com\\\/avatar\\\/37d968a2e67a6fd04c169c4bdef102d0bc5d31b2546345219e348575eb80e9a0?s=96&d=mm&r=g\",\"contentUrl\":\"https:\\\/\\\/secure.gravatar.com\\\/avatar\\\/37d968a2e67a6fd04c169c4bdef102d0bc5d31b2546345219e348575eb80e9a0?s=96&d=mm&r=g\",\"caption\":\"redazione\"},\"sameAs\":[\"http:\\\/\\\/www.bellunopress.it\",\"https:\\\/\\\/x.com\\\/bellunopress\"],\"url\":\"https:\\\/\\\/www.bellunopress.it\\\/fr\\\/author\\\/redazione\\\/\"}]}<\/script>\n<!-- \/ Yoast SEO plugin. -->","yoast_head_json":{"title":"A cena sotto le stelle  - Bellunopress - Dolomiti","robots":{"index":"index","follow":"follow","max-snippet":"max-snippet:-1","max-image-preview":"max-image-preview:large","max-video-preview":"max-video-preview:-1"},"canonical":"https:\/\/www.bellunopress.it\/fr\/2010\/02\/17\/a-cena-sotto-le-stelle\/","og_locale":"fr_FR","og_type":"article","og_title":"A cena sotto le stelle  - Bellunopress - Dolomiti","og_description":"Gioved\u00ec 18 febbraio appuntamento con la buona cucina al Rifugio Col Drusci\u00e8\u00a0 (Cortina d&#8217;Ampezzo)e le meraviglie del cielo.\u00a0 Una serata organizzata dall\u2019Associazione Astronomica Cortina. Nuovo appuntamento gioved\u00ec 18 febbraio con \u201cA Cena sotto le Stelle\u201d. Una serata, organizzata dall\u2019Associazione Astronomica Cortina, che coniuga in un mix unico, momenti enogastronomici all\u2019osservazione del cielo stellato. Da quest\u2019anno [&hellip;]","og_url":"https:\/\/www.bellunopress.it\/fr\/2010\/02\/17\/a-cena-sotto-le-stelle\/","og_site_name":"Bellunopress - Dolomiti","article_publisher":"https:\/\/www.facebook.com\/profile.php?id=100008943462799","article_published_time":"2010-02-17T19:54:15+00:00","og_image":[{"url":"http:\/\/www.bellunopress.it\/wp-content\/uploads\/2012\/07\/logo-bellunopress-250x250-2012.jpg","type":"","width":"","height":""}],"author":"redazione","twitter_card":"summary_large_image","twitter_creator":"@bellunopress","twitter_site":"@bellunopress","twitter_misc":{"\u00c9crit par":"redazione","Dur\u00e9e de lecture estim\u00e9e":"2 minutes"},"schema":{"@context":"https:\/\/schema.org","@graph":[{"@type":"Article","@id":"https:\/\/www.bellunopress.it\/2010\/02\/17\/a-cena-sotto-le-stelle\/#article","isPartOf":{"@id":"https:\/\/www.bellunopress.it\/2010\/02\/17\/a-cena-sotto-le-stelle\/"},"author":{"name":"redazione","@id":"https:\/\/www.bellunopress.it\/#\/schema\/person\/79bb06722b37ece1c03d3e94beb30d73"},"headline":"A cena sotto le stelle","datePublished":"2010-02-17T19:54:15+00:00","mainEntityOfPage":{"@id":"https:\/\/www.bellunopress.it\/2010\/02\/17\/a-cena-sotto-le-stelle\/"},"wordCount":413,"publisher":{"@id":"https:\/\/www.bellunopress.it\/#organization"},"keywords":["Cortina d'Ampezzo","Rifugio Col Drusci\u00e8"],"articleSection":["Pausa Caff\u00e8","Societ\u00e0, Associazioni, Istituzioni"],"inLanguage":"fr-FR"},{"@type":"WebPage","@id":"https:\/\/www.bellunopress.it\/2010\/02\/17\/a-cena-sotto-le-stelle\/","url":"https:\/\/www.bellunopress.it\/2010\/02\/17\/a-cena-sotto-le-stelle\/","name":"A cena sotto le stelle - Bellunopress - Dolomiti","isPartOf":{"@id":"https:\/\/www.bellunopress.it\/#website"},"datePublished":"2010-02-17T19:54:15+00:00","breadcrumb":{"@id":"https:\/\/www.bellunopress.it\/2010\/02\/17\/a-cena-sotto-le-stelle\/#breadcrumb"},"inLanguage":"fr-FR","potentialAction":[{"@type":"ReadAction","target":["https:\/\/www.bellunopress.it\/2010\/02\/17\/a-cena-sotto-le-stelle\/"]}]},{"@type":"BreadcrumbList","@id":"https:\/\/www.bellunopress.it\/2010\/02\/17\/a-cena-sotto-le-stelle\/#breadcrumb","itemListElement":[{"@type":"ListItem","position":1,"name":"Home","item":"https:\/\/www.bellunopress.it\/"},{"@type":"ListItem","position":2,"name":"A cena sotto le stelle"}]},{"@type":"WebSite","@id":"https:\/\/www.bellunopress.it\/#website","url":"https:\/\/www.bellunopress.it\/","name":"Bellunopress - Dolomiti","description":"e-mail: redazione@bellunopress.it","publisher":{"@id":"https:\/\/www.bellunopress.it\/#organization"},"potentialAction":[{"@type":"SearchAction","target":{"@type":"EntryPoint","urlTemplate":"https:\/\/www.bellunopress.it\/?s={search_term_string}"},"query-input":{"@type":"PropertyValueSpecification","valueRequired":true,"valueName":"search_term_string"}}],"inLanguage":"fr-FR"},{"@type":"Organization","@id":"https:\/\/www.bellunopress.it\/#organization","name":"Bellunopress","url":"https:\/\/www.bellunopress.it\/","logo":{"@type":"ImageObject","inLanguage":"fr-FR","@id":"https:\/\/www.bellunopress.it\/#\/schema\/logo\/image\/","url":"https:\/\/www.bellunopress.it\/wp-content\/uploads\/2011\/05\/cropped-logo-bellunopress-.jpg","contentUrl":"https:\/\/www.bellunopress.it\/wp-content\/uploads\/2011\/05\/cropped-logo-bellunopress-.jpg","width":512,"height":512,"caption":"Bellunopress"},"image":{"@id":"https:\/\/www.bellunopress.it\/#\/schema\/logo\/image\/"},"sameAs":["https:\/\/www.facebook.com\/profile.php?id=100008943462799","https:\/\/x.com\/bellunopress","https:\/\/www.linkedin.com\/hp\/?dnr=JBzUWaJfMUw8vbXJJ2tVW5-I3jZKvC4wsoxE&amp;amp;amp;amp;amp;amp;trk=nav_responsive_tab_home","https:\/\/www.youtube.com\/channel\/UCxL0wu1uN0_3_7hGG0306cw"]},{"@type":"Person","@id":"https:\/\/www.bellunopress.it\/#\/schema\/person\/79bb06722b37ece1c03d3e94beb30d73","name":"r\u00e9daction","image":{"@type":"ImageObject","inLanguage":"fr-FR","@id":"https:\/\/secure.gravatar.com\/avatar\/37d968a2e67a6fd04c169c4bdef102d0bc5d31b2546345219e348575eb80e9a0?s=96&d=mm&r=g","url":"https:\/\/secure.gravatar.com\/avatar\/37d968a2e67a6fd04c169c4bdef102d0bc5d31b2546345219e348575eb80e9a0?s=96&d=mm&r=g","contentUrl":"https:\/\/secure.gravatar.com\/avatar\/37d968a2e67a6fd04c169c4bdef102d0bc5d31b2546345219e348575eb80e9a0?s=96&d=mm&r=g","caption":"redazione"},"sameAs":["http:\/\/www.bellunopress.it","https:\/\/x.com\/bellunopress"],"url":"https:\/\/www.bellunopress.it\/fr\/author\/redazione\/"}]}},"_links":{"self":[{"href":"https:\/\/www.bellunopress.it\/fr\/wp-json\/wp\/v2\/posts\/12629","targetHints":{"allow":["GET"]}}],"collection":[{"href":"https:\/\/www.bellunopress.it\/fr\/wp-json\/wp\/v2\/posts"}],"about":[{"href":"https:\/\/www.bellunopress.it\/fr\/wp-json\/wp\/v2\/types\/post"}],"author":[{"embeddable":true,"href":"https:\/\/www.bellunopress.it\/fr\/wp-json\/wp\/v2\/users\/2"}],"replies":[{"embeddable":true,"href":"https:\/\/www.bellunopress.it\/fr\/wp-json\/wp\/v2\/comments?post=12629"}],"version-history":[{"count":1,"href":"https:\/\/www.bellunopress.it\/fr\/wp-json\/wp\/v2\/posts\/12629\/revisions"}],"predecessor-version":[{"id":12630,"href":"https:\/\/www.bellunopress.it\/fr\/wp-json\/wp\/v2\/posts\/12629\/revisions\/12630"}],"wp:attachment":[{"href":"https:\/\/www.bellunopress.it\/fr\/wp-json\/wp\/v2\/media?parent=12629"}],"wp:term":[{"taxonomy":"category","embeddable":true,"href":"https:\/\/www.bellunopress.it\/fr\/wp-json\/wp\/v2\/categories?post=12629"},{"taxonomy":"post_tag","embeddable":true,"href":"https:\/\/www.bellunopress.it\/fr\/wp-json\/wp\/v2\/tags?post=12629"}],"curies":[{"name":"wp","href":"https:\/\/api.w.org\/{rel}","templated":true}]}}