{"id":126250,"date":"2021-07-23T17:31:39","date_gmt":"2021-07-23T15:31:39","guid":{"rendered":"https:\/\/www.bellunopress.it\/?p=126250"},"modified":"2021-07-23T17:31:39","modified_gmt":"2021-07-23T15:31:39","slug":"buono-libri-approvato-il-nuovo-bando-regionale-donazzan-confermiamo-la-misura-a-sostegno-del-diritto-allo-studio","status":"publish","type":"post","link":"https:\/\/www.bellunopress.it\/fr\/2021\/07\/23\/buono-libri-approvato-il-nuovo-bando-regionale-donazzan-confermiamo-la-misura-a-sostegno-del-diritto-allo-studio\/","title":{"rendered":"Buono libri. Approvato il nuovo bando regionale. Donazzan: &#8220;Confermiamo la misura a sostegno del diritto allo studio&#8221;"},"content":{"rendered":"<figure id=\"attachment_116119\" aria-describedby=\"caption-attachment-116119\" style=\"width: 597px\" class=\"wp-caption alignleft\"><a href=\"https:\/\/www.bellunopress.it\/fr\/2020\/07\/26\/scuola-donazzan-richiesti-2-milioni-di-banchi-con-le-rotelle-pericolosi-e-poco-funzionali-per-non-parlare-del-caos-degli-organici\/elena-donazzan_edited\/\" rel=\"attachment wp-att-116119\"><img loading=\"lazy\" decoding=\"async\" class=\"size-full wp-image-116119\" src=\"https:\/\/www.bellunopress.it\/wp-content\/uploads\/2020\/07\/Elena-Donazzan_edited.jpg\" alt=\"\" width=\"597\" height=\"800\" srcset=\"https:\/\/www.bellunopress.it\/wp-content\/uploads\/2020\/07\/Elena-Donazzan_edited.jpg 597w, https:\/\/www.bellunopress.it\/wp-content\/uploads\/2020\/07\/Elena-Donazzan_edited-373x500.jpg 373w, https:\/\/www.bellunopress.it\/wp-content\/uploads\/2020\/07\/Elena-Donazzan_edited-313x420.jpg 313w\" sizes=\"auto, (max-width: 597px) 100vw, 597px\" \/><\/a><figcaption id=\"caption-attachment-116119\" class=\"wp-caption-text\">Elena Donazzan assessore regionale all&#8217;Istruzione, alla Formazione e al Lavoro<\/figcaption><\/figure>\n<p>Venezia, 23 luglio 2021\u00a0\u00a0La Giunta Regionale, su proposta dell\u2019Assessore all\u2019istruzione Elena Donazzan, ha approvato il nuovo bando per la concessione del contributo regionale \u201cBuono Libri e Contenuti didattici alternativi\u201d per l\u2019Anno scolastico-formativo 2021-2022 a favore delle famiglie degli studenti residenti nella regione del Veneto che frequentano le istituzioni scolastiche, statali e non statali, secondarie di primo e secondo grado.<\/p>\n<p>\u201cConfermiamo anche per quest\u2019anno il buono-libri, misura di sostegno alle famiglie che insieme al buono-scuola e ai contributi per il trasporto scolastico, assicura il diritto allo studio ai ragazzi delle famiglie dal reddito pi\u00f9 basso \u2013 sottolinea l\u2019Assessore Elena Donazzan \u2013. Ricordo che lo scorso anno ne hanno beneficiato 37.122 studenti veneti. Sono tutte misure attraverso le quali la Regione sostiene le famiglie di tutti gli studenti che frequentano sia gli istituti scolastici pubblici sia quelli paritari e privati, offrendo un accesso ampio all\u2019intera offerta formativa disponibile nel nostro territorio regionale\u201d.<\/p>\n<p>Potranno beneficiare del buono libri, in via prioritaria, le famiglie residenti in Veneto, con un indicatore di reddito equivalente fino a 10.632,94 euro. I nuclei familiari con reddito Isee fino a 18.000 euro concorreranno alle eventuali risorse residue. La somma totale messa a disposizione dal Ministero e dalla Regione Veneto ammonta quest\u2019anno a complessivi 5.260.892,81 euro.<\/p>\n<p>Le famiglie che intendono avvalersi del contributo dovranno fare domanda via web (http:\/\/www.regione.veneto.it\/istruzione\/buonolibriweb), e quindi inviare al Comune di residenza dello studente, dal 16 settembre al 22 ottobre 2021, sempre via web, la domanda di contributo, utilizzando la propria identit\u00e0 Digitale: SPID (Sistema Pubblico d\u2019Identit\u00e0 Digitale), CIE (Carta d\u2019Identit\u00e0 Elettronica) o CNS (Carta Nazionale dei Servizi) e, seguendo le modalit\u00e0 previste dal bando, dovranno consegnare o inviare al Comune stesso, copia della domanda con il numero identificativo rilasciato dal sistema operativo regionale.<\/p>\n<p>Successivamente, ciascun Comune, dal 16 settembre 2021 al 12 novembre 2021, svolger\u00e0 l\u2019istruttoria delle domande di contributo ricevute, provvedendo infine all\u2019invio delle stesse alla Regione del Veneto che approver\u00e0, tramite il Direttore della Direzione Formazione e Istruzione, il Piano regionale di riparto delle risorse tra i Comuni, determinando il contributo spettante.<\/p>\n<p>&nbsp;<\/p>","protected":false},"excerpt":{"rendered":"<p>Venezia, 23 luglio 2021\u00a0\u00a0La Giunta Regionale, su proposta dell\u2019Assessore all\u2019istruzione Elena Donazzan, ha approvato il nuovo bando per la concessione del contributo regionale \u201cBuono Libri e Contenuti didattici alternativi\u201d per l\u2019Anno scolastico-formativo 2021-2022 a favore delle famiglie degli studenti residenti nella regione del Veneto che frequentano le istituzioni scolastiche, statali e non statali, secondarie di [&hellip;]<\/p>\n","protected":false},"author":2,"featured_media":116119,"comment_status":"closed","ping_status":"open","sticky":false,"template":"","format":"standard","meta":{"footnotes":""},"categories":[5,26,15],"tags":[],"class_list":["post-126250","post","type-post","status-publish","format-standard","has-post-thumbnail","category-cronaca","category-prima-pagina","category-scuola"],"yoast_head":"<!-- This site is optimized with the Yoast SEO plugin v28.4 - https:\/\/yoast.com\/product\/yoast-seo-wordpress\/ -->\n<title>Buono libri. Approvato il nuovo bando regionale. Donazzan: &quot;Confermiamo la misura a sostegno del diritto allo studio&quot; - Bellunopress - Dolomiti<\/title>\n<meta name=\"robots\" content=\"index, follow, max-snippet:-1, max-image-preview:large, max-video-preview:-1\" \/>\n<link rel=\"canonical\" href=\"https:\/\/www.bellunopress.it\/fr\/2021\/07\/23\/buono-libri-approvato-il-nuovo-bando-regionale-donazzan-confermiamo-la-misura-a-sostegno-del-diritto-allo-studio\/\" \/>\n<meta property=\"og:locale\" content=\"fr_FR\" \/>\n<meta property=\"og:type\" content=\"article\" \/>\n<meta property=\"og:title\" content=\"Buono libri. Approvato il nuovo bando regionale. Donazzan: &quot;Confermiamo la misura a sostegno del diritto allo studio&quot; - Bellunopress - Dolomiti\" \/>\n<meta property=\"og:description\" content=\"Venezia, 23 luglio 2021\u00a0\u00a0La Giunta Regionale, su proposta dell\u2019Assessore all\u2019istruzione Elena Donazzan, ha approvato il nuovo bando per la concessione del contributo regionale \u201cBuono Libri e Contenuti didattici alternativi\u201d per l\u2019Anno scolastico-formativo 2021-2022 a favore delle famiglie degli studenti residenti nella regione del Veneto che frequentano le istituzioni scolastiche, statali e non statali, secondarie di [&hellip;]\" \/>\n<meta property=\"og:url\" content=\"https:\/\/www.bellunopress.it\/fr\/2021\/07\/23\/buono-libri-approvato-il-nuovo-bando-regionale-donazzan-confermiamo-la-misura-a-sostegno-del-diritto-allo-studio\/\" \/>\n<meta property=\"og:site_name\" content=\"Bellunopress - Dolomiti\" \/>\n<meta property=\"article:publisher\" content=\"https:\/\/www.facebook.com\/profile.php?id=100008943462799\" \/>\n<meta property=\"article:published_time\" content=\"2021-07-23T15:31:39+00:00\" \/>\n<meta property=\"og:image\" content=\"https:\/\/www.bellunopress.it\/wp-content\/uploads\/2020\/07\/Elena-Donazzan_edited.jpg\" \/>\n\t<meta property=\"og:image:width\" content=\"597\" \/>\n\t<meta property=\"og:image:height\" content=\"800\" \/>\n\t<meta property=\"og:image:type\" content=\"image\/jpeg\" \/>\n<meta name=\"author\" content=\"redazione\" \/>\n<meta name=\"twitter:card\" content=\"summary_large_image\" \/>\n<meta name=\"twitter:creator\" content=\"@bellunopress\" \/>\n<meta name=\"twitter:site\" content=\"@bellunopress\" \/>\n<meta name=\"twitter:label1\" content=\"\u00c9crit par\" \/>\n\t<meta name=\"twitter:data1\" content=\"redazione\" \/>\n\t<meta name=\"twitter:label2\" content=\"Dur\u00e9e de lecture estim\u00e9e\" \/>\n\t<meta name=\"twitter:data2\" content=\"2 minutes\" \/>\n<script type=\"application\/ld+json\" class=\"yoast-schema-graph\">{\"@context\":\"https:\\\/\\\/schema.org\",\"@graph\":[{\"@type\":\"Article\",\"@id\":\"https:\\\/\\\/www.bellunopress.it\\\/2021\\\/07\\\/23\\\/buono-libri-approvato-il-nuovo-bando-regionale-donazzan-confermiamo-la-misura-a-sostegno-del-diritto-allo-studio\\\/#article\",\"isPartOf\":{\"@id\":\"https:\\\/\\\/www.bellunopress.it\\\/2021\\\/07\\\/23\\\/buono-libri-approvato-il-nuovo-bando-regionale-donazzan-confermiamo-la-misura-a-sostegno-del-diritto-allo-studio\\\/\"},\"author\":{\"name\":\"redazione\",\"@id\":\"https:\\\/\\\/www.bellunopress.it\\\/#\\\/schema\\\/person\\\/79bb06722b37ece1c03d3e94beb30d73\"},\"headline\":\"Buono libri. Approvato il nuovo bando regionale. Donazzan: &#8220;Confermiamo la misura a sostegno del diritto allo studio&#8221;\",\"datePublished\":\"2021-07-23T15:31:39+00:00\",\"mainEntityOfPage\":{\"@id\":\"https:\\\/\\\/www.bellunopress.it\\\/2021\\\/07\\\/23\\\/buono-libri-approvato-il-nuovo-bando-regionale-donazzan-confermiamo-la-misura-a-sostegno-del-diritto-allo-studio\\\/\"},\"wordCount\":378,\"publisher\":{\"@id\":\"https:\\\/\\\/www.bellunopress.it\\\/#organization\"},\"image\":{\"@id\":\"https:\\\/\\\/www.bellunopress.it\\\/2021\\\/07\\\/23\\\/buono-libri-approvato-il-nuovo-bando-regionale-donazzan-confermiamo-la-misura-a-sostegno-del-diritto-allo-studio\\\/#primaryimage\"},\"thumbnailUrl\":\"https:\\\/\\\/www.bellunopress.it\\\/wp-content\\\/uploads\\\/2020\\\/07\\\/Elena-Donazzan_edited.jpg\",\"articleSection\":[\"Cronaca\\\/Politica\",\"Prima Pagina\",\"Scuola\"],\"inLanguage\":\"fr-FR\"},{\"@type\":\"WebPage\",\"@id\":\"https:\\\/\\\/www.bellunopress.it\\\/2021\\\/07\\\/23\\\/buono-libri-approvato-il-nuovo-bando-regionale-donazzan-confermiamo-la-misura-a-sostegno-del-diritto-allo-studio\\\/\",\"url\":\"https:\\\/\\\/www.bellunopress.it\\\/2021\\\/07\\\/23\\\/buono-libri-approvato-il-nuovo-bando-regionale-donazzan-confermiamo-la-misura-a-sostegno-del-diritto-allo-studio\\\/\",\"name\":\"Buono libri. Approvato il nuovo bando regionale. Donazzan: \\\"Confermiamo la misura a sostegno del diritto allo studio\\\" - Bellunopress - Dolomiti\",\"isPartOf\":{\"@id\":\"https:\\\/\\\/www.bellunopress.it\\\/#website\"},\"primaryImageOfPage\":{\"@id\":\"https:\\\/\\\/www.bellunopress.it\\\/2021\\\/07\\\/23\\\/buono-libri-approvato-il-nuovo-bando-regionale-donazzan-confermiamo-la-misura-a-sostegno-del-diritto-allo-studio\\\/#primaryimage\"},\"image\":{\"@id\":\"https:\\\/\\\/www.bellunopress.it\\\/2021\\\/07\\\/23\\\/buono-libri-approvato-il-nuovo-bando-regionale-donazzan-confermiamo-la-misura-a-sostegno-del-diritto-allo-studio\\\/#primaryimage\"},\"thumbnailUrl\":\"https:\\\/\\\/www.bellunopress.it\\\/wp-content\\\/uploads\\\/2020\\\/07\\\/Elena-Donazzan_edited.jpg\",\"datePublished\":\"2021-07-23T15:31:39+00:00\",\"breadcrumb\":{\"@id\":\"https:\\\/\\\/www.bellunopress.it\\\/2021\\\/07\\\/23\\\/buono-libri-approvato-il-nuovo-bando-regionale-donazzan-confermiamo-la-misura-a-sostegno-del-diritto-allo-studio\\\/#breadcrumb\"},\"inLanguage\":\"fr-FR\",\"potentialAction\":[{\"@type\":\"ReadAction\",\"target\":[\"https:\\\/\\\/www.bellunopress.it\\\/2021\\\/07\\\/23\\\/buono-libri-approvato-il-nuovo-bando-regionale-donazzan-confermiamo-la-misura-a-sostegno-del-diritto-allo-studio\\\/\"]}]},{\"@type\":\"ImageObject\",\"inLanguage\":\"fr-FR\",\"@id\":\"https:\\\/\\\/www.bellunopress.it\\\/2021\\\/07\\\/23\\\/buono-libri-approvato-il-nuovo-bando-regionale-donazzan-confermiamo-la-misura-a-sostegno-del-diritto-allo-studio\\\/#primaryimage\",\"url\":\"https:\\\/\\\/www.bellunopress.it\\\/wp-content\\\/uploads\\\/2020\\\/07\\\/Elena-Donazzan_edited.jpg\",\"contentUrl\":\"https:\\\/\\\/www.bellunopress.it\\\/wp-content\\\/uploads\\\/2020\\\/07\\\/Elena-Donazzan_edited.jpg\",\"width\":597,\"height\":800,\"caption\":\"Elena Donazzan assessore regionale all'Istruzione, alla Formazione e al Lavoro\"},{\"@type\":\"BreadcrumbList\",\"@id\":\"https:\\\/\\\/www.bellunopress.it\\\/2021\\\/07\\\/23\\\/buono-libri-approvato-il-nuovo-bando-regionale-donazzan-confermiamo-la-misura-a-sostegno-del-diritto-allo-studio\\\/#breadcrumb\",\"itemListElement\":[{\"@type\":\"ListItem\",\"position\":1,\"name\":\"Home\",\"item\":\"https:\\\/\\\/www.bellunopress.it\\\/\"},{\"@type\":\"ListItem\",\"position\":2,\"name\":\"Buono libri. Approvato il nuovo bando regionale. Donazzan: &#8220;Confermiamo la misura a sostegno del diritto allo studio&#8221;\"}]},{\"@type\":\"WebSite\",\"@id\":\"https:\\\/\\\/www.bellunopress.it\\\/#website\",\"url\":\"https:\\\/\\\/www.bellunopress.it\\\/\",\"name\":\"Bellunopress - Dolomiti\",\"description\":\"e-mail: redazione@bellunopress.it\",\"publisher\":{\"@id\":\"https:\\\/\\\/www.bellunopress.it\\\/#organization\"},\"potentialAction\":[{\"@type\":\"SearchAction\",\"target\":{\"@type\":\"EntryPoint\",\"urlTemplate\":\"https:\\\/\\\/www.bellunopress.it\\\/?s={search_term_string}\"},\"query-input\":{\"@type\":\"PropertyValueSpecification\",\"valueRequired\":true,\"valueName\":\"search_term_string\"}}],\"inLanguage\":\"fr-FR\"},{\"@type\":\"Organization\",\"@id\":\"https:\\\/\\\/www.bellunopress.it\\\/#organization\",\"name\":\"Bellunopress\",\"url\":\"https:\\\/\\\/www.bellunopress.it\\\/\",\"logo\":{\"@type\":\"ImageObject\",\"inLanguage\":\"fr-FR\",\"@id\":\"https:\\\/\\\/www.bellunopress.it\\\/#\\\/schema\\\/logo\\\/image\\\/\",\"url\":\"https:\\\/\\\/www.bellunopress.it\\\/wp-content\\\/uploads\\\/2011\\\/05\\\/cropped-logo-bellunopress-.jpg\",\"contentUrl\":\"https:\\\/\\\/www.bellunopress.it\\\/wp-content\\\/uploads\\\/2011\\\/05\\\/cropped-logo-bellunopress-.jpg\",\"width\":512,\"height\":512,\"caption\":\"Bellunopress\"},\"image\":{\"@id\":\"https:\\\/\\\/www.bellunopress.it\\\/#\\\/schema\\\/logo\\\/image\\\/\"},\"sameAs\":[\"https:\\\/\\\/www.facebook.com\\\/profile.php?id=100008943462799\",\"https:\\\/\\\/x.com\\\/bellunopress\",\"https:\\\/\\\/www.linkedin.com\\\/hp\\\/?dnr=JBzUWaJfMUw8vbXJJ2tVW5-I3jZKvC4wsoxE&amp;amp;amp;amp;amp;amp;trk=nav_responsive_tab_home\",\"https:\\\/\\\/www.youtube.com\\\/channel\\\/UCxL0wu1uN0_3_7hGG0306cw\"]},{\"@type\":\"Person\",\"@id\":\"https:\\\/\\\/www.bellunopress.it\\\/#\\\/schema\\\/person\\\/79bb06722b37ece1c03d3e94beb30d73\",\"name\":\"redazione\",\"image\":{\"@type\":\"ImageObject\",\"inLanguage\":\"fr-FR\",\"@id\":\"https:\\\/\\\/secure.gravatar.com\\\/avatar\\\/37d968a2e67a6fd04c169c4bdef102d0bc5d31b2546345219e348575eb80e9a0?s=96&d=mm&r=g\",\"url\":\"https:\\\/\\\/secure.gravatar.com\\\/avatar\\\/37d968a2e67a6fd04c169c4bdef102d0bc5d31b2546345219e348575eb80e9a0?s=96&d=mm&r=g\",\"contentUrl\":\"https:\\\/\\\/secure.gravatar.com\\\/avatar\\\/37d968a2e67a6fd04c169c4bdef102d0bc5d31b2546345219e348575eb80e9a0?s=96&d=mm&r=g\",\"caption\":\"redazione\"},\"sameAs\":[\"http:\\\/\\\/www.bellunopress.it\",\"https:\\\/\\\/x.com\\\/bellunopress\"],\"url\":\"https:\\\/\\\/www.bellunopress.it\\\/fr\\\/author\\\/redazione\\\/\"}]}<\/script>\n<!-- \/ Yoast SEO plugin. -->","yoast_head_json":{"title":"Buono libri. Approvato il nuovo bando regionale. Donazzan: \"Confermiamo la misura a sostegno del diritto allo studio\" - Bellunopress - Dolomiti","robots":{"index":"index","follow":"follow","max-snippet":"max-snippet:-1","max-image-preview":"max-image-preview:large","max-video-preview":"max-video-preview:-1"},"canonical":"https:\/\/www.bellunopress.it\/fr\/2021\/07\/23\/buono-libri-approvato-il-nuovo-bando-regionale-donazzan-confermiamo-la-misura-a-sostegno-del-diritto-allo-studio\/","og_locale":"fr_FR","og_type":"article","og_title":"Buono libri. Approvato il nuovo bando regionale. Donazzan: \"Confermiamo la misura a sostegno del diritto allo studio\" - Bellunopress - Dolomiti","og_description":"Venezia, 23 luglio 2021\u00a0\u00a0La Giunta Regionale, su proposta dell\u2019Assessore all\u2019istruzione Elena Donazzan, ha approvato il nuovo bando per la concessione del contributo regionale \u201cBuono Libri e Contenuti didattici alternativi\u201d per l\u2019Anno scolastico-formativo 2021-2022 a favore delle famiglie degli studenti residenti nella regione del Veneto che frequentano le istituzioni scolastiche, statali e non statali, secondarie di [&hellip;]","og_url":"https:\/\/www.bellunopress.it\/fr\/2021\/07\/23\/buono-libri-approvato-il-nuovo-bando-regionale-donazzan-confermiamo-la-misura-a-sostegno-del-diritto-allo-studio\/","og_site_name":"Bellunopress - Dolomiti","article_publisher":"https:\/\/www.facebook.com\/profile.php?id=100008943462799","article_published_time":"2021-07-23T15:31:39+00:00","og_image":[{"width":597,"height":800,"url":"https:\/\/www.bellunopress.it\/wp-content\/uploads\/2020\/07\/Elena-Donazzan_edited.jpg","type":"image\/jpeg"}],"author":"redazione","twitter_card":"summary_large_image","twitter_creator":"@bellunopress","twitter_site":"@bellunopress","twitter_misc":{"\u00c9crit par":"redazione","Dur\u00e9e de lecture estim\u00e9e":"2 minutes"},"schema":{"@context":"https:\/\/schema.org","@graph":[{"@type":"Article","@id":"https:\/\/www.bellunopress.it\/2021\/07\/23\/buono-libri-approvato-il-nuovo-bando-regionale-donazzan-confermiamo-la-misura-a-sostegno-del-diritto-allo-studio\/#article","isPartOf":{"@id":"https:\/\/www.bellunopress.it\/2021\/07\/23\/buono-libri-approvato-il-nuovo-bando-regionale-donazzan-confermiamo-la-misura-a-sostegno-del-diritto-allo-studio\/"},"author":{"name":"redazione","@id":"https:\/\/www.bellunopress.it\/#\/schema\/person\/79bb06722b37ece1c03d3e94beb30d73"},"headline":"Buono libri. Approvato il nuovo bando regionale. Donazzan: &#8220;Confermiamo la misura a sostegno del diritto allo studio&#8221;","datePublished":"2021-07-23T15:31:39+00:00","mainEntityOfPage":{"@id":"https:\/\/www.bellunopress.it\/2021\/07\/23\/buono-libri-approvato-il-nuovo-bando-regionale-donazzan-confermiamo-la-misura-a-sostegno-del-diritto-allo-studio\/"},"wordCount":378,"publisher":{"@id":"https:\/\/www.bellunopress.it\/#organization"},"image":{"@id":"https:\/\/www.bellunopress.it\/2021\/07\/23\/buono-libri-approvato-il-nuovo-bando-regionale-donazzan-confermiamo-la-misura-a-sostegno-del-diritto-allo-studio\/#primaryimage"},"thumbnailUrl":"https:\/\/www.bellunopress.it\/wp-content\/uploads\/2020\/07\/Elena-Donazzan_edited.jpg","articleSection":["Cronaca\/Politica","Prima Pagina","Scuola"],"inLanguage":"fr-FR"},{"@type":"WebPage","@id":"https:\/\/www.bellunopress.it\/2021\/07\/23\/buono-libri-approvato-il-nuovo-bando-regionale-donazzan-confermiamo-la-misura-a-sostegno-del-diritto-allo-studio\/","url":"https:\/\/www.bellunopress.it\/2021\/07\/23\/buono-libri-approvato-il-nuovo-bando-regionale-donazzan-confermiamo-la-misura-a-sostegno-del-diritto-allo-studio\/","name":"Buono libri. Approvato il nuovo bando regionale. Donazzan: \"Confermiamo la misura a sostegno del diritto allo studio\" - Bellunopress - Dolomiti","isPartOf":{"@id":"https:\/\/www.bellunopress.it\/#website"},"primaryImageOfPage":{"@id":"https:\/\/www.bellunopress.it\/2021\/07\/23\/buono-libri-approvato-il-nuovo-bando-regionale-donazzan-confermiamo-la-misura-a-sostegno-del-diritto-allo-studio\/#primaryimage"},"image":{"@id":"https:\/\/www.bellunopress.it\/2021\/07\/23\/buono-libri-approvato-il-nuovo-bando-regionale-donazzan-confermiamo-la-misura-a-sostegno-del-diritto-allo-studio\/#primaryimage"},"thumbnailUrl":"https:\/\/www.bellunopress.it\/wp-content\/uploads\/2020\/07\/Elena-Donazzan_edited.jpg","datePublished":"2021-07-23T15:31:39+00:00","breadcrumb":{"@id":"https:\/\/www.bellunopress.it\/2021\/07\/23\/buono-libri-approvato-il-nuovo-bando-regionale-donazzan-confermiamo-la-misura-a-sostegno-del-diritto-allo-studio\/#breadcrumb"},"inLanguage":"fr-FR","potentialAction":[{"@type":"ReadAction","target":["https:\/\/www.bellunopress.it\/2021\/07\/23\/buono-libri-approvato-il-nuovo-bando-regionale-donazzan-confermiamo-la-misura-a-sostegno-del-diritto-allo-studio\/"]}]},{"@type":"ImageObject","inLanguage":"fr-FR","@id":"https:\/\/www.bellunopress.it\/2021\/07\/23\/buono-libri-approvato-il-nuovo-bando-regionale-donazzan-confermiamo-la-misura-a-sostegno-del-diritto-allo-studio\/#primaryimage","url":"https:\/\/www.bellunopress.it\/wp-content\/uploads\/2020\/07\/Elena-Donazzan_edited.jpg","contentUrl":"https:\/\/www.bellunopress.it\/wp-content\/uploads\/2020\/07\/Elena-Donazzan_edited.jpg","width":597,"height":800,"caption":"Elena Donazzan assessore regionale all'Istruzione, alla Formazione e al Lavoro"},{"@type":"BreadcrumbList","@id":"https:\/\/www.bellunopress.it\/2021\/07\/23\/buono-libri-approvato-il-nuovo-bando-regionale-donazzan-confermiamo-la-misura-a-sostegno-del-diritto-allo-studio\/#breadcrumb","itemListElement":[{"@type":"ListItem","position":1,"name":"Home","item":"https:\/\/www.bellunopress.it\/"},{"@type":"ListItem","position":2,"name":"Buono libri. Approvato il nuovo bando regionale. Donazzan: &#8220;Confermiamo la misura a sostegno del diritto allo studio&#8221;"}]},{"@type":"WebSite","@id":"https:\/\/www.bellunopress.it\/#website","url":"https:\/\/www.bellunopress.it\/","name":"Bellunopress - Dolomiti","description":"e-mail: redazione@bellunopress.it","publisher":{"@id":"https:\/\/www.bellunopress.it\/#organization"},"potentialAction":[{"@type":"SearchAction","target":{"@type":"EntryPoint","urlTemplate":"https:\/\/www.bellunopress.it\/?s={search_term_string}"},"query-input":{"@type":"PropertyValueSpecification","valueRequired":true,"valueName":"search_term_string"}}],"inLanguage":"fr-FR"},{"@type":"Organization","@id":"https:\/\/www.bellunopress.it\/#organization","name":"Bellunopress","url":"https:\/\/www.bellunopress.it\/","logo":{"@type":"ImageObject","inLanguage":"fr-FR","@id":"https:\/\/www.bellunopress.it\/#\/schema\/logo\/image\/","url":"https:\/\/www.bellunopress.it\/wp-content\/uploads\/2011\/05\/cropped-logo-bellunopress-.jpg","contentUrl":"https:\/\/www.bellunopress.it\/wp-content\/uploads\/2011\/05\/cropped-logo-bellunopress-.jpg","width":512,"height":512,"caption":"Bellunopress"},"image":{"@id":"https:\/\/www.bellunopress.it\/#\/schema\/logo\/image\/"},"sameAs":["https:\/\/www.facebook.com\/profile.php?id=100008943462799","https:\/\/x.com\/bellunopress","https:\/\/www.linkedin.com\/hp\/?dnr=JBzUWaJfMUw8vbXJJ2tVW5-I3jZKvC4wsoxE&amp;amp;amp;amp;amp;amp;trk=nav_responsive_tab_home","https:\/\/www.youtube.com\/channel\/UCxL0wu1uN0_3_7hGG0306cw"]},{"@type":"Person","@id":"https:\/\/www.bellunopress.it\/#\/schema\/person\/79bb06722b37ece1c03d3e94beb30d73","name":"r\u00e9daction","image":{"@type":"ImageObject","inLanguage":"fr-FR","@id":"https:\/\/secure.gravatar.com\/avatar\/37d968a2e67a6fd04c169c4bdef102d0bc5d31b2546345219e348575eb80e9a0?s=96&d=mm&r=g","url":"https:\/\/secure.gravatar.com\/avatar\/37d968a2e67a6fd04c169c4bdef102d0bc5d31b2546345219e348575eb80e9a0?s=96&d=mm&r=g","contentUrl":"https:\/\/secure.gravatar.com\/avatar\/37d968a2e67a6fd04c169c4bdef102d0bc5d31b2546345219e348575eb80e9a0?s=96&d=mm&r=g","caption":"redazione"},"sameAs":["http:\/\/www.bellunopress.it","https:\/\/x.com\/bellunopress"],"url":"https:\/\/www.bellunopress.it\/fr\/author\/redazione\/"}]}},"_links":{"self":[{"href":"https:\/\/www.bellunopress.it\/fr\/wp-json\/wp\/v2\/posts\/126250","targetHints":{"allow":["GET"]}}],"collection":[{"href":"https:\/\/www.bellunopress.it\/fr\/wp-json\/wp\/v2\/posts"}],"about":[{"href":"https:\/\/www.bellunopress.it\/fr\/wp-json\/wp\/v2\/types\/post"}],"author":[{"embeddable":true,"href":"https:\/\/www.bellunopress.it\/fr\/wp-json\/wp\/v2\/users\/2"}],"replies":[{"embeddable":true,"href":"https:\/\/www.bellunopress.it\/fr\/wp-json\/wp\/v2\/comments?post=126250"}],"version-history":[{"count":1,"href":"https:\/\/www.bellunopress.it\/fr\/wp-json\/wp\/v2\/posts\/126250\/revisions"}],"predecessor-version":[{"id":126251,"href":"https:\/\/www.bellunopress.it\/fr\/wp-json\/wp\/v2\/posts\/126250\/revisions\/126251"}],"wp:featuredmedia":[{"embeddable":true,"href":"https:\/\/www.bellunopress.it\/fr\/wp-json\/wp\/v2\/media\/116119"}],"wp:attachment":[{"href":"https:\/\/www.bellunopress.it\/fr\/wp-json\/wp\/v2\/media?parent=126250"}],"wp:term":[{"taxonomy":"category","embeddable":true,"href":"https:\/\/www.bellunopress.it\/fr\/wp-json\/wp\/v2\/categories?post=126250"},{"taxonomy":"post_tag","embeddable":true,"href":"https:\/\/www.bellunopress.it\/fr\/wp-json\/wp\/v2\/tags?post=126250"}],"curies":[{"name":"wp","href":"https:\/\/api.w.org\/{rel}","templated":true}]}}