{"id":126246,"date":"2021-07-23T13:51:05","date_gmt":"2021-07-23T11:51:05","guid":{"rendered":"https:\/\/www.bellunopress.it\/?p=126246"},"modified":"2021-07-23T13:51:05","modified_gmt":"2021-07-23T11:51:05","slug":"lopera-protagonista-dei-concerti-nel-borgo-domenica-5-settembre-il-recital-del-soprano-chiara-isotton","status":"publish","type":"post","link":"https:\/\/www.bellunopress.it\/fr\/2021\/07\/23\/lopera-protagonista-dei-concerti-nel-borgo-domenica-5-settembre-il-recital-del-soprano-chiara-isotton\/","title":{"rendered":"L\u2019Opera protagonista dei Concerti nel Borgo. Domenica 5 settembre il recital del soprano Chiara Isotton"},"content":{"rendered":"<figure id=\"attachment_123182\" aria-describedby=\"caption-attachment-123182\" style=\"width: 596px\" class=\"wp-caption alignleft\"><a href=\"https:\/\/www.bellunopress.it\/fr\/2021\/04\/11\/borgo-valbelluna-31-edizione-del-concorso-letterario-nazionale-trichiana-paese-del-libro\/monica-frapporti\/\" rel=\"attachment wp-att-123182\"><img loading=\"lazy\" decoding=\"async\" class=\"size-full wp-image-123182\" src=\"https:\/\/www.bellunopress.it\/wp-content\/uploads\/2021\/04\/Monica-Frapporti-.jpg\" alt=\"\" width=\"596\" height=\"1000\" srcset=\"https:\/\/www.bellunopress.it\/wp-content\/uploads\/2021\/04\/Monica-Frapporti-.jpg 596w, https:\/\/www.bellunopress.it\/wp-content\/uploads\/2021\/04\/Monica-Frapporti--298x500.jpg 298w, https:\/\/www.bellunopress.it\/wp-content\/uploads\/2021\/04\/Monica-Frapporti--250x420.jpg 250w\" sizes=\"auto, (max-width: 596px) 100vw, 596px\" \/><\/a><figcaption id=\"caption-attachment-123182\" class=\"wp-caption-text\">Monica Frapporti &#8211; Assessore alla Cultura di Borgo Valbelluna<\/figcaption><\/figure>\n<p>&#8220;I Concerti nel Borgo di quest\u2019anno saranno dedicati all\u2019opera lirica e vedranno esibirsi giovani talenti e professionisti affermati, con l\u2019obiettivo di promuovere l\u2019ascolto della musica in un paese come l\u2019Italia, considerato la patria dell\u2019opera, in cui purtroppo la musica \u00e8 poco studiata e valorizzata&#8221;.<\/p>\n<p>Lo dichiara Monica Frapporti, assessore alla Cultura del Comune di Borgo Valbelluna.<\/p>\n<p>&#8220;Siamo invece convinti che la musica sia uno strumento di crescita individuale e collettiva, una potente espressione culturale, grazie alla sua componente emozionale\u201d.<\/p>\n<p>In questa estate di difficile ripresa non potevano mancare i Concerti nel Borgo, organizzati dall\u2019Amministrazione comunale di Borgo Valbelluna in collaborazione con la Corale Zumellese e con la direzione artistica del maestro Manolo Da Rold, grazie ai quali saranno ospitati professionisti di alto profilo. L\u2019evento rientra nella rassegna \u201cRitrovarsi in Sinistra Piave\u201d, promossa dai comuni di Borgo Valbelluna e Limana con il prezioso contributo del Consorzio BIM Piave finalizzato alla cultura.<\/p>\n<p>Domenica I\u00b0 agosto alle ore 18.30, in piazza di Mel, con \u201cOuverture\u201d, un concerto dell\u2019Orchestra Regionale Filarmonia Veneta, che vede tra le proprie fila alcuni tra i pi\u00f9 importanti strumentisti veneti; in questa occasione sar\u00e0 composta da 35 elementi sotto la sapiente direzione artistica del maestro Marco Titotto e proporr\u00e0 al pubblico di Borgo Valbelluna le pi\u00f9 belle \u201couverture\u201d operistiche da Galuppi a Salieri, da Mozart a Rossini.<\/p>\n<p>La seconda serata, \u201cLibiamo!\u201d, domenica 22 agosto alle ore 20.30, nel giardino di villa Piloni a Carfagnoi di Trichiana, prevede l\u2019esibizione dei cantanti d\u2019opera vincitori del \u201cConcorso Internazionale di Canto Lirico Citt\u00e0 di Belluno\u201d: le soprano Kaori Yamada e Juana Shtrepi e il tenore Luigi Morassi, accompagnati al pianoforte dal maestro Matteo Londero. Sar\u00e0 uno spazio dedicato ai giovani e una gioiosa serata di qualit\u00e0 in cui potremo ascoltare arie e duetti dalle pi\u00f9 importanti opere liriche.<\/p>\n<figure id=\"attachment_124907\" aria-describedby=\"caption-attachment-124907\" style=\"width: 800px\" class=\"wp-caption alignleft\"><a href=\"https:\/\/www.bellunopress.it\/fr\/2021\/05\/31\/il-soprano-bellunese-chiara-isotton-tra-i-protagonisti-della-prima-de-la-scala\/chiara-isotton_edited\/\" rel=\"attachment wp-att-124907\"><img loading=\"lazy\" decoding=\"async\" class=\"size-full wp-image-124907\" src=\"https:\/\/www.bellunopress.it\/wp-content\/uploads\/2021\/05\/Chiara-Isotton_edited.jpg\" alt=\"\" width=\"800\" height=\"722\" srcset=\"https:\/\/www.bellunopress.it\/wp-content\/uploads\/2021\/05\/Chiara-Isotton_edited.jpg 800w, https:\/\/www.bellunopress.it\/wp-content\/uploads\/2021\/05\/Chiara-Isotton_edited-500x451.jpg 500w, https:\/\/www.bellunopress.it\/wp-content\/uploads\/2021\/05\/Chiara-Isotton_edited-696x628.jpg 696w, https:\/\/www.bellunopress.it\/wp-content\/uploads\/2021\/05\/Chiara-Isotton_edited-465x420.jpg 465w\" sizes=\"auto, (max-width: 800px) 100vw, 800px\" \/><\/a><figcaption id=\"caption-attachment-124907\" class=\"wp-caption-text\">Chiara Isotton, soprano<\/figcaption><\/figure>\n<p>Gran finale con il soprano Chiara Isotton, di origini zumellesi, attualmente in tourn\u00e9e mondiale, che a dicembre sar\u00e0 sotto i riflettori di tutto il mondo con il debutto alla \u201cprima\u201d del Teatro alla Scala di Milano. Domenica 5 settembre alle ore 20.30 nel giardino di palazzo Gaio Barbuio Francescon a Mel, \u201cArie e duetti\u201d: un Recital del soprano Chiara Isotton con il tenore maestro Riccardo Della Sciucca, accompagnati dal pianista maestro Federico Brunello.<\/p>\n<p>\u201cSiamo onoratissimi della partecipazione di professionisti cos\u00ec prestigiosi, li ringraziamo e lo consideriamo davvero un privilegio\u201d conclude l\u2019assessore Monica Frapporti.<\/p>\n<p>&nbsp;<\/p>\n<p>&nbsp;<\/p>","protected":false},"excerpt":{"rendered":"<p>&#8220;I Concerti nel Borgo di quest\u2019anno saranno dedicati all\u2019opera lirica e vedranno esibirsi giovani talenti e professionisti affermati, con l\u2019obiettivo di promuovere l\u2019ascolto della musica in un paese come l\u2019Italia, considerato la patria dell\u2019opera, in cui purtroppo la musica \u00e8 poco studiata e valorizzata&#8221;. Lo dichiara Monica Frapporti, assessore alla Cultura del Comune di Borgo [&hellip;]<\/p>\n","protected":false},"author":2,"featured_media":124907,"comment_status":"closed","ping_status":"open","sticky":false,"template":"","format":"standard","meta":{"footnotes":""},"categories":[27,3,3446,25],"tags":[],"class_list":["post-126246","post","type-post","status-publish","format-standard","has-post-thumbnail","category-appuntamenti","category-arte-cultura-spettacoli-scienza-archivi","category-featured","category-pausa-caffe"],"yoast_head":"<!-- This site is optimized with the Yoast SEO plugin v28.4 - https:\/\/yoast.com\/product\/yoast-seo-wordpress\/ -->\n<title>L\u2019Opera protagonista dei Concerti nel Borgo. Domenica 5 settembre il recital del soprano Chiara Isotton - Bellunopress - Dolomiti<\/title>\n<meta name=\"robots\" content=\"index, follow, max-snippet:-1, max-image-preview:large, max-video-preview:-1\" \/>\n<link rel=\"canonical\" href=\"https:\/\/www.bellunopress.it\/fr\/2021\/07\/23\/lopera-protagonista-dei-concerti-nel-borgo-domenica-5-settembre-il-recital-del-soprano-chiara-isotton\/\" \/>\n<meta property=\"og:locale\" content=\"fr_FR\" \/>\n<meta property=\"og:type\" content=\"article\" \/>\n<meta property=\"og:title\" content=\"L\u2019Opera protagonista dei Concerti nel Borgo. Domenica 5 settembre il recital del soprano Chiara Isotton - Bellunopress - Dolomiti\" \/>\n<meta property=\"og:description\" content=\"&#8220;I Concerti nel Borgo di quest\u2019anno saranno dedicati all\u2019opera lirica e vedranno esibirsi giovani talenti e professionisti affermati, con l\u2019obiettivo di promuovere l\u2019ascolto della musica in un paese come l\u2019Italia, considerato la patria dell\u2019opera, in cui purtroppo la musica \u00e8 poco studiata e valorizzata&#8221;. Lo dichiara Monica Frapporti, assessore alla Cultura del Comune di Borgo [&hellip;]\" \/>\n<meta property=\"og:url\" content=\"https:\/\/www.bellunopress.it\/fr\/2021\/07\/23\/lopera-protagonista-dei-concerti-nel-borgo-domenica-5-settembre-il-recital-del-soprano-chiara-isotton\/\" \/>\n<meta property=\"og:site_name\" content=\"Bellunopress - Dolomiti\" \/>\n<meta property=\"article:publisher\" content=\"https:\/\/www.facebook.com\/profile.php?id=100008943462799\" \/>\n<meta property=\"article:published_time\" content=\"2021-07-23T11:51:05+00:00\" \/>\n<meta property=\"og:image\" content=\"https:\/\/www.bellunopress.it\/wp-content\/uploads\/2021\/05\/Chiara-Isotton_edited.jpg\" \/>\n\t<meta property=\"og:image:width\" content=\"800\" \/>\n\t<meta property=\"og:image:height\" content=\"722\" \/>\n\t<meta property=\"og:image:type\" content=\"image\/jpeg\" \/>\n<meta name=\"author\" content=\"redazione\" \/>\n<meta name=\"twitter:card\" content=\"summary_large_image\" \/>\n<meta name=\"twitter:creator\" content=\"@bellunopress\" \/>\n<meta name=\"twitter:site\" content=\"@bellunopress\" \/>\n<meta name=\"twitter:label1\" content=\"\u00c9crit par\" \/>\n\t<meta name=\"twitter:data1\" content=\"redazione\" \/>\n\t<meta name=\"twitter:label2\" content=\"Dur\u00e9e de lecture estim\u00e9e\" \/>\n\t<meta name=\"twitter:data2\" content=\"3 minutes\" \/>\n<script type=\"application\/ld+json\" class=\"yoast-schema-graph\">{\"@context\":\"https:\\\/\\\/schema.org\",\"@graph\":[{\"@type\":\"Article\",\"@id\":\"https:\\\/\\\/www.bellunopress.it\\\/2021\\\/07\\\/23\\\/lopera-protagonista-dei-concerti-nel-borgo-domenica-5-settembre-il-recital-del-soprano-chiara-isotton\\\/#article\",\"isPartOf\":{\"@id\":\"https:\\\/\\\/www.bellunopress.it\\\/2021\\\/07\\\/23\\\/lopera-protagonista-dei-concerti-nel-borgo-domenica-5-settembre-il-recital-del-soprano-chiara-isotton\\\/\"},\"author\":{\"name\":\"redazione\",\"@id\":\"https:\\\/\\\/www.bellunopress.it\\\/#\\\/schema\\\/person\\\/79bb06722b37ece1c03d3e94beb30d73\"},\"headline\":\"L\u2019Opera protagonista dei Concerti nel Borgo. Domenica 5 settembre il recital del soprano Chiara Isotton\",\"datePublished\":\"2021-07-23T11:51:05+00:00\",\"mainEntityOfPage\":{\"@id\":\"https:\\\/\\\/www.bellunopress.it\\\/2021\\\/07\\\/23\\\/lopera-protagonista-dei-concerti-nel-borgo-domenica-5-settembre-il-recital-del-soprano-chiara-isotton\\\/\"},\"wordCount\":437,\"publisher\":{\"@id\":\"https:\\\/\\\/www.bellunopress.it\\\/#organization\"},\"image\":{\"@id\":\"https:\\\/\\\/www.bellunopress.it\\\/2021\\\/07\\\/23\\\/lopera-protagonista-dei-concerti-nel-borgo-domenica-5-settembre-il-recital-del-soprano-chiara-isotton\\\/#primaryimage\"},\"thumbnailUrl\":\"https:\\\/\\\/www.bellunopress.it\\\/wp-content\\\/uploads\\\/2021\\\/05\\\/Chiara-Isotton_edited.jpg\",\"articleSection\":[\"Appuntamenti, Eventi\",\"Arte, Cultura, Spettacoli, Scienza\",\"Featured\",\"Pausa Caff\u00e8\"],\"inLanguage\":\"fr-FR\"},{\"@type\":\"WebPage\",\"@id\":\"https:\\\/\\\/www.bellunopress.it\\\/2021\\\/07\\\/23\\\/lopera-protagonista-dei-concerti-nel-borgo-domenica-5-settembre-il-recital-del-soprano-chiara-isotton\\\/\",\"url\":\"https:\\\/\\\/www.bellunopress.it\\\/2021\\\/07\\\/23\\\/lopera-protagonista-dei-concerti-nel-borgo-domenica-5-settembre-il-recital-del-soprano-chiara-isotton\\\/\",\"name\":\"L\u2019Opera protagonista dei Concerti nel Borgo. Domenica 5 settembre il recital del soprano Chiara Isotton - Bellunopress - Dolomiti\",\"isPartOf\":{\"@id\":\"https:\\\/\\\/www.bellunopress.it\\\/#website\"},\"primaryImageOfPage\":{\"@id\":\"https:\\\/\\\/www.bellunopress.it\\\/2021\\\/07\\\/23\\\/lopera-protagonista-dei-concerti-nel-borgo-domenica-5-settembre-il-recital-del-soprano-chiara-isotton\\\/#primaryimage\"},\"image\":{\"@id\":\"https:\\\/\\\/www.bellunopress.it\\\/2021\\\/07\\\/23\\\/lopera-protagonista-dei-concerti-nel-borgo-domenica-5-settembre-il-recital-del-soprano-chiara-isotton\\\/#primaryimage\"},\"thumbnailUrl\":\"https:\\\/\\\/www.bellunopress.it\\\/wp-content\\\/uploads\\\/2021\\\/05\\\/Chiara-Isotton_edited.jpg\",\"datePublished\":\"2021-07-23T11:51:05+00:00\",\"breadcrumb\":{\"@id\":\"https:\\\/\\\/www.bellunopress.it\\\/2021\\\/07\\\/23\\\/lopera-protagonista-dei-concerti-nel-borgo-domenica-5-settembre-il-recital-del-soprano-chiara-isotton\\\/#breadcrumb\"},\"inLanguage\":\"fr-FR\",\"potentialAction\":[{\"@type\":\"ReadAction\",\"target\":[\"https:\\\/\\\/www.bellunopress.it\\\/2021\\\/07\\\/23\\\/lopera-protagonista-dei-concerti-nel-borgo-domenica-5-settembre-il-recital-del-soprano-chiara-isotton\\\/\"]}]},{\"@type\":\"ImageObject\",\"inLanguage\":\"fr-FR\",\"@id\":\"https:\\\/\\\/www.bellunopress.it\\\/2021\\\/07\\\/23\\\/lopera-protagonista-dei-concerti-nel-borgo-domenica-5-settembre-il-recital-del-soprano-chiara-isotton\\\/#primaryimage\",\"url\":\"https:\\\/\\\/www.bellunopress.it\\\/wp-content\\\/uploads\\\/2021\\\/05\\\/Chiara-Isotton_edited.jpg\",\"contentUrl\":\"https:\\\/\\\/www.bellunopress.it\\\/wp-content\\\/uploads\\\/2021\\\/05\\\/Chiara-Isotton_edited.jpg\",\"width\":800,\"height\":722,\"caption\":\"Chiara Isotton, soprano\"},{\"@type\":\"BreadcrumbList\",\"@id\":\"https:\\\/\\\/www.bellunopress.it\\\/2021\\\/07\\\/23\\\/lopera-protagonista-dei-concerti-nel-borgo-domenica-5-settembre-il-recital-del-soprano-chiara-isotton\\\/#breadcrumb\",\"itemListElement\":[{\"@type\":\"ListItem\",\"position\":1,\"name\":\"Home\",\"item\":\"https:\\\/\\\/www.bellunopress.it\\\/\"},{\"@type\":\"ListItem\",\"position\":2,\"name\":\"L\u2019Opera protagonista dei Concerti nel Borgo. Domenica 5 settembre il recital del soprano Chiara Isotton\"}]},{\"@type\":\"WebSite\",\"@id\":\"https:\\\/\\\/www.bellunopress.it\\\/#website\",\"url\":\"https:\\\/\\\/www.bellunopress.it\\\/\",\"name\":\"Bellunopress - Dolomiti\",\"description\":\"e-mail: redazione@bellunopress.it\",\"publisher\":{\"@id\":\"https:\\\/\\\/www.bellunopress.it\\\/#organization\"},\"potentialAction\":[{\"@type\":\"SearchAction\",\"target\":{\"@type\":\"EntryPoint\",\"urlTemplate\":\"https:\\\/\\\/www.bellunopress.it\\\/?s={search_term_string}\"},\"query-input\":{\"@type\":\"PropertyValueSpecification\",\"valueRequired\":true,\"valueName\":\"search_term_string\"}}],\"inLanguage\":\"fr-FR\"},{\"@type\":\"Organization\",\"@id\":\"https:\\\/\\\/www.bellunopress.it\\\/#organization\",\"name\":\"Bellunopress\",\"url\":\"https:\\\/\\\/www.bellunopress.it\\\/\",\"logo\":{\"@type\":\"ImageObject\",\"inLanguage\":\"fr-FR\",\"@id\":\"https:\\\/\\\/www.bellunopress.it\\\/#\\\/schema\\\/logo\\\/image\\\/\",\"url\":\"https:\\\/\\\/www.bellunopress.it\\\/wp-content\\\/uploads\\\/2011\\\/05\\\/cropped-logo-bellunopress-.jpg\",\"contentUrl\":\"https:\\\/\\\/www.bellunopress.it\\\/wp-content\\\/uploads\\\/2011\\\/05\\\/cropped-logo-bellunopress-.jpg\",\"width\":512,\"height\":512,\"caption\":\"Bellunopress\"},\"image\":{\"@id\":\"https:\\\/\\\/www.bellunopress.it\\\/#\\\/schema\\\/logo\\\/image\\\/\"},\"sameAs\":[\"https:\\\/\\\/www.facebook.com\\\/profile.php?id=100008943462799\",\"https:\\\/\\\/x.com\\\/bellunopress\",\"https:\\\/\\\/www.linkedin.com\\\/hp\\\/?dnr=JBzUWaJfMUw8vbXJJ2tVW5-I3jZKvC4wsoxE&amp;amp;amp;amp;amp;amp;trk=nav_responsive_tab_home\",\"https:\\\/\\\/www.youtube.com\\\/channel\\\/UCxL0wu1uN0_3_7hGG0306cw\"]},{\"@type\":\"Person\",\"@id\":\"https:\\\/\\\/www.bellunopress.it\\\/#\\\/schema\\\/person\\\/79bb06722b37ece1c03d3e94beb30d73\",\"name\":\"redazione\",\"image\":{\"@type\":\"ImageObject\",\"inLanguage\":\"fr-FR\",\"@id\":\"https:\\\/\\\/secure.gravatar.com\\\/avatar\\\/37d968a2e67a6fd04c169c4bdef102d0bc5d31b2546345219e348575eb80e9a0?s=96&d=mm&r=g\",\"url\":\"https:\\\/\\\/secure.gravatar.com\\\/avatar\\\/37d968a2e67a6fd04c169c4bdef102d0bc5d31b2546345219e348575eb80e9a0?s=96&d=mm&r=g\",\"contentUrl\":\"https:\\\/\\\/secure.gravatar.com\\\/avatar\\\/37d968a2e67a6fd04c169c4bdef102d0bc5d31b2546345219e348575eb80e9a0?s=96&d=mm&r=g\",\"caption\":\"redazione\"},\"sameAs\":[\"http:\\\/\\\/www.bellunopress.it\",\"https:\\\/\\\/x.com\\\/bellunopress\"],\"url\":\"https:\\\/\\\/www.bellunopress.it\\\/fr\\\/author\\\/redazione\\\/\"}]}<\/script>\n<!-- \/ Yoast SEO plugin. -->","yoast_head_json":{"title":"L\u2019Opera protagonista dei Concerti nel Borgo. Domenica 5 settembre il recital del soprano Chiara Isotton - Bellunopress - Dolomiti","robots":{"index":"index","follow":"follow","max-snippet":"max-snippet:-1","max-image-preview":"max-image-preview:large","max-video-preview":"max-video-preview:-1"},"canonical":"https:\/\/www.bellunopress.it\/fr\/2021\/07\/23\/lopera-protagonista-dei-concerti-nel-borgo-domenica-5-settembre-il-recital-del-soprano-chiara-isotton\/","og_locale":"fr_FR","og_type":"article","og_title":"L\u2019Opera protagonista dei Concerti nel Borgo. Domenica 5 settembre il recital del soprano Chiara Isotton - Bellunopress - Dolomiti","og_description":"&#8220;I Concerti nel Borgo di quest\u2019anno saranno dedicati all\u2019opera lirica e vedranno esibirsi giovani talenti e professionisti affermati, con l\u2019obiettivo di promuovere l\u2019ascolto della musica in un paese come l\u2019Italia, considerato la patria dell\u2019opera, in cui purtroppo la musica \u00e8 poco studiata e valorizzata&#8221;. Lo dichiara Monica Frapporti, assessore alla Cultura del Comune di Borgo [&hellip;]","og_url":"https:\/\/www.bellunopress.it\/fr\/2021\/07\/23\/lopera-protagonista-dei-concerti-nel-borgo-domenica-5-settembre-il-recital-del-soprano-chiara-isotton\/","og_site_name":"Bellunopress - Dolomiti","article_publisher":"https:\/\/www.facebook.com\/profile.php?id=100008943462799","article_published_time":"2021-07-23T11:51:05+00:00","og_image":[{"width":800,"height":722,"url":"https:\/\/www.bellunopress.it\/wp-content\/uploads\/2021\/05\/Chiara-Isotton_edited.jpg","type":"image\/jpeg"}],"author":"redazione","twitter_card":"summary_large_image","twitter_creator":"@bellunopress","twitter_site":"@bellunopress","twitter_misc":{"\u00c9crit par":"redazione","Dur\u00e9e de lecture estim\u00e9e":"3 minutes"},"schema":{"@context":"https:\/\/schema.org","@graph":[{"@type":"Article","@id":"https:\/\/www.bellunopress.it\/2021\/07\/23\/lopera-protagonista-dei-concerti-nel-borgo-domenica-5-settembre-il-recital-del-soprano-chiara-isotton\/#article","isPartOf":{"@id":"https:\/\/www.bellunopress.it\/2021\/07\/23\/lopera-protagonista-dei-concerti-nel-borgo-domenica-5-settembre-il-recital-del-soprano-chiara-isotton\/"},"author":{"name":"redazione","@id":"https:\/\/www.bellunopress.it\/#\/schema\/person\/79bb06722b37ece1c03d3e94beb30d73"},"headline":"L\u2019Opera protagonista dei Concerti nel Borgo. Domenica 5 settembre il recital del soprano Chiara Isotton","datePublished":"2021-07-23T11:51:05+00:00","mainEntityOfPage":{"@id":"https:\/\/www.bellunopress.it\/2021\/07\/23\/lopera-protagonista-dei-concerti-nel-borgo-domenica-5-settembre-il-recital-del-soprano-chiara-isotton\/"},"wordCount":437,"publisher":{"@id":"https:\/\/www.bellunopress.it\/#organization"},"image":{"@id":"https:\/\/www.bellunopress.it\/2021\/07\/23\/lopera-protagonista-dei-concerti-nel-borgo-domenica-5-settembre-il-recital-del-soprano-chiara-isotton\/#primaryimage"},"thumbnailUrl":"https:\/\/www.bellunopress.it\/wp-content\/uploads\/2021\/05\/Chiara-Isotton_edited.jpg","articleSection":["Appuntamenti, Eventi","Arte, Cultura, Spettacoli, Scienza","Featured","Pausa Caff\u00e8"],"inLanguage":"fr-FR"},{"@type":"WebPage","@id":"https:\/\/www.bellunopress.it\/2021\/07\/23\/lopera-protagonista-dei-concerti-nel-borgo-domenica-5-settembre-il-recital-del-soprano-chiara-isotton\/","url":"https:\/\/www.bellunopress.it\/2021\/07\/23\/lopera-protagonista-dei-concerti-nel-borgo-domenica-5-settembre-il-recital-del-soprano-chiara-isotton\/","name":"L\u2019Opera protagonista dei Concerti nel Borgo. Domenica 5 settembre il recital del soprano Chiara Isotton - Bellunopress - Dolomiti","isPartOf":{"@id":"https:\/\/www.bellunopress.it\/#website"},"primaryImageOfPage":{"@id":"https:\/\/www.bellunopress.it\/2021\/07\/23\/lopera-protagonista-dei-concerti-nel-borgo-domenica-5-settembre-il-recital-del-soprano-chiara-isotton\/#primaryimage"},"image":{"@id":"https:\/\/www.bellunopress.it\/2021\/07\/23\/lopera-protagonista-dei-concerti-nel-borgo-domenica-5-settembre-il-recital-del-soprano-chiara-isotton\/#primaryimage"},"thumbnailUrl":"https:\/\/www.bellunopress.it\/wp-content\/uploads\/2021\/05\/Chiara-Isotton_edited.jpg","datePublished":"2021-07-23T11:51:05+00:00","breadcrumb":{"@id":"https:\/\/www.bellunopress.it\/2021\/07\/23\/lopera-protagonista-dei-concerti-nel-borgo-domenica-5-settembre-il-recital-del-soprano-chiara-isotton\/#breadcrumb"},"inLanguage":"fr-FR","potentialAction":[{"@type":"ReadAction","target":["https:\/\/www.bellunopress.it\/2021\/07\/23\/lopera-protagonista-dei-concerti-nel-borgo-domenica-5-settembre-il-recital-del-soprano-chiara-isotton\/"]}]},{"@type":"ImageObject","inLanguage":"fr-FR","@id":"https:\/\/www.bellunopress.it\/2021\/07\/23\/lopera-protagonista-dei-concerti-nel-borgo-domenica-5-settembre-il-recital-del-soprano-chiara-isotton\/#primaryimage","url":"https:\/\/www.bellunopress.it\/wp-content\/uploads\/2021\/05\/Chiara-Isotton_edited.jpg","contentUrl":"https:\/\/www.bellunopress.it\/wp-content\/uploads\/2021\/05\/Chiara-Isotton_edited.jpg","width":800,"height":722,"caption":"Chiara Isotton, soprano"},{"@type":"BreadcrumbList","@id":"https:\/\/www.bellunopress.it\/2021\/07\/23\/lopera-protagonista-dei-concerti-nel-borgo-domenica-5-settembre-il-recital-del-soprano-chiara-isotton\/#breadcrumb","itemListElement":[{"@type":"ListItem","position":1,"name":"Home","item":"https:\/\/www.bellunopress.it\/"},{"@type":"ListItem","position":2,"name":"L\u2019Opera protagonista dei Concerti nel Borgo. Domenica 5 settembre il recital del soprano Chiara Isotton"}]},{"@type":"WebSite","@id":"https:\/\/www.bellunopress.it\/#website","url":"https:\/\/www.bellunopress.it\/","name":"Bellunopress - Dolomiti","description":"e-mail: redazione@bellunopress.it","publisher":{"@id":"https:\/\/www.bellunopress.it\/#organization"},"potentialAction":[{"@type":"SearchAction","target":{"@type":"EntryPoint","urlTemplate":"https:\/\/www.bellunopress.it\/?s={search_term_string}"},"query-input":{"@type":"PropertyValueSpecification","valueRequired":true,"valueName":"search_term_string"}}],"inLanguage":"fr-FR"},{"@type":"Organization","@id":"https:\/\/www.bellunopress.it\/#organization","name":"Bellunopress","url":"https:\/\/www.bellunopress.it\/","logo":{"@type":"ImageObject","inLanguage":"fr-FR","@id":"https:\/\/www.bellunopress.it\/#\/schema\/logo\/image\/","url":"https:\/\/www.bellunopress.it\/wp-content\/uploads\/2011\/05\/cropped-logo-bellunopress-.jpg","contentUrl":"https:\/\/www.bellunopress.it\/wp-content\/uploads\/2011\/05\/cropped-logo-bellunopress-.jpg","width":512,"height":512,"caption":"Bellunopress"},"image":{"@id":"https:\/\/www.bellunopress.it\/#\/schema\/logo\/image\/"},"sameAs":["https:\/\/www.facebook.com\/profile.php?id=100008943462799","https:\/\/x.com\/bellunopress","https:\/\/www.linkedin.com\/hp\/?dnr=JBzUWaJfMUw8vbXJJ2tVW5-I3jZKvC4wsoxE&amp;amp;amp;amp;amp;amp;trk=nav_responsive_tab_home","https:\/\/www.youtube.com\/channel\/UCxL0wu1uN0_3_7hGG0306cw"]},{"@type":"Person","@id":"https:\/\/www.bellunopress.it\/#\/schema\/person\/79bb06722b37ece1c03d3e94beb30d73","name":"r\u00e9daction","image":{"@type":"ImageObject","inLanguage":"fr-FR","@id":"https:\/\/secure.gravatar.com\/avatar\/37d968a2e67a6fd04c169c4bdef102d0bc5d31b2546345219e348575eb80e9a0?s=96&d=mm&r=g","url":"https:\/\/secure.gravatar.com\/avatar\/37d968a2e67a6fd04c169c4bdef102d0bc5d31b2546345219e348575eb80e9a0?s=96&d=mm&r=g","contentUrl":"https:\/\/secure.gravatar.com\/avatar\/37d968a2e67a6fd04c169c4bdef102d0bc5d31b2546345219e348575eb80e9a0?s=96&d=mm&r=g","caption":"redazione"},"sameAs":["http:\/\/www.bellunopress.it","https:\/\/x.com\/bellunopress"],"url":"https:\/\/www.bellunopress.it\/fr\/author\/redazione\/"}]}},"_links":{"self":[{"href":"https:\/\/www.bellunopress.it\/fr\/wp-json\/wp\/v2\/posts\/126246","targetHints":{"allow":["GET"]}}],"collection":[{"href":"https:\/\/www.bellunopress.it\/fr\/wp-json\/wp\/v2\/posts"}],"about":[{"href":"https:\/\/www.bellunopress.it\/fr\/wp-json\/wp\/v2\/types\/post"}],"author":[{"embeddable":true,"href":"https:\/\/www.bellunopress.it\/fr\/wp-json\/wp\/v2\/users\/2"}],"replies":[{"embeddable":true,"href":"https:\/\/www.bellunopress.it\/fr\/wp-json\/wp\/v2\/comments?post=126246"}],"version-history":[{"count":1,"href":"https:\/\/www.bellunopress.it\/fr\/wp-json\/wp\/v2\/posts\/126246\/revisions"}],"predecessor-version":[{"id":126247,"href":"https:\/\/www.bellunopress.it\/fr\/wp-json\/wp\/v2\/posts\/126246\/revisions\/126247"}],"wp:featuredmedia":[{"embeddable":true,"href":"https:\/\/www.bellunopress.it\/fr\/wp-json\/wp\/v2\/media\/124907"}],"wp:attachment":[{"href":"https:\/\/www.bellunopress.it\/fr\/wp-json\/wp\/v2\/media?parent=126246"}],"wp:term":[{"taxonomy":"category","embeddable":true,"href":"https:\/\/www.bellunopress.it\/fr\/wp-json\/wp\/v2\/categories?post=126246"},{"taxonomy":"post_tag","embeddable":true,"href":"https:\/\/www.bellunopress.it\/fr\/wp-json\/wp\/v2\/tags?post=126246"}],"curies":[{"name":"wp","href":"https:\/\/api.w.org\/{rel}","templated":true}]}}