{"id":126242,"date":"2021-07-23T13:35:09","date_gmt":"2021-07-23T11:35:09","guid":{"rendered":"https:\/\/www.bellunopress.it\/?p=126242"},"modified":"2021-07-23T17:12:56","modified_gmt":"2021-07-23T15:12:56","slug":"nuova-rete-elettrica-in-comelico-a-prova-di-maltempo-investimenti-per-2-milioni","status":"publish","type":"post","link":"https:\/\/www.bellunopress.it\/fr\/2021\/07\/23\/nuova-rete-elettrica-in-comelico-a-prova-di-maltempo-investimenti-per-2-milioni\/","title":{"rendered":"Nuova rete elettrica in Comelico a prova di maltempo. Investimenti per 2 milioni"},"content":{"rendered":"<p><a href=\"https:\/\/www.bellunopress.it\/fr\/2021\/07\/23\/nuova-rete-elettrica-in-comelico-8-km-di-interramento-investimenti-per-2-milioni\/e-distribuzione-interramento-linea-elettrica-comelico_edited\/\" rel=\"attachment wp-att-126243\"><img loading=\"lazy\" decoding=\"async\" class=\"alignleft size-full wp-image-126243\" src=\"https:\/\/www.bellunopress.it\/wp-content\/uploads\/2021\/07\/e-Distribuzione-interramento-linea-elettrica-Comelico_edited.jpg\" alt=\"\" width=\"800\" height=\"596\" srcset=\"https:\/\/www.bellunopress.it\/wp-content\/uploads\/2021\/07\/e-Distribuzione-interramento-linea-elettrica-Comelico_edited.jpg 800w, https:\/\/www.bellunopress.it\/wp-content\/uploads\/2021\/07\/e-Distribuzione-interramento-linea-elettrica-Comelico_edited-500x373.jpg 500w, https:\/\/www.bellunopress.it\/wp-content\/uploads\/2021\/07\/e-Distribuzione-interramento-linea-elettrica-Comelico_edited-485x360.jpg 485w, https:\/\/www.bellunopress.it\/wp-content\/uploads\/2021\/07\/e-Distribuzione-interramento-linea-elettrica-Comelico_edited-696x519.jpg 696w, https:\/\/www.bellunopress.it\/wp-content\/uploads\/2021\/07\/e-Distribuzione-interramento-linea-elettrica-Comelico_edited-564x420.jpg 564w, https:\/\/www.bellunopress.it\/wp-content\/uploads\/2021\/07\/e-Distribuzione-interramento-linea-elettrica-Comelico_edited-80x60.jpg 80w, https:\/\/www.bellunopress.it\/wp-content\/uploads\/2021\/07\/e-Distribuzione-interramento-linea-elettrica-Comelico_edited-265x198.jpg 265w\" sizes=\"auto, (max-width: 800px) 100vw, 800px\" \/><\/a>Belluno, 23 luglio 2021 \u2013 Proseguono a pieno ritmo gli interventi previsti dal Piano di Resilienza predisposto da E-Distribuzione per contenere il rischio di disalimentazione a fronte dei principali fattori critici che possono avere impatto sulla rete elettrica.<\/p>\n<p>Nell&#8217;area del Comelico sono stati infatti avviati i lavori di integrale rinnovo degli oltre 10 chilometri di linee aeree danneggiate dalle copiose nevicate avvenute durante lo scorso inverno. Il programma prevede l&#8217;interramento di 8 chilometri di linee, la sostituzione di una cinquantina di sostegni e la posa di un nuovo cavo aereo di Media tensione (20.000 Volt) di particolare resistenza. E&#8217; stata inoltre prevista la costruzione di 5 nuove cabine di trasformazione ovvero gli snodi per la derivazione delle linee di bassa tensione e che potranno essere utilizzate in misura flessibile per garantire sempre il miglior assetto di rete.<\/p>\n<p>Nelle scorse settimane Il piano dei lavori \u00e8 stato illustrato alle Amministrazioni comunali interessate, cos\u00ec da concertare le opportune tempistiche e modalit\u00e0 ed illustrare il miglioramento della qualit\u00e0 del servizio di cui beneficeranno oltre 20.000 cittadini della zona.<\/p>\n<p>Per ridurre al minimo i disagi e superare le specifiche difficolt\u00e0 operative della zona, dovute anche alla natura del terreno, in molti casi verr\u00e0 utilizzato l&#8217;elicottero per il trasporto e la posa dei sostegni che saranno allestiti da tecnici altamente specializzati. Dove possibile, inoltre, sar\u00e0 utilizzata la trivellazione teleguidata, una tecnologia all&#8217;avanguardia utilizzata per la posa dei cavi interrati, evitando lo scavo a cielo aperto e limitando cos\u00ec l&#8217;impatto sulla circolazione stradale.<\/p>\n<p>&#8220;Sviluppare una rete resiliente, flessibile ed intelligente \u2013 sottolinea Gabriele Zuccon, responsabile Zona Treviso-Belluno di E-Distribuzione \u2013 \u00e8 l&#8217;obiettivo che contraddistingue la pianificazione di tutti i nostri interventi in programma in questi anni. Puntiamo a migliorare ulteriormente la continuit\u00e0 del servizio elettrico e ad abilitare una transizione energetica in tutte le realt\u00e0 territoriali in cui operiamo. Il piano previsto per il Comelico del prossimo biennio conferma e rafforza il nostro impegno per la digitalizzazione, l&#8217;innovazione tecnologica e la sostenibilit\u00e0 di una infrastruttura strategica al servizio di tutti i clienti&#8221;.<\/p>\n<p>&#8220;L&#8217;Amministrazione comunale &#8211; afferma Elisa Bergagnin, vice sindaco di Santo Stefano di Cadore &#8211; accoglie con favore questo tipo di interventi in quanto ovvieranno alle ricadute negative derivanti dalle interruzioni della fornitura provocate dal maltempo e, grazie all&#8217;interramento degli impianti, ne trarr\u00e0 beneficio l&#8217;impatto ambientale&#8221;.<\/p>\n<p>Il primo intervento di interramento delle linee, della lunghezza di oltre 1 km , si sta sviluppando lungo la SS 52 in prossimit\u00e0 dell&#8217;abitato di Santo Stefano di Cadore con qualche inevitabile disagio alla circolazione, mentre sono gi\u00e0 stati sostituiti 16 sostegni lungo la linea elettrica principale che alimenta gran parte delle forniture dello stesso Comune.<\/p>\n<p>Il piano di lavoro complessivo prevede diverse fasi di intervento che si completeranno nel 2022 e che comporteranno per un investimento complessivo di circa 2 milioni di euro.<\/p>","protected":false},"excerpt":{"rendered":"<p>Belluno, 23 luglio 2021 \u2013 Proseguono a pieno ritmo gli interventi previsti dal Piano di Resilienza predisposto da E-Distribuzione per contenere il rischio di disalimentazione a fronte dei principali fattori critici che possono avere impatto sulla rete elettrica. Nell&#8217;area del Comelico sono stati infatti avviati i lavori di integrale rinnovo degli oltre 10 chilometri di [&hellip;]<\/p>\n","protected":false},"author":2,"featured_media":126243,"comment_status":"closed","ping_status":"open","sticky":false,"template":"","format":"standard","meta":{"footnotes":""},"categories":[5,26],"tags":[],"class_list":["post-126242","post","type-post","status-publish","format-standard","has-post-thumbnail","category-cronaca","category-prima-pagina"],"yoast_head":"<!-- This site is optimized with the Yoast SEO plugin v28.4 - https:\/\/yoast.com\/product\/yoast-seo-wordpress\/ -->\n<title>Nuova rete elettrica in Comelico a prova di maltempo. Investimenti per 2 milioni - Bellunopress - Dolomiti<\/title>\n<meta name=\"robots\" content=\"index, follow, max-snippet:-1, max-image-preview:large, max-video-preview:-1\" \/>\n<link rel=\"canonical\" href=\"https:\/\/www.bellunopress.it\/fr\/2021\/07\/23\/nuova-rete-elettrica-in-comelico-a-prova-di-maltempo-investimenti-per-2-milioni\/\" \/>\n<meta property=\"og:locale\" content=\"fr_FR\" \/>\n<meta property=\"og:type\" content=\"article\" \/>\n<meta property=\"og:title\" content=\"Nuova rete elettrica in Comelico a prova di maltempo. Investimenti per 2 milioni - Bellunopress - Dolomiti\" \/>\n<meta property=\"og:description\" content=\"Belluno, 23 luglio 2021 \u2013 Proseguono a pieno ritmo gli interventi previsti dal Piano di Resilienza predisposto da E-Distribuzione per contenere il rischio di disalimentazione a fronte dei principali fattori critici che possono avere impatto sulla rete elettrica. Nell&#8217;area del Comelico sono stati infatti avviati i lavori di integrale rinnovo degli oltre 10 chilometri di [&hellip;]\" \/>\n<meta property=\"og:url\" content=\"https:\/\/www.bellunopress.it\/fr\/2021\/07\/23\/nuova-rete-elettrica-in-comelico-a-prova-di-maltempo-investimenti-per-2-milioni\/\" \/>\n<meta property=\"og:site_name\" content=\"Bellunopress - Dolomiti\" \/>\n<meta property=\"article:publisher\" content=\"https:\/\/www.facebook.com\/profile.php?id=100008943462799\" \/>\n<meta property=\"article:published_time\" content=\"2021-07-23T11:35:09+00:00\" \/>\n<meta property=\"article:modified_time\" content=\"2021-07-23T15:12:56+00:00\" \/>\n<meta property=\"og:image\" content=\"https:\/\/www.bellunopress.it\/wp-content\/uploads\/2021\/07\/e-Distribuzione-interramento-linea-elettrica-Comelico_edited.jpg\" \/>\n\t<meta property=\"og:image:width\" content=\"800\" \/>\n\t<meta property=\"og:image:height\" content=\"596\" \/>\n\t<meta property=\"og:image:type\" content=\"image\/jpeg\" \/>\n<meta name=\"author\" content=\"redazione\" \/>\n<meta name=\"twitter:card\" content=\"summary_large_image\" \/>\n<meta name=\"twitter:creator\" content=\"@bellunopress\" \/>\n<meta name=\"twitter:site\" content=\"@bellunopress\" \/>\n<meta name=\"twitter:label1\" content=\"\u00c9crit par\" \/>\n\t<meta name=\"twitter:data1\" content=\"redazione\" \/>\n\t<meta name=\"twitter:label2\" content=\"Dur\u00e9e de lecture estim\u00e9e\" \/>\n\t<meta name=\"twitter:data2\" content=\"3 minutes\" \/>\n<script type=\"application\/ld+json\" class=\"yoast-schema-graph\">{\"@context\":\"https:\\\/\\\/schema.org\",\"@graph\":[{\"@type\":\"Article\",\"@id\":\"https:\\\/\\\/www.bellunopress.it\\\/2021\\\/07\\\/23\\\/nuova-rete-elettrica-in-comelico-a-prova-di-maltempo-investimenti-per-2-milioni\\\/#article\",\"isPartOf\":{\"@id\":\"https:\\\/\\\/www.bellunopress.it\\\/2021\\\/07\\\/23\\\/nuova-rete-elettrica-in-comelico-a-prova-di-maltempo-investimenti-per-2-milioni\\\/\"},\"author\":{\"name\":\"redazione\",\"@id\":\"https:\\\/\\\/www.bellunopress.it\\\/#\\\/schema\\\/person\\\/79bb06722b37ece1c03d3e94beb30d73\"},\"headline\":\"Nuova rete elettrica in Comelico a prova di maltempo. Investimenti per 2 milioni\",\"datePublished\":\"2021-07-23T11:35:09+00:00\",\"dateModified\":\"2021-07-23T15:12:56+00:00\",\"mainEntityOfPage\":{\"@id\":\"https:\\\/\\\/www.bellunopress.it\\\/2021\\\/07\\\/23\\\/nuova-rete-elettrica-in-comelico-a-prova-di-maltempo-investimenti-per-2-milioni\\\/\"},\"wordCount\":470,\"publisher\":{\"@id\":\"https:\\\/\\\/www.bellunopress.it\\\/#organization\"},\"image\":{\"@id\":\"https:\\\/\\\/www.bellunopress.it\\\/2021\\\/07\\\/23\\\/nuova-rete-elettrica-in-comelico-a-prova-di-maltempo-investimenti-per-2-milioni\\\/#primaryimage\"},\"thumbnailUrl\":\"https:\\\/\\\/www.bellunopress.it\\\/wp-content\\\/uploads\\\/2021\\\/07\\\/e-Distribuzione-interramento-linea-elettrica-Comelico_edited.jpg\",\"articleSection\":[\"Cronaca\\\/Politica\",\"Prima Pagina\"],\"inLanguage\":\"fr-FR\"},{\"@type\":\"WebPage\",\"@id\":\"https:\\\/\\\/www.bellunopress.it\\\/2021\\\/07\\\/23\\\/nuova-rete-elettrica-in-comelico-a-prova-di-maltempo-investimenti-per-2-milioni\\\/\",\"url\":\"https:\\\/\\\/www.bellunopress.it\\\/2021\\\/07\\\/23\\\/nuova-rete-elettrica-in-comelico-a-prova-di-maltempo-investimenti-per-2-milioni\\\/\",\"name\":\"Nuova rete elettrica in Comelico a prova di maltempo. Investimenti per 2 milioni - Bellunopress - Dolomiti\",\"isPartOf\":{\"@id\":\"https:\\\/\\\/www.bellunopress.it\\\/#website\"},\"primaryImageOfPage\":{\"@id\":\"https:\\\/\\\/www.bellunopress.it\\\/2021\\\/07\\\/23\\\/nuova-rete-elettrica-in-comelico-a-prova-di-maltempo-investimenti-per-2-milioni\\\/#primaryimage\"},\"image\":{\"@id\":\"https:\\\/\\\/www.bellunopress.it\\\/2021\\\/07\\\/23\\\/nuova-rete-elettrica-in-comelico-a-prova-di-maltempo-investimenti-per-2-milioni\\\/#primaryimage\"},\"thumbnailUrl\":\"https:\\\/\\\/www.bellunopress.it\\\/wp-content\\\/uploads\\\/2021\\\/07\\\/e-Distribuzione-interramento-linea-elettrica-Comelico_edited.jpg\",\"datePublished\":\"2021-07-23T11:35:09+00:00\",\"dateModified\":\"2021-07-23T15:12:56+00:00\",\"breadcrumb\":{\"@id\":\"https:\\\/\\\/www.bellunopress.it\\\/2021\\\/07\\\/23\\\/nuova-rete-elettrica-in-comelico-a-prova-di-maltempo-investimenti-per-2-milioni\\\/#breadcrumb\"},\"inLanguage\":\"fr-FR\",\"potentialAction\":[{\"@type\":\"ReadAction\",\"target\":[\"https:\\\/\\\/www.bellunopress.it\\\/2021\\\/07\\\/23\\\/nuova-rete-elettrica-in-comelico-a-prova-di-maltempo-investimenti-per-2-milioni\\\/\"]}]},{\"@type\":\"ImageObject\",\"inLanguage\":\"fr-FR\",\"@id\":\"https:\\\/\\\/www.bellunopress.it\\\/2021\\\/07\\\/23\\\/nuova-rete-elettrica-in-comelico-a-prova-di-maltempo-investimenti-per-2-milioni\\\/#primaryimage\",\"url\":\"https:\\\/\\\/www.bellunopress.it\\\/wp-content\\\/uploads\\\/2021\\\/07\\\/e-Distribuzione-interramento-linea-elettrica-Comelico_edited.jpg\",\"contentUrl\":\"https:\\\/\\\/www.bellunopress.it\\\/wp-content\\\/uploads\\\/2021\\\/07\\\/e-Distribuzione-interramento-linea-elettrica-Comelico_edited.jpg\",\"width\":800,\"height\":596},{\"@type\":\"BreadcrumbList\",\"@id\":\"https:\\\/\\\/www.bellunopress.it\\\/2021\\\/07\\\/23\\\/nuova-rete-elettrica-in-comelico-a-prova-di-maltempo-investimenti-per-2-milioni\\\/#breadcrumb\",\"itemListElement\":[{\"@type\":\"ListItem\",\"position\":1,\"name\":\"Home\",\"item\":\"https:\\\/\\\/www.bellunopress.it\\\/\"},{\"@type\":\"ListItem\",\"position\":2,\"name\":\"Nuova rete elettrica in Comelico a prova di maltempo. Investimenti per 2 milioni\"}]},{\"@type\":\"WebSite\",\"@id\":\"https:\\\/\\\/www.bellunopress.it\\\/#website\",\"url\":\"https:\\\/\\\/www.bellunopress.it\\\/\",\"name\":\"Bellunopress - Dolomiti\",\"description\":\"e-mail: redazione@bellunopress.it\",\"publisher\":{\"@id\":\"https:\\\/\\\/www.bellunopress.it\\\/#organization\"},\"potentialAction\":[{\"@type\":\"SearchAction\",\"target\":{\"@type\":\"EntryPoint\",\"urlTemplate\":\"https:\\\/\\\/www.bellunopress.it\\\/?s={search_term_string}\"},\"query-input\":{\"@type\":\"PropertyValueSpecification\",\"valueRequired\":true,\"valueName\":\"search_term_string\"}}],\"inLanguage\":\"fr-FR\"},{\"@type\":\"Organization\",\"@id\":\"https:\\\/\\\/www.bellunopress.it\\\/#organization\",\"name\":\"Bellunopress\",\"url\":\"https:\\\/\\\/www.bellunopress.it\\\/\",\"logo\":{\"@type\":\"ImageObject\",\"inLanguage\":\"fr-FR\",\"@id\":\"https:\\\/\\\/www.bellunopress.it\\\/#\\\/schema\\\/logo\\\/image\\\/\",\"url\":\"https:\\\/\\\/www.bellunopress.it\\\/wp-content\\\/uploads\\\/2011\\\/05\\\/cropped-logo-bellunopress-.jpg\",\"contentUrl\":\"https:\\\/\\\/www.bellunopress.it\\\/wp-content\\\/uploads\\\/2011\\\/05\\\/cropped-logo-bellunopress-.jpg\",\"width\":512,\"height\":512,\"caption\":\"Bellunopress\"},\"image\":{\"@id\":\"https:\\\/\\\/www.bellunopress.it\\\/#\\\/schema\\\/logo\\\/image\\\/\"},\"sameAs\":[\"https:\\\/\\\/www.facebook.com\\\/profile.php?id=100008943462799\",\"https:\\\/\\\/x.com\\\/bellunopress\",\"https:\\\/\\\/www.linkedin.com\\\/hp\\\/?dnr=JBzUWaJfMUw8vbXJJ2tVW5-I3jZKvC4wsoxE&amp;amp;amp;amp;amp;amp;trk=nav_responsive_tab_home\",\"https:\\\/\\\/www.youtube.com\\\/channel\\\/UCxL0wu1uN0_3_7hGG0306cw\"]},{\"@type\":\"Person\",\"@id\":\"https:\\\/\\\/www.bellunopress.it\\\/#\\\/schema\\\/person\\\/79bb06722b37ece1c03d3e94beb30d73\",\"name\":\"redazione\",\"image\":{\"@type\":\"ImageObject\",\"inLanguage\":\"fr-FR\",\"@id\":\"https:\\\/\\\/secure.gravatar.com\\\/avatar\\\/37d968a2e67a6fd04c169c4bdef102d0bc5d31b2546345219e348575eb80e9a0?s=96&d=mm&r=g\",\"url\":\"https:\\\/\\\/secure.gravatar.com\\\/avatar\\\/37d968a2e67a6fd04c169c4bdef102d0bc5d31b2546345219e348575eb80e9a0?s=96&d=mm&r=g\",\"contentUrl\":\"https:\\\/\\\/secure.gravatar.com\\\/avatar\\\/37d968a2e67a6fd04c169c4bdef102d0bc5d31b2546345219e348575eb80e9a0?s=96&d=mm&r=g\",\"caption\":\"redazione\"},\"sameAs\":[\"http:\\\/\\\/www.bellunopress.it\",\"https:\\\/\\\/x.com\\\/bellunopress\"],\"url\":\"https:\\\/\\\/www.bellunopress.it\\\/fr\\\/author\\\/redazione\\\/\"}]}<\/script>\n<!-- \/ Yoast SEO plugin. -->","yoast_head_json":{"title":"Nuova rete elettrica in Comelico a prova di maltempo. Investimenti per 2 milioni - Bellunopress - Dolomiti","robots":{"index":"index","follow":"follow","max-snippet":"max-snippet:-1","max-image-preview":"max-image-preview:large","max-video-preview":"max-video-preview:-1"},"canonical":"https:\/\/www.bellunopress.it\/fr\/2021\/07\/23\/nuova-rete-elettrica-in-comelico-a-prova-di-maltempo-investimenti-per-2-milioni\/","og_locale":"fr_FR","og_type":"article","og_title":"Nuova rete elettrica in Comelico a prova di maltempo. Investimenti per 2 milioni - Bellunopress - Dolomiti","og_description":"Belluno, 23 luglio 2021 \u2013 Proseguono a pieno ritmo gli interventi previsti dal Piano di Resilienza predisposto da E-Distribuzione per contenere il rischio di disalimentazione a fronte dei principali fattori critici che possono avere impatto sulla rete elettrica. Nell&#8217;area del Comelico sono stati infatti avviati i lavori di integrale rinnovo degli oltre 10 chilometri di [&hellip;]","og_url":"https:\/\/www.bellunopress.it\/fr\/2021\/07\/23\/nuova-rete-elettrica-in-comelico-a-prova-di-maltempo-investimenti-per-2-milioni\/","og_site_name":"Bellunopress - Dolomiti","article_publisher":"https:\/\/www.facebook.com\/profile.php?id=100008943462799","article_published_time":"2021-07-23T11:35:09+00:00","article_modified_time":"2021-07-23T15:12:56+00:00","og_image":[{"width":800,"height":596,"url":"https:\/\/www.bellunopress.it\/wp-content\/uploads\/2021\/07\/e-Distribuzione-interramento-linea-elettrica-Comelico_edited.jpg","type":"image\/jpeg"}],"author":"redazione","twitter_card":"summary_large_image","twitter_creator":"@bellunopress","twitter_site":"@bellunopress","twitter_misc":{"\u00c9crit par":"redazione","Dur\u00e9e de lecture estim\u00e9e":"3 minutes"},"schema":{"@context":"https:\/\/schema.org","@graph":[{"@type":"Article","@id":"https:\/\/www.bellunopress.it\/2021\/07\/23\/nuova-rete-elettrica-in-comelico-a-prova-di-maltempo-investimenti-per-2-milioni\/#article","isPartOf":{"@id":"https:\/\/www.bellunopress.it\/2021\/07\/23\/nuova-rete-elettrica-in-comelico-a-prova-di-maltempo-investimenti-per-2-milioni\/"},"author":{"name":"redazione","@id":"https:\/\/www.bellunopress.it\/#\/schema\/person\/79bb06722b37ece1c03d3e94beb30d73"},"headline":"Nuova rete elettrica in Comelico a prova di maltempo. Investimenti per 2 milioni","datePublished":"2021-07-23T11:35:09+00:00","dateModified":"2021-07-23T15:12:56+00:00","mainEntityOfPage":{"@id":"https:\/\/www.bellunopress.it\/2021\/07\/23\/nuova-rete-elettrica-in-comelico-a-prova-di-maltempo-investimenti-per-2-milioni\/"},"wordCount":470,"publisher":{"@id":"https:\/\/www.bellunopress.it\/#organization"},"image":{"@id":"https:\/\/www.bellunopress.it\/2021\/07\/23\/nuova-rete-elettrica-in-comelico-a-prova-di-maltempo-investimenti-per-2-milioni\/#primaryimage"},"thumbnailUrl":"https:\/\/www.bellunopress.it\/wp-content\/uploads\/2021\/07\/e-Distribuzione-interramento-linea-elettrica-Comelico_edited.jpg","articleSection":["Cronaca\/Politica","Prima Pagina"],"inLanguage":"fr-FR"},{"@type":"WebPage","@id":"https:\/\/www.bellunopress.it\/2021\/07\/23\/nuova-rete-elettrica-in-comelico-a-prova-di-maltempo-investimenti-per-2-milioni\/","url":"https:\/\/www.bellunopress.it\/2021\/07\/23\/nuova-rete-elettrica-in-comelico-a-prova-di-maltempo-investimenti-per-2-milioni\/","name":"Nuova rete elettrica in Comelico a prova di maltempo. Investimenti per 2 milioni - Bellunopress - Dolomiti","isPartOf":{"@id":"https:\/\/www.bellunopress.it\/#website"},"primaryImageOfPage":{"@id":"https:\/\/www.bellunopress.it\/2021\/07\/23\/nuova-rete-elettrica-in-comelico-a-prova-di-maltempo-investimenti-per-2-milioni\/#primaryimage"},"image":{"@id":"https:\/\/www.bellunopress.it\/2021\/07\/23\/nuova-rete-elettrica-in-comelico-a-prova-di-maltempo-investimenti-per-2-milioni\/#primaryimage"},"thumbnailUrl":"https:\/\/www.bellunopress.it\/wp-content\/uploads\/2021\/07\/e-Distribuzione-interramento-linea-elettrica-Comelico_edited.jpg","datePublished":"2021-07-23T11:35:09+00:00","dateModified":"2021-07-23T15:12:56+00:00","breadcrumb":{"@id":"https:\/\/www.bellunopress.it\/2021\/07\/23\/nuova-rete-elettrica-in-comelico-a-prova-di-maltempo-investimenti-per-2-milioni\/#breadcrumb"},"inLanguage":"fr-FR","potentialAction":[{"@type":"ReadAction","target":["https:\/\/www.bellunopress.it\/2021\/07\/23\/nuova-rete-elettrica-in-comelico-a-prova-di-maltempo-investimenti-per-2-milioni\/"]}]},{"@type":"ImageObject","inLanguage":"fr-FR","@id":"https:\/\/www.bellunopress.it\/2021\/07\/23\/nuova-rete-elettrica-in-comelico-a-prova-di-maltempo-investimenti-per-2-milioni\/#primaryimage","url":"https:\/\/www.bellunopress.it\/wp-content\/uploads\/2021\/07\/e-Distribuzione-interramento-linea-elettrica-Comelico_edited.jpg","contentUrl":"https:\/\/www.bellunopress.it\/wp-content\/uploads\/2021\/07\/e-Distribuzione-interramento-linea-elettrica-Comelico_edited.jpg","width":800,"height":596},{"@type":"BreadcrumbList","@id":"https:\/\/www.bellunopress.it\/2021\/07\/23\/nuova-rete-elettrica-in-comelico-a-prova-di-maltempo-investimenti-per-2-milioni\/#breadcrumb","itemListElement":[{"@type":"ListItem","position":1,"name":"Home","item":"https:\/\/www.bellunopress.it\/"},{"@type":"ListItem","position":2,"name":"Nuova rete elettrica in Comelico a prova di maltempo. Investimenti per 2 milioni"}]},{"@type":"WebSite","@id":"https:\/\/www.bellunopress.it\/#website","url":"https:\/\/www.bellunopress.it\/","name":"Bellunopress - Dolomiti","description":"e-mail: redazione@bellunopress.it","publisher":{"@id":"https:\/\/www.bellunopress.it\/#organization"},"potentialAction":[{"@type":"SearchAction","target":{"@type":"EntryPoint","urlTemplate":"https:\/\/www.bellunopress.it\/?s={search_term_string}"},"query-input":{"@type":"PropertyValueSpecification","valueRequired":true,"valueName":"search_term_string"}}],"inLanguage":"fr-FR"},{"@type":"Organization","@id":"https:\/\/www.bellunopress.it\/#organization","name":"Bellunopress","url":"https:\/\/www.bellunopress.it\/","logo":{"@type":"ImageObject","inLanguage":"fr-FR","@id":"https:\/\/www.bellunopress.it\/#\/schema\/logo\/image\/","url":"https:\/\/www.bellunopress.it\/wp-content\/uploads\/2011\/05\/cropped-logo-bellunopress-.jpg","contentUrl":"https:\/\/www.bellunopress.it\/wp-content\/uploads\/2011\/05\/cropped-logo-bellunopress-.jpg","width":512,"height":512,"caption":"Bellunopress"},"image":{"@id":"https:\/\/www.bellunopress.it\/#\/schema\/logo\/image\/"},"sameAs":["https:\/\/www.facebook.com\/profile.php?id=100008943462799","https:\/\/x.com\/bellunopress","https:\/\/www.linkedin.com\/hp\/?dnr=JBzUWaJfMUw8vbXJJ2tVW5-I3jZKvC4wsoxE&amp;amp;amp;amp;amp;amp;trk=nav_responsive_tab_home","https:\/\/www.youtube.com\/channel\/UCxL0wu1uN0_3_7hGG0306cw"]},{"@type":"Person","@id":"https:\/\/www.bellunopress.it\/#\/schema\/person\/79bb06722b37ece1c03d3e94beb30d73","name":"r\u00e9daction","image":{"@type":"ImageObject","inLanguage":"fr-FR","@id":"https:\/\/secure.gravatar.com\/avatar\/37d968a2e67a6fd04c169c4bdef102d0bc5d31b2546345219e348575eb80e9a0?s=96&d=mm&r=g","url":"https:\/\/secure.gravatar.com\/avatar\/37d968a2e67a6fd04c169c4bdef102d0bc5d31b2546345219e348575eb80e9a0?s=96&d=mm&r=g","contentUrl":"https:\/\/secure.gravatar.com\/avatar\/37d968a2e67a6fd04c169c4bdef102d0bc5d31b2546345219e348575eb80e9a0?s=96&d=mm&r=g","caption":"redazione"},"sameAs":["http:\/\/www.bellunopress.it","https:\/\/x.com\/bellunopress"],"url":"https:\/\/www.bellunopress.it\/fr\/author\/redazione\/"}]}},"_links":{"self":[{"href":"https:\/\/www.bellunopress.it\/fr\/wp-json\/wp\/v2\/posts\/126242","targetHints":{"allow":["GET"]}}],"collection":[{"href":"https:\/\/www.bellunopress.it\/fr\/wp-json\/wp\/v2\/posts"}],"about":[{"href":"https:\/\/www.bellunopress.it\/fr\/wp-json\/wp\/v2\/types\/post"}],"author":[{"embeddable":true,"href":"https:\/\/www.bellunopress.it\/fr\/wp-json\/wp\/v2\/users\/2"}],"replies":[{"embeddable":true,"href":"https:\/\/www.bellunopress.it\/fr\/wp-json\/wp\/v2\/comments?post=126242"}],"version-history":[{"count":4,"href":"https:\/\/www.bellunopress.it\/fr\/wp-json\/wp\/v2\/posts\/126242\/revisions"}],"predecessor-version":[{"id":126249,"href":"https:\/\/www.bellunopress.it\/fr\/wp-json\/wp\/v2\/posts\/126242\/revisions\/126249"}],"wp:featuredmedia":[{"embeddable":true,"href":"https:\/\/www.bellunopress.it\/fr\/wp-json\/wp\/v2\/media\/126243"}],"wp:attachment":[{"href":"https:\/\/www.bellunopress.it\/fr\/wp-json\/wp\/v2\/media?parent=126242"}],"wp:term":[{"taxonomy":"category","embeddable":true,"href":"https:\/\/www.bellunopress.it\/fr\/wp-json\/wp\/v2\/categories?post=126242"},{"taxonomy":"post_tag","embeddable":true,"href":"https:\/\/www.bellunopress.it\/fr\/wp-json\/wp\/v2\/tags?post=126242"}],"curies":[{"name":"wp","href":"https:\/\/api.w.org\/{rel}","templated":true}]}}