{"id":126210,"date":"2021-07-22T09:01:14","date_gmt":"2021-07-22T07:01:14","guid":{"rendered":"https:\/\/www.bellunopress.it\/?p=126210"},"modified":"2021-07-22T09:01:16","modified_gmt":"2021-07-22T07:01:16","slug":"calcio-settore-giovanile-massimo-agnello-sara-il-responsabile-della-nuova-societa-dolomiti-bellunesi","status":"publish","type":"post","link":"https:\/\/www.bellunopress.it\/fr\/2021\/07\/22\/calcio-settore-giovanile-massimo-agnello-sara-il-responsabile-della-nuova-societa-dolomiti-bellunesi\/","title":{"rendered":"Calcio, settore giovanile: Massimo Agnello sar\u00e0 il responsabile della nuova societ\u00e0 Dolomiti Bellunesi"},"content":{"rendered":"<p><a href=\"https:\/\/www.bellunopress.it\/fr\/2021\/07\/22\/calcio-settore-giovanile-massimo-agnello-sara-il-responsabile-della-nuova-societa-dolomiti-bellunesi\/massimo-agnello-giovanili_edited\/\" rel=\"attachment wp-att-126211\"><img loading=\"lazy\" decoding=\"async\" class=\"alignleft size-full wp-image-126211\" src=\"https:\/\/www.bellunopress.it\/wp-content\/uploads\/2021\/07\/massimo-agnello-giovanili_edited.jpg\" alt=\"\" width=\"800\" height=\"449\" srcset=\"https:\/\/www.bellunopress.it\/wp-content\/uploads\/2021\/07\/massimo-agnello-giovanili_edited.jpg 800w, https:\/\/www.bellunopress.it\/wp-content\/uploads\/2021\/07\/massimo-agnello-giovanili_edited-500x281.jpg 500w, https:\/\/www.bellunopress.it\/wp-content\/uploads\/2021\/07\/massimo-agnello-giovanili_edited-696x391.jpg 696w, https:\/\/www.bellunopress.it\/wp-content\/uploads\/2021\/07\/massimo-agnello-giovanili_edited-748x420.jpg 748w\" sizes=\"auto, (max-width: 800px) 100vw, 800px\" \/><\/a>La nuova societ\u00e0 Dolomiti Bellunesi spalanca una finestra sul futuro. E annuncia il gruppo di coordinatori e allenatori del settore giovanile.<\/p>\n<p>Il responsabile del vivaio sar\u00e0 Massimo Agnello, affiancato da Mauro Cappellaro (responsabile del settore tecnico e agonistico, oltre che dello scouting), Alessandro Prest (attivit\u00e0 di base per la sezione di Belluno), Andrea Da Poian (attivit\u00e0 di base per la sezione di Sedico), Fabrizio Melanco (attivit\u00e0 di base per la sezione di Feltre) e dal direttore sportivo Alessandro De Bona.<\/p>\n<p>Per quanto riguarda gli allenatori del settore agonistico, Alessandro Ferro guider\u00e0 gli Allievi \u00c9lite, Elton Cuberi gli Allievi Sperimentali, Roberto Pauletti gli Allievi regionali Academy, Mauro Fin i Giovanissimi \u00c9lite, Andrea Minella i Giovanissimi Sperimentali e Cristian De Michieli i Giovanissimi regionali Academy.<\/p>\n<p>\u00abPossiamo fare affidamento su un gruppo di lavoro molto unito &#8211; sono le parole del responsabile Massimo Agnello &#8211; in cui brillano competenza e professionalit\u00e0. Ognuno avr\u00e0 il suo compito e la propria area di riferimento: in questo modo a trarne beneficio sar\u00e0 l\u2019intero movimento\u00bb.<\/p>\n<p>Vale la pena addentrarsi in qualche numero: \u00abI tesserati saranno circa 450, seguiti da una settantina di tecnici fra allenatori veri e propri, preparatori atletici, dei portieri, maestri della tecnica, preparatori di base e altri ancora. Questo significa che ogni formazione verr\u00e0 seguita da uno staff di cinque elementi, a conferma di struttura molto vicina al professionismo\u00bb.<\/p>\n<p>L\u2019impegno \u00e8 di rilievo: \u00abS\u00ec, anche per le famiglie dei nostri ragazzi. Ecco perch\u00e9 &#8211; conclude Agnello &#8211; abbiamo deciso di investire sensibilmente sul fronte dei trasporti. Basti pensare che avremo a disposizione 16 autisti e 9 pulmini: in questo modo potremo coprire l\u2019intera provincia\u00bb.<\/p>","protected":false},"excerpt":{"rendered":"<p>La nuova societ\u00e0 Dolomiti Bellunesi spalanca una finestra sul futuro. E annuncia il gruppo di coordinatori e allenatori del settore giovanile. Il responsabile del vivaio sar\u00e0 Massimo Agnello, affiancato da Mauro Cappellaro (responsabile del settore tecnico e agonistico, oltre che dello scouting), Alessandro Prest (attivit\u00e0 di base per la sezione di Belluno), Andrea Da Poian [&hellip;]<\/p>\n","protected":false},"author":2,"featured_media":126211,"comment_status":"closed","ping_status":"open","sticky":false,"template":"","format":"standard","meta":{"footnotes":""},"categories":[4],"tags":[],"class_list":["post-126210","post","type-post","status-publish","format-standard","has-post-thumbnail","category-sport"],"yoast_head":"<!-- This site is optimized with the Yoast SEO plugin v28.4 - https:\/\/yoast.com\/product\/yoast-seo-wordpress\/ -->\n<title>Calcio, settore giovanile: Massimo Agnello sar\u00e0 il responsabile della nuova societ\u00e0 Dolomiti Bellunesi - Bellunopress - Dolomiti<\/title>\n<meta name=\"robots\" content=\"index, follow, max-snippet:-1, max-image-preview:large, max-video-preview:-1\" \/>\n<link rel=\"canonical\" href=\"https:\/\/www.bellunopress.it\/fr\/2021\/07\/22\/calcio-settore-giovanile-massimo-agnello-sara-il-responsabile-della-nuova-societa-dolomiti-bellunesi\/\" \/>\n<meta property=\"og:locale\" content=\"fr_FR\" \/>\n<meta property=\"og:type\" content=\"article\" \/>\n<meta property=\"og:title\" content=\"Calcio, settore giovanile: Massimo Agnello sar\u00e0 il responsabile della nuova societ\u00e0 Dolomiti Bellunesi - Bellunopress - Dolomiti\" \/>\n<meta property=\"og:description\" content=\"La nuova societ\u00e0 Dolomiti Bellunesi spalanca una finestra sul futuro. E annuncia il gruppo di coordinatori e allenatori del settore giovanile. Il responsabile del vivaio sar\u00e0 Massimo Agnello, affiancato da Mauro Cappellaro (responsabile del settore tecnico e agonistico, oltre che dello scouting), Alessandro Prest (attivit\u00e0 di base per la sezione di Belluno), Andrea Da Poian [&hellip;]\" \/>\n<meta property=\"og:url\" content=\"https:\/\/www.bellunopress.it\/fr\/2021\/07\/22\/calcio-settore-giovanile-massimo-agnello-sara-il-responsabile-della-nuova-societa-dolomiti-bellunesi\/\" \/>\n<meta property=\"og:site_name\" content=\"Bellunopress - Dolomiti\" \/>\n<meta property=\"article:publisher\" content=\"https:\/\/www.facebook.com\/profile.php?id=100008943462799\" \/>\n<meta property=\"article:published_time\" content=\"2021-07-22T07:01:14+00:00\" \/>\n<meta property=\"article:modified_time\" content=\"2021-07-22T07:01:16+00:00\" \/>\n<meta property=\"og:image\" content=\"https:\/\/www.bellunopress.it\/wp-content\/uploads\/2021\/07\/massimo-agnello-giovanili_edited.jpg\" \/>\n\t<meta property=\"og:image:width\" content=\"800\" \/>\n\t<meta property=\"og:image:height\" content=\"449\" \/>\n\t<meta property=\"og:image:type\" content=\"image\/jpeg\" \/>\n<meta name=\"author\" content=\"redazione\" \/>\n<meta name=\"twitter:card\" content=\"summary_large_image\" \/>\n<meta name=\"twitter:creator\" content=\"@bellunopress\" \/>\n<meta name=\"twitter:site\" content=\"@bellunopress\" \/>\n<meta name=\"twitter:label1\" content=\"\u00c9crit par\" \/>\n\t<meta name=\"twitter:data1\" content=\"redazione\" \/>\n\t<meta name=\"twitter:label2\" content=\"Dur\u00e9e de lecture estim\u00e9e\" \/>\n\t<meta name=\"twitter:data2\" content=\"2 minutes\" \/>\n<script type=\"application\/ld+json\" class=\"yoast-schema-graph\">{\"@context\":\"https:\\\/\\\/schema.org\",\"@graph\":[{\"@type\":\"Article\",\"@id\":\"https:\\\/\\\/www.bellunopress.it\\\/2021\\\/07\\\/22\\\/calcio-settore-giovanile-massimo-agnello-sara-il-responsabile-della-nuova-societa-dolomiti-bellunesi\\\/#article\",\"isPartOf\":{\"@id\":\"https:\\\/\\\/www.bellunopress.it\\\/2021\\\/07\\\/22\\\/calcio-settore-giovanile-massimo-agnello-sara-il-responsabile-della-nuova-societa-dolomiti-bellunesi\\\/\"},\"author\":{\"name\":\"redazione\",\"@id\":\"https:\\\/\\\/www.bellunopress.it\\\/#\\\/schema\\\/person\\\/79bb06722b37ece1c03d3e94beb30d73\"},\"headline\":\"Calcio, settore giovanile: Massimo Agnello sar\u00e0 il responsabile della nuova societ\u00e0 Dolomiti Bellunesi\",\"datePublished\":\"2021-07-22T07:01:14+00:00\",\"dateModified\":\"2021-07-22T07:01:16+00:00\",\"mainEntityOfPage\":{\"@id\":\"https:\\\/\\\/www.bellunopress.it\\\/2021\\\/07\\\/22\\\/calcio-settore-giovanile-massimo-agnello-sara-il-responsabile-della-nuova-societa-dolomiti-bellunesi\\\/\"},\"wordCount\":282,\"publisher\":{\"@id\":\"https:\\\/\\\/www.bellunopress.it\\\/#organization\"},\"image\":{\"@id\":\"https:\\\/\\\/www.bellunopress.it\\\/2021\\\/07\\\/22\\\/calcio-settore-giovanile-massimo-agnello-sara-il-responsabile-della-nuova-societa-dolomiti-bellunesi\\\/#primaryimage\"},\"thumbnailUrl\":\"https:\\\/\\\/www.bellunopress.it\\\/wp-content\\\/uploads\\\/2021\\\/07\\\/massimo-agnello-giovanili_edited.jpg\",\"articleSection\":[\"Sport, tempo libero\"],\"inLanguage\":\"fr-FR\"},{\"@type\":\"WebPage\",\"@id\":\"https:\\\/\\\/www.bellunopress.it\\\/2021\\\/07\\\/22\\\/calcio-settore-giovanile-massimo-agnello-sara-il-responsabile-della-nuova-societa-dolomiti-bellunesi\\\/\",\"url\":\"https:\\\/\\\/www.bellunopress.it\\\/2021\\\/07\\\/22\\\/calcio-settore-giovanile-massimo-agnello-sara-il-responsabile-della-nuova-societa-dolomiti-bellunesi\\\/\",\"name\":\"Calcio, settore giovanile: Massimo Agnello sar\u00e0 il responsabile della nuova societ\u00e0 Dolomiti Bellunesi - Bellunopress - Dolomiti\",\"isPartOf\":{\"@id\":\"https:\\\/\\\/www.bellunopress.it\\\/#website\"},\"primaryImageOfPage\":{\"@id\":\"https:\\\/\\\/www.bellunopress.it\\\/2021\\\/07\\\/22\\\/calcio-settore-giovanile-massimo-agnello-sara-il-responsabile-della-nuova-societa-dolomiti-bellunesi\\\/#primaryimage\"},\"image\":{\"@id\":\"https:\\\/\\\/www.bellunopress.it\\\/2021\\\/07\\\/22\\\/calcio-settore-giovanile-massimo-agnello-sara-il-responsabile-della-nuova-societa-dolomiti-bellunesi\\\/#primaryimage\"},\"thumbnailUrl\":\"https:\\\/\\\/www.bellunopress.it\\\/wp-content\\\/uploads\\\/2021\\\/07\\\/massimo-agnello-giovanili_edited.jpg\",\"datePublished\":\"2021-07-22T07:01:14+00:00\",\"dateModified\":\"2021-07-22T07:01:16+00:00\",\"breadcrumb\":{\"@id\":\"https:\\\/\\\/www.bellunopress.it\\\/2021\\\/07\\\/22\\\/calcio-settore-giovanile-massimo-agnello-sara-il-responsabile-della-nuova-societa-dolomiti-bellunesi\\\/#breadcrumb\"},\"inLanguage\":\"fr-FR\",\"potentialAction\":[{\"@type\":\"ReadAction\",\"target\":[\"https:\\\/\\\/www.bellunopress.it\\\/2021\\\/07\\\/22\\\/calcio-settore-giovanile-massimo-agnello-sara-il-responsabile-della-nuova-societa-dolomiti-bellunesi\\\/\"]}]},{\"@type\":\"ImageObject\",\"inLanguage\":\"fr-FR\",\"@id\":\"https:\\\/\\\/www.bellunopress.it\\\/2021\\\/07\\\/22\\\/calcio-settore-giovanile-massimo-agnello-sara-il-responsabile-della-nuova-societa-dolomiti-bellunesi\\\/#primaryimage\",\"url\":\"https:\\\/\\\/www.bellunopress.it\\\/wp-content\\\/uploads\\\/2021\\\/07\\\/massimo-agnello-giovanili_edited.jpg\",\"contentUrl\":\"https:\\\/\\\/www.bellunopress.it\\\/wp-content\\\/uploads\\\/2021\\\/07\\\/massimo-agnello-giovanili_edited.jpg\",\"width\":800,\"height\":449},{\"@type\":\"BreadcrumbList\",\"@id\":\"https:\\\/\\\/www.bellunopress.it\\\/2021\\\/07\\\/22\\\/calcio-settore-giovanile-massimo-agnello-sara-il-responsabile-della-nuova-societa-dolomiti-bellunesi\\\/#breadcrumb\",\"itemListElement\":[{\"@type\":\"ListItem\",\"position\":1,\"name\":\"Home\",\"item\":\"https:\\\/\\\/www.bellunopress.it\\\/\"},{\"@type\":\"ListItem\",\"position\":2,\"name\":\"Calcio, settore giovanile: Massimo Agnello sar\u00e0 il responsabile della nuova societ\u00e0 Dolomiti Bellunesi\"}]},{\"@type\":\"WebSite\",\"@id\":\"https:\\\/\\\/www.bellunopress.it\\\/#website\",\"url\":\"https:\\\/\\\/www.bellunopress.it\\\/\",\"name\":\"Bellunopress - Dolomiti\",\"description\":\"e-mail: redazione@bellunopress.it\",\"publisher\":{\"@id\":\"https:\\\/\\\/www.bellunopress.it\\\/#organization\"},\"potentialAction\":[{\"@type\":\"SearchAction\",\"target\":{\"@type\":\"EntryPoint\",\"urlTemplate\":\"https:\\\/\\\/www.bellunopress.it\\\/?s={search_term_string}\"},\"query-input\":{\"@type\":\"PropertyValueSpecification\",\"valueRequired\":true,\"valueName\":\"search_term_string\"}}],\"inLanguage\":\"fr-FR\"},{\"@type\":\"Organization\",\"@id\":\"https:\\\/\\\/www.bellunopress.it\\\/#organization\",\"name\":\"Bellunopress\",\"url\":\"https:\\\/\\\/www.bellunopress.it\\\/\",\"logo\":{\"@type\":\"ImageObject\",\"inLanguage\":\"fr-FR\",\"@id\":\"https:\\\/\\\/www.bellunopress.it\\\/#\\\/schema\\\/logo\\\/image\\\/\",\"url\":\"https:\\\/\\\/www.bellunopress.it\\\/wp-content\\\/uploads\\\/2011\\\/05\\\/cropped-logo-bellunopress-.jpg\",\"contentUrl\":\"https:\\\/\\\/www.bellunopress.it\\\/wp-content\\\/uploads\\\/2011\\\/05\\\/cropped-logo-bellunopress-.jpg\",\"width\":512,\"height\":512,\"caption\":\"Bellunopress\"},\"image\":{\"@id\":\"https:\\\/\\\/www.bellunopress.it\\\/#\\\/schema\\\/logo\\\/image\\\/\"},\"sameAs\":[\"https:\\\/\\\/www.facebook.com\\\/profile.php?id=100008943462799\",\"https:\\\/\\\/x.com\\\/bellunopress\",\"https:\\\/\\\/www.linkedin.com\\\/hp\\\/?dnr=JBzUWaJfMUw8vbXJJ2tVW5-I3jZKvC4wsoxE&amp;amp;amp;amp;amp;amp;trk=nav_responsive_tab_home\",\"https:\\\/\\\/www.youtube.com\\\/channel\\\/UCxL0wu1uN0_3_7hGG0306cw\"]},{\"@type\":\"Person\",\"@id\":\"https:\\\/\\\/www.bellunopress.it\\\/#\\\/schema\\\/person\\\/79bb06722b37ece1c03d3e94beb30d73\",\"name\":\"redazione\",\"image\":{\"@type\":\"ImageObject\",\"inLanguage\":\"fr-FR\",\"@id\":\"https:\\\/\\\/secure.gravatar.com\\\/avatar\\\/37d968a2e67a6fd04c169c4bdef102d0bc5d31b2546345219e348575eb80e9a0?s=96&d=mm&r=g\",\"url\":\"https:\\\/\\\/secure.gravatar.com\\\/avatar\\\/37d968a2e67a6fd04c169c4bdef102d0bc5d31b2546345219e348575eb80e9a0?s=96&d=mm&r=g\",\"contentUrl\":\"https:\\\/\\\/secure.gravatar.com\\\/avatar\\\/37d968a2e67a6fd04c169c4bdef102d0bc5d31b2546345219e348575eb80e9a0?s=96&d=mm&r=g\",\"caption\":\"redazione\"},\"sameAs\":[\"http:\\\/\\\/www.bellunopress.it\",\"https:\\\/\\\/x.com\\\/bellunopress\"],\"url\":\"https:\\\/\\\/www.bellunopress.it\\\/fr\\\/author\\\/redazione\\\/\"}]}<\/script>\n<!-- \/ Yoast SEO plugin. -->","yoast_head_json":{"title":"Calcio, settore giovanile: Massimo Agnello sar\u00e0 il responsabile della nuova societ\u00e0 Dolomiti Bellunesi - Bellunopress - Dolomiti","robots":{"index":"index","follow":"follow","max-snippet":"max-snippet:-1","max-image-preview":"max-image-preview:large","max-video-preview":"max-video-preview:-1"},"canonical":"https:\/\/www.bellunopress.it\/fr\/2021\/07\/22\/calcio-settore-giovanile-massimo-agnello-sara-il-responsabile-della-nuova-societa-dolomiti-bellunesi\/","og_locale":"fr_FR","og_type":"article","og_title":"Calcio, settore giovanile: Massimo Agnello sar\u00e0 il responsabile della nuova societ\u00e0 Dolomiti Bellunesi - Bellunopress - Dolomiti","og_description":"La nuova societ\u00e0 Dolomiti Bellunesi spalanca una finestra sul futuro. E annuncia il gruppo di coordinatori e allenatori del settore giovanile. Il responsabile del vivaio sar\u00e0 Massimo Agnello, affiancato da Mauro Cappellaro (responsabile del settore tecnico e agonistico, oltre che dello scouting), Alessandro Prest (attivit\u00e0 di base per la sezione di Belluno), Andrea Da Poian [&hellip;]","og_url":"https:\/\/www.bellunopress.it\/fr\/2021\/07\/22\/calcio-settore-giovanile-massimo-agnello-sara-il-responsabile-della-nuova-societa-dolomiti-bellunesi\/","og_site_name":"Bellunopress - Dolomiti","article_publisher":"https:\/\/www.facebook.com\/profile.php?id=100008943462799","article_published_time":"2021-07-22T07:01:14+00:00","article_modified_time":"2021-07-22T07:01:16+00:00","og_image":[{"width":800,"height":449,"url":"https:\/\/www.bellunopress.it\/wp-content\/uploads\/2021\/07\/massimo-agnello-giovanili_edited.jpg","type":"image\/jpeg"}],"author":"redazione","twitter_card":"summary_large_image","twitter_creator":"@bellunopress","twitter_site":"@bellunopress","twitter_misc":{"\u00c9crit par":"redazione","Dur\u00e9e de lecture estim\u00e9e":"2 minutes"},"schema":{"@context":"https:\/\/schema.org","@graph":[{"@type":"Article","@id":"https:\/\/www.bellunopress.it\/2021\/07\/22\/calcio-settore-giovanile-massimo-agnello-sara-il-responsabile-della-nuova-societa-dolomiti-bellunesi\/#article","isPartOf":{"@id":"https:\/\/www.bellunopress.it\/2021\/07\/22\/calcio-settore-giovanile-massimo-agnello-sara-il-responsabile-della-nuova-societa-dolomiti-bellunesi\/"},"author":{"name":"redazione","@id":"https:\/\/www.bellunopress.it\/#\/schema\/person\/79bb06722b37ece1c03d3e94beb30d73"},"headline":"Calcio, settore giovanile: Massimo Agnello sar\u00e0 il responsabile della nuova societ\u00e0 Dolomiti Bellunesi","datePublished":"2021-07-22T07:01:14+00:00","dateModified":"2021-07-22T07:01:16+00:00","mainEntityOfPage":{"@id":"https:\/\/www.bellunopress.it\/2021\/07\/22\/calcio-settore-giovanile-massimo-agnello-sara-il-responsabile-della-nuova-societa-dolomiti-bellunesi\/"},"wordCount":282,"publisher":{"@id":"https:\/\/www.bellunopress.it\/#organization"},"image":{"@id":"https:\/\/www.bellunopress.it\/2021\/07\/22\/calcio-settore-giovanile-massimo-agnello-sara-il-responsabile-della-nuova-societa-dolomiti-bellunesi\/#primaryimage"},"thumbnailUrl":"https:\/\/www.bellunopress.it\/wp-content\/uploads\/2021\/07\/massimo-agnello-giovanili_edited.jpg","articleSection":["Sport, tempo libero"],"inLanguage":"fr-FR"},{"@type":"WebPage","@id":"https:\/\/www.bellunopress.it\/2021\/07\/22\/calcio-settore-giovanile-massimo-agnello-sara-il-responsabile-della-nuova-societa-dolomiti-bellunesi\/","url":"https:\/\/www.bellunopress.it\/2021\/07\/22\/calcio-settore-giovanile-massimo-agnello-sara-il-responsabile-della-nuova-societa-dolomiti-bellunesi\/","name":"Calcio, settore giovanile: Massimo Agnello sar\u00e0 il responsabile della nuova societ\u00e0 Dolomiti Bellunesi - Bellunopress - Dolomiti","isPartOf":{"@id":"https:\/\/www.bellunopress.it\/#website"},"primaryImageOfPage":{"@id":"https:\/\/www.bellunopress.it\/2021\/07\/22\/calcio-settore-giovanile-massimo-agnello-sara-il-responsabile-della-nuova-societa-dolomiti-bellunesi\/#primaryimage"},"image":{"@id":"https:\/\/www.bellunopress.it\/2021\/07\/22\/calcio-settore-giovanile-massimo-agnello-sara-il-responsabile-della-nuova-societa-dolomiti-bellunesi\/#primaryimage"},"thumbnailUrl":"https:\/\/www.bellunopress.it\/wp-content\/uploads\/2021\/07\/massimo-agnello-giovanili_edited.jpg","datePublished":"2021-07-22T07:01:14+00:00","dateModified":"2021-07-22T07:01:16+00:00","breadcrumb":{"@id":"https:\/\/www.bellunopress.it\/2021\/07\/22\/calcio-settore-giovanile-massimo-agnello-sara-il-responsabile-della-nuova-societa-dolomiti-bellunesi\/#breadcrumb"},"inLanguage":"fr-FR","potentialAction":[{"@type":"ReadAction","target":["https:\/\/www.bellunopress.it\/2021\/07\/22\/calcio-settore-giovanile-massimo-agnello-sara-il-responsabile-della-nuova-societa-dolomiti-bellunesi\/"]}]},{"@type":"ImageObject","inLanguage":"fr-FR","@id":"https:\/\/www.bellunopress.it\/2021\/07\/22\/calcio-settore-giovanile-massimo-agnello-sara-il-responsabile-della-nuova-societa-dolomiti-bellunesi\/#primaryimage","url":"https:\/\/www.bellunopress.it\/wp-content\/uploads\/2021\/07\/massimo-agnello-giovanili_edited.jpg","contentUrl":"https:\/\/www.bellunopress.it\/wp-content\/uploads\/2021\/07\/massimo-agnello-giovanili_edited.jpg","width":800,"height":449},{"@type":"BreadcrumbList","@id":"https:\/\/www.bellunopress.it\/2021\/07\/22\/calcio-settore-giovanile-massimo-agnello-sara-il-responsabile-della-nuova-societa-dolomiti-bellunesi\/#breadcrumb","itemListElement":[{"@type":"ListItem","position":1,"name":"Home","item":"https:\/\/www.bellunopress.it\/"},{"@type":"ListItem","position":2,"name":"Calcio, settore giovanile: Massimo Agnello sar\u00e0 il responsabile della nuova societ\u00e0 Dolomiti Bellunesi"}]},{"@type":"WebSite","@id":"https:\/\/www.bellunopress.it\/#website","url":"https:\/\/www.bellunopress.it\/","name":"Bellunopress - Dolomiti","description":"e-mail: redazione@bellunopress.it","publisher":{"@id":"https:\/\/www.bellunopress.it\/#organization"},"potentialAction":[{"@type":"SearchAction","target":{"@type":"EntryPoint","urlTemplate":"https:\/\/www.bellunopress.it\/?s={search_term_string}"},"query-input":{"@type":"PropertyValueSpecification","valueRequired":true,"valueName":"search_term_string"}}],"inLanguage":"fr-FR"},{"@type":"Organization","@id":"https:\/\/www.bellunopress.it\/#organization","name":"Bellunopress","url":"https:\/\/www.bellunopress.it\/","logo":{"@type":"ImageObject","inLanguage":"fr-FR","@id":"https:\/\/www.bellunopress.it\/#\/schema\/logo\/image\/","url":"https:\/\/www.bellunopress.it\/wp-content\/uploads\/2011\/05\/cropped-logo-bellunopress-.jpg","contentUrl":"https:\/\/www.bellunopress.it\/wp-content\/uploads\/2011\/05\/cropped-logo-bellunopress-.jpg","width":512,"height":512,"caption":"Bellunopress"},"image":{"@id":"https:\/\/www.bellunopress.it\/#\/schema\/logo\/image\/"},"sameAs":["https:\/\/www.facebook.com\/profile.php?id=100008943462799","https:\/\/x.com\/bellunopress","https:\/\/www.linkedin.com\/hp\/?dnr=JBzUWaJfMUw8vbXJJ2tVW5-I3jZKvC4wsoxE&amp;amp;amp;amp;amp;amp;trk=nav_responsive_tab_home","https:\/\/www.youtube.com\/channel\/UCxL0wu1uN0_3_7hGG0306cw"]},{"@type":"Person","@id":"https:\/\/www.bellunopress.it\/#\/schema\/person\/79bb06722b37ece1c03d3e94beb30d73","name":"r\u00e9daction","image":{"@type":"ImageObject","inLanguage":"fr-FR","@id":"https:\/\/secure.gravatar.com\/avatar\/37d968a2e67a6fd04c169c4bdef102d0bc5d31b2546345219e348575eb80e9a0?s=96&d=mm&r=g","url":"https:\/\/secure.gravatar.com\/avatar\/37d968a2e67a6fd04c169c4bdef102d0bc5d31b2546345219e348575eb80e9a0?s=96&d=mm&r=g","contentUrl":"https:\/\/secure.gravatar.com\/avatar\/37d968a2e67a6fd04c169c4bdef102d0bc5d31b2546345219e348575eb80e9a0?s=96&d=mm&r=g","caption":"redazione"},"sameAs":["http:\/\/www.bellunopress.it","https:\/\/x.com\/bellunopress"],"url":"https:\/\/www.bellunopress.it\/fr\/author\/redazione\/"}]}},"_links":{"self":[{"href":"https:\/\/www.bellunopress.it\/fr\/wp-json\/wp\/v2\/posts\/126210","targetHints":{"allow":["GET"]}}],"collection":[{"href":"https:\/\/www.bellunopress.it\/fr\/wp-json\/wp\/v2\/posts"}],"about":[{"href":"https:\/\/www.bellunopress.it\/fr\/wp-json\/wp\/v2\/types\/post"}],"author":[{"embeddable":true,"href":"https:\/\/www.bellunopress.it\/fr\/wp-json\/wp\/v2\/users\/2"}],"replies":[{"embeddable":true,"href":"https:\/\/www.bellunopress.it\/fr\/wp-json\/wp\/v2\/comments?post=126210"}],"version-history":[{"count":2,"href":"https:\/\/www.bellunopress.it\/fr\/wp-json\/wp\/v2\/posts\/126210\/revisions"}],"predecessor-version":[{"id":126213,"href":"https:\/\/www.bellunopress.it\/fr\/wp-json\/wp\/v2\/posts\/126210\/revisions\/126213"}],"wp:featuredmedia":[{"embeddable":true,"href":"https:\/\/www.bellunopress.it\/fr\/wp-json\/wp\/v2\/media\/126211"}],"wp:attachment":[{"href":"https:\/\/www.bellunopress.it\/fr\/wp-json\/wp\/v2\/media?parent=126210"}],"wp:term":[{"taxonomy":"category","embeddable":true,"href":"https:\/\/www.bellunopress.it\/fr\/wp-json\/wp\/v2\/categories?post=126210"},{"taxonomy":"post_tag","embeddable":true,"href":"https:\/\/www.bellunopress.it\/fr\/wp-json\/wp\/v2\/tags?post=126210"}],"curies":[{"name":"wp","href":"https:\/\/api.w.org\/{rel}","templated":true}]}}