{"id":12621,"date":"2010-02-17T14:22:36","date_gmt":"2010-02-17T13:22:36","guid":{"rendered":"http:\/\/www.bellunopress.it\/?p=12621"},"modified":"2010-02-17T14:22:36","modified_gmt":"2010-02-17T13:22:36","slug":"creativita-giovanile-feltrina-proseguono-i-corsi-di-vetrinista-e-di-cucina","status":"publish","type":"post","link":"https:\/\/www.bellunopress.it\/fr\/2010\/02\/17\/creativita-giovanile-feltrina-proseguono-i-corsi-di-vetrinista-e-di-cucina\/","title":{"rendered":"Creativit\u00e0 giovanile feltrina, proseguono i corsi di vetrinista e di cucina"},"content":{"rendered":"<p>Continuano con crescente interesse e successo i corsi del progetto Creativit\u00e0 Giovanile Feltrina, finanziato dalla Regione del Veneto attraverso il bando GPS \u2013 Giovani Produttori di Significati. Le varie proposte, realizzate dai comuni aderenti (Cesiomaggiore, Feltre, Lamon, Lentiai, Mel, Pedavena, Santa Giustina, San Gregorio nelle Alpi, Sedico, Seren del Grappa, Sospirolo, Sovramonte), intendono far emergere e portare all\u2019attenzione della comunit\u00e0 il consistente e variegato potenziale creativo dei giovani. A breve, nello spirito dell\u2019iniziativa che intende fornire delle opportunit\u00e0 formative in diversi ambiti artistici, professionali e ricreativi, attraverso laboratori e attivit\u00e0 rivolti ai giovani dai 16 ai 30 anni, saranno attivati i corsi di vetrinista e di cucina, per i quali esistono ancora dei posti disponibili. Il corso di vetrinista, realizzato in collaborazione con \u201cAscom Formazione\u201d e tenuto da Juliano Cima, qualificato specialista della materia, insegner\u00e0 come comunicare con il cliente attraverso la vetrina con lezioni teoriche che si terranno al Centro Giovani la domenica e lezioni pratiche il marted\u00ec in due negozi del centro di Feltre. Questo il calendario: domenica 7 marzo, dalle 9.00 alle 13.00 e dalle 14.00 alle 18.00, marted\u00ec 9 e 23 marzo, dalle 14.15 alle 18.15, domenica 21 marzo, dalle 14.15 alle 18.15. Il costo per l\u2019iscrizione \u00e8 di \u20ac 50,00. Il corso di cucina (rivolto principalmente ai giovani che vivono da soli o fuori sede) si svolger\u00e0, invece, nella sede della Cooperativa Dumia, in Via Volturno, 3 e sar\u00e0 condotto dal noto cuoco Gianluigi Sandi, che imposter\u00e0 le lezioni per preparare piatti rapidi e poco dispendiosi, con adattamento alle caratteristiche ed alle competenze degli iscritti. Ogni incontro si concluder\u00e0 con una cena conviviale durante la quale verranno degustati i piatti preparati dai corsisti. La quota di iscrizione sar\u00e0 di \u20ac 30,00. Per informazioni ed iscrizioni si pu\u00f2 telefonare allo 0439\/885361 o scrivere a <a href=\"mailto:centrogiovani@comune.feltre.bl.it\">centrogiovani@comune.feltre.bl.it<\/a>.<\/p>","protected":false},"excerpt":{"rendered":"<p>Continuano con crescente interesse e successo i corsi del progetto Creativit\u00e0 Giovanile Feltrina, finanziato dalla Regione del Veneto attraverso il bando GPS \u2013 Giovani Produttori di Significati. Le varie proposte, realizzate dai comuni aderenti (Cesiomaggiore, Feltre, Lamon, Lentiai, Mel, Pedavena, Santa Giustina, San Gregorio nelle Alpi, Sedico, Seren del Grappa, Sospirolo, Sovramonte), intendono far emergere [&hellip;]<\/p>\n","protected":false},"author":2,"featured_media":0,"comment_status":"closed","ping_status":"open","sticky":false,"template":"","format":"standard","meta":{"footnotes":""},"categories":[3,25],"tags":[119],"class_list":["post-12621","post","type-post","status-publish","format-standard","category-arte-cultura-spettacoli-scienza-archivi","category-pausa-caffe","tag-giovani-feltre"],"yoast_head":"<!-- This site is optimized with the Yoast SEO plugin v28.4 - https:\/\/yoast.com\/product\/yoast-seo-wordpress\/ -->\n<title>Creativit\u00e0 giovanile feltrina, proseguono i corsi di vetrinista e di cucina  - Bellunopress - Dolomiti<\/title>\n<meta name=\"robots\" content=\"index, follow, max-snippet:-1, max-image-preview:large, max-video-preview:-1\" \/>\n<link rel=\"canonical\" href=\"https:\/\/www.bellunopress.it\/fr\/2010\/02\/17\/creativita-giovanile-feltrina-proseguono-i-corsi-di-vetrinista-e-di-cucina\/\" \/>\n<meta property=\"og:locale\" content=\"fr_FR\" \/>\n<meta property=\"og:type\" content=\"article\" \/>\n<meta property=\"og:title\" content=\"Creativit\u00e0 giovanile feltrina, proseguono i corsi di vetrinista e di cucina  - Bellunopress - Dolomiti\" \/>\n<meta property=\"og:description\" content=\"Continuano con crescente interesse e successo i corsi del progetto Creativit\u00e0 Giovanile Feltrina, finanziato dalla Regione del Veneto attraverso il bando GPS \u2013 Giovani Produttori di Significati. Le varie proposte, realizzate dai comuni aderenti (Cesiomaggiore, Feltre, Lamon, Lentiai, Mel, Pedavena, Santa Giustina, San Gregorio nelle Alpi, Sedico, Seren del Grappa, Sospirolo, Sovramonte), intendono far emergere [&hellip;]\" \/>\n<meta property=\"og:url\" content=\"https:\/\/www.bellunopress.it\/fr\/2010\/02\/17\/creativita-giovanile-feltrina-proseguono-i-corsi-di-vetrinista-e-di-cucina\/\" \/>\n<meta property=\"og:site_name\" content=\"Bellunopress - Dolomiti\" \/>\n<meta property=\"article:publisher\" content=\"https:\/\/www.facebook.com\/profile.php?id=100008943462799\" \/>\n<meta property=\"article:published_time\" content=\"2010-02-17T13:22:36+00:00\" \/>\n<meta property=\"og:image\" content=\"http:\/\/www.bellunopress.it\/wp-content\/uploads\/2012\/07\/logo-bellunopress-250x250-2012.jpg\" \/>\n<meta name=\"author\" content=\"redazione\" \/>\n<meta name=\"twitter:card\" content=\"summary_large_image\" \/>\n<meta name=\"twitter:creator\" content=\"@bellunopress\" \/>\n<meta name=\"twitter:site\" content=\"@bellunopress\" \/>\n<meta name=\"twitter:label1\" content=\"\u00c9crit par\" \/>\n\t<meta name=\"twitter:data1\" content=\"redazione\" \/>\n\t<meta name=\"twitter:label2\" content=\"Dur\u00e9e de lecture estim\u00e9e\" \/>\n\t<meta name=\"twitter:data2\" content=\"1 minute\" \/>\n<script type=\"application\/ld+json\" class=\"yoast-schema-graph\">{\"@context\":\"https:\\\/\\\/schema.org\",\"@graph\":[{\"@type\":\"Article\",\"@id\":\"https:\\\/\\\/www.bellunopress.it\\\/2010\\\/02\\\/17\\\/creativita-giovanile-feltrina-proseguono-i-corsi-di-vetrinista-e-di-cucina\\\/#article\",\"isPartOf\":{\"@id\":\"https:\\\/\\\/www.bellunopress.it\\\/2010\\\/02\\\/17\\\/creativita-giovanile-feltrina-proseguono-i-corsi-di-vetrinista-e-di-cucina\\\/\"},\"author\":{\"name\":\"redazione\",\"@id\":\"https:\\\/\\\/www.bellunopress.it\\\/#\\\/schema\\\/person\\\/79bb06722b37ece1c03d3e94beb30d73\"},\"headline\":\"Creativit\u00e0 giovanile feltrina, proseguono i corsi di vetrinista e di cucina\",\"datePublished\":\"2010-02-17T13:22:36+00:00\",\"mainEntityOfPage\":{\"@id\":\"https:\\\/\\\/www.bellunopress.it\\\/2010\\\/02\\\/17\\\/creativita-giovanile-feltrina-proseguono-i-corsi-di-vetrinista-e-di-cucina\\\/\"},\"wordCount\":295,\"publisher\":{\"@id\":\"https:\\\/\\\/www.bellunopress.it\\\/#organization\"},\"keywords\":[\"giovani Feltre\"],\"articleSection\":[\"Arte, Cultura, Spettacoli, Scienza\",\"Pausa Caff\u00e8\"],\"inLanguage\":\"fr-FR\"},{\"@type\":\"WebPage\",\"@id\":\"https:\\\/\\\/www.bellunopress.it\\\/2010\\\/02\\\/17\\\/creativita-giovanile-feltrina-proseguono-i-corsi-di-vetrinista-e-di-cucina\\\/\",\"url\":\"https:\\\/\\\/www.bellunopress.it\\\/2010\\\/02\\\/17\\\/creativita-giovanile-feltrina-proseguono-i-corsi-di-vetrinista-e-di-cucina\\\/\",\"name\":\"Creativit\u00e0 giovanile feltrina, proseguono i corsi di vetrinista e di cucina - Bellunopress - Dolomiti\",\"isPartOf\":{\"@id\":\"https:\\\/\\\/www.bellunopress.it\\\/#website\"},\"datePublished\":\"2010-02-17T13:22:36+00:00\",\"breadcrumb\":{\"@id\":\"https:\\\/\\\/www.bellunopress.it\\\/2010\\\/02\\\/17\\\/creativita-giovanile-feltrina-proseguono-i-corsi-di-vetrinista-e-di-cucina\\\/#breadcrumb\"},\"inLanguage\":\"fr-FR\",\"potentialAction\":[{\"@type\":\"ReadAction\",\"target\":[\"https:\\\/\\\/www.bellunopress.it\\\/2010\\\/02\\\/17\\\/creativita-giovanile-feltrina-proseguono-i-corsi-di-vetrinista-e-di-cucina\\\/\"]}]},{\"@type\":\"BreadcrumbList\",\"@id\":\"https:\\\/\\\/www.bellunopress.it\\\/2010\\\/02\\\/17\\\/creativita-giovanile-feltrina-proseguono-i-corsi-di-vetrinista-e-di-cucina\\\/#breadcrumb\",\"itemListElement\":[{\"@type\":\"ListItem\",\"position\":1,\"name\":\"Home\",\"item\":\"https:\\\/\\\/www.bellunopress.it\\\/\"},{\"@type\":\"ListItem\",\"position\":2,\"name\":\"Creativit\u00e0 giovanile feltrina, proseguono i corsi di vetrinista e di cucina\"}]},{\"@type\":\"WebSite\",\"@id\":\"https:\\\/\\\/www.bellunopress.it\\\/#website\",\"url\":\"https:\\\/\\\/www.bellunopress.it\\\/\",\"name\":\"Bellunopress - Dolomiti\",\"description\":\"e-mail: redazione@bellunopress.it\",\"publisher\":{\"@id\":\"https:\\\/\\\/www.bellunopress.it\\\/#organization\"},\"potentialAction\":[{\"@type\":\"SearchAction\",\"target\":{\"@type\":\"EntryPoint\",\"urlTemplate\":\"https:\\\/\\\/www.bellunopress.it\\\/?s={search_term_string}\"},\"query-input\":{\"@type\":\"PropertyValueSpecification\",\"valueRequired\":true,\"valueName\":\"search_term_string\"}}],\"inLanguage\":\"fr-FR\"},{\"@type\":\"Organization\",\"@id\":\"https:\\\/\\\/www.bellunopress.it\\\/#organization\",\"name\":\"Bellunopress\",\"url\":\"https:\\\/\\\/www.bellunopress.it\\\/\",\"logo\":{\"@type\":\"ImageObject\",\"inLanguage\":\"fr-FR\",\"@id\":\"https:\\\/\\\/www.bellunopress.it\\\/#\\\/schema\\\/logo\\\/image\\\/\",\"url\":\"https:\\\/\\\/www.bellunopress.it\\\/wp-content\\\/uploads\\\/2011\\\/05\\\/cropped-logo-bellunopress-.jpg\",\"contentUrl\":\"https:\\\/\\\/www.bellunopress.it\\\/wp-content\\\/uploads\\\/2011\\\/05\\\/cropped-logo-bellunopress-.jpg\",\"width\":512,\"height\":512,\"caption\":\"Bellunopress\"},\"image\":{\"@id\":\"https:\\\/\\\/www.bellunopress.it\\\/#\\\/schema\\\/logo\\\/image\\\/\"},\"sameAs\":[\"https:\\\/\\\/www.facebook.com\\\/profile.php?id=100008943462799\",\"https:\\\/\\\/x.com\\\/bellunopress\",\"https:\\\/\\\/www.linkedin.com\\\/hp\\\/?dnr=JBzUWaJfMUw8vbXJJ2tVW5-I3jZKvC4wsoxE&amp;amp;amp;amp;amp;amp;trk=nav_responsive_tab_home\",\"https:\\\/\\\/www.youtube.com\\\/channel\\\/UCxL0wu1uN0_3_7hGG0306cw\"]},{\"@type\":\"Person\",\"@id\":\"https:\\\/\\\/www.bellunopress.it\\\/#\\\/schema\\\/person\\\/79bb06722b37ece1c03d3e94beb30d73\",\"name\":\"redazione\",\"image\":{\"@type\":\"ImageObject\",\"inLanguage\":\"fr-FR\",\"@id\":\"https:\\\/\\\/secure.gravatar.com\\\/avatar\\\/37d968a2e67a6fd04c169c4bdef102d0bc5d31b2546345219e348575eb80e9a0?s=96&d=mm&r=g\",\"url\":\"https:\\\/\\\/secure.gravatar.com\\\/avatar\\\/37d968a2e67a6fd04c169c4bdef102d0bc5d31b2546345219e348575eb80e9a0?s=96&d=mm&r=g\",\"contentUrl\":\"https:\\\/\\\/secure.gravatar.com\\\/avatar\\\/37d968a2e67a6fd04c169c4bdef102d0bc5d31b2546345219e348575eb80e9a0?s=96&d=mm&r=g\",\"caption\":\"redazione\"},\"sameAs\":[\"http:\\\/\\\/www.bellunopress.it\",\"https:\\\/\\\/x.com\\\/bellunopress\"],\"url\":\"https:\\\/\\\/www.bellunopress.it\\\/fr\\\/author\\\/redazione\\\/\"}]}<\/script>\n<!-- \/ Yoast SEO plugin. -->","yoast_head_json":{"title":"Creativit\u00e0 giovanile feltrina, proseguono i corsi di vetrinista e di cucina  - Bellunopress - Dolomiti","robots":{"index":"index","follow":"follow","max-snippet":"max-snippet:-1","max-image-preview":"max-image-preview:large","max-video-preview":"max-video-preview:-1"},"canonical":"https:\/\/www.bellunopress.it\/fr\/2010\/02\/17\/creativita-giovanile-feltrina-proseguono-i-corsi-di-vetrinista-e-di-cucina\/","og_locale":"fr_FR","og_type":"article","og_title":"Creativit\u00e0 giovanile feltrina, proseguono i corsi di vetrinista e di cucina  - Bellunopress - Dolomiti","og_description":"Continuano con crescente interesse e successo i corsi del progetto Creativit\u00e0 Giovanile Feltrina, finanziato dalla Regione del Veneto attraverso il bando GPS \u2013 Giovani Produttori di Significati. Le varie proposte, realizzate dai comuni aderenti (Cesiomaggiore, Feltre, Lamon, Lentiai, Mel, Pedavena, Santa Giustina, San Gregorio nelle Alpi, Sedico, Seren del Grappa, Sospirolo, Sovramonte), intendono far emergere [&hellip;]","og_url":"https:\/\/www.bellunopress.it\/fr\/2010\/02\/17\/creativita-giovanile-feltrina-proseguono-i-corsi-di-vetrinista-e-di-cucina\/","og_site_name":"Bellunopress - Dolomiti","article_publisher":"https:\/\/www.facebook.com\/profile.php?id=100008943462799","article_published_time":"2010-02-17T13:22:36+00:00","og_image":[{"url":"http:\/\/www.bellunopress.it\/wp-content\/uploads\/2012\/07\/logo-bellunopress-250x250-2012.jpg","type":"","width":"","height":""}],"author":"redazione","twitter_card":"summary_large_image","twitter_creator":"@bellunopress","twitter_site":"@bellunopress","twitter_misc":{"\u00c9crit par":"redazione","Dur\u00e9e de lecture estim\u00e9e":"1 minute"},"schema":{"@context":"https:\/\/schema.org","@graph":[{"@type":"Article","@id":"https:\/\/www.bellunopress.it\/2010\/02\/17\/creativita-giovanile-feltrina-proseguono-i-corsi-di-vetrinista-e-di-cucina\/#article","isPartOf":{"@id":"https:\/\/www.bellunopress.it\/2010\/02\/17\/creativita-giovanile-feltrina-proseguono-i-corsi-di-vetrinista-e-di-cucina\/"},"author":{"name":"redazione","@id":"https:\/\/www.bellunopress.it\/#\/schema\/person\/79bb06722b37ece1c03d3e94beb30d73"},"headline":"Creativit\u00e0 giovanile feltrina, proseguono i corsi di vetrinista e di cucina","datePublished":"2010-02-17T13:22:36+00:00","mainEntityOfPage":{"@id":"https:\/\/www.bellunopress.it\/2010\/02\/17\/creativita-giovanile-feltrina-proseguono-i-corsi-di-vetrinista-e-di-cucina\/"},"wordCount":295,"publisher":{"@id":"https:\/\/www.bellunopress.it\/#organization"},"keywords":["giovani Feltre"],"articleSection":["Arte, Cultura, Spettacoli, Scienza","Pausa Caff\u00e8"],"inLanguage":"fr-FR"},{"@type":"WebPage","@id":"https:\/\/www.bellunopress.it\/2010\/02\/17\/creativita-giovanile-feltrina-proseguono-i-corsi-di-vetrinista-e-di-cucina\/","url":"https:\/\/www.bellunopress.it\/2010\/02\/17\/creativita-giovanile-feltrina-proseguono-i-corsi-di-vetrinista-e-di-cucina\/","name":"Creativit\u00e0 giovanile feltrina, proseguono i corsi di vetrinista e di cucina - Bellunopress - Dolomiti","isPartOf":{"@id":"https:\/\/www.bellunopress.it\/#website"},"datePublished":"2010-02-17T13:22:36+00:00","breadcrumb":{"@id":"https:\/\/www.bellunopress.it\/2010\/02\/17\/creativita-giovanile-feltrina-proseguono-i-corsi-di-vetrinista-e-di-cucina\/#breadcrumb"},"inLanguage":"fr-FR","potentialAction":[{"@type":"ReadAction","target":["https:\/\/www.bellunopress.it\/2010\/02\/17\/creativita-giovanile-feltrina-proseguono-i-corsi-di-vetrinista-e-di-cucina\/"]}]},{"@type":"BreadcrumbList","@id":"https:\/\/www.bellunopress.it\/2010\/02\/17\/creativita-giovanile-feltrina-proseguono-i-corsi-di-vetrinista-e-di-cucina\/#breadcrumb","itemListElement":[{"@type":"ListItem","position":1,"name":"Home","item":"https:\/\/www.bellunopress.it\/"},{"@type":"ListItem","position":2,"name":"Creativit\u00e0 giovanile feltrina, proseguono i corsi di vetrinista e di cucina"}]},{"@type":"WebSite","@id":"https:\/\/www.bellunopress.it\/#website","url":"https:\/\/www.bellunopress.it\/","name":"Bellunopress - Dolomiti","description":"e-mail: redazione@bellunopress.it","publisher":{"@id":"https:\/\/www.bellunopress.it\/#organization"},"potentialAction":[{"@type":"SearchAction","target":{"@type":"EntryPoint","urlTemplate":"https:\/\/www.bellunopress.it\/?s={search_term_string}"},"query-input":{"@type":"PropertyValueSpecification","valueRequired":true,"valueName":"search_term_string"}}],"inLanguage":"fr-FR"},{"@type":"Organization","@id":"https:\/\/www.bellunopress.it\/#organization","name":"Bellunopress","url":"https:\/\/www.bellunopress.it\/","logo":{"@type":"ImageObject","inLanguage":"fr-FR","@id":"https:\/\/www.bellunopress.it\/#\/schema\/logo\/image\/","url":"https:\/\/www.bellunopress.it\/wp-content\/uploads\/2011\/05\/cropped-logo-bellunopress-.jpg","contentUrl":"https:\/\/www.bellunopress.it\/wp-content\/uploads\/2011\/05\/cropped-logo-bellunopress-.jpg","width":512,"height":512,"caption":"Bellunopress"},"image":{"@id":"https:\/\/www.bellunopress.it\/#\/schema\/logo\/image\/"},"sameAs":["https:\/\/www.facebook.com\/profile.php?id=100008943462799","https:\/\/x.com\/bellunopress","https:\/\/www.linkedin.com\/hp\/?dnr=JBzUWaJfMUw8vbXJJ2tVW5-I3jZKvC4wsoxE&amp;amp;amp;amp;amp;amp;trk=nav_responsive_tab_home","https:\/\/www.youtube.com\/channel\/UCxL0wu1uN0_3_7hGG0306cw"]},{"@type":"Person","@id":"https:\/\/www.bellunopress.it\/#\/schema\/person\/79bb06722b37ece1c03d3e94beb30d73","name":"r\u00e9daction","image":{"@type":"ImageObject","inLanguage":"fr-FR","@id":"https:\/\/secure.gravatar.com\/avatar\/37d968a2e67a6fd04c169c4bdef102d0bc5d31b2546345219e348575eb80e9a0?s=96&d=mm&r=g","url":"https:\/\/secure.gravatar.com\/avatar\/37d968a2e67a6fd04c169c4bdef102d0bc5d31b2546345219e348575eb80e9a0?s=96&d=mm&r=g","contentUrl":"https:\/\/secure.gravatar.com\/avatar\/37d968a2e67a6fd04c169c4bdef102d0bc5d31b2546345219e348575eb80e9a0?s=96&d=mm&r=g","caption":"redazione"},"sameAs":["http:\/\/www.bellunopress.it","https:\/\/x.com\/bellunopress"],"url":"https:\/\/www.bellunopress.it\/fr\/author\/redazione\/"}]}},"_links":{"self":[{"href":"https:\/\/www.bellunopress.it\/fr\/wp-json\/wp\/v2\/posts\/12621","targetHints":{"allow":["GET"]}}],"collection":[{"href":"https:\/\/www.bellunopress.it\/fr\/wp-json\/wp\/v2\/posts"}],"about":[{"href":"https:\/\/www.bellunopress.it\/fr\/wp-json\/wp\/v2\/types\/post"}],"author":[{"embeddable":true,"href":"https:\/\/www.bellunopress.it\/fr\/wp-json\/wp\/v2\/users\/2"}],"replies":[{"embeddable":true,"href":"https:\/\/www.bellunopress.it\/fr\/wp-json\/wp\/v2\/comments?post=12621"}],"version-history":[{"count":1,"href":"https:\/\/www.bellunopress.it\/fr\/wp-json\/wp\/v2\/posts\/12621\/revisions"}],"predecessor-version":[{"id":12622,"href":"https:\/\/www.bellunopress.it\/fr\/wp-json\/wp\/v2\/posts\/12621\/revisions\/12622"}],"wp:attachment":[{"href":"https:\/\/www.bellunopress.it\/fr\/wp-json\/wp\/v2\/media?parent=12621"}],"wp:term":[{"taxonomy":"category","embeddable":true,"href":"https:\/\/www.bellunopress.it\/fr\/wp-json\/wp\/v2\/categories?post=12621"},{"taxonomy":"post_tag","embeddable":true,"href":"https:\/\/www.bellunopress.it\/fr\/wp-json\/wp\/v2\/tags?post=12621"}],"curies":[{"name":"wp","href":"https:\/\/api.w.org\/{rel}","templated":true}]}}