{"id":126208,"date":"2021-07-21T21:43:07","date_gmt":"2021-07-21T19:43:07","guid":{"rendered":"https:\/\/www.bellunopress.it\/?p=126208"},"modified":"2021-07-21T21:48:14","modified_gmt":"2021-07-21T19:48:14","slug":"pubblicata-la-graduatoria-del-pinqua-finanziati-tutti-e-tre-i-progetti-del-comune-di-belluno","status":"publish","type":"post","link":"https:\/\/www.bellunopress.it\/fr\/2021\/07\/21\/pubblicata-la-graduatoria-del-pinqua-finanziati-tutti-e-tre-i-progetti-del-comune-di-belluno\/","title":{"rendered":"Pubblicata la graduatoria del Pinqua. Finanziati tutti e tre i progetti del Comune di Belluno"},"content":{"rendered":"<figure id=\"attachment_110555\" aria-describedby=\"caption-attachment-110555\" style=\"width: 250px\" class=\"wp-caption alignleft\"><a href=\"https:\/\/www.bellunopress.it\/fr\/2019\/12\/18\/belluno-bus-gratuiti-per-le-feste-natalizie-e-linea-per-il-nevegal-oltre-11mila-euro-per-sostenere-ambiente-turismo-e-commercio\/massaro-sindaco\/\" rel=\"attachment wp-att-110555\"><img loading=\"lazy\" decoding=\"async\" class=\"size-full wp-image-110555\" src=\"https:\/\/www.bellunopress.it\/wp-content\/uploads\/2019\/12\/Massaro-sindaco.jpg\" alt=\"\" width=\"250\" height=\"300\" \/><\/a><figcaption id=\"caption-attachment-110555\" class=\"wp-caption-text\">Jacopo Massaro &#8211; Sindaco di Belluno<\/figcaption><\/figure>\n<p>E&#8217; stata pubblicata nel tardo pomeriggio di oggi la graduatoria stilata dal Ministero delle infrastrutture e della mobilit\u00e0 sostenibili per l&#8217;assegnazione dei fondi del PINQUA &#8211; Programma INnovativo sulla QUalit\u00e0 dell&#8217;Abitare.<br \/>\nTra le 271 proposte ritenute meritevoli di finanziamento, figurano tutti i progetti presentati nello scorso mese di marzo dal Comune di Belluno per un totale di oltre 39 milioni di euro di investimenti sul territorio comunale.<br \/>\nVerr\u00e0 subito finanziati dal Fondo PINQUA i primi 187 progetti tra i quali un intervento nel capoluogo (arrivato al 176esimo posto, per un totale 15 milioni di euro, il massimo previsto dal bando, a fronte di un fondo complessivo di 400 milioni), mentre per tutti gli altri progetti \u2013 compresi gli altri due interventi a Belluno da 15 e 9 milioni di euro &#8211; si acceder\u00e0 al Fondo complementare del Piano Nazionale di Ripresa e Resilienza, per un totale di 2,8 miliardi di euro.<br \/>\n\u00abSiamo orgogliosi e felici di questo risultato \u2013 commenta a caldo il Sindaco di Belluno, Jacopo Massaro \u2013 che ci permetter\u00e0 di allargare gli interventi di riqualificazione della citt\u00e0 gi\u00e0 avviati con il Progetto Belluno, questa volta puntando su alloggi e infrastrutture. Ora parte la corsa contro il tempo: in otto mesi vanno infatti preparati e inviati i progetti definitivi per tutti gli interventi finanziati\u00bb.<br \/>\nIl ringraziamento del Sindaco per questo risultato va all&#8217;assessore Franco Frison e a tutta la giunta, ai consiglieri comunali \u00abche hanno sempre creduto in questi progetti\u00bb, alle strutture tecniche di Comune e di Ater, oltre che a tutti i partner pubblici e privati (oltre ad Ater Belluno, Parco Nazionale delle Dolomiti Bellunesi, Ulss 1 Dolomiti, Bim GSP, Bim Infrastrutture e Ser.S.A., con il sostegno della Provincia di Belluno, RFI \u2013 Rete Ferroviaria Italiana e FIAB &#8211; Federazione italiana ambiente e bicicletta) che hanno collaborato con il Comune di Belluno per la stesura delle proposte.<\/p>\n<div>Qui il comunicato del MIT e la graduatoria completa:<\/div>\n<div><a href=\"https:\/\/www.mit.gov.it\/comunicazione\/news\/pnrr\/pinqua_progetti_riqualificazione\" target=\"_blank\" rel=\"noopener noreferrer\">https:\/\/www.mit.gov.it\/comunicazione\/news\/pnrr\/pinqua_progetti_riqualificazione<\/a><\/div>\n<p>&nbsp;<\/p>\n<figure id=\"attachment_114754\" aria-describedby=\"caption-attachment-114754\" style=\"width: 755px\" class=\"wp-caption alignleft\"><a href=\"https:\/\/www.bellunopress.it\/fr\/2020\/05\/29\/rigenerazione-del-parco-fluviale-di-lambioi-frison-ok-da-roma-alla-modifica-del-progetto\/franco-frison_edited\/\" rel=\"attachment wp-att-114754\"><img loading=\"lazy\" decoding=\"async\" class=\"size-full wp-image-114754\" src=\"https:\/\/www.bellunopress.it\/wp-content\/uploads\/2020\/05\/franco-frison_edited.jpg\" alt=\"\" width=\"755\" height=\"800\" srcset=\"https:\/\/www.bellunopress.it\/wp-content\/uploads\/2020\/05\/franco-frison_edited.jpg 755w, https:\/\/www.bellunopress.it\/wp-content\/uploads\/2020\/05\/franco-frison_edited-472x500.jpg 472w, https:\/\/www.bellunopress.it\/wp-content\/uploads\/2020\/05\/franco-frison_edited-696x737.jpg 696w, https:\/\/www.bellunopress.it\/wp-content\/uploads\/2020\/05\/franco-frison_edited-396x420.jpg 396w\" sizes=\"auto, (max-width: 755px) 100vw, 755px\" \/><\/a><figcaption id=\"caption-attachment-114754\" class=\"wp-caption-text\">Franco Frison, assessore<\/figcaption><\/figure>\n<p><strong>I progetti per Cavarzano, Levego e centro citt\u00e0<\/strong><\/p>\n<p>Quattro progetti per Cavarzano, sette per il centro citt\u00e0 e cinque per Levego: questo il maxi-piano \u201cBelluno 2030\u201d presentato dalla rete di enti e istituzioni, guidata dal Comune di Belluno, che parteciper\u00e0 al bando del Programma INnovativo sulla QUalit\u00e0 dell&#8217;Abitare \u2013 PINQUA promosso dal Ministero delle infrastrutture e dei trasporti.<br \/>\n\u00abC&#8217;\u00e8 stato un grande confronto tra tutti i partner per poter partecipare con convinzione a questa grande sfida; &#8211; ha sottolineato l&#8217;assessore alla rigenerazione urbana Franco Frison \u2013 abbiamo lavorato solo su progetti nuovi, arrivando a presentare questi studi di fattibilit\u00e0 in appena 120 giorni. I finanziamenti, potranno poi essere ulteriormente sviluppati, corretti e migliorati. Le nostre proposte riguardano la riqualificazione di immobili di propriet\u00e0 pubblica, il recupero di aree pubbliche e il miglioramento della dotazione infrastrutturale della zone interessate dagli interventi: \u201cBelluno 2030\u201d definisce la strategia della citt\u00e0 del futuro, in linea con il PAT che stiamo realizzando\u00bb.<\/p>\n<p><strong>Enti e tempistiche<\/strong><br \/>\nAlla chiamata del Comune di Belluno hanno risposto Ater Belluno, Parco Nazionale delle Dolomiti Bellunesi, Ulss 1 Dolomiti, Bim GSP, Bim Infrastrutture e Ser.S.A., con il sostegno della Provincia di Belluno, RFI \u2013 Rete Ferroviaria Italiana e FIAB &#8211; Federazione italiana ambiente e bicicletta. Alla redazione dei progetti hanno lavorato 26 tecnici dei vari enti, oltre a un tecnico esterno.<br \/>\nCome da bando, ogni proposta prevede interventi per un massimo di 15 milioni di euro; dalla data di oggi, scattano i 90 giorni al termine dei quali la commissione selezioner\u00e0 le migliori proposte. Dopodich\u00e9, dopo altri 60 giorni verr\u00e0 stilata la graduatoria finale; da qui, gli enti che si saranno aggiudicati il finanziamento avranno 240 giorni per redigere i progetti definitivi.<\/p>\n<p><strong>Cavarzano<\/strong><br \/>\nL&#8217;intervento di Cavarzano prevede a nord la demolizione del compendio \u201cCasa Carbone\u201d, con la realizzazione di nuovi 16 alloggi per il social housing (4 milioni di euro), mentre nell&#8217;area della casa di riposo ci sar\u00e0 la demolizione di Villa Bizio e la costruzione di un nuovo centro per persone non autosufficienti (7,3 milioni di euro).<br \/>\nNell&#8217;area delle piazze, si effettuer\u00e0 la riqualificazione dell&#8217;area con nuove pavimentazioni e arredi urbani, oltre all&#8217;intervento ai portici di Via Giovanni Paolo I (3,1 milioni).<br \/>\nInoltre, ci sar\u00e0 la realizzazione di un percorso ciclopedonale che interesser\u00e0 anche il parco di Villa Gaggia Lante (500mila euro).<\/p>\n<p><strong>Centro citt\u00e0<\/strong><br \/>\nL&#8217;intervento pi\u00f9 corposo \u00e8 quello proposto su Piazza Piloni, con l&#8217;interramento del parcheggio e la riqualificazione e pedonalizzazione della piazza (5,4 milioni). Sempre in Piazza Piloni, si punta al completamento del recupero dell\u2019ex Caserma dei Vigili del Fuoco per accogliere il Museo naturalistico delle Dolomiti (1 milione).<br \/>\nIn stazione, si punta al recupero dell\u2019ex bocciodromo da adibire a parcheggio intermodale per la mobilit\u00e0 sostenibile (1 milione) e la realizzazione di una passerella ciclopedonale sopra la sede ferroviaria per connettere il centro all\u2019ospedale, per un totale di 1350 metri di percorso ciclopedonale.<br \/>\nL&#8217;ex \u201cOpera dell&#8217;Infanzia\u201d di Piazzale Marconi sar\u00e0 oggetto di una rifunzionalizzazione dell\u2019edificio per ospitare 14 alloggi destinati prevalentemente al personale sanitario (2,5 milioni), mentre 19 alloggi per social housing ed emergenze abitative troveranno spazio nell&#8217;ex Casa Kraller di Via Lungardo (1 milione).<br \/>\nOggetto di intervento anche Palazzo dei Giuristi, l&#8217;ex Museo Civico, che potr\u00e0 offrire nuovi spazi per attivit\u00e0 culturali e una serie di servizi al turismo, destinati alla cittadinanza ed ai visitatori (1,8 milioni).<\/p>\n<p><strong>Levego<\/strong><br \/>\nSul fronte della residenzialit\u00e0, la proposta prevede il completamento PEEP Levego con nuovi alloggi ad alta efficienza energetica e dieci nuovi alloggi destinati all\u2019edilizia sociale (1,9 milioni), mentre verr\u00e0 attrezzata una nuova area verde come centro di aggregazione per la frazione (600mila).<br \/>\nSi prevede poi la realizzazione di un nuovo ponte ciclopedonale sul torrente Ardo e di 2150 metri di nuovi percorsi ciclabili (2,8 milioni).<br \/>\nSempre sul fronte delle infrastrutture, si \u00e8 prevista l&#8217;estensione della rete metano alla frazione con 4 chilometri di nuove condotte (1 milione) e l&#8217;adeguamento della rete di acquedotto, l&#8217;ottimizzazione della rete di acque reflue e la realizzazione di un nuovo depuratore (4 milioni).<\/p>\n<p>&nbsp;<\/p>","protected":false},"excerpt":{"rendered":"<p>E&#8217; stata pubblicata nel tardo pomeriggio di oggi la graduatoria stilata dal Ministero delle infrastrutture e della mobilit\u00e0 sostenibili per l&#8217;assegnazione dei fondi del PINQUA &#8211; Programma INnovativo sulla QUalit\u00e0 dell&#8217;Abitare. Tra le 271 proposte ritenute meritevoli di finanziamento, figurano tutti i progetti presentati nello scorso mese di marzo dal Comune di Belluno per un [&hellip;]<\/p>\n","protected":false},"author":2,"featured_media":113617,"comment_status":"closed","ping_status":"open","sticky":false,"template":"","format":"standard","meta":{"footnotes":""},"categories":[5,3446,36,8],"tags":[],"class_list":["post-126208","post","type-post","status-publish","format-standard","has-post-thumbnail","category-cronaca","category-featured","category-lavoro-economia","category-societa-istituzioni"],"yoast_head":"<!-- This site is optimized with the Yoast SEO plugin v28.4 - https:\/\/yoast.com\/product\/yoast-seo-wordpress\/ -->\n<title>Pubblicata la graduatoria del Pinqua. Finanziati tutti e tre i progetti del Comune di Belluno - Bellunopress - Dolomiti<\/title>\n<meta name=\"robots\" content=\"index, follow, max-snippet:-1, max-image-preview:large, max-video-preview:-1\" \/>\n<link rel=\"canonical\" href=\"https:\/\/www.bellunopress.it\/fr\/2021\/07\/21\/pubblicata-la-graduatoria-del-pinqua-finanziati-tutti-e-tre-i-progetti-del-comune-di-belluno\/\" \/>\n<meta property=\"og:locale\" content=\"fr_FR\" \/>\n<meta property=\"og:type\" content=\"article\" \/>\n<meta property=\"og:title\" content=\"Pubblicata la graduatoria del Pinqua. Finanziati tutti e tre i progetti del Comune di Belluno - Bellunopress - Dolomiti\" \/>\n<meta property=\"og:description\" content=\"E&#8217; stata pubblicata nel tardo pomeriggio di oggi la graduatoria stilata dal Ministero delle infrastrutture e della mobilit\u00e0 sostenibili per l&#8217;assegnazione dei fondi del PINQUA &#8211; Programma INnovativo sulla QUalit\u00e0 dell&#8217;Abitare. Tra le 271 proposte ritenute meritevoli di finanziamento, figurano tutti i progetti presentati nello scorso mese di marzo dal Comune di Belluno per un [&hellip;]\" \/>\n<meta property=\"og:url\" content=\"https:\/\/www.bellunopress.it\/fr\/2021\/07\/21\/pubblicata-la-graduatoria-del-pinqua-finanziati-tutti-e-tre-i-progetti-del-comune-di-belluno\/\" \/>\n<meta property=\"og:site_name\" content=\"Bellunopress - Dolomiti\" \/>\n<meta property=\"article:publisher\" content=\"https:\/\/www.facebook.com\/profile.php?id=100008943462799\" \/>\n<meta property=\"article:published_time\" content=\"2021-07-21T19:43:07+00:00\" \/>\n<meta property=\"article:modified_time\" content=\"2021-07-21T19:48:14+00:00\" \/>\n<meta property=\"og:image\" content=\"https:\/\/www.bellunopress.it\/wp-content\/uploads\/2020\/04\/palazzo-rosso_edited.jpg\" \/>\n\t<meta property=\"og:image:width\" content=\"800\" \/>\n\t<meta property=\"og:image:height\" content=\"563\" \/>\n\t<meta property=\"og:image:type\" content=\"image\/jpeg\" \/>\n<meta name=\"author\" content=\"redazione\" \/>\n<meta name=\"twitter:card\" content=\"summary_large_image\" \/>\n<meta name=\"twitter:creator\" content=\"@bellunopress\" \/>\n<meta name=\"twitter:site\" content=\"@bellunopress\" \/>\n<meta name=\"twitter:label1\" content=\"\u00c9crit par\" \/>\n\t<meta name=\"twitter:data1\" content=\"redazione\" \/>\n\t<meta name=\"twitter:label2\" content=\"Dur\u00e9e de lecture estim\u00e9e\" \/>\n\t<meta name=\"twitter:data2\" content=\"5 minutes\" \/>\n<script type=\"application\/ld+json\" class=\"yoast-schema-graph\">{\"@context\":\"https:\\\/\\\/schema.org\",\"@graph\":[{\"@type\":\"Article\",\"@id\":\"https:\\\/\\\/www.bellunopress.it\\\/2021\\\/07\\\/21\\\/pubblicata-la-graduatoria-del-pinqua-finanziati-tutti-e-tre-i-progetti-del-comune-di-belluno\\\/#article\",\"isPartOf\":{\"@id\":\"https:\\\/\\\/www.bellunopress.it\\\/2021\\\/07\\\/21\\\/pubblicata-la-graduatoria-del-pinqua-finanziati-tutti-e-tre-i-progetti-del-comune-di-belluno\\\/\"},\"author\":{\"name\":\"redazione\",\"@id\":\"https:\\\/\\\/www.bellunopress.it\\\/#\\\/schema\\\/person\\\/79bb06722b37ece1c03d3e94beb30d73\"},\"headline\":\"Pubblicata la graduatoria del Pinqua. Finanziati tutti e tre i progetti del Comune di Belluno\",\"datePublished\":\"2021-07-21T19:43:07+00:00\",\"dateModified\":\"2021-07-21T19:48:14+00:00\",\"mainEntityOfPage\":{\"@id\":\"https:\\\/\\\/www.bellunopress.it\\\/2021\\\/07\\\/21\\\/pubblicata-la-graduatoria-del-pinqua-finanziati-tutti-e-tre-i-progetti-del-comune-di-belluno\\\/\"},\"wordCount\":1011,\"publisher\":{\"@id\":\"https:\\\/\\\/www.bellunopress.it\\\/#organization\"},\"image\":{\"@id\":\"https:\\\/\\\/www.bellunopress.it\\\/2021\\\/07\\\/21\\\/pubblicata-la-graduatoria-del-pinqua-finanziati-tutti-e-tre-i-progetti-del-comune-di-belluno\\\/#primaryimage\"},\"thumbnailUrl\":\"https:\\\/\\\/www.bellunopress.it\\\/wp-content\\\/uploads\\\/2020\\\/04\\\/palazzo-rosso_edited.jpg\",\"articleSection\":[\"Cronaca\\\/Politica\",\"Featured\",\"Lavoro, Economia, Turismo\",\"Societ\u00e0, Associazioni, Istituzioni\"],\"inLanguage\":\"fr-FR\"},{\"@type\":\"WebPage\",\"@id\":\"https:\\\/\\\/www.bellunopress.it\\\/2021\\\/07\\\/21\\\/pubblicata-la-graduatoria-del-pinqua-finanziati-tutti-e-tre-i-progetti-del-comune-di-belluno\\\/\",\"url\":\"https:\\\/\\\/www.bellunopress.it\\\/2021\\\/07\\\/21\\\/pubblicata-la-graduatoria-del-pinqua-finanziati-tutti-e-tre-i-progetti-del-comune-di-belluno\\\/\",\"name\":\"Pubblicata la graduatoria del Pinqua. Finanziati tutti e tre i progetti del Comune di Belluno - Bellunopress - Dolomiti\",\"isPartOf\":{\"@id\":\"https:\\\/\\\/www.bellunopress.it\\\/#website\"},\"primaryImageOfPage\":{\"@id\":\"https:\\\/\\\/www.bellunopress.it\\\/2021\\\/07\\\/21\\\/pubblicata-la-graduatoria-del-pinqua-finanziati-tutti-e-tre-i-progetti-del-comune-di-belluno\\\/#primaryimage\"},\"image\":{\"@id\":\"https:\\\/\\\/www.bellunopress.it\\\/2021\\\/07\\\/21\\\/pubblicata-la-graduatoria-del-pinqua-finanziati-tutti-e-tre-i-progetti-del-comune-di-belluno\\\/#primaryimage\"},\"thumbnailUrl\":\"https:\\\/\\\/www.bellunopress.it\\\/wp-content\\\/uploads\\\/2020\\\/04\\\/palazzo-rosso_edited.jpg\",\"datePublished\":\"2021-07-21T19:43:07+00:00\",\"dateModified\":\"2021-07-21T19:48:14+00:00\",\"breadcrumb\":{\"@id\":\"https:\\\/\\\/www.bellunopress.it\\\/2021\\\/07\\\/21\\\/pubblicata-la-graduatoria-del-pinqua-finanziati-tutti-e-tre-i-progetti-del-comune-di-belluno\\\/#breadcrumb\"},\"inLanguage\":\"fr-FR\",\"potentialAction\":[{\"@type\":\"ReadAction\",\"target\":[\"https:\\\/\\\/www.bellunopress.it\\\/2021\\\/07\\\/21\\\/pubblicata-la-graduatoria-del-pinqua-finanziati-tutti-e-tre-i-progetti-del-comune-di-belluno\\\/\"]}]},{\"@type\":\"ImageObject\",\"inLanguage\":\"fr-FR\",\"@id\":\"https:\\\/\\\/www.bellunopress.it\\\/2021\\\/07\\\/21\\\/pubblicata-la-graduatoria-del-pinqua-finanziati-tutti-e-tre-i-progetti-del-comune-di-belluno\\\/#primaryimage\",\"url\":\"https:\\\/\\\/www.bellunopress.it\\\/wp-content\\\/uploads\\\/2020\\\/04\\\/palazzo-rosso_edited.jpg\",\"contentUrl\":\"https:\\\/\\\/www.bellunopress.it\\\/wp-content\\\/uploads\\\/2020\\\/04\\\/palazzo-rosso_edited.jpg\",\"width\":800,\"height\":563,\"caption\":\"Palazzo Rosso, sede dell'amministrazione comunale di Belluno\"},{\"@type\":\"BreadcrumbList\",\"@id\":\"https:\\\/\\\/www.bellunopress.it\\\/2021\\\/07\\\/21\\\/pubblicata-la-graduatoria-del-pinqua-finanziati-tutti-e-tre-i-progetti-del-comune-di-belluno\\\/#breadcrumb\",\"itemListElement\":[{\"@type\":\"ListItem\",\"position\":1,\"name\":\"Home\",\"item\":\"https:\\\/\\\/www.bellunopress.it\\\/\"},{\"@type\":\"ListItem\",\"position\":2,\"name\":\"Pubblicata la graduatoria del Pinqua. Finanziati tutti e tre i progetti del Comune di Belluno\"}]},{\"@type\":\"WebSite\",\"@id\":\"https:\\\/\\\/www.bellunopress.it\\\/#website\",\"url\":\"https:\\\/\\\/www.bellunopress.it\\\/\",\"name\":\"Bellunopress - Dolomiti\",\"description\":\"e-mail: redazione@bellunopress.it\",\"publisher\":{\"@id\":\"https:\\\/\\\/www.bellunopress.it\\\/#organization\"},\"potentialAction\":[{\"@type\":\"SearchAction\",\"target\":{\"@type\":\"EntryPoint\",\"urlTemplate\":\"https:\\\/\\\/www.bellunopress.it\\\/?s={search_term_string}\"},\"query-input\":{\"@type\":\"PropertyValueSpecification\",\"valueRequired\":true,\"valueName\":\"search_term_string\"}}],\"inLanguage\":\"fr-FR\"},{\"@type\":\"Organization\",\"@id\":\"https:\\\/\\\/www.bellunopress.it\\\/#organization\",\"name\":\"Bellunopress\",\"url\":\"https:\\\/\\\/www.bellunopress.it\\\/\",\"logo\":{\"@type\":\"ImageObject\",\"inLanguage\":\"fr-FR\",\"@id\":\"https:\\\/\\\/www.bellunopress.it\\\/#\\\/schema\\\/logo\\\/image\\\/\",\"url\":\"https:\\\/\\\/www.bellunopress.it\\\/wp-content\\\/uploads\\\/2011\\\/05\\\/cropped-logo-bellunopress-.jpg\",\"contentUrl\":\"https:\\\/\\\/www.bellunopress.it\\\/wp-content\\\/uploads\\\/2011\\\/05\\\/cropped-logo-bellunopress-.jpg\",\"width\":512,\"height\":512,\"caption\":\"Bellunopress\"},\"image\":{\"@id\":\"https:\\\/\\\/www.bellunopress.it\\\/#\\\/schema\\\/logo\\\/image\\\/\"},\"sameAs\":[\"https:\\\/\\\/www.facebook.com\\\/profile.php?id=100008943462799\",\"https:\\\/\\\/x.com\\\/bellunopress\",\"https:\\\/\\\/www.linkedin.com\\\/hp\\\/?dnr=JBzUWaJfMUw8vbXJJ2tVW5-I3jZKvC4wsoxE&amp;amp;amp;amp;amp;amp;trk=nav_responsive_tab_home\",\"https:\\\/\\\/www.youtube.com\\\/channel\\\/UCxL0wu1uN0_3_7hGG0306cw\"]},{\"@type\":\"Person\",\"@id\":\"https:\\\/\\\/www.bellunopress.it\\\/#\\\/schema\\\/person\\\/79bb06722b37ece1c03d3e94beb30d73\",\"name\":\"redazione\",\"image\":{\"@type\":\"ImageObject\",\"inLanguage\":\"fr-FR\",\"@id\":\"https:\\\/\\\/secure.gravatar.com\\\/avatar\\\/37d968a2e67a6fd04c169c4bdef102d0bc5d31b2546345219e348575eb80e9a0?s=96&d=mm&r=g\",\"url\":\"https:\\\/\\\/secure.gravatar.com\\\/avatar\\\/37d968a2e67a6fd04c169c4bdef102d0bc5d31b2546345219e348575eb80e9a0?s=96&d=mm&r=g\",\"contentUrl\":\"https:\\\/\\\/secure.gravatar.com\\\/avatar\\\/37d968a2e67a6fd04c169c4bdef102d0bc5d31b2546345219e348575eb80e9a0?s=96&d=mm&r=g\",\"caption\":\"redazione\"},\"sameAs\":[\"http:\\\/\\\/www.bellunopress.it\",\"https:\\\/\\\/x.com\\\/bellunopress\"],\"url\":\"https:\\\/\\\/www.bellunopress.it\\\/fr\\\/author\\\/redazione\\\/\"}]}<\/script>\n<!-- \/ Yoast SEO plugin. -->","yoast_head_json":{"title":"Pubblicata la graduatoria del Pinqua. Finanziati tutti e tre i progetti del Comune di Belluno - Bellunopress - Dolomiti","robots":{"index":"index","follow":"follow","max-snippet":"max-snippet:-1","max-image-preview":"max-image-preview:large","max-video-preview":"max-video-preview:-1"},"canonical":"https:\/\/www.bellunopress.it\/fr\/2021\/07\/21\/pubblicata-la-graduatoria-del-pinqua-finanziati-tutti-e-tre-i-progetti-del-comune-di-belluno\/","og_locale":"fr_FR","og_type":"article","og_title":"Pubblicata la graduatoria del Pinqua. Finanziati tutti e tre i progetti del Comune di Belluno - Bellunopress - Dolomiti","og_description":"E&#8217; stata pubblicata nel tardo pomeriggio di oggi la graduatoria stilata dal Ministero delle infrastrutture e della mobilit\u00e0 sostenibili per l&#8217;assegnazione dei fondi del PINQUA &#8211; Programma INnovativo sulla QUalit\u00e0 dell&#8217;Abitare. Tra le 271 proposte ritenute meritevoli di finanziamento, figurano tutti i progetti presentati nello scorso mese di marzo dal Comune di Belluno per un [&hellip;]","og_url":"https:\/\/www.bellunopress.it\/fr\/2021\/07\/21\/pubblicata-la-graduatoria-del-pinqua-finanziati-tutti-e-tre-i-progetti-del-comune-di-belluno\/","og_site_name":"Bellunopress - Dolomiti","article_publisher":"https:\/\/www.facebook.com\/profile.php?id=100008943462799","article_published_time":"2021-07-21T19:43:07+00:00","article_modified_time":"2021-07-21T19:48:14+00:00","og_image":[{"width":800,"height":563,"url":"https:\/\/www.bellunopress.it\/wp-content\/uploads\/2020\/04\/palazzo-rosso_edited.jpg","type":"image\/jpeg"}],"author":"redazione","twitter_card":"summary_large_image","twitter_creator":"@bellunopress","twitter_site":"@bellunopress","twitter_misc":{"\u00c9crit par":"redazione","Dur\u00e9e de lecture estim\u00e9e":"5 minutes"},"schema":{"@context":"https:\/\/schema.org","@graph":[{"@type":"Article","@id":"https:\/\/www.bellunopress.it\/2021\/07\/21\/pubblicata-la-graduatoria-del-pinqua-finanziati-tutti-e-tre-i-progetti-del-comune-di-belluno\/#article","isPartOf":{"@id":"https:\/\/www.bellunopress.it\/2021\/07\/21\/pubblicata-la-graduatoria-del-pinqua-finanziati-tutti-e-tre-i-progetti-del-comune-di-belluno\/"},"author":{"name":"redazione","@id":"https:\/\/www.bellunopress.it\/#\/schema\/person\/79bb06722b37ece1c03d3e94beb30d73"},"headline":"Pubblicata la graduatoria del Pinqua. Finanziati tutti e tre i progetti del Comune di Belluno","datePublished":"2021-07-21T19:43:07+00:00","dateModified":"2021-07-21T19:48:14+00:00","mainEntityOfPage":{"@id":"https:\/\/www.bellunopress.it\/2021\/07\/21\/pubblicata-la-graduatoria-del-pinqua-finanziati-tutti-e-tre-i-progetti-del-comune-di-belluno\/"},"wordCount":1011,"publisher":{"@id":"https:\/\/www.bellunopress.it\/#organization"},"image":{"@id":"https:\/\/www.bellunopress.it\/2021\/07\/21\/pubblicata-la-graduatoria-del-pinqua-finanziati-tutti-e-tre-i-progetti-del-comune-di-belluno\/#primaryimage"},"thumbnailUrl":"https:\/\/www.bellunopress.it\/wp-content\/uploads\/2020\/04\/palazzo-rosso_edited.jpg","articleSection":["Cronaca\/Politica","Featured","Lavoro, Economia, Turismo","Societ\u00e0, Associazioni, Istituzioni"],"inLanguage":"fr-FR"},{"@type":"WebPage","@id":"https:\/\/www.bellunopress.it\/2021\/07\/21\/pubblicata-la-graduatoria-del-pinqua-finanziati-tutti-e-tre-i-progetti-del-comune-di-belluno\/","url":"https:\/\/www.bellunopress.it\/2021\/07\/21\/pubblicata-la-graduatoria-del-pinqua-finanziati-tutti-e-tre-i-progetti-del-comune-di-belluno\/","name":"Pubblicata la graduatoria del Pinqua. Finanziati tutti e tre i progetti del Comune di Belluno - Bellunopress - Dolomiti","isPartOf":{"@id":"https:\/\/www.bellunopress.it\/#website"},"primaryImageOfPage":{"@id":"https:\/\/www.bellunopress.it\/2021\/07\/21\/pubblicata-la-graduatoria-del-pinqua-finanziati-tutti-e-tre-i-progetti-del-comune-di-belluno\/#primaryimage"},"image":{"@id":"https:\/\/www.bellunopress.it\/2021\/07\/21\/pubblicata-la-graduatoria-del-pinqua-finanziati-tutti-e-tre-i-progetti-del-comune-di-belluno\/#primaryimage"},"thumbnailUrl":"https:\/\/www.bellunopress.it\/wp-content\/uploads\/2020\/04\/palazzo-rosso_edited.jpg","datePublished":"2021-07-21T19:43:07+00:00","dateModified":"2021-07-21T19:48:14+00:00","breadcrumb":{"@id":"https:\/\/www.bellunopress.it\/2021\/07\/21\/pubblicata-la-graduatoria-del-pinqua-finanziati-tutti-e-tre-i-progetti-del-comune-di-belluno\/#breadcrumb"},"inLanguage":"fr-FR","potentialAction":[{"@type":"ReadAction","target":["https:\/\/www.bellunopress.it\/2021\/07\/21\/pubblicata-la-graduatoria-del-pinqua-finanziati-tutti-e-tre-i-progetti-del-comune-di-belluno\/"]}]},{"@type":"ImageObject","inLanguage":"fr-FR","@id":"https:\/\/www.bellunopress.it\/2021\/07\/21\/pubblicata-la-graduatoria-del-pinqua-finanziati-tutti-e-tre-i-progetti-del-comune-di-belluno\/#primaryimage","url":"https:\/\/www.bellunopress.it\/wp-content\/uploads\/2020\/04\/palazzo-rosso_edited.jpg","contentUrl":"https:\/\/www.bellunopress.it\/wp-content\/uploads\/2020\/04\/palazzo-rosso_edited.jpg","width":800,"height":563,"caption":"Palazzo Rosso, sede dell'amministrazione comunale di Belluno"},{"@type":"BreadcrumbList","@id":"https:\/\/www.bellunopress.it\/2021\/07\/21\/pubblicata-la-graduatoria-del-pinqua-finanziati-tutti-e-tre-i-progetti-del-comune-di-belluno\/#breadcrumb","itemListElement":[{"@type":"ListItem","position":1,"name":"Home","item":"https:\/\/www.bellunopress.it\/"},{"@type":"ListItem","position":2,"name":"Pubblicata la graduatoria del Pinqua. Finanziati tutti e tre i progetti del Comune di Belluno"}]},{"@type":"WebSite","@id":"https:\/\/www.bellunopress.it\/#website","url":"https:\/\/www.bellunopress.it\/","name":"Bellunopress - Dolomiti","description":"e-mail: redazione@bellunopress.it","publisher":{"@id":"https:\/\/www.bellunopress.it\/#organization"},"potentialAction":[{"@type":"SearchAction","target":{"@type":"EntryPoint","urlTemplate":"https:\/\/www.bellunopress.it\/?s={search_term_string}"},"query-input":{"@type":"PropertyValueSpecification","valueRequired":true,"valueName":"search_term_string"}}],"inLanguage":"fr-FR"},{"@type":"Organization","@id":"https:\/\/www.bellunopress.it\/#organization","name":"Bellunopress","url":"https:\/\/www.bellunopress.it\/","logo":{"@type":"ImageObject","inLanguage":"fr-FR","@id":"https:\/\/www.bellunopress.it\/#\/schema\/logo\/image\/","url":"https:\/\/www.bellunopress.it\/wp-content\/uploads\/2011\/05\/cropped-logo-bellunopress-.jpg","contentUrl":"https:\/\/www.bellunopress.it\/wp-content\/uploads\/2011\/05\/cropped-logo-bellunopress-.jpg","width":512,"height":512,"caption":"Bellunopress"},"image":{"@id":"https:\/\/www.bellunopress.it\/#\/schema\/logo\/image\/"},"sameAs":["https:\/\/www.facebook.com\/profile.php?id=100008943462799","https:\/\/x.com\/bellunopress","https:\/\/www.linkedin.com\/hp\/?dnr=JBzUWaJfMUw8vbXJJ2tVW5-I3jZKvC4wsoxE&amp;amp;amp;amp;amp;amp;trk=nav_responsive_tab_home","https:\/\/www.youtube.com\/channel\/UCxL0wu1uN0_3_7hGG0306cw"]},{"@type":"Person","@id":"https:\/\/www.bellunopress.it\/#\/schema\/person\/79bb06722b37ece1c03d3e94beb30d73","name":"r\u00e9daction","image":{"@type":"ImageObject","inLanguage":"fr-FR","@id":"https:\/\/secure.gravatar.com\/avatar\/37d968a2e67a6fd04c169c4bdef102d0bc5d31b2546345219e348575eb80e9a0?s=96&d=mm&r=g","url":"https:\/\/secure.gravatar.com\/avatar\/37d968a2e67a6fd04c169c4bdef102d0bc5d31b2546345219e348575eb80e9a0?s=96&d=mm&r=g","contentUrl":"https:\/\/secure.gravatar.com\/avatar\/37d968a2e67a6fd04c169c4bdef102d0bc5d31b2546345219e348575eb80e9a0?s=96&d=mm&r=g","caption":"redazione"},"sameAs":["http:\/\/www.bellunopress.it","https:\/\/x.com\/bellunopress"],"url":"https:\/\/www.bellunopress.it\/fr\/author\/redazione\/"}]}},"_links":{"self":[{"href":"https:\/\/www.bellunopress.it\/fr\/wp-json\/wp\/v2\/posts\/126208","targetHints":{"allow":["GET"]}}],"collection":[{"href":"https:\/\/www.bellunopress.it\/fr\/wp-json\/wp\/v2\/posts"}],"about":[{"href":"https:\/\/www.bellunopress.it\/fr\/wp-json\/wp\/v2\/types\/post"}],"author":[{"embeddable":true,"href":"https:\/\/www.bellunopress.it\/fr\/wp-json\/wp\/v2\/users\/2"}],"replies":[{"embeddable":true,"href":"https:\/\/www.bellunopress.it\/fr\/wp-json\/wp\/v2\/comments?post=126208"}],"version-history":[{"count":1,"href":"https:\/\/www.bellunopress.it\/fr\/wp-json\/wp\/v2\/posts\/126208\/revisions"}],"predecessor-version":[{"id":126209,"href":"https:\/\/www.bellunopress.it\/fr\/wp-json\/wp\/v2\/posts\/126208\/revisions\/126209"}],"wp:featuredmedia":[{"embeddable":true,"href":"https:\/\/www.bellunopress.it\/fr\/wp-json\/wp\/v2\/media\/113617"}],"wp:attachment":[{"href":"https:\/\/www.bellunopress.it\/fr\/wp-json\/wp\/v2\/media?parent=126208"}],"wp:term":[{"taxonomy":"category","embeddable":true,"href":"https:\/\/www.bellunopress.it\/fr\/wp-json\/wp\/v2\/categories?post=126208"},{"taxonomy":"post_tag","embeddable":true,"href":"https:\/\/www.bellunopress.it\/fr\/wp-json\/wp\/v2\/tags?post=126208"}],"curies":[{"name":"wp","href":"https:\/\/api.w.org\/{rel}","templated":true}]}}