{"id":126206,"date":"2021-07-21T20:58:47","date_gmt":"2021-07-21T18:58:47","guid":{"rendered":"https:\/\/www.bellunopress.it\/?p=126206"},"modified":"2021-07-21T20:58:47","modified_gmt":"2021-07-21T18:58:47","slug":"sette-posti-al-comune-di-feltre-e-uno-ad-agordo-domande-entro-il-23-agosto","status":"publish","type":"post","link":"https:\/\/www.bellunopress.it\/fr\/2021\/07\/21\/sette-posti-al-comune-di-feltre-e-uno-ad-agordo-domande-entro-il-23-agosto\/","title":{"rendered":"Sette posti al Comune di Feltre e uno ad Agordo. Domande entro il 23 agosto"},"content":{"rendered":"<p><a href=\"https:\/\/www.bellunopress.it\/fr\/2021\/02\/02\/labito-fa-il-monaco-in-un-colloquio-di-lavoro-cosa-fa-la-differenza\/management-career-achievement-opportunity-concept\/\" rel=\"attachment wp-att-121387\"><img loading=\"lazy\" decoding=\"async\" class=\"alignleft size-full wp-image-121387\" src=\"https:\/\/www.bellunopress.it\/wp-content\/uploads\/2021\/02\/Labito-fa-il-monaco-in-un-colloquio-di-lavoro-cosa-fa-la-differenza.jpg\" alt=\"\" width=\"1000\" height=\"500\" srcset=\"https:\/\/www.bellunopress.it\/wp-content\/uploads\/2021\/02\/Labito-fa-il-monaco-in-un-colloquio-di-lavoro-cosa-fa-la-differenza.jpg 1000w, https:\/\/www.bellunopress.it\/wp-content\/uploads\/2021\/02\/Labito-fa-il-monaco-in-un-colloquio-di-lavoro-cosa-fa-la-differenza-500x250.jpg 500w, https:\/\/www.bellunopress.it\/wp-content\/uploads\/2021\/02\/Labito-fa-il-monaco-in-un-colloquio-di-lavoro-cosa-fa-la-differenza-696x348.jpg 696w, https:\/\/www.bellunopress.it\/wp-content\/uploads\/2021\/02\/Labito-fa-il-monaco-in-un-colloquio-di-lavoro-cosa-fa-la-differenza-840x420.jpg 840w\" sizes=\"auto, (max-width: 1000px) 100vw, 1000px\" \/><\/a>\u00c8 indetto concorso pubblico per soli esami per l&#8217;assunzione a tempo indeterminato e pieno di n. 1 Istruttore Direttivo Tecnico categoria di accesso D1 presso l\u2019unit\u00e0 organizzativa protezione civile settore gestione del territorio del Comune di Feltre (BL).<br \/>\nLe domande di partecipazione dovranno essere presentate tramite apposita piattaforma dell&#8217;Unione Montana Feltrina, con accesso tramite SPID, secondo le modalit\u00e0 e i termini indicati nel bando.<br \/>\nLe modalit\u00e0&#8217; e i requisiti di partecipazione sono disponibili presso l\u2019ufficio del personale dell&#8217;Unione Montana Feltrina in via C. Rizzarda, 21 a Feltre (BL) (tel 0439.310259) e sul sito istituzionale dell&#8217;ente all&#8217;indirizzo:<br \/>\nhttp:\/\/www.feltrino.bl.it\/web\/cmfeltrina nella sezione \u201cBandi di Concorso\u201d.<br \/>\nTermine di scadenza per la presentazione delle domande ore 12:00 del 23\/08\/2021.<\/p>\n<p>\u00c8 indetto concorso per l&#8217;assunzione a tempo indeterminato e pieno di n. 5 istruttori tecnici categoria di accesso C1: uno presso il comune di Lamon (BL), uno presso il comune di Pedavena (BL) e tre presso il comune di Feltre (BL).<br \/>\nLe domande di partecipazione dovranno essere presentate tramite apposita piattaforma dell&#8217;Unione Montana Feltrina, con accesso tramite SPID, secondo le modalit\u00e0 e i termini indicati nel bando.<br \/>\nLe modalit\u00e0&#8217; e i requisiti di partecipazione sono disponibili presso l\u2019ufficio del personale dell&#8217;Unione Montana Feltrina in via C. Rizzarda, 21 a Feltre (BL) (tel 0439.310259) e sul sito istituzionale dell&#8217;ente all&#8217;indirizzo:<br \/>\nhttp:\/\/www.feltrino.bl.it\/web\/cmfeltrina nella sezione \u201cBandi di Concorso\u201d.<br \/>\nTermine di scadenza per la presentazione delle domande ore 12:00 del 23\/08\/2021.<\/p>\n<p>\u00c8 indetto una selezione per il conferimento dell\u2019incarico di responsabile del Servizio Associato Urbanistica\/Edilizia privata ai sensi dell\u2019art. 110 comma 1 del D.Lgs. 267\/2000 e ss.mm.ii. presso l\u2019Unione Montana Feltrina.<br \/>\nLe domande di partecipazione dovranno essere presentate tramite apposita piattaforma dell&#8217;Unione Montana Feltrina, con accesso tramite SPID, secondo le modalit\u00e0 e i termini indicati nel bando.<br \/>\nLe modalit\u00e0&#8217; e i requisiti di partecipazione sono disponibili presso l\u2019ufficio del personale dell&#8217;Unione Montana Feltrina in via C. Rizzarda, 21 a Feltre (BL) (tel 0439.310259) e sul sito istituzionale dell&#8217;ente all&#8217;indirizzo:<br \/>\nhttp:\/\/www.feltrino.bl.it\/web\/cmfeltrina nella sezione \u201cBandi di Concorso\u201d.<br \/>\nTermine di scadenza per la presentazione delle domande ore 12:00 del 20\/08\/2021.<\/p>\n<p>\u00c8 indetto concorso pubblico, per soli esami, per la copertura di n. 1 posto, a tempo pieno e indeterminato, di un collaboratore professionale operaio specializzato, autista di macchine operatrici complesse categoria B3 &#8211; CCNL Funzioni Locali, presso il servizio tecnico manutentivo del comune di Agordo (BL).<br \/>\nLe domande di partecipazione dovranno essere presentate tramite apposita piattaforma dell&#8217;Unione Montana Feltrina, con accesso tramite SPID, secondo le modalit\u00e0 e i termini indicati nel bando.<br \/>\nLe modalit\u00e0&#8217; e i requisiti di partecipazione sono disponibili presso l\u2019ufficio del personale dell&#8217;Unione Montana Feltrina in via C. Rizzarda, 21 a Feltre (BL) (tel 0439.310259) e sul sito istituzionale dell&#8217;ente all&#8217;indirizzo:<br \/>\nhttp:\/\/www.feltrino.bl.it\/web\/cmfeltrina nella sezione \u201cBandi di Concorso\u201d.<br \/>\nTermine di scadenza per la presentazione delle domande ore 12:00 del 23\/08\/2021.<\/p>","protected":false},"excerpt":{"rendered":"<p>\u00c8 indetto concorso pubblico per soli esami per l&#8217;assunzione a tempo indeterminato e pieno di n. 1 Istruttore Direttivo Tecnico categoria di accesso D1 presso l\u2019unit\u00e0 organizzativa protezione civile settore gestione del territorio del Comune di Feltre (BL). Le domande di partecipazione dovranno essere presentate tramite apposita piattaforma dell&#8217;Unione Montana Feltrina, con accesso tramite SPID, [&hellip;]<\/p>\n","protected":false},"author":2,"featured_media":121387,"comment_status":"closed","ping_status":"open","sticky":false,"template":"","format":"standard","meta":{"footnotes":""},"categories":[36,26],"tags":[],"class_list":["post-126206","post","type-post","status-publish","format-standard","has-post-thumbnail","category-lavoro-economia","category-prima-pagina"],"yoast_head":"<!-- This site is optimized with the Yoast SEO plugin v28.4 - https:\/\/yoast.com\/product\/yoast-seo-wordpress\/ -->\n<title>Sette posti al Comune di Feltre e uno ad Agordo. Domande entro il 23 agosto - Bellunopress - Dolomiti<\/title>\n<meta name=\"robots\" content=\"index, follow, max-snippet:-1, max-image-preview:large, max-video-preview:-1\" \/>\n<link rel=\"canonical\" href=\"https:\/\/www.bellunopress.it\/fr\/2021\/07\/21\/sette-posti-al-comune-di-feltre-e-uno-ad-agordo-domande-entro-il-23-agosto\/\" \/>\n<meta property=\"og:locale\" content=\"fr_FR\" \/>\n<meta property=\"og:type\" content=\"article\" \/>\n<meta property=\"og:title\" content=\"Sette posti al Comune di Feltre e uno ad Agordo. Domande entro il 23 agosto - Bellunopress - Dolomiti\" \/>\n<meta property=\"og:description\" content=\"\u00c8 indetto concorso pubblico per soli esami per l&#8217;assunzione a tempo indeterminato e pieno di n. 1 Istruttore Direttivo Tecnico categoria di accesso D1 presso l\u2019unit\u00e0 organizzativa protezione civile settore gestione del territorio del Comune di Feltre (BL). Le domande di partecipazione dovranno essere presentate tramite apposita piattaforma dell&#8217;Unione Montana Feltrina, con accesso tramite SPID, [&hellip;]\" \/>\n<meta property=\"og:url\" content=\"https:\/\/www.bellunopress.it\/fr\/2021\/07\/21\/sette-posti-al-comune-di-feltre-e-uno-ad-agordo-domande-entro-il-23-agosto\/\" \/>\n<meta property=\"og:site_name\" content=\"Bellunopress - Dolomiti\" \/>\n<meta property=\"article:publisher\" content=\"https:\/\/www.facebook.com\/profile.php?id=100008943462799\" \/>\n<meta property=\"article:published_time\" content=\"2021-07-21T18:58:47+00:00\" \/>\n<meta property=\"og:image\" content=\"https:\/\/www.bellunopress.it\/wp-content\/uploads\/2021\/02\/Labito-fa-il-monaco-in-un-colloquio-di-lavoro-cosa-fa-la-differenza.jpg\" \/>\n\t<meta property=\"og:image:width\" content=\"1000\" \/>\n\t<meta property=\"og:image:height\" content=\"500\" \/>\n\t<meta property=\"og:image:type\" content=\"image\/jpeg\" \/>\n<meta name=\"author\" content=\"redazione\" \/>\n<meta name=\"twitter:card\" content=\"summary_large_image\" \/>\n<meta name=\"twitter:creator\" content=\"@bellunopress\" \/>\n<meta name=\"twitter:site\" content=\"@bellunopress\" \/>\n<meta name=\"twitter:label1\" content=\"\u00c9crit par\" \/>\n\t<meta name=\"twitter:data1\" content=\"redazione\" \/>\n\t<meta name=\"twitter:label2\" content=\"Dur\u00e9e de lecture estim\u00e9e\" \/>\n\t<meta name=\"twitter:data2\" content=\"3 minutes\" \/>\n<script type=\"application\/ld+json\" class=\"yoast-schema-graph\">{\"@context\":\"https:\\\/\\\/schema.org\",\"@graph\":[{\"@type\":\"Article\",\"@id\":\"https:\\\/\\\/www.bellunopress.it\\\/2021\\\/07\\\/21\\\/sette-posti-al-comune-di-feltre-e-uno-ad-agordo-domande-entro-il-23-agosto\\\/#article\",\"isPartOf\":{\"@id\":\"https:\\\/\\\/www.bellunopress.it\\\/2021\\\/07\\\/21\\\/sette-posti-al-comune-di-feltre-e-uno-ad-agordo-domande-entro-il-23-agosto\\\/\"},\"author\":{\"name\":\"redazione\",\"@id\":\"https:\\\/\\\/www.bellunopress.it\\\/#\\\/schema\\\/person\\\/79bb06722b37ece1c03d3e94beb30d73\"},\"headline\":\"Sette posti al Comune di Feltre e uno ad Agordo. Domande entro il 23 agosto\",\"datePublished\":\"2021-07-21T18:58:47+00:00\",\"mainEntityOfPage\":{\"@id\":\"https:\\\/\\\/www.bellunopress.it\\\/2021\\\/07\\\/21\\\/sette-posti-al-comune-di-feltre-e-uno-ad-agordo-domande-entro-il-23-agosto\\\/\"},\"wordCount\":501,\"publisher\":{\"@id\":\"https:\\\/\\\/www.bellunopress.it\\\/#organization\"},\"image\":{\"@id\":\"https:\\\/\\\/www.bellunopress.it\\\/2021\\\/07\\\/21\\\/sette-posti-al-comune-di-feltre-e-uno-ad-agordo-domande-entro-il-23-agosto\\\/#primaryimage\"},\"thumbnailUrl\":\"https:\\\/\\\/www.bellunopress.it\\\/wp-content\\\/uploads\\\/2021\\\/02\\\/Labito-fa-il-monaco-in-un-colloquio-di-lavoro-cosa-fa-la-differenza.jpg\",\"articleSection\":[\"Lavoro, Economia, Turismo\",\"Prima Pagina\"],\"inLanguage\":\"fr-FR\"},{\"@type\":\"WebPage\",\"@id\":\"https:\\\/\\\/www.bellunopress.it\\\/2021\\\/07\\\/21\\\/sette-posti-al-comune-di-feltre-e-uno-ad-agordo-domande-entro-il-23-agosto\\\/\",\"url\":\"https:\\\/\\\/www.bellunopress.it\\\/2021\\\/07\\\/21\\\/sette-posti-al-comune-di-feltre-e-uno-ad-agordo-domande-entro-il-23-agosto\\\/\",\"name\":\"Sette posti al Comune di Feltre e uno ad Agordo. Domande entro il 23 agosto - Bellunopress - Dolomiti\",\"isPartOf\":{\"@id\":\"https:\\\/\\\/www.bellunopress.it\\\/#website\"},\"primaryImageOfPage\":{\"@id\":\"https:\\\/\\\/www.bellunopress.it\\\/2021\\\/07\\\/21\\\/sette-posti-al-comune-di-feltre-e-uno-ad-agordo-domande-entro-il-23-agosto\\\/#primaryimage\"},\"image\":{\"@id\":\"https:\\\/\\\/www.bellunopress.it\\\/2021\\\/07\\\/21\\\/sette-posti-al-comune-di-feltre-e-uno-ad-agordo-domande-entro-il-23-agosto\\\/#primaryimage\"},\"thumbnailUrl\":\"https:\\\/\\\/www.bellunopress.it\\\/wp-content\\\/uploads\\\/2021\\\/02\\\/Labito-fa-il-monaco-in-un-colloquio-di-lavoro-cosa-fa-la-differenza.jpg\",\"datePublished\":\"2021-07-21T18:58:47+00:00\",\"breadcrumb\":{\"@id\":\"https:\\\/\\\/www.bellunopress.it\\\/2021\\\/07\\\/21\\\/sette-posti-al-comune-di-feltre-e-uno-ad-agordo-domande-entro-il-23-agosto\\\/#breadcrumb\"},\"inLanguage\":\"fr-FR\",\"potentialAction\":[{\"@type\":\"ReadAction\",\"target\":[\"https:\\\/\\\/www.bellunopress.it\\\/2021\\\/07\\\/21\\\/sette-posti-al-comune-di-feltre-e-uno-ad-agordo-domande-entro-il-23-agosto\\\/\"]}]},{\"@type\":\"ImageObject\",\"inLanguage\":\"fr-FR\",\"@id\":\"https:\\\/\\\/www.bellunopress.it\\\/2021\\\/07\\\/21\\\/sette-posti-al-comune-di-feltre-e-uno-ad-agordo-domande-entro-il-23-agosto\\\/#primaryimage\",\"url\":\"https:\\\/\\\/www.bellunopress.it\\\/wp-content\\\/uploads\\\/2021\\\/02\\\/Labito-fa-il-monaco-in-un-colloquio-di-lavoro-cosa-fa-la-differenza.jpg\",\"contentUrl\":\"https:\\\/\\\/www.bellunopress.it\\\/wp-content\\\/uploads\\\/2021\\\/02\\\/Labito-fa-il-monaco-in-un-colloquio-di-lavoro-cosa-fa-la-differenza.jpg\",\"width\":1000,\"height\":500},{\"@type\":\"BreadcrumbList\",\"@id\":\"https:\\\/\\\/www.bellunopress.it\\\/2021\\\/07\\\/21\\\/sette-posti-al-comune-di-feltre-e-uno-ad-agordo-domande-entro-il-23-agosto\\\/#breadcrumb\",\"itemListElement\":[{\"@type\":\"ListItem\",\"position\":1,\"name\":\"Home\",\"item\":\"https:\\\/\\\/www.bellunopress.it\\\/\"},{\"@type\":\"ListItem\",\"position\":2,\"name\":\"Sette posti al Comune di Feltre e uno ad Agordo. Domande entro il 23 agosto\"}]},{\"@type\":\"WebSite\",\"@id\":\"https:\\\/\\\/www.bellunopress.it\\\/#website\",\"url\":\"https:\\\/\\\/www.bellunopress.it\\\/\",\"name\":\"Bellunopress - Dolomiti\",\"description\":\"e-mail: redazione@bellunopress.it\",\"publisher\":{\"@id\":\"https:\\\/\\\/www.bellunopress.it\\\/#organization\"},\"potentialAction\":[{\"@type\":\"SearchAction\",\"target\":{\"@type\":\"EntryPoint\",\"urlTemplate\":\"https:\\\/\\\/www.bellunopress.it\\\/?s={search_term_string}\"},\"query-input\":{\"@type\":\"PropertyValueSpecification\",\"valueRequired\":true,\"valueName\":\"search_term_string\"}}],\"inLanguage\":\"fr-FR\"},{\"@type\":\"Organization\",\"@id\":\"https:\\\/\\\/www.bellunopress.it\\\/#organization\",\"name\":\"Bellunopress\",\"url\":\"https:\\\/\\\/www.bellunopress.it\\\/\",\"logo\":{\"@type\":\"ImageObject\",\"inLanguage\":\"fr-FR\",\"@id\":\"https:\\\/\\\/www.bellunopress.it\\\/#\\\/schema\\\/logo\\\/image\\\/\",\"url\":\"https:\\\/\\\/www.bellunopress.it\\\/wp-content\\\/uploads\\\/2011\\\/05\\\/cropped-logo-bellunopress-.jpg\",\"contentUrl\":\"https:\\\/\\\/www.bellunopress.it\\\/wp-content\\\/uploads\\\/2011\\\/05\\\/cropped-logo-bellunopress-.jpg\",\"width\":512,\"height\":512,\"caption\":\"Bellunopress\"},\"image\":{\"@id\":\"https:\\\/\\\/www.bellunopress.it\\\/#\\\/schema\\\/logo\\\/image\\\/\"},\"sameAs\":[\"https:\\\/\\\/www.facebook.com\\\/profile.php?id=100008943462799\",\"https:\\\/\\\/x.com\\\/bellunopress\",\"https:\\\/\\\/www.linkedin.com\\\/hp\\\/?dnr=JBzUWaJfMUw8vbXJJ2tVW5-I3jZKvC4wsoxE&amp;amp;amp;amp;amp;amp;trk=nav_responsive_tab_home\",\"https:\\\/\\\/www.youtube.com\\\/channel\\\/UCxL0wu1uN0_3_7hGG0306cw\"]},{\"@type\":\"Person\",\"@id\":\"https:\\\/\\\/www.bellunopress.it\\\/#\\\/schema\\\/person\\\/79bb06722b37ece1c03d3e94beb30d73\",\"name\":\"redazione\",\"image\":{\"@type\":\"ImageObject\",\"inLanguage\":\"fr-FR\",\"@id\":\"https:\\\/\\\/secure.gravatar.com\\\/avatar\\\/37d968a2e67a6fd04c169c4bdef102d0bc5d31b2546345219e348575eb80e9a0?s=96&d=mm&r=g\",\"url\":\"https:\\\/\\\/secure.gravatar.com\\\/avatar\\\/37d968a2e67a6fd04c169c4bdef102d0bc5d31b2546345219e348575eb80e9a0?s=96&d=mm&r=g\",\"contentUrl\":\"https:\\\/\\\/secure.gravatar.com\\\/avatar\\\/37d968a2e67a6fd04c169c4bdef102d0bc5d31b2546345219e348575eb80e9a0?s=96&d=mm&r=g\",\"caption\":\"redazione\"},\"sameAs\":[\"http:\\\/\\\/www.bellunopress.it\",\"https:\\\/\\\/x.com\\\/bellunopress\"],\"url\":\"https:\\\/\\\/www.bellunopress.it\\\/fr\\\/author\\\/redazione\\\/\"}]}<\/script>\n<!-- \/ Yoast SEO plugin. -->","yoast_head_json":{"title":"Sette posti al Comune di Feltre e uno ad Agordo. Domande entro il 23 agosto - Bellunopress - Dolomiti","robots":{"index":"index","follow":"follow","max-snippet":"max-snippet:-1","max-image-preview":"max-image-preview:large","max-video-preview":"max-video-preview:-1"},"canonical":"https:\/\/www.bellunopress.it\/fr\/2021\/07\/21\/sette-posti-al-comune-di-feltre-e-uno-ad-agordo-domande-entro-il-23-agosto\/","og_locale":"fr_FR","og_type":"article","og_title":"Sette posti al Comune di Feltre e uno ad Agordo. Domande entro il 23 agosto - Bellunopress - Dolomiti","og_description":"\u00c8 indetto concorso pubblico per soli esami per l&#8217;assunzione a tempo indeterminato e pieno di n. 1 Istruttore Direttivo Tecnico categoria di accesso D1 presso l\u2019unit\u00e0 organizzativa protezione civile settore gestione del territorio del Comune di Feltre (BL). Le domande di partecipazione dovranno essere presentate tramite apposita piattaforma dell&#8217;Unione Montana Feltrina, con accesso tramite SPID, [&hellip;]","og_url":"https:\/\/www.bellunopress.it\/fr\/2021\/07\/21\/sette-posti-al-comune-di-feltre-e-uno-ad-agordo-domande-entro-il-23-agosto\/","og_site_name":"Bellunopress - Dolomiti","article_publisher":"https:\/\/www.facebook.com\/profile.php?id=100008943462799","article_published_time":"2021-07-21T18:58:47+00:00","og_image":[{"width":1000,"height":500,"url":"https:\/\/www.bellunopress.it\/wp-content\/uploads\/2021\/02\/Labito-fa-il-monaco-in-un-colloquio-di-lavoro-cosa-fa-la-differenza.jpg","type":"image\/jpeg"}],"author":"redazione","twitter_card":"summary_large_image","twitter_creator":"@bellunopress","twitter_site":"@bellunopress","twitter_misc":{"\u00c9crit par":"redazione","Dur\u00e9e de lecture estim\u00e9e":"3 minutes"},"schema":{"@context":"https:\/\/schema.org","@graph":[{"@type":"Article","@id":"https:\/\/www.bellunopress.it\/2021\/07\/21\/sette-posti-al-comune-di-feltre-e-uno-ad-agordo-domande-entro-il-23-agosto\/#article","isPartOf":{"@id":"https:\/\/www.bellunopress.it\/2021\/07\/21\/sette-posti-al-comune-di-feltre-e-uno-ad-agordo-domande-entro-il-23-agosto\/"},"author":{"name":"redazione","@id":"https:\/\/www.bellunopress.it\/#\/schema\/person\/79bb06722b37ece1c03d3e94beb30d73"},"headline":"Sette posti al Comune di Feltre e uno ad Agordo. Domande entro il 23 agosto","datePublished":"2021-07-21T18:58:47+00:00","mainEntityOfPage":{"@id":"https:\/\/www.bellunopress.it\/2021\/07\/21\/sette-posti-al-comune-di-feltre-e-uno-ad-agordo-domande-entro-il-23-agosto\/"},"wordCount":501,"publisher":{"@id":"https:\/\/www.bellunopress.it\/#organization"},"image":{"@id":"https:\/\/www.bellunopress.it\/2021\/07\/21\/sette-posti-al-comune-di-feltre-e-uno-ad-agordo-domande-entro-il-23-agosto\/#primaryimage"},"thumbnailUrl":"https:\/\/www.bellunopress.it\/wp-content\/uploads\/2021\/02\/Labito-fa-il-monaco-in-un-colloquio-di-lavoro-cosa-fa-la-differenza.jpg","articleSection":["Lavoro, Economia, Turismo","Prima Pagina"],"inLanguage":"fr-FR"},{"@type":"WebPage","@id":"https:\/\/www.bellunopress.it\/2021\/07\/21\/sette-posti-al-comune-di-feltre-e-uno-ad-agordo-domande-entro-il-23-agosto\/","url":"https:\/\/www.bellunopress.it\/2021\/07\/21\/sette-posti-al-comune-di-feltre-e-uno-ad-agordo-domande-entro-il-23-agosto\/","name":"Sette posti al Comune di Feltre e uno ad Agordo. Domande entro il 23 agosto - Bellunopress - Dolomiti","isPartOf":{"@id":"https:\/\/www.bellunopress.it\/#website"},"primaryImageOfPage":{"@id":"https:\/\/www.bellunopress.it\/2021\/07\/21\/sette-posti-al-comune-di-feltre-e-uno-ad-agordo-domande-entro-il-23-agosto\/#primaryimage"},"image":{"@id":"https:\/\/www.bellunopress.it\/2021\/07\/21\/sette-posti-al-comune-di-feltre-e-uno-ad-agordo-domande-entro-il-23-agosto\/#primaryimage"},"thumbnailUrl":"https:\/\/www.bellunopress.it\/wp-content\/uploads\/2021\/02\/Labito-fa-il-monaco-in-un-colloquio-di-lavoro-cosa-fa-la-differenza.jpg","datePublished":"2021-07-21T18:58:47+00:00","breadcrumb":{"@id":"https:\/\/www.bellunopress.it\/2021\/07\/21\/sette-posti-al-comune-di-feltre-e-uno-ad-agordo-domande-entro-il-23-agosto\/#breadcrumb"},"inLanguage":"fr-FR","potentialAction":[{"@type":"ReadAction","target":["https:\/\/www.bellunopress.it\/2021\/07\/21\/sette-posti-al-comune-di-feltre-e-uno-ad-agordo-domande-entro-il-23-agosto\/"]}]},{"@type":"ImageObject","inLanguage":"fr-FR","@id":"https:\/\/www.bellunopress.it\/2021\/07\/21\/sette-posti-al-comune-di-feltre-e-uno-ad-agordo-domande-entro-il-23-agosto\/#primaryimage","url":"https:\/\/www.bellunopress.it\/wp-content\/uploads\/2021\/02\/Labito-fa-il-monaco-in-un-colloquio-di-lavoro-cosa-fa-la-differenza.jpg","contentUrl":"https:\/\/www.bellunopress.it\/wp-content\/uploads\/2021\/02\/Labito-fa-il-monaco-in-un-colloquio-di-lavoro-cosa-fa-la-differenza.jpg","width":1000,"height":500},{"@type":"BreadcrumbList","@id":"https:\/\/www.bellunopress.it\/2021\/07\/21\/sette-posti-al-comune-di-feltre-e-uno-ad-agordo-domande-entro-il-23-agosto\/#breadcrumb","itemListElement":[{"@type":"ListItem","position":1,"name":"Home","item":"https:\/\/www.bellunopress.it\/"},{"@type":"ListItem","position":2,"name":"Sette posti al Comune di Feltre e uno ad Agordo. Domande entro il 23 agosto"}]},{"@type":"WebSite","@id":"https:\/\/www.bellunopress.it\/#website","url":"https:\/\/www.bellunopress.it\/","name":"Bellunopress - Dolomiti","description":"e-mail: redazione@bellunopress.it","publisher":{"@id":"https:\/\/www.bellunopress.it\/#organization"},"potentialAction":[{"@type":"SearchAction","target":{"@type":"EntryPoint","urlTemplate":"https:\/\/www.bellunopress.it\/?s={search_term_string}"},"query-input":{"@type":"PropertyValueSpecification","valueRequired":true,"valueName":"search_term_string"}}],"inLanguage":"fr-FR"},{"@type":"Organization","@id":"https:\/\/www.bellunopress.it\/#organization","name":"Bellunopress","url":"https:\/\/www.bellunopress.it\/","logo":{"@type":"ImageObject","inLanguage":"fr-FR","@id":"https:\/\/www.bellunopress.it\/#\/schema\/logo\/image\/","url":"https:\/\/www.bellunopress.it\/wp-content\/uploads\/2011\/05\/cropped-logo-bellunopress-.jpg","contentUrl":"https:\/\/www.bellunopress.it\/wp-content\/uploads\/2011\/05\/cropped-logo-bellunopress-.jpg","width":512,"height":512,"caption":"Bellunopress"},"image":{"@id":"https:\/\/www.bellunopress.it\/#\/schema\/logo\/image\/"},"sameAs":["https:\/\/www.facebook.com\/profile.php?id=100008943462799","https:\/\/x.com\/bellunopress","https:\/\/www.linkedin.com\/hp\/?dnr=JBzUWaJfMUw8vbXJJ2tVW5-I3jZKvC4wsoxE&amp;amp;amp;amp;amp;amp;trk=nav_responsive_tab_home","https:\/\/www.youtube.com\/channel\/UCxL0wu1uN0_3_7hGG0306cw"]},{"@type":"Person","@id":"https:\/\/www.bellunopress.it\/#\/schema\/person\/79bb06722b37ece1c03d3e94beb30d73","name":"r\u00e9daction","image":{"@type":"ImageObject","inLanguage":"fr-FR","@id":"https:\/\/secure.gravatar.com\/avatar\/37d968a2e67a6fd04c169c4bdef102d0bc5d31b2546345219e348575eb80e9a0?s=96&d=mm&r=g","url":"https:\/\/secure.gravatar.com\/avatar\/37d968a2e67a6fd04c169c4bdef102d0bc5d31b2546345219e348575eb80e9a0?s=96&d=mm&r=g","contentUrl":"https:\/\/secure.gravatar.com\/avatar\/37d968a2e67a6fd04c169c4bdef102d0bc5d31b2546345219e348575eb80e9a0?s=96&d=mm&r=g","caption":"redazione"},"sameAs":["http:\/\/www.bellunopress.it","https:\/\/x.com\/bellunopress"],"url":"https:\/\/www.bellunopress.it\/fr\/author\/redazione\/"}]}},"_links":{"self":[{"href":"https:\/\/www.bellunopress.it\/fr\/wp-json\/wp\/v2\/posts\/126206","targetHints":{"allow":["GET"]}}],"collection":[{"href":"https:\/\/www.bellunopress.it\/fr\/wp-json\/wp\/v2\/posts"}],"about":[{"href":"https:\/\/www.bellunopress.it\/fr\/wp-json\/wp\/v2\/types\/post"}],"author":[{"embeddable":true,"href":"https:\/\/www.bellunopress.it\/fr\/wp-json\/wp\/v2\/users\/2"}],"replies":[{"embeddable":true,"href":"https:\/\/www.bellunopress.it\/fr\/wp-json\/wp\/v2\/comments?post=126206"}],"version-history":[{"count":1,"href":"https:\/\/www.bellunopress.it\/fr\/wp-json\/wp\/v2\/posts\/126206\/revisions"}],"predecessor-version":[{"id":126207,"href":"https:\/\/www.bellunopress.it\/fr\/wp-json\/wp\/v2\/posts\/126206\/revisions\/126207"}],"wp:featuredmedia":[{"embeddable":true,"href":"https:\/\/www.bellunopress.it\/fr\/wp-json\/wp\/v2\/media\/121387"}],"wp:attachment":[{"href":"https:\/\/www.bellunopress.it\/fr\/wp-json\/wp\/v2\/media?parent=126206"}],"wp:term":[{"taxonomy":"category","embeddable":true,"href":"https:\/\/www.bellunopress.it\/fr\/wp-json\/wp\/v2\/categories?post=126206"},{"taxonomy":"post_tag","embeddable":true,"href":"https:\/\/www.bellunopress.it\/fr\/wp-json\/wp\/v2\/tags?post=126206"}],"curies":[{"name":"wp","href":"https:\/\/api.w.org\/{rel}","templated":true}]}}