{"id":125970,"date":"2021-07-12T16:08:24","date_gmt":"2021-07-12T14:08:24","guid":{"rendered":"https:\/\/www.bellunopress.it\/?p=125970"},"modified":"2021-07-12T16:08:27","modified_gmt":"2021-07-12T14:08:27","slug":"domenica-18-luglio-visita-al-sito-di-cor-con-il-gruppo-fai-giovani-di-belluno","status":"publish","type":"post","link":"https:\/\/www.bellunopress.it\/fr\/2021\/07\/12\/domenica-18-luglio-visita-al-sito-di-cor-con-il-gruppo-fai-giovani-di-belluno\/","title":{"rendered":"Domenica 18 luglio visita al sito di Cor con il Gruppo Fai Giovani di Belluno"},"content":{"rendered":"<p><a href=\"https:\/\/www.bellunopress.it\/fr\/2016\/05\/06\/gruppo-fai-giovani-belluno-si-presenta-sabato-ore-15-30-al-seminario-gregoriano\/fai-fondo-ambiente-italiano-giovani-belluno\/\" rel=\"attachment wp-att-77429\"><img loading=\"lazy\" decoding=\"async\" class=\"alignleft size-full wp-image-77429\" src=\"https:\/\/www.bellunopress.it\/wp-content\/uploads\/2016\/05\/Fai-fondo-ambiente-italiano-Giovani-belluno.jpg\" alt=\"\" width=\"190\" height=\"153\" \/><\/a>Torna l\u2019appuntamento veneto con il festival \u201cFai un giro in Villa\u201d, organizzato dalla Presidenza FAI Veneto e dai Gruppi FAI Giovani della regione. Questa edizione in presenza vuole essere una gioiosa condivisione, un momento di festa in cui riappropriarsi del territorio e del suo patrimonio storico, artistico e culturale, attraverso l\u2019offerta di visite a ville e giardini del Veneto, che i Gruppi Giovani del FAI Veneto organizzano, in tutta sicurezza e nel rispetto delle normative vigenti.<\/p>\n<p>Il gruppo FAI Giovani di Belluno ha scelto, per la giornata di domenica 18 luglio, di far conoscere e valorizzare l\u2019ameno sito di Cor, nel territorio dell\u2019antica pieve di Castion, vicino ai villaggi di Castoi e di Visome, in un suggestivo contesto paesaggistico di campi coltivati, vigneti e boschi. Qui nel periodo altomedievale, in un colle a gradoni artificiali ancora ben visibile, \u00e8 stato costruito un castello, in posizione panoramica e strategica, con un controllo su tutta la Valbelluna e sulle altre fortificazioni che costellavano il territorio a destra e a sinistra del Piave, come i castelli di S. Pietro in Tuba e Castellione (Castion).<\/p>\n<p><a href=\"https:\/\/www.bellunopress.it\/fr\/2021\/07\/12\/domenica-18-luglio-visita-al-sito-di-cor-con-il-gruppo-fai-giovani-di-belluno\/fortificazione-villa-sito-cor-fai-belluno\/\" rel=\"attachment wp-att-125971\"><img loading=\"lazy\" decoding=\"async\" class=\"alignleft size-full wp-image-125971\" src=\"https:\/\/www.bellunopress.it\/wp-content\/uploads\/2021\/07\/Fortificazione-villa-sito-Cor-Fai-Belluno.jpg\" alt=\"\" width=\"800\" height=\"601\" srcset=\"https:\/\/www.bellunopress.it\/wp-content\/uploads\/2021\/07\/Fortificazione-villa-sito-Cor-Fai-Belluno.jpg 800w, https:\/\/www.bellunopress.it\/wp-content\/uploads\/2021\/07\/Fortificazione-villa-sito-Cor-Fai-Belluno-500x376.jpg 500w, https:\/\/www.bellunopress.it\/wp-content\/uploads\/2021\/07\/Fortificazione-villa-sito-Cor-Fai-Belluno-696x523.jpg 696w, https:\/\/www.bellunopress.it\/wp-content\/uploads\/2021\/07\/Fortificazione-villa-sito-Cor-Fai-Belluno-559x420.jpg 559w, https:\/\/www.bellunopress.it\/wp-content\/uploads\/2021\/07\/Fortificazione-villa-sito-Cor-Fai-Belluno-80x60.jpg 80w, https:\/\/www.bellunopress.it\/wp-content\/uploads\/2021\/07\/Fortificazione-villa-sito-Cor-Fai-Belluno-265x198.jpg 265w\" sizes=\"auto, (max-width: 800px) 100vw, 800px\" \/><\/a>Quello che oggi si pu\u00f2 vedere di questo importante sito archeologico \u00e8 il basamento delle murature esterne, parte di una probabile cinta muraria difensiva, sulla sommit\u00e0 appiattita del piccolo colle: gli scavi e i rilievi, condotti dall\u2019architetto Mauro Vedana negli anni \u201970, hanno dimostrato che si trattava di un edificio con pi\u00f9 vani, che ne sovrasta uno pi\u00f9 antico, con muratura a sassi e calce intonacata dallo spessore di 1,25 metri. All\u2019esterno vi era un pozzo con cisterna, coevo all\u2019edificio. La pianta dell\u2019antico fortilizio mostra una soluzione \u2013 accesso diagonale tra torre e castello \u2013 che secondo alcuni studiosi (come Luisa Alpago Novello e Marco Perale) \u00e8 riconducibile a molte fortificazioni bizantine della prima met\u00e0 del VI secolo.<\/p>\n<p>Cessata la funzione difensiva, il castello di Cor and\u00f2 lentamente in rovina fino a che, stabilita una pace duratura dopo la conquista di Venezia del 1420, con i resti di questo rudere, fu edificata la villa che rimase di propriet\u00e0 della famiglia Barpo fino al 1597. Successivamente pass\u00f2 ai Miari fino al 1805 per poi diventare di propriet\u00e0 degli Zasso che la trasformarono in azienda agricola. Alla fine degli anni \u201880 del secolo scorso venne recuperata e sapientemente restaurata dalla famiglia Zampieri. In una stanza della villa sono emersi alcuni affreschi databili al Cinquecento con scene mitologiche, opera di un pittore del manierismo centro-italiano, studiati da Massimo De Grassi. Vicino alla villa si trova la chiesetta di San Benedetto, di origini molto antiche (viene citata nel 1197) ma ricostruita nel 1889. All\u2019interno si pu\u00f2 vedere un altare ligneo intagliato e dorato del 1679 e una pala d\u2019altare ottocentesca (forse di Girolamo Moech) che visualizza il santo titolare e ai lati Giovanni Battista e Caterina d\u2019Alessandria.<\/p>\n<p>Dalle frequentazioni pre-romane, alle lotte tra bizantini e longobardi, alla costruzione di villa Barpo: il piccolo borgo di Cor \u00e8 un concentrato di storia di fondamentale importanza per la Valbelluna, di cui si scopriranno origini e sviluppo, nonch\u00e9 alcune leggende, passeggiando per i giardini della Villa in compagnia dei narratori.<br \/>\nGli organizzatori riferiscono che il ritrovo \u00e8 nella corte antistante Villa Barpo-Miari-Zampieri; viene richiesta la massima puntualit\u00e0 rispetto all&#8217;orario scelto per la visita trattandosi di gruppi organizzati.<\/p>\n<p>L\u2019evento \u00e8 aperto a tutti con contributo a partire da \u20ac 7,00 (\u20ac 5,00 per gli iscritti FAI). La prenotazione non \u00e8 obbligatoria ma consigliata a questo link https:\/\/faiprenotazioni.fondoambiente.it\/, dato che non sar\u00e0 possibile svolgere la visita in autonomia ma solo nei gruppi organizzati a numero chiuso. I contributi raccolti in occasione dell\u2019evento saranno destinati alla Malga di Fontana Secca, un nuovo bene FAI in fase di ristrutturazione presso il Monte Fontana Secca e Col de Spadar\u00f2t a quota 1461m.<br \/>\nCi sar\u00e0 la possibilit\u00e0 di iscriversi al FAI in loco, o di rinnovare la propria iscrizione, alla quota di benvenuto FAI Giovani di \u20ac 15,00 dai 18 ai 35 anni. Per informazioni scrivere a belluno@faigiovani.fondoambiente.it.<\/p>\n<div>Ulteriori informazioni storiche sul castello e sulla villa ai due articoli on line scritti da due volontari del FAI Giovani, Antonio Gheno e Jacopo De Pasquale.<\/div>\n<div><a id=\"LPlnk\" href=\"https:\/\/ilveses.com\/villa-barpo-miari-zampieri\/\" target=\"_blank\" rel=\"noopener noreferrer\">https:\/\/ilveses.com\/villa-barpo-miari-zampieri\/<\/a><\/div>\n<div><a id=\"LPlnk878413\" href=\"http:\/\/patrimonio.museodolom.it\/exhibits\/show\/coreiltesoroperduto\" target=\"_blank\" rel=\"noopener noreferrer\">http:\/\/patrimonio.museodolom.it\/exhibits\/show\/coreiltesoroperduto<\/a><\/div>","protected":false},"excerpt":{"rendered":"<p>Torna l\u2019appuntamento veneto con il festival \u201cFai un giro in Villa\u201d, organizzato dalla Presidenza FAI Veneto e dai Gruppi FAI Giovani della regione. Questa edizione in presenza vuole essere una gioiosa condivisione, un momento di festa in cui riappropriarsi del territorio e del suo patrimonio storico, artistico e culturale, attraverso l\u2019offerta di visite a ville [&hellip;]<\/p>\n","protected":false},"author":2,"featured_media":125971,"comment_status":"closed","ping_status":"open","sticky":false,"template":"","format":"standard","meta":{"footnotes":""},"categories":[27,3,3446,25],"tags":[],"class_list":["post-125970","post","type-post","status-publish","format-standard","has-post-thumbnail","category-appuntamenti","category-arte-cultura-spettacoli-scienza-archivi","category-featured","category-pausa-caffe"],"yoast_head":"<!-- This site is optimized with the Yoast SEO plugin v28.4 - https:\/\/yoast.com\/product\/yoast-seo-wordpress\/ -->\n<title>Domenica 18 luglio visita al sito di Cor con il Gruppo Fai Giovani di Belluno - Bellunopress - Dolomiti<\/title>\n<meta name=\"robots\" content=\"index, follow, max-snippet:-1, max-image-preview:large, max-video-preview:-1\" \/>\n<link rel=\"canonical\" href=\"https:\/\/www.bellunopress.it\/fr\/2021\/07\/12\/domenica-18-luglio-visita-al-sito-di-cor-con-il-gruppo-fai-giovani-di-belluno\/\" \/>\n<meta property=\"og:locale\" content=\"fr_FR\" \/>\n<meta property=\"og:type\" content=\"article\" \/>\n<meta property=\"og:title\" content=\"Domenica 18 luglio visita al sito di Cor con il Gruppo Fai Giovani di Belluno - Bellunopress - Dolomiti\" \/>\n<meta property=\"og:description\" content=\"Torna l\u2019appuntamento veneto con il festival \u201cFai un giro in Villa\u201d, organizzato dalla Presidenza FAI Veneto e dai Gruppi FAI Giovani della regione. Questa edizione in presenza vuole essere una gioiosa condivisione, un momento di festa in cui riappropriarsi del territorio e del suo patrimonio storico, artistico e culturale, attraverso l\u2019offerta di visite a ville [&hellip;]\" \/>\n<meta property=\"og:url\" content=\"https:\/\/www.bellunopress.it\/fr\/2021\/07\/12\/domenica-18-luglio-visita-al-sito-di-cor-con-il-gruppo-fai-giovani-di-belluno\/\" \/>\n<meta property=\"og:site_name\" content=\"Bellunopress - Dolomiti\" \/>\n<meta property=\"article:publisher\" content=\"https:\/\/www.facebook.com\/profile.php?id=100008943462799\" \/>\n<meta property=\"article:published_time\" content=\"2021-07-12T14:08:24+00:00\" \/>\n<meta property=\"article:modified_time\" content=\"2021-07-12T14:08:27+00:00\" \/>\n<meta property=\"og:image\" content=\"https:\/\/www.bellunopress.it\/wp-content\/uploads\/2021\/07\/Fortificazione-villa-sito-Cor-Fai-Belluno.jpg\" \/>\n\t<meta property=\"og:image:width\" content=\"800\" \/>\n\t<meta property=\"og:image:height\" content=\"601\" \/>\n\t<meta property=\"og:image:type\" content=\"image\/jpeg\" \/>\n<meta name=\"author\" content=\"redazione\" \/>\n<meta name=\"twitter:card\" content=\"summary_large_image\" \/>\n<meta name=\"twitter:creator\" content=\"@bellunopress\" \/>\n<meta name=\"twitter:site\" content=\"@bellunopress\" \/>\n<meta name=\"twitter:label1\" content=\"\u00c9crit par\" \/>\n\t<meta name=\"twitter:data1\" content=\"redazione\" \/>\n\t<meta name=\"twitter:label2\" content=\"Dur\u00e9e de lecture estim\u00e9e\" \/>\n\t<meta name=\"twitter:data2\" content=\"4 minutes\" \/>\n<script type=\"application\/ld+json\" class=\"yoast-schema-graph\">{\"@context\":\"https:\\\/\\\/schema.org\",\"@graph\":[{\"@type\":\"Article\",\"@id\":\"https:\\\/\\\/www.bellunopress.it\\\/2021\\\/07\\\/12\\\/domenica-18-luglio-visita-al-sito-di-cor-con-il-gruppo-fai-giovani-di-belluno\\\/#article\",\"isPartOf\":{\"@id\":\"https:\\\/\\\/www.bellunopress.it\\\/2021\\\/07\\\/12\\\/domenica-18-luglio-visita-al-sito-di-cor-con-il-gruppo-fai-giovani-di-belluno\\\/\"},\"author\":{\"name\":\"redazione\",\"@id\":\"https:\\\/\\\/www.bellunopress.it\\\/#\\\/schema\\\/person\\\/79bb06722b37ece1c03d3e94beb30d73\"},\"headline\":\"Domenica 18 luglio visita al sito di Cor con il Gruppo Fai Giovani di Belluno\",\"datePublished\":\"2021-07-12T14:08:24+00:00\",\"dateModified\":\"2021-07-12T14:08:27+00:00\",\"mainEntityOfPage\":{\"@id\":\"https:\\\/\\\/www.bellunopress.it\\\/2021\\\/07\\\/12\\\/domenica-18-luglio-visita-al-sito-di-cor-con-il-gruppo-fai-giovani-di-belluno\\\/\"},\"wordCount\":701,\"publisher\":{\"@id\":\"https:\\\/\\\/www.bellunopress.it\\\/#organization\"},\"image\":{\"@id\":\"https:\\\/\\\/www.bellunopress.it\\\/2021\\\/07\\\/12\\\/domenica-18-luglio-visita-al-sito-di-cor-con-il-gruppo-fai-giovani-di-belluno\\\/#primaryimage\"},\"thumbnailUrl\":\"https:\\\/\\\/www.bellunopress.it\\\/wp-content\\\/uploads\\\/2021\\\/07\\\/Fortificazione-villa-sito-Cor-Fai-Belluno.jpg\",\"articleSection\":[\"Appuntamenti, Eventi\",\"Arte, Cultura, Spettacoli, Scienza\",\"Featured\",\"Pausa Caff\u00e8\"],\"inLanguage\":\"fr-FR\"},{\"@type\":\"WebPage\",\"@id\":\"https:\\\/\\\/www.bellunopress.it\\\/2021\\\/07\\\/12\\\/domenica-18-luglio-visita-al-sito-di-cor-con-il-gruppo-fai-giovani-di-belluno\\\/\",\"url\":\"https:\\\/\\\/www.bellunopress.it\\\/2021\\\/07\\\/12\\\/domenica-18-luglio-visita-al-sito-di-cor-con-il-gruppo-fai-giovani-di-belluno\\\/\",\"name\":\"Domenica 18 luglio visita al sito di Cor con il Gruppo Fai Giovani di Belluno - Bellunopress - Dolomiti\",\"isPartOf\":{\"@id\":\"https:\\\/\\\/www.bellunopress.it\\\/#website\"},\"primaryImageOfPage\":{\"@id\":\"https:\\\/\\\/www.bellunopress.it\\\/2021\\\/07\\\/12\\\/domenica-18-luglio-visita-al-sito-di-cor-con-il-gruppo-fai-giovani-di-belluno\\\/#primaryimage\"},\"image\":{\"@id\":\"https:\\\/\\\/www.bellunopress.it\\\/2021\\\/07\\\/12\\\/domenica-18-luglio-visita-al-sito-di-cor-con-il-gruppo-fai-giovani-di-belluno\\\/#primaryimage\"},\"thumbnailUrl\":\"https:\\\/\\\/www.bellunopress.it\\\/wp-content\\\/uploads\\\/2021\\\/07\\\/Fortificazione-villa-sito-Cor-Fai-Belluno.jpg\",\"datePublished\":\"2021-07-12T14:08:24+00:00\",\"dateModified\":\"2021-07-12T14:08:27+00:00\",\"breadcrumb\":{\"@id\":\"https:\\\/\\\/www.bellunopress.it\\\/2021\\\/07\\\/12\\\/domenica-18-luglio-visita-al-sito-di-cor-con-il-gruppo-fai-giovani-di-belluno\\\/#breadcrumb\"},\"inLanguage\":\"fr-FR\",\"potentialAction\":[{\"@type\":\"ReadAction\",\"target\":[\"https:\\\/\\\/www.bellunopress.it\\\/2021\\\/07\\\/12\\\/domenica-18-luglio-visita-al-sito-di-cor-con-il-gruppo-fai-giovani-di-belluno\\\/\"]}]},{\"@type\":\"ImageObject\",\"inLanguage\":\"fr-FR\",\"@id\":\"https:\\\/\\\/www.bellunopress.it\\\/2021\\\/07\\\/12\\\/domenica-18-luglio-visita-al-sito-di-cor-con-il-gruppo-fai-giovani-di-belluno\\\/#primaryimage\",\"url\":\"https:\\\/\\\/www.bellunopress.it\\\/wp-content\\\/uploads\\\/2021\\\/07\\\/Fortificazione-villa-sito-Cor-Fai-Belluno.jpg\",\"contentUrl\":\"https:\\\/\\\/www.bellunopress.it\\\/wp-content\\\/uploads\\\/2021\\\/07\\\/Fortificazione-villa-sito-Cor-Fai-Belluno.jpg\",\"width\":800,\"height\":601},{\"@type\":\"BreadcrumbList\",\"@id\":\"https:\\\/\\\/www.bellunopress.it\\\/2021\\\/07\\\/12\\\/domenica-18-luglio-visita-al-sito-di-cor-con-il-gruppo-fai-giovani-di-belluno\\\/#breadcrumb\",\"itemListElement\":[{\"@type\":\"ListItem\",\"position\":1,\"name\":\"Home\",\"item\":\"https:\\\/\\\/www.bellunopress.it\\\/\"},{\"@type\":\"ListItem\",\"position\":2,\"name\":\"Domenica 18 luglio visita al sito di Cor con il Gruppo Fai Giovani di Belluno\"}]},{\"@type\":\"WebSite\",\"@id\":\"https:\\\/\\\/www.bellunopress.it\\\/#website\",\"url\":\"https:\\\/\\\/www.bellunopress.it\\\/\",\"name\":\"Bellunopress - Dolomiti\",\"description\":\"e-mail: redazione@bellunopress.it\",\"publisher\":{\"@id\":\"https:\\\/\\\/www.bellunopress.it\\\/#organization\"},\"potentialAction\":[{\"@type\":\"SearchAction\",\"target\":{\"@type\":\"EntryPoint\",\"urlTemplate\":\"https:\\\/\\\/www.bellunopress.it\\\/?s={search_term_string}\"},\"query-input\":{\"@type\":\"PropertyValueSpecification\",\"valueRequired\":true,\"valueName\":\"search_term_string\"}}],\"inLanguage\":\"fr-FR\"},{\"@type\":\"Organization\",\"@id\":\"https:\\\/\\\/www.bellunopress.it\\\/#organization\",\"name\":\"Bellunopress\",\"url\":\"https:\\\/\\\/www.bellunopress.it\\\/\",\"logo\":{\"@type\":\"ImageObject\",\"inLanguage\":\"fr-FR\",\"@id\":\"https:\\\/\\\/www.bellunopress.it\\\/#\\\/schema\\\/logo\\\/image\\\/\",\"url\":\"https:\\\/\\\/www.bellunopress.it\\\/wp-content\\\/uploads\\\/2011\\\/05\\\/cropped-logo-bellunopress-.jpg\",\"contentUrl\":\"https:\\\/\\\/www.bellunopress.it\\\/wp-content\\\/uploads\\\/2011\\\/05\\\/cropped-logo-bellunopress-.jpg\",\"width\":512,\"height\":512,\"caption\":\"Bellunopress\"},\"image\":{\"@id\":\"https:\\\/\\\/www.bellunopress.it\\\/#\\\/schema\\\/logo\\\/image\\\/\"},\"sameAs\":[\"https:\\\/\\\/www.facebook.com\\\/profile.php?id=100008943462799\",\"https:\\\/\\\/x.com\\\/bellunopress\",\"https:\\\/\\\/www.linkedin.com\\\/hp\\\/?dnr=JBzUWaJfMUw8vbXJJ2tVW5-I3jZKvC4wsoxE&amp;amp;amp;amp;amp;amp;trk=nav_responsive_tab_home\",\"https:\\\/\\\/www.youtube.com\\\/channel\\\/UCxL0wu1uN0_3_7hGG0306cw\"]},{\"@type\":\"Person\",\"@id\":\"https:\\\/\\\/www.bellunopress.it\\\/#\\\/schema\\\/person\\\/79bb06722b37ece1c03d3e94beb30d73\",\"name\":\"redazione\",\"image\":{\"@type\":\"ImageObject\",\"inLanguage\":\"fr-FR\",\"@id\":\"https:\\\/\\\/secure.gravatar.com\\\/avatar\\\/37d968a2e67a6fd04c169c4bdef102d0bc5d31b2546345219e348575eb80e9a0?s=96&d=mm&r=g\",\"url\":\"https:\\\/\\\/secure.gravatar.com\\\/avatar\\\/37d968a2e67a6fd04c169c4bdef102d0bc5d31b2546345219e348575eb80e9a0?s=96&d=mm&r=g\",\"contentUrl\":\"https:\\\/\\\/secure.gravatar.com\\\/avatar\\\/37d968a2e67a6fd04c169c4bdef102d0bc5d31b2546345219e348575eb80e9a0?s=96&d=mm&r=g\",\"caption\":\"redazione\"},\"sameAs\":[\"http:\\\/\\\/www.bellunopress.it\",\"https:\\\/\\\/x.com\\\/bellunopress\"],\"url\":\"https:\\\/\\\/www.bellunopress.it\\\/fr\\\/author\\\/redazione\\\/\"}]}<\/script>\n<!-- \/ Yoast SEO plugin. -->","yoast_head_json":{"title":"Domenica 18 luglio visita al sito di Cor con il Gruppo Fai Giovani di Belluno - Bellunopress - Dolomiti","robots":{"index":"index","follow":"follow","max-snippet":"max-snippet:-1","max-image-preview":"max-image-preview:large","max-video-preview":"max-video-preview:-1"},"canonical":"https:\/\/www.bellunopress.it\/fr\/2021\/07\/12\/domenica-18-luglio-visita-al-sito-di-cor-con-il-gruppo-fai-giovani-di-belluno\/","og_locale":"fr_FR","og_type":"article","og_title":"Domenica 18 luglio visita al sito di Cor con il Gruppo Fai Giovani di Belluno - Bellunopress - Dolomiti","og_description":"Torna l\u2019appuntamento veneto con il festival \u201cFai un giro in Villa\u201d, organizzato dalla Presidenza FAI Veneto e dai Gruppi FAI Giovani della regione. Questa edizione in presenza vuole essere una gioiosa condivisione, un momento di festa in cui riappropriarsi del territorio e del suo patrimonio storico, artistico e culturale, attraverso l\u2019offerta di visite a ville [&hellip;]","og_url":"https:\/\/www.bellunopress.it\/fr\/2021\/07\/12\/domenica-18-luglio-visita-al-sito-di-cor-con-il-gruppo-fai-giovani-di-belluno\/","og_site_name":"Bellunopress - Dolomiti","article_publisher":"https:\/\/www.facebook.com\/profile.php?id=100008943462799","article_published_time":"2021-07-12T14:08:24+00:00","article_modified_time":"2021-07-12T14:08:27+00:00","og_image":[{"width":800,"height":601,"url":"https:\/\/www.bellunopress.it\/wp-content\/uploads\/2021\/07\/Fortificazione-villa-sito-Cor-Fai-Belluno.jpg","type":"image\/jpeg"}],"author":"redazione","twitter_card":"summary_large_image","twitter_creator":"@bellunopress","twitter_site":"@bellunopress","twitter_misc":{"\u00c9crit par":"redazione","Dur\u00e9e de lecture estim\u00e9e":"4 minutes"},"schema":{"@context":"https:\/\/schema.org","@graph":[{"@type":"Article","@id":"https:\/\/www.bellunopress.it\/2021\/07\/12\/domenica-18-luglio-visita-al-sito-di-cor-con-il-gruppo-fai-giovani-di-belluno\/#article","isPartOf":{"@id":"https:\/\/www.bellunopress.it\/2021\/07\/12\/domenica-18-luglio-visita-al-sito-di-cor-con-il-gruppo-fai-giovani-di-belluno\/"},"author":{"name":"redazione","@id":"https:\/\/www.bellunopress.it\/#\/schema\/person\/79bb06722b37ece1c03d3e94beb30d73"},"headline":"Domenica 18 luglio visita al sito di Cor con il Gruppo Fai Giovani di Belluno","datePublished":"2021-07-12T14:08:24+00:00","dateModified":"2021-07-12T14:08:27+00:00","mainEntityOfPage":{"@id":"https:\/\/www.bellunopress.it\/2021\/07\/12\/domenica-18-luglio-visita-al-sito-di-cor-con-il-gruppo-fai-giovani-di-belluno\/"},"wordCount":701,"publisher":{"@id":"https:\/\/www.bellunopress.it\/#organization"},"image":{"@id":"https:\/\/www.bellunopress.it\/2021\/07\/12\/domenica-18-luglio-visita-al-sito-di-cor-con-il-gruppo-fai-giovani-di-belluno\/#primaryimage"},"thumbnailUrl":"https:\/\/www.bellunopress.it\/wp-content\/uploads\/2021\/07\/Fortificazione-villa-sito-Cor-Fai-Belluno.jpg","articleSection":["Appuntamenti, Eventi","Arte, Cultura, Spettacoli, Scienza","Featured","Pausa Caff\u00e8"],"inLanguage":"fr-FR"},{"@type":"WebPage","@id":"https:\/\/www.bellunopress.it\/2021\/07\/12\/domenica-18-luglio-visita-al-sito-di-cor-con-il-gruppo-fai-giovani-di-belluno\/","url":"https:\/\/www.bellunopress.it\/2021\/07\/12\/domenica-18-luglio-visita-al-sito-di-cor-con-il-gruppo-fai-giovani-di-belluno\/","name":"Domenica 18 luglio visita al sito di Cor con il Gruppo Fai Giovani di Belluno - Bellunopress - Dolomiti","isPartOf":{"@id":"https:\/\/www.bellunopress.it\/#website"},"primaryImageOfPage":{"@id":"https:\/\/www.bellunopress.it\/2021\/07\/12\/domenica-18-luglio-visita-al-sito-di-cor-con-il-gruppo-fai-giovani-di-belluno\/#primaryimage"},"image":{"@id":"https:\/\/www.bellunopress.it\/2021\/07\/12\/domenica-18-luglio-visita-al-sito-di-cor-con-il-gruppo-fai-giovani-di-belluno\/#primaryimage"},"thumbnailUrl":"https:\/\/www.bellunopress.it\/wp-content\/uploads\/2021\/07\/Fortificazione-villa-sito-Cor-Fai-Belluno.jpg","datePublished":"2021-07-12T14:08:24+00:00","dateModified":"2021-07-12T14:08:27+00:00","breadcrumb":{"@id":"https:\/\/www.bellunopress.it\/2021\/07\/12\/domenica-18-luglio-visita-al-sito-di-cor-con-il-gruppo-fai-giovani-di-belluno\/#breadcrumb"},"inLanguage":"fr-FR","potentialAction":[{"@type":"ReadAction","target":["https:\/\/www.bellunopress.it\/2021\/07\/12\/domenica-18-luglio-visita-al-sito-di-cor-con-il-gruppo-fai-giovani-di-belluno\/"]}]},{"@type":"ImageObject","inLanguage":"fr-FR","@id":"https:\/\/www.bellunopress.it\/2021\/07\/12\/domenica-18-luglio-visita-al-sito-di-cor-con-il-gruppo-fai-giovani-di-belluno\/#primaryimage","url":"https:\/\/www.bellunopress.it\/wp-content\/uploads\/2021\/07\/Fortificazione-villa-sito-Cor-Fai-Belluno.jpg","contentUrl":"https:\/\/www.bellunopress.it\/wp-content\/uploads\/2021\/07\/Fortificazione-villa-sito-Cor-Fai-Belluno.jpg","width":800,"height":601},{"@type":"BreadcrumbList","@id":"https:\/\/www.bellunopress.it\/2021\/07\/12\/domenica-18-luglio-visita-al-sito-di-cor-con-il-gruppo-fai-giovani-di-belluno\/#breadcrumb","itemListElement":[{"@type":"ListItem","position":1,"name":"Home","item":"https:\/\/www.bellunopress.it\/"},{"@type":"ListItem","position":2,"name":"Domenica 18 luglio visita al sito di Cor con il Gruppo Fai Giovani di Belluno"}]},{"@type":"WebSite","@id":"https:\/\/www.bellunopress.it\/#website","url":"https:\/\/www.bellunopress.it\/","name":"Bellunopress - Dolomiti","description":"e-mail: redazione@bellunopress.it","publisher":{"@id":"https:\/\/www.bellunopress.it\/#organization"},"potentialAction":[{"@type":"SearchAction","target":{"@type":"EntryPoint","urlTemplate":"https:\/\/www.bellunopress.it\/?s={search_term_string}"},"query-input":{"@type":"PropertyValueSpecification","valueRequired":true,"valueName":"search_term_string"}}],"inLanguage":"fr-FR"},{"@type":"Organization","@id":"https:\/\/www.bellunopress.it\/#organization","name":"Bellunopress","url":"https:\/\/www.bellunopress.it\/","logo":{"@type":"ImageObject","inLanguage":"fr-FR","@id":"https:\/\/www.bellunopress.it\/#\/schema\/logo\/image\/","url":"https:\/\/www.bellunopress.it\/wp-content\/uploads\/2011\/05\/cropped-logo-bellunopress-.jpg","contentUrl":"https:\/\/www.bellunopress.it\/wp-content\/uploads\/2011\/05\/cropped-logo-bellunopress-.jpg","width":512,"height":512,"caption":"Bellunopress"},"image":{"@id":"https:\/\/www.bellunopress.it\/#\/schema\/logo\/image\/"},"sameAs":["https:\/\/www.facebook.com\/profile.php?id=100008943462799","https:\/\/x.com\/bellunopress","https:\/\/www.linkedin.com\/hp\/?dnr=JBzUWaJfMUw8vbXJJ2tVW5-I3jZKvC4wsoxE&amp;amp;amp;amp;amp;amp;trk=nav_responsive_tab_home","https:\/\/www.youtube.com\/channel\/UCxL0wu1uN0_3_7hGG0306cw"]},{"@type":"Person","@id":"https:\/\/www.bellunopress.it\/#\/schema\/person\/79bb06722b37ece1c03d3e94beb30d73","name":"r\u00e9daction","image":{"@type":"ImageObject","inLanguage":"fr-FR","@id":"https:\/\/secure.gravatar.com\/avatar\/37d968a2e67a6fd04c169c4bdef102d0bc5d31b2546345219e348575eb80e9a0?s=96&d=mm&r=g","url":"https:\/\/secure.gravatar.com\/avatar\/37d968a2e67a6fd04c169c4bdef102d0bc5d31b2546345219e348575eb80e9a0?s=96&d=mm&r=g","contentUrl":"https:\/\/secure.gravatar.com\/avatar\/37d968a2e67a6fd04c169c4bdef102d0bc5d31b2546345219e348575eb80e9a0?s=96&d=mm&r=g","caption":"redazione"},"sameAs":["http:\/\/www.bellunopress.it","https:\/\/x.com\/bellunopress"],"url":"https:\/\/www.bellunopress.it\/fr\/author\/redazione\/"}]}},"_links":{"self":[{"href":"https:\/\/www.bellunopress.it\/fr\/wp-json\/wp\/v2\/posts\/125970","targetHints":{"allow":["GET"]}}],"collection":[{"href":"https:\/\/www.bellunopress.it\/fr\/wp-json\/wp\/v2\/posts"}],"about":[{"href":"https:\/\/www.bellunopress.it\/fr\/wp-json\/wp\/v2\/types\/post"}],"author":[{"embeddable":true,"href":"https:\/\/www.bellunopress.it\/fr\/wp-json\/wp\/v2\/users\/2"}],"replies":[{"embeddable":true,"href":"https:\/\/www.bellunopress.it\/fr\/wp-json\/wp\/v2\/comments?post=125970"}],"version-history":[{"count":2,"href":"https:\/\/www.bellunopress.it\/fr\/wp-json\/wp\/v2\/posts\/125970\/revisions"}],"predecessor-version":[{"id":125973,"href":"https:\/\/www.bellunopress.it\/fr\/wp-json\/wp\/v2\/posts\/125970\/revisions\/125973"}],"wp:featuredmedia":[{"embeddable":true,"href":"https:\/\/www.bellunopress.it\/fr\/wp-json\/wp\/v2\/media\/125971"}],"wp:attachment":[{"href":"https:\/\/www.bellunopress.it\/fr\/wp-json\/wp\/v2\/media?parent=125970"}],"wp:term":[{"taxonomy":"category","embeddable":true,"href":"https:\/\/www.bellunopress.it\/fr\/wp-json\/wp\/v2\/categories?post=125970"},{"taxonomy":"post_tag","embeddable":true,"href":"https:\/\/www.bellunopress.it\/fr\/wp-json\/wp\/v2\/tags?post=125970"}],"curies":[{"name":"wp","href":"https:\/\/api.w.org\/{rel}","templated":true}]}}