{"id":125962,"date":"2021-07-12T13:14:44","date_gmt":"2021-07-12T11:14:44","guid":{"rendered":"https:\/\/www.bellunopress.it\/?p=125962"},"modified":"2021-07-12T13:14:44","modified_gmt":"2021-07-12T11:14:44","slug":"estate-longaronese-due-appuntamenti-culturali-di-eccellenza","status":"publish","type":"post","link":"https:\/\/www.bellunopress.it\/fr\/2021\/07\/12\/estate-longaronese-due-appuntamenti-culturali-di-eccellenza\/","title":{"rendered":"Estate longaronese: due appuntamenti culturali di eccellenza"},"content":{"rendered":"<figure id=\"attachment_113957\" aria-describedby=\"caption-attachment-113957\" style=\"width: 378px\" class=\"wp-caption alignleft\"><a href=\"https:\/\/www.bellunopress.it\/fr\/2020\/04\/22\/una-educatrice-a-supporto-della-didattica-a-distanza-la-nuova-iniziativa-del-comune-di-lonfarone\/municipio-longarone\/\" rel=\"attachment wp-att-113957\"><img loading=\"lazy\" decoding=\"async\" class=\"size-full wp-image-113957\" src=\"https:\/\/www.bellunopress.it\/wp-content\/uploads\/2020\/04\/Municipio-Longarone.jpg\" alt=\"\" width=\"378\" height=\"236\" \/><\/a><figcaption id=\"caption-attachment-113957\" class=\"wp-caption-text\">Municipio di Longarone<\/figcaption><\/figure>\n<p>Il Comune di Longarone, col prezioso supporto dell\u2019Associazione Pro Loco, presenta il primo fine settimana di eventi in programma sabato 17 e domenica 18 luglio.<\/p>\n<p>\u201cPotremmo definirla una due giorni per costruire la cultura dell\u2019accoglienza e per ripensare il ruolo dell\u2019Europa \u2013 afferma il Consigliere con delega alla Cultura, Anna Olivier -. Si tratta di un lavoro per i giovani e con i giovani, per ricominciare a stare insieme, con uno sguardo che va oltre il nostro piccolo orticello. Un luogo di incontro tra diverse culture che da anni convivono sullo stesso territorio senza realmente conoscersi. Vogliamo fermarci, vogliamo metterci in ascolto, vogliamo condividere vite\u201d.<\/p>\n<p>Tutta la giornata di sabato 17 luglio si svolger\u00e0 presso la suggestiva location dei Murazzi e sar\u00e0 dedicata ad un\u2019azione performativa condotta dall\u2019attrice Roberta Biagiarelli e dal fotografo Luigi Ottani, che vedr\u00e0 coinvolti gli scout locali e la comunit\u00e0 bosniaca di Longarone. Ai Murazzi alle 17 ci sar\u00e0, per chiunque voglia partecipare, l\u2019inaugurazione della mostra fotografica \u201cScappare la guerra\u201d e la presentazione del volume \u201cDal libro dell\u2019esodo\u201d, con testi di Paolo Rumiz, C\u00e9cile Kyenge, Michele Nardelli, Carlo Saletti, Ismael Fayad, fotografie di Luigi Ottani, libro curato da Roberta Biagiarelli (Piemme edizioni). Il corpus di opere fotografiche, in bianco e nero, documenta il viaggio dei due autori compiuto nell\u2019estate del 2015 a fianco delle famiglie di profughi siriani, iracheni e afgani, durante l\u2019esodo sulla via dei Balcani. Un viaggio che porta la guerra e il dolore fin dentro il cuore d&#8217;Europa e che l&#8217;artista multidisciplinare Roberta Biagiarelli, con la sensibilit\u00e0 e l\u2019attenzione acquisite attraverso l\u2019esperienza del teatro storico sociale, e il fotografo Luigi Ottani, con lo sguardo empatico e penetrante di chi cattura attimi di storia, hanno documentato in un reportage intenso.<br \/>\nLe immagini e i racconti sono diventati un prezioso documento e un pretesto per occasioni di approfondimento ed elaborazione di pensiero al di fuori degli stereotipi, del sensazionalismo e della retorica, per tentare di parlare in modo costruttivo di migrazione e di confini, di superamento degli stessi, per sviluppare insieme un ragionamento allargato con la societ\u00e0 civile, consapevoli che solo aprendoci potremo avere tutti una possibilit\u00e0 di prospettiva sul domani. La mostra rimarr\u00e0 allestita fino a met\u00e0 settembre, con la possibilit\u00e0 di essere visitata facendo un percorso pedonale che dal centro di Longarone conduce ai Murazzi.<\/p>\n<p>Domenica 18 luglio alle ore 17:30 il Centro Culturale \u201cF. Parri\u201d di Longarone ospiter\u00e0 il monologo storico-teatrale \u201cSrebrenica, una storia d\u2019assedio\u201d di Roberta Biagiarelli. In occasione del 25\u00b0 anniversario del genocidio di Srebrenica (11 luglio 1995-2020) \u00e8 stata riproposta questa testimonianza che ha debuttato nel 1998 e fino ad oggi \u00e8 stata replicata per ben oltre 600 volte in Italia e all\u2019estero (Sarajevo, Tuzla, tour in Spagna, Vienna, Svizzera, Svezia e Gerusalemme). Il 19 febbraio 2019 il monologo \u00e8 stato ospitato dal Parlamento Europeo a Bruxelles. A Srebrenica \u00e8 stata scritta una delle pagine pi\u00f9 oscure del Novecento e anche da quel luogo occorre ripartire per ripensare l\u2019Europa, per non cadere nell\u2019errore di liquidare il conflitto balcanico come qualcosa di risolto e lontano nel tempo. Una lezione della memoria contro il pericolo dei nazionalismi, delle divisioni e delle manifestazioni di intolleranza.<\/p>\n<p>\u201cQuesti eventi avranno un seguito &#8211; aggiunge il Consigliere Olivier \u2013. Il 22 settembre, quando avremo ospite Gianni Rigoni Stern, che ci presenter\u00e0 il docu-film \u201cLa transumanza della pace\u201d, di cui \u00e8 regista la Biagiarelli. Sar\u00e0 un\u2019ulteriore occasione di approfondimento, per vedere come il racconto di una vicenda possa portare ad un aiuto concreto\u201d.<br \/>\nTutti gli eventi saranno gratuiti, ma sar\u00e0 obbligatoria la prenotazione a fini organizzativi.<\/p>\n<p>Per info e prenotazioni si potr\u00e0 contattare via e-mail o telefonicamente la Pro Loco di Longarone al seguente indirizzo di posta elettronica info@prolocolongarone.it o chiamando il numero 0437-770119 nei seguenti orari: lun. 15-18; dal mar al ven 10-12 e 15-18; sab, dom e festivi 9-12.30-14-18.<\/p>\n<p>&nbsp;<\/p>","protected":false},"excerpt":{"rendered":"<p>Il Comune di Longarone, col prezioso supporto dell\u2019Associazione Pro Loco, presenta il primo fine settimana di eventi in programma sabato 17 e domenica 18 luglio. \u201cPotremmo definirla una due giorni per costruire la cultura dell\u2019accoglienza e per ripensare il ruolo dell\u2019Europa \u2013 afferma il Consigliere con delega alla Cultura, Anna Olivier -. Si tratta di [&hellip;]<\/p>\n","protected":false},"author":2,"featured_media":113957,"comment_status":"closed","ping_status":"open","sticky":false,"template":"","format":"standard","meta":{"footnotes":""},"categories":[27,3,25],"tags":[],"class_list":["post-125962","post","type-post","status-publish","format-standard","has-post-thumbnail","category-appuntamenti","category-arte-cultura-spettacoli-scienza-archivi","category-pausa-caffe"],"yoast_head":"<!-- This site is optimized with the Yoast SEO plugin v28.4 - https:\/\/yoast.com\/product\/yoast-seo-wordpress\/ -->\n<title>Estate longaronese: due appuntamenti culturali di eccellenza - Bellunopress - Dolomiti<\/title>\n<meta name=\"robots\" content=\"index, follow, max-snippet:-1, max-image-preview:large, max-video-preview:-1\" \/>\n<link rel=\"canonical\" href=\"https:\/\/www.bellunopress.it\/fr\/2021\/07\/12\/estate-longaronese-due-appuntamenti-culturali-di-eccellenza\/\" \/>\n<meta property=\"og:locale\" content=\"fr_FR\" \/>\n<meta property=\"og:type\" content=\"article\" \/>\n<meta property=\"og:title\" content=\"Estate longaronese: due appuntamenti culturali di eccellenza - Bellunopress - Dolomiti\" \/>\n<meta property=\"og:description\" content=\"Il Comune di Longarone, col prezioso supporto dell\u2019Associazione Pro Loco, presenta il primo fine settimana di eventi in programma sabato 17 e domenica 18 luglio. \u201cPotremmo definirla una due giorni per costruire la cultura dell\u2019accoglienza e per ripensare il ruolo dell\u2019Europa \u2013 afferma il Consigliere con delega alla Cultura, Anna Olivier -. Si tratta di [&hellip;]\" \/>\n<meta property=\"og:url\" content=\"https:\/\/www.bellunopress.it\/fr\/2021\/07\/12\/estate-longaronese-due-appuntamenti-culturali-di-eccellenza\/\" \/>\n<meta property=\"og:site_name\" content=\"Bellunopress - Dolomiti\" \/>\n<meta property=\"article:publisher\" content=\"https:\/\/www.facebook.com\/profile.php?id=100008943462799\" \/>\n<meta property=\"article:published_time\" content=\"2021-07-12T11:14:44+00:00\" \/>\n<meta property=\"og:image\" content=\"https:\/\/www.bellunopress.it\/wp-content\/uploads\/2020\/04\/Municipio-Longarone.jpg\" \/>\n\t<meta property=\"og:image:width\" content=\"378\" \/>\n\t<meta property=\"og:image:height\" content=\"236\" \/>\n\t<meta property=\"og:image:type\" content=\"image\/jpeg\" \/>\n<meta name=\"author\" content=\"redazione\" \/>\n<meta name=\"twitter:card\" content=\"summary_large_image\" \/>\n<meta name=\"twitter:creator\" content=\"@bellunopress\" \/>\n<meta name=\"twitter:site\" content=\"@bellunopress\" \/>\n<meta name=\"twitter:label1\" content=\"\u00c9crit par\" \/>\n\t<meta name=\"twitter:data1\" content=\"redazione\" \/>\n\t<meta name=\"twitter:label2\" content=\"Dur\u00e9e de lecture estim\u00e9e\" \/>\n\t<meta name=\"twitter:data2\" content=\"3 minutes\" \/>\n<script type=\"application\/ld+json\" class=\"yoast-schema-graph\">{\"@context\":\"https:\\\/\\\/schema.org\",\"@graph\":[{\"@type\":\"Article\",\"@id\":\"https:\\\/\\\/www.bellunopress.it\\\/2021\\\/07\\\/12\\\/estate-longaronese-due-appuntamenti-culturali-di-eccellenza\\\/#article\",\"isPartOf\":{\"@id\":\"https:\\\/\\\/www.bellunopress.it\\\/2021\\\/07\\\/12\\\/estate-longaronese-due-appuntamenti-culturali-di-eccellenza\\\/\"},\"author\":{\"name\":\"redazione\",\"@id\":\"https:\\\/\\\/www.bellunopress.it\\\/#\\\/schema\\\/person\\\/79bb06722b37ece1c03d3e94beb30d73\"},\"headline\":\"Estate longaronese: due appuntamenti culturali di eccellenza\",\"datePublished\":\"2021-07-12T11:14:44+00:00\",\"mainEntityOfPage\":{\"@id\":\"https:\\\/\\\/www.bellunopress.it\\\/2021\\\/07\\\/12\\\/estate-longaronese-due-appuntamenti-culturali-di-eccellenza\\\/\"},\"wordCount\":655,\"publisher\":{\"@id\":\"https:\\\/\\\/www.bellunopress.it\\\/#organization\"},\"image\":{\"@id\":\"https:\\\/\\\/www.bellunopress.it\\\/2021\\\/07\\\/12\\\/estate-longaronese-due-appuntamenti-culturali-di-eccellenza\\\/#primaryimage\"},\"thumbnailUrl\":\"https:\\\/\\\/www.bellunopress.it\\\/wp-content\\\/uploads\\\/2020\\\/04\\\/Municipio-Longarone.jpg\",\"articleSection\":[\"Appuntamenti, Eventi\",\"Arte, Cultura, Spettacoli, Scienza\",\"Pausa Caff\u00e8\"],\"inLanguage\":\"fr-FR\"},{\"@type\":\"WebPage\",\"@id\":\"https:\\\/\\\/www.bellunopress.it\\\/2021\\\/07\\\/12\\\/estate-longaronese-due-appuntamenti-culturali-di-eccellenza\\\/\",\"url\":\"https:\\\/\\\/www.bellunopress.it\\\/2021\\\/07\\\/12\\\/estate-longaronese-due-appuntamenti-culturali-di-eccellenza\\\/\",\"name\":\"Estate longaronese: due appuntamenti culturali di eccellenza - Bellunopress - Dolomiti\",\"isPartOf\":{\"@id\":\"https:\\\/\\\/www.bellunopress.it\\\/#website\"},\"primaryImageOfPage\":{\"@id\":\"https:\\\/\\\/www.bellunopress.it\\\/2021\\\/07\\\/12\\\/estate-longaronese-due-appuntamenti-culturali-di-eccellenza\\\/#primaryimage\"},\"image\":{\"@id\":\"https:\\\/\\\/www.bellunopress.it\\\/2021\\\/07\\\/12\\\/estate-longaronese-due-appuntamenti-culturali-di-eccellenza\\\/#primaryimage\"},\"thumbnailUrl\":\"https:\\\/\\\/www.bellunopress.it\\\/wp-content\\\/uploads\\\/2020\\\/04\\\/Municipio-Longarone.jpg\",\"datePublished\":\"2021-07-12T11:14:44+00:00\",\"breadcrumb\":{\"@id\":\"https:\\\/\\\/www.bellunopress.it\\\/2021\\\/07\\\/12\\\/estate-longaronese-due-appuntamenti-culturali-di-eccellenza\\\/#breadcrumb\"},\"inLanguage\":\"fr-FR\",\"potentialAction\":[{\"@type\":\"ReadAction\",\"target\":[\"https:\\\/\\\/www.bellunopress.it\\\/2021\\\/07\\\/12\\\/estate-longaronese-due-appuntamenti-culturali-di-eccellenza\\\/\"]}]},{\"@type\":\"ImageObject\",\"inLanguage\":\"fr-FR\",\"@id\":\"https:\\\/\\\/www.bellunopress.it\\\/2021\\\/07\\\/12\\\/estate-longaronese-due-appuntamenti-culturali-di-eccellenza\\\/#primaryimage\",\"url\":\"https:\\\/\\\/www.bellunopress.it\\\/wp-content\\\/uploads\\\/2020\\\/04\\\/Municipio-Longarone.jpg\",\"contentUrl\":\"https:\\\/\\\/www.bellunopress.it\\\/wp-content\\\/uploads\\\/2020\\\/04\\\/Municipio-Longarone.jpg\",\"width\":378,\"height\":236,\"caption\":\"Municipio di Longarone\"},{\"@type\":\"BreadcrumbList\",\"@id\":\"https:\\\/\\\/www.bellunopress.it\\\/2021\\\/07\\\/12\\\/estate-longaronese-due-appuntamenti-culturali-di-eccellenza\\\/#breadcrumb\",\"itemListElement\":[{\"@type\":\"ListItem\",\"position\":1,\"name\":\"Home\",\"item\":\"https:\\\/\\\/www.bellunopress.it\\\/\"},{\"@type\":\"ListItem\",\"position\":2,\"name\":\"Estate longaronese: due appuntamenti culturali di eccellenza\"}]},{\"@type\":\"WebSite\",\"@id\":\"https:\\\/\\\/www.bellunopress.it\\\/#website\",\"url\":\"https:\\\/\\\/www.bellunopress.it\\\/\",\"name\":\"Bellunopress - Dolomiti\",\"description\":\"e-mail: redazione@bellunopress.it\",\"publisher\":{\"@id\":\"https:\\\/\\\/www.bellunopress.it\\\/#organization\"},\"potentialAction\":[{\"@type\":\"SearchAction\",\"target\":{\"@type\":\"EntryPoint\",\"urlTemplate\":\"https:\\\/\\\/www.bellunopress.it\\\/?s={search_term_string}\"},\"query-input\":{\"@type\":\"PropertyValueSpecification\",\"valueRequired\":true,\"valueName\":\"search_term_string\"}}],\"inLanguage\":\"fr-FR\"},{\"@type\":\"Organization\",\"@id\":\"https:\\\/\\\/www.bellunopress.it\\\/#organization\",\"name\":\"Bellunopress\",\"url\":\"https:\\\/\\\/www.bellunopress.it\\\/\",\"logo\":{\"@type\":\"ImageObject\",\"inLanguage\":\"fr-FR\",\"@id\":\"https:\\\/\\\/www.bellunopress.it\\\/#\\\/schema\\\/logo\\\/image\\\/\",\"url\":\"https:\\\/\\\/www.bellunopress.it\\\/wp-content\\\/uploads\\\/2011\\\/05\\\/cropped-logo-bellunopress-.jpg\",\"contentUrl\":\"https:\\\/\\\/www.bellunopress.it\\\/wp-content\\\/uploads\\\/2011\\\/05\\\/cropped-logo-bellunopress-.jpg\",\"width\":512,\"height\":512,\"caption\":\"Bellunopress\"},\"image\":{\"@id\":\"https:\\\/\\\/www.bellunopress.it\\\/#\\\/schema\\\/logo\\\/image\\\/\"},\"sameAs\":[\"https:\\\/\\\/www.facebook.com\\\/profile.php?id=100008943462799\",\"https:\\\/\\\/x.com\\\/bellunopress\",\"https:\\\/\\\/www.linkedin.com\\\/hp\\\/?dnr=JBzUWaJfMUw8vbXJJ2tVW5-I3jZKvC4wsoxE&amp;amp;amp;amp;amp;amp;trk=nav_responsive_tab_home\",\"https:\\\/\\\/www.youtube.com\\\/channel\\\/UCxL0wu1uN0_3_7hGG0306cw\"]},{\"@type\":\"Person\",\"@id\":\"https:\\\/\\\/www.bellunopress.it\\\/#\\\/schema\\\/person\\\/79bb06722b37ece1c03d3e94beb30d73\",\"name\":\"redazione\",\"image\":{\"@type\":\"ImageObject\",\"inLanguage\":\"fr-FR\",\"@id\":\"https:\\\/\\\/secure.gravatar.com\\\/avatar\\\/37d968a2e67a6fd04c169c4bdef102d0bc5d31b2546345219e348575eb80e9a0?s=96&d=mm&r=g\",\"url\":\"https:\\\/\\\/secure.gravatar.com\\\/avatar\\\/37d968a2e67a6fd04c169c4bdef102d0bc5d31b2546345219e348575eb80e9a0?s=96&d=mm&r=g\",\"contentUrl\":\"https:\\\/\\\/secure.gravatar.com\\\/avatar\\\/37d968a2e67a6fd04c169c4bdef102d0bc5d31b2546345219e348575eb80e9a0?s=96&d=mm&r=g\",\"caption\":\"redazione\"},\"sameAs\":[\"http:\\\/\\\/www.bellunopress.it\",\"https:\\\/\\\/x.com\\\/bellunopress\"],\"url\":\"https:\\\/\\\/www.bellunopress.it\\\/fr\\\/author\\\/redazione\\\/\"}]}<\/script>\n<!-- \/ Yoast SEO plugin. -->","yoast_head_json":{"title":"Estate longaronese: due appuntamenti culturali di eccellenza - Bellunopress - Dolomiti","robots":{"index":"index","follow":"follow","max-snippet":"max-snippet:-1","max-image-preview":"max-image-preview:large","max-video-preview":"max-video-preview:-1"},"canonical":"https:\/\/www.bellunopress.it\/fr\/2021\/07\/12\/estate-longaronese-due-appuntamenti-culturali-di-eccellenza\/","og_locale":"fr_FR","og_type":"article","og_title":"Estate longaronese: due appuntamenti culturali di eccellenza - Bellunopress - Dolomiti","og_description":"Il Comune di Longarone, col prezioso supporto dell\u2019Associazione Pro Loco, presenta il primo fine settimana di eventi in programma sabato 17 e domenica 18 luglio. \u201cPotremmo definirla una due giorni per costruire la cultura dell\u2019accoglienza e per ripensare il ruolo dell\u2019Europa \u2013 afferma il Consigliere con delega alla Cultura, Anna Olivier -. Si tratta di [&hellip;]","og_url":"https:\/\/www.bellunopress.it\/fr\/2021\/07\/12\/estate-longaronese-due-appuntamenti-culturali-di-eccellenza\/","og_site_name":"Bellunopress - Dolomiti","article_publisher":"https:\/\/www.facebook.com\/profile.php?id=100008943462799","article_published_time":"2021-07-12T11:14:44+00:00","og_image":[{"width":378,"height":236,"url":"https:\/\/www.bellunopress.it\/wp-content\/uploads\/2020\/04\/Municipio-Longarone.jpg","type":"image\/jpeg"}],"author":"redazione","twitter_card":"summary_large_image","twitter_creator":"@bellunopress","twitter_site":"@bellunopress","twitter_misc":{"\u00c9crit par":"redazione","Dur\u00e9e de lecture estim\u00e9e":"3 minutes"},"schema":{"@context":"https:\/\/schema.org","@graph":[{"@type":"Article","@id":"https:\/\/www.bellunopress.it\/2021\/07\/12\/estate-longaronese-due-appuntamenti-culturali-di-eccellenza\/#article","isPartOf":{"@id":"https:\/\/www.bellunopress.it\/2021\/07\/12\/estate-longaronese-due-appuntamenti-culturali-di-eccellenza\/"},"author":{"name":"redazione","@id":"https:\/\/www.bellunopress.it\/#\/schema\/person\/79bb06722b37ece1c03d3e94beb30d73"},"headline":"Estate longaronese: due appuntamenti culturali di eccellenza","datePublished":"2021-07-12T11:14:44+00:00","mainEntityOfPage":{"@id":"https:\/\/www.bellunopress.it\/2021\/07\/12\/estate-longaronese-due-appuntamenti-culturali-di-eccellenza\/"},"wordCount":655,"publisher":{"@id":"https:\/\/www.bellunopress.it\/#organization"},"image":{"@id":"https:\/\/www.bellunopress.it\/2021\/07\/12\/estate-longaronese-due-appuntamenti-culturali-di-eccellenza\/#primaryimage"},"thumbnailUrl":"https:\/\/www.bellunopress.it\/wp-content\/uploads\/2020\/04\/Municipio-Longarone.jpg","articleSection":["Appuntamenti, Eventi","Arte, Cultura, Spettacoli, Scienza","Pausa Caff\u00e8"],"inLanguage":"fr-FR"},{"@type":"WebPage","@id":"https:\/\/www.bellunopress.it\/2021\/07\/12\/estate-longaronese-due-appuntamenti-culturali-di-eccellenza\/","url":"https:\/\/www.bellunopress.it\/2021\/07\/12\/estate-longaronese-due-appuntamenti-culturali-di-eccellenza\/","name":"Estate longaronese: due appuntamenti culturali di eccellenza - Bellunopress - Dolomiti","isPartOf":{"@id":"https:\/\/www.bellunopress.it\/#website"},"primaryImageOfPage":{"@id":"https:\/\/www.bellunopress.it\/2021\/07\/12\/estate-longaronese-due-appuntamenti-culturali-di-eccellenza\/#primaryimage"},"image":{"@id":"https:\/\/www.bellunopress.it\/2021\/07\/12\/estate-longaronese-due-appuntamenti-culturali-di-eccellenza\/#primaryimage"},"thumbnailUrl":"https:\/\/www.bellunopress.it\/wp-content\/uploads\/2020\/04\/Municipio-Longarone.jpg","datePublished":"2021-07-12T11:14:44+00:00","breadcrumb":{"@id":"https:\/\/www.bellunopress.it\/2021\/07\/12\/estate-longaronese-due-appuntamenti-culturali-di-eccellenza\/#breadcrumb"},"inLanguage":"fr-FR","potentialAction":[{"@type":"ReadAction","target":["https:\/\/www.bellunopress.it\/2021\/07\/12\/estate-longaronese-due-appuntamenti-culturali-di-eccellenza\/"]}]},{"@type":"ImageObject","inLanguage":"fr-FR","@id":"https:\/\/www.bellunopress.it\/2021\/07\/12\/estate-longaronese-due-appuntamenti-culturali-di-eccellenza\/#primaryimage","url":"https:\/\/www.bellunopress.it\/wp-content\/uploads\/2020\/04\/Municipio-Longarone.jpg","contentUrl":"https:\/\/www.bellunopress.it\/wp-content\/uploads\/2020\/04\/Municipio-Longarone.jpg","width":378,"height":236,"caption":"Municipio di Longarone"},{"@type":"BreadcrumbList","@id":"https:\/\/www.bellunopress.it\/2021\/07\/12\/estate-longaronese-due-appuntamenti-culturali-di-eccellenza\/#breadcrumb","itemListElement":[{"@type":"ListItem","position":1,"name":"Home","item":"https:\/\/www.bellunopress.it\/"},{"@type":"ListItem","position":2,"name":"Estate longaronese: due appuntamenti culturali di eccellenza"}]},{"@type":"WebSite","@id":"https:\/\/www.bellunopress.it\/#website","url":"https:\/\/www.bellunopress.it\/","name":"Bellunopress - Dolomiti","description":"e-mail: redazione@bellunopress.it","publisher":{"@id":"https:\/\/www.bellunopress.it\/#organization"},"potentialAction":[{"@type":"SearchAction","target":{"@type":"EntryPoint","urlTemplate":"https:\/\/www.bellunopress.it\/?s={search_term_string}"},"query-input":{"@type":"PropertyValueSpecification","valueRequired":true,"valueName":"search_term_string"}}],"inLanguage":"fr-FR"},{"@type":"Organization","@id":"https:\/\/www.bellunopress.it\/#organization","name":"Bellunopress","url":"https:\/\/www.bellunopress.it\/","logo":{"@type":"ImageObject","inLanguage":"fr-FR","@id":"https:\/\/www.bellunopress.it\/#\/schema\/logo\/image\/","url":"https:\/\/www.bellunopress.it\/wp-content\/uploads\/2011\/05\/cropped-logo-bellunopress-.jpg","contentUrl":"https:\/\/www.bellunopress.it\/wp-content\/uploads\/2011\/05\/cropped-logo-bellunopress-.jpg","width":512,"height":512,"caption":"Bellunopress"},"image":{"@id":"https:\/\/www.bellunopress.it\/#\/schema\/logo\/image\/"},"sameAs":["https:\/\/www.facebook.com\/profile.php?id=100008943462799","https:\/\/x.com\/bellunopress","https:\/\/www.linkedin.com\/hp\/?dnr=JBzUWaJfMUw8vbXJJ2tVW5-I3jZKvC4wsoxE&amp;amp;amp;amp;amp;amp;trk=nav_responsive_tab_home","https:\/\/www.youtube.com\/channel\/UCxL0wu1uN0_3_7hGG0306cw"]},{"@type":"Person","@id":"https:\/\/www.bellunopress.it\/#\/schema\/person\/79bb06722b37ece1c03d3e94beb30d73","name":"r\u00e9daction","image":{"@type":"ImageObject","inLanguage":"fr-FR","@id":"https:\/\/secure.gravatar.com\/avatar\/37d968a2e67a6fd04c169c4bdef102d0bc5d31b2546345219e348575eb80e9a0?s=96&d=mm&r=g","url":"https:\/\/secure.gravatar.com\/avatar\/37d968a2e67a6fd04c169c4bdef102d0bc5d31b2546345219e348575eb80e9a0?s=96&d=mm&r=g","contentUrl":"https:\/\/secure.gravatar.com\/avatar\/37d968a2e67a6fd04c169c4bdef102d0bc5d31b2546345219e348575eb80e9a0?s=96&d=mm&r=g","caption":"redazione"},"sameAs":["http:\/\/www.bellunopress.it","https:\/\/x.com\/bellunopress"],"url":"https:\/\/www.bellunopress.it\/fr\/author\/redazione\/"}]}},"_links":{"self":[{"href":"https:\/\/www.bellunopress.it\/fr\/wp-json\/wp\/v2\/posts\/125962","targetHints":{"allow":["GET"]}}],"collection":[{"href":"https:\/\/www.bellunopress.it\/fr\/wp-json\/wp\/v2\/posts"}],"about":[{"href":"https:\/\/www.bellunopress.it\/fr\/wp-json\/wp\/v2\/types\/post"}],"author":[{"embeddable":true,"href":"https:\/\/www.bellunopress.it\/fr\/wp-json\/wp\/v2\/users\/2"}],"replies":[{"embeddable":true,"href":"https:\/\/www.bellunopress.it\/fr\/wp-json\/wp\/v2\/comments?post=125962"}],"version-history":[{"count":1,"href":"https:\/\/www.bellunopress.it\/fr\/wp-json\/wp\/v2\/posts\/125962\/revisions"}],"predecessor-version":[{"id":125963,"href":"https:\/\/www.bellunopress.it\/fr\/wp-json\/wp\/v2\/posts\/125962\/revisions\/125963"}],"wp:featuredmedia":[{"embeddable":true,"href":"https:\/\/www.bellunopress.it\/fr\/wp-json\/wp\/v2\/media\/113957"}],"wp:attachment":[{"href":"https:\/\/www.bellunopress.it\/fr\/wp-json\/wp\/v2\/media?parent=125962"}],"wp:term":[{"taxonomy":"category","embeddable":true,"href":"https:\/\/www.bellunopress.it\/fr\/wp-json\/wp\/v2\/categories?post=125962"},{"taxonomy":"post_tag","embeddable":true,"href":"https:\/\/www.bellunopress.it\/fr\/wp-json\/wp\/v2\/tags?post=125962"}],"curies":[{"name":"wp","href":"https:\/\/api.w.org\/{rel}","templated":true}]}}