{"id":12585,"date":"2010-02-16T14:30:09","date_gmt":"2010-02-16T13:30:09","guid":{"rendered":"http:\/\/www.bellunopress.it\/?p=12585"},"modified":"2010-02-16T14:30:09","modified_gmt":"2010-02-16T13:30:09","slug":"banco-farmaceutico-la-solidarieta-dona-1757-farmaci","status":"publish","type":"post","link":"https:\/\/www.bellunopress.it\/fr\/2010\/02\/16\/banco-farmaceutico-la-solidarieta-dona-1757-farmaci\/","title":{"rendered":"Banco farmaceutico: la solidariet\u00e0 dona 1757 farmaci"},"content":{"rendered":"<p>Le medicine raccolte sabato nelle farmacie saranno distribuite ai cittadini e alle strutture bellunesi bisognose.La decima Giornata nazionale di raccolta del farmaco si \u00e8 chiusa in provincia di Belluno con la donazione di 1.757 farmaci. All&#8217;iniziativa in programma sabato scorso, 13 febbraio, cui hanno aderito 22 farmacie del territorio, i cittadini hanno risposto con grande generosit\u00e0, contribuendo alla significativa raccolta dei medicinali destinati a famiglie e strutture bellunesi bisognosi. \u201cLa sinergia sviluppata in questi anni tra le associazioni di volontariato e le farmacie \u00e8 migliorata ancora \u2013 sottolinea il presidente di Federfarma Belluno Roberto Grubissa \u2013 un rapporto ormai collaudato che ci vede soddisfatti nel riscontrare i dati della raccolta. Auspichiamo la medesima adesione per il prossimo anno e ringraziamo anticipatamente da parte delle persone e delle strutture bellunesi che a breve riceveranno i farmaci donati\u201d. \u201cIl Banco farmaceutico \u00e8 riuscito in pochi anni di attivit\u00e0 a coinvolgere attorno al gesto semplice della raccolta un numero semptre maggiore di persone e di associazioni\u201d, dichiara Sabina De Fanti, delegato territoriale dell Fondazione Banco farmaceutico per la provincia di Belluno. La Giornata nazionale di raccolta del farmaco \u00e8 stata organizzata dalla Fondazione Banco farmaceutico onlus in collaborazione con Federfarma, Cdo Opere sociali, il Centro di solidariet\u00e0 C. Penguy, con il patrocinio dell&#8217;Amministrazione provinciale di Belluno.<\/p>","protected":false},"excerpt":{"rendered":"<p>Le medicine raccolte sabato nelle farmacie saranno distribuite ai cittadini e alle strutture bellunesi bisognose.La decima Giornata nazionale di raccolta del farmaco si \u00e8 chiusa in provincia di Belluno con la donazione di 1.757 farmaci. All&#8217;iniziativa in programma sabato scorso, 13 febbraio, cui hanno aderito 22 farmacie del territorio, i cittadini hanno risposto con grande [&hellip;]<\/p>\n","protected":false},"author":2,"featured_media":0,"comment_status":"closed","ping_status":"open","sticky":false,"template":"","format":"standard","meta":{"footnotes":""},"categories":[26,17,8],"tags":[90,91,3050],"class_list":["post-12585","post","type-post","status-publish","format-standard","category-prima-pagina","category-sanita","category-societa-istituzioni","tag-banco-farmaceutico","tag-decima-giornata-raccolta-farmaco-belluno","tag-sanita"],"yoast_head":"<!-- This site is optimized with the Yoast SEO plugin v28.4 - https:\/\/yoast.com\/product\/yoast-seo-wordpress\/ -->\n<title>Banco farmaceutico: la solidariet\u00e0 dona 1757 farmaci - Bellunopress - Dolomiti<\/title>\n<meta name=\"robots\" content=\"index, follow, max-snippet:-1, max-image-preview:large, max-video-preview:-1\" \/>\n<link rel=\"canonical\" href=\"https:\/\/www.bellunopress.it\/fr\/2010\/02\/16\/banco-farmaceutico-la-solidarieta-dona-1757-farmaci\/\" \/>\n<meta property=\"og:locale\" content=\"fr_FR\" \/>\n<meta property=\"og:type\" content=\"article\" \/>\n<meta property=\"og:title\" content=\"Banco farmaceutico: la solidariet\u00e0 dona 1757 farmaci - Bellunopress - Dolomiti\" \/>\n<meta property=\"og:description\" content=\"Le medicine raccolte sabato nelle farmacie saranno distribuite ai cittadini e alle strutture bellunesi bisognose.La decima Giornata nazionale di raccolta del farmaco si \u00e8 chiusa in provincia di Belluno con la donazione di 1.757 farmaci. All&#8217;iniziativa in programma sabato scorso, 13 febbraio, cui hanno aderito 22 farmacie del territorio, i cittadini hanno risposto con grande [&hellip;]\" \/>\n<meta property=\"og:url\" content=\"https:\/\/www.bellunopress.it\/fr\/2010\/02\/16\/banco-farmaceutico-la-solidarieta-dona-1757-farmaci\/\" \/>\n<meta property=\"og:site_name\" content=\"Bellunopress - Dolomiti\" \/>\n<meta property=\"article:publisher\" content=\"https:\/\/www.facebook.com\/profile.php?id=100008943462799\" \/>\n<meta property=\"article:published_time\" content=\"2010-02-16T13:30:09+00:00\" \/>\n<meta property=\"og:image\" content=\"http:\/\/www.bellunopress.it\/wp-content\/uploads\/2012\/07\/logo-bellunopress-250x250-2012.jpg\" \/>\n<meta name=\"author\" content=\"redazione\" \/>\n<meta name=\"twitter:card\" content=\"summary_large_image\" \/>\n<meta name=\"twitter:creator\" content=\"@bellunopress\" \/>\n<meta name=\"twitter:site\" content=\"@bellunopress\" \/>\n<meta name=\"twitter:label1\" content=\"\u00c9crit par\" \/>\n\t<meta name=\"twitter:data1\" content=\"redazione\" \/>\n\t<meta name=\"twitter:label2\" content=\"Dur\u00e9e de lecture estim\u00e9e\" \/>\n\t<meta name=\"twitter:data2\" content=\"1 minute\" \/>\n<script type=\"application\/ld+json\" class=\"yoast-schema-graph\">{\"@context\":\"https:\\\/\\\/schema.org\",\"@graph\":[{\"@type\":\"Article\",\"@id\":\"https:\\\/\\\/www.bellunopress.it\\\/2010\\\/02\\\/16\\\/banco-farmaceutico-la-solidarieta-dona-1757-farmaci\\\/#article\",\"isPartOf\":{\"@id\":\"https:\\\/\\\/www.bellunopress.it\\\/2010\\\/02\\\/16\\\/banco-farmaceutico-la-solidarieta-dona-1757-farmaci\\\/\"},\"author\":{\"name\":\"redazione\",\"@id\":\"https:\\\/\\\/www.bellunopress.it\\\/#\\\/schema\\\/person\\\/79bb06722b37ece1c03d3e94beb30d73\"},\"headline\":\"Banco farmaceutico: la solidariet\u00e0 dona 1757 farmaci\",\"datePublished\":\"2010-02-16T13:30:09+00:00\",\"mainEntityOfPage\":{\"@id\":\"https:\\\/\\\/www.bellunopress.it\\\/2010\\\/02\\\/16\\\/banco-farmaceutico-la-solidarieta-dona-1757-farmaci\\\/\"},\"wordCount\":213,\"publisher\":{\"@id\":\"https:\\\/\\\/www.bellunopress.it\\\/#organization\"},\"keywords\":[\"banco farmaceutico\",\"decima giornata raccolta farmaco Belluno\",\"Sanit\u00e0\"],\"articleSection\":[\"Prima Pagina\",\"Sanit\u00e0 Medicina\",\"Societ\u00e0, Associazioni, Istituzioni\"],\"inLanguage\":\"fr-FR\"},{\"@type\":\"WebPage\",\"@id\":\"https:\\\/\\\/www.bellunopress.it\\\/2010\\\/02\\\/16\\\/banco-farmaceutico-la-solidarieta-dona-1757-farmaci\\\/\",\"url\":\"https:\\\/\\\/www.bellunopress.it\\\/2010\\\/02\\\/16\\\/banco-farmaceutico-la-solidarieta-dona-1757-farmaci\\\/\",\"name\":\"Banco farmaceutico: la solidariet\u00e0 dona 1757 farmaci - Bellunopress - Dolomiti\",\"isPartOf\":{\"@id\":\"https:\\\/\\\/www.bellunopress.it\\\/#website\"},\"datePublished\":\"2010-02-16T13:30:09+00:00\",\"breadcrumb\":{\"@id\":\"https:\\\/\\\/www.bellunopress.it\\\/2010\\\/02\\\/16\\\/banco-farmaceutico-la-solidarieta-dona-1757-farmaci\\\/#breadcrumb\"},\"inLanguage\":\"fr-FR\",\"potentialAction\":[{\"@type\":\"ReadAction\",\"target\":[\"https:\\\/\\\/www.bellunopress.it\\\/2010\\\/02\\\/16\\\/banco-farmaceutico-la-solidarieta-dona-1757-farmaci\\\/\"]}]},{\"@type\":\"BreadcrumbList\",\"@id\":\"https:\\\/\\\/www.bellunopress.it\\\/2010\\\/02\\\/16\\\/banco-farmaceutico-la-solidarieta-dona-1757-farmaci\\\/#breadcrumb\",\"itemListElement\":[{\"@type\":\"ListItem\",\"position\":1,\"name\":\"Home\",\"item\":\"https:\\\/\\\/www.bellunopress.it\\\/\"},{\"@type\":\"ListItem\",\"position\":2,\"name\":\"Banco farmaceutico: la solidariet\u00e0 dona 1757 farmaci\"}]},{\"@type\":\"WebSite\",\"@id\":\"https:\\\/\\\/www.bellunopress.it\\\/#website\",\"url\":\"https:\\\/\\\/www.bellunopress.it\\\/\",\"name\":\"Bellunopress - Dolomiti\",\"description\":\"e-mail: redazione@bellunopress.it\",\"publisher\":{\"@id\":\"https:\\\/\\\/www.bellunopress.it\\\/#organization\"},\"potentialAction\":[{\"@type\":\"SearchAction\",\"target\":{\"@type\":\"EntryPoint\",\"urlTemplate\":\"https:\\\/\\\/www.bellunopress.it\\\/?s={search_term_string}\"},\"query-input\":{\"@type\":\"PropertyValueSpecification\",\"valueRequired\":true,\"valueName\":\"search_term_string\"}}],\"inLanguage\":\"fr-FR\"},{\"@type\":\"Organization\",\"@id\":\"https:\\\/\\\/www.bellunopress.it\\\/#organization\",\"name\":\"Bellunopress\",\"url\":\"https:\\\/\\\/www.bellunopress.it\\\/\",\"logo\":{\"@type\":\"ImageObject\",\"inLanguage\":\"fr-FR\",\"@id\":\"https:\\\/\\\/www.bellunopress.it\\\/#\\\/schema\\\/logo\\\/image\\\/\",\"url\":\"https:\\\/\\\/www.bellunopress.it\\\/wp-content\\\/uploads\\\/2011\\\/05\\\/cropped-logo-bellunopress-.jpg\",\"contentUrl\":\"https:\\\/\\\/www.bellunopress.it\\\/wp-content\\\/uploads\\\/2011\\\/05\\\/cropped-logo-bellunopress-.jpg\",\"width\":512,\"height\":512,\"caption\":\"Bellunopress\"},\"image\":{\"@id\":\"https:\\\/\\\/www.bellunopress.it\\\/#\\\/schema\\\/logo\\\/image\\\/\"},\"sameAs\":[\"https:\\\/\\\/www.facebook.com\\\/profile.php?id=100008943462799\",\"https:\\\/\\\/x.com\\\/bellunopress\",\"https:\\\/\\\/www.linkedin.com\\\/hp\\\/?dnr=JBzUWaJfMUw8vbXJJ2tVW5-I3jZKvC4wsoxE&amp;amp;amp;amp;amp;amp;trk=nav_responsive_tab_home\",\"https:\\\/\\\/www.youtube.com\\\/channel\\\/UCxL0wu1uN0_3_7hGG0306cw\"]},{\"@type\":\"Person\",\"@id\":\"https:\\\/\\\/www.bellunopress.it\\\/#\\\/schema\\\/person\\\/79bb06722b37ece1c03d3e94beb30d73\",\"name\":\"redazione\",\"image\":{\"@type\":\"ImageObject\",\"inLanguage\":\"fr-FR\",\"@id\":\"https:\\\/\\\/secure.gravatar.com\\\/avatar\\\/37d968a2e67a6fd04c169c4bdef102d0bc5d31b2546345219e348575eb80e9a0?s=96&d=mm&r=g\",\"url\":\"https:\\\/\\\/secure.gravatar.com\\\/avatar\\\/37d968a2e67a6fd04c169c4bdef102d0bc5d31b2546345219e348575eb80e9a0?s=96&d=mm&r=g\",\"contentUrl\":\"https:\\\/\\\/secure.gravatar.com\\\/avatar\\\/37d968a2e67a6fd04c169c4bdef102d0bc5d31b2546345219e348575eb80e9a0?s=96&d=mm&r=g\",\"caption\":\"redazione\"},\"sameAs\":[\"http:\\\/\\\/www.bellunopress.it\",\"https:\\\/\\\/x.com\\\/bellunopress\"],\"url\":\"https:\\\/\\\/www.bellunopress.it\\\/fr\\\/author\\\/redazione\\\/\"}]}<\/script>\n<!-- \/ Yoast SEO plugin. -->","yoast_head_json":{"title":"Banco farmaceutico: la solidariet\u00e0 dona 1757 farmaci - Bellunopress - Dolomiti","robots":{"index":"index","follow":"follow","max-snippet":"max-snippet:-1","max-image-preview":"max-image-preview:large","max-video-preview":"max-video-preview:-1"},"canonical":"https:\/\/www.bellunopress.it\/fr\/2010\/02\/16\/banco-farmaceutico-la-solidarieta-dona-1757-farmaci\/","og_locale":"fr_FR","og_type":"article","og_title":"Banco farmaceutico: la solidariet\u00e0 dona 1757 farmaci - Bellunopress - Dolomiti","og_description":"Le medicine raccolte sabato nelle farmacie saranno distribuite ai cittadini e alle strutture bellunesi bisognose.La decima Giornata nazionale di raccolta del farmaco si \u00e8 chiusa in provincia di Belluno con la donazione di 1.757 farmaci. All&#8217;iniziativa in programma sabato scorso, 13 febbraio, cui hanno aderito 22 farmacie del territorio, i cittadini hanno risposto con grande [&hellip;]","og_url":"https:\/\/www.bellunopress.it\/fr\/2010\/02\/16\/banco-farmaceutico-la-solidarieta-dona-1757-farmaci\/","og_site_name":"Bellunopress - Dolomiti","article_publisher":"https:\/\/www.facebook.com\/profile.php?id=100008943462799","article_published_time":"2010-02-16T13:30:09+00:00","og_image":[{"url":"http:\/\/www.bellunopress.it\/wp-content\/uploads\/2012\/07\/logo-bellunopress-250x250-2012.jpg","type":"","width":"","height":""}],"author":"redazione","twitter_card":"summary_large_image","twitter_creator":"@bellunopress","twitter_site":"@bellunopress","twitter_misc":{"\u00c9crit par":"redazione","Dur\u00e9e de lecture estim\u00e9e":"1 minute"},"schema":{"@context":"https:\/\/schema.org","@graph":[{"@type":"Article","@id":"https:\/\/www.bellunopress.it\/2010\/02\/16\/banco-farmaceutico-la-solidarieta-dona-1757-farmaci\/#article","isPartOf":{"@id":"https:\/\/www.bellunopress.it\/2010\/02\/16\/banco-farmaceutico-la-solidarieta-dona-1757-farmaci\/"},"author":{"name":"redazione","@id":"https:\/\/www.bellunopress.it\/#\/schema\/person\/79bb06722b37ece1c03d3e94beb30d73"},"headline":"Banco farmaceutico: la solidariet\u00e0 dona 1757 farmaci","datePublished":"2010-02-16T13:30:09+00:00","mainEntityOfPage":{"@id":"https:\/\/www.bellunopress.it\/2010\/02\/16\/banco-farmaceutico-la-solidarieta-dona-1757-farmaci\/"},"wordCount":213,"publisher":{"@id":"https:\/\/www.bellunopress.it\/#organization"},"keywords":["banco farmaceutico","decima giornata raccolta farmaco Belluno","Sanit\u00e0"],"articleSection":["Prima Pagina","Sanit\u00e0 Medicina","Societ\u00e0, Associazioni, Istituzioni"],"inLanguage":"fr-FR"},{"@type":"WebPage","@id":"https:\/\/www.bellunopress.it\/2010\/02\/16\/banco-farmaceutico-la-solidarieta-dona-1757-farmaci\/","url":"https:\/\/www.bellunopress.it\/2010\/02\/16\/banco-farmaceutico-la-solidarieta-dona-1757-farmaci\/","name":"Banco farmaceutico: la solidariet\u00e0 dona 1757 farmaci - Bellunopress - Dolomiti","isPartOf":{"@id":"https:\/\/www.bellunopress.it\/#website"},"datePublished":"2010-02-16T13:30:09+00:00","breadcrumb":{"@id":"https:\/\/www.bellunopress.it\/2010\/02\/16\/banco-farmaceutico-la-solidarieta-dona-1757-farmaci\/#breadcrumb"},"inLanguage":"fr-FR","potentialAction":[{"@type":"ReadAction","target":["https:\/\/www.bellunopress.it\/2010\/02\/16\/banco-farmaceutico-la-solidarieta-dona-1757-farmaci\/"]}]},{"@type":"BreadcrumbList","@id":"https:\/\/www.bellunopress.it\/2010\/02\/16\/banco-farmaceutico-la-solidarieta-dona-1757-farmaci\/#breadcrumb","itemListElement":[{"@type":"ListItem","position":1,"name":"Home","item":"https:\/\/www.bellunopress.it\/"},{"@type":"ListItem","position":2,"name":"Banco farmaceutico: la solidariet\u00e0 dona 1757 farmaci"}]},{"@type":"WebSite","@id":"https:\/\/www.bellunopress.it\/#website","url":"https:\/\/www.bellunopress.it\/","name":"Bellunopress - Dolomiti","description":"e-mail: redazione@bellunopress.it","publisher":{"@id":"https:\/\/www.bellunopress.it\/#organization"},"potentialAction":[{"@type":"SearchAction","target":{"@type":"EntryPoint","urlTemplate":"https:\/\/www.bellunopress.it\/?s={search_term_string}"},"query-input":{"@type":"PropertyValueSpecification","valueRequired":true,"valueName":"search_term_string"}}],"inLanguage":"fr-FR"},{"@type":"Organization","@id":"https:\/\/www.bellunopress.it\/#organization","name":"Bellunopress","url":"https:\/\/www.bellunopress.it\/","logo":{"@type":"ImageObject","inLanguage":"fr-FR","@id":"https:\/\/www.bellunopress.it\/#\/schema\/logo\/image\/","url":"https:\/\/www.bellunopress.it\/wp-content\/uploads\/2011\/05\/cropped-logo-bellunopress-.jpg","contentUrl":"https:\/\/www.bellunopress.it\/wp-content\/uploads\/2011\/05\/cropped-logo-bellunopress-.jpg","width":512,"height":512,"caption":"Bellunopress"},"image":{"@id":"https:\/\/www.bellunopress.it\/#\/schema\/logo\/image\/"},"sameAs":["https:\/\/www.facebook.com\/profile.php?id=100008943462799","https:\/\/x.com\/bellunopress","https:\/\/www.linkedin.com\/hp\/?dnr=JBzUWaJfMUw8vbXJJ2tVW5-I3jZKvC4wsoxE&amp;amp;amp;amp;amp;amp;trk=nav_responsive_tab_home","https:\/\/www.youtube.com\/channel\/UCxL0wu1uN0_3_7hGG0306cw"]},{"@type":"Person","@id":"https:\/\/www.bellunopress.it\/#\/schema\/person\/79bb06722b37ece1c03d3e94beb30d73","name":"r\u00e9daction","image":{"@type":"ImageObject","inLanguage":"fr-FR","@id":"https:\/\/secure.gravatar.com\/avatar\/37d968a2e67a6fd04c169c4bdef102d0bc5d31b2546345219e348575eb80e9a0?s=96&d=mm&r=g","url":"https:\/\/secure.gravatar.com\/avatar\/37d968a2e67a6fd04c169c4bdef102d0bc5d31b2546345219e348575eb80e9a0?s=96&d=mm&r=g","contentUrl":"https:\/\/secure.gravatar.com\/avatar\/37d968a2e67a6fd04c169c4bdef102d0bc5d31b2546345219e348575eb80e9a0?s=96&d=mm&r=g","caption":"redazione"},"sameAs":["http:\/\/www.bellunopress.it","https:\/\/x.com\/bellunopress"],"url":"https:\/\/www.bellunopress.it\/fr\/author\/redazione\/"}]}},"_links":{"self":[{"href":"https:\/\/www.bellunopress.it\/fr\/wp-json\/wp\/v2\/posts\/12585","targetHints":{"allow":["GET"]}}],"collection":[{"href":"https:\/\/www.bellunopress.it\/fr\/wp-json\/wp\/v2\/posts"}],"about":[{"href":"https:\/\/www.bellunopress.it\/fr\/wp-json\/wp\/v2\/types\/post"}],"author":[{"embeddable":true,"href":"https:\/\/www.bellunopress.it\/fr\/wp-json\/wp\/v2\/users\/2"}],"replies":[{"embeddable":true,"href":"https:\/\/www.bellunopress.it\/fr\/wp-json\/wp\/v2\/comments?post=12585"}],"version-history":[{"count":1,"href":"https:\/\/www.bellunopress.it\/fr\/wp-json\/wp\/v2\/posts\/12585\/revisions"}],"predecessor-version":[{"id":12586,"href":"https:\/\/www.bellunopress.it\/fr\/wp-json\/wp\/v2\/posts\/12585\/revisions\/12586"}],"wp:attachment":[{"href":"https:\/\/www.bellunopress.it\/fr\/wp-json\/wp\/v2\/media?parent=12585"}],"wp:term":[{"taxonomy":"category","embeddable":true,"href":"https:\/\/www.bellunopress.it\/fr\/wp-json\/wp\/v2\/categories?post=12585"},{"taxonomy":"post_tag","embeddable":true,"href":"https:\/\/www.bellunopress.it\/fr\/wp-json\/wp\/v2\/tags?post=12585"}],"curies":[{"name":"wp","href":"https:\/\/api.w.org\/{rel}","templated":true}]}}