{"id":125819,"date":"2021-07-07T20:38:05","date_gmt":"2021-07-07T18:38:05","guid":{"rendered":"https:\/\/www.bellunopress.it\/?p=125819"},"modified":"2021-07-08T10:50:56","modified_gmt":"2021-07-08T08:50:56","slug":"presentata-a-revine-lago-la-17ma-edizione-del-lago-film-fest-dal-23-luglio-al-i-agosto","status":"publish","type":"post","link":"https:\/\/www.bellunopress.it\/fr\/2021\/07\/07\/presentata-a-revine-lago-la-17ma-edizione-del-lago-film-fest-dal-23-luglio-al-i-agosto\/","title":{"rendered":"Presentata a Revine Lago la 17ma edizione del Lago Film Fest. Dal 23 luglio al I\u00b0 agosto"},"content":{"rendered":"<figure id=\"attachment_125820\" aria-describedby=\"caption-attachment-125820\" style=\"width: 800px\" class=\"wp-caption alignleft\"><a href=\"https:\/\/www.bellunopress.it\/fr\/2021\/07\/07\/presentata-a-revine-lago-la-17ma-edizione-del-lago-film-fest-dal-23-luglio-al-i-agosto\/lago-film-fest-ursula-gariboldi-viviana-carlet-morena-faverin-alessandro-del-re_edited\/\" rel=\"attachment wp-att-125820\"><img loading=\"lazy\" decoding=\"async\" class=\"size-full wp-image-125820\" src=\"https:\/\/www.bellunopress.it\/wp-content\/uploads\/2021\/07\/Lago-Film-Fest-Ursula-Gariboldi-Viviana-Carlet-Morena-Faverin-Alessandro-Del-Re_edited.jpg\" alt=\"\" width=\"800\" height=\"541\" srcset=\"https:\/\/www.bellunopress.it\/wp-content\/uploads\/2021\/07\/Lago-Film-Fest-Ursula-Gariboldi-Viviana-Carlet-Morena-Faverin-Alessandro-Del-Re_edited.jpg 800w, https:\/\/www.bellunopress.it\/wp-content\/uploads\/2021\/07\/Lago-Film-Fest-Ursula-Gariboldi-Viviana-Carlet-Morena-Faverin-Alessandro-Del-Re_edited-500x338.jpg 500w, https:\/\/www.bellunopress.it\/wp-content\/uploads\/2021\/07\/Lago-Film-Fest-Ursula-Gariboldi-Viviana-Carlet-Morena-Faverin-Alessandro-Del-Re_edited-696x471.jpg 696w, https:\/\/www.bellunopress.it\/wp-content\/uploads\/2021\/07\/Lago-Film-Fest-Ursula-Gariboldi-Viviana-Carlet-Morena-Faverin-Alessandro-Del-Re_edited-621x420.jpg 621w\" sizes=\"auto, (max-width: 800px) 100vw, 800px\" \/><\/a><figcaption id=\"caption-attachment-125820\" class=\"wp-caption-text\">Ursula Gariboldi, Viviana Carlet, Morena Faverin, Alessandro Del Re<\/figcaption><\/figure>\n<p>Proiezioni film, incontri\/talk, workshop e performance. E\u2019 un ricco programma quello della 17ma edizione del Lago Film Fest di Revine Lago, presentato questa mattina alla presenza del sindaco di Revine, Massimo Magagnin, dalla fondatrice Viviana Carlet, affiancata dai nuovi responsabili della manifestazione Mirta Ursula Gariboldi, Morena Faverin e Alessandro Del Re.<\/p>\n<p>Il Festival si terr\u00e0 dal 23 luglio al I\u00b0 agosto. Duecento film, con proiezioni sotto le stelle dalle ore 21 e in streaming fino al 10 agosto. 8 sezioni, da 45 paesi, di cui 8 anteprime mondiali e 6 internazionali, 79 anteprime italiane selezionate tra pi\u00f9 di 2000 film.<\/p>\n<p><a href=\"https:\/\/www.bellunopress.it\/fr\/2013\/02\/23\/sceglila-tu-la-nuova-immagine-del-lago-film-fest\/lago-film-fest\/\" rel=\"attachment wp-att-47030\"><img loading=\"lazy\" decoding=\"async\" class=\"alignleft size-full wp-image-47030\" src=\"https:\/\/www.bellunopress.it\/wp-content\/uploads\/2013\/02\/lago-film-fest.jpg\" alt=\"\" width=\"160\" height=\"152\" \/><\/a>Grandi maestri, giovanissimi talenti, le migliori animazioni, le sperimentazioni dei Nuovi Segni e la poesia in movimento di Moving Bodies andranno a comporre un&#8217;indimenticabile programmazione. Tre schermi in riva al lago, uno schermo segreto accessibile tramite un viaggio in gondola, lo Stereo arena e una serie di video installazioni all\u2019interno del Borgo di Lago che per l\u2019occasione si trasformer\u00e0 in un museo a cielo aperto. I cortometraggi, raggruppati in gruppi denominati \u201cslot di proiezione\u201d. Girini, la sezione dedicata a bambini e ragazzi. Con musica e danza, e i film dei registi pi\u00f9 giovani.<br \/>\nE ancora ospiti da tutto il mondo. Come Dominga Sotomayor, regista cilena a cui il festival dedicher\u00e0 una retrospettiva e che arriver\u00e0 direttamente da Cannes, o Hilal Baydarov, talentuoso regista dall\u2019Azerbaijan che ha presentato il suo ultimo film alla Mostra del Cinema di Venezia, passando per Cheng Hsu Chung, iconoclasta animatore Taiwanese, fino a B\u00e1rbara Wagner, videoartista brasiliana che ha esposto la sua ultima opera alla Biennale di Venezia. Non mancheranno gli ospiti italiani al festival come Piero Percoco, autore del progetto The Rainbow is Underestimated e astro nascente della fotografia nostrana, la promessa italiana dell&#8217;animazione mondiale Martina Scarpelli o Roberto Angelini, ex direttore della Propaganda Orkestra di Propaganda Live, ma anche nomi pi\u00f9 locali che si sono fatti spazio sulla scena internazionale come Emilia Mazzacurati, talentuosa regista di Padova, e Rachele Maistrello, artista riconosciuta internazionalmente proveniente da Vittorio Veneto.<\/p>\n<p><a href=\"https:\/\/programma.lagofest.org\/\">Qui il programma\u00a0<\/a><\/p>\n<p><a href=\"https:\/\/www.lagofest.org\/biglietti-e-accrediti\/\">Qui i biglietti\u00a0<\/a><\/p>","protected":false},"excerpt":{"rendered":"<p>Proiezioni film, incontri\/talk, workshop e performance. E\u2019 un ricco programma quello della 17ma edizione del Lago Film Fest di Revine Lago, presentato questa mattina alla presenza del sindaco di Revine, Massimo Magagnin, dalla fondatrice Viviana Carlet, affiancata dai nuovi responsabili della manifestazione Mirta Ursula Gariboldi, Morena Faverin e Alessandro Del Re. Il Festival si terr\u00e0 [&hellip;]<\/p>\n","protected":false},"author":2,"featured_media":125820,"comment_status":"closed","ping_status":"open","sticky":false,"template":"","format":"standard","meta":{"footnotes":""},"categories":[27,3,3446,25],"tags":[],"class_list":["post-125819","post","type-post","status-publish","format-standard","has-post-thumbnail","category-appuntamenti","category-arte-cultura-spettacoli-scienza-archivi","category-featured","category-pausa-caffe"],"yoast_head":"<!-- This site is optimized with the Yoast SEO plugin v28.4 - https:\/\/yoast.com\/product\/yoast-seo-wordpress\/ -->\n<title>Presentata a Revine Lago la 17ma edizione del Lago Film Fest. Dal 23 luglio al I\u00b0 agosto - Bellunopress - Dolomiti<\/title>\n<meta name=\"robots\" content=\"index, follow, max-snippet:-1, max-image-preview:large, max-video-preview:-1\" \/>\n<link rel=\"canonical\" href=\"https:\/\/www.bellunopress.it\/fr\/2021\/07\/07\/presentata-a-revine-lago-la-17ma-edizione-del-lago-film-fest-dal-23-luglio-al-i-agosto\/\" \/>\n<meta property=\"og:locale\" content=\"fr_FR\" \/>\n<meta property=\"og:type\" content=\"article\" \/>\n<meta property=\"og:title\" content=\"Presentata a Revine Lago la 17ma edizione del Lago Film Fest. Dal 23 luglio al I\u00b0 agosto - Bellunopress - Dolomiti\" \/>\n<meta property=\"og:description\" content=\"Proiezioni film, incontri\/talk, workshop e performance. E\u2019 un ricco programma quello della 17ma edizione del Lago Film Fest di Revine Lago, presentato questa mattina alla presenza del sindaco di Revine, Massimo Magagnin, dalla fondatrice Viviana Carlet, affiancata dai nuovi responsabili della manifestazione Mirta Ursula Gariboldi, Morena Faverin e Alessandro Del Re. Il Festival si terr\u00e0 [&hellip;]\" \/>\n<meta property=\"og:url\" content=\"https:\/\/www.bellunopress.it\/fr\/2021\/07\/07\/presentata-a-revine-lago-la-17ma-edizione-del-lago-film-fest-dal-23-luglio-al-i-agosto\/\" \/>\n<meta property=\"og:site_name\" content=\"Bellunopress - Dolomiti\" \/>\n<meta property=\"article:publisher\" content=\"https:\/\/www.facebook.com\/profile.php?id=100008943462799\" \/>\n<meta property=\"article:published_time\" content=\"2021-07-07T18:38:05+00:00\" \/>\n<meta property=\"article:modified_time\" content=\"2021-07-08T08:50:56+00:00\" \/>\n<meta property=\"og:image\" content=\"https:\/\/www.bellunopress.it\/wp-content\/uploads\/2021\/07\/Lago-Film-Fest-Ursula-Gariboldi-Viviana-Carlet-Morena-Faverin-Alessandro-Del-Re_edited.jpg\" \/>\n\t<meta property=\"og:image:width\" content=\"800\" \/>\n\t<meta property=\"og:image:height\" content=\"541\" \/>\n\t<meta property=\"og:image:type\" content=\"image\/jpeg\" \/>\n<meta name=\"author\" content=\"redazione\" \/>\n<meta name=\"twitter:card\" content=\"summary_large_image\" \/>\n<meta name=\"twitter:creator\" content=\"@bellunopress\" \/>\n<meta name=\"twitter:site\" content=\"@bellunopress\" \/>\n<meta name=\"twitter:label1\" content=\"\u00c9crit par\" \/>\n\t<meta name=\"twitter:data1\" content=\"redazione\" \/>\n\t<meta name=\"twitter:label2\" content=\"Dur\u00e9e de lecture estim\u00e9e\" \/>\n\t<meta name=\"twitter:data2\" content=\"2 minutes\" \/>\n<script type=\"application\/ld+json\" class=\"yoast-schema-graph\">{\"@context\":\"https:\\\/\\\/schema.org\",\"@graph\":[{\"@type\":\"Article\",\"@id\":\"https:\\\/\\\/www.bellunopress.it\\\/2021\\\/07\\\/07\\\/presentata-a-revine-lago-la-17ma-edizione-del-lago-film-fest-dal-23-luglio-al-i-agosto\\\/#article\",\"isPartOf\":{\"@id\":\"https:\\\/\\\/www.bellunopress.it\\\/2021\\\/07\\\/07\\\/presentata-a-revine-lago-la-17ma-edizione-del-lago-film-fest-dal-23-luglio-al-i-agosto\\\/\"},\"author\":{\"name\":\"redazione\",\"@id\":\"https:\\\/\\\/www.bellunopress.it\\\/#\\\/schema\\\/person\\\/79bb06722b37ece1c03d3e94beb30d73\"},\"headline\":\"Presentata a Revine Lago la 17ma edizione del Lago Film Fest. Dal 23 luglio al I\u00b0 agosto\",\"datePublished\":\"2021-07-07T18:38:05+00:00\",\"dateModified\":\"2021-07-08T08:50:56+00:00\",\"mainEntityOfPage\":{\"@id\":\"https:\\\/\\\/www.bellunopress.it\\\/2021\\\/07\\\/07\\\/presentata-a-revine-lago-la-17ma-edizione-del-lago-film-fest-dal-23-luglio-al-i-agosto\\\/\"},\"wordCount\":369,\"publisher\":{\"@id\":\"https:\\\/\\\/www.bellunopress.it\\\/#organization\"},\"image\":{\"@id\":\"https:\\\/\\\/www.bellunopress.it\\\/2021\\\/07\\\/07\\\/presentata-a-revine-lago-la-17ma-edizione-del-lago-film-fest-dal-23-luglio-al-i-agosto\\\/#primaryimage\"},\"thumbnailUrl\":\"https:\\\/\\\/www.bellunopress.it\\\/wp-content\\\/uploads\\\/2021\\\/07\\\/Lago-Film-Fest-Ursula-Gariboldi-Viviana-Carlet-Morena-Faverin-Alessandro-Del-Re_edited.jpg\",\"articleSection\":[\"Appuntamenti, Eventi\",\"Arte, Cultura, Spettacoli, Scienza\",\"Featured\",\"Pausa Caff\u00e8\"],\"inLanguage\":\"fr-FR\"},{\"@type\":\"WebPage\",\"@id\":\"https:\\\/\\\/www.bellunopress.it\\\/2021\\\/07\\\/07\\\/presentata-a-revine-lago-la-17ma-edizione-del-lago-film-fest-dal-23-luglio-al-i-agosto\\\/\",\"url\":\"https:\\\/\\\/www.bellunopress.it\\\/2021\\\/07\\\/07\\\/presentata-a-revine-lago-la-17ma-edizione-del-lago-film-fest-dal-23-luglio-al-i-agosto\\\/\",\"name\":\"Presentata a Revine Lago la 17ma edizione del Lago Film Fest. Dal 23 luglio al I\u00b0 agosto - Bellunopress - Dolomiti\",\"isPartOf\":{\"@id\":\"https:\\\/\\\/www.bellunopress.it\\\/#website\"},\"primaryImageOfPage\":{\"@id\":\"https:\\\/\\\/www.bellunopress.it\\\/2021\\\/07\\\/07\\\/presentata-a-revine-lago-la-17ma-edizione-del-lago-film-fest-dal-23-luglio-al-i-agosto\\\/#primaryimage\"},\"image\":{\"@id\":\"https:\\\/\\\/www.bellunopress.it\\\/2021\\\/07\\\/07\\\/presentata-a-revine-lago-la-17ma-edizione-del-lago-film-fest-dal-23-luglio-al-i-agosto\\\/#primaryimage\"},\"thumbnailUrl\":\"https:\\\/\\\/www.bellunopress.it\\\/wp-content\\\/uploads\\\/2021\\\/07\\\/Lago-Film-Fest-Ursula-Gariboldi-Viviana-Carlet-Morena-Faverin-Alessandro-Del-Re_edited.jpg\",\"datePublished\":\"2021-07-07T18:38:05+00:00\",\"dateModified\":\"2021-07-08T08:50:56+00:00\",\"breadcrumb\":{\"@id\":\"https:\\\/\\\/www.bellunopress.it\\\/2021\\\/07\\\/07\\\/presentata-a-revine-lago-la-17ma-edizione-del-lago-film-fest-dal-23-luglio-al-i-agosto\\\/#breadcrumb\"},\"inLanguage\":\"fr-FR\",\"potentialAction\":[{\"@type\":\"ReadAction\",\"target\":[\"https:\\\/\\\/www.bellunopress.it\\\/2021\\\/07\\\/07\\\/presentata-a-revine-lago-la-17ma-edizione-del-lago-film-fest-dal-23-luglio-al-i-agosto\\\/\"]}]},{\"@type\":\"ImageObject\",\"inLanguage\":\"fr-FR\",\"@id\":\"https:\\\/\\\/www.bellunopress.it\\\/2021\\\/07\\\/07\\\/presentata-a-revine-lago-la-17ma-edizione-del-lago-film-fest-dal-23-luglio-al-i-agosto\\\/#primaryimage\",\"url\":\"https:\\\/\\\/www.bellunopress.it\\\/wp-content\\\/uploads\\\/2021\\\/07\\\/Lago-Film-Fest-Ursula-Gariboldi-Viviana-Carlet-Morena-Faverin-Alessandro-Del-Re_edited.jpg\",\"contentUrl\":\"https:\\\/\\\/www.bellunopress.it\\\/wp-content\\\/uploads\\\/2021\\\/07\\\/Lago-Film-Fest-Ursula-Gariboldi-Viviana-Carlet-Morena-Faverin-Alessandro-Del-Re_edited.jpg\",\"width\":800,\"height\":541,\"caption\":\"Ursula Gariboldi, Viviana Carlet, Morena Faverin, Alessandro Del Re\"},{\"@type\":\"BreadcrumbList\",\"@id\":\"https:\\\/\\\/www.bellunopress.it\\\/2021\\\/07\\\/07\\\/presentata-a-revine-lago-la-17ma-edizione-del-lago-film-fest-dal-23-luglio-al-i-agosto\\\/#breadcrumb\",\"itemListElement\":[{\"@type\":\"ListItem\",\"position\":1,\"name\":\"Home\",\"item\":\"https:\\\/\\\/www.bellunopress.it\\\/\"},{\"@type\":\"ListItem\",\"position\":2,\"name\":\"Presentata a Revine Lago la 17ma edizione del Lago Film Fest. Dal 23 luglio al I\u00b0 agosto\"}]},{\"@type\":\"WebSite\",\"@id\":\"https:\\\/\\\/www.bellunopress.it\\\/#website\",\"url\":\"https:\\\/\\\/www.bellunopress.it\\\/\",\"name\":\"Bellunopress - Dolomiti\",\"description\":\"e-mail: redazione@bellunopress.it\",\"publisher\":{\"@id\":\"https:\\\/\\\/www.bellunopress.it\\\/#organization\"},\"potentialAction\":[{\"@type\":\"SearchAction\",\"target\":{\"@type\":\"EntryPoint\",\"urlTemplate\":\"https:\\\/\\\/www.bellunopress.it\\\/?s={search_term_string}\"},\"query-input\":{\"@type\":\"PropertyValueSpecification\",\"valueRequired\":true,\"valueName\":\"search_term_string\"}}],\"inLanguage\":\"fr-FR\"},{\"@type\":\"Organization\",\"@id\":\"https:\\\/\\\/www.bellunopress.it\\\/#organization\",\"name\":\"Bellunopress\",\"url\":\"https:\\\/\\\/www.bellunopress.it\\\/\",\"logo\":{\"@type\":\"ImageObject\",\"inLanguage\":\"fr-FR\",\"@id\":\"https:\\\/\\\/www.bellunopress.it\\\/#\\\/schema\\\/logo\\\/image\\\/\",\"url\":\"https:\\\/\\\/www.bellunopress.it\\\/wp-content\\\/uploads\\\/2011\\\/05\\\/cropped-logo-bellunopress-.jpg\",\"contentUrl\":\"https:\\\/\\\/www.bellunopress.it\\\/wp-content\\\/uploads\\\/2011\\\/05\\\/cropped-logo-bellunopress-.jpg\",\"width\":512,\"height\":512,\"caption\":\"Bellunopress\"},\"image\":{\"@id\":\"https:\\\/\\\/www.bellunopress.it\\\/#\\\/schema\\\/logo\\\/image\\\/\"},\"sameAs\":[\"https:\\\/\\\/www.facebook.com\\\/profile.php?id=100008943462799\",\"https:\\\/\\\/x.com\\\/bellunopress\",\"https:\\\/\\\/www.linkedin.com\\\/hp\\\/?dnr=JBzUWaJfMUw8vbXJJ2tVW5-I3jZKvC4wsoxE&amp;amp;amp;amp;amp;amp;trk=nav_responsive_tab_home\",\"https:\\\/\\\/www.youtube.com\\\/channel\\\/UCxL0wu1uN0_3_7hGG0306cw\"]},{\"@type\":\"Person\",\"@id\":\"https:\\\/\\\/www.bellunopress.it\\\/#\\\/schema\\\/person\\\/79bb06722b37ece1c03d3e94beb30d73\",\"name\":\"redazione\",\"image\":{\"@type\":\"ImageObject\",\"inLanguage\":\"fr-FR\",\"@id\":\"https:\\\/\\\/secure.gravatar.com\\\/avatar\\\/37d968a2e67a6fd04c169c4bdef102d0bc5d31b2546345219e348575eb80e9a0?s=96&d=mm&r=g\",\"url\":\"https:\\\/\\\/secure.gravatar.com\\\/avatar\\\/37d968a2e67a6fd04c169c4bdef102d0bc5d31b2546345219e348575eb80e9a0?s=96&d=mm&r=g\",\"contentUrl\":\"https:\\\/\\\/secure.gravatar.com\\\/avatar\\\/37d968a2e67a6fd04c169c4bdef102d0bc5d31b2546345219e348575eb80e9a0?s=96&d=mm&r=g\",\"caption\":\"redazione\"},\"sameAs\":[\"http:\\\/\\\/www.bellunopress.it\",\"https:\\\/\\\/x.com\\\/bellunopress\"],\"url\":\"https:\\\/\\\/www.bellunopress.it\\\/fr\\\/author\\\/redazione\\\/\"}]}<\/script>\n<!-- \/ Yoast SEO plugin. -->","yoast_head_json":{"title":"Presentata a Revine Lago la 17ma edizione del Lago Film Fest. Dal 23 luglio al I\u00b0 agosto - Bellunopress - Dolomiti","robots":{"index":"index","follow":"follow","max-snippet":"max-snippet:-1","max-image-preview":"max-image-preview:large","max-video-preview":"max-video-preview:-1"},"canonical":"https:\/\/www.bellunopress.it\/fr\/2021\/07\/07\/presentata-a-revine-lago-la-17ma-edizione-del-lago-film-fest-dal-23-luglio-al-i-agosto\/","og_locale":"fr_FR","og_type":"article","og_title":"Presentata a Revine Lago la 17ma edizione del Lago Film Fest. Dal 23 luglio al I\u00b0 agosto - Bellunopress - Dolomiti","og_description":"Proiezioni film, incontri\/talk, workshop e performance. E\u2019 un ricco programma quello della 17ma edizione del Lago Film Fest di Revine Lago, presentato questa mattina alla presenza del sindaco di Revine, Massimo Magagnin, dalla fondatrice Viviana Carlet, affiancata dai nuovi responsabili della manifestazione Mirta Ursula Gariboldi, Morena Faverin e Alessandro Del Re. Il Festival si terr\u00e0 [&hellip;]","og_url":"https:\/\/www.bellunopress.it\/fr\/2021\/07\/07\/presentata-a-revine-lago-la-17ma-edizione-del-lago-film-fest-dal-23-luglio-al-i-agosto\/","og_site_name":"Bellunopress - Dolomiti","article_publisher":"https:\/\/www.facebook.com\/profile.php?id=100008943462799","article_published_time":"2021-07-07T18:38:05+00:00","article_modified_time":"2021-07-08T08:50:56+00:00","og_image":[{"width":800,"height":541,"url":"https:\/\/www.bellunopress.it\/wp-content\/uploads\/2021\/07\/Lago-Film-Fest-Ursula-Gariboldi-Viviana-Carlet-Morena-Faverin-Alessandro-Del-Re_edited.jpg","type":"image\/jpeg"}],"author":"redazione","twitter_card":"summary_large_image","twitter_creator":"@bellunopress","twitter_site":"@bellunopress","twitter_misc":{"\u00c9crit par":"redazione","Dur\u00e9e de lecture estim\u00e9e":"2 minutes"},"schema":{"@context":"https:\/\/schema.org","@graph":[{"@type":"Article","@id":"https:\/\/www.bellunopress.it\/2021\/07\/07\/presentata-a-revine-lago-la-17ma-edizione-del-lago-film-fest-dal-23-luglio-al-i-agosto\/#article","isPartOf":{"@id":"https:\/\/www.bellunopress.it\/2021\/07\/07\/presentata-a-revine-lago-la-17ma-edizione-del-lago-film-fest-dal-23-luglio-al-i-agosto\/"},"author":{"name":"redazione","@id":"https:\/\/www.bellunopress.it\/#\/schema\/person\/79bb06722b37ece1c03d3e94beb30d73"},"headline":"Presentata a Revine Lago la 17ma edizione del Lago Film Fest. Dal 23 luglio al I\u00b0 agosto","datePublished":"2021-07-07T18:38:05+00:00","dateModified":"2021-07-08T08:50:56+00:00","mainEntityOfPage":{"@id":"https:\/\/www.bellunopress.it\/2021\/07\/07\/presentata-a-revine-lago-la-17ma-edizione-del-lago-film-fest-dal-23-luglio-al-i-agosto\/"},"wordCount":369,"publisher":{"@id":"https:\/\/www.bellunopress.it\/#organization"},"image":{"@id":"https:\/\/www.bellunopress.it\/2021\/07\/07\/presentata-a-revine-lago-la-17ma-edizione-del-lago-film-fest-dal-23-luglio-al-i-agosto\/#primaryimage"},"thumbnailUrl":"https:\/\/www.bellunopress.it\/wp-content\/uploads\/2021\/07\/Lago-Film-Fest-Ursula-Gariboldi-Viviana-Carlet-Morena-Faverin-Alessandro-Del-Re_edited.jpg","articleSection":["Appuntamenti, Eventi","Arte, Cultura, Spettacoli, Scienza","Featured","Pausa Caff\u00e8"],"inLanguage":"fr-FR"},{"@type":"WebPage","@id":"https:\/\/www.bellunopress.it\/2021\/07\/07\/presentata-a-revine-lago-la-17ma-edizione-del-lago-film-fest-dal-23-luglio-al-i-agosto\/","url":"https:\/\/www.bellunopress.it\/2021\/07\/07\/presentata-a-revine-lago-la-17ma-edizione-del-lago-film-fest-dal-23-luglio-al-i-agosto\/","name":"Presentata a Revine Lago la 17ma edizione del Lago Film Fest. Dal 23 luglio al I\u00b0 agosto - Bellunopress - Dolomiti","isPartOf":{"@id":"https:\/\/www.bellunopress.it\/#website"},"primaryImageOfPage":{"@id":"https:\/\/www.bellunopress.it\/2021\/07\/07\/presentata-a-revine-lago-la-17ma-edizione-del-lago-film-fest-dal-23-luglio-al-i-agosto\/#primaryimage"},"image":{"@id":"https:\/\/www.bellunopress.it\/2021\/07\/07\/presentata-a-revine-lago-la-17ma-edizione-del-lago-film-fest-dal-23-luglio-al-i-agosto\/#primaryimage"},"thumbnailUrl":"https:\/\/www.bellunopress.it\/wp-content\/uploads\/2021\/07\/Lago-Film-Fest-Ursula-Gariboldi-Viviana-Carlet-Morena-Faverin-Alessandro-Del-Re_edited.jpg","datePublished":"2021-07-07T18:38:05+00:00","dateModified":"2021-07-08T08:50:56+00:00","breadcrumb":{"@id":"https:\/\/www.bellunopress.it\/2021\/07\/07\/presentata-a-revine-lago-la-17ma-edizione-del-lago-film-fest-dal-23-luglio-al-i-agosto\/#breadcrumb"},"inLanguage":"fr-FR","potentialAction":[{"@type":"ReadAction","target":["https:\/\/www.bellunopress.it\/2021\/07\/07\/presentata-a-revine-lago-la-17ma-edizione-del-lago-film-fest-dal-23-luglio-al-i-agosto\/"]}]},{"@type":"ImageObject","inLanguage":"fr-FR","@id":"https:\/\/www.bellunopress.it\/2021\/07\/07\/presentata-a-revine-lago-la-17ma-edizione-del-lago-film-fest-dal-23-luglio-al-i-agosto\/#primaryimage","url":"https:\/\/www.bellunopress.it\/wp-content\/uploads\/2021\/07\/Lago-Film-Fest-Ursula-Gariboldi-Viviana-Carlet-Morena-Faverin-Alessandro-Del-Re_edited.jpg","contentUrl":"https:\/\/www.bellunopress.it\/wp-content\/uploads\/2021\/07\/Lago-Film-Fest-Ursula-Gariboldi-Viviana-Carlet-Morena-Faverin-Alessandro-Del-Re_edited.jpg","width":800,"height":541,"caption":"Ursula Gariboldi, Viviana Carlet, Morena Faverin, Alessandro Del Re"},{"@type":"BreadcrumbList","@id":"https:\/\/www.bellunopress.it\/2021\/07\/07\/presentata-a-revine-lago-la-17ma-edizione-del-lago-film-fest-dal-23-luglio-al-i-agosto\/#breadcrumb","itemListElement":[{"@type":"ListItem","position":1,"name":"Home","item":"https:\/\/www.bellunopress.it\/"},{"@type":"ListItem","position":2,"name":"Presentata a Revine Lago la 17ma edizione del Lago Film Fest. Dal 23 luglio al I\u00b0 agosto"}]},{"@type":"WebSite","@id":"https:\/\/www.bellunopress.it\/#website","url":"https:\/\/www.bellunopress.it\/","name":"Bellunopress - Dolomiti","description":"e-mail: redazione@bellunopress.it","publisher":{"@id":"https:\/\/www.bellunopress.it\/#organization"},"potentialAction":[{"@type":"SearchAction","target":{"@type":"EntryPoint","urlTemplate":"https:\/\/www.bellunopress.it\/?s={search_term_string}"},"query-input":{"@type":"PropertyValueSpecification","valueRequired":true,"valueName":"search_term_string"}}],"inLanguage":"fr-FR"},{"@type":"Organization","@id":"https:\/\/www.bellunopress.it\/#organization","name":"Bellunopress","url":"https:\/\/www.bellunopress.it\/","logo":{"@type":"ImageObject","inLanguage":"fr-FR","@id":"https:\/\/www.bellunopress.it\/#\/schema\/logo\/image\/","url":"https:\/\/www.bellunopress.it\/wp-content\/uploads\/2011\/05\/cropped-logo-bellunopress-.jpg","contentUrl":"https:\/\/www.bellunopress.it\/wp-content\/uploads\/2011\/05\/cropped-logo-bellunopress-.jpg","width":512,"height":512,"caption":"Bellunopress"},"image":{"@id":"https:\/\/www.bellunopress.it\/#\/schema\/logo\/image\/"},"sameAs":["https:\/\/www.facebook.com\/profile.php?id=100008943462799","https:\/\/x.com\/bellunopress","https:\/\/www.linkedin.com\/hp\/?dnr=JBzUWaJfMUw8vbXJJ2tVW5-I3jZKvC4wsoxE&amp;amp;amp;amp;amp;amp;trk=nav_responsive_tab_home","https:\/\/www.youtube.com\/channel\/UCxL0wu1uN0_3_7hGG0306cw"]},{"@type":"Person","@id":"https:\/\/www.bellunopress.it\/#\/schema\/person\/79bb06722b37ece1c03d3e94beb30d73","name":"r\u00e9daction","image":{"@type":"ImageObject","inLanguage":"fr-FR","@id":"https:\/\/secure.gravatar.com\/avatar\/37d968a2e67a6fd04c169c4bdef102d0bc5d31b2546345219e348575eb80e9a0?s=96&d=mm&r=g","url":"https:\/\/secure.gravatar.com\/avatar\/37d968a2e67a6fd04c169c4bdef102d0bc5d31b2546345219e348575eb80e9a0?s=96&d=mm&r=g","contentUrl":"https:\/\/secure.gravatar.com\/avatar\/37d968a2e67a6fd04c169c4bdef102d0bc5d31b2546345219e348575eb80e9a0?s=96&d=mm&r=g","caption":"redazione"},"sameAs":["http:\/\/www.bellunopress.it","https:\/\/x.com\/bellunopress"],"url":"https:\/\/www.bellunopress.it\/fr\/author\/redazione\/"}]}},"_links":{"self":[{"href":"https:\/\/www.bellunopress.it\/fr\/wp-json\/wp\/v2\/posts\/125819","targetHints":{"allow":["GET"]}}],"collection":[{"href":"https:\/\/www.bellunopress.it\/fr\/wp-json\/wp\/v2\/posts"}],"about":[{"href":"https:\/\/www.bellunopress.it\/fr\/wp-json\/wp\/v2\/types\/post"}],"author":[{"embeddable":true,"href":"https:\/\/www.bellunopress.it\/fr\/wp-json\/wp\/v2\/users\/2"}],"replies":[{"embeddable":true,"href":"https:\/\/www.bellunopress.it\/fr\/wp-json\/wp\/v2\/comments?post=125819"}],"version-history":[{"count":4,"href":"https:\/\/www.bellunopress.it\/fr\/wp-json\/wp\/v2\/posts\/125819\/revisions"}],"predecessor-version":[{"id":125831,"href":"https:\/\/www.bellunopress.it\/fr\/wp-json\/wp\/v2\/posts\/125819\/revisions\/125831"}],"wp:featuredmedia":[{"embeddable":true,"href":"https:\/\/www.bellunopress.it\/fr\/wp-json\/wp\/v2\/media\/125820"}],"wp:attachment":[{"href":"https:\/\/www.bellunopress.it\/fr\/wp-json\/wp\/v2\/media?parent=125819"}],"wp:term":[{"taxonomy":"category","embeddable":true,"href":"https:\/\/www.bellunopress.it\/fr\/wp-json\/wp\/v2\/categories?post=125819"},{"taxonomy":"post_tag","embeddable":true,"href":"https:\/\/www.bellunopress.it\/fr\/wp-json\/wp\/v2\/tags?post=125819"}],"curies":[{"name":"wp","href":"https:\/\/api.w.org\/{rel}","templated":true}]}}