{"id":125760,"date":"2021-07-05T17:07:09","date_gmt":"2021-07-05T15:07:09","guid":{"rendered":"https:\/\/www.bellunopress.it\/?p=125760"},"modified":"2021-07-05T17:07:09","modified_gmt":"2021-07-05T15:07:09","slug":"incontro-in-prefettura-tra-il-prefetto-savastano-e-il-ministro-dinca","status":"publish","type":"post","link":"https:\/\/www.bellunopress.it\/fr\/2021\/07\/05\/incontro-in-prefettura-tra-il-prefetto-savastano-e-il-ministro-dinca\/","title":{"rendered":"Incontro in Prefettura tra il prefetto Savastano e il ministro D&#8217;Inc\u00e0\u00a0"},"content":{"rendered":"<p><a href=\"https:\/\/www.bellunopress.it\/fr\/2021\/03\/01\/accordo-tra-prefettura-e-camera-di-commercio-il-prefetto-bracco-e-il-presidente-pozza-con-il-digitale-per-il-territorio-e-la-tutela-della-legalita\/prefettura_edited-2\/\" rel=\"attachment wp-att-122122\"><img loading=\"lazy\" decoding=\"async\" class=\"alignleft size-full wp-image-122122\" src=\"https:\/\/www.bellunopress.it\/wp-content\/uploads\/2021\/03\/prefettura_edited.jpg\" alt=\"\" width=\"821\" height=\"1000\" srcset=\"https:\/\/www.bellunopress.it\/wp-content\/uploads\/2021\/03\/prefettura_edited.jpg 821w, https:\/\/www.bellunopress.it\/wp-content\/uploads\/2021\/03\/prefettura_edited-411x500.jpg 411w, https:\/\/www.bellunopress.it\/wp-content\/uploads\/2021\/03\/prefettura_edited-696x848.jpg 696w, https:\/\/www.bellunopress.it\/wp-content\/uploads\/2021\/03\/prefettura_edited-345x420.jpg 345w\" sizes=\"auto, (max-width: 821px) 100vw, 821px\" \/><\/a>Belluno, 5 luglio 2021 &#8211; Questa mattina il ministro per i Rapporti con il Parlamento, Federico D&#8217;Inc\u00e0 ha incontrato il prefetto di Belluno Mariano Savastano.<\/p>\n<p>&#8220;\u00c8 stato un incontro estremamente importante e costruttivo: dal suo insediamento, il prefetto Savastano ha subito dimostrato attenzione nei confronti del bellunese, entrando in sintonia con il territorio e affrontando in breve tempo diverse tematiche relative alla sicurezza, al lavoro, agli eventi meteorologici e ai grandi appuntamenti sportivi che ci attendono&#8221; \u2013 ha commentato il ministro D&#8217;Inc\u00e0 al termine dell&#8217;incontro.<\/p>\n<p>Un ruolo, quello del prefetto, particolarmente rilevante e riconosciuto dagli amministratori locali anche in occasione delle emergenze climatiche degli ultimi anni: &#8220;Abbiamo discusso dei difficili eventi legati al maltempo \u2013 osserva D&#8217;Inc\u00e0 -, ripercorrendo gli effetti della tempesta Vaia sul territorio, fino alle ultime emergenze dello scorso dicembre e gennaio: la Prefettura continua ad essere un punto di riferimento fondamentale nell&#8217;affrontare le difficili calamit\u00e0 naturali, grazie anche all&#8217;efficace coordinamento con la Protezione Civile&#8221;.<\/p>\n<p>Al centro dell&#8217;incontro, l&#8217;attenzione sulle Olimpiadi del 2026: &#8220;La presenza del prefetto per il corretto svolgimento dei Mondiali di Sci di quest&#8217;anno si \u00e8 rivelata determinante e lo sar\u00e0 altrettanto nel lungo percorso verso le prossime Olimpiadi invernali. Siamo concordi sulla necessit\u00e0 di prestare la massima attenzione nei confronti delle principali opere infrastrutturali utili alla collettivit\u00e0, in particolare sulla viabilit\u00e0: bisogna terminare le varianti gi\u00e0 previste e realizzare il nodo di Longarone e la circonvallazione esterna di Cortina rispettando le dovute tempistiche&#8221;.<\/p>\n<p>Sul tema del lavoro, sono state affrontate anche le questioni riguardanti due importanti realt\u00e0 industriali, come l&#8217;Acc di Mel e l&#8217;Ideal Standard di Trichiana: &#8220;Stiamo seguendo la situazione degli stabilimenti che ricoprono un&#8217;assoluta rilevanza per l&#8217;intero territorio e per i dipendenti delle aziende: anche su questo tema c&#8217;\u00e8 la massima attenzione&#8221;.<\/p>\n<p>&#8220;Savastano \u2013 prosegue D&#8217;Inc\u00e0 \u2013 \u00e8 una persona di grande competenza e ha raccolto il testimone lasciato dai suoi colleghi, confermando la forte presenza dello Stato sul territorio: il prefetto Bracco, oggi capo della Segreteria del Dipartimento della Pubblica Sicurezza, i prefetti Cogode ed Esposito assieme al viceprefetto De Rogatis, hanno lavorato con intensit\u00e0 per il bellunese instaurando un proficuo rapporto di collaborazione sia con le istituzioni, sia con i cittadini. Con il Prefetto Savastano si continuer\u00e0 a collaborare a tutti i livelli istituzionali per affrontare al meglio le sfide delle nostre comunit\u00e0 \u2013 conclude il ministro D&#8217;Inc\u00e0&#8221;.<\/p>","protected":false},"excerpt":{"rendered":"<p>Belluno, 5 luglio 2021 &#8211; Questa mattina il ministro per i Rapporti con il Parlamento, Federico D&#8217;Inc\u00e0 ha incontrato il prefetto di Belluno Mariano Savastano. &#8220;\u00c8 stato un incontro estremamente importante e costruttivo: dal suo insediamento, il prefetto Savastano ha subito dimostrato attenzione nei confronti del bellunese, entrando in sintonia con il territorio e affrontando [&hellip;]<\/p>\n","protected":false},"author":2,"featured_media":122122,"comment_status":"closed","ping_status":"open","sticky":false,"template":"","format":"standard","meta":{"footnotes":""},"categories":[1],"tags":[],"class_list":["post-125760","post","type-post","status-publish","format-standard","has-post-thumbnail","category-leo"],"yoast_head":"<!-- This site is optimized with the Yoast SEO plugin v28.4 - https:\/\/yoast.com\/product\/yoast-seo-wordpress\/ -->\n<title>Incontro in Prefettura tra il prefetto Savastano e il ministro D&#039;Inc\u00e0\u00a0 - Bellunopress - Dolomiti<\/title>\n<meta name=\"robots\" content=\"index, follow, max-snippet:-1, max-image-preview:large, max-video-preview:-1\" \/>\n<link rel=\"canonical\" href=\"https:\/\/www.bellunopress.it\/fr\/2021\/07\/05\/incontro-in-prefettura-tra-il-prefetto-savastano-e-il-ministro-dinca\/\" \/>\n<meta property=\"og:locale\" content=\"fr_FR\" \/>\n<meta property=\"og:type\" content=\"article\" \/>\n<meta property=\"og:title\" content=\"Incontro in Prefettura tra il prefetto Savastano e il ministro D&#039;Inc\u00e0\u00a0 - Bellunopress - Dolomiti\" \/>\n<meta property=\"og:description\" content=\"Belluno, 5 luglio 2021 &#8211; Questa mattina il ministro per i Rapporti con il Parlamento, Federico D&#8217;Inc\u00e0 ha incontrato il prefetto di Belluno Mariano Savastano. &#8220;\u00c8 stato un incontro estremamente importante e costruttivo: dal suo insediamento, il prefetto Savastano ha subito dimostrato attenzione nei confronti del bellunese, entrando in sintonia con il territorio e affrontando [&hellip;]\" \/>\n<meta property=\"og:url\" content=\"https:\/\/www.bellunopress.it\/fr\/2021\/07\/05\/incontro-in-prefettura-tra-il-prefetto-savastano-e-il-ministro-dinca\/\" \/>\n<meta property=\"og:site_name\" content=\"Bellunopress - Dolomiti\" \/>\n<meta property=\"article:publisher\" content=\"https:\/\/www.facebook.com\/profile.php?id=100008943462799\" \/>\n<meta property=\"article:published_time\" content=\"2021-07-05T15:07:09+00:00\" \/>\n<meta property=\"og:image\" content=\"https:\/\/www.bellunopress.it\/wp-content\/uploads\/2021\/03\/prefettura_edited.jpg\" \/>\n\t<meta property=\"og:image:width\" content=\"821\" \/>\n\t<meta property=\"og:image:height\" content=\"1000\" \/>\n\t<meta property=\"og:image:type\" content=\"image\/jpeg\" \/>\n<meta name=\"author\" content=\"redazione\" \/>\n<meta name=\"twitter:card\" content=\"summary_large_image\" \/>\n<meta name=\"twitter:creator\" content=\"@bellunopress\" \/>\n<meta name=\"twitter:site\" content=\"@bellunopress\" \/>\n<meta name=\"twitter:label1\" content=\"\u00c9crit par\" \/>\n\t<meta name=\"twitter:data1\" content=\"redazione\" \/>\n\t<meta name=\"twitter:label2\" content=\"Dur\u00e9e de lecture estim\u00e9e\" \/>\n\t<meta name=\"twitter:data2\" content=\"2 minutes\" \/>\n<script type=\"application\/ld+json\" class=\"yoast-schema-graph\">{\"@context\":\"https:\\\/\\\/schema.org\",\"@graph\":[{\"@type\":\"Article\",\"@id\":\"https:\\\/\\\/www.bellunopress.it\\\/2021\\\/07\\\/05\\\/incontro-in-prefettura-tra-il-prefetto-savastano-e-il-ministro-dinca\\\/#article\",\"isPartOf\":{\"@id\":\"https:\\\/\\\/www.bellunopress.it\\\/2021\\\/07\\\/05\\\/incontro-in-prefettura-tra-il-prefetto-savastano-e-il-ministro-dinca\\\/\"},\"author\":{\"name\":\"redazione\",\"@id\":\"https:\\\/\\\/www.bellunopress.it\\\/#\\\/schema\\\/person\\\/79bb06722b37ece1c03d3e94beb30d73\"},\"headline\":\"Incontro in Prefettura tra il prefetto Savastano e il ministro D&#8217;Inc\u00e0\u00a0\",\"datePublished\":\"2021-07-05T15:07:09+00:00\",\"mainEntityOfPage\":{\"@id\":\"https:\\\/\\\/www.bellunopress.it\\\/2021\\\/07\\\/05\\\/incontro-in-prefettura-tra-il-prefetto-savastano-e-il-ministro-dinca\\\/\"},\"wordCount\":405,\"publisher\":{\"@id\":\"https:\\\/\\\/www.bellunopress.it\\\/#organization\"},\"image\":{\"@id\":\"https:\\\/\\\/www.bellunopress.it\\\/2021\\\/07\\\/05\\\/incontro-in-prefettura-tra-il-prefetto-savastano-e-il-ministro-dinca\\\/#primaryimage\"},\"thumbnailUrl\":\"https:\\\/\\\/www.bellunopress.it\\\/wp-content\\\/uploads\\\/2021\\\/03\\\/prefettura_edited.jpg\",\"articleSection\":[\"Lettere Opinioni\"],\"inLanguage\":\"fr-FR\"},{\"@type\":\"WebPage\",\"@id\":\"https:\\\/\\\/www.bellunopress.it\\\/2021\\\/07\\\/05\\\/incontro-in-prefettura-tra-il-prefetto-savastano-e-il-ministro-dinca\\\/\",\"url\":\"https:\\\/\\\/www.bellunopress.it\\\/2021\\\/07\\\/05\\\/incontro-in-prefettura-tra-il-prefetto-savastano-e-il-ministro-dinca\\\/\",\"name\":\"Incontro in Prefettura tra il prefetto Savastano e il ministro D'Inc\u00e0\u00a0 - Bellunopress - Dolomiti\",\"isPartOf\":{\"@id\":\"https:\\\/\\\/www.bellunopress.it\\\/#website\"},\"primaryImageOfPage\":{\"@id\":\"https:\\\/\\\/www.bellunopress.it\\\/2021\\\/07\\\/05\\\/incontro-in-prefettura-tra-il-prefetto-savastano-e-il-ministro-dinca\\\/#primaryimage\"},\"image\":{\"@id\":\"https:\\\/\\\/www.bellunopress.it\\\/2021\\\/07\\\/05\\\/incontro-in-prefettura-tra-il-prefetto-savastano-e-il-ministro-dinca\\\/#primaryimage\"},\"thumbnailUrl\":\"https:\\\/\\\/www.bellunopress.it\\\/wp-content\\\/uploads\\\/2021\\\/03\\\/prefettura_edited.jpg\",\"datePublished\":\"2021-07-05T15:07:09+00:00\",\"breadcrumb\":{\"@id\":\"https:\\\/\\\/www.bellunopress.it\\\/2021\\\/07\\\/05\\\/incontro-in-prefettura-tra-il-prefetto-savastano-e-il-ministro-dinca\\\/#breadcrumb\"},\"inLanguage\":\"fr-FR\",\"potentialAction\":[{\"@type\":\"ReadAction\",\"target\":[\"https:\\\/\\\/www.bellunopress.it\\\/2021\\\/07\\\/05\\\/incontro-in-prefettura-tra-il-prefetto-savastano-e-il-ministro-dinca\\\/\"]}]},{\"@type\":\"ImageObject\",\"inLanguage\":\"fr-FR\",\"@id\":\"https:\\\/\\\/www.bellunopress.it\\\/2021\\\/07\\\/05\\\/incontro-in-prefettura-tra-il-prefetto-savastano-e-il-ministro-dinca\\\/#primaryimage\",\"url\":\"https:\\\/\\\/www.bellunopress.it\\\/wp-content\\\/uploads\\\/2021\\\/03\\\/prefettura_edited.jpg\",\"contentUrl\":\"https:\\\/\\\/www.bellunopress.it\\\/wp-content\\\/uploads\\\/2021\\\/03\\\/prefettura_edited.jpg\",\"width\":821,\"height\":1000,\"caption\":\"Prefettura di Belluno\"},{\"@type\":\"BreadcrumbList\",\"@id\":\"https:\\\/\\\/www.bellunopress.it\\\/2021\\\/07\\\/05\\\/incontro-in-prefettura-tra-il-prefetto-savastano-e-il-ministro-dinca\\\/#breadcrumb\",\"itemListElement\":[{\"@type\":\"ListItem\",\"position\":1,\"name\":\"Home\",\"item\":\"https:\\\/\\\/www.bellunopress.it\\\/\"},{\"@type\":\"ListItem\",\"position\":2,\"name\":\"Incontro in Prefettura tra il prefetto Savastano e il ministro D&#8217;Inc\u00e0\u00a0\"}]},{\"@type\":\"WebSite\",\"@id\":\"https:\\\/\\\/www.bellunopress.it\\\/#website\",\"url\":\"https:\\\/\\\/www.bellunopress.it\\\/\",\"name\":\"Bellunopress - Dolomiti\",\"description\":\"e-mail: redazione@bellunopress.it\",\"publisher\":{\"@id\":\"https:\\\/\\\/www.bellunopress.it\\\/#organization\"},\"potentialAction\":[{\"@type\":\"SearchAction\",\"target\":{\"@type\":\"EntryPoint\",\"urlTemplate\":\"https:\\\/\\\/www.bellunopress.it\\\/?s={search_term_string}\"},\"query-input\":{\"@type\":\"PropertyValueSpecification\",\"valueRequired\":true,\"valueName\":\"search_term_string\"}}],\"inLanguage\":\"fr-FR\"},{\"@type\":\"Organization\",\"@id\":\"https:\\\/\\\/www.bellunopress.it\\\/#organization\",\"name\":\"Bellunopress\",\"url\":\"https:\\\/\\\/www.bellunopress.it\\\/\",\"logo\":{\"@type\":\"ImageObject\",\"inLanguage\":\"fr-FR\",\"@id\":\"https:\\\/\\\/www.bellunopress.it\\\/#\\\/schema\\\/logo\\\/image\\\/\",\"url\":\"https:\\\/\\\/www.bellunopress.it\\\/wp-content\\\/uploads\\\/2011\\\/05\\\/cropped-logo-bellunopress-.jpg\",\"contentUrl\":\"https:\\\/\\\/www.bellunopress.it\\\/wp-content\\\/uploads\\\/2011\\\/05\\\/cropped-logo-bellunopress-.jpg\",\"width\":512,\"height\":512,\"caption\":\"Bellunopress\"},\"image\":{\"@id\":\"https:\\\/\\\/www.bellunopress.it\\\/#\\\/schema\\\/logo\\\/image\\\/\"},\"sameAs\":[\"https:\\\/\\\/www.facebook.com\\\/profile.php?id=100008943462799\",\"https:\\\/\\\/x.com\\\/bellunopress\",\"https:\\\/\\\/www.linkedin.com\\\/hp\\\/?dnr=JBzUWaJfMUw8vbXJJ2tVW5-I3jZKvC4wsoxE&amp;amp;amp;amp;amp;amp;trk=nav_responsive_tab_home\",\"https:\\\/\\\/www.youtube.com\\\/channel\\\/UCxL0wu1uN0_3_7hGG0306cw\"]},{\"@type\":\"Person\",\"@id\":\"https:\\\/\\\/www.bellunopress.it\\\/#\\\/schema\\\/person\\\/79bb06722b37ece1c03d3e94beb30d73\",\"name\":\"redazione\",\"image\":{\"@type\":\"ImageObject\",\"inLanguage\":\"fr-FR\",\"@id\":\"https:\\\/\\\/secure.gravatar.com\\\/avatar\\\/37d968a2e67a6fd04c169c4bdef102d0bc5d31b2546345219e348575eb80e9a0?s=96&d=mm&r=g\",\"url\":\"https:\\\/\\\/secure.gravatar.com\\\/avatar\\\/37d968a2e67a6fd04c169c4bdef102d0bc5d31b2546345219e348575eb80e9a0?s=96&d=mm&r=g\",\"contentUrl\":\"https:\\\/\\\/secure.gravatar.com\\\/avatar\\\/37d968a2e67a6fd04c169c4bdef102d0bc5d31b2546345219e348575eb80e9a0?s=96&d=mm&r=g\",\"caption\":\"redazione\"},\"sameAs\":[\"http:\\\/\\\/www.bellunopress.it\",\"https:\\\/\\\/x.com\\\/bellunopress\"],\"url\":\"https:\\\/\\\/www.bellunopress.it\\\/fr\\\/author\\\/redazione\\\/\"}]}<\/script>\n<!-- \/ Yoast SEO plugin. -->","yoast_head_json":{"title":"Incontro in Prefettura tra il prefetto Savastano e il ministro D'Inc\u00e0\u00a0 - Bellunopress - Dolomiti","robots":{"index":"index","follow":"follow","max-snippet":"max-snippet:-1","max-image-preview":"max-image-preview:large","max-video-preview":"max-video-preview:-1"},"canonical":"https:\/\/www.bellunopress.it\/fr\/2021\/07\/05\/incontro-in-prefettura-tra-il-prefetto-savastano-e-il-ministro-dinca\/","og_locale":"fr_FR","og_type":"article","og_title":"Incontro in Prefettura tra il prefetto Savastano e il ministro D'Inc\u00e0\u00a0 - Bellunopress - Dolomiti","og_description":"Belluno, 5 luglio 2021 &#8211; Questa mattina il ministro per i Rapporti con il Parlamento, Federico D&#8217;Inc\u00e0 ha incontrato il prefetto di Belluno Mariano Savastano. &#8220;\u00c8 stato un incontro estremamente importante e costruttivo: dal suo insediamento, il prefetto Savastano ha subito dimostrato attenzione nei confronti del bellunese, entrando in sintonia con il territorio e affrontando [&hellip;]","og_url":"https:\/\/www.bellunopress.it\/fr\/2021\/07\/05\/incontro-in-prefettura-tra-il-prefetto-savastano-e-il-ministro-dinca\/","og_site_name":"Bellunopress - Dolomiti","article_publisher":"https:\/\/www.facebook.com\/profile.php?id=100008943462799","article_published_time":"2021-07-05T15:07:09+00:00","og_image":[{"width":821,"height":1000,"url":"https:\/\/www.bellunopress.it\/wp-content\/uploads\/2021\/03\/prefettura_edited.jpg","type":"image\/jpeg"}],"author":"redazione","twitter_card":"summary_large_image","twitter_creator":"@bellunopress","twitter_site":"@bellunopress","twitter_misc":{"\u00c9crit par":"redazione","Dur\u00e9e de lecture estim\u00e9e":"2 minutes"},"schema":{"@context":"https:\/\/schema.org","@graph":[{"@type":"Article","@id":"https:\/\/www.bellunopress.it\/2021\/07\/05\/incontro-in-prefettura-tra-il-prefetto-savastano-e-il-ministro-dinca\/#article","isPartOf":{"@id":"https:\/\/www.bellunopress.it\/2021\/07\/05\/incontro-in-prefettura-tra-il-prefetto-savastano-e-il-ministro-dinca\/"},"author":{"name":"redazione","@id":"https:\/\/www.bellunopress.it\/#\/schema\/person\/79bb06722b37ece1c03d3e94beb30d73"},"headline":"Incontro in Prefettura tra il prefetto Savastano e il ministro D&#8217;Inc\u00e0\u00a0","datePublished":"2021-07-05T15:07:09+00:00","mainEntityOfPage":{"@id":"https:\/\/www.bellunopress.it\/2021\/07\/05\/incontro-in-prefettura-tra-il-prefetto-savastano-e-il-ministro-dinca\/"},"wordCount":405,"publisher":{"@id":"https:\/\/www.bellunopress.it\/#organization"},"image":{"@id":"https:\/\/www.bellunopress.it\/2021\/07\/05\/incontro-in-prefettura-tra-il-prefetto-savastano-e-il-ministro-dinca\/#primaryimage"},"thumbnailUrl":"https:\/\/www.bellunopress.it\/wp-content\/uploads\/2021\/03\/prefettura_edited.jpg","articleSection":["Lettere Opinioni"],"inLanguage":"fr-FR"},{"@type":"WebPage","@id":"https:\/\/www.bellunopress.it\/2021\/07\/05\/incontro-in-prefettura-tra-il-prefetto-savastano-e-il-ministro-dinca\/","url":"https:\/\/www.bellunopress.it\/2021\/07\/05\/incontro-in-prefettura-tra-il-prefetto-savastano-e-il-ministro-dinca\/","name":"Incontro in Prefettura tra il prefetto Savastano e il ministro D'Inc\u00e0\u00a0 - Bellunopress - Dolomiti","isPartOf":{"@id":"https:\/\/www.bellunopress.it\/#website"},"primaryImageOfPage":{"@id":"https:\/\/www.bellunopress.it\/2021\/07\/05\/incontro-in-prefettura-tra-il-prefetto-savastano-e-il-ministro-dinca\/#primaryimage"},"image":{"@id":"https:\/\/www.bellunopress.it\/2021\/07\/05\/incontro-in-prefettura-tra-il-prefetto-savastano-e-il-ministro-dinca\/#primaryimage"},"thumbnailUrl":"https:\/\/www.bellunopress.it\/wp-content\/uploads\/2021\/03\/prefettura_edited.jpg","datePublished":"2021-07-05T15:07:09+00:00","breadcrumb":{"@id":"https:\/\/www.bellunopress.it\/2021\/07\/05\/incontro-in-prefettura-tra-il-prefetto-savastano-e-il-ministro-dinca\/#breadcrumb"},"inLanguage":"fr-FR","potentialAction":[{"@type":"ReadAction","target":["https:\/\/www.bellunopress.it\/2021\/07\/05\/incontro-in-prefettura-tra-il-prefetto-savastano-e-il-ministro-dinca\/"]}]},{"@type":"ImageObject","inLanguage":"fr-FR","@id":"https:\/\/www.bellunopress.it\/2021\/07\/05\/incontro-in-prefettura-tra-il-prefetto-savastano-e-il-ministro-dinca\/#primaryimage","url":"https:\/\/www.bellunopress.it\/wp-content\/uploads\/2021\/03\/prefettura_edited.jpg","contentUrl":"https:\/\/www.bellunopress.it\/wp-content\/uploads\/2021\/03\/prefettura_edited.jpg","width":821,"height":1000,"caption":"Prefettura di Belluno"},{"@type":"BreadcrumbList","@id":"https:\/\/www.bellunopress.it\/2021\/07\/05\/incontro-in-prefettura-tra-il-prefetto-savastano-e-il-ministro-dinca\/#breadcrumb","itemListElement":[{"@type":"ListItem","position":1,"name":"Home","item":"https:\/\/www.bellunopress.it\/"},{"@type":"ListItem","position":2,"name":"Incontro in Prefettura tra il prefetto Savastano e il ministro D&#8217;Inc\u00e0\u00a0"}]},{"@type":"WebSite","@id":"https:\/\/www.bellunopress.it\/#website","url":"https:\/\/www.bellunopress.it\/","name":"Bellunopress - Dolomiti","description":"e-mail: redazione@bellunopress.it","publisher":{"@id":"https:\/\/www.bellunopress.it\/#organization"},"potentialAction":[{"@type":"SearchAction","target":{"@type":"EntryPoint","urlTemplate":"https:\/\/www.bellunopress.it\/?s={search_term_string}"},"query-input":{"@type":"PropertyValueSpecification","valueRequired":true,"valueName":"search_term_string"}}],"inLanguage":"fr-FR"},{"@type":"Organization","@id":"https:\/\/www.bellunopress.it\/#organization","name":"Bellunopress","url":"https:\/\/www.bellunopress.it\/","logo":{"@type":"ImageObject","inLanguage":"fr-FR","@id":"https:\/\/www.bellunopress.it\/#\/schema\/logo\/image\/","url":"https:\/\/www.bellunopress.it\/wp-content\/uploads\/2011\/05\/cropped-logo-bellunopress-.jpg","contentUrl":"https:\/\/www.bellunopress.it\/wp-content\/uploads\/2011\/05\/cropped-logo-bellunopress-.jpg","width":512,"height":512,"caption":"Bellunopress"},"image":{"@id":"https:\/\/www.bellunopress.it\/#\/schema\/logo\/image\/"},"sameAs":["https:\/\/www.facebook.com\/profile.php?id=100008943462799","https:\/\/x.com\/bellunopress","https:\/\/www.linkedin.com\/hp\/?dnr=JBzUWaJfMUw8vbXJJ2tVW5-I3jZKvC4wsoxE&amp;amp;amp;amp;amp;amp;trk=nav_responsive_tab_home","https:\/\/www.youtube.com\/channel\/UCxL0wu1uN0_3_7hGG0306cw"]},{"@type":"Person","@id":"https:\/\/www.bellunopress.it\/#\/schema\/person\/79bb06722b37ece1c03d3e94beb30d73","name":"r\u00e9daction","image":{"@type":"ImageObject","inLanguage":"fr-FR","@id":"https:\/\/secure.gravatar.com\/avatar\/37d968a2e67a6fd04c169c4bdef102d0bc5d31b2546345219e348575eb80e9a0?s=96&d=mm&r=g","url":"https:\/\/secure.gravatar.com\/avatar\/37d968a2e67a6fd04c169c4bdef102d0bc5d31b2546345219e348575eb80e9a0?s=96&d=mm&r=g","contentUrl":"https:\/\/secure.gravatar.com\/avatar\/37d968a2e67a6fd04c169c4bdef102d0bc5d31b2546345219e348575eb80e9a0?s=96&d=mm&r=g","caption":"redazione"},"sameAs":["http:\/\/www.bellunopress.it","https:\/\/x.com\/bellunopress"],"url":"https:\/\/www.bellunopress.it\/fr\/author\/redazione\/"}]}},"_links":{"self":[{"href":"https:\/\/www.bellunopress.it\/fr\/wp-json\/wp\/v2\/posts\/125760","targetHints":{"allow":["GET"]}}],"collection":[{"href":"https:\/\/www.bellunopress.it\/fr\/wp-json\/wp\/v2\/posts"}],"about":[{"href":"https:\/\/www.bellunopress.it\/fr\/wp-json\/wp\/v2\/types\/post"}],"author":[{"embeddable":true,"href":"https:\/\/www.bellunopress.it\/fr\/wp-json\/wp\/v2\/users\/2"}],"replies":[{"embeddable":true,"href":"https:\/\/www.bellunopress.it\/fr\/wp-json\/wp\/v2\/comments?post=125760"}],"version-history":[{"count":1,"href":"https:\/\/www.bellunopress.it\/fr\/wp-json\/wp\/v2\/posts\/125760\/revisions"}],"predecessor-version":[{"id":125761,"href":"https:\/\/www.bellunopress.it\/fr\/wp-json\/wp\/v2\/posts\/125760\/revisions\/125761"}],"wp:featuredmedia":[{"embeddable":true,"href":"https:\/\/www.bellunopress.it\/fr\/wp-json\/wp\/v2\/media\/122122"}],"wp:attachment":[{"href":"https:\/\/www.bellunopress.it\/fr\/wp-json\/wp\/v2\/media?parent=125760"}],"wp:term":[{"taxonomy":"category","embeddable":true,"href":"https:\/\/www.bellunopress.it\/fr\/wp-json\/wp\/v2\/categories?post=125760"},{"taxonomy":"post_tag","embeddable":true,"href":"https:\/\/www.bellunopress.it\/fr\/wp-json\/wp\/v2\/tags?post=125760"}],"curies":[{"name":"wp","href":"https:\/\/api.w.org\/{rel}","templated":true}]}}