{"id":125753,"date":"2021-07-05T15:40:11","date_gmt":"2021-07-05T13:40:11","guid":{"rendered":"https:\/\/www.bellunopress.it\/?p=125753"},"modified":"2021-07-05T15:40:13","modified_gmt":"2021-07-05T13:40:13","slug":"epsonaldo-the-underdogs-mostra-di-alessandro-sambini-alla-cooperativa-di-cortina-e-alla-libreria-sovilla","status":"publish","type":"post","link":"https:\/\/www.bellunopress.it\/fr\/2021\/07\/05\/epsonaldo-the-underdogs-mostra-di-alessandro-sambini-alla-cooperativa-di-cortina-e-alla-libreria-sovilla\/","title":{"rendered":"Epsonaldo &#038; The Underdogs. Mostra di Alessandro Sambini alla Cooperativa di Cortina\u00a0 e alla Libreria Sovilla"},"content":{"rendered":"<p><em><a href=\"https:\/\/www.bellunopress.it\/fr\/2021\/07\/05\/epsonaldo-the-underdogs-mostra-di-alessandro-sambini-alla-cooperativa-di-cortina-e-alla-libreria-sovilla\/epsonaldo-and-the-underdogs_a_edited\/\" rel=\"attachment wp-att-125754\"><img loading=\"lazy\" decoding=\"async\" class=\"alignleft size-full wp-image-125754\" src=\"https:\/\/www.bellunopress.it\/wp-content\/uploads\/2021\/07\/Epsonaldo-and-The-Underdogs_A_edited.jpg\" alt=\"\" width=\"800\" height=\"533\" srcset=\"https:\/\/www.bellunopress.it\/wp-content\/uploads\/2021\/07\/Epsonaldo-and-The-Underdogs_A_edited.jpg 800w, https:\/\/www.bellunopress.it\/wp-content\/uploads\/2021\/07\/Epsonaldo-and-The-Underdogs_A_edited-500x333.jpg 500w, https:\/\/www.bellunopress.it\/wp-content\/uploads\/2021\/07\/Epsonaldo-and-The-Underdogs_A_edited-696x464.jpg 696w, https:\/\/www.bellunopress.it\/wp-content\/uploads\/2021\/07\/Epsonaldo-and-The-Underdogs_A_edited-630x420.jpg 630w\" sizes=\"auto, (max-width: 800px) 100vw, 800px\" \/><\/a>Dal 17 luglio al 3 settembre. Cooperativa di Cortina e Libreria Sovilla. orario 10.00-20.00.<\/em><br \/>\n<em>Ingresso libero.\u00a0Opening Sabato 17 luglio, ore 17.00 Cortina d\u2019Ampezzo, La Cooperativa di Cortina, Corso Italia 40.<\/em><\/p>\n<p><em>Epsonaldo &amp; The Underdogs, mostra personale di Alessandro Sambini<\/em><br \/>\n<em>a cura di Gianluca D\u2019Inc\u00e0 Levis (Dolomiti Contemporanee), con l\u2019assistenza di Giovanna Repetto e Matteo Razzano e la consulenza di Gabriele Greco.<\/em><\/p>\n<p>Il progetto ha visto l\u2019artista impegnato a Cortina per alcuni mesi. Supportato da Dolomiti Contemporanee, da Cortina for Us e dal Comune di Cortina d\u2019Ampezzo, Sambini ha lavorato insieme agli studenti ed ai docenti (Mauro Menego, Luca De Moliner, Italo Pradella) del Liceo Artistico e del Laboratorio di falegnameria, realizzando alcuni oggetti lignei particolari attraverso la reinterpretazione di tecniche tradizionali ampezzane, e trasformandoli in dispositivi rampanti di approccio alla storia e alla cultura del territorio. Il lavoro prende spunto anche da alcuni temi legati al Cortina Design Weekend.<br \/>\nSi ritiene che un vivo pulchro custode grammostolo avr\u00e0 cura di esso.<\/p>\n<p>Epsonaldo &amp; the Underdogs \u00e8 anche un progetto collaborativo sul tema delle scatole commerciali (l&#8217;involucro dei beni di consumo che acquistiamo), e di cui, alle volte, non riusciamo a disfarci. I ragazzi delle classi terza e quarta del Liceo Artistico di Cortina hanno ricopiato due scatole abbandonate, rinvenute nella scuola, trasformandole in sculture di legno intagliate e intarsiate. Al loro interno hanno depositato alcuni messaggi personali per il futuro, nel caso in cui qualcuno, venuto dalla terra o dallo spazio, dovesse decidere di aprirle.<br \/>\nNel titolo della mostra, un riferimento a Fitzcarraldo (e a Epson): la nave in questo caso \u00e8 la scatola rilegnata, che porta i messaggi ed i sensi dei ragazzi della scuola altrove. Altrove, questo viaggio, del senso appunto, che sempre l&#8217;arte compie, conducendoci oltrefiume. L&#8217;altro riferimento \u00e8 al deuteragonista che diviene protagonista (underdog): sulla scatola d&#8217;imballo (il contenitore) ci si concentra qui, facendone l&#8217;attore primo: e come mai? In realt\u00e0, l&#8217;oggetto di consumo (il contenuto) pu\u00f2 perdere presto la sua aura commerciale, superato dall&#8217;aggiornamento tecnologico, nel bulimico inseguimento, oppure rotto o smarrito, e comunque: ridimensionato. La scatola invece resta, su una mensola, in un magazzino. Un vuoto pieno d&#8217;eco? Non sai dove metterla. Cosa conservi con essa? Tirchieria collezionistica? Ridondante psichismo feticista? L&#8217;eros della custodia? Incertezza e tremolanza logistica?<\/p>\n<p>Il lavoro viene installato in una vetrina della Cooperativa su Corso Italia e presso la Libreria Sovilla.<br \/>\nLa mostra sar\u00e0 visitabile durante gli orari d&#8217;apertura dei due esercizi. Ingresso libero.<\/p>\n<p>Nel corso dell\u2019inaugurazione, l\u2019artista realizzer\u00e0 una performance all\u2019interno della Cooperativa.<br \/>\nSi ringraziano: le Regole d\u2019Ampezzo, il Presidente di Cortina for Us Franco Sovilla, il preside del Liceo Artistico di Cortina Mario Baldasso, la direttrice della Cooperativa di Cortina Emanuela de Zanna, l&#8217;Assessore alla Cultura del Comune di Cortina Paola Coletti, l&#8217;Associazione Aracnofilia.<\/p>\n<p>&nbsp;<\/p>","protected":false},"excerpt":{"rendered":"<p>Dal 17 luglio al 3 settembre. Cooperativa di Cortina e Libreria Sovilla. orario 10.00-20.00. Ingresso libero.\u00a0Opening Sabato 17 luglio, ore 17.00 Cortina d\u2019Ampezzo, La Cooperativa di Cortina, Corso Italia 40. Epsonaldo &amp; The Underdogs, mostra personale di Alessandro Sambini a cura di Gianluca D\u2019Inc\u00e0 Levis (Dolomiti Contemporanee), con l\u2019assistenza di Giovanna Repetto e Matteo Razzano [&hellip;]<\/p>\n","protected":false},"author":2,"featured_media":125754,"comment_status":"closed","ping_status":"open","sticky":false,"template":"","format":"standard","meta":{"footnotes":""},"categories":[27,3],"tags":[],"class_list":["post-125753","post","type-post","status-publish","format-standard","has-post-thumbnail","category-appuntamenti","category-arte-cultura-spettacoli-scienza-archivi"],"yoast_head":"<!-- This site is optimized with the Yoast SEO plugin v28.4 - https:\/\/yoast.com\/product\/yoast-seo-wordpress\/ -->\n<title>Epsonaldo &amp; The Underdogs. Mostra di Alessandro Sambini alla Cooperativa di Cortina\u00a0 e alla Libreria Sovilla - Bellunopress - Dolomiti<\/title>\n<meta name=\"robots\" content=\"index, follow, max-snippet:-1, max-image-preview:large, max-video-preview:-1\" \/>\n<link rel=\"canonical\" href=\"https:\/\/www.bellunopress.it\/fr\/2021\/07\/05\/epsonaldo-the-underdogs-mostra-di-alessandro-sambini-alla-cooperativa-di-cortina-e-alla-libreria-sovilla\/\" \/>\n<meta property=\"og:locale\" content=\"fr_FR\" \/>\n<meta property=\"og:type\" content=\"article\" \/>\n<meta property=\"og:title\" content=\"Epsonaldo &amp; The Underdogs. Mostra di Alessandro Sambini alla Cooperativa di Cortina\u00a0 e alla Libreria Sovilla - Bellunopress - Dolomiti\" \/>\n<meta property=\"og:description\" content=\"Dal 17 luglio al 3 settembre. Cooperativa di Cortina e Libreria Sovilla. orario 10.00-20.00. Ingresso libero.\u00a0Opening Sabato 17 luglio, ore 17.00 Cortina d\u2019Ampezzo, La Cooperativa di Cortina, Corso Italia 40. Epsonaldo &amp; The Underdogs, mostra personale di Alessandro Sambini a cura di Gianluca D\u2019Inc\u00e0 Levis (Dolomiti Contemporanee), con l\u2019assistenza di Giovanna Repetto e Matteo Razzano [&hellip;]\" \/>\n<meta property=\"og:url\" content=\"https:\/\/www.bellunopress.it\/fr\/2021\/07\/05\/epsonaldo-the-underdogs-mostra-di-alessandro-sambini-alla-cooperativa-di-cortina-e-alla-libreria-sovilla\/\" \/>\n<meta property=\"og:site_name\" content=\"Bellunopress - Dolomiti\" \/>\n<meta property=\"article:publisher\" content=\"https:\/\/www.facebook.com\/profile.php?id=100008943462799\" \/>\n<meta property=\"article:published_time\" content=\"2021-07-05T13:40:11+00:00\" \/>\n<meta property=\"article:modified_time\" content=\"2021-07-05T13:40:13+00:00\" \/>\n<meta property=\"og:image\" content=\"https:\/\/www.bellunopress.it\/wp-content\/uploads\/2021\/07\/Epsonaldo-and-The-Underdogs_A_edited.jpg\" \/>\n\t<meta property=\"og:image:width\" content=\"800\" \/>\n\t<meta property=\"og:image:height\" content=\"533\" \/>\n\t<meta property=\"og:image:type\" content=\"image\/jpeg\" \/>\n<meta name=\"author\" content=\"redazione\" \/>\n<meta name=\"twitter:card\" content=\"summary_large_image\" \/>\n<meta name=\"twitter:creator\" content=\"@bellunopress\" \/>\n<meta name=\"twitter:site\" content=\"@bellunopress\" \/>\n<meta name=\"twitter:label1\" content=\"\u00c9crit par\" \/>\n\t<meta name=\"twitter:data1\" content=\"redazione\" \/>\n\t<meta name=\"twitter:label2\" content=\"Dur\u00e9e de lecture estim\u00e9e\" \/>\n\t<meta name=\"twitter:data2\" content=\"3 minutes\" \/>\n<script type=\"application\/ld+json\" class=\"yoast-schema-graph\">{\"@context\":\"https:\\\/\\\/schema.org\",\"@graph\":[{\"@type\":\"Article\",\"@id\":\"https:\\\/\\\/www.bellunopress.it\\\/2021\\\/07\\\/05\\\/epsonaldo-the-underdogs-mostra-di-alessandro-sambini-alla-cooperativa-di-cortina-e-alla-libreria-sovilla\\\/#article\",\"isPartOf\":{\"@id\":\"https:\\\/\\\/www.bellunopress.it\\\/2021\\\/07\\\/05\\\/epsonaldo-the-underdogs-mostra-di-alessandro-sambini-alla-cooperativa-di-cortina-e-alla-libreria-sovilla\\\/\"},\"author\":{\"name\":\"redazione\",\"@id\":\"https:\\\/\\\/www.bellunopress.it\\\/#\\\/schema\\\/person\\\/79bb06722b37ece1c03d3e94beb30d73\"},\"headline\":\"Epsonaldo &#038; The Underdogs. Mostra di Alessandro Sambini alla Cooperativa di Cortina\u00a0 e alla Libreria Sovilla\",\"datePublished\":\"2021-07-05T13:40:11+00:00\",\"dateModified\":\"2021-07-05T13:40:13+00:00\",\"mainEntityOfPage\":{\"@id\":\"https:\\\/\\\/www.bellunopress.it\\\/2021\\\/07\\\/05\\\/epsonaldo-the-underdogs-mostra-di-alessandro-sambini-alla-cooperativa-di-cortina-e-alla-libreria-sovilla\\\/\"},\"wordCount\":486,\"publisher\":{\"@id\":\"https:\\\/\\\/www.bellunopress.it\\\/#organization\"},\"image\":{\"@id\":\"https:\\\/\\\/www.bellunopress.it\\\/2021\\\/07\\\/05\\\/epsonaldo-the-underdogs-mostra-di-alessandro-sambini-alla-cooperativa-di-cortina-e-alla-libreria-sovilla\\\/#primaryimage\"},\"thumbnailUrl\":\"https:\\\/\\\/www.bellunopress.it\\\/wp-content\\\/uploads\\\/2021\\\/07\\\/Epsonaldo-and-The-Underdogs_A_edited.jpg\",\"articleSection\":[\"Appuntamenti, Eventi\",\"Arte, Cultura, Spettacoli, Scienza\"],\"inLanguage\":\"fr-FR\"},{\"@type\":\"WebPage\",\"@id\":\"https:\\\/\\\/www.bellunopress.it\\\/2021\\\/07\\\/05\\\/epsonaldo-the-underdogs-mostra-di-alessandro-sambini-alla-cooperativa-di-cortina-e-alla-libreria-sovilla\\\/\",\"url\":\"https:\\\/\\\/www.bellunopress.it\\\/2021\\\/07\\\/05\\\/epsonaldo-the-underdogs-mostra-di-alessandro-sambini-alla-cooperativa-di-cortina-e-alla-libreria-sovilla\\\/\",\"name\":\"Epsonaldo & The Underdogs. Mostra di Alessandro Sambini alla Cooperativa di Cortina\u00a0 e alla Libreria Sovilla - Bellunopress - Dolomiti\",\"isPartOf\":{\"@id\":\"https:\\\/\\\/www.bellunopress.it\\\/#website\"},\"primaryImageOfPage\":{\"@id\":\"https:\\\/\\\/www.bellunopress.it\\\/2021\\\/07\\\/05\\\/epsonaldo-the-underdogs-mostra-di-alessandro-sambini-alla-cooperativa-di-cortina-e-alla-libreria-sovilla\\\/#primaryimage\"},\"image\":{\"@id\":\"https:\\\/\\\/www.bellunopress.it\\\/2021\\\/07\\\/05\\\/epsonaldo-the-underdogs-mostra-di-alessandro-sambini-alla-cooperativa-di-cortina-e-alla-libreria-sovilla\\\/#primaryimage\"},\"thumbnailUrl\":\"https:\\\/\\\/www.bellunopress.it\\\/wp-content\\\/uploads\\\/2021\\\/07\\\/Epsonaldo-and-The-Underdogs_A_edited.jpg\",\"datePublished\":\"2021-07-05T13:40:11+00:00\",\"dateModified\":\"2021-07-05T13:40:13+00:00\",\"breadcrumb\":{\"@id\":\"https:\\\/\\\/www.bellunopress.it\\\/2021\\\/07\\\/05\\\/epsonaldo-the-underdogs-mostra-di-alessandro-sambini-alla-cooperativa-di-cortina-e-alla-libreria-sovilla\\\/#breadcrumb\"},\"inLanguage\":\"fr-FR\",\"potentialAction\":[{\"@type\":\"ReadAction\",\"target\":[\"https:\\\/\\\/www.bellunopress.it\\\/2021\\\/07\\\/05\\\/epsonaldo-the-underdogs-mostra-di-alessandro-sambini-alla-cooperativa-di-cortina-e-alla-libreria-sovilla\\\/\"]}]},{\"@type\":\"ImageObject\",\"inLanguage\":\"fr-FR\",\"@id\":\"https:\\\/\\\/www.bellunopress.it\\\/2021\\\/07\\\/05\\\/epsonaldo-the-underdogs-mostra-di-alessandro-sambini-alla-cooperativa-di-cortina-e-alla-libreria-sovilla\\\/#primaryimage\",\"url\":\"https:\\\/\\\/www.bellunopress.it\\\/wp-content\\\/uploads\\\/2021\\\/07\\\/Epsonaldo-and-The-Underdogs_A_edited.jpg\",\"contentUrl\":\"https:\\\/\\\/www.bellunopress.it\\\/wp-content\\\/uploads\\\/2021\\\/07\\\/Epsonaldo-and-The-Underdogs_A_edited.jpg\",\"width\":800,\"height\":533},{\"@type\":\"BreadcrumbList\",\"@id\":\"https:\\\/\\\/www.bellunopress.it\\\/2021\\\/07\\\/05\\\/epsonaldo-the-underdogs-mostra-di-alessandro-sambini-alla-cooperativa-di-cortina-e-alla-libreria-sovilla\\\/#breadcrumb\",\"itemListElement\":[{\"@type\":\"ListItem\",\"position\":1,\"name\":\"Home\",\"item\":\"https:\\\/\\\/www.bellunopress.it\\\/\"},{\"@type\":\"ListItem\",\"position\":2,\"name\":\"Epsonaldo &#038; The Underdogs. Mostra di Alessandro Sambini alla Cooperativa di Cortina\u00a0 e alla Libreria Sovilla\"}]},{\"@type\":\"WebSite\",\"@id\":\"https:\\\/\\\/www.bellunopress.it\\\/#website\",\"url\":\"https:\\\/\\\/www.bellunopress.it\\\/\",\"name\":\"Bellunopress - Dolomiti\",\"description\":\"e-mail: redazione@bellunopress.it\",\"publisher\":{\"@id\":\"https:\\\/\\\/www.bellunopress.it\\\/#organization\"},\"potentialAction\":[{\"@type\":\"SearchAction\",\"target\":{\"@type\":\"EntryPoint\",\"urlTemplate\":\"https:\\\/\\\/www.bellunopress.it\\\/?s={search_term_string}\"},\"query-input\":{\"@type\":\"PropertyValueSpecification\",\"valueRequired\":true,\"valueName\":\"search_term_string\"}}],\"inLanguage\":\"fr-FR\"},{\"@type\":\"Organization\",\"@id\":\"https:\\\/\\\/www.bellunopress.it\\\/#organization\",\"name\":\"Bellunopress\",\"url\":\"https:\\\/\\\/www.bellunopress.it\\\/\",\"logo\":{\"@type\":\"ImageObject\",\"inLanguage\":\"fr-FR\",\"@id\":\"https:\\\/\\\/www.bellunopress.it\\\/#\\\/schema\\\/logo\\\/image\\\/\",\"url\":\"https:\\\/\\\/www.bellunopress.it\\\/wp-content\\\/uploads\\\/2011\\\/05\\\/cropped-logo-bellunopress-.jpg\",\"contentUrl\":\"https:\\\/\\\/www.bellunopress.it\\\/wp-content\\\/uploads\\\/2011\\\/05\\\/cropped-logo-bellunopress-.jpg\",\"width\":512,\"height\":512,\"caption\":\"Bellunopress\"},\"image\":{\"@id\":\"https:\\\/\\\/www.bellunopress.it\\\/#\\\/schema\\\/logo\\\/image\\\/\"},\"sameAs\":[\"https:\\\/\\\/www.facebook.com\\\/profile.php?id=100008943462799\",\"https:\\\/\\\/x.com\\\/bellunopress\",\"https:\\\/\\\/www.linkedin.com\\\/hp\\\/?dnr=JBzUWaJfMUw8vbXJJ2tVW5-I3jZKvC4wsoxE&amp;amp;amp;amp;amp;amp;trk=nav_responsive_tab_home\",\"https:\\\/\\\/www.youtube.com\\\/channel\\\/UCxL0wu1uN0_3_7hGG0306cw\"]},{\"@type\":\"Person\",\"@id\":\"https:\\\/\\\/www.bellunopress.it\\\/#\\\/schema\\\/person\\\/79bb06722b37ece1c03d3e94beb30d73\",\"name\":\"redazione\",\"image\":{\"@type\":\"ImageObject\",\"inLanguage\":\"fr-FR\",\"@id\":\"https:\\\/\\\/secure.gravatar.com\\\/avatar\\\/37d968a2e67a6fd04c169c4bdef102d0bc5d31b2546345219e348575eb80e9a0?s=96&d=mm&r=g\",\"url\":\"https:\\\/\\\/secure.gravatar.com\\\/avatar\\\/37d968a2e67a6fd04c169c4bdef102d0bc5d31b2546345219e348575eb80e9a0?s=96&d=mm&r=g\",\"contentUrl\":\"https:\\\/\\\/secure.gravatar.com\\\/avatar\\\/37d968a2e67a6fd04c169c4bdef102d0bc5d31b2546345219e348575eb80e9a0?s=96&d=mm&r=g\",\"caption\":\"redazione\"},\"sameAs\":[\"http:\\\/\\\/www.bellunopress.it\",\"https:\\\/\\\/x.com\\\/bellunopress\"],\"url\":\"https:\\\/\\\/www.bellunopress.it\\\/fr\\\/author\\\/redazione\\\/\"}]}<\/script>\n<!-- \/ Yoast SEO plugin. -->","yoast_head_json":{"title":"Epsonaldo & The Underdogs. Mostra di Alessandro Sambini alla Cooperativa di Cortina\u00a0 e alla Libreria Sovilla - Bellunopress - Dolomiti","robots":{"index":"index","follow":"follow","max-snippet":"max-snippet:-1","max-image-preview":"max-image-preview:large","max-video-preview":"max-video-preview:-1"},"canonical":"https:\/\/www.bellunopress.it\/fr\/2021\/07\/05\/epsonaldo-the-underdogs-mostra-di-alessandro-sambini-alla-cooperativa-di-cortina-e-alla-libreria-sovilla\/","og_locale":"fr_FR","og_type":"article","og_title":"Epsonaldo & The Underdogs. Mostra di Alessandro Sambini alla Cooperativa di Cortina\u00a0 e alla Libreria Sovilla - Bellunopress - Dolomiti","og_description":"Dal 17 luglio al 3 settembre. Cooperativa di Cortina e Libreria Sovilla. orario 10.00-20.00. Ingresso libero.\u00a0Opening Sabato 17 luglio, ore 17.00 Cortina d\u2019Ampezzo, La Cooperativa di Cortina, Corso Italia 40. Epsonaldo &amp; The Underdogs, mostra personale di Alessandro Sambini a cura di Gianluca D\u2019Inc\u00e0 Levis (Dolomiti Contemporanee), con l\u2019assistenza di Giovanna Repetto e Matteo Razzano [&hellip;]","og_url":"https:\/\/www.bellunopress.it\/fr\/2021\/07\/05\/epsonaldo-the-underdogs-mostra-di-alessandro-sambini-alla-cooperativa-di-cortina-e-alla-libreria-sovilla\/","og_site_name":"Bellunopress - Dolomiti","article_publisher":"https:\/\/www.facebook.com\/profile.php?id=100008943462799","article_published_time":"2021-07-05T13:40:11+00:00","article_modified_time":"2021-07-05T13:40:13+00:00","og_image":[{"width":800,"height":533,"url":"https:\/\/www.bellunopress.it\/wp-content\/uploads\/2021\/07\/Epsonaldo-and-The-Underdogs_A_edited.jpg","type":"image\/jpeg"}],"author":"redazione","twitter_card":"summary_large_image","twitter_creator":"@bellunopress","twitter_site":"@bellunopress","twitter_misc":{"\u00c9crit par":"redazione","Dur\u00e9e de lecture estim\u00e9e":"3 minutes"},"schema":{"@context":"https:\/\/schema.org","@graph":[{"@type":"Article","@id":"https:\/\/www.bellunopress.it\/2021\/07\/05\/epsonaldo-the-underdogs-mostra-di-alessandro-sambini-alla-cooperativa-di-cortina-e-alla-libreria-sovilla\/#article","isPartOf":{"@id":"https:\/\/www.bellunopress.it\/2021\/07\/05\/epsonaldo-the-underdogs-mostra-di-alessandro-sambini-alla-cooperativa-di-cortina-e-alla-libreria-sovilla\/"},"author":{"name":"redazione","@id":"https:\/\/www.bellunopress.it\/#\/schema\/person\/79bb06722b37ece1c03d3e94beb30d73"},"headline":"Epsonaldo &#038; The Underdogs. Mostra di Alessandro Sambini alla Cooperativa di Cortina\u00a0 e alla Libreria Sovilla","datePublished":"2021-07-05T13:40:11+00:00","dateModified":"2021-07-05T13:40:13+00:00","mainEntityOfPage":{"@id":"https:\/\/www.bellunopress.it\/2021\/07\/05\/epsonaldo-the-underdogs-mostra-di-alessandro-sambini-alla-cooperativa-di-cortina-e-alla-libreria-sovilla\/"},"wordCount":486,"publisher":{"@id":"https:\/\/www.bellunopress.it\/#organization"},"image":{"@id":"https:\/\/www.bellunopress.it\/2021\/07\/05\/epsonaldo-the-underdogs-mostra-di-alessandro-sambini-alla-cooperativa-di-cortina-e-alla-libreria-sovilla\/#primaryimage"},"thumbnailUrl":"https:\/\/www.bellunopress.it\/wp-content\/uploads\/2021\/07\/Epsonaldo-and-The-Underdogs_A_edited.jpg","articleSection":["Appuntamenti, Eventi","Arte, Cultura, Spettacoli, Scienza"],"inLanguage":"fr-FR"},{"@type":"WebPage","@id":"https:\/\/www.bellunopress.it\/2021\/07\/05\/epsonaldo-the-underdogs-mostra-di-alessandro-sambini-alla-cooperativa-di-cortina-e-alla-libreria-sovilla\/","url":"https:\/\/www.bellunopress.it\/2021\/07\/05\/epsonaldo-the-underdogs-mostra-di-alessandro-sambini-alla-cooperativa-di-cortina-e-alla-libreria-sovilla\/","name":"Epsonaldo & The Underdogs. Mostra di Alessandro Sambini alla Cooperativa di Cortina\u00a0 e alla Libreria Sovilla - Bellunopress - Dolomiti","isPartOf":{"@id":"https:\/\/www.bellunopress.it\/#website"},"primaryImageOfPage":{"@id":"https:\/\/www.bellunopress.it\/2021\/07\/05\/epsonaldo-the-underdogs-mostra-di-alessandro-sambini-alla-cooperativa-di-cortina-e-alla-libreria-sovilla\/#primaryimage"},"image":{"@id":"https:\/\/www.bellunopress.it\/2021\/07\/05\/epsonaldo-the-underdogs-mostra-di-alessandro-sambini-alla-cooperativa-di-cortina-e-alla-libreria-sovilla\/#primaryimage"},"thumbnailUrl":"https:\/\/www.bellunopress.it\/wp-content\/uploads\/2021\/07\/Epsonaldo-and-The-Underdogs_A_edited.jpg","datePublished":"2021-07-05T13:40:11+00:00","dateModified":"2021-07-05T13:40:13+00:00","breadcrumb":{"@id":"https:\/\/www.bellunopress.it\/2021\/07\/05\/epsonaldo-the-underdogs-mostra-di-alessandro-sambini-alla-cooperativa-di-cortina-e-alla-libreria-sovilla\/#breadcrumb"},"inLanguage":"fr-FR","potentialAction":[{"@type":"ReadAction","target":["https:\/\/www.bellunopress.it\/2021\/07\/05\/epsonaldo-the-underdogs-mostra-di-alessandro-sambini-alla-cooperativa-di-cortina-e-alla-libreria-sovilla\/"]}]},{"@type":"ImageObject","inLanguage":"fr-FR","@id":"https:\/\/www.bellunopress.it\/2021\/07\/05\/epsonaldo-the-underdogs-mostra-di-alessandro-sambini-alla-cooperativa-di-cortina-e-alla-libreria-sovilla\/#primaryimage","url":"https:\/\/www.bellunopress.it\/wp-content\/uploads\/2021\/07\/Epsonaldo-and-The-Underdogs_A_edited.jpg","contentUrl":"https:\/\/www.bellunopress.it\/wp-content\/uploads\/2021\/07\/Epsonaldo-and-The-Underdogs_A_edited.jpg","width":800,"height":533},{"@type":"BreadcrumbList","@id":"https:\/\/www.bellunopress.it\/2021\/07\/05\/epsonaldo-the-underdogs-mostra-di-alessandro-sambini-alla-cooperativa-di-cortina-e-alla-libreria-sovilla\/#breadcrumb","itemListElement":[{"@type":"ListItem","position":1,"name":"Home","item":"https:\/\/www.bellunopress.it\/"},{"@type":"ListItem","position":2,"name":"Epsonaldo &#038; The Underdogs. Mostra di Alessandro Sambini alla Cooperativa di Cortina\u00a0 e alla Libreria Sovilla"}]},{"@type":"WebSite","@id":"https:\/\/www.bellunopress.it\/#website","url":"https:\/\/www.bellunopress.it\/","name":"Bellunopress - Dolomiti","description":"e-mail: redazione@bellunopress.it","publisher":{"@id":"https:\/\/www.bellunopress.it\/#organization"},"potentialAction":[{"@type":"SearchAction","target":{"@type":"EntryPoint","urlTemplate":"https:\/\/www.bellunopress.it\/?s={search_term_string}"},"query-input":{"@type":"PropertyValueSpecification","valueRequired":true,"valueName":"search_term_string"}}],"inLanguage":"fr-FR"},{"@type":"Organization","@id":"https:\/\/www.bellunopress.it\/#organization","name":"Bellunopress","url":"https:\/\/www.bellunopress.it\/","logo":{"@type":"ImageObject","inLanguage":"fr-FR","@id":"https:\/\/www.bellunopress.it\/#\/schema\/logo\/image\/","url":"https:\/\/www.bellunopress.it\/wp-content\/uploads\/2011\/05\/cropped-logo-bellunopress-.jpg","contentUrl":"https:\/\/www.bellunopress.it\/wp-content\/uploads\/2011\/05\/cropped-logo-bellunopress-.jpg","width":512,"height":512,"caption":"Bellunopress"},"image":{"@id":"https:\/\/www.bellunopress.it\/#\/schema\/logo\/image\/"},"sameAs":["https:\/\/www.facebook.com\/profile.php?id=100008943462799","https:\/\/x.com\/bellunopress","https:\/\/www.linkedin.com\/hp\/?dnr=JBzUWaJfMUw8vbXJJ2tVW5-I3jZKvC4wsoxE&amp;amp;amp;amp;amp;amp;trk=nav_responsive_tab_home","https:\/\/www.youtube.com\/channel\/UCxL0wu1uN0_3_7hGG0306cw"]},{"@type":"Person","@id":"https:\/\/www.bellunopress.it\/#\/schema\/person\/79bb06722b37ece1c03d3e94beb30d73","name":"r\u00e9daction","image":{"@type":"ImageObject","inLanguage":"fr-FR","@id":"https:\/\/secure.gravatar.com\/avatar\/37d968a2e67a6fd04c169c4bdef102d0bc5d31b2546345219e348575eb80e9a0?s=96&d=mm&r=g","url":"https:\/\/secure.gravatar.com\/avatar\/37d968a2e67a6fd04c169c4bdef102d0bc5d31b2546345219e348575eb80e9a0?s=96&d=mm&r=g","contentUrl":"https:\/\/secure.gravatar.com\/avatar\/37d968a2e67a6fd04c169c4bdef102d0bc5d31b2546345219e348575eb80e9a0?s=96&d=mm&r=g","caption":"redazione"},"sameAs":["http:\/\/www.bellunopress.it","https:\/\/x.com\/bellunopress"],"url":"https:\/\/www.bellunopress.it\/fr\/author\/redazione\/"}]}},"_links":{"self":[{"href":"https:\/\/www.bellunopress.it\/fr\/wp-json\/wp\/v2\/posts\/125753","targetHints":{"allow":["GET"]}}],"collection":[{"href":"https:\/\/www.bellunopress.it\/fr\/wp-json\/wp\/v2\/posts"}],"about":[{"href":"https:\/\/www.bellunopress.it\/fr\/wp-json\/wp\/v2\/types\/post"}],"author":[{"embeddable":true,"href":"https:\/\/www.bellunopress.it\/fr\/wp-json\/wp\/v2\/users\/2"}],"replies":[{"embeddable":true,"href":"https:\/\/www.bellunopress.it\/fr\/wp-json\/wp\/v2\/comments?post=125753"}],"version-history":[{"count":3,"href":"https:\/\/www.bellunopress.it\/fr\/wp-json\/wp\/v2\/posts\/125753\/revisions"}],"predecessor-version":[{"id":125757,"href":"https:\/\/www.bellunopress.it\/fr\/wp-json\/wp\/v2\/posts\/125753\/revisions\/125757"}],"wp:featuredmedia":[{"embeddable":true,"href":"https:\/\/www.bellunopress.it\/fr\/wp-json\/wp\/v2\/media\/125754"}],"wp:attachment":[{"href":"https:\/\/www.bellunopress.it\/fr\/wp-json\/wp\/v2\/media?parent=125753"}],"wp:term":[{"taxonomy":"category","embeddable":true,"href":"https:\/\/www.bellunopress.it\/fr\/wp-json\/wp\/v2\/categories?post=125753"},{"taxonomy":"post_tag","embeddable":true,"href":"https:\/\/www.bellunopress.it\/fr\/wp-json\/wp\/v2\/tags?post=125753"}],"curies":[{"name":"wp","href":"https:\/\/api.w.org\/{rel}","templated":true}]}}