{"id":125711,"date":"2021-07-03T16:30:50","date_gmt":"2021-07-03T14:30:50","guid":{"rendered":"https:\/\/www.bellunopress.it\/?p=125711"},"modified":"2021-07-03T16:35:52","modified_gmt":"2021-07-03T14:35:52","slug":"mask-to-ride-2021-alvaro-dal-farra-incontra-la-ministra-erika-stefani-il-tour-prosegue-verso-la-calabria","status":"publish","type":"post","link":"https:\/\/www.bellunopress.it\/fr\/2021\/07\/03\/mask-to-ride-2021-alvaro-dal-farra-incontra-la-ministra-erika-stefani-il-tour-prosegue-verso-la-calabria\/","title":{"rendered":"Mask to Ride 2021. Alvaro Dal Farra incontra la ministra Erika Stefani. Il tour prosegue verso la Calabria"},"content":{"rendered":"<figure id=\"attachment_125712\" aria-describedby=\"caption-attachment-125712\" style=\"width: 800px\" class=\"wp-caption alignleft\"><a href=\"https:\/\/www.bellunopress.it\/fr\/2021\/07\/03\/mask-to-ride-2021-alvaro-dal-farra-incontra-la-ministra-erika-stefani-il-tour-prosegue-verso-la-calabria\/alvaro-dal-farra-con-erika-stefani-ministro_edited\/\" rel=\"attachment wp-att-125712\"><img loading=\"lazy\" decoding=\"async\" class=\"size-full wp-image-125712\" src=\"https:\/\/www.bellunopress.it\/wp-content\/uploads\/2021\/07\/alvaro-dal-farra-con-erika-stefani-ministro_edited.jpg\" alt=\"\" width=\"800\" height=\"679\" srcset=\"https:\/\/www.bellunopress.it\/wp-content\/uploads\/2021\/07\/alvaro-dal-farra-con-erika-stefani-ministro_edited.jpg 800w, https:\/\/www.bellunopress.it\/wp-content\/uploads\/2021\/07\/alvaro-dal-farra-con-erika-stefani-ministro_edited-500x424.jpg 500w, https:\/\/www.bellunopress.it\/wp-content\/uploads\/2021\/07\/alvaro-dal-farra-con-erika-stefani-ministro_edited-696x591.jpg 696w, https:\/\/www.bellunopress.it\/wp-content\/uploads\/2021\/07\/alvaro-dal-farra-con-erika-stefani-ministro_edited-495x420.jpg 495w\" sizes=\"auto, (max-width: 800px) 100vw, 800px\" \/><\/a><figcaption id=\"caption-attachment-125712\" class=\"wp-caption-text\">Alvaro Dal Farra con la ministra Erika Stefani<\/figcaption><\/figure>\n<p><a href=\"https:\/\/www.bellunopress.it\/fr\/2021\/07\/03\/mask-to-ride-2021-alvaro-dal-farra-incontra-la-ministra-erika-stefani-il-tour-prosegue-verso-la-calabria\/alvaro-tour_edited\/\" rel=\"attachment wp-att-125715\"><img loading=\"lazy\" decoding=\"async\" class=\"alignleft size-full wp-image-125715\" src=\"https:\/\/www.bellunopress.it\/wp-content\/uploads\/2021\/07\/alvaro-tour_edited.jpg\" alt=\"\" width=\"800\" height=\"533\" srcset=\"https:\/\/www.bellunopress.it\/wp-content\/uploads\/2021\/07\/alvaro-tour_edited.jpg 800w, https:\/\/www.bellunopress.it\/wp-content\/uploads\/2021\/07\/alvaro-tour_edited-500x333.jpg 500w, https:\/\/www.bellunopress.it\/wp-content\/uploads\/2021\/07\/alvaro-tour_edited-696x464.jpg 696w, https:\/\/www.bellunopress.it\/wp-content\/uploads\/2021\/07\/alvaro-tour_edited-630x420.jpg 630w\" sizes=\"auto, (max-width: 800px) 100vw, 800px\" \/><\/a>Prosegue il tour Mask to Ride edizione 2021 attraverso le Regioni italiane di Alvaro Dal Farra. Dopo solo 6 giorni la carovana \u00e8 arrivata in terra sarda ed ora \u00e8 in viaggio verso la Calabria.<\/p>\n<p>&#8220;Partiti, come nell&#8217;edizione 2020 dal Centro Diurno per persone con Disabilit\u00e0 Grave e Gravissima di Cusighe (Belluno) &#8211; racconta Alvaro &#8211; abbiamo gi\u00e0 fatto tappa in Veneto, Lombardia, Piemonte, Liguria e Sardegna. Tanti centri e tanti nuovi amici in queste nuova edizione del tour! Ma soprattutto ospiti importanti tra cui la ministra per la Disabilit\u00e0 la senatrice Erika Stefani che a Cittadella ha parlato del concetto di inclusivit\u00e0 in tutti gli ambiti&#8221;. La ministra ha anche partecipato allo show facendo un giro in moto con Alvaro.<br \/>\nPer la prima volta Mask to Ride \u00e8 approdata in Sardegna, e dopo le tappe di Oristano e Cagliari, oggi la carovana \u00e8 di nuovo sul Continente per continuare il giro tra Calabria e Puglia e poi risalire verso nord.<\/p>\n<p>Mask to Ride 2.0 #nessunoescluso<\/p>","protected":false},"excerpt":{"rendered":"<p>Prosegue il tour Mask to Ride edizione 2021 attraverso le Regioni italiane di Alvaro Dal Farra. Dopo solo 6 giorni la carovana \u00e8 arrivata in terra sarda ed ora \u00e8 in viaggio verso la Calabria. &#8220;Partiti, come nell&#8217;edizione 2020 dal Centro Diurno per persone con Disabilit\u00e0 Grave e Gravissima di Cusighe (Belluno) &#8211; racconta Alvaro [&hellip;]<\/p>\n","protected":false},"author":2,"featured_media":125712,"comment_status":"closed","ping_status":"open","sticky":false,"template":"","format":"standard","meta":{"footnotes":""},"categories":[26,8],"tags":[],"class_list":["post-125711","post","type-post","status-publish","format-standard","has-post-thumbnail","category-prima-pagina","category-societa-istituzioni"],"yoast_head":"<!-- This site is optimized with the Yoast SEO plugin v28.4 - https:\/\/yoast.com\/product\/yoast-seo-wordpress\/ -->\n<title>Mask to Ride 2021. Alvaro Dal Farra incontra la ministra Erika Stefani. Il tour prosegue verso la Calabria - Bellunopress - Dolomiti<\/title>\n<meta name=\"robots\" content=\"index, follow, max-snippet:-1, max-image-preview:large, max-video-preview:-1\" \/>\n<link rel=\"canonical\" href=\"https:\/\/www.bellunopress.it\/fr\/2021\/07\/03\/mask-to-ride-2021-alvaro-dal-farra-incontra-la-ministra-erika-stefani-il-tour-prosegue-verso-la-calabria\/\" \/>\n<meta property=\"og:locale\" content=\"fr_FR\" \/>\n<meta property=\"og:type\" content=\"article\" \/>\n<meta property=\"og:title\" content=\"Mask to Ride 2021. Alvaro Dal Farra incontra la ministra Erika Stefani. Il tour prosegue verso la Calabria - Bellunopress - Dolomiti\" \/>\n<meta property=\"og:description\" content=\"Prosegue il tour Mask to Ride edizione 2021 attraverso le Regioni italiane di Alvaro Dal Farra. Dopo solo 6 giorni la carovana \u00e8 arrivata in terra sarda ed ora \u00e8 in viaggio verso la Calabria. &#8220;Partiti, come nell&#8217;edizione 2020 dal Centro Diurno per persone con Disabilit\u00e0 Grave e Gravissima di Cusighe (Belluno) &#8211; racconta Alvaro [&hellip;]\" \/>\n<meta property=\"og:url\" content=\"https:\/\/www.bellunopress.it\/fr\/2021\/07\/03\/mask-to-ride-2021-alvaro-dal-farra-incontra-la-ministra-erika-stefani-il-tour-prosegue-verso-la-calabria\/\" \/>\n<meta property=\"og:site_name\" content=\"Bellunopress - Dolomiti\" \/>\n<meta property=\"article:publisher\" content=\"https:\/\/www.facebook.com\/profile.php?id=100008943462799\" \/>\n<meta property=\"article:published_time\" content=\"2021-07-03T14:30:50+00:00\" \/>\n<meta property=\"article:modified_time\" content=\"2021-07-03T14:35:52+00:00\" \/>\n<meta property=\"og:image\" content=\"https:\/\/www.bellunopress.it\/wp-content\/uploads\/2021\/07\/alvaro-dal-farra-con-erika-stefani-ministro_edited.jpg\" \/>\n\t<meta property=\"og:image:width\" content=\"800\" \/>\n\t<meta property=\"og:image:height\" content=\"679\" \/>\n\t<meta property=\"og:image:type\" content=\"image\/jpeg\" \/>\n<meta name=\"author\" content=\"redazione\" \/>\n<meta name=\"twitter:card\" content=\"summary_large_image\" \/>\n<meta name=\"twitter:creator\" content=\"@bellunopress\" \/>\n<meta name=\"twitter:site\" content=\"@bellunopress\" \/>\n<meta name=\"twitter:label1\" content=\"\u00c9crit par\" \/>\n\t<meta name=\"twitter:data1\" content=\"redazione\" \/>\n\t<meta name=\"twitter:label2\" content=\"Dur\u00e9e de lecture estim\u00e9e\" \/>\n\t<meta name=\"twitter:data2\" content=\"2 minutes\" \/>\n<script type=\"application\/ld+json\" class=\"yoast-schema-graph\">{\"@context\":\"https:\\\/\\\/schema.org\",\"@graph\":[{\"@type\":\"Article\",\"@id\":\"https:\\\/\\\/www.bellunopress.it\\\/2021\\\/07\\\/03\\\/mask-to-ride-2021-alvaro-dal-farra-incontra-la-ministra-erika-stefani-il-tour-prosegue-verso-la-calabria\\\/#article\",\"isPartOf\":{\"@id\":\"https:\\\/\\\/www.bellunopress.it\\\/2021\\\/07\\\/03\\\/mask-to-ride-2021-alvaro-dal-farra-incontra-la-ministra-erika-stefani-il-tour-prosegue-verso-la-calabria\\\/\"},\"author\":{\"name\":\"redazione\",\"@id\":\"https:\\\/\\\/www.bellunopress.it\\\/#\\\/schema\\\/person\\\/79bb06722b37ece1c03d3e94beb30d73\"},\"headline\":\"Mask to Ride 2021. Alvaro Dal Farra incontra la ministra Erika Stefani. Il tour prosegue verso la Calabria\",\"datePublished\":\"2021-07-03T14:30:50+00:00\",\"dateModified\":\"2021-07-03T14:35:52+00:00\",\"mainEntityOfPage\":{\"@id\":\"https:\\\/\\\/www.bellunopress.it\\\/2021\\\/07\\\/03\\\/mask-to-ride-2021-alvaro-dal-farra-incontra-la-ministra-erika-stefani-il-tour-prosegue-verso-la-calabria\\\/\"},\"wordCount\":191,\"publisher\":{\"@id\":\"https:\\\/\\\/www.bellunopress.it\\\/#organization\"},\"image\":{\"@id\":\"https:\\\/\\\/www.bellunopress.it\\\/2021\\\/07\\\/03\\\/mask-to-ride-2021-alvaro-dal-farra-incontra-la-ministra-erika-stefani-il-tour-prosegue-verso-la-calabria\\\/#primaryimage\"},\"thumbnailUrl\":\"https:\\\/\\\/www.bellunopress.it\\\/wp-content\\\/uploads\\\/2021\\\/07\\\/alvaro-dal-farra-con-erika-stefani-ministro_edited.jpg\",\"articleSection\":[\"Prima Pagina\",\"Societ\u00e0, Associazioni, Istituzioni\"],\"inLanguage\":\"fr-FR\"},{\"@type\":\"WebPage\",\"@id\":\"https:\\\/\\\/www.bellunopress.it\\\/2021\\\/07\\\/03\\\/mask-to-ride-2021-alvaro-dal-farra-incontra-la-ministra-erika-stefani-il-tour-prosegue-verso-la-calabria\\\/\",\"url\":\"https:\\\/\\\/www.bellunopress.it\\\/2021\\\/07\\\/03\\\/mask-to-ride-2021-alvaro-dal-farra-incontra-la-ministra-erika-stefani-il-tour-prosegue-verso-la-calabria\\\/\",\"name\":\"Mask to Ride 2021. Alvaro Dal Farra incontra la ministra Erika Stefani. Il tour prosegue verso la Calabria - Bellunopress - Dolomiti\",\"isPartOf\":{\"@id\":\"https:\\\/\\\/www.bellunopress.it\\\/#website\"},\"primaryImageOfPage\":{\"@id\":\"https:\\\/\\\/www.bellunopress.it\\\/2021\\\/07\\\/03\\\/mask-to-ride-2021-alvaro-dal-farra-incontra-la-ministra-erika-stefani-il-tour-prosegue-verso-la-calabria\\\/#primaryimage\"},\"image\":{\"@id\":\"https:\\\/\\\/www.bellunopress.it\\\/2021\\\/07\\\/03\\\/mask-to-ride-2021-alvaro-dal-farra-incontra-la-ministra-erika-stefani-il-tour-prosegue-verso-la-calabria\\\/#primaryimage\"},\"thumbnailUrl\":\"https:\\\/\\\/www.bellunopress.it\\\/wp-content\\\/uploads\\\/2021\\\/07\\\/alvaro-dal-farra-con-erika-stefani-ministro_edited.jpg\",\"datePublished\":\"2021-07-03T14:30:50+00:00\",\"dateModified\":\"2021-07-03T14:35:52+00:00\",\"breadcrumb\":{\"@id\":\"https:\\\/\\\/www.bellunopress.it\\\/2021\\\/07\\\/03\\\/mask-to-ride-2021-alvaro-dal-farra-incontra-la-ministra-erika-stefani-il-tour-prosegue-verso-la-calabria\\\/#breadcrumb\"},\"inLanguage\":\"fr-FR\",\"potentialAction\":[{\"@type\":\"ReadAction\",\"target\":[\"https:\\\/\\\/www.bellunopress.it\\\/2021\\\/07\\\/03\\\/mask-to-ride-2021-alvaro-dal-farra-incontra-la-ministra-erika-stefani-il-tour-prosegue-verso-la-calabria\\\/\"]}]},{\"@type\":\"ImageObject\",\"inLanguage\":\"fr-FR\",\"@id\":\"https:\\\/\\\/www.bellunopress.it\\\/2021\\\/07\\\/03\\\/mask-to-ride-2021-alvaro-dal-farra-incontra-la-ministra-erika-stefani-il-tour-prosegue-verso-la-calabria\\\/#primaryimage\",\"url\":\"https:\\\/\\\/www.bellunopress.it\\\/wp-content\\\/uploads\\\/2021\\\/07\\\/alvaro-dal-farra-con-erika-stefani-ministro_edited.jpg\",\"contentUrl\":\"https:\\\/\\\/www.bellunopress.it\\\/wp-content\\\/uploads\\\/2021\\\/07\\\/alvaro-dal-farra-con-erika-stefani-ministro_edited.jpg\",\"width\":800,\"height\":679,\"caption\":\"Alvaro Dal Farra con la ministra Erika Stefani a Cittadella\"},{\"@type\":\"BreadcrumbList\",\"@id\":\"https:\\\/\\\/www.bellunopress.it\\\/2021\\\/07\\\/03\\\/mask-to-ride-2021-alvaro-dal-farra-incontra-la-ministra-erika-stefani-il-tour-prosegue-verso-la-calabria\\\/#breadcrumb\",\"itemListElement\":[{\"@type\":\"ListItem\",\"position\":1,\"name\":\"Home\",\"item\":\"https:\\\/\\\/www.bellunopress.it\\\/\"},{\"@type\":\"ListItem\",\"position\":2,\"name\":\"Mask to Ride 2021. Alvaro Dal Farra incontra la ministra Erika Stefani. Il tour prosegue verso la Calabria\"}]},{\"@type\":\"WebSite\",\"@id\":\"https:\\\/\\\/www.bellunopress.it\\\/#website\",\"url\":\"https:\\\/\\\/www.bellunopress.it\\\/\",\"name\":\"Bellunopress - Dolomiti\",\"description\":\"e-mail: redazione@bellunopress.it\",\"publisher\":{\"@id\":\"https:\\\/\\\/www.bellunopress.it\\\/#organization\"},\"potentialAction\":[{\"@type\":\"SearchAction\",\"target\":{\"@type\":\"EntryPoint\",\"urlTemplate\":\"https:\\\/\\\/www.bellunopress.it\\\/?s={search_term_string}\"},\"query-input\":{\"@type\":\"PropertyValueSpecification\",\"valueRequired\":true,\"valueName\":\"search_term_string\"}}],\"inLanguage\":\"fr-FR\"},{\"@type\":\"Organization\",\"@id\":\"https:\\\/\\\/www.bellunopress.it\\\/#organization\",\"name\":\"Bellunopress\",\"url\":\"https:\\\/\\\/www.bellunopress.it\\\/\",\"logo\":{\"@type\":\"ImageObject\",\"inLanguage\":\"fr-FR\",\"@id\":\"https:\\\/\\\/www.bellunopress.it\\\/#\\\/schema\\\/logo\\\/image\\\/\",\"url\":\"https:\\\/\\\/www.bellunopress.it\\\/wp-content\\\/uploads\\\/2011\\\/05\\\/cropped-logo-bellunopress-.jpg\",\"contentUrl\":\"https:\\\/\\\/www.bellunopress.it\\\/wp-content\\\/uploads\\\/2011\\\/05\\\/cropped-logo-bellunopress-.jpg\",\"width\":512,\"height\":512,\"caption\":\"Bellunopress\"},\"image\":{\"@id\":\"https:\\\/\\\/www.bellunopress.it\\\/#\\\/schema\\\/logo\\\/image\\\/\"},\"sameAs\":[\"https:\\\/\\\/www.facebook.com\\\/profile.php?id=100008943462799\",\"https:\\\/\\\/x.com\\\/bellunopress\",\"https:\\\/\\\/www.linkedin.com\\\/hp\\\/?dnr=JBzUWaJfMUw8vbXJJ2tVW5-I3jZKvC4wsoxE&amp;amp;amp;amp;amp;amp;trk=nav_responsive_tab_home\",\"https:\\\/\\\/www.youtube.com\\\/channel\\\/UCxL0wu1uN0_3_7hGG0306cw\"]},{\"@type\":\"Person\",\"@id\":\"https:\\\/\\\/www.bellunopress.it\\\/#\\\/schema\\\/person\\\/79bb06722b37ece1c03d3e94beb30d73\",\"name\":\"redazione\",\"image\":{\"@type\":\"ImageObject\",\"inLanguage\":\"fr-FR\",\"@id\":\"https:\\\/\\\/secure.gravatar.com\\\/avatar\\\/37d968a2e67a6fd04c169c4bdef102d0bc5d31b2546345219e348575eb80e9a0?s=96&d=mm&r=g\",\"url\":\"https:\\\/\\\/secure.gravatar.com\\\/avatar\\\/37d968a2e67a6fd04c169c4bdef102d0bc5d31b2546345219e348575eb80e9a0?s=96&d=mm&r=g\",\"contentUrl\":\"https:\\\/\\\/secure.gravatar.com\\\/avatar\\\/37d968a2e67a6fd04c169c4bdef102d0bc5d31b2546345219e348575eb80e9a0?s=96&d=mm&r=g\",\"caption\":\"redazione\"},\"sameAs\":[\"http:\\\/\\\/www.bellunopress.it\",\"https:\\\/\\\/x.com\\\/bellunopress\"],\"url\":\"https:\\\/\\\/www.bellunopress.it\\\/fr\\\/author\\\/redazione\\\/\"}]}<\/script>\n<!-- \/ Yoast SEO plugin. -->","yoast_head_json":{"title":"Mask to Ride 2021. Alvaro Dal Farra incontra la ministra Erika Stefani. Il tour prosegue verso la Calabria - Bellunopress - Dolomiti","robots":{"index":"index","follow":"follow","max-snippet":"max-snippet:-1","max-image-preview":"max-image-preview:large","max-video-preview":"max-video-preview:-1"},"canonical":"https:\/\/www.bellunopress.it\/fr\/2021\/07\/03\/mask-to-ride-2021-alvaro-dal-farra-incontra-la-ministra-erika-stefani-il-tour-prosegue-verso-la-calabria\/","og_locale":"fr_FR","og_type":"article","og_title":"Mask to Ride 2021. Alvaro Dal Farra incontra la ministra Erika Stefani. Il tour prosegue verso la Calabria - Bellunopress - Dolomiti","og_description":"Prosegue il tour Mask to Ride edizione 2021 attraverso le Regioni italiane di Alvaro Dal Farra. Dopo solo 6 giorni la carovana \u00e8 arrivata in terra sarda ed ora \u00e8 in viaggio verso la Calabria. &#8220;Partiti, come nell&#8217;edizione 2020 dal Centro Diurno per persone con Disabilit\u00e0 Grave e Gravissima di Cusighe (Belluno) &#8211; racconta Alvaro [&hellip;]","og_url":"https:\/\/www.bellunopress.it\/fr\/2021\/07\/03\/mask-to-ride-2021-alvaro-dal-farra-incontra-la-ministra-erika-stefani-il-tour-prosegue-verso-la-calabria\/","og_site_name":"Bellunopress - Dolomiti","article_publisher":"https:\/\/www.facebook.com\/profile.php?id=100008943462799","article_published_time":"2021-07-03T14:30:50+00:00","article_modified_time":"2021-07-03T14:35:52+00:00","og_image":[{"width":800,"height":679,"url":"https:\/\/www.bellunopress.it\/wp-content\/uploads\/2021\/07\/alvaro-dal-farra-con-erika-stefani-ministro_edited.jpg","type":"image\/jpeg"}],"author":"redazione","twitter_card":"summary_large_image","twitter_creator":"@bellunopress","twitter_site":"@bellunopress","twitter_misc":{"\u00c9crit par":"redazione","Dur\u00e9e de lecture estim\u00e9e":"2 minutes"},"schema":{"@context":"https:\/\/schema.org","@graph":[{"@type":"Article","@id":"https:\/\/www.bellunopress.it\/2021\/07\/03\/mask-to-ride-2021-alvaro-dal-farra-incontra-la-ministra-erika-stefani-il-tour-prosegue-verso-la-calabria\/#article","isPartOf":{"@id":"https:\/\/www.bellunopress.it\/2021\/07\/03\/mask-to-ride-2021-alvaro-dal-farra-incontra-la-ministra-erika-stefani-il-tour-prosegue-verso-la-calabria\/"},"author":{"name":"redazione","@id":"https:\/\/www.bellunopress.it\/#\/schema\/person\/79bb06722b37ece1c03d3e94beb30d73"},"headline":"Mask to Ride 2021. Alvaro Dal Farra incontra la ministra Erika Stefani. Il tour prosegue verso la Calabria","datePublished":"2021-07-03T14:30:50+00:00","dateModified":"2021-07-03T14:35:52+00:00","mainEntityOfPage":{"@id":"https:\/\/www.bellunopress.it\/2021\/07\/03\/mask-to-ride-2021-alvaro-dal-farra-incontra-la-ministra-erika-stefani-il-tour-prosegue-verso-la-calabria\/"},"wordCount":191,"publisher":{"@id":"https:\/\/www.bellunopress.it\/#organization"},"image":{"@id":"https:\/\/www.bellunopress.it\/2021\/07\/03\/mask-to-ride-2021-alvaro-dal-farra-incontra-la-ministra-erika-stefani-il-tour-prosegue-verso-la-calabria\/#primaryimage"},"thumbnailUrl":"https:\/\/www.bellunopress.it\/wp-content\/uploads\/2021\/07\/alvaro-dal-farra-con-erika-stefani-ministro_edited.jpg","articleSection":["Prima Pagina","Societ\u00e0, Associazioni, Istituzioni"],"inLanguage":"fr-FR"},{"@type":"WebPage","@id":"https:\/\/www.bellunopress.it\/2021\/07\/03\/mask-to-ride-2021-alvaro-dal-farra-incontra-la-ministra-erika-stefani-il-tour-prosegue-verso-la-calabria\/","url":"https:\/\/www.bellunopress.it\/2021\/07\/03\/mask-to-ride-2021-alvaro-dal-farra-incontra-la-ministra-erika-stefani-il-tour-prosegue-verso-la-calabria\/","name":"Mask to Ride 2021. Alvaro Dal Farra incontra la ministra Erika Stefani. Il tour prosegue verso la Calabria - Bellunopress - Dolomiti","isPartOf":{"@id":"https:\/\/www.bellunopress.it\/#website"},"primaryImageOfPage":{"@id":"https:\/\/www.bellunopress.it\/2021\/07\/03\/mask-to-ride-2021-alvaro-dal-farra-incontra-la-ministra-erika-stefani-il-tour-prosegue-verso-la-calabria\/#primaryimage"},"image":{"@id":"https:\/\/www.bellunopress.it\/2021\/07\/03\/mask-to-ride-2021-alvaro-dal-farra-incontra-la-ministra-erika-stefani-il-tour-prosegue-verso-la-calabria\/#primaryimage"},"thumbnailUrl":"https:\/\/www.bellunopress.it\/wp-content\/uploads\/2021\/07\/alvaro-dal-farra-con-erika-stefani-ministro_edited.jpg","datePublished":"2021-07-03T14:30:50+00:00","dateModified":"2021-07-03T14:35:52+00:00","breadcrumb":{"@id":"https:\/\/www.bellunopress.it\/2021\/07\/03\/mask-to-ride-2021-alvaro-dal-farra-incontra-la-ministra-erika-stefani-il-tour-prosegue-verso-la-calabria\/#breadcrumb"},"inLanguage":"fr-FR","potentialAction":[{"@type":"ReadAction","target":["https:\/\/www.bellunopress.it\/2021\/07\/03\/mask-to-ride-2021-alvaro-dal-farra-incontra-la-ministra-erika-stefani-il-tour-prosegue-verso-la-calabria\/"]}]},{"@type":"ImageObject","inLanguage":"fr-FR","@id":"https:\/\/www.bellunopress.it\/2021\/07\/03\/mask-to-ride-2021-alvaro-dal-farra-incontra-la-ministra-erika-stefani-il-tour-prosegue-verso-la-calabria\/#primaryimage","url":"https:\/\/www.bellunopress.it\/wp-content\/uploads\/2021\/07\/alvaro-dal-farra-con-erika-stefani-ministro_edited.jpg","contentUrl":"https:\/\/www.bellunopress.it\/wp-content\/uploads\/2021\/07\/alvaro-dal-farra-con-erika-stefani-ministro_edited.jpg","width":800,"height":679,"caption":"Alvaro Dal Farra con la ministra Erika Stefani a Cittadella"},{"@type":"BreadcrumbList","@id":"https:\/\/www.bellunopress.it\/2021\/07\/03\/mask-to-ride-2021-alvaro-dal-farra-incontra-la-ministra-erika-stefani-il-tour-prosegue-verso-la-calabria\/#breadcrumb","itemListElement":[{"@type":"ListItem","position":1,"name":"Home","item":"https:\/\/www.bellunopress.it\/"},{"@type":"ListItem","position":2,"name":"Mask to Ride 2021. Alvaro Dal Farra incontra la ministra Erika Stefani. Il tour prosegue verso la Calabria"}]},{"@type":"WebSite","@id":"https:\/\/www.bellunopress.it\/#website","url":"https:\/\/www.bellunopress.it\/","name":"Bellunopress - Dolomiti","description":"e-mail: redazione@bellunopress.it","publisher":{"@id":"https:\/\/www.bellunopress.it\/#organization"},"potentialAction":[{"@type":"SearchAction","target":{"@type":"EntryPoint","urlTemplate":"https:\/\/www.bellunopress.it\/?s={search_term_string}"},"query-input":{"@type":"PropertyValueSpecification","valueRequired":true,"valueName":"search_term_string"}}],"inLanguage":"fr-FR"},{"@type":"Organization","@id":"https:\/\/www.bellunopress.it\/#organization","name":"Bellunopress","url":"https:\/\/www.bellunopress.it\/","logo":{"@type":"ImageObject","inLanguage":"fr-FR","@id":"https:\/\/www.bellunopress.it\/#\/schema\/logo\/image\/","url":"https:\/\/www.bellunopress.it\/wp-content\/uploads\/2011\/05\/cropped-logo-bellunopress-.jpg","contentUrl":"https:\/\/www.bellunopress.it\/wp-content\/uploads\/2011\/05\/cropped-logo-bellunopress-.jpg","width":512,"height":512,"caption":"Bellunopress"},"image":{"@id":"https:\/\/www.bellunopress.it\/#\/schema\/logo\/image\/"},"sameAs":["https:\/\/www.facebook.com\/profile.php?id=100008943462799","https:\/\/x.com\/bellunopress","https:\/\/www.linkedin.com\/hp\/?dnr=JBzUWaJfMUw8vbXJJ2tVW5-I3jZKvC4wsoxE&amp;amp;amp;amp;amp;amp;trk=nav_responsive_tab_home","https:\/\/www.youtube.com\/channel\/UCxL0wu1uN0_3_7hGG0306cw"]},{"@type":"Person","@id":"https:\/\/www.bellunopress.it\/#\/schema\/person\/79bb06722b37ece1c03d3e94beb30d73","name":"r\u00e9daction","image":{"@type":"ImageObject","inLanguage":"fr-FR","@id":"https:\/\/secure.gravatar.com\/avatar\/37d968a2e67a6fd04c169c4bdef102d0bc5d31b2546345219e348575eb80e9a0?s=96&d=mm&r=g","url":"https:\/\/secure.gravatar.com\/avatar\/37d968a2e67a6fd04c169c4bdef102d0bc5d31b2546345219e348575eb80e9a0?s=96&d=mm&r=g","contentUrl":"https:\/\/secure.gravatar.com\/avatar\/37d968a2e67a6fd04c169c4bdef102d0bc5d31b2546345219e348575eb80e9a0?s=96&d=mm&r=g","caption":"redazione"},"sameAs":["http:\/\/www.bellunopress.it","https:\/\/x.com\/bellunopress"],"url":"https:\/\/www.bellunopress.it\/fr\/author\/redazione\/"}]}},"_links":{"self":[{"href":"https:\/\/www.bellunopress.it\/fr\/wp-json\/wp\/v2\/posts\/125711","targetHints":{"allow":["GET"]}}],"collection":[{"href":"https:\/\/www.bellunopress.it\/fr\/wp-json\/wp\/v2\/posts"}],"about":[{"href":"https:\/\/www.bellunopress.it\/fr\/wp-json\/wp\/v2\/types\/post"}],"author":[{"embeddable":true,"href":"https:\/\/www.bellunopress.it\/fr\/wp-json\/wp\/v2\/users\/2"}],"replies":[{"embeddable":true,"href":"https:\/\/www.bellunopress.it\/fr\/wp-json\/wp\/v2\/comments?post=125711"}],"version-history":[{"count":3,"href":"https:\/\/www.bellunopress.it\/fr\/wp-json\/wp\/v2\/posts\/125711\/revisions"}],"predecessor-version":[{"id":125716,"href":"https:\/\/www.bellunopress.it\/fr\/wp-json\/wp\/v2\/posts\/125711\/revisions\/125716"}],"wp:featuredmedia":[{"embeddable":true,"href":"https:\/\/www.bellunopress.it\/fr\/wp-json\/wp\/v2\/media\/125712"}],"wp:attachment":[{"href":"https:\/\/www.bellunopress.it\/fr\/wp-json\/wp\/v2\/media?parent=125711"}],"wp:term":[{"taxonomy":"category","embeddable":true,"href":"https:\/\/www.bellunopress.it\/fr\/wp-json\/wp\/v2\/categories?post=125711"},{"taxonomy":"post_tag","embeddable":true,"href":"https:\/\/www.bellunopress.it\/fr\/wp-json\/wp\/v2\/tags?post=125711"}],"curies":[{"name":"wp","href":"https:\/\/api.w.org\/{rel}","templated":true}]}}