{"id":125706,"date":"2021-07-03T11:23:47","date_gmt":"2021-07-03T09:23:47","guid":{"rendered":"https:\/\/www.bellunopress.it\/?p=125706"},"modified":"2021-07-03T14:39:36","modified_gmt":"2021-07-03T12:39:36","slug":"cortina-segreta-il-docufilm-di-francesco-zippel-domenica-sera-a-rai-5","status":"publish","type":"post","link":"https:\/\/www.bellunopress.it\/fr\/2021\/07\/03\/cortina-segreta-il-docufilm-di-francesco-zippel-domenica-sera-a-rai-5\/","title":{"rendered":"Cortina segreta, il docufilm di Francesco Zippel domenica sera Rai 5"},"content":{"rendered":"<p><a href=\"https:\/\/www.bellunopress.it\/fr\/2021\/07\/03\/cortina-segreta-il-docufilm-di-francesco-zippel-domenica-sera-a-rai-5\/cortina-bianco-e-nero\/\" rel=\"attachment wp-att-125707\"><img loading=\"lazy\" decoding=\"async\" class=\"alignleft size-full wp-image-125707\" src=\"https:\/\/www.bellunopress.it\/wp-content\/uploads\/2021\/07\/Cortina-bianco-e-nero.jpg\" alt=\"\" width=\"800\" height=\"600\" srcset=\"https:\/\/www.bellunopress.it\/wp-content\/uploads\/2021\/07\/Cortina-bianco-e-nero.jpg 800w, https:\/\/www.bellunopress.it\/wp-content\/uploads\/2021\/07\/Cortina-bianco-e-nero-500x375.jpg 500w, https:\/\/www.bellunopress.it\/wp-content\/uploads\/2021\/07\/Cortina-bianco-e-nero-696x522.jpg 696w, https:\/\/www.bellunopress.it\/wp-content\/uploads\/2021\/07\/Cortina-bianco-e-nero-560x420.jpg 560w, https:\/\/www.bellunopress.it\/wp-content\/uploads\/2021\/07\/Cortina-bianco-e-nero-80x60.jpg 80w, https:\/\/www.bellunopress.it\/wp-content\/uploads\/2021\/07\/Cortina-bianco-e-nero-265x198.jpg 265w\" sizes=\"auto, (max-width: 800px) 100vw, 800px\" \/><\/a>Il documentario Cortina Segreta, con interviste a figure tipiche della vita rurale, sportiva e della cultura di Cortina, va in onda su Rai 5 domenica 4 luglio 2021, alle ore 22, con successive repliche nel corso dell\u2019estate e dei prossimi mesi.<\/p>\n<p>Si intitola \u201cDi l\u00e0 dal fiume e tra gli alberi\u201d, proprio come il romanzo che Hemingway dedic\u00f2 in parte a Cortina, la serie firmata dal regista Francesco Zippel per il canale Rai 5 che racconta l&#8217;Italia dal Sud al Nord, attraverso itinerari poco battuti che svelano i profondi cambiamenti avvenuti in quasi un secolo nel nostro Paese.<\/p>\n<p>E la prossima puntata del docufilm, dal titolo Cortina Segreta, che \u00e8 interamente dedicata a Cortina d\u2019Ampezzo e che \u00e8 stata girata nei mesi scorsi nella valle, si apre con uno speciale approfondimento su Una Montagna di Libri, la festa internazionale della letteratura protagonista della stagione di Cortina d\u2019Ampezzo. Un\u2019intervista che Zippel \u2013 regista pluripremiato, specializzatosi nei documentari, suo Friedkin Uncut dedicato al maestro de L\u2019Esoricista, Fantastic Mr. Fellini, con Wes Anderson, e poi le vite di Nicholas Ray, di Dino De Laurentiis, di Indro Montanelli e Leonardo Sciascia \u2013 ha fatto a Francesco Chiamulera, responsabile di Una Montagna di Libri.<\/p>\n<p>\u201cIl documentario \u2013 fa sapere la Rai \u2013 racconta lo spirito nobile di un magnifico luogo, dove la natura si intreccia con la Storia e con il vissuto di donne e uomini che ne conservano le tradizioni e l\u2019unicit\u00e0. \u00c8 la terra delle Regole, l\u2019antica comunit\u00e0 che ne preserva il territorio, i boschi e le montagne. \u00c8 la capitale letteraria, amata da Hemingway e Goffredo Parise. \u00c8 la pista perfetta delle pi\u00f9 spettacolari gare di sci alpino, nonch\u00e9 patria di Kristian Ghedina, imprendibile uomo jet della nazionale italiana. \u00c8 il teatro di alcuni dei pi\u00f9 incredibili passaggi della Grande Guerra. \u00c8 la casa di tradizioni antiche e lo snodo di incroci multiculturali. \u00c8 una scenografia perfetta fatta di luoghi incantati, picchi che sembrano scolpiti da artisti, laghi silenziosi e fitte foreste di larici\u201d.<\/p>\n<p>Francesco Zippel sar\u00e0 al Festival di Cannes per la premi\u00e8re di The Superhero of Black Filmmaking, il suo nuovo film prodotto da Sky e Quoiat, nella sezione Cannes Classics.<\/p>\n<p>&nbsp;<\/p>\n<p><strong>Estate 2021: dal 15 luglio al 29 agosto<\/strong><\/p>\n<p>Una Montagna di Libri torna per la XXIV Edizione dal 15 luglio al 29 agosto 2021. La rassegna protagonista della stagione ampezzana, che ha inaugurato in occasione della pandemia uno speciale palinsesto di contenuti &#8211; superando le 800mila visualizzazioni \u2013 \u00e8 nuovamente in presenza nella Regina delle Dolomiti per l\u2019estate 2021. Con decine di appuntamenti, per una vera estate della ripartenza. Il programma completo sar\u00e0 online dal 10 luglio.<\/p>","protected":false},"excerpt":{"rendered":"<p>Il documentario Cortina Segreta, con interviste a figure tipiche della vita rurale, sportiva e della cultura di Cortina, va in onda su Rai 5 domenica 4 luglio 2021, alle ore 22, con successive repliche nel corso dell\u2019estate e dei prossimi mesi. Si intitola \u201cDi l\u00e0 dal fiume e tra gli alberi\u201d, proprio come il romanzo [&hellip;]<\/p>\n","protected":false},"author":2,"featured_media":125707,"comment_status":"closed","ping_status":"open","sticky":false,"template":"","format":"standard","meta":{"footnotes":""},"categories":[27,3,25],"tags":[],"class_list":["post-125706","post","type-post","status-publish","format-standard","has-post-thumbnail","category-appuntamenti","category-arte-cultura-spettacoli-scienza-archivi","category-pausa-caffe"],"yoast_head":"<!-- This site is optimized with the Yoast SEO plugin v28.4 - https:\/\/yoast.com\/product\/yoast-seo-wordpress\/ -->\n<title>Cortina segreta, il docufilm di Francesco Zippel domenica sera Rai 5 - Bellunopress - Dolomiti<\/title>\n<meta name=\"robots\" content=\"index, follow, max-snippet:-1, max-image-preview:large, max-video-preview:-1\" \/>\n<link rel=\"canonical\" href=\"https:\/\/www.bellunopress.it\/fr\/2021\/07\/03\/cortina-segreta-il-docufilm-di-francesco-zippel-domenica-sera-a-rai-5\/\" \/>\n<meta property=\"og:locale\" content=\"fr_FR\" \/>\n<meta property=\"og:type\" content=\"article\" \/>\n<meta property=\"og:title\" content=\"Cortina segreta, il docufilm di Francesco Zippel domenica sera Rai 5 - Bellunopress - Dolomiti\" \/>\n<meta property=\"og:description\" content=\"Il documentario Cortina Segreta, con interviste a figure tipiche della vita rurale, sportiva e della cultura di Cortina, va in onda su Rai 5 domenica 4 luglio 2021, alle ore 22, con successive repliche nel corso dell\u2019estate e dei prossimi mesi. Si intitola \u201cDi l\u00e0 dal fiume e tra gli alberi\u201d, proprio come il romanzo [&hellip;]\" \/>\n<meta property=\"og:url\" content=\"https:\/\/www.bellunopress.it\/fr\/2021\/07\/03\/cortina-segreta-il-docufilm-di-francesco-zippel-domenica-sera-a-rai-5\/\" \/>\n<meta property=\"og:site_name\" content=\"Bellunopress - Dolomiti\" \/>\n<meta property=\"article:publisher\" content=\"https:\/\/www.facebook.com\/profile.php?id=100008943462799\" \/>\n<meta property=\"article:published_time\" content=\"2021-07-03T09:23:47+00:00\" \/>\n<meta property=\"article:modified_time\" content=\"2021-07-03T12:39:36+00:00\" \/>\n<meta property=\"og:image\" content=\"https:\/\/www.bellunopress.it\/wp-content\/uploads\/2021\/07\/Cortina-bianco-e-nero.jpg\" \/>\n\t<meta property=\"og:image:width\" content=\"800\" \/>\n\t<meta property=\"og:image:height\" content=\"600\" \/>\n\t<meta property=\"og:image:type\" content=\"image\/jpeg\" \/>\n<meta name=\"author\" content=\"redazione\" \/>\n<meta name=\"twitter:card\" content=\"summary_large_image\" \/>\n<meta name=\"twitter:creator\" content=\"@bellunopress\" \/>\n<meta name=\"twitter:site\" content=\"@bellunopress\" \/>\n<meta name=\"twitter:label1\" content=\"\u00c9crit par\" \/>\n\t<meta name=\"twitter:data1\" content=\"redazione\" \/>\n\t<meta name=\"twitter:label2\" content=\"Dur\u00e9e de lecture estim\u00e9e\" \/>\n\t<meta name=\"twitter:data2\" content=\"3 minutes\" \/>\n<script type=\"application\/ld+json\" class=\"yoast-schema-graph\">{\"@context\":\"https:\\\/\\\/schema.org\",\"@graph\":[{\"@type\":\"Article\",\"@id\":\"https:\\\/\\\/www.bellunopress.it\\\/2021\\\/07\\\/03\\\/cortina-segreta-il-docufilm-di-francesco-zippel-domenica-sera-a-rai-5\\\/#article\",\"isPartOf\":{\"@id\":\"https:\\\/\\\/www.bellunopress.it\\\/2021\\\/07\\\/03\\\/cortina-segreta-il-docufilm-di-francesco-zippel-domenica-sera-a-rai-5\\\/\"},\"author\":{\"name\":\"redazione\",\"@id\":\"https:\\\/\\\/www.bellunopress.it\\\/#\\\/schema\\\/person\\\/79bb06722b37ece1c03d3e94beb30d73\"},\"headline\":\"Cortina segreta, il docufilm di Francesco Zippel domenica sera Rai 5\",\"datePublished\":\"2021-07-03T09:23:47+00:00\",\"dateModified\":\"2021-07-03T12:39:36+00:00\",\"mainEntityOfPage\":{\"@id\":\"https:\\\/\\\/www.bellunopress.it\\\/2021\\\/07\\\/03\\\/cortina-segreta-il-docufilm-di-francesco-zippel-domenica-sera-a-rai-5\\\/\"},\"wordCount\":432,\"publisher\":{\"@id\":\"https:\\\/\\\/www.bellunopress.it\\\/#organization\"},\"image\":{\"@id\":\"https:\\\/\\\/www.bellunopress.it\\\/2021\\\/07\\\/03\\\/cortina-segreta-il-docufilm-di-francesco-zippel-domenica-sera-a-rai-5\\\/#primaryimage\"},\"thumbnailUrl\":\"https:\\\/\\\/www.bellunopress.it\\\/wp-content\\\/uploads\\\/2021\\\/07\\\/Cortina-bianco-e-nero.jpg\",\"articleSection\":[\"Appuntamenti, Eventi\",\"Arte, Cultura, Spettacoli, Scienza\",\"Pausa Caff\u00e8\"],\"inLanguage\":\"fr-FR\"},{\"@type\":\"WebPage\",\"@id\":\"https:\\\/\\\/www.bellunopress.it\\\/2021\\\/07\\\/03\\\/cortina-segreta-il-docufilm-di-francesco-zippel-domenica-sera-a-rai-5\\\/\",\"url\":\"https:\\\/\\\/www.bellunopress.it\\\/2021\\\/07\\\/03\\\/cortina-segreta-il-docufilm-di-francesco-zippel-domenica-sera-a-rai-5\\\/\",\"name\":\"Cortina segreta, il docufilm di Francesco Zippel domenica sera Rai 5 - Bellunopress - Dolomiti\",\"isPartOf\":{\"@id\":\"https:\\\/\\\/www.bellunopress.it\\\/#website\"},\"primaryImageOfPage\":{\"@id\":\"https:\\\/\\\/www.bellunopress.it\\\/2021\\\/07\\\/03\\\/cortina-segreta-il-docufilm-di-francesco-zippel-domenica-sera-a-rai-5\\\/#primaryimage\"},\"image\":{\"@id\":\"https:\\\/\\\/www.bellunopress.it\\\/2021\\\/07\\\/03\\\/cortina-segreta-il-docufilm-di-francesco-zippel-domenica-sera-a-rai-5\\\/#primaryimage\"},\"thumbnailUrl\":\"https:\\\/\\\/www.bellunopress.it\\\/wp-content\\\/uploads\\\/2021\\\/07\\\/Cortina-bianco-e-nero.jpg\",\"datePublished\":\"2021-07-03T09:23:47+00:00\",\"dateModified\":\"2021-07-03T12:39:36+00:00\",\"breadcrumb\":{\"@id\":\"https:\\\/\\\/www.bellunopress.it\\\/2021\\\/07\\\/03\\\/cortina-segreta-il-docufilm-di-francesco-zippel-domenica-sera-a-rai-5\\\/#breadcrumb\"},\"inLanguage\":\"fr-FR\",\"potentialAction\":[{\"@type\":\"ReadAction\",\"target\":[\"https:\\\/\\\/www.bellunopress.it\\\/2021\\\/07\\\/03\\\/cortina-segreta-il-docufilm-di-francesco-zippel-domenica-sera-a-rai-5\\\/\"]}]},{\"@type\":\"ImageObject\",\"inLanguage\":\"fr-FR\",\"@id\":\"https:\\\/\\\/www.bellunopress.it\\\/2021\\\/07\\\/03\\\/cortina-segreta-il-docufilm-di-francesco-zippel-domenica-sera-a-rai-5\\\/#primaryimage\",\"url\":\"https:\\\/\\\/www.bellunopress.it\\\/wp-content\\\/uploads\\\/2021\\\/07\\\/Cortina-bianco-e-nero.jpg\",\"contentUrl\":\"https:\\\/\\\/www.bellunopress.it\\\/wp-content\\\/uploads\\\/2021\\\/07\\\/Cortina-bianco-e-nero.jpg\",\"width\":800,\"height\":600},{\"@type\":\"BreadcrumbList\",\"@id\":\"https:\\\/\\\/www.bellunopress.it\\\/2021\\\/07\\\/03\\\/cortina-segreta-il-docufilm-di-francesco-zippel-domenica-sera-a-rai-5\\\/#breadcrumb\",\"itemListElement\":[{\"@type\":\"ListItem\",\"position\":1,\"name\":\"Home\",\"item\":\"https:\\\/\\\/www.bellunopress.it\\\/\"},{\"@type\":\"ListItem\",\"position\":2,\"name\":\"Cortina segreta, il docufilm di Francesco Zippel domenica sera Rai 5\"}]},{\"@type\":\"WebSite\",\"@id\":\"https:\\\/\\\/www.bellunopress.it\\\/#website\",\"url\":\"https:\\\/\\\/www.bellunopress.it\\\/\",\"name\":\"Bellunopress - Dolomiti\",\"description\":\"e-mail: redazione@bellunopress.it\",\"publisher\":{\"@id\":\"https:\\\/\\\/www.bellunopress.it\\\/#organization\"},\"potentialAction\":[{\"@type\":\"SearchAction\",\"target\":{\"@type\":\"EntryPoint\",\"urlTemplate\":\"https:\\\/\\\/www.bellunopress.it\\\/?s={search_term_string}\"},\"query-input\":{\"@type\":\"PropertyValueSpecification\",\"valueRequired\":true,\"valueName\":\"search_term_string\"}}],\"inLanguage\":\"fr-FR\"},{\"@type\":\"Organization\",\"@id\":\"https:\\\/\\\/www.bellunopress.it\\\/#organization\",\"name\":\"Bellunopress\",\"url\":\"https:\\\/\\\/www.bellunopress.it\\\/\",\"logo\":{\"@type\":\"ImageObject\",\"inLanguage\":\"fr-FR\",\"@id\":\"https:\\\/\\\/www.bellunopress.it\\\/#\\\/schema\\\/logo\\\/image\\\/\",\"url\":\"https:\\\/\\\/www.bellunopress.it\\\/wp-content\\\/uploads\\\/2011\\\/05\\\/cropped-logo-bellunopress-.jpg\",\"contentUrl\":\"https:\\\/\\\/www.bellunopress.it\\\/wp-content\\\/uploads\\\/2011\\\/05\\\/cropped-logo-bellunopress-.jpg\",\"width\":512,\"height\":512,\"caption\":\"Bellunopress\"},\"image\":{\"@id\":\"https:\\\/\\\/www.bellunopress.it\\\/#\\\/schema\\\/logo\\\/image\\\/\"},\"sameAs\":[\"https:\\\/\\\/www.facebook.com\\\/profile.php?id=100008943462799\",\"https:\\\/\\\/x.com\\\/bellunopress\",\"https:\\\/\\\/www.linkedin.com\\\/hp\\\/?dnr=JBzUWaJfMUw8vbXJJ2tVW5-I3jZKvC4wsoxE&amp;amp;amp;amp;amp;amp;trk=nav_responsive_tab_home\",\"https:\\\/\\\/www.youtube.com\\\/channel\\\/UCxL0wu1uN0_3_7hGG0306cw\"]},{\"@type\":\"Person\",\"@id\":\"https:\\\/\\\/www.bellunopress.it\\\/#\\\/schema\\\/person\\\/79bb06722b37ece1c03d3e94beb30d73\",\"name\":\"redazione\",\"image\":{\"@type\":\"ImageObject\",\"inLanguage\":\"fr-FR\",\"@id\":\"https:\\\/\\\/secure.gravatar.com\\\/avatar\\\/37d968a2e67a6fd04c169c4bdef102d0bc5d31b2546345219e348575eb80e9a0?s=96&d=mm&r=g\",\"url\":\"https:\\\/\\\/secure.gravatar.com\\\/avatar\\\/37d968a2e67a6fd04c169c4bdef102d0bc5d31b2546345219e348575eb80e9a0?s=96&d=mm&r=g\",\"contentUrl\":\"https:\\\/\\\/secure.gravatar.com\\\/avatar\\\/37d968a2e67a6fd04c169c4bdef102d0bc5d31b2546345219e348575eb80e9a0?s=96&d=mm&r=g\",\"caption\":\"redazione\"},\"sameAs\":[\"http:\\\/\\\/www.bellunopress.it\",\"https:\\\/\\\/x.com\\\/bellunopress\"],\"url\":\"https:\\\/\\\/www.bellunopress.it\\\/fr\\\/author\\\/redazione\\\/\"}]}<\/script>\n<!-- \/ Yoast SEO plugin. -->","yoast_head_json":{"title":"Cortina segreta, il docufilm di Francesco Zippel domenica sera Rai 5 - Bellunopress - Dolomiti","robots":{"index":"index","follow":"follow","max-snippet":"max-snippet:-1","max-image-preview":"max-image-preview:large","max-video-preview":"max-video-preview:-1"},"canonical":"https:\/\/www.bellunopress.it\/fr\/2021\/07\/03\/cortina-segreta-il-docufilm-di-francesco-zippel-domenica-sera-a-rai-5\/","og_locale":"fr_FR","og_type":"article","og_title":"Cortina segreta, il docufilm di Francesco Zippel domenica sera Rai 5 - Bellunopress - Dolomiti","og_description":"Il documentario Cortina Segreta, con interviste a figure tipiche della vita rurale, sportiva e della cultura di Cortina, va in onda su Rai 5 domenica 4 luglio 2021, alle ore 22, con successive repliche nel corso dell\u2019estate e dei prossimi mesi. Si intitola \u201cDi l\u00e0 dal fiume e tra gli alberi\u201d, proprio come il romanzo [&hellip;]","og_url":"https:\/\/www.bellunopress.it\/fr\/2021\/07\/03\/cortina-segreta-il-docufilm-di-francesco-zippel-domenica-sera-a-rai-5\/","og_site_name":"Bellunopress - Dolomiti","article_publisher":"https:\/\/www.facebook.com\/profile.php?id=100008943462799","article_published_time":"2021-07-03T09:23:47+00:00","article_modified_time":"2021-07-03T12:39:36+00:00","og_image":[{"width":800,"height":600,"url":"https:\/\/www.bellunopress.it\/wp-content\/uploads\/2021\/07\/Cortina-bianco-e-nero.jpg","type":"image\/jpeg"}],"author":"redazione","twitter_card":"summary_large_image","twitter_creator":"@bellunopress","twitter_site":"@bellunopress","twitter_misc":{"\u00c9crit par":"redazione","Dur\u00e9e de lecture estim\u00e9e":"3 minutes"},"schema":{"@context":"https:\/\/schema.org","@graph":[{"@type":"Article","@id":"https:\/\/www.bellunopress.it\/2021\/07\/03\/cortina-segreta-il-docufilm-di-francesco-zippel-domenica-sera-a-rai-5\/#article","isPartOf":{"@id":"https:\/\/www.bellunopress.it\/2021\/07\/03\/cortina-segreta-il-docufilm-di-francesco-zippel-domenica-sera-a-rai-5\/"},"author":{"name":"redazione","@id":"https:\/\/www.bellunopress.it\/#\/schema\/person\/79bb06722b37ece1c03d3e94beb30d73"},"headline":"Cortina segreta, il docufilm di Francesco Zippel domenica sera Rai 5","datePublished":"2021-07-03T09:23:47+00:00","dateModified":"2021-07-03T12:39:36+00:00","mainEntityOfPage":{"@id":"https:\/\/www.bellunopress.it\/2021\/07\/03\/cortina-segreta-il-docufilm-di-francesco-zippel-domenica-sera-a-rai-5\/"},"wordCount":432,"publisher":{"@id":"https:\/\/www.bellunopress.it\/#organization"},"image":{"@id":"https:\/\/www.bellunopress.it\/2021\/07\/03\/cortina-segreta-il-docufilm-di-francesco-zippel-domenica-sera-a-rai-5\/#primaryimage"},"thumbnailUrl":"https:\/\/www.bellunopress.it\/wp-content\/uploads\/2021\/07\/Cortina-bianco-e-nero.jpg","articleSection":["Appuntamenti, Eventi","Arte, Cultura, Spettacoli, Scienza","Pausa Caff\u00e8"],"inLanguage":"fr-FR"},{"@type":"WebPage","@id":"https:\/\/www.bellunopress.it\/2021\/07\/03\/cortina-segreta-il-docufilm-di-francesco-zippel-domenica-sera-a-rai-5\/","url":"https:\/\/www.bellunopress.it\/2021\/07\/03\/cortina-segreta-il-docufilm-di-francesco-zippel-domenica-sera-a-rai-5\/","name":"Cortina segreta, il docufilm di Francesco Zippel domenica sera Rai 5 - Bellunopress - Dolomiti","isPartOf":{"@id":"https:\/\/www.bellunopress.it\/#website"},"primaryImageOfPage":{"@id":"https:\/\/www.bellunopress.it\/2021\/07\/03\/cortina-segreta-il-docufilm-di-francesco-zippel-domenica-sera-a-rai-5\/#primaryimage"},"image":{"@id":"https:\/\/www.bellunopress.it\/2021\/07\/03\/cortina-segreta-il-docufilm-di-francesco-zippel-domenica-sera-a-rai-5\/#primaryimage"},"thumbnailUrl":"https:\/\/www.bellunopress.it\/wp-content\/uploads\/2021\/07\/Cortina-bianco-e-nero.jpg","datePublished":"2021-07-03T09:23:47+00:00","dateModified":"2021-07-03T12:39:36+00:00","breadcrumb":{"@id":"https:\/\/www.bellunopress.it\/2021\/07\/03\/cortina-segreta-il-docufilm-di-francesco-zippel-domenica-sera-a-rai-5\/#breadcrumb"},"inLanguage":"fr-FR","potentialAction":[{"@type":"ReadAction","target":["https:\/\/www.bellunopress.it\/2021\/07\/03\/cortina-segreta-il-docufilm-di-francesco-zippel-domenica-sera-a-rai-5\/"]}]},{"@type":"ImageObject","inLanguage":"fr-FR","@id":"https:\/\/www.bellunopress.it\/2021\/07\/03\/cortina-segreta-il-docufilm-di-francesco-zippel-domenica-sera-a-rai-5\/#primaryimage","url":"https:\/\/www.bellunopress.it\/wp-content\/uploads\/2021\/07\/Cortina-bianco-e-nero.jpg","contentUrl":"https:\/\/www.bellunopress.it\/wp-content\/uploads\/2021\/07\/Cortina-bianco-e-nero.jpg","width":800,"height":600},{"@type":"BreadcrumbList","@id":"https:\/\/www.bellunopress.it\/2021\/07\/03\/cortina-segreta-il-docufilm-di-francesco-zippel-domenica-sera-a-rai-5\/#breadcrumb","itemListElement":[{"@type":"ListItem","position":1,"name":"Home","item":"https:\/\/www.bellunopress.it\/"},{"@type":"ListItem","position":2,"name":"Cortina segreta, il docufilm di Francesco Zippel domenica sera Rai 5"}]},{"@type":"WebSite","@id":"https:\/\/www.bellunopress.it\/#website","url":"https:\/\/www.bellunopress.it\/","name":"Bellunopress - Dolomiti","description":"e-mail: redazione@bellunopress.it","publisher":{"@id":"https:\/\/www.bellunopress.it\/#organization"},"potentialAction":[{"@type":"SearchAction","target":{"@type":"EntryPoint","urlTemplate":"https:\/\/www.bellunopress.it\/?s={search_term_string}"},"query-input":{"@type":"PropertyValueSpecification","valueRequired":true,"valueName":"search_term_string"}}],"inLanguage":"fr-FR"},{"@type":"Organization","@id":"https:\/\/www.bellunopress.it\/#organization","name":"Bellunopress","url":"https:\/\/www.bellunopress.it\/","logo":{"@type":"ImageObject","inLanguage":"fr-FR","@id":"https:\/\/www.bellunopress.it\/#\/schema\/logo\/image\/","url":"https:\/\/www.bellunopress.it\/wp-content\/uploads\/2011\/05\/cropped-logo-bellunopress-.jpg","contentUrl":"https:\/\/www.bellunopress.it\/wp-content\/uploads\/2011\/05\/cropped-logo-bellunopress-.jpg","width":512,"height":512,"caption":"Bellunopress"},"image":{"@id":"https:\/\/www.bellunopress.it\/#\/schema\/logo\/image\/"},"sameAs":["https:\/\/www.facebook.com\/profile.php?id=100008943462799","https:\/\/x.com\/bellunopress","https:\/\/www.linkedin.com\/hp\/?dnr=JBzUWaJfMUw8vbXJJ2tVW5-I3jZKvC4wsoxE&amp;amp;amp;amp;amp;amp;trk=nav_responsive_tab_home","https:\/\/www.youtube.com\/channel\/UCxL0wu1uN0_3_7hGG0306cw"]},{"@type":"Person","@id":"https:\/\/www.bellunopress.it\/#\/schema\/person\/79bb06722b37ece1c03d3e94beb30d73","name":"r\u00e9daction","image":{"@type":"ImageObject","inLanguage":"fr-FR","@id":"https:\/\/secure.gravatar.com\/avatar\/37d968a2e67a6fd04c169c4bdef102d0bc5d31b2546345219e348575eb80e9a0?s=96&d=mm&r=g","url":"https:\/\/secure.gravatar.com\/avatar\/37d968a2e67a6fd04c169c4bdef102d0bc5d31b2546345219e348575eb80e9a0?s=96&d=mm&r=g","contentUrl":"https:\/\/secure.gravatar.com\/avatar\/37d968a2e67a6fd04c169c4bdef102d0bc5d31b2546345219e348575eb80e9a0?s=96&d=mm&r=g","caption":"redazione"},"sameAs":["http:\/\/www.bellunopress.it","https:\/\/x.com\/bellunopress"],"url":"https:\/\/www.bellunopress.it\/fr\/author\/redazione\/"}]}},"_links":{"self":[{"href":"https:\/\/www.bellunopress.it\/fr\/wp-json\/wp\/v2\/posts\/125706","targetHints":{"allow":["GET"]}}],"collection":[{"href":"https:\/\/www.bellunopress.it\/fr\/wp-json\/wp\/v2\/posts"}],"about":[{"href":"https:\/\/www.bellunopress.it\/fr\/wp-json\/wp\/v2\/types\/post"}],"author":[{"embeddable":true,"href":"https:\/\/www.bellunopress.it\/fr\/wp-json\/wp\/v2\/users\/2"}],"replies":[{"embeddable":true,"href":"https:\/\/www.bellunopress.it\/fr\/wp-json\/wp\/v2\/comments?post=125706"}],"version-history":[{"count":3,"href":"https:\/\/www.bellunopress.it\/fr\/wp-json\/wp\/v2\/posts\/125706\/revisions"}],"predecessor-version":[{"id":125710,"href":"https:\/\/www.bellunopress.it\/fr\/wp-json\/wp\/v2\/posts\/125706\/revisions\/125710"}],"wp:featuredmedia":[{"embeddable":true,"href":"https:\/\/www.bellunopress.it\/fr\/wp-json\/wp\/v2\/media\/125707"}],"wp:attachment":[{"href":"https:\/\/www.bellunopress.it\/fr\/wp-json\/wp\/v2\/media?parent=125706"}],"wp:term":[{"taxonomy":"category","embeddable":true,"href":"https:\/\/www.bellunopress.it\/fr\/wp-json\/wp\/v2\/categories?post=125706"},{"taxonomy":"post_tag","embeddable":true,"href":"https:\/\/www.bellunopress.it\/fr\/wp-json\/wp\/v2\/tags?post=125706"}],"curies":[{"name":"wp","href":"https:\/\/api.w.org\/{rel}","templated":true}]}}