{"id":125698,"date":"2021-07-03T13:14:48","date_gmt":"2021-07-03T11:14:48","guid":{"rendered":"https:\/\/www.bellunopress.it\/?p=125698"},"modified":"2021-07-03T13:14:50","modified_gmt":"2021-07-03T11:14:50","slug":"giampaolo-pecere-e-il-nuovo-direttore-dei-servizi-socio-sanitari-dellulss-dolomiti","status":"publish","type":"post","link":"https:\/\/www.bellunopress.it\/fr\/2021\/07\/03\/giampaolo-pecere-e-il-nuovo-direttore-dei-servizi-socio-sanitari-dellulss-dolomiti\/","title":{"rendered":"Giampaolo Pecere \u00e8 il nuovo direttore dei Servizi Socio Sanitari dell\u2019Ulss Dolomiti"},"content":{"rendered":"<p><a href=\"https:\/\/www.bellunopress.it\/fr\/2021\/07\/03\/giampaolo-pecere-e-il-nuovo-direttore-dei-servizi-socio-sanitari-dellulss-dolomiti\/giampaolo-pecere_edited\/\" rel=\"attachment wp-att-125699\"><img loading=\"lazy\" decoding=\"async\" class=\"alignleft size-full wp-image-125699\" src=\"https:\/\/www.bellunopress.it\/wp-content\/uploads\/2021\/07\/Giampaolo-Pecere_edited.jpg\" alt=\"\" width=\"571\" height=\"634\" srcset=\"https:\/\/www.bellunopress.it\/wp-content\/uploads\/2021\/07\/Giampaolo-Pecere_edited.jpg 571w, https:\/\/www.bellunopress.it\/wp-content\/uploads\/2021\/07\/Giampaolo-Pecere_edited-450x500.jpg 450w, https:\/\/www.bellunopress.it\/wp-content\/uploads\/2021\/07\/Giampaolo-Pecere_edited-378x420.jpg 378w\" sizes=\"auto, (max-width: 571px) 100vw, 571px\" \/><\/a>Giampaolo Pecere \u00e8 il nuovo direttore dei Servizi Socio Sanitari dell\u2019Ulss Dolomiti, prender\u00e0 servizio luned\u00ec 5 luglio. Lo ha nominato il direttore generale della Ulss Dolomiti Maria Grazia Carraro completando cos\u00ec la squadra della direzione strategica.<\/p>\n<p>61 anni, veneziano Pecere\u00a0si \u00e8 laureato in Medicina e Chirurgia nel 1987 all\u2019Universit\u00e0 di Padova. Ha conseguito due specializzazioni: la prima in Medicina interna all\u2019Universit\u00e0 di Padova, la seconda in Igiene e sanit\u00e0 pubblica all\u2019universit\u00e0 di Modena e Reggio Emilia.<br \/>\nHa una solida esperienza professionale nei servizi territoriali: \u00e8 stato direttore di Distretto per 9 anni all\u2019Ulss di Rovigo, Direttore sanitario all\u2019Azienda Sanitaria di Chioggia, medico delle cure primarie all\u2019Ulss 3 Serenissima e, infine, Direttore di Distretto all\u2019ulss 4 Veneto Orientale, incarico ricoperto fino ad oggi. Nel corso della sua carriera ha contribuito ad organizzare servizi sul territorio in diversi ambiti: residenziale, domiciliare e specialistico ambulatoriale.<br \/>\nIl dottor Pecere \u00e8 stato presentato all\u2019esecutivo della Conferenza dei Sindaci nei giorni scorsi per il parere di competenza con esito favorevole.<\/p>\n<p>\u00abIl dottor Pecere \u00e8 un professionista che ha tutte le qualit\u00e0 per sviluppare i servizi socio sanitari dell\u2019Ulss Dolomiti, in sinergia con i Sindaci, gli Enti locali, il volontariato e il ricco tessuto interessato al sociale. Imparer\u00e0 in fretta a conoscere ed apprezzare i tanti punti di forza di questo territorio e a mettere in campo la sua lunga esperienza per portare innovazioni e fare rete in un ambito sempre pi\u00f9 centrale dell\u2019assistenza\u00bb, commenta il direttore generale Maria Grazia Carraro, \u00abringrazio il dottor Sandro De Col per l\u2019impegno profuso in questi mesi nel ricoprire il doppio ruolo di direttore dei servizi socio snaitari e della funzione territoriale\u00bb<\/p>","protected":false},"excerpt":{"rendered":"<p>Giampaolo Pecere \u00e8 il nuovo direttore dei Servizi Socio Sanitari dell\u2019Ulss Dolomiti, prender\u00e0 servizio luned\u00ec 5 luglio. Lo ha nominato il direttore generale della Ulss Dolomiti Maria Grazia Carraro completando cos\u00ec la squadra della direzione strategica. 61 anni, veneziano Pecere\u00a0si \u00e8 laureato in Medicina e Chirurgia nel 1987 all\u2019Universit\u00e0 di Padova. Ha conseguito due specializzazioni: [&hellip;]<\/p>\n","protected":false},"author":2,"featured_media":125699,"comment_status":"closed","ping_status":"open","sticky":false,"template":"","format":"standard","meta":{"footnotes":""},"categories":[17],"tags":[],"class_list":["post-125698","post","type-post","status-publish","format-standard","has-post-thumbnail","category-sanita"],"yoast_head":"<!-- This site is optimized with the Yoast SEO plugin v28.4 - https:\/\/yoast.com\/product\/yoast-seo-wordpress\/ -->\n<title>Giampaolo Pecere \u00e8 il nuovo direttore dei Servizi Socio Sanitari dell\u2019Ulss Dolomiti - Bellunopress - Dolomiti<\/title>\n<meta name=\"robots\" content=\"index, follow, max-snippet:-1, max-image-preview:large, max-video-preview:-1\" \/>\n<link rel=\"canonical\" href=\"https:\/\/www.bellunopress.it\/fr\/2021\/07\/03\/giampaolo-pecere-e-il-nuovo-direttore-dei-servizi-socio-sanitari-dellulss-dolomiti\/\" \/>\n<meta property=\"og:locale\" content=\"fr_FR\" \/>\n<meta property=\"og:type\" content=\"article\" \/>\n<meta property=\"og:title\" content=\"Giampaolo Pecere \u00e8 il nuovo direttore dei Servizi Socio Sanitari dell\u2019Ulss Dolomiti - Bellunopress - Dolomiti\" \/>\n<meta property=\"og:description\" content=\"Giampaolo Pecere \u00e8 il nuovo direttore dei Servizi Socio Sanitari dell\u2019Ulss Dolomiti, prender\u00e0 servizio luned\u00ec 5 luglio. Lo ha nominato il direttore generale della Ulss Dolomiti Maria Grazia Carraro completando cos\u00ec la squadra della direzione strategica. 61 anni, veneziano Pecere\u00a0si \u00e8 laureato in Medicina e Chirurgia nel 1987 all\u2019Universit\u00e0 di Padova. Ha conseguito due specializzazioni: [&hellip;]\" \/>\n<meta property=\"og:url\" content=\"https:\/\/www.bellunopress.it\/fr\/2021\/07\/03\/giampaolo-pecere-e-il-nuovo-direttore-dei-servizi-socio-sanitari-dellulss-dolomiti\/\" \/>\n<meta property=\"og:site_name\" content=\"Bellunopress - Dolomiti\" \/>\n<meta property=\"article:publisher\" content=\"https:\/\/www.facebook.com\/profile.php?id=100008943462799\" \/>\n<meta property=\"article:published_time\" content=\"2021-07-03T11:14:48+00:00\" \/>\n<meta property=\"article:modified_time\" content=\"2021-07-03T11:14:50+00:00\" \/>\n<meta property=\"og:image\" content=\"https:\/\/www.bellunopress.it\/wp-content\/uploads\/2021\/07\/Giampaolo-Pecere_edited.jpg\" \/>\n\t<meta property=\"og:image:width\" content=\"571\" \/>\n\t<meta property=\"og:image:height\" content=\"634\" \/>\n\t<meta property=\"og:image:type\" content=\"image\/jpeg\" \/>\n<meta name=\"author\" content=\"redazione\" \/>\n<meta name=\"twitter:card\" content=\"summary_large_image\" \/>\n<meta name=\"twitter:creator\" content=\"@bellunopress\" \/>\n<meta name=\"twitter:site\" content=\"@bellunopress\" \/>\n<meta name=\"twitter:label1\" content=\"\u00c9crit par\" \/>\n\t<meta name=\"twitter:data1\" content=\"redazione\" \/>\n\t<meta name=\"twitter:label2\" content=\"Dur\u00e9e de lecture estim\u00e9e\" \/>\n\t<meta name=\"twitter:data2\" content=\"2 minutes\" \/>\n<script type=\"application\/ld+json\" class=\"yoast-schema-graph\">{\"@context\":\"https:\\\/\\\/schema.org\",\"@graph\":[{\"@type\":\"Article\",\"@id\":\"https:\\\/\\\/www.bellunopress.it\\\/2021\\\/07\\\/03\\\/giampaolo-pecere-e-il-nuovo-direttore-dei-servizi-socio-sanitari-dellulss-dolomiti\\\/#article\",\"isPartOf\":{\"@id\":\"https:\\\/\\\/www.bellunopress.it\\\/2021\\\/07\\\/03\\\/giampaolo-pecere-e-il-nuovo-direttore-dei-servizi-socio-sanitari-dellulss-dolomiti\\\/\"},\"author\":{\"name\":\"redazione\",\"@id\":\"https:\\\/\\\/www.bellunopress.it\\\/#\\\/schema\\\/person\\\/79bb06722b37ece1c03d3e94beb30d73\"},\"headline\":\"Giampaolo Pecere \u00e8 il nuovo direttore dei Servizi Socio Sanitari dell\u2019Ulss Dolomiti\",\"datePublished\":\"2021-07-03T11:14:48+00:00\",\"dateModified\":\"2021-07-03T11:14:50+00:00\",\"mainEntityOfPage\":{\"@id\":\"https:\\\/\\\/www.bellunopress.it\\\/2021\\\/07\\\/03\\\/giampaolo-pecere-e-il-nuovo-direttore-dei-servizi-socio-sanitari-dellulss-dolomiti\\\/\"},\"wordCount\":285,\"publisher\":{\"@id\":\"https:\\\/\\\/www.bellunopress.it\\\/#organization\"},\"image\":{\"@id\":\"https:\\\/\\\/www.bellunopress.it\\\/2021\\\/07\\\/03\\\/giampaolo-pecere-e-il-nuovo-direttore-dei-servizi-socio-sanitari-dellulss-dolomiti\\\/#primaryimage\"},\"thumbnailUrl\":\"https:\\\/\\\/www.bellunopress.it\\\/wp-content\\\/uploads\\\/2021\\\/07\\\/Giampaolo-Pecere_edited.jpg\",\"articleSection\":[\"Sanit\u00e0 Medicina\"],\"inLanguage\":\"fr-FR\"},{\"@type\":\"WebPage\",\"@id\":\"https:\\\/\\\/www.bellunopress.it\\\/2021\\\/07\\\/03\\\/giampaolo-pecere-e-il-nuovo-direttore-dei-servizi-socio-sanitari-dellulss-dolomiti\\\/\",\"url\":\"https:\\\/\\\/www.bellunopress.it\\\/2021\\\/07\\\/03\\\/giampaolo-pecere-e-il-nuovo-direttore-dei-servizi-socio-sanitari-dellulss-dolomiti\\\/\",\"name\":\"Giampaolo Pecere \u00e8 il nuovo direttore dei Servizi Socio Sanitari dell\u2019Ulss Dolomiti - Bellunopress - Dolomiti\",\"isPartOf\":{\"@id\":\"https:\\\/\\\/www.bellunopress.it\\\/#website\"},\"primaryImageOfPage\":{\"@id\":\"https:\\\/\\\/www.bellunopress.it\\\/2021\\\/07\\\/03\\\/giampaolo-pecere-e-il-nuovo-direttore-dei-servizi-socio-sanitari-dellulss-dolomiti\\\/#primaryimage\"},\"image\":{\"@id\":\"https:\\\/\\\/www.bellunopress.it\\\/2021\\\/07\\\/03\\\/giampaolo-pecere-e-il-nuovo-direttore-dei-servizi-socio-sanitari-dellulss-dolomiti\\\/#primaryimage\"},\"thumbnailUrl\":\"https:\\\/\\\/www.bellunopress.it\\\/wp-content\\\/uploads\\\/2021\\\/07\\\/Giampaolo-Pecere_edited.jpg\",\"datePublished\":\"2021-07-03T11:14:48+00:00\",\"dateModified\":\"2021-07-03T11:14:50+00:00\",\"breadcrumb\":{\"@id\":\"https:\\\/\\\/www.bellunopress.it\\\/2021\\\/07\\\/03\\\/giampaolo-pecere-e-il-nuovo-direttore-dei-servizi-socio-sanitari-dellulss-dolomiti\\\/#breadcrumb\"},\"inLanguage\":\"fr-FR\",\"potentialAction\":[{\"@type\":\"ReadAction\",\"target\":[\"https:\\\/\\\/www.bellunopress.it\\\/2021\\\/07\\\/03\\\/giampaolo-pecere-e-il-nuovo-direttore-dei-servizi-socio-sanitari-dellulss-dolomiti\\\/\"]}]},{\"@type\":\"ImageObject\",\"inLanguage\":\"fr-FR\",\"@id\":\"https:\\\/\\\/www.bellunopress.it\\\/2021\\\/07\\\/03\\\/giampaolo-pecere-e-il-nuovo-direttore-dei-servizi-socio-sanitari-dellulss-dolomiti\\\/#primaryimage\",\"url\":\"https:\\\/\\\/www.bellunopress.it\\\/wp-content\\\/uploads\\\/2021\\\/07\\\/Giampaolo-Pecere_edited.jpg\",\"contentUrl\":\"https:\\\/\\\/www.bellunopress.it\\\/wp-content\\\/uploads\\\/2021\\\/07\\\/Giampaolo-Pecere_edited.jpg\",\"width\":571,\"height\":634},{\"@type\":\"BreadcrumbList\",\"@id\":\"https:\\\/\\\/www.bellunopress.it\\\/2021\\\/07\\\/03\\\/giampaolo-pecere-e-il-nuovo-direttore-dei-servizi-socio-sanitari-dellulss-dolomiti\\\/#breadcrumb\",\"itemListElement\":[{\"@type\":\"ListItem\",\"position\":1,\"name\":\"Home\",\"item\":\"https:\\\/\\\/www.bellunopress.it\\\/\"},{\"@type\":\"ListItem\",\"position\":2,\"name\":\"Giampaolo Pecere \u00e8 il nuovo direttore dei Servizi Socio Sanitari dell\u2019Ulss Dolomiti\"}]},{\"@type\":\"WebSite\",\"@id\":\"https:\\\/\\\/www.bellunopress.it\\\/#website\",\"url\":\"https:\\\/\\\/www.bellunopress.it\\\/\",\"name\":\"Bellunopress - Dolomiti\",\"description\":\"e-mail: redazione@bellunopress.it\",\"publisher\":{\"@id\":\"https:\\\/\\\/www.bellunopress.it\\\/#organization\"},\"potentialAction\":[{\"@type\":\"SearchAction\",\"target\":{\"@type\":\"EntryPoint\",\"urlTemplate\":\"https:\\\/\\\/www.bellunopress.it\\\/?s={search_term_string}\"},\"query-input\":{\"@type\":\"PropertyValueSpecification\",\"valueRequired\":true,\"valueName\":\"search_term_string\"}}],\"inLanguage\":\"fr-FR\"},{\"@type\":\"Organization\",\"@id\":\"https:\\\/\\\/www.bellunopress.it\\\/#organization\",\"name\":\"Bellunopress\",\"url\":\"https:\\\/\\\/www.bellunopress.it\\\/\",\"logo\":{\"@type\":\"ImageObject\",\"inLanguage\":\"fr-FR\",\"@id\":\"https:\\\/\\\/www.bellunopress.it\\\/#\\\/schema\\\/logo\\\/image\\\/\",\"url\":\"https:\\\/\\\/www.bellunopress.it\\\/wp-content\\\/uploads\\\/2011\\\/05\\\/cropped-logo-bellunopress-.jpg\",\"contentUrl\":\"https:\\\/\\\/www.bellunopress.it\\\/wp-content\\\/uploads\\\/2011\\\/05\\\/cropped-logo-bellunopress-.jpg\",\"width\":512,\"height\":512,\"caption\":\"Bellunopress\"},\"image\":{\"@id\":\"https:\\\/\\\/www.bellunopress.it\\\/#\\\/schema\\\/logo\\\/image\\\/\"},\"sameAs\":[\"https:\\\/\\\/www.facebook.com\\\/profile.php?id=100008943462799\",\"https:\\\/\\\/x.com\\\/bellunopress\",\"https:\\\/\\\/www.linkedin.com\\\/hp\\\/?dnr=JBzUWaJfMUw8vbXJJ2tVW5-I3jZKvC4wsoxE&amp;amp;amp;amp;amp;amp;trk=nav_responsive_tab_home\",\"https:\\\/\\\/www.youtube.com\\\/channel\\\/UCxL0wu1uN0_3_7hGG0306cw\"]},{\"@type\":\"Person\",\"@id\":\"https:\\\/\\\/www.bellunopress.it\\\/#\\\/schema\\\/person\\\/79bb06722b37ece1c03d3e94beb30d73\",\"name\":\"redazione\",\"image\":{\"@type\":\"ImageObject\",\"inLanguage\":\"fr-FR\",\"@id\":\"https:\\\/\\\/secure.gravatar.com\\\/avatar\\\/37d968a2e67a6fd04c169c4bdef102d0bc5d31b2546345219e348575eb80e9a0?s=96&d=mm&r=g\",\"url\":\"https:\\\/\\\/secure.gravatar.com\\\/avatar\\\/37d968a2e67a6fd04c169c4bdef102d0bc5d31b2546345219e348575eb80e9a0?s=96&d=mm&r=g\",\"contentUrl\":\"https:\\\/\\\/secure.gravatar.com\\\/avatar\\\/37d968a2e67a6fd04c169c4bdef102d0bc5d31b2546345219e348575eb80e9a0?s=96&d=mm&r=g\",\"caption\":\"redazione\"},\"sameAs\":[\"http:\\\/\\\/www.bellunopress.it\",\"https:\\\/\\\/x.com\\\/bellunopress\"],\"url\":\"https:\\\/\\\/www.bellunopress.it\\\/fr\\\/author\\\/redazione\\\/\"}]}<\/script>\n<!-- \/ Yoast SEO plugin. -->","yoast_head_json":{"title":"Giampaolo Pecere \u00e8 il nuovo direttore dei Servizi Socio Sanitari dell\u2019Ulss Dolomiti - Bellunopress - Dolomiti","robots":{"index":"index","follow":"follow","max-snippet":"max-snippet:-1","max-image-preview":"max-image-preview:large","max-video-preview":"max-video-preview:-1"},"canonical":"https:\/\/www.bellunopress.it\/fr\/2021\/07\/03\/giampaolo-pecere-e-il-nuovo-direttore-dei-servizi-socio-sanitari-dellulss-dolomiti\/","og_locale":"fr_FR","og_type":"article","og_title":"Giampaolo Pecere \u00e8 il nuovo direttore dei Servizi Socio Sanitari dell\u2019Ulss Dolomiti - Bellunopress - Dolomiti","og_description":"Giampaolo Pecere \u00e8 il nuovo direttore dei Servizi Socio Sanitari dell\u2019Ulss Dolomiti, prender\u00e0 servizio luned\u00ec 5 luglio. Lo ha nominato il direttore generale della Ulss Dolomiti Maria Grazia Carraro completando cos\u00ec la squadra della direzione strategica. 61 anni, veneziano Pecere\u00a0si \u00e8 laureato in Medicina e Chirurgia nel 1987 all\u2019Universit\u00e0 di Padova. Ha conseguito due specializzazioni: [&hellip;]","og_url":"https:\/\/www.bellunopress.it\/fr\/2021\/07\/03\/giampaolo-pecere-e-il-nuovo-direttore-dei-servizi-socio-sanitari-dellulss-dolomiti\/","og_site_name":"Bellunopress - Dolomiti","article_publisher":"https:\/\/www.facebook.com\/profile.php?id=100008943462799","article_published_time":"2021-07-03T11:14:48+00:00","article_modified_time":"2021-07-03T11:14:50+00:00","og_image":[{"width":571,"height":634,"url":"https:\/\/www.bellunopress.it\/wp-content\/uploads\/2021\/07\/Giampaolo-Pecere_edited.jpg","type":"image\/jpeg"}],"author":"redazione","twitter_card":"summary_large_image","twitter_creator":"@bellunopress","twitter_site":"@bellunopress","twitter_misc":{"\u00c9crit par":"redazione","Dur\u00e9e de lecture estim\u00e9e":"2 minutes"},"schema":{"@context":"https:\/\/schema.org","@graph":[{"@type":"Article","@id":"https:\/\/www.bellunopress.it\/2021\/07\/03\/giampaolo-pecere-e-il-nuovo-direttore-dei-servizi-socio-sanitari-dellulss-dolomiti\/#article","isPartOf":{"@id":"https:\/\/www.bellunopress.it\/2021\/07\/03\/giampaolo-pecere-e-il-nuovo-direttore-dei-servizi-socio-sanitari-dellulss-dolomiti\/"},"author":{"name":"redazione","@id":"https:\/\/www.bellunopress.it\/#\/schema\/person\/79bb06722b37ece1c03d3e94beb30d73"},"headline":"Giampaolo Pecere \u00e8 il nuovo direttore dei Servizi Socio Sanitari dell\u2019Ulss Dolomiti","datePublished":"2021-07-03T11:14:48+00:00","dateModified":"2021-07-03T11:14:50+00:00","mainEntityOfPage":{"@id":"https:\/\/www.bellunopress.it\/2021\/07\/03\/giampaolo-pecere-e-il-nuovo-direttore-dei-servizi-socio-sanitari-dellulss-dolomiti\/"},"wordCount":285,"publisher":{"@id":"https:\/\/www.bellunopress.it\/#organization"},"image":{"@id":"https:\/\/www.bellunopress.it\/2021\/07\/03\/giampaolo-pecere-e-il-nuovo-direttore-dei-servizi-socio-sanitari-dellulss-dolomiti\/#primaryimage"},"thumbnailUrl":"https:\/\/www.bellunopress.it\/wp-content\/uploads\/2021\/07\/Giampaolo-Pecere_edited.jpg","articleSection":["Sanit\u00e0 Medicina"],"inLanguage":"fr-FR"},{"@type":"WebPage","@id":"https:\/\/www.bellunopress.it\/2021\/07\/03\/giampaolo-pecere-e-il-nuovo-direttore-dei-servizi-socio-sanitari-dellulss-dolomiti\/","url":"https:\/\/www.bellunopress.it\/2021\/07\/03\/giampaolo-pecere-e-il-nuovo-direttore-dei-servizi-socio-sanitari-dellulss-dolomiti\/","name":"Giampaolo Pecere \u00e8 il nuovo direttore dei Servizi Socio Sanitari dell\u2019Ulss Dolomiti - Bellunopress - Dolomiti","isPartOf":{"@id":"https:\/\/www.bellunopress.it\/#website"},"primaryImageOfPage":{"@id":"https:\/\/www.bellunopress.it\/2021\/07\/03\/giampaolo-pecere-e-il-nuovo-direttore-dei-servizi-socio-sanitari-dellulss-dolomiti\/#primaryimage"},"image":{"@id":"https:\/\/www.bellunopress.it\/2021\/07\/03\/giampaolo-pecere-e-il-nuovo-direttore-dei-servizi-socio-sanitari-dellulss-dolomiti\/#primaryimage"},"thumbnailUrl":"https:\/\/www.bellunopress.it\/wp-content\/uploads\/2021\/07\/Giampaolo-Pecere_edited.jpg","datePublished":"2021-07-03T11:14:48+00:00","dateModified":"2021-07-03T11:14:50+00:00","breadcrumb":{"@id":"https:\/\/www.bellunopress.it\/2021\/07\/03\/giampaolo-pecere-e-il-nuovo-direttore-dei-servizi-socio-sanitari-dellulss-dolomiti\/#breadcrumb"},"inLanguage":"fr-FR","potentialAction":[{"@type":"ReadAction","target":["https:\/\/www.bellunopress.it\/2021\/07\/03\/giampaolo-pecere-e-il-nuovo-direttore-dei-servizi-socio-sanitari-dellulss-dolomiti\/"]}]},{"@type":"ImageObject","inLanguage":"fr-FR","@id":"https:\/\/www.bellunopress.it\/2021\/07\/03\/giampaolo-pecere-e-il-nuovo-direttore-dei-servizi-socio-sanitari-dellulss-dolomiti\/#primaryimage","url":"https:\/\/www.bellunopress.it\/wp-content\/uploads\/2021\/07\/Giampaolo-Pecere_edited.jpg","contentUrl":"https:\/\/www.bellunopress.it\/wp-content\/uploads\/2021\/07\/Giampaolo-Pecere_edited.jpg","width":571,"height":634},{"@type":"BreadcrumbList","@id":"https:\/\/www.bellunopress.it\/2021\/07\/03\/giampaolo-pecere-e-il-nuovo-direttore-dei-servizi-socio-sanitari-dellulss-dolomiti\/#breadcrumb","itemListElement":[{"@type":"ListItem","position":1,"name":"Home","item":"https:\/\/www.bellunopress.it\/"},{"@type":"ListItem","position":2,"name":"Giampaolo Pecere \u00e8 il nuovo direttore dei Servizi Socio Sanitari dell\u2019Ulss Dolomiti"}]},{"@type":"WebSite","@id":"https:\/\/www.bellunopress.it\/#website","url":"https:\/\/www.bellunopress.it\/","name":"Bellunopress - Dolomiti","description":"e-mail: redazione@bellunopress.it","publisher":{"@id":"https:\/\/www.bellunopress.it\/#organization"},"potentialAction":[{"@type":"SearchAction","target":{"@type":"EntryPoint","urlTemplate":"https:\/\/www.bellunopress.it\/?s={search_term_string}"},"query-input":{"@type":"PropertyValueSpecification","valueRequired":true,"valueName":"search_term_string"}}],"inLanguage":"fr-FR"},{"@type":"Organization","@id":"https:\/\/www.bellunopress.it\/#organization","name":"Bellunopress","url":"https:\/\/www.bellunopress.it\/","logo":{"@type":"ImageObject","inLanguage":"fr-FR","@id":"https:\/\/www.bellunopress.it\/#\/schema\/logo\/image\/","url":"https:\/\/www.bellunopress.it\/wp-content\/uploads\/2011\/05\/cropped-logo-bellunopress-.jpg","contentUrl":"https:\/\/www.bellunopress.it\/wp-content\/uploads\/2011\/05\/cropped-logo-bellunopress-.jpg","width":512,"height":512,"caption":"Bellunopress"},"image":{"@id":"https:\/\/www.bellunopress.it\/#\/schema\/logo\/image\/"},"sameAs":["https:\/\/www.facebook.com\/profile.php?id=100008943462799","https:\/\/x.com\/bellunopress","https:\/\/www.linkedin.com\/hp\/?dnr=JBzUWaJfMUw8vbXJJ2tVW5-I3jZKvC4wsoxE&amp;amp;amp;amp;amp;amp;trk=nav_responsive_tab_home","https:\/\/www.youtube.com\/channel\/UCxL0wu1uN0_3_7hGG0306cw"]},{"@type":"Person","@id":"https:\/\/www.bellunopress.it\/#\/schema\/person\/79bb06722b37ece1c03d3e94beb30d73","name":"r\u00e9daction","image":{"@type":"ImageObject","inLanguage":"fr-FR","@id":"https:\/\/secure.gravatar.com\/avatar\/37d968a2e67a6fd04c169c4bdef102d0bc5d31b2546345219e348575eb80e9a0?s=96&d=mm&r=g","url":"https:\/\/secure.gravatar.com\/avatar\/37d968a2e67a6fd04c169c4bdef102d0bc5d31b2546345219e348575eb80e9a0?s=96&d=mm&r=g","contentUrl":"https:\/\/secure.gravatar.com\/avatar\/37d968a2e67a6fd04c169c4bdef102d0bc5d31b2546345219e348575eb80e9a0?s=96&d=mm&r=g","caption":"redazione"},"sameAs":["http:\/\/www.bellunopress.it","https:\/\/x.com\/bellunopress"],"url":"https:\/\/www.bellunopress.it\/fr\/author\/redazione\/"}]}},"_links":{"self":[{"href":"https:\/\/www.bellunopress.it\/fr\/wp-json\/wp\/v2\/posts\/125698","targetHints":{"allow":["GET"]}}],"collection":[{"href":"https:\/\/www.bellunopress.it\/fr\/wp-json\/wp\/v2\/posts"}],"about":[{"href":"https:\/\/www.bellunopress.it\/fr\/wp-json\/wp\/v2\/types\/post"}],"author":[{"embeddable":true,"href":"https:\/\/www.bellunopress.it\/fr\/wp-json\/wp\/v2\/users\/2"}],"replies":[{"embeddable":true,"href":"https:\/\/www.bellunopress.it\/fr\/wp-json\/wp\/v2\/comments?post=125698"}],"version-history":[{"count":2,"href":"https:\/\/www.bellunopress.it\/fr\/wp-json\/wp\/v2\/posts\/125698\/revisions"}],"predecessor-version":[{"id":125701,"href":"https:\/\/www.bellunopress.it\/fr\/wp-json\/wp\/v2\/posts\/125698\/revisions\/125701"}],"wp:featuredmedia":[{"embeddable":true,"href":"https:\/\/www.bellunopress.it\/fr\/wp-json\/wp\/v2\/media\/125699"}],"wp:attachment":[{"href":"https:\/\/www.bellunopress.it\/fr\/wp-json\/wp\/v2\/media?parent=125698"}],"wp:term":[{"taxonomy":"category","embeddable":true,"href":"https:\/\/www.bellunopress.it\/fr\/wp-json\/wp\/v2\/categories?post=125698"},{"taxonomy":"post_tag","embeddable":true,"href":"https:\/\/www.bellunopress.it\/fr\/wp-json\/wp\/v2\/tags?post=125698"}],"curies":[{"name":"wp","href":"https:\/\/api.w.org\/{rel}","templated":true}]}}