{"id":125591,"date":"2021-06-29T15:03:49","date_gmt":"2021-06-29T13:03:49","guid":{"rendered":"https:\/\/www.bellunopress.it\/?p=125591"},"modified":"2021-06-29T15:03:50","modified_gmt":"2021-06-29T13:03:50","slug":"meteo-attesi-forti-rovesci-vento-e-grandine-da-mercoledi","status":"publish","type":"post","link":"https:\/\/www.bellunopress.it\/fr\/2021\/06\/29\/meteo-attesi-forti-rovesci-vento-e-grandine-da-mercoledi\/","title":{"rendered":"Meteo. Attesi forti rovesci, vento e grandine da mercoled\u00ec"},"content":{"rendered":"<p><a href=\"https:\/\/www.bellunopress.it\/fr\/2021\/06\/29\/meteo-attesi-forti-rovesci-vento-e-grandine-da-mercoledi\/pioggia_edited\/\" rel=\"attachment wp-att-125592\"><img loading=\"lazy\" decoding=\"async\" class=\"alignleft size-full wp-image-125592\" src=\"https:\/\/www.bellunopress.it\/wp-content\/uploads\/2021\/06\/pioggia_edited.jpg\" alt=\"\" width=\"800\" height=\"450\" srcset=\"https:\/\/www.bellunopress.it\/wp-content\/uploads\/2021\/06\/pioggia_edited.jpg 800w, https:\/\/www.bellunopress.it\/wp-content\/uploads\/2021\/06\/pioggia_edited-500x281.jpg 500w, https:\/\/www.bellunopress.it\/wp-content\/uploads\/2021\/06\/pioggia_edited-696x392.jpg 696w, https:\/\/www.bellunopress.it\/wp-content\/uploads\/2021\/06\/pioggia_edited-747x420.jpg 747w\" sizes=\"auto, (max-width: 800px) 100vw, 800px\" \/><\/a>Venezia, 29 giugno 2021 &#8211;\u00a0Le previsioni meteorologiche del Veneto segnalano, dalle ore centrali di domani, mercoled\u00ec 30 giugno, fino alle prime ore di gioved\u00ec 1 luglio, tempo a tratti instabile con probabili rovesci e temporali sparsi, specie su zone montane, pedemontane e pianura centro-settentrionale. In occasione di qualche temporale saranno possibili locali fenomeni intensi (forti rovesci, forti raffiche di vento e locali grandinate).<\/p>\n<p>In particolare, per le Dolomiti, sono attesi possibili rovesci e temporali gi\u00e0 nel pomeriggio di oggi con probabilit\u00e0 contenuta e, dalla tarda mattinata di domani, mercoled\u00ec 30 giugno, con fenomeni intensi.<\/p>\n<p>Considerati i fenomeni meteorologici previsti, la criticit\u00e0 idrogeologica attesa \u00e8 riferita allo scenario per temporali forti. Il Centro Funzionale Decentrato della Protezione Civile della Regione ha emesso un avviso di criticit\u00e0 idrogeologica, con particolare riferimento alla rete idraulica secondaria, stabilendo dalle 10.00 di domani fino alle 9.00 del 1 luglio, lo stato di Attenzione (allerta gialla) per i bacini: Alto Piave (BL), Piave Pedemontano (BL-TV), Alto Brenta \u2013 Bacchiglione -Alpone (VI-BL-TV-VR), Adige- Garda e Monti Lessini (VR), Basso Brenta \u2013 Bacchiglione (PD-VI-VR-VE-TV), Basso Piave &#8211; Sile e Bacino scolante in laguna (VE-TV-PD), Livenza &#8211; Lemene e Tagliamento (VE-TV).<\/p>\n<p>Il possibile verificarsi di rovesci o temporali localmente anche intensi, potrebbe creare disagi al sistema fognario e lungo la rete idrografica minore. Si raccomanda agli enti interessati di prestare la massima attenzione per la sorveglianza dei fenomeni previsti sul territorio di competenza e di prepararsi con congruo anticipo, rispetto agli orari indicati nel presente avviso, alla gestione di eventuali fenomeni emergenziali.<\/p>","protected":false},"excerpt":{"rendered":"<p>Venezia, 29 giugno 2021 &#8211;\u00a0Le previsioni meteorologiche del Veneto segnalano, dalle ore centrali di domani, mercoled\u00ec 30 giugno, fino alle prime ore di gioved\u00ec 1 luglio, tempo a tratti instabile con probabili rovesci e temporali sparsi, specie su zone montane, pedemontane e pianura centro-settentrionale. In occasione di qualche temporale saranno possibili locali fenomeni intensi (forti [&hellip;]<\/p>\n","protected":false},"author":2,"featured_media":125592,"comment_status":"closed","ping_status":"open","sticky":false,"template":"","format":"standard","meta":{"footnotes":""},"categories":[38],"tags":[],"class_list":["post-125591","post","type-post","status-publish","format-standard","has-post-thumbnail","category-natura-ambiente"],"yoast_head":"<!-- This site is optimized with the Yoast SEO plugin v28.4 - https:\/\/yoast.com\/product\/yoast-seo-wordpress\/ -->\n<title>Meteo. Attesi forti rovesci, vento e grandine da mercoled\u00ec - Bellunopress - Dolomiti<\/title>\n<meta name=\"robots\" content=\"index, follow, max-snippet:-1, max-image-preview:large, max-video-preview:-1\" \/>\n<link rel=\"canonical\" href=\"https:\/\/www.bellunopress.it\/fr\/2021\/06\/29\/meteo-attesi-forti-rovesci-vento-e-grandine-da-mercoledi\/\" \/>\n<meta property=\"og:locale\" content=\"fr_FR\" \/>\n<meta property=\"og:type\" content=\"article\" \/>\n<meta property=\"og:title\" content=\"Meteo. Attesi forti rovesci, vento e grandine da mercoled\u00ec - Bellunopress - Dolomiti\" \/>\n<meta property=\"og:description\" content=\"Venezia, 29 giugno 2021 &#8211;\u00a0Le previsioni meteorologiche del Veneto segnalano, dalle ore centrali di domani, mercoled\u00ec 30 giugno, fino alle prime ore di gioved\u00ec 1 luglio, tempo a tratti instabile con probabili rovesci e temporali sparsi, specie su zone montane, pedemontane e pianura centro-settentrionale. In occasione di qualche temporale saranno possibili locali fenomeni intensi (forti [&hellip;]\" \/>\n<meta property=\"og:url\" content=\"https:\/\/www.bellunopress.it\/fr\/2021\/06\/29\/meteo-attesi-forti-rovesci-vento-e-grandine-da-mercoledi\/\" \/>\n<meta property=\"og:site_name\" content=\"Bellunopress - Dolomiti\" \/>\n<meta property=\"article:publisher\" content=\"https:\/\/www.facebook.com\/profile.php?id=100008943462799\" \/>\n<meta property=\"article:published_time\" content=\"2021-06-29T13:03:49+00:00\" \/>\n<meta property=\"article:modified_time\" content=\"2021-06-29T13:03:50+00:00\" \/>\n<meta property=\"og:image\" content=\"https:\/\/www.bellunopress.it\/wp-content\/uploads\/2021\/06\/pioggia_edited.jpg\" \/>\n\t<meta property=\"og:image:width\" content=\"800\" \/>\n\t<meta property=\"og:image:height\" content=\"450\" \/>\n\t<meta property=\"og:image:type\" content=\"image\/jpeg\" \/>\n<meta name=\"author\" content=\"redazione\" \/>\n<meta name=\"twitter:card\" content=\"summary_large_image\" \/>\n<meta name=\"twitter:creator\" content=\"@bellunopress\" \/>\n<meta name=\"twitter:site\" content=\"@bellunopress\" \/>\n<meta name=\"twitter:label1\" content=\"\u00c9crit par\" \/>\n\t<meta name=\"twitter:data1\" content=\"redazione\" \/>\n\t<meta name=\"twitter:label2\" content=\"Dur\u00e9e de lecture estim\u00e9e\" \/>\n\t<meta name=\"twitter:data2\" content=\"2 minutes\" \/>\n<script type=\"application\/ld+json\" class=\"yoast-schema-graph\">{\"@context\":\"https:\\\/\\\/schema.org\",\"@graph\":[{\"@type\":\"Article\",\"@id\":\"https:\\\/\\\/www.bellunopress.it\\\/2021\\\/06\\\/29\\\/meteo-attesi-forti-rovesci-vento-e-grandine-da-mercoledi\\\/#article\",\"isPartOf\":{\"@id\":\"https:\\\/\\\/www.bellunopress.it\\\/2021\\\/06\\\/29\\\/meteo-attesi-forti-rovesci-vento-e-grandine-da-mercoledi\\\/\"},\"author\":{\"name\":\"redazione\",\"@id\":\"https:\\\/\\\/www.bellunopress.it\\\/#\\\/schema\\\/person\\\/79bb06722b37ece1c03d3e94beb30d73\"},\"headline\":\"Meteo. Attesi forti rovesci, vento e grandine da mercoled\u00ec\",\"datePublished\":\"2021-06-29T13:03:49+00:00\",\"dateModified\":\"2021-06-29T13:03:50+00:00\",\"mainEntityOfPage\":{\"@id\":\"https:\\\/\\\/www.bellunopress.it\\\/2021\\\/06\\\/29\\\/meteo-attesi-forti-rovesci-vento-e-grandine-da-mercoledi\\\/\"},\"wordCount\":252,\"publisher\":{\"@id\":\"https:\\\/\\\/www.bellunopress.it\\\/#organization\"},\"image\":{\"@id\":\"https:\\\/\\\/www.bellunopress.it\\\/2021\\\/06\\\/29\\\/meteo-attesi-forti-rovesci-vento-e-grandine-da-mercoledi\\\/#primaryimage\"},\"thumbnailUrl\":\"https:\\\/\\\/www.bellunopress.it\\\/wp-content\\\/uploads\\\/2021\\\/06\\\/pioggia_edited.jpg\",\"articleSection\":[\"Meteo, natura, ambiente, animali\"],\"inLanguage\":\"fr-FR\"},{\"@type\":\"WebPage\",\"@id\":\"https:\\\/\\\/www.bellunopress.it\\\/2021\\\/06\\\/29\\\/meteo-attesi-forti-rovesci-vento-e-grandine-da-mercoledi\\\/\",\"url\":\"https:\\\/\\\/www.bellunopress.it\\\/2021\\\/06\\\/29\\\/meteo-attesi-forti-rovesci-vento-e-grandine-da-mercoledi\\\/\",\"name\":\"Meteo. Attesi forti rovesci, vento e grandine da mercoled\u00ec - Bellunopress - Dolomiti\",\"isPartOf\":{\"@id\":\"https:\\\/\\\/www.bellunopress.it\\\/#website\"},\"primaryImageOfPage\":{\"@id\":\"https:\\\/\\\/www.bellunopress.it\\\/2021\\\/06\\\/29\\\/meteo-attesi-forti-rovesci-vento-e-grandine-da-mercoledi\\\/#primaryimage\"},\"image\":{\"@id\":\"https:\\\/\\\/www.bellunopress.it\\\/2021\\\/06\\\/29\\\/meteo-attesi-forti-rovesci-vento-e-grandine-da-mercoledi\\\/#primaryimage\"},\"thumbnailUrl\":\"https:\\\/\\\/www.bellunopress.it\\\/wp-content\\\/uploads\\\/2021\\\/06\\\/pioggia_edited.jpg\",\"datePublished\":\"2021-06-29T13:03:49+00:00\",\"dateModified\":\"2021-06-29T13:03:50+00:00\",\"breadcrumb\":{\"@id\":\"https:\\\/\\\/www.bellunopress.it\\\/2021\\\/06\\\/29\\\/meteo-attesi-forti-rovesci-vento-e-grandine-da-mercoledi\\\/#breadcrumb\"},\"inLanguage\":\"fr-FR\",\"potentialAction\":[{\"@type\":\"ReadAction\",\"target\":[\"https:\\\/\\\/www.bellunopress.it\\\/2021\\\/06\\\/29\\\/meteo-attesi-forti-rovesci-vento-e-grandine-da-mercoledi\\\/\"]}]},{\"@type\":\"ImageObject\",\"inLanguage\":\"fr-FR\",\"@id\":\"https:\\\/\\\/www.bellunopress.it\\\/2021\\\/06\\\/29\\\/meteo-attesi-forti-rovesci-vento-e-grandine-da-mercoledi\\\/#primaryimage\",\"url\":\"https:\\\/\\\/www.bellunopress.it\\\/wp-content\\\/uploads\\\/2021\\\/06\\\/pioggia_edited.jpg\",\"contentUrl\":\"https:\\\/\\\/www.bellunopress.it\\\/wp-content\\\/uploads\\\/2021\\\/06\\\/pioggia_edited.jpg\",\"width\":800,\"height\":450},{\"@type\":\"BreadcrumbList\",\"@id\":\"https:\\\/\\\/www.bellunopress.it\\\/2021\\\/06\\\/29\\\/meteo-attesi-forti-rovesci-vento-e-grandine-da-mercoledi\\\/#breadcrumb\",\"itemListElement\":[{\"@type\":\"ListItem\",\"position\":1,\"name\":\"Home\",\"item\":\"https:\\\/\\\/www.bellunopress.it\\\/\"},{\"@type\":\"ListItem\",\"position\":2,\"name\":\"Meteo. Attesi forti rovesci, vento e grandine da mercoled\u00ec\"}]},{\"@type\":\"WebSite\",\"@id\":\"https:\\\/\\\/www.bellunopress.it\\\/#website\",\"url\":\"https:\\\/\\\/www.bellunopress.it\\\/\",\"name\":\"Bellunopress - Dolomiti\",\"description\":\"e-mail: redazione@bellunopress.it\",\"publisher\":{\"@id\":\"https:\\\/\\\/www.bellunopress.it\\\/#organization\"},\"potentialAction\":[{\"@type\":\"SearchAction\",\"target\":{\"@type\":\"EntryPoint\",\"urlTemplate\":\"https:\\\/\\\/www.bellunopress.it\\\/?s={search_term_string}\"},\"query-input\":{\"@type\":\"PropertyValueSpecification\",\"valueRequired\":true,\"valueName\":\"search_term_string\"}}],\"inLanguage\":\"fr-FR\"},{\"@type\":\"Organization\",\"@id\":\"https:\\\/\\\/www.bellunopress.it\\\/#organization\",\"name\":\"Bellunopress\",\"url\":\"https:\\\/\\\/www.bellunopress.it\\\/\",\"logo\":{\"@type\":\"ImageObject\",\"inLanguage\":\"fr-FR\",\"@id\":\"https:\\\/\\\/www.bellunopress.it\\\/#\\\/schema\\\/logo\\\/image\\\/\",\"url\":\"https:\\\/\\\/www.bellunopress.it\\\/wp-content\\\/uploads\\\/2011\\\/05\\\/cropped-logo-bellunopress-.jpg\",\"contentUrl\":\"https:\\\/\\\/www.bellunopress.it\\\/wp-content\\\/uploads\\\/2011\\\/05\\\/cropped-logo-bellunopress-.jpg\",\"width\":512,\"height\":512,\"caption\":\"Bellunopress\"},\"image\":{\"@id\":\"https:\\\/\\\/www.bellunopress.it\\\/#\\\/schema\\\/logo\\\/image\\\/\"},\"sameAs\":[\"https:\\\/\\\/www.facebook.com\\\/profile.php?id=100008943462799\",\"https:\\\/\\\/x.com\\\/bellunopress\",\"https:\\\/\\\/www.linkedin.com\\\/hp\\\/?dnr=JBzUWaJfMUw8vbXJJ2tVW5-I3jZKvC4wsoxE&amp;amp;amp;amp;amp;amp;trk=nav_responsive_tab_home\",\"https:\\\/\\\/www.youtube.com\\\/channel\\\/UCxL0wu1uN0_3_7hGG0306cw\"]},{\"@type\":\"Person\",\"@id\":\"https:\\\/\\\/www.bellunopress.it\\\/#\\\/schema\\\/person\\\/79bb06722b37ece1c03d3e94beb30d73\",\"name\":\"redazione\",\"image\":{\"@type\":\"ImageObject\",\"inLanguage\":\"fr-FR\",\"@id\":\"https:\\\/\\\/secure.gravatar.com\\\/avatar\\\/37d968a2e67a6fd04c169c4bdef102d0bc5d31b2546345219e348575eb80e9a0?s=96&d=mm&r=g\",\"url\":\"https:\\\/\\\/secure.gravatar.com\\\/avatar\\\/37d968a2e67a6fd04c169c4bdef102d0bc5d31b2546345219e348575eb80e9a0?s=96&d=mm&r=g\",\"contentUrl\":\"https:\\\/\\\/secure.gravatar.com\\\/avatar\\\/37d968a2e67a6fd04c169c4bdef102d0bc5d31b2546345219e348575eb80e9a0?s=96&d=mm&r=g\",\"caption\":\"redazione\"},\"sameAs\":[\"http:\\\/\\\/www.bellunopress.it\",\"https:\\\/\\\/x.com\\\/bellunopress\"],\"url\":\"https:\\\/\\\/www.bellunopress.it\\\/fr\\\/author\\\/redazione\\\/\"}]}<\/script>\n<!-- \/ Yoast SEO plugin. -->","yoast_head_json":{"title":"Meteo. Attesi forti rovesci, vento e grandine da mercoled\u00ec - Bellunopress - Dolomiti","robots":{"index":"index","follow":"follow","max-snippet":"max-snippet:-1","max-image-preview":"max-image-preview:large","max-video-preview":"max-video-preview:-1"},"canonical":"https:\/\/www.bellunopress.it\/fr\/2021\/06\/29\/meteo-attesi-forti-rovesci-vento-e-grandine-da-mercoledi\/","og_locale":"fr_FR","og_type":"article","og_title":"Meteo. Attesi forti rovesci, vento e grandine da mercoled\u00ec - Bellunopress - Dolomiti","og_description":"Venezia, 29 giugno 2021 &#8211;\u00a0Le previsioni meteorologiche del Veneto segnalano, dalle ore centrali di domani, mercoled\u00ec 30 giugno, fino alle prime ore di gioved\u00ec 1 luglio, tempo a tratti instabile con probabili rovesci e temporali sparsi, specie su zone montane, pedemontane e pianura centro-settentrionale. In occasione di qualche temporale saranno possibili locali fenomeni intensi (forti [&hellip;]","og_url":"https:\/\/www.bellunopress.it\/fr\/2021\/06\/29\/meteo-attesi-forti-rovesci-vento-e-grandine-da-mercoledi\/","og_site_name":"Bellunopress - Dolomiti","article_publisher":"https:\/\/www.facebook.com\/profile.php?id=100008943462799","article_published_time":"2021-06-29T13:03:49+00:00","article_modified_time":"2021-06-29T13:03:50+00:00","og_image":[{"width":800,"height":450,"url":"https:\/\/www.bellunopress.it\/wp-content\/uploads\/2021\/06\/pioggia_edited.jpg","type":"image\/jpeg"}],"author":"redazione","twitter_card":"summary_large_image","twitter_creator":"@bellunopress","twitter_site":"@bellunopress","twitter_misc":{"\u00c9crit par":"redazione","Dur\u00e9e de lecture estim\u00e9e":"2 minutes"},"schema":{"@context":"https:\/\/schema.org","@graph":[{"@type":"Article","@id":"https:\/\/www.bellunopress.it\/2021\/06\/29\/meteo-attesi-forti-rovesci-vento-e-grandine-da-mercoledi\/#article","isPartOf":{"@id":"https:\/\/www.bellunopress.it\/2021\/06\/29\/meteo-attesi-forti-rovesci-vento-e-grandine-da-mercoledi\/"},"author":{"name":"redazione","@id":"https:\/\/www.bellunopress.it\/#\/schema\/person\/79bb06722b37ece1c03d3e94beb30d73"},"headline":"Meteo. Attesi forti rovesci, vento e grandine da mercoled\u00ec","datePublished":"2021-06-29T13:03:49+00:00","dateModified":"2021-06-29T13:03:50+00:00","mainEntityOfPage":{"@id":"https:\/\/www.bellunopress.it\/2021\/06\/29\/meteo-attesi-forti-rovesci-vento-e-grandine-da-mercoledi\/"},"wordCount":252,"publisher":{"@id":"https:\/\/www.bellunopress.it\/#organization"},"image":{"@id":"https:\/\/www.bellunopress.it\/2021\/06\/29\/meteo-attesi-forti-rovesci-vento-e-grandine-da-mercoledi\/#primaryimage"},"thumbnailUrl":"https:\/\/www.bellunopress.it\/wp-content\/uploads\/2021\/06\/pioggia_edited.jpg","articleSection":["Meteo, natura, ambiente, animali"],"inLanguage":"fr-FR"},{"@type":"WebPage","@id":"https:\/\/www.bellunopress.it\/2021\/06\/29\/meteo-attesi-forti-rovesci-vento-e-grandine-da-mercoledi\/","url":"https:\/\/www.bellunopress.it\/2021\/06\/29\/meteo-attesi-forti-rovesci-vento-e-grandine-da-mercoledi\/","name":"Meteo. Attesi forti rovesci, vento e grandine da mercoled\u00ec - Bellunopress - Dolomiti","isPartOf":{"@id":"https:\/\/www.bellunopress.it\/#website"},"primaryImageOfPage":{"@id":"https:\/\/www.bellunopress.it\/2021\/06\/29\/meteo-attesi-forti-rovesci-vento-e-grandine-da-mercoledi\/#primaryimage"},"image":{"@id":"https:\/\/www.bellunopress.it\/2021\/06\/29\/meteo-attesi-forti-rovesci-vento-e-grandine-da-mercoledi\/#primaryimage"},"thumbnailUrl":"https:\/\/www.bellunopress.it\/wp-content\/uploads\/2021\/06\/pioggia_edited.jpg","datePublished":"2021-06-29T13:03:49+00:00","dateModified":"2021-06-29T13:03:50+00:00","breadcrumb":{"@id":"https:\/\/www.bellunopress.it\/2021\/06\/29\/meteo-attesi-forti-rovesci-vento-e-grandine-da-mercoledi\/#breadcrumb"},"inLanguage":"fr-FR","potentialAction":[{"@type":"ReadAction","target":["https:\/\/www.bellunopress.it\/2021\/06\/29\/meteo-attesi-forti-rovesci-vento-e-grandine-da-mercoledi\/"]}]},{"@type":"ImageObject","inLanguage":"fr-FR","@id":"https:\/\/www.bellunopress.it\/2021\/06\/29\/meteo-attesi-forti-rovesci-vento-e-grandine-da-mercoledi\/#primaryimage","url":"https:\/\/www.bellunopress.it\/wp-content\/uploads\/2021\/06\/pioggia_edited.jpg","contentUrl":"https:\/\/www.bellunopress.it\/wp-content\/uploads\/2021\/06\/pioggia_edited.jpg","width":800,"height":450},{"@type":"BreadcrumbList","@id":"https:\/\/www.bellunopress.it\/2021\/06\/29\/meteo-attesi-forti-rovesci-vento-e-grandine-da-mercoledi\/#breadcrumb","itemListElement":[{"@type":"ListItem","position":1,"name":"Home","item":"https:\/\/www.bellunopress.it\/"},{"@type":"ListItem","position":2,"name":"Meteo. Attesi forti rovesci, vento e grandine da mercoled\u00ec"}]},{"@type":"WebSite","@id":"https:\/\/www.bellunopress.it\/#website","url":"https:\/\/www.bellunopress.it\/","name":"Bellunopress - Dolomiti","description":"e-mail: redazione@bellunopress.it","publisher":{"@id":"https:\/\/www.bellunopress.it\/#organization"},"potentialAction":[{"@type":"SearchAction","target":{"@type":"EntryPoint","urlTemplate":"https:\/\/www.bellunopress.it\/?s={search_term_string}"},"query-input":{"@type":"PropertyValueSpecification","valueRequired":true,"valueName":"search_term_string"}}],"inLanguage":"fr-FR"},{"@type":"Organization","@id":"https:\/\/www.bellunopress.it\/#organization","name":"Bellunopress","url":"https:\/\/www.bellunopress.it\/","logo":{"@type":"ImageObject","inLanguage":"fr-FR","@id":"https:\/\/www.bellunopress.it\/#\/schema\/logo\/image\/","url":"https:\/\/www.bellunopress.it\/wp-content\/uploads\/2011\/05\/cropped-logo-bellunopress-.jpg","contentUrl":"https:\/\/www.bellunopress.it\/wp-content\/uploads\/2011\/05\/cropped-logo-bellunopress-.jpg","width":512,"height":512,"caption":"Bellunopress"},"image":{"@id":"https:\/\/www.bellunopress.it\/#\/schema\/logo\/image\/"},"sameAs":["https:\/\/www.facebook.com\/profile.php?id=100008943462799","https:\/\/x.com\/bellunopress","https:\/\/www.linkedin.com\/hp\/?dnr=JBzUWaJfMUw8vbXJJ2tVW5-I3jZKvC4wsoxE&amp;amp;amp;amp;amp;amp;trk=nav_responsive_tab_home","https:\/\/www.youtube.com\/channel\/UCxL0wu1uN0_3_7hGG0306cw"]},{"@type":"Person","@id":"https:\/\/www.bellunopress.it\/#\/schema\/person\/79bb06722b37ece1c03d3e94beb30d73","name":"r\u00e9daction","image":{"@type":"ImageObject","inLanguage":"fr-FR","@id":"https:\/\/secure.gravatar.com\/avatar\/37d968a2e67a6fd04c169c4bdef102d0bc5d31b2546345219e348575eb80e9a0?s=96&d=mm&r=g","url":"https:\/\/secure.gravatar.com\/avatar\/37d968a2e67a6fd04c169c4bdef102d0bc5d31b2546345219e348575eb80e9a0?s=96&d=mm&r=g","contentUrl":"https:\/\/secure.gravatar.com\/avatar\/37d968a2e67a6fd04c169c4bdef102d0bc5d31b2546345219e348575eb80e9a0?s=96&d=mm&r=g","caption":"redazione"},"sameAs":["http:\/\/www.bellunopress.it","https:\/\/x.com\/bellunopress"],"url":"https:\/\/www.bellunopress.it\/fr\/author\/redazione\/"}]}},"_links":{"self":[{"href":"https:\/\/www.bellunopress.it\/fr\/wp-json\/wp\/v2\/posts\/125591","targetHints":{"allow":["GET"]}}],"collection":[{"href":"https:\/\/www.bellunopress.it\/fr\/wp-json\/wp\/v2\/posts"}],"about":[{"href":"https:\/\/www.bellunopress.it\/fr\/wp-json\/wp\/v2\/types\/post"}],"author":[{"embeddable":true,"href":"https:\/\/www.bellunopress.it\/fr\/wp-json\/wp\/v2\/users\/2"}],"replies":[{"embeddable":true,"href":"https:\/\/www.bellunopress.it\/fr\/wp-json\/wp\/v2\/comments?post=125591"}],"version-history":[{"count":2,"href":"https:\/\/www.bellunopress.it\/fr\/wp-json\/wp\/v2\/posts\/125591\/revisions"}],"predecessor-version":[{"id":125594,"href":"https:\/\/www.bellunopress.it\/fr\/wp-json\/wp\/v2\/posts\/125591\/revisions\/125594"}],"wp:featuredmedia":[{"embeddable":true,"href":"https:\/\/www.bellunopress.it\/fr\/wp-json\/wp\/v2\/media\/125592"}],"wp:attachment":[{"href":"https:\/\/www.bellunopress.it\/fr\/wp-json\/wp\/v2\/media?parent=125591"}],"wp:term":[{"taxonomy":"category","embeddable":true,"href":"https:\/\/www.bellunopress.it\/fr\/wp-json\/wp\/v2\/categories?post=125591"},{"taxonomy":"post_tag","embeddable":true,"href":"https:\/\/www.bellunopress.it\/fr\/wp-json\/wp\/v2\/tags?post=125591"}],"curies":[{"name":"wp","href":"https:\/\/api.w.org\/{rel}","templated":true}]}}