{"id":125588,"date":"2021-06-29T14:46:19","date_gmt":"2021-06-29T12:46:19","guid":{"rendered":"https:\/\/www.bellunopress.it\/?p=125588"},"modified":"2021-06-29T14:48:12","modified_gmt":"2021-06-29T12:48:12","slug":"mercoledi-30-giugno-sciopero-nei-settori-energia-gas-e-igiene-ambientale-presidio-cgil-cisl-uil-in-prefettura-a-belluno","status":"publish","type":"post","link":"https:\/\/www.bellunopress.it\/fr\/2021\/06\/29\/mercoledi-30-giugno-sciopero-nei-settori-energia-gas-e-igiene-ambientale-presidio-cgil-cisl-uil-in-prefettura-a-belluno\/","title":{"rendered":"Mercoled\u00ec 30 giugno sciopero nei settori Energia, Gas, Igiene ambientale. Presidio Cgil-Cisl-Uil in Prefettura a Belluno"},"content":{"rendered":"<p><a href=\"https:\/\/www.bellunopress.it\/fr\/2021\/04\/10\/lavoratori-agricoli-esclusi-dal-decreto-sostegni-presidio-davanti-alla-prefettura-di-belluno-fai-cisl-flai-cgil-e-uila-uil-lavoratori-stagionali-essenziali-ma-senza-bonus\/cgil-sindacati-prefettura_edited\/\" rel=\"attachment wp-att-123177\"><img loading=\"lazy\" decoding=\"async\" class=\"alignleft size-full wp-image-123177\" src=\"https:\/\/www.bellunopress.it\/wp-content\/uploads\/2021\/04\/Cgil-Sindacati-Prefettura_edited.jpg\" alt=\"\" width=\"1000\" height=\"901\" srcset=\"https:\/\/www.bellunopress.it\/wp-content\/uploads\/2021\/04\/Cgil-Sindacati-Prefettura_edited.jpg 1000w, https:\/\/www.bellunopress.it\/wp-content\/uploads\/2021\/04\/Cgil-Sindacati-Prefettura_edited-500x451.jpg 500w, https:\/\/www.bellunopress.it\/wp-content\/uploads\/2021\/04\/Cgil-Sindacati-Prefettura_edited-696x627.jpg 696w, https:\/\/www.bellunopress.it\/wp-content\/uploads\/2021\/04\/Cgil-Sindacati-Prefettura_edited-466x420.jpg 466w\" sizes=\"auto, (max-width: 1000px) 100vw, 1000px\" \/><\/a>Con l\u2019obbligo di esternalizzare almeno l\u201980% delle attivit\u00e0 in concessione con importo superiore ai 150mila euro sono a rischio posti di lavoro e qualit\u00e0 di servizi pubblici fondamentali.<\/p>\n<p>Per questo motivo a livello nazionale le Federazioni di categoria dei lavoratori settori dell\u2019Energia elettrica, del Gas e dell\u2019Igiene Ambientale Filctem Cgil, Femca Cisl, Flaei Cisl, Uiltec Uil, Fp Cgil, Fit Cisl e Uiltrasporti hanno proclamato uno sciopero nazionale per la giornata di mercoled\u00ec 30 giugno. Anche in provincia di Belluno si svilupper\u00e0 la protesta di lavoratori e Sindacati: oltre alle ore di sciopero avr\u00e0 luogo un presidio davanti alla Prefettura dalle 9.30 alle 12.00 e un incontro con il Prefetto alle 10.15. La delegazione sindacale incontrer\u00e0 la stampa e le televisioni dopo l\u2019incontro con il Prefetto, indicativamente attorno alle 11.15 davanti alla Prefettura.<\/p>\n<p>Precisa la richiesta delle Organizzazioni Sindacali al Governo: la cancellazione dell\u2019articolo 177 del Codice degli appalti, perch\u00e8 la sua applicazione, prevista a partire dal 31 dicembre 2021, obbligher\u00e0 le aziende concessionarie ad esternalizzare l\u201980% delle attivit\u00e0 con importo superiore ai 150mila euro, anche nei casi in cui vengano svolte dal proprio personale. Una norma che avr\u00e0 ricadute drammatiche sul personale delle aziende elettriche, del gas e dell\u2019igiene ambientale.<\/p>\n<p>\u201cIl rischio &#8211; denunciano i Sindacati di categoria &#8211; \u00e8 la desertificazione e la destrutturazione dei servizi pubblici essenziali, lo smembramento delle aziende pi\u00f9 importanti che finora hanno garantito un\u2019attivit\u00e0 altamente qualificata, la destrutturazione dei contratti nazionali. A perdere il lavoro saranno quelle persone che hanno aiutato il Paese nel momento pi\u00f9 buio, garantendo durante la pandemia la piena efficienza dei servizi elettrici, del gas e della raccolta dei rifiuti\u201d.<\/p>\n<p>\u201cL\u2019esternalizzazione forzata delle attivit\u00e0 &#8211; proseguono i Sindacati &#8211; render\u00e0 vulnerabili i sistemi dei servizi, rischiando di consegnarli nelle mani di mercati esterni e di scontati appetiti, ribaltando il senso originale dell\u2019affidamento in concessione e tramutando di fatto gli attuali affidatari in mere stazioni appaltanti. \u00c8 una norma pericolosa che arrecher\u00e0 danno ai lavoratori, alle aziende, ai cittadini e al programma di sviluppo infrastrutturale del nostro Paese e che avr\u00e0 come conseguenza diretta il blocco degli investimenti societari, con ricadute pesanti sulla qualit\u00e0 dei servizi, sullo sviluppo infrastrutturale delle reti elettriche e del gas, con impatti gravi per la sicurezza sul lavoro e le manutenzioni delle infrastrutture stesse\u201d.<\/p>\n<p>\u201cGoverno e Parlamento &#8211; concludono le Federazioni di Categoria &#8211; si stanno assumendo una enorme responsabilit\u00e0 a dispetto della necessit\u00e0 impellente di ripartenza dell\u2019Italia. Infatti, oltre che incomprensibile, riteniamo anche inaccettabile l\u2019immobilismo a cui assistiamo, a fronte del giudizio di illegittimit\u00e0 costituzionale gi\u00e0 sollevato dal Consiglio di Stato sulla questione. Nell\u2019esprimere la preoccupazione e la rabbia delle lavoratrici e dei lavoratori, chiediamo che il governo intervenga per correggere questa norma iniqua e non condivisibile, per ristabilire gli equilibri necessari al conseguimento degli investimenti che determineranno il futuro del nostro Paese\u201d.<\/p>","protected":false},"excerpt":{"rendered":"<p>Con l\u2019obbligo di esternalizzare almeno l\u201980% delle attivit\u00e0 in concessione con importo superiore ai 150mila euro sono a rischio posti di lavoro e qualit\u00e0 di servizi pubblici fondamentali. Per questo motivo a livello nazionale le Federazioni di categoria dei lavoratori settori dell\u2019Energia elettrica, del Gas e dell\u2019Igiene Ambientale Filctem Cgil, Femca Cisl, Flaei Cisl, Uiltec [&hellip;]<\/p>\n","protected":false},"author":2,"featured_media":123177,"comment_status":"closed","ping_status":"open","sticky":false,"template":"","format":"standard","meta":{"footnotes":""},"categories":[3446,36,26],"tags":[],"class_list":["post-125588","post","type-post","status-publish","format-standard","has-post-thumbnail","category-featured","category-lavoro-economia","category-prima-pagina"],"yoast_head":"<!-- This site is optimized with the Yoast SEO plugin v28.4 - https:\/\/yoast.com\/product\/yoast-seo-wordpress\/ -->\n<title>Mercoled\u00ec 30 giugno sciopero nei settori Energia, Gas, Igiene ambientale. Presidio Cgil-Cisl-Uil in Prefettura a Belluno - Bellunopress - Dolomiti<\/title>\n<meta name=\"robots\" content=\"index, follow, max-snippet:-1, max-image-preview:large, max-video-preview:-1\" \/>\n<link rel=\"canonical\" href=\"https:\/\/www.bellunopress.it\/fr\/2021\/06\/29\/mercoledi-30-giugno-sciopero-nei-settori-energia-gas-e-igiene-ambientale-presidio-cgil-cisl-uil-in-prefettura-a-belluno\/\" \/>\n<meta property=\"og:locale\" content=\"fr_FR\" \/>\n<meta property=\"og:type\" content=\"article\" \/>\n<meta property=\"og:title\" content=\"Mercoled\u00ec 30 giugno sciopero nei settori Energia, Gas, Igiene ambientale. Presidio Cgil-Cisl-Uil in Prefettura a Belluno - Bellunopress - Dolomiti\" \/>\n<meta property=\"og:description\" content=\"Con l\u2019obbligo di esternalizzare almeno l\u201980% delle attivit\u00e0 in concessione con importo superiore ai 150mila euro sono a rischio posti di lavoro e qualit\u00e0 di servizi pubblici fondamentali. Per questo motivo a livello nazionale le Federazioni di categoria dei lavoratori settori dell\u2019Energia elettrica, del Gas e dell\u2019Igiene Ambientale Filctem Cgil, Femca Cisl, Flaei Cisl, Uiltec [&hellip;]\" \/>\n<meta property=\"og:url\" content=\"https:\/\/www.bellunopress.it\/fr\/2021\/06\/29\/mercoledi-30-giugno-sciopero-nei-settori-energia-gas-e-igiene-ambientale-presidio-cgil-cisl-uil-in-prefettura-a-belluno\/\" \/>\n<meta property=\"og:site_name\" content=\"Bellunopress - Dolomiti\" \/>\n<meta property=\"article:publisher\" content=\"https:\/\/www.facebook.com\/profile.php?id=100008943462799\" \/>\n<meta property=\"article:published_time\" content=\"2021-06-29T12:46:19+00:00\" \/>\n<meta property=\"article:modified_time\" content=\"2021-06-29T12:48:12+00:00\" \/>\n<meta property=\"og:image\" content=\"https:\/\/www.bellunopress.it\/wp-content\/uploads\/2021\/04\/Cgil-Sindacati-Prefettura_edited.jpg\" \/>\n\t<meta property=\"og:image:width\" content=\"1000\" \/>\n\t<meta property=\"og:image:height\" content=\"901\" \/>\n\t<meta property=\"og:image:type\" content=\"image\/jpeg\" \/>\n<meta name=\"author\" content=\"redazione\" \/>\n<meta name=\"twitter:card\" content=\"summary_large_image\" \/>\n<meta name=\"twitter:creator\" content=\"@bellunopress\" \/>\n<meta name=\"twitter:site\" content=\"@bellunopress\" \/>\n<meta name=\"twitter:label1\" content=\"\u00c9crit par\" \/>\n\t<meta name=\"twitter:data1\" content=\"redazione\" \/>\n\t<meta name=\"twitter:label2\" content=\"Dur\u00e9e de lecture estim\u00e9e\" \/>\n\t<meta name=\"twitter:data2\" content=\"3 minutes\" \/>\n<script type=\"application\/ld+json\" class=\"yoast-schema-graph\">{\"@context\":\"https:\\\/\\\/schema.org\",\"@graph\":[{\"@type\":\"Article\",\"@id\":\"https:\\\/\\\/www.bellunopress.it\\\/2021\\\/06\\\/29\\\/mercoledi-30-giugno-sciopero-nei-settori-energia-gas-e-igiene-ambientale-presidio-cgil-cisl-uil-in-prefettura-a-belluno\\\/#article\",\"isPartOf\":{\"@id\":\"https:\\\/\\\/www.bellunopress.it\\\/2021\\\/06\\\/29\\\/mercoledi-30-giugno-sciopero-nei-settori-energia-gas-e-igiene-ambientale-presidio-cgil-cisl-uil-in-prefettura-a-belluno\\\/\"},\"author\":{\"name\":\"redazione\",\"@id\":\"https:\\\/\\\/www.bellunopress.it\\\/#\\\/schema\\\/person\\\/79bb06722b37ece1c03d3e94beb30d73\"},\"headline\":\"Mercoled\u00ec 30 giugno sciopero nei settori Energia, Gas, Igiene ambientale. Presidio Cgil-Cisl-Uil in Prefettura a Belluno\",\"datePublished\":\"2021-06-29T12:46:19+00:00\",\"dateModified\":\"2021-06-29T12:48:12+00:00\",\"mainEntityOfPage\":{\"@id\":\"https:\\\/\\\/www.bellunopress.it\\\/2021\\\/06\\\/29\\\/mercoledi-30-giugno-sciopero-nei-settori-energia-gas-e-igiene-ambientale-presidio-cgil-cisl-uil-in-prefettura-a-belluno\\\/\"},\"wordCount\":485,\"publisher\":{\"@id\":\"https:\\\/\\\/www.bellunopress.it\\\/#organization\"},\"image\":{\"@id\":\"https:\\\/\\\/www.bellunopress.it\\\/2021\\\/06\\\/29\\\/mercoledi-30-giugno-sciopero-nei-settori-energia-gas-e-igiene-ambientale-presidio-cgil-cisl-uil-in-prefettura-a-belluno\\\/#primaryimage\"},\"thumbnailUrl\":\"https:\\\/\\\/www.bellunopress.it\\\/wp-content\\\/uploads\\\/2021\\\/04\\\/Cgil-Sindacati-Prefettura_edited.jpg\",\"articleSection\":[\"Featured\",\"Lavoro, Economia, Turismo\",\"Prima Pagina\"],\"inLanguage\":\"fr-FR\"},{\"@type\":\"WebPage\",\"@id\":\"https:\\\/\\\/www.bellunopress.it\\\/2021\\\/06\\\/29\\\/mercoledi-30-giugno-sciopero-nei-settori-energia-gas-e-igiene-ambientale-presidio-cgil-cisl-uil-in-prefettura-a-belluno\\\/\",\"url\":\"https:\\\/\\\/www.bellunopress.it\\\/2021\\\/06\\\/29\\\/mercoledi-30-giugno-sciopero-nei-settori-energia-gas-e-igiene-ambientale-presidio-cgil-cisl-uil-in-prefettura-a-belluno\\\/\",\"name\":\"Mercoled\u00ec 30 giugno sciopero nei settori Energia, Gas, Igiene ambientale. Presidio Cgil-Cisl-Uil in Prefettura a Belluno - Bellunopress - Dolomiti\",\"isPartOf\":{\"@id\":\"https:\\\/\\\/www.bellunopress.it\\\/#website\"},\"primaryImageOfPage\":{\"@id\":\"https:\\\/\\\/www.bellunopress.it\\\/2021\\\/06\\\/29\\\/mercoledi-30-giugno-sciopero-nei-settori-energia-gas-e-igiene-ambientale-presidio-cgil-cisl-uil-in-prefettura-a-belluno\\\/#primaryimage\"},\"image\":{\"@id\":\"https:\\\/\\\/www.bellunopress.it\\\/2021\\\/06\\\/29\\\/mercoledi-30-giugno-sciopero-nei-settori-energia-gas-e-igiene-ambientale-presidio-cgil-cisl-uil-in-prefettura-a-belluno\\\/#primaryimage\"},\"thumbnailUrl\":\"https:\\\/\\\/www.bellunopress.it\\\/wp-content\\\/uploads\\\/2021\\\/04\\\/Cgil-Sindacati-Prefettura_edited.jpg\",\"datePublished\":\"2021-06-29T12:46:19+00:00\",\"dateModified\":\"2021-06-29T12:48:12+00:00\",\"breadcrumb\":{\"@id\":\"https:\\\/\\\/www.bellunopress.it\\\/2021\\\/06\\\/29\\\/mercoledi-30-giugno-sciopero-nei-settori-energia-gas-e-igiene-ambientale-presidio-cgil-cisl-uil-in-prefettura-a-belluno\\\/#breadcrumb\"},\"inLanguage\":\"fr-FR\",\"potentialAction\":[{\"@type\":\"ReadAction\",\"target\":[\"https:\\\/\\\/www.bellunopress.it\\\/2021\\\/06\\\/29\\\/mercoledi-30-giugno-sciopero-nei-settori-energia-gas-e-igiene-ambientale-presidio-cgil-cisl-uil-in-prefettura-a-belluno\\\/\"]}]},{\"@type\":\"ImageObject\",\"inLanguage\":\"fr-FR\",\"@id\":\"https:\\\/\\\/www.bellunopress.it\\\/2021\\\/06\\\/29\\\/mercoledi-30-giugno-sciopero-nei-settori-energia-gas-e-igiene-ambientale-presidio-cgil-cisl-uil-in-prefettura-a-belluno\\\/#primaryimage\",\"url\":\"https:\\\/\\\/www.bellunopress.it\\\/wp-content\\\/uploads\\\/2021\\\/04\\\/Cgil-Sindacati-Prefettura_edited.jpg\",\"contentUrl\":\"https:\\\/\\\/www.bellunopress.it\\\/wp-content\\\/uploads\\\/2021\\\/04\\\/Cgil-Sindacati-Prefettura_edited.jpg\",\"width\":1000,\"height\":901},{\"@type\":\"BreadcrumbList\",\"@id\":\"https:\\\/\\\/www.bellunopress.it\\\/2021\\\/06\\\/29\\\/mercoledi-30-giugno-sciopero-nei-settori-energia-gas-e-igiene-ambientale-presidio-cgil-cisl-uil-in-prefettura-a-belluno\\\/#breadcrumb\",\"itemListElement\":[{\"@type\":\"ListItem\",\"position\":1,\"name\":\"Home\",\"item\":\"https:\\\/\\\/www.bellunopress.it\\\/\"},{\"@type\":\"ListItem\",\"position\":2,\"name\":\"Mercoled\u00ec 30 giugno sciopero nei settori Energia, Gas, Igiene ambientale. Presidio Cgil-Cisl-Uil in Prefettura a Belluno\"}]},{\"@type\":\"WebSite\",\"@id\":\"https:\\\/\\\/www.bellunopress.it\\\/#website\",\"url\":\"https:\\\/\\\/www.bellunopress.it\\\/\",\"name\":\"Bellunopress - Dolomiti\",\"description\":\"e-mail: redazione@bellunopress.it\",\"publisher\":{\"@id\":\"https:\\\/\\\/www.bellunopress.it\\\/#organization\"},\"potentialAction\":[{\"@type\":\"SearchAction\",\"target\":{\"@type\":\"EntryPoint\",\"urlTemplate\":\"https:\\\/\\\/www.bellunopress.it\\\/?s={search_term_string}\"},\"query-input\":{\"@type\":\"PropertyValueSpecification\",\"valueRequired\":true,\"valueName\":\"search_term_string\"}}],\"inLanguage\":\"fr-FR\"},{\"@type\":\"Organization\",\"@id\":\"https:\\\/\\\/www.bellunopress.it\\\/#organization\",\"name\":\"Bellunopress\",\"url\":\"https:\\\/\\\/www.bellunopress.it\\\/\",\"logo\":{\"@type\":\"ImageObject\",\"inLanguage\":\"fr-FR\",\"@id\":\"https:\\\/\\\/www.bellunopress.it\\\/#\\\/schema\\\/logo\\\/image\\\/\",\"url\":\"https:\\\/\\\/www.bellunopress.it\\\/wp-content\\\/uploads\\\/2011\\\/05\\\/cropped-logo-bellunopress-.jpg\",\"contentUrl\":\"https:\\\/\\\/www.bellunopress.it\\\/wp-content\\\/uploads\\\/2011\\\/05\\\/cropped-logo-bellunopress-.jpg\",\"width\":512,\"height\":512,\"caption\":\"Bellunopress\"},\"image\":{\"@id\":\"https:\\\/\\\/www.bellunopress.it\\\/#\\\/schema\\\/logo\\\/image\\\/\"},\"sameAs\":[\"https:\\\/\\\/www.facebook.com\\\/profile.php?id=100008943462799\",\"https:\\\/\\\/x.com\\\/bellunopress\",\"https:\\\/\\\/www.linkedin.com\\\/hp\\\/?dnr=JBzUWaJfMUw8vbXJJ2tVW5-I3jZKvC4wsoxE&amp;amp;amp;amp;amp;amp;trk=nav_responsive_tab_home\",\"https:\\\/\\\/www.youtube.com\\\/channel\\\/UCxL0wu1uN0_3_7hGG0306cw\"]},{\"@type\":\"Person\",\"@id\":\"https:\\\/\\\/www.bellunopress.it\\\/#\\\/schema\\\/person\\\/79bb06722b37ece1c03d3e94beb30d73\",\"name\":\"redazione\",\"image\":{\"@type\":\"ImageObject\",\"inLanguage\":\"fr-FR\",\"@id\":\"https:\\\/\\\/secure.gravatar.com\\\/avatar\\\/37d968a2e67a6fd04c169c4bdef102d0bc5d31b2546345219e348575eb80e9a0?s=96&d=mm&r=g\",\"url\":\"https:\\\/\\\/secure.gravatar.com\\\/avatar\\\/37d968a2e67a6fd04c169c4bdef102d0bc5d31b2546345219e348575eb80e9a0?s=96&d=mm&r=g\",\"contentUrl\":\"https:\\\/\\\/secure.gravatar.com\\\/avatar\\\/37d968a2e67a6fd04c169c4bdef102d0bc5d31b2546345219e348575eb80e9a0?s=96&d=mm&r=g\",\"caption\":\"redazione\"},\"sameAs\":[\"http:\\\/\\\/www.bellunopress.it\",\"https:\\\/\\\/x.com\\\/bellunopress\"],\"url\":\"https:\\\/\\\/www.bellunopress.it\\\/fr\\\/author\\\/redazione\\\/\"}]}<\/script>\n<!-- \/ Yoast SEO plugin. -->","yoast_head_json":{"title":"Mercoled\u00ec 30 giugno sciopero nei settori Energia, Gas, Igiene ambientale. Presidio Cgil-Cisl-Uil in Prefettura a Belluno - Bellunopress - Dolomiti","robots":{"index":"index","follow":"follow","max-snippet":"max-snippet:-1","max-image-preview":"max-image-preview:large","max-video-preview":"max-video-preview:-1"},"canonical":"https:\/\/www.bellunopress.it\/fr\/2021\/06\/29\/mercoledi-30-giugno-sciopero-nei-settori-energia-gas-e-igiene-ambientale-presidio-cgil-cisl-uil-in-prefettura-a-belluno\/","og_locale":"fr_FR","og_type":"article","og_title":"Mercoled\u00ec 30 giugno sciopero nei settori Energia, Gas, Igiene ambientale. Presidio Cgil-Cisl-Uil in Prefettura a Belluno - Bellunopress - Dolomiti","og_description":"Con l\u2019obbligo di esternalizzare almeno l\u201980% delle attivit\u00e0 in concessione con importo superiore ai 150mila euro sono a rischio posti di lavoro e qualit\u00e0 di servizi pubblici fondamentali. Per questo motivo a livello nazionale le Federazioni di categoria dei lavoratori settori dell\u2019Energia elettrica, del Gas e dell\u2019Igiene Ambientale Filctem Cgil, Femca Cisl, Flaei Cisl, Uiltec [&hellip;]","og_url":"https:\/\/www.bellunopress.it\/fr\/2021\/06\/29\/mercoledi-30-giugno-sciopero-nei-settori-energia-gas-e-igiene-ambientale-presidio-cgil-cisl-uil-in-prefettura-a-belluno\/","og_site_name":"Bellunopress - Dolomiti","article_publisher":"https:\/\/www.facebook.com\/profile.php?id=100008943462799","article_published_time":"2021-06-29T12:46:19+00:00","article_modified_time":"2021-06-29T12:48:12+00:00","og_image":[{"width":1000,"height":901,"url":"https:\/\/www.bellunopress.it\/wp-content\/uploads\/2021\/04\/Cgil-Sindacati-Prefettura_edited.jpg","type":"image\/jpeg"}],"author":"redazione","twitter_card":"summary_large_image","twitter_creator":"@bellunopress","twitter_site":"@bellunopress","twitter_misc":{"\u00c9crit par":"redazione","Dur\u00e9e de lecture estim\u00e9e":"3 minutes"},"schema":{"@context":"https:\/\/schema.org","@graph":[{"@type":"Article","@id":"https:\/\/www.bellunopress.it\/2021\/06\/29\/mercoledi-30-giugno-sciopero-nei-settori-energia-gas-e-igiene-ambientale-presidio-cgil-cisl-uil-in-prefettura-a-belluno\/#article","isPartOf":{"@id":"https:\/\/www.bellunopress.it\/2021\/06\/29\/mercoledi-30-giugno-sciopero-nei-settori-energia-gas-e-igiene-ambientale-presidio-cgil-cisl-uil-in-prefettura-a-belluno\/"},"author":{"name":"redazione","@id":"https:\/\/www.bellunopress.it\/#\/schema\/person\/79bb06722b37ece1c03d3e94beb30d73"},"headline":"Mercoled\u00ec 30 giugno sciopero nei settori Energia, Gas, Igiene ambientale. Presidio Cgil-Cisl-Uil in Prefettura a Belluno","datePublished":"2021-06-29T12:46:19+00:00","dateModified":"2021-06-29T12:48:12+00:00","mainEntityOfPage":{"@id":"https:\/\/www.bellunopress.it\/2021\/06\/29\/mercoledi-30-giugno-sciopero-nei-settori-energia-gas-e-igiene-ambientale-presidio-cgil-cisl-uil-in-prefettura-a-belluno\/"},"wordCount":485,"publisher":{"@id":"https:\/\/www.bellunopress.it\/#organization"},"image":{"@id":"https:\/\/www.bellunopress.it\/2021\/06\/29\/mercoledi-30-giugno-sciopero-nei-settori-energia-gas-e-igiene-ambientale-presidio-cgil-cisl-uil-in-prefettura-a-belluno\/#primaryimage"},"thumbnailUrl":"https:\/\/www.bellunopress.it\/wp-content\/uploads\/2021\/04\/Cgil-Sindacati-Prefettura_edited.jpg","articleSection":["Featured","Lavoro, Economia, Turismo","Prima Pagina"],"inLanguage":"fr-FR"},{"@type":"WebPage","@id":"https:\/\/www.bellunopress.it\/2021\/06\/29\/mercoledi-30-giugno-sciopero-nei-settori-energia-gas-e-igiene-ambientale-presidio-cgil-cisl-uil-in-prefettura-a-belluno\/","url":"https:\/\/www.bellunopress.it\/2021\/06\/29\/mercoledi-30-giugno-sciopero-nei-settori-energia-gas-e-igiene-ambientale-presidio-cgil-cisl-uil-in-prefettura-a-belluno\/","name":"Mercoled\u00ec 30 giugno sciopero nei settori Energia, Gas, Igiene ambientale. Presidio Cgil-Cisl-Uil in Prefettura a Belluno - Bellunopress - Dolomiti","isPartOf":{"@id":"https:\/\/www.bellunopress.it\/#website"},"primaryImageOfPage":{"@id":"https:\/\/www.bellunopress.it\/2021\/06\/29\/mercoledi-30-giugno-sciopero-nei-settori-energia-gas-e-igiene-ambientale-presidio-cgil-cisl-uil-in-prefettura-a-belluno\/#primaryimage"},"image":{"@id":"https:\/\/www.bellunopress.it\/2021\/06\/29\/mercoledi-30-giugno-sciopero-nei-settori-energia-gas-e-igiene-ambientale-presidio-cgil-cisl-uil-in-prefettura-a-belluno\/#primaryimage"},"thumbnailUrl":"https:\/\/www.bellunopress.it\/wp-content\/uploads\/2021\/04\/Cgil-Sindacati-Prefettura_edited.jpg","datePublished":"2021-06-29T12:46:19+00:00","dateModified":"2021-06-29T12:48:12+00:00","breadcrumb":{"@id":"https:\/\/www.bellunopress.it\/2021\/06\/29\/mercoledi-30-giugno-sciopero-nei-settori-energia-gas-e-igiene-ambientale-presidio-cgil-cisl-uil-in-prefettura-a-belluno\/#breadcrumb"},"inLanguage":"fr-FR","potentialAction":[{"@type":"ReadAction","target":["https:\/\/www.bellunopress.it\/2021\/06\/29\/mercoledi-30-giugno-sciopero-nei-settori-energia-gas-e-igiene-ambientale-presidio-cgil-cisl-uil-in-prefettura-a-belluno\/"]}]},{"@type":"ImageObject","inLanguage":"fr-FR","@id":"https:\/\/www.bellunopress.it\/2021\/06\/29\/mercoledi-30-giugno-sciopero-nei-settori-energia-gas-e-igiene-ambientale-presidio-cgil-cisl-uil-in-prefettura-a-belluno\/#primaryimage","url":"https:\/\/www.bellunopress.it\/wp-content\/uploads\/2021\/04\/Cgil-Sindacati-Prefettura_edited.jpg","contentUrl":"https:\/\/www.bellunopress.it\/wp-content\/uploads\/2021\/04\/Cgil-Sindacati-Prefettura_edited.jpg","width":1000,"height":901},{"@type":"BreadcrumbList","@id":"https:\/\/www.bellunopress.it\/2021\/06\/29\/mercoledi-30-giugno-sciopero-nei-settori-energia-gas-e-igiene-ambientale-presidio-cgil-cisl-uil-in-prefettura-a-belluno\/#breadcrumb","itemListElement":[{"@type":"ListItem","position":1,"name":"Home","item":"https:\/\/www.bellunopress.it\/"},{"@type":"ListItem","position":2,"name":"Mercoled\u00ec 30 giugno sciopero nei settori Energia, Gas, Igiene ambientale. Presidio Cgil-Cisl-Uil in Prefettura a Belluno"}]},{"@type":"WebSite","@id":"https:\/\/www.bellunopress.it\/#website","url":"https:\/\/www.bellunopress.it\/","name":"Bellunopress - Dolomiti","description":"e-mail: redazione@bellunopress.it","publisher":{"@id":"https:\/\/www.bellunopress.it\/#organization"},"potentialAction":[{"@type":"SearchAction","target":{"@type":"EntryPoint","urlTemplate":"https:\/\/www.bellunopress.it\/?s={search_term_string}"},"query-input":{"@type":"PropertyValueSpecification","valueRequired":true,"valueName":"search_term_string"}}],"inLanguage":"fr-FR"},{"@type":"Organization","@id":"https:\/\/www.bellunopress.it\/#organization","name":"Bellunopress","url":"https:\/\/www.bellunopress.it\/","logo":{"@type":"ImageObject","inLanguage":"fr-FR","@id":"https:\/\/www.bellunopress.it\/#\/schema\/logo\/image\/","url":"https:\/\/www.bellunopress.it\/wp-content\/uploads\/2011\/05\/cropped-logo-bellunopress-.jpg","contentUrl":"https:\/\/www.bellunopress.it\/wp-content\/uploads\/2011\/05\/cropped-logo-bellunopress-.jpg","width":512,"height":512,"caption":"Bellunopress"},"image":{"@id":"https:\/\/www.bellunopress.it\/#\/schema\/logo\/image\/"},"sameAs":["https:\/\/www.facebook.com\/profile.php?id=100008943462799","https:\/\/x.com\/bellunopress","https:\/\/www.linkedin.com\/hp\/?dnr=JBzUWaJfMUw8vbXJJ2tVW5-I3jZKvC4wsoxE&amp;amp;amp;amp;amp;amp;trk=nav_responsive_tab_home","https:\/\/www.youtube.com\/channel\/UCxL0wu1uN0_3_7hGG0306cw"]},{"@type":"Person","@id":"https:\/\/www.bellunopress.it\/#\/schema\/person\/79bb06722b37ece1c03d3e94beb30d73","name":"r\u00e9daction","image":{"@type":"ImageObject","inLanguage":"fr-FR","@id":"https:\/\/secure.gravatar.com\/avatar\/37d968a2e67a6fd04c169c4bdef102d0bc5d31b2546345219e348575eb80e9a0?s=96&d=mm&r=g","url":"https:\/\/secure.gravatar.com\/avatar\/37d968a2e67a6fd04c169c4bdef102d0bc5d31b2546345219e348575eb80e9a0?s=96&d=mm&r=g","contentUrl":"https:\/\/secure.gravatar.com\/avatar\/37d968a2e67a6fd04c169c4bdef102d0bc5d31b2546345219e348575eb80e9a0?s=96&d=mm&r=g","caption":"redazione"},"sameAs":["http:\/\/www.bellunopress.it","https:\/\/x.com\/bellunopress"],"url":"https:\/\/www.bellunopress.it\/fr\/author\/redazione\/"}]}},"_links":{"self":[{"href":"https:\/\/www.bellunopress.it\/fr\/wp-json\/wp\/v2\/posts\/125588","targetHints":{"allow":["GET"]}}],"collection":[{"href":"https:\/\/www.bellunopress.it\/fr\/wp-json\/wp\/v2\/posts"}],"about":[{"href":"https:\/\/www.bellunopress.it\/fr\/wp-json\/wp\/v2\/types\/post"}],"author":[{"embeddable":true,"href":"https:\/\/www.bellunopress.it\/fr\/wp-json\/wp\/v2\/users\/2"}],"replies":[{"embeddable":true,"href":"https:\/\/www.bellunopress.it\/fr\/wp-json\/wp\/v2\/comments?post=125588"}],"version-history":[{"count":2,"href":"https:\/\/www.bellunopress.it\/fr\/wp-json\/wp\/v2\/posts\/125588\/revisions"}],"predecessor-version":[{"id":125590,"href":"https:\/\/www.bellunopress.it\/fr\/wp-json\/wp\/v2\/posts\/125588\/revisions\/125590"}],"wp:featuredmedia":[{"embeddable":true,"href":"https:\/\/www.bellunopress.it\/fr\/wp-json\/wp\/v2\/media\/123177"}],"wp:attachment":[{"href":"https:\/\/www.bellunopress.it\/fr\/wp-json\/wp\/v2\/media?parent=125588"}],"wp:term":[{"taxonomy":"category","embeddable":true,"href":"https:\/\/www.bellunopress.it\/fr\/wp-json\/wp\/v2\/categories?post=125588"},{"taxonomy":"post_tag","embeddable":true,"href":"https:\/\/www.bellunopress.it\/fr\/wp-json\/wp\/v2\/tags?post=125588"}],"curies":[{"name":"wp","href":"https:\/\/api.w.org\/{rel}","templated":true}]}}