{"id":125464,"date":"2021-06-24T22:42:23","date_gmt":"2021-06-24T20:42:23","guid":{"rendered":"https:\/\/www.bellunopress.it\/?p=125464"},"modified":"2021-06-25T07:36:28","modified_gmt":"2021-06-25T05:36:28","slug":"zara-sceglie-il-lago-di-santa-croce-per-la-sua-nuova-campagna-pubblicitaria","status":"publish","type":"post","link":"https:\/\/www.bellunopress.it\/fr\/2021\/06\/24\/zara-sceglie-il-lago-di-santa-croce-per-la-sua-nuova-campagna-pubblicitaria\/","title":{"rendered":"Zara sceglie il Lago di Santa Croce per la sua nuova campagna pubblicitaria"},"content":{"rendered":"<p><a href=\"https:\/\/www.bellunopress.it\/fr\/2021\/06\/24\/zara-sceglie-il-lago-di-santa-croce-per-la-sua-nuova-campagna-pubblicitaria\/zara-lago-santa-croce_edited\/\" rel=\"attachment wp-att-125465\"><img loading=\"lazy\" decoding=\"async\" class=\"alignleft size-full wp-image-125465\" src=\"https:\/\/www.bellunopress.it\/wp-content\/uploads\/2021\/06\/Zara-Lago-Santa-Croce_edited.jpg\" alt=\"\" width=\"800\" height=\"718\" srcset=\"https:\/\/www.bellunopress.it\/wp-content\/uploads\/2021\/06\/Zara-Lago-Santa-Croce_edited.jpg 800w, https:\/\/www.bellunopress.it\/wp-content\/uploads\/2021\/06\/Zara-Lago-Santa-Croce_edited-500x449.jpg 500w, https:\/\/www.bellunopress.it\/wp-content\/uploads\/2021\/06\/Zara-Lago-Santa-Croce_edited-696x625.jpg 696w, https:\/\/www.bellunopress.it\/wp-content\/uploads\/2021\/06\/Zara-Lago-Santa-Croce_edited-468x420.jpg 468w\" sizes=\"auto, (max-width: 800px) 100vw, 800px\" \/><\/a>Alpago, 24 giugno 2021 &#8211; Zara il noto marchio di abbigliamento e accessori con 2.232 filiali in 93 paesi, fondato nel 1975 da Amancio Ortega e sua moglie Rosal\u00eda Mera, ha scelto il Lago di Santa Croce per la pubblicit\u00e0 della sua nuova collezione. Questo pomeriggio, infatti, in riva al lago, localit\u00e0 Poiatte, nelle vicinanze dello Snack Bar La Vela, \u00e8 stato allestito il set fotografico con modelle e modelli che si alternavano nella suggestiva cornice delle barche a remi ormeggiate.<\/p>\n<p>&nbsp;<\/p>\n<p>&nbsp;<\/p>","protected":false},"excerpt":{"rendered":"<p>Alpago, 24 giugno 2021 &#8211; Zara il noto marchio di abbigliamento e accessori con 2.232 filiali in 93 paesi, fondato nel 1975 da Amancio Ortega e sua moglie Rosal\u00eda Mera, ha scelto il Lago di Santa Croce per la pubblicit\u00e0 della sua nuova collezione. Questo pomeriggio, infatti, in riva al lago, localit\u00e0 Poiatte, nelle vicinanze [&hellip;]<\/p>\n","protected":false},"author":2,"featured_media":125465,"comment_status":"closed","ping_status":"open","sticky":false,"template":"","format":"standard","meta":{"footnotes":""},"categories":[5,3446,36,26],"tags":[],"class_list":["post-125464","post","type-post","status-publish","format-standard","has-post-thumbnail","category-cronaca","category-featured","category-lavoro-economia","category-prima-pagina"],"yoast_head":"<!-- This site is optimized with the Yoast SEO plugin v28.4 - https:\/\/yoast.com\/product\/yoast-seo-wordpress\/ -->\n<title>Zara sceglie il Lago di Santa Croce per la sua nuova campagna pubblicitaria - Bellunopress - Dolomiti<\/title>\n<meta name=\"robots\" content=\"index, follow, max-snippet:-1, max-image-preview:large, max-video-preview:-1\" \/>\n<link rel=\"canonical\" href=\"https:\/\/www.bellunopress.it\/fr\/2021\/06\/24\/zara-sceglie-il-lago-di-santa-croce-per-la-sua-nuova-campagna-pubblicitaria\/\" \/>\n<meta property=\"og:locale\" content=\"fr_FR\" \/>\n<meta property=\"og:type\" content=\"article\" \/>\n<meta property=\"og:title\" content=\"Zara sceglie il Lago di Santa Croce per la sua nuova campagna pubblicitaria - Bellunopress - Dolomiti\" \/>\n<meta property=\"og:description\" content=\"Alpago, 24 giugno 2021 &#8211; Zara il noto marchio di abbigliamento e accessori con 2.232 filiali in 93 paesi, fondato nel 1975 da Amancio Ortega e sua moglie Rosal\u00eda Mera, ha scelto il Lago di Santa Croce per la pubblicit\u00e0 della sua nuova collezione. Questo pomeriggio, infatti, in riva al lago, localit\u00e0 Poiatte, nelle vicinanze [&hellip;]\" \/>\n<meta property=\"og:url\" content=\"https:\/\/www.bellunopress.it\/fr\/2021\/06\/24\/zara-sceglie-il-lago-di-santa-croce-per-la-sua-nuova-campagna-pubblicitaria\/\" \/>\n<meta property=\"og:site_name\" content=\"Bellunopress - Dolomiti\" \/>\n<meta property=\"article:publisher\" content=\"https:\/\/www.facebook.com\/profile.php?id=100008943462799\" \/>\n<meta property=\"article:published_time\" content=\"2021-06-24T20:42:23+00:00\" \/>\n<meta property=\"article:modified_time\" content=\"2021-06-25T05:36:28+00:00\" \/>\n<meta property=\"og:image\" content=\"https:\/\/www.bellunopress.it\/wp-content\/uploads\/2021\/06\/Zara-Lago-Santa-Croce_edited.jpg\" \/>\n\t<meta property=\"og:image:width\" content=\"800\" \/>\n\t<meta property=\"og:image:height\" content=\"718\" \/>\n\t<meta property=\"og:image:type\" content=\"image\/jpeg\" \/>\n<meta name=\"author\" content=\"redazione\" \/>\n<meta name=\"twitter:card\" content=\"summary_large_image\" \/>\n<meta name=\"twitter:creator\" content=\"@bellunopress\" \/>\n<meta name=\"twitter:site\" content=\"@bellunopress\" \/>\n<meta name=\"twitter:label1\" content=\"\u00c9crit par\" \/>\n\t<meta name=\"twitter:data1\" content=\"redazione\" \/>\n\t<meta name=\"twitter:label2\" content=\"Dur\u00e9e de lecture estim\u00e9e\" \/>\n\t<meta name=\"twitter:data2\" content=\"1 minute\" \/>\n<script type=\"application\/ld+json\" class=\"yoast-schema-graph\">{\"@context\":\"https:\\\/\\\/schema.org\",\"@graph\":[{\"@type\":\"Article\",\"@id\":\"https:\\\/\\\/www.bellunopress.it\\\/2021\\\/06\\\/24\\\/zara-sceglie-il-lago-di-santa-croce-per-la-sua-nuova-campagna-pubblicitaria\\\/#article\",\"isPartOf\":{\"@id\":\"https:\\\/\\\/www.bellunopress.it\\\/2021\\\/06\\\/24\\\/zara-sceglie-il-lago-di-santa-croce-per-la-sua-nuova-campagna-pubblicitaria\\\/\"},\"author\":{\"name\":\"redazione\",\"@id\":\"https:\\\/\\\/www.bellunopress.it\\\/#\\\/schema\\\/person\\\/79bb06722b37ece1c03d3e94beb30d73\"},\"headline\":\"Zara sceglie il Lago di Santa Croce per la sua nuova campagna pubblicitaria\",\"datePublished\":\"2021-06-24T20:42:23+00:00\",\"dateModified\":\"2021-06-25T05:36:28+00:00\",\"mainEntityOfPage\":{\"@id\":\"https:\\\/\\\/www.bellunopress.it\\\/2021\\\/06\\\/24\\\/zara-sceglie-il-lago-di-santa-croce-per-la-sua-nuova-campagna-pubblicitaria\\\/\"},\"wordCount\":91,\"publisher\":{\"@id\":\"https:\\\/\\\/www.bellunopress.it\\\/#organization\"},\"image\":{\"@id\":\"https:\\\/\\\/www.bellunopress.it\\\/2021\\\/06\\\/24\\\/zara-sceglie-il-lago-di-santa-croce-per-la-sua-nuova-campagna-pubblicitaria\\\/#primaryimage\"},\"thumbnailUrl\":\"https:\\\/\\\/www.bellunopress.it\\\/wp-content\\\/uploads\\\/2021\\\/06\\\/Zara-Lago-Santa-Croce_edited.jpg\",\"articleSection\":[\"Cronaca\\\/Politica\",\"Featured\",\"Lavoro, Economia, Turismo\",\"Prima Pagina\"],\"inLanguage\":\"fr-FR\"},{\"@type\":\"WebPage\",\"@id\":\"https:\\\/\\\/www.bellunopress.it\\\/2021\\\/06\\\/24\\\/zara-sceglie-il-lago-di-santa-croce-per-la-sua-nuova-campagna-pubblicitaria\\\/\",\"url\":\"https:\\\/\\\/www.bellunopress.it\\\/2021\\\/06\\\/24\\\/zara-sceglie-il-lago-di-santa-croce-per-la-sua-nuova-campagna-pubblicitaria\\\/\",\"name\":\"Zara sceglie il Lago di Santa Croce per la sua nuova campagna pubblicitaria - Bellunopress - Dolomiti\",\"isPartOf\":{\"@id\":\"https:\\\/\\\/www.bellunopress.it\\\/#website\"},\"primaryImageOfPage\":{\"@id\":\"https:\\\/\\\/www.bellunopress.it\\\/2021\\\/06\\\/24\\\/zara-sceglie-il-lago-di-santa-croce-per-la-sua-nuova-campagna-pubblicitaria\\\/#primaryimage\"},\"image\":{\"@id\":\"https:\\\/\\\/www.bellunopress.it\\\/2021\\\/06\\\/24\\\/zara-sceglie-il-lago-di-santa-croce-per-la-sua-nuova-campagna-pubblicitaria\\\/#primaryimage\"},\"thumbnailUrl\":\"https:\\\/\\\/www.bellunopress.it\\\/wp-content\\\/uploads\\\/2021\\\/06\\\/Zara-Lago-Santa-Croce_edited.jpg\",\"datePublished\":\"2021-06-24T20:42:23+00:00\",\"dateModified\":\"2021-06-25T05:36:28+00:00\",\"breadcrumb\":{\"@id\":\"https:\\\/\\\/www.bellunopress.it\\\/2021\\\/06\\\/24\\\/zara-sceglie-il-lago-di-santa-croce-per-la-sua-nuova-campagna-pubblicitaria\\\/#breadcrumb\"},\"inLanguage\":\"fr-FR\",\"potentialAction\":[{\"@type\":\"ReadAction\",\"target\":[\"https:\\\/\\\/www.bellunopress.it\\\/2021\\\/06\\\/24\\\/zara-sceglie-il-lago-di-santa-croce-per-la-sua-nuova-campagna-pubblicitaria\\\/\"]}]},{\"@type\":\"ImageObject\",\"inLanguage\":\"fr-FR\",\"@id\":\"https:\\\/\\\/www.bellunopress.it\\\/2021\\\/06\\\/24\\\/zara-sceglie-il-lago-di-santa-croce-per-la-sua-nuova-campagna-pubblicitaria\\\/#primaryimage\",\"url\":\"https:\\\/\\\/www.bellunopress.it\\\/wp-content\\\/uploads\\\/2021\\\/06\\\/Zara-Lago-Santa-Croce_edited.jpg\",\"contentUrl\":\"https:\\\/\\\/www.bellunopress.it\\\/wp-content\\\/uploads\\\/2021\\\/06\\\/Zara-Lago-Santa-Croce_edited.jpg\",\"width\":800,\"height\":718},{\"@type\":\"BreadcrumbList\",\"@id\":\"https:\\\/\\\/www.bellunopress.it\\\/2021\\\/06\\\/24\\\/zara-sceglie-il-lago-di-santa-croce-per-la-sua-nuova-campagna-pubblicitaria\\\/#breadcrumb\",\"itemListElement\":[{\"@type\":\"ListItem\",\"position\":1,\"name\":\"Home\",\"item\":\"https:\\\/\\\/www.bellunopress.it\\\/\"},{\"@type\":\"ListItem\",\"position\":2,\"name\":\"Zara sceglie il Lago di Santa Croce per la sua nuova campagna pubblicitaria\"}]},{\"@type\":\"WebSite\",\"@id\":\"https:\\\/\\\/www.bellunopress.it\\\/#website\",\"url\":\"https:\\\/\\\/www.bellunopress.it\\\/\",\"name\":\"Bellunopress - Dolomiti\",\"description\":\"e-mail: redazione@bellunopress.it\",\"publisher\":{\"@id\":\"https:\\\/\\\/www.bellunopress.it\\\/#organization\"},\"potentialAction\":[{\"@type\":\"SearchAction\",\"target\":{\"@type\":\"EntryPoint\",\"urlTemplate\":\"https:\\\/\\\/www.bellunopress.it\\\/?s={search_term_string}\"},\"query-input\":{\"@type\":\"PropertyValueSpecification\",\"valueRequired\":true,\"valueName\":\"search_term_string\"}}],\"inLanguage\":\"fr-FR\"},{\"@type\":\"Organization\",\"@id\":\"https:\\\/\\\/www.bellunopress.it\\\/#organization\",\"name\":\"Bellunopress\",\"url\":\"https:\\\/\\\/www.bellunopress.it\\\/\",\"logo\":{\"@type\":\"ImageObject\",\"inLanguage\":\"fr-FR\",\"@id\":\"https:\\\/\\\/www.bellunopress.it\\\/#\\\/schema\\\/logo\\\/image\\\/\",\"url\":\"https:\\\/\\\/www.bellunopress.it\\\/wp-content\\\/uploads\\\/2011\\\/05\\\/cropped-logo-bellunopress-.jpg\",\"contentUrl\":\"https:\\\/\\\/www.bellunopress.it\\\/wp-content\\\/uploads\\\/2011\\\/05\\\/cropped-logo-bellunopress-.jpg\",\"width\":512,\"height\":512,\"caption\":\"Bellunopress\"},\"image\":{\"@id\":\"https:\\\/\\\/www.bellunopress.it\\\/#\\\/schema\\\/logo\\\/image\\\/\"},\"sameAs\":[\"https:\\\/\\\/www.facebook.com\\\/profile.php?id=100008943462799\",\"https:\\\/\\\/x.com\\\/bellunopress\",\"https:\\\/\\\/www.linkedin.com\\\/hp\\\/?dnr=JBzUWaJfMUw8vbXJJ2tVW5-I3jZKvC4wsoxE&amp;amp;amp;amp;amp;amp;trk=nav_responsive_tab_home\",\"https:\\\/\\\/www.youtube.com\\\/channel\\\/UCxL0wu1uN0_3_7hGG0306cw\"]},{\"@type\":\"Person\",\"@id\":\"https:\\\/\\\/www.bellunopress.it\\\/#\\\/schema\\\/person\\\/79bb06722b37ece1c03d3e94beb30d73\",\"name\":\"redazione\",\"image\":{\"@type\":\"ImageObject\",\"inLanguage\":\"fr-FR\",\"@id\":\"https:\\\/\\\/secure.gravatar.com\\\/avatar\\\/37d968a2e67a6fd04c169c4bdef102d0bc5d31b2546345219e348575eb80e9a0?s=96&d=mm&r=g\",\"url\":\"https:\\\/\\\/secure.gravatar.com\\\/avatar\\\/37d968a2e67a6fd04c169c4bdef102d0bc5d31b2546345219e348575eb80e9a0?s=96&d=mm&r=g\",\"contentUrl\":\"https:\\\/\\\/secure.gravatar.com\\\/avatar\\\/37d968a2e67a6fd04c169c4bdef102d0bc5d31b2546345219e348575eb80e9a0?s=96&d=mm&r=g\",\"caption\":\"redazione\"},\"sameAs\":[\"http:\\\/\\\/www.bellunopress.it\",\"https:\\\/\\\/x.com\\\/bellunopress\"],\"url\":\"https:\\\/\\\/www.bellunopress.it\\\/fr\\\/author\\\/redazione\\\/\"}]}<\/script>\n<!-- \/ Yoast SEO plugin. -->","yoast_head_json":{"title":"Zara sceglie il Lago di Santa Croce per la sua nuova campagna pubblicitaria - Bellunopress - Dolomiti","robots":{"index":"index","follow":"follow","max-snippet":"max-snippet:-1","max-image-preview":"max-image-preview:large","max-video-preview":"max-video-preview:-1"},"canonical":"https:\/\/www.bellunopress.it\/fr\/2021\/06\/24\/zara-sceglie-il-lago-di-santa-croce-per-la-sua-nuova-campagna-pubblicitaria\/","og_locale":"fr_FR","og_type":"article","og_title":"Zara sceglie il Lago di Santa Croce per la sua nuova campagna pubblicitaria - Bellunopress - Dolomiti","og_description":"Alpago, 24 giugno 2021 &#8211; Zara il noto marchio di abbigliamento e accessori con 2.232 filiali in 93 paesi, fondato nel 1975 da Amancio Ortega e sua moglie Rosal\u00eda Mera, ha scelto il Lago di Santa Croce per la pubblicit\u00e0 della sua nuova collezione. Questo pomeriggio, infatti, in riva al lago, localit\u00e0 Poiatte, nelle vicinanze [&hellip;]","og_url":"https:\/\/www.bellunopress.it\/fr\/2021\/06\/24\/zara-sceglie-il-lago-di-santa-croce-per-la-sua-nuova-campagna-pubblicitaria\/","og_site_name":"Bellunopress - Dolomiti","article_publisher":"https:\/\/www.facebook.com\/profile.php?id=100008943462799","article_published_time":"2021-06-24T20:42:23+00:00","article_modified_time":"2021-06-25T05:36:28+00:00","og_image":[{"width":800,"height":718,"url":"https:\/\/www.bellunopress.it\/wp-content\/uploads\/2021\/06\/Zara-Lago-Santa-Croce_edited.jpg","type":"image\/jpeg"}],"author":"redazione","twitter_card":"summary_large_image","twitter_creator":"@bellunopress","twitter_site":"@bellunopress","twitter_misc":{"\u00c9crit par":"redazione","Dur\u00e9e de lecture estim\u00e9e":"1 minute"},"schema":{"@context":"https:\/\/schema.org","@graph":[{"@type":"Article","@id":"https:\/\/www.bellunopress.it\/2021\/06\/24\/zara-sceglie-il-lago-di-santa-croce-per-la-sua-nuova-campagna-pubblicitaria\/#article","isPartOf":{"@id":"https:\/\/www.bellunopress.it\/2021\/06\/24\/zara-sceglie-il-lago-di-santa-croce-per-la-sua-nuova-campagna-pubblicitaria\/"},"author":{"name":"redazione","@id":"https:\/\/www.bellunopress.it\/#\/schema\/person\/79bb06722b37ece1c03d3e94beb30d73"},"headline":"Zara sceglie il Lago di Santa Croce per la sua nuova campagna pubblicitaria","datePublished":"2021-06-24T20:42:23+00:00","dateModified":"2021-06-25T05:36:28+00:00","mainEntityOfPage":{"@id":"https:\/\/www.bellunopress.it\/2021\/06\/24\/zara-sceglie-il-lago-di-santa-croce-per-la-sua-nuova-campagna-pubblicitaria\/"},"wordCount":91,"publisher":{"@id":"https:\/\/www.bellunopress.it\/#organization"},"image":{"@id":"https:\/\/www.bellunopress.it\/2021\/06\/24\/zara-sceglie-il-lago-di-santa-croce-per-la-sua-nuova-campagna-pubblicitaria\/#primaryimage"},"thumbnailUrl":"https:\/\/www.bellunopress.it\/wp-content\/uploads\/2021\/06\/Zara-Lago-Santa-Croce_edited.jpg","articleSection":["Cronaca\/Politica","Featured","Lavoro, Economia, Turismo","Prima Pagina"],"inLanguage":"fr-FR"},{"@type":"WebPage","@id":"https:\/\/www.bellunopress.it\/2021\/06\/24\/zara-sceglie-il-lago-di-santa-croce-per-la-sua-nuova-campagna-pubblicitaria\/","url":"https:\/\/www.bellunopress.it\/2021\/06\/24\/zara-sceglie-il-lago-di-santa-croce-per-la-sua-nuova-campagna-pubblicitaria\/","name":"Zara sceglie il Lago di Santa Croce per la sua nuova campagna pubblicitaria - Bellunopress - Dolomiti","isPartOf":{"@id":"https:\/\/www.bellunopress.it\/#website"},"primaryImageOfPage":{"@id":"https:\/\/www.bellunopress.it\/2021\/06\/24\/zara-sceglie-il-lago-di-santa-croce-per-la-sua-nuova-campagna-pubblicitaria\/#primaryimage"},"image":{"@id":"https:\/\/www.bellunopress.it\/2021\/06\/24\/zara-sceglie-il-lago-di-santa-croce-per-la-sua-nuova-campagna-pubblicitaria\/#primaryimage"},"thumbnailUrl":"https:\/\/www.bellunopress.it\/wp-content\/uploads\/2021\/06\/Zara-Lago-Santa-Croce_edited.jpg","datePublished":"2021-06-24T20:42:23+00:00","dateModified":"2021-06-25T05:36:28+00:00","breadcrumb":{"@id":"https:\/\/www.bellunopress.it\/2021\/06\/24\/zara-sceglie-il-lago-di-santa-croce-per-la-sua-nuova-campagna-pubblicitaria\/#breadcrumb"},"inLanguage":"fr-FR","potentialAction":[{"@type":"ReadAction","target":["https:\/\/www.bellunopress.it\/2021\/06\/24\/zara-sceglie-il-lago-di-santa-croce-per-la-sua-nuova-campagna-pubblicitaria\/"]}]},{"@type":"ImageObject","inLanguage":"fr-FR","@id":"https:\/\/www.bellunopress.it\/2021\/06\/24\/zara-sceglie-il-lago-di-santa-croce-per-la-sua-nuova-campagna-pubblicitaria\/#primaryimage","url":"https:\/\/www.bellunopress.it\/wp-content\/uploads\/2021\/06\/Zara-Lago-Santa-Croce_edited.jpg","contentUrl":"https:\/\/www.bellunopress.it\/wp-content\/uploads\/2021\/06\/Zara-Lago-Santa-Croce_edited.jpg","width":800,"height":718},{"@type":"BreadcrumbList","@id":"https:\/\/www.bellunopress.it\/2021\/06\/24\/zara-sceglie-il-lago-di-santa-croce-per-la-sua-nuova-campagna-pubblicitaria\/#breadcrumb","itemListElement":[{"@type":"ListItem","position":1,"name":"Home","item":"https:\/\/www.bellunopress.it\/"},{"@type":"ListItem","position":2,"name":"Zara sceglie il Lago di Santa Croce per la sua nuova campagna pubblicitaria"}]},{"@type":"WebSite","@id":"https:\/\/www.bellunopress.it\/#website","url":"https:\/\/www.bellunopress.it\/","name":"Bellunopress - Dolomiti","description":"e-mail: redazione@bellunopress.it","publisher":{"@id":"https:\/\/www.bellunopress.it\/#organization"},"potentialAction":[{"@type":"SearchAction","target":{"@type":"EntryPoint","urlTemplate":"https:\/\/www.bellunopress.it\/?s={search_term_string}"},"query-input":{"@type":"PropertyValueSpecification","valueRequired":true,"valueName":"search_term_string"}}],"inLanguage":"fr-FR"},{"@type":"Organization","@id":"https:\/\/www.bellunopress.it\/#organization","name":"Bellunopress","url":"https:\/\/www.bellunopress.it\/","logo":{"@type":"ImageObject","inLanguage":"fr-FR","@id":"https:\/\/www.bellunopress.it\/#\/schema\/logo\/image\/","url":"https:\/\/www.bellunopress.it\/wp-content\/uploads\/2011\/05\/cropped-logo-bellunopress-.jpg","contentUrl":"https:\/\/www.bellunopress.it\/wp-content\/uploads\/2011\/05\/cropped-logo-bellunopress-.jpg","width":512,"height":512,"caption":"Bellunopress"},"image":{"@id":"https:\/\/www.bellunopress.it\/#\/schema\/logo\/image\/"},"sameAs":["https:\/\/www.facebook.com\/profile.php?id=100008943462799","https:\/\/x.com\/bellunopress","https:\/\/www.linkedin.com\/hp\/?dnr=JBzUWaJfMUw8vbXJJ2tVW5-I3jZKvC4wsoxE&amp;amp;amp;amp;amp;amp;trk=nav_responsive_tab_home","https:\/\/www.youtube.com\/channel\/UCxL0wu1uN0_3_7hGG0306cw"]},{"@type":"Person","@id":"https:\/\/www.bellunopress.it\/#\/schema\/person\/79bb06722b37ece1c03d3e94beb30d73","name":"r\u00e9daction","image":{"@type":"ImageObject","inLanguage":"fr-FR","@id":"https:\/\/secure.gravatar.com\/avatar\/37d968a2e67a6fd04c169c4bdef102d0bc5d31b2546345219e348575eb80e9a0?s=96&d=mm&r=g","url":"https:\/\/secure.gravatar.com\/avatar\/37d968a2e67a6fd04c169c4bdef102d0bc5d31b2546345219e348575eb80e9a0?s=96&d=mm&r=g","contentUrl":"https:\/\/secure.gravatar.com\/avatar\/37d968a2e67a6fd04c169c4bdef102d0bc5d31b2546345219e348575eb80e9a0?s=96&d=mm&r=g","caption":"redazione"},"sameAs":["http:\/\/www.bellunopress.it","https:\/\/x.com\/bellunopress"],"url":"https:\/\/www.bellunopress.it\/fr\/author\/redazione\/"}]}},"_links":{"self":[{"href":"https:\/\/www.bellunopress.it\/fr\/wp-json\/wp\/v2\/posts\/125464","targetHints":{"allow":["GET"]}}],"collection":[{"href":"https:\/\/www.bellunopress.it\/fr\/wp-json\/wp\/v2\/posts"}],"about":[{"href":"https:\/\/www.bellunopress.it\/fr\/wp-json\/wp\/v2\/types\/post"}],"author":[{"embeddable":true,"href":"https:\/\/www.bellunopress.it\/fr\/wp-json\/wp\/v2\/users\/2"}],"replies":[{"embeddable":true,"href":"https:\/\/www.bellunopress.it\/fr\/wp-json\/wp\/v2\/comments?post=125464"}],"version-history":[{"count":3,"href":"https:\/\/www.bellunopress.it\/fr\/wp-json\/wp\/v2\/posts\/125464\/revisions"}],"predecessor-version":[{"id":125468,"href":"https:\/\/www.bellunopress.it\/fr\/wp-json\/wp\/v2\/posts\/125464\/revisions\/125468"}],"wp:featuredmedia":[{"embeddable":true,"href":"https:\/\/www.bellunopress.it\/fr\/wp-json\/wp\/v2\/media\/125465"}],"wp:attachment":[{"href":"https:\/\/www.bellunopress.it\/fr\/wp-json\/wp\/v2\/media?parent=125464"}],"wp:term":[{"taxonomy":"category","embeddable":true,"href":"https:\/\/www.bellunopress.it\/fr\/wp-json\/wp\/v2\/categories?post=125464"},{"taxonomy":"post_tag","embeddable":true,"href":"https:\/\/www.bellunopress.it\/fr\/wp-json\/wp\/v2\/tags?post=125464"}],"curies":[{"name":"wp","href":"https:\/\/api.w.org\/{rel}","templated":true}]}}