{"id":125411,"date":"2021-06-23T14:21:30","date_gmt":"2021-06-23T12:21:30","guid":{"rendered":"https:\/\/www.bellunopress.it\/?p=125411"},"modified":"2021-06-23T14:21:30","modified_gmt":"2021-06-23T12:21:30","slug":"acc-zuglian-e-lovisotto-il-governo-faccia-sentire-la-sua-voce-serve-chiarezza-e-serieta-nella-vertenza","status":"publish","type":"post","link":"https:\/\/www.bellunopress.it\/fr\/2021\/06\/23\/acc-zuglian-e-lovisotto-il-governo-faccia-sentire-la-sua-voce-serve-chiarezza-e-serieta-nella-vertenza\/","title":{"rendered":"Acc, Zuglian e Lovisotto: &#8220;Il Governo faccia sentire la sua voce, serve chiarezza e seriet\u00e0 nella vertenza&#8221;"},"content":{"rendered":"<p><a href=\"https:\/\/www.bellunopress.it\/fr\/2021\/04\/16\/acc-mel-bond-italcomp-e-settore-strategico-intervenga-cassa-depositi-e-prestiti-rilevando-una-quota-dellasset\/acc-wanbao_edited\/\" rel=\"attachment wp-att-123438\"><img loading=\"lazy\" decoding=\"async\" class=\"alignleft size-full wp-image-123438\" src=\"https:\/\/www.bellunopress.it\/wp-content\/uploads\/2021\/04\/ACC-Wanbao_edited.jpg\" alt=\"\" width=\"1000\" height=\"665\" srcset=\"https:\/\/www.bellunopress.it\/wp-content\/uploads\/2021\/04\/ACC-Wanbao_edited.jpg 1000w, https:\/\/www.bellunopress.it\/wp-content\/uploads\/2021\/04\/ACC-Wanbao_edited-500x333.jpg 500w, https:\/\/www.bellunopress.it\/wp-content\/uploads\/2021\/04\/ACC-Wanbao_edited-696x463.jpg 696w, https:\/\/www.bellunopress.it\/wp-content\/uploads\/2021\/04\/ACC-Wanbao_edited-632x420.jpg 632w\" sizes=\"auto, (max-width: 1000px) 100vw, 1000px\" \/><\/a>&#8220;Marted\u00ec 22 giugno si \u00e8 svolto l&#8217;annunciato tavolo tecnico nella sede di Veneto Lavoro a Mestre su richiesta del sindacato e del commissario Maurizio Castro per affrontare alcuni punti riguardanti la fragile situazione economica dello stabilimento Acc di Mel, ancora in attesa di una risposta definitiva del governo.<\/p>\n<p>Nel mese di luglio si raccoglier\u00e0 il lavoro fatto in queste settimane dal presidente Zaia e dall&#8217;assessore Donazzan nei confronti di clienti e fornitori. Risultato concreto che ha consentito di recuperare la finanza necessaria per alimentare le linee produttive. I volumi importanti soddisfano in parte il fabbisogno dei maggiori clienti e, con il disappunto di alcuni, garantiscono la continuit\u00e0 aziendale per i mesi a venire.<br \/>\nTuttavia le risorse ottenute non consentono di recuperare il materiale necessario per una piena saturazione degli impianti, come le copiose commesse richiederebbero. \u00c8 necessario dunque calmierare la produzione con alcune giornate di Cassa integrazione straordinaria, sulla quale la Fim Cisl ha gi\u00e0 manifestato alcune preoccupazioni, in particolare il fatto che il tempo necessario per l&#8217;autorizzazione ministeriale potrebbe lasciare i dipendenti senza integrazione economica per un lungo periodo.<\/p>\n<p>L&#8217;Unit\u00e0 di Crisi di Veneto Lavoro si \u00e8 proposta di monitorare l&#8217;iter per la concessione della CIGS, in modo da valutare opportunamente se il tempo effettivo per la sua definizione sia compatibile con la necessit\u00e0 di garantire la continuit\u00e0 di reddito ai lavoratori. Nessuna notizia riguardo all&#8217;articolo 37. \u00c8 utile ricordare che, per mantenere la produzione attuale e quella futura, i dipendenti non percepiscono per intero la retribuzione per le giornate di effettivo lavoro, ma anche che da pi\u00f9 parti \u00e8 arrivata ai lavoratori la sicurezza di una rapida soluzione. Utile anche ricordare che Wanbao-ACC in amministrazione straordinaria si era proposta sul mercato con un progetto industriale. Un progetto, quest&#8217;ultimo, che ora non c&#8217;\u00e8 pi\u00f9.<\/p>\n<p>La Fim Cisl ritiene necessario riportare chiarezza e seriet\u00e0 nella vertenza. Primo: quando verr\u00e0 pubblicato il decreto attuativo? Questo chiarir\u00e0 ai lavoratori per quanto tempo ancora dovranno finanziare il loro datore di lavoro. Secondo: quali sono i contenuti del decreto? Questo determiner\u00e0 la misura dell&#8217;intervento e di conseguenza la seriet\u00e0 e l&#8217;impegno del Governo nel risolvere il tavolo di crisi. Riportare gli attori ad una concreta coerenza tra parole e fatti si traduce in una pi\u00f9 chiara e limpida offerta a possibili investitori, che pretendono trasparenza e stabilit\u00e0 nelle operazioni economiche in cui si impegnano.<br \/>\nLa prova di resilienza delle lavoratrici e dei lavoratori che nonostante tutto e tutti continuano a mantenere viva la produzione non \u00e8 a costo zero per coloro che hanno la responsabilit\u00e0 istituzionale sul futuro dello stabilimento. Pi\u00f9 aumenta l&#8217;impegno e il sacrificio dei dipendenti, pi\u00f9 aumenta la responsabilit\u00e0 del MISE nel ricercare una soluzione che soddisfi le ambizioni e le speranze delle maestranze.<br \/>\nQuali sono le giuste soluzioni? Quali sono le decisioni corrette? Rispetto a quali fini e a quali progetti?. L&#8217;azienda oggi si regge esclusivamente sulla volont\u00e0 dei lavoratori di tenere aperto: senza nessun orizzonte, senza nessuna prospettiva per il futuro. Prima che la strada percorsa si trasformi in un vicolo cieco e la dedizione dei dipendenti in rabbia \u00e8 utile che il Governo faccia sentire la sua voce ricordando che ACC non molla n\u00e8 ora ne domani&#8221;.<\/p>\n<p>Mauro Zuglian, Rsu Fim CISL<br \/>\nAlessio Lovisotto, Segretario generale Fim Belluno Treviso<\/p>\n<p>&nbsp;<\/p>","protected":false},"excerpt":{"rendered":"<p>&#8220;Marted\u00ec 22 giugno si \u00e8 svolto l&#8217;annunciato tavolo tecnico nella sede di Veneto Lavoro a Mestre su richiesta del sindacato e del commissario Maurizio Castro per affrontare alcuni punti riguardanti la fragile situazione economica dello stabilimento Acc di Mel, ancora in attesa di una risposta definitiva del governo. Nel mese di luglio si raccoglier\u00e0 il [&hellip;]<\/p>\n","protected":false},"author":2,"featured_media":123438,"comment_status":"closed","ping_status":"open","sticky":false,"template":"","format":"standard","meta":{"footnotes":""},"categories":[36,26],"tags":[],"class_list":["post-125411","post","type-post","status-publish","format-standard","has-post-thumbnail","category-lavoro-economia","category-prima-pagina"],"yoast_head":"<!-- This site is optimized with the Yoast SEO plugin v28.4 - https:\/\/yoast.com\/product\/yoast-seo-wordpress\/ -->\n<title>Acc, Zuglian e Lovisotto: &quot;Il Governo faccia sentire la sua voce, serve chiarezza e seriet\u00e0 nella vertenza&quot; - Bellunopress - Dolomiti<\/title>\n<meta name=\"robots\" content=\"index, follow, max-snippet:-1, max-image-preview:large, max-video-preview:-1\" \/>\n<link rel=\"canonical\" href=\"https:\/\/www.bellunopress.it\/fr\/2021\/06\/23\/acc-zuglian-e-lovisotto-il-governo-faccia-sentire-la-sua-voce-serve-chiarezza-e-serieta-nella-vertenza\/\" \/>\n<meta property=\"og:locale\" content=\"fr_FR\" \/>\n<meta property=\"og:type\" content=\"article\" \/>\n<meta property=\"og:title\" content=\"Acc, Zuglian e Lovisotto: &quot;Il Governo faccia sentire la sua voce, serve chiarezza e seriet\u00e0 nella vertenza&quot; - Bellunopress - Dolomiti\" \/>\n<meta property=\"og:description\" content=\"&#8220;Marted\u00ec 22 giugno si \u00e8 svolto l&#8217;annunciato tavolo tecnico nella sede di Veneto Lavoro a Mestre su richiesta del sindacato e del commissario Maurizio Castro per affrontare alcuni punti riguardanti la fragile situazione economica dello stabilimento Acc di Mel, ancora in attesa di una risposta definitiva del governo. Nel mese di luglio si raccoglier\u00e0 il [&hellip;]\" \/>\n<meta property=\"og:url\" content=\"https:\/\/www.bellunopress.it\/fr\/2021\/06\/23\/acc-zuglian-e-lovisotto-il-governo-faccia-sentire-la-sua-voce-serve-chiarezza-e-serieta-nella-vertenza\/\" \/>\n<meta property=\"og:site_name\" content=\"Bellunopress - Dolomiti\" \/>\n<meta property=\"article:publisher\" content=\"https:\/\/www.facebook.com\/profile.php?id=100008943462799\" \/>\n<meta property=\"article:published_time\" content=\"2021-06-23T12:21:30+00:00\" \/>\n<meta property=\"og:image\" content=\"https:\/\/www.bellunopress.it\/wp-content\/uploads\/2021\/04\/ACC-Wanbao_edited.jpg\" \/>\n\t<meta property=\"og:image:width\" content=\"1000\" \/>\n\t<meta property=\"og:image:height\" content=\"665\" \/>\n\t<meta property=\"og:image:type\" content=\"image\/jpeg\" \/>\n<meta name=\"author\" content=\"redazione\" \/>\n<meta name=\"twitter:card\" content=\"summary_large_image\" \/>\n<meta name=\"twitter:creator\" content=\"@bellunopress\" \/>\n<meta name=\"twitter:site\" content=\"@bellunopress\" \/>\n<meta name=\"twitter:label1\" content=\"\u00c9crit par\" \/>\n\t<meta name=\"twitter:data1\" content=\"redazione\" \/>\n\t<meta name=\"twitter:label2\" content=\"Dur\u00e9e de lecture estim\u00e9e\" \/>\n\t<meta name=\"twitter:data2\" content=\"3 minutes\" \/>\n<script type=\"application\/ld+json\" class=\"yoast-schema-graph\">{\"@context\":\"https:\\\/\\\/schema.org\",\"@graph\":[{\"@type\":\"Article\",\"@id\":\"https:\\\/\\\/www.bellunopress.it\\\/2021\\\/06\\\/23\\\/acc-zuglian-e-lovisotto-il-governo-faccia-sentire-la-sua-voce-serve-chiarezza-e-serieta-nella-vertenza\\\/#article\",\"isPartOf\":{\"@id\":\"https:\\\/\\\/www.bellunopress.it\\\/2021\\\/06\\\/23\\\/acc-zuglian-e-lovisotto-il-governo-faccia-sentire-la-sua-voce-serve-chiarezza-e-serieta-nella-vertenza\\\/\"},\"author\":{\"name\":\"redazione\",\"@id\":\"https:\\\/\\\/www.bellunopress.it\\\/#\\\/schema\\\/person\\\/79bb06722b37ece1c03d3e94beb30d73\"},\"headline\":\"Acc, Zuglian e Lovisotto: &#8220;Il Governo faccia sentire la sua voce, serve chiarezza e seriet\u00e0 nella vertenza&#8221;\",\"datePublished\":\"2021-06-23T12:21:30+00:00\",\"mainEntityOfPage\":{\"@id\":\"https:\\\/\\\/www.bellunopress.it\\\/2021\\\/06\\\/23\\\/acc-zuglian-e-lovisotto-il-governo-faccia-sentire-la-sua-voce-serve-chiarezza-e-serieta-nella-vertenza\\\/\"},\"wordCount\":561,\"publisher\":{\"@id\":\"https:\\\/\\\/www.bellunopress.it\\\/#organization\"},\"image\":{\"@id\":\"https:\\\/\\\/www.bellunopress.it\\\/2021\\\/06\\\/23\\\/acc-zuglian-e-lovisotto-il-governo-faccia-sentire-la-sua-voce-serve-chiarezza-e-serieta-nella-vertenza\\\/#primaryimage\"},\"thumbnailUrl\":\"https:\\\/\\\/www.bellunopress.it\\\/wp-content\\\/uploads\\\/2021\\\/04\\\/ACC-Wanbao_edited.jpg\",\"articleSection\":[\"Lavoro, Economia, Turismo\",\"Prima Pagina\"],\"inLanguage\":\"fr-FR\"},{\"@type\":\"WebPage\",\"@id\":\"https:\\\/\\\/www.bellunopress.it\\\/2021\\\/06\\\/23\\\/acc-zuglian-e-lovisotto-il-governo-faccia-sentire-la-sua-voce-serve-chiarezza-e-serieta-nella-vertenza\\\/\",\"url\":\"https:\\\/\\\/www.bellunopress.it\\\/2021\\\/06\\\/23\\\/acc-zuglian-e-lovisotto-il-governo-faccia-sentire-la-sua-voce-serve-chiarezza-e-serieta-nella-vertenza\\\/\",\"name\":\"Acc, Zuglian e Lovisotto: \\\"Il Governo faccia sentire la sua voce, serve chiarezza e seriet\u00e0 nella vertenza\\\" - Bellunopress - Dolomiti\",\"isPartOf\":{\"@id\":\"https:\\\/\\\/www.bellunopress.it\\\/#website\"},\"primaryImageOfPage\":{\"@id\":\"https:\\\/\\\/www.bellunopress.it\\\/2021\\\/06\\\/23\\\/acc-zuglian-e-lovisotto-il-governo-faccia-sentire-la-sua-voce-serve-chiarezza-e-serieta-nella-vertenza\\\/#primaryimage\"},\"image\":{\"@id\":\"https:\\\/\\\/www.bellunopress.it\\\/2021\\\/06\\\/23\\\/acc-zuglian-e-lovisotto-il-governo-faccia-sentire-la-sua-voce-serve-chiarezza-e-serieta-nella-vertenza\\\/#primaryimage\"},\"thumbnailUrl\":\"https:\\\/\\\/www.bellunopress.it\\\/wp-content\\\/uploads\\\/2021\\\/04\\\/ACC-Wanbao_edited.jpg\",\"datePublished\":\"2021-06-23T12:21:30+00:00\",\"breadcrumb\":{\"@id\":\"https:\\\/\\\/www.bellunopress.it\\\/2021\\\/06\\\/23\\\/acc-zuglian-e-lovisotto-il-governo-faccia-sentire-la-sua-voce-serve-chiarezza-e-serieta-nella-vertenza\\\/#breadcrumb\"},\"inLanguage\":\"fr-FR\",\"potentialAction\":[{\"@type\":\"ReadAction\",\"target\":[\"https:\\\/\\\/www.bellunopress.it\\\/2021\\\/06\\\/23\\\/acc-zuglian-e-lovisotto-il-governo-faccia-sentire-la-sua-voce-serve-chiarezza-e-serieta-nella-vertenza\\\/\"]}]},{\"@type\":\"ImageObject\",\"inLanguage\":\"fr-FR\",\"@id\":\"https:\\\/\\\/www.bellunopress.it\\\/2021\\\/06\\\/23\\\/acc-zuglian-e-lovisotto-il-governo-faccia-sentire-la-sua-voce-serve-chiarezza-e-serieta-nella-vertenza\\\/#primaryimage\",\"url\":\"https:\\\/\\\/www.bellunopress.it\\\/wp-content\\\/uploads\\\/2021\\\/04\\\/ACC-Wanbao_edited.jpg\",\"contentUrl\":\"https:\\\/\\\/www.bellunopress.it\\\/wp-content\\\/uploads\\\/2021\\\/04\\\/ACC-Wanbao_edited.jpg\",\"width\":1000,\"height\":665,\"caption\":\"ACC Wanbao\"},{\"@type\":\"BreadcrumbList\",\"@id\":\"https:\\\/\\\/www.bellunopress.it\\\/2021\\\/06\\\/23\\\/acc-zuglian-e-lovisotto-il-governo-faccia-sentire-la-sua-voce-serve-chiarezza-e-serieta-nella-vertenza\\\/#breadcrumb\",\"itemListElement\":[{\"@type\":\"ListItem\",\"position\":1,\"name\":\"Home\",\"item\":\"https:\\\/\\\/www.bellunopress.it\\\/\"},{\"@type\":\"ListItem\",\"position\":2,\"name\":\"Acc, Zuglian e Lovisotto: &#8220;Il Governo faccia sentire la sua voce, serve chiarezza e seriet\u00e0 nella vertenza&#8221;\"}]},{\"@type\":\"WebSite\",\"@id\":\"https:\\\/\\\/www.bellunopress.it\\\/#website\",\"url\":\"https:\\\/\\\/www.bellunopress.it\\\/\",\"name\":\"Bellunopress - Dolomiti\",\"description\":\"e-mail: redazione@bellunopress.it\",\"publisher\":{\"@id\":\"https:\\\/\\\/www.bellunopress.it\\\/#organization\"},\"potentialAction\":[{\"@type\":\"SearchAction\",\"target\":{\"@type\":\"EntryPoint\",\"urlTemplate\":\"https:\\\/\\\/www.bellunopress.it\\\/?s={search_term_string}\"},\"query-input\":{\"@type\":\"PropertyValueSpecification\",\"valueRequired\":true,\"valueName\":\"search_term_string\"}}],\"inLanguage\":\"fr-FR\"},{\"@type\":\"Organization\",\"@id\":\"https:\\\/\\\/www.bellunopress.it\\\/#organization\",\"name\":\"Bellunopress\",\"url\":\"https:\\\/\\\/www.bellunopress.it\\\/\",\"logo\":{\"@type\":\"ImageObject\",\"inLanguage\":\"fr-FR\",\"@id\":\"https:\\\/\\\/www.bellunopress.it\\\/#\\\/schema\\\/logo\\\/image\\\/\",\"url\":\"https:\\\/\\\/www.bellunopress.it\\\/wp-content\\\/uploads\\\/2011\\\/05\\\/cropped-logo-bellunopress-.jpg\",\"contentUrl\":\"https:\\\/\\\/www.bellunopress.it\\\/wp-content\\\/uploads\\\/2011\\\/05\\\/cropped-logo-bellunopress-.jpg\",\"width\":512,\"height\":512,\"caption\":\"Bellunopress\"},\"image\":{\"@id\":\"https:\\\/\\\/www.bellunopress.it\\\/#\\\/schema\\\/logo\\\/image\\\/\"},\"sameAs\":[\"https:\\\/\\\/www.facebook.com\\\/profile.php?id=100008943462799\",\"https:\\\/\\\/x.com\\\/bellunopress\",\"https:\\\/\\\/www.linkedin.com\\\/hp\\\/?dnr=JBzUWaJfMUw8vbXJJ2tVW5-I3jZKvC4wsoxE&amp;amp;amp;amp;amp;amp;trk=nav_responsive_tab_home\",\"https:\\\/\\\/www.youtube.com\\\/channel\\\/UCxL0wu1uN0_3_7hGG0306cw\"]},{\"@type\":\"Person\",\"@id\":\"https:\\\/\\\/www.bellunopress.it\\\/#\\\/schema\\\/person\\\/79bb06722b37ece1c03d3e94beb30d73\",\"name\":\"redazione\",\"image\":{\"@type\":\"ImageObject\",\"inLanguage\":\"fr-FR\",\"@id\":\"https:\\\/\\\/secure.gravatar.com\\\/avatar\\\/37d968a2e67a6fd04c169c4bdef102d0bc5d31b2546345219e348575eb80e9a0?s=96&d=mm&r=g\",\"url\":\"https:\\\/\\\/secure.gravatar.com\\\/avatar\\\/37d968a2e67a6fd04c169c4bdef102d0bc5d31b2546345219e348575eb80e9a0?s=96&d=mm&r=g\",\"contentUrl\":\"https:\\\/\\\/secure.gravatar.com\\\/avatar\\\/37d968a2e67a6fd04c169c4bdef102d0bc5d31b2546345219e348575eb80e9a0?s=96&d=mm&r=g\",\"caption\":\"redazione\"},\"sameAs\":[\"http:\\\/\\\/www.bellunopress.it\",\"https:\\\/\\\/x.com\\\/bellunopress\"],\"url\":\"https:\\\/\\\/www.bellunopress.it\\\/fr\\\/author\\\/redazione\\\/\"}]}<\/script>\n<!-- \/ Yoast SEO plugin. -->","yoast_head_json":{"title":"Acc, Zuglian e Lovisotto: \"Il Governo faccia sentire la sua voce, serve chiarezza e seriet\u00e0 nella vertenza\" - Bellunopress - Dolomiti","robots":{"index":"index","follow":"follow","max-snippet":"max-snippet:-1","max-image-preview":"max-image-preview:large","max-video-preview":"max-video-preview:-1"},"canonical":"https:\/\/www.bellunopress.it\/fr\/2021\/06\/23\/acc-zuglian-e-lovisotto-il-governo-faccia-sentire-la-sua-voce-serve-chiarezza-e-serieta-nella-vertenza\/","og_locale":"fr_FR","og_type":"article","og_title":"Acc, Zuglian e Lovisotto: \"Il Governo faccia sentire la sua voce, serve chiarezza e seriet\u00e0 nella vertenza\" - Bellunopress - Dolomiti","og_description":"&#8220;Marted\u00ec 22 giugno si \u00e8 svolto l&#8217;annunciato tavolo tecnico nella sede di Veneto Lavoro a Mestre su richiesta del sindacato e del commissario Maurizio Castro per affrontare alcuni punti riguardanti la fragile situazione economica dello stabilimento Acc di Mel, ancora in attesa di una risposta definitiva del governo. Nel mese di luglio si raccoglier\u00e0 il [&hellip;]","og_url":"https:\/\/www.bellunopress.it\/fr\/2021\/06\/23\/acc-zuglian-e-lovisotto-il-governo-faccia-sentire-la-sua-voce-serve-chiarezza-e-serieta-nella-vertenza\/","og_site_name":"Bellunopress - Dolomiti","article_publisher":"https:\/\/www.facebook.com\/profile.php?id=100008943462799","article_published_time":"2021-06-23T12:21:30+00:00","og_image":[{"width":1000,"height":665,"url":"https:\/\/www.bellunopress.it\/wp-content\/uploads\/2021\/04\/ACC-Wanbao_edited.jpg","type":"image\/jpeg"}],"author":"redazione","twitter_card":"summary_large_image","twitter_creator":"@bellunopress","twitter_site":"@bellunopress","twitter_misc":{"\u00c9crit par":"redazione","Dur\u00e9e de lecture estim\u00e9e":"3 minutes"},"schema":{"@context":"https:\/\/schema.org","@graph":[{"@type":"Article","@id":"https:\/\/www.bellunopress.it\/2021\/06\/23\/acc-zuglian-e-lovisotto-il-governo-faccia-sentire-la-sua-voce-serve-chiarezza-e-serieta-nella-vertenza\/#article","isPartOf":{"@id":"https:\/\/www.bellunopress.it\/2021\/06\/23\/acc-zuglian-e-lovisotto-il-governo-faccia-sentire-la-sua-voce-serve-chiarezza-e-serieta-nella-vertenza\/"},"author":{"name":"redazione","@id":"https:\/\/www.bellunopress.it\/#\/schema\/person\/79bb06722b37ece1c03d3e94beb30d73"},"headline":"Acc, Zuglian e Lovisotto: &#8220;Il Governo faccia sentire la sua voce, serve chiarezza e seriet\u00e0 nella vertenza&#8221;","datePublished":"2021-06-23T12:21:30+00:00","mainEntityOfPage":{"@id":"https:\/\/www.bellunopress.it\/2021\/06\/23\/acc-zuglian-e-lovisotto-il-governo-faccia-sentire-la-sua-voce-serve-chiarezza-e-serieta-nella-vertenza\/"},"wordCount":561,"publisher":{"@id":"https:\/\/www.bellunopress.it\/#organization"},"image":{"@id":"https:\/\/www.bellunopress.it\/2021\/06\/23\/acc-zuglian-e-lovisotto-il-governo-faccia-sentire-la-sua-voce-serve-chiarezza-e-serieta-nella-vertenza\/#primaryimage"},"thumbnailUrl":"https:\/\/www.bellunopress.it\/wp-content\/uploads\/2021\/04\/ACC-Wanbao_edited.jpg","articleSection":["Lavoro, Economia, Turismo","Prima Pagina"],"inLanguage":"fr-FR"},{"@type":"WebPage","@id":"https:\/\/www.bellunopress.it\/2021\/06\/23\/acc-zuglian-e-lovisotto-il-governo-faccia-sentire-la-sua-voce-serve-chiarezza-e-serieta-nella-vertenza\/","url":"https:\/\/www.bellunopress.it\/2021\/06\/23\/acc-zuglian-e-lovisotto-il-governo-faccia-sentire-la-sua-voce-serve-chiarezza-e-serieta-nella-vertenza\/","name":"Acc, Zuglian e Lovisotto: \"Il Governo faccia sentire la sua voce, serve chiarezza e seriet\u00e0 nella vertenza\" - Bellunopress - Dolomiti","isPartOf":{"@id":"https:\/\/www.bellunopress.it\/#website"},"primaryImageOfPage":{"@id":"https:\/\/www.bellunopress.it\/2021\/06\/23\/acc-zuglian-e-lovisotto-il-governo-faccia-sentire-la-sua-voce-serve-chiarezza-e-serieta-nella-vertenza\/#primaryimage"},"image":{"@id":"https:\/\/www.bellunopress.it\/2021\/06\/23\/acc-zuglian-e-lovisotto-il-governo-faccia-sentire-la-sua-voce-serve-chiarezza-e-serieta-nella-vertenza\/#primaryimage"},"thumbnailUrl":"https:\/\/www.bellunopress.it\/wp-content\/uploads\/2021\/04\/ACC-Wanbao_edited.jpg","datePublished":"2021-06-23T12:21:30+00:00","breadcrumb":{"@id":"https:\/\/www.bellunopress.it\/2021\/06\/23\/acc-zuglian-e-lovisotto-il-governo-faccia-sentire-la-sua-voce-serve-chiarezza-e-serieta-nella-vertenza\/#breadcrumb"},"inLanguage":"fr-FR","potentialAction":[{"@type":"ReadAction","target":["https:\/\/www.bellunopress.it\/2021\/06\/23\/acc-zuglian-e-lovisotto-il-governo-faccia-sentire-la-sua-voce-serve-chiarezza-e-serieta-nella-vertenza\/"]}]},{"@type":"ImageObject","inLanguage":"fr-FR","@id":"https:\/\/www.bellunopress.it\/2021\/06\/23\/acc-zuglian-e-lovisotto-il-governo-faccia-sentire-la-sua-voce-serve-chiarezza-e-serieta-nella-vertenza\/#primaryimage","url":"https:\/\/www.bellunopress.it\/wp-content\/uploads\/2021\/04\/ACC-Wanbao_edited.jpg","contentUrl":"https:\/\/www.bellunopress.it\/wp-content\/uploads\/2021\/04\/ACC-Wanbao_edited.jpg","width":1000,"height":665,"caption":"ACC Wanbao"},{"@type":"BreadcrumbList","@id":"https:\/\/www.bellunopress.it\/2021\/06\/23\/acc-zuglian-e-lovisotto-il-governo-faccia-sentire-la-sua-voce-serve-chiarezza-e-serieta-nella-vertenza\/#breadcrumb","itemListElement":[{"@type":"ListItem","position":1,"name":"Home","item":"https:\/\/www.bellunopress.it\/"},{"@type":"ListItem","position":2,"name":"Acc, Zuglian e Lovisotto: &#8220;Il Governo faccia sentire la sua voce, serve chiarezza e seriet\u00e0 nella vertenza&#8221;"}]},{"@type":"WebSite","@id":"https:\/\/www.bellunopress.it\/#website","url":"https:\/\/www.bellunopress.it\/","name":"Bellunopress - Dolomiti","description":"e-mail: redazione@bellunopress.it","publisher":{"@id":"https:\/\/www.bellunopress.it\/#organization"},"potentialAction":[{"@type":"SearchAction","target":{"@type":"EntryPoint","urlTemplate":"https:\/\/www.bellunopress.it\/?s={search_term_string}"},"query-input":{"@type":"PropertyValueSpecification","valueRequired":true,"valueName":"search_term_string"}}],"inLanguage":"fr-FR"},{"@type":"Organization","@id":"https:\/\/www.bellunopress.it\/#organization","name":"Bellunopress","url":"https:\/\/www.bellunopress.it\/","logo":{"@type":"ImageObject","inLanguage":"fr-FR","@id":"https:\/\/www.bellunopress.it\/#\/schema\/logo\/image\/","url":"https:\/\/www.bellunopress.it\/wp-content\/uploads\/2011\/05\/cropped-logo-bellunopress-.jpg","contentUrl":"https:\/\/www.bellunopress.it\/wp-content\/uploads\/2011\/05\/cropped-logo-bellunopress-.jpg","width":512,"height":512,"caption":"Bellunopress"},"image":{"@id":"https:\/\/www.bellunopress.it\/#\/schema\/logo\/image\/"},"sameAs":["https:\/\/www.facebook.com\/profile.php?id=100008943462799","https:\/\/x.com\/bellunopress","https:\/\/www.linkedin.com\/hp\/?dnr=JBzUWaJfMUw8vbXJJ2tVW5-I3jZKvC4wsoxE&amp;amp;amp;amp;amp;amp;trk=nav_responsive_tab_home","https:\/\/www.youtube.com\/channel\/UCxL0wu1uN0_3_7hGG0306cw"]},{"@type":"Person","@id":"https:\/\/www.bellunopress.it\/#\/schema\/person\/79bb06722b37ece1c03d3e94beb30d73","name":"r\u00e9daction","image":{"@type":"ImageObject","inLanguage":"fr-FR","@id":"https:\/\/secure.gravatar.com\/avatar\/37d968a2e67a6fd04c169c4bdef102d0bc5d31b2546345219e348575eb80e9a0?s=96&d=mm&r=g","url":"https:\/\/secure.gravatar.com\/avatar\/37d968a2e67a6fd04c169c4bdef102d0bc5d31b2546345219e348575eb80e9a0?s=96&d=mm&r=g","contentUrl":"https:\/\/secure.gravatar.com\/avatar\/37d968a2e67a6fd04c169c4bdef102d0bc5d31b2546345219e348575eb80e9a0?s=96&d=mm&r=g","caption":"redazione"},"sameAs":["http:\/\/www.bellunopress.it","https:\/\/x.com\/bellunopress"],"url":"https:\/\/www.bellunopress.it\/fr\/author\/redazione\/"}]}},"_links":{"self":[{"href":"https:\/\/www.bellunopress.it\/fr\/wp-json\/wp\/v2\/posts\/125411","targetHints":{"allow":["GET"]}}],"collection":[{"href":"https:\/\/www.bellunopress.it\/fr\/wp-json\/wp\/v2\/posts"}],"about":[{"href":"https:\/\/www.bellunopress.it\/fr\/wp-json\/wp\/v2\/types\/post"}],"author":[{"embeddable":true,"href":"https:\/\/www.bellunopress.it\/fr\/wp-json\/wp\/v2\/users\/2"}],"replies":[{"embeddable":true,"href":"https:\/\/www.bellunopress.it\/fr\/wp-json\/wp\/v2\/comments?post=125411"}],"version-history":[{"count":1,"href":"https:\/\/www.bellunopress.it\/fr\/wp-json\/wp\/v2\/posts\/125411\/revisions"}],"predecessor-version":[{"id":125412,"href":"https:\/\/www.bellunopress.it\/fr\/wp-json\/wp\/v2\/posts\/125411\/revisions\/125412"}],"wp:featuredmedia":[{"embeddable":true,"href":"https:\/\/www.bellunopress.it\/fr\/wp-json\/wp\/v2\/media\/123438"}],"wp:attachment":[{"href":"https:\/\/www.bellunopress.it\/fr\/wp-json\/wp\/v2\/media?parent=125411"}],"wp:term":[{"taxonomy":"category","embeddable":true,"href":"https:\/\/www.bellunopress.it\/fr\/wp-json\/wp\/v2\/categories?post=125411"},{"taxonomy":"post_tag","embeddable":true,"href":"https:\/\/www.bellunopress.it\/fr\/wp-json\/wp\/v2\/tags?post=125411"}],"curies":[{"name":"wp","href":"https:\/\/api.w.org\/{rel}","templated":true}]}}