{"id":125405,"date":"2021-06-22T22:45:34","date_gmt":"2021-06-22T20:45:34","guid":{"rendered":"https:\/\/www.bellunopress.it\/?p=125405"},"modified":"2021-06-23T20:21:57","modified_gmt":"2021-06-23T18:21:57","slug":"covid-lestate-ferma-il-virus-calano-i-ricoveri-e-le-terapie-intensive-i-dati-di-un-anno-fa-erano-ancora-piu-favorevoli","status":"publish","type":"post","link":"https:\/\/www.bellunopress.it\/fr\/2021\/06\/22\/covid-lestate-ferma-il-virus-calano-i-ricoveri-e-le-terapie-intensive-i-dati-di-un-anno-fa-erano-ancora-piu-favorevoli\/","title":{"rendered":"Covid, l\u2019estate ferma il virus. Calano i ricoveri e le terapie intensive. I dati di un anno fa erano ancora pi\u00f9 favorevoli"},"content":{"rendered":"<p>Riportiamo i dati ufficiali del Ministero della Salute, Istituto Superiore di Sanit\u00e0. Il report settimanale n.57 con aggiornamento al 16 giugno 2021 riferito al periodo: 7\/6\/2021-13\/6\/2021 dice: \u201cL\u2019incidenza, sia sull\u2019intero territorio nazionale che in tutte le Regioni\/province autonome, continua a diminuire ed \u00e8 sotto il 50 per 100.000 abitanti ogni 7 giorni. La pressione sui servizi ospedalieri si conferma al di sotto della soglia critica in tutte le Regioni\/province autonome la stima dell\u2019indice di trasmissibilit\u00e0 Rt medio calcolato sui casi sintomatici \u00e8 stabilmente al di sotto della soglia epidemica. (\u2026)\u201c. Secondo l\u2019analisi dei dati relativi al periodo 7\u2013 13 giugno 2021 \u201cNessuna Regione\/provincia autonoma supera la soglia critica di occupazione dei posti letto in terapia intensiva o area medica. Il tasso di occupazione in terapia intensiva \u00e8 6%, sotto la soglia critica, con una diminuzione nel numero di persone ricoverate che passa da 688 (08\/06\/2021) a 504 (15\/06\/2021). Il tasso di occupazione in aree mediche a livello nazionale scende ulteriormente (6%). Il numero di persone ricoverate in queste aree passa da 4.685 (08\/06\/2021) a 3.333 (15\/06\/2021)\u201d.<a href=\"https:\/\/www.bellunopress.it\/fr\/2021\/06\/22\/covid-lestate-ferma-il-virus-calano-i-ricoveri-e-le-terapie-intensive-i-dati-di-un-anno-fa-erano-ancora-piu-favorevoli\/grafico-vaccinati-terapia-intensiva-al-18-giugno-2021_edited\/\" rel=\"attachment wp-att-125406\"><img loading=\"lazy\" decoding=\"async\" class=\"alignleft size-full wp-image-125406\" src=\"https:\/\/www.bellunopress.it\/wp-content\/uploads\/2021\/06\/grafico-vaccinati-terapia-intensiva-al-18-giugno-2021_edited.jpg\" alt=\"\" width=\"800\" height=\"410\" srcset=\"https:\/\/www.bellunopress.it\/wp-content\/uploads\/2021\/06\/grafico-vaccinati-terapia-intensiva-al-18-giugno-2021_edited.jpg 800w, https:\/\/www.bellunopress.it\/wp-content\/uploads\/2021\/06\/grafico-vaccinati-terapia-intensiva-al-18-giugno-2021_edited-500x256.jpg 500w, https:\/\/www.bellunopress.it\/wp-content\/uploads\/2021\/06\/grafico-vaccinati-terapia-intensiva-al-18-giugno-2021_edited-696x357.jpg 696w\" sizes=\"auto, (max-width: 800px) 100vw, 800px\" \/><\/a><\/p>\n<p><a href=\"https:\/\/www.bellunopress.it\/fr\/2021\/06\/22\/covid-lestate-ferma-il-virus-calano-i-ricoveri-e-le-terapie-intensive-i-dati-di-un-anno-fa-erano-ancora-piu-favorevoli\/grafico-al-18-giugno-2021-ospedalizzati-vaccinati_edited\/\" rel=\"attachment wp-att-125407\"><img loading=\"lazy\" decoding=\"async\" class=\"alignleft size-full wp-image-125407\" src=\"https:\/\/www.bellunopress.it\/wp-content\/uploads\/2021\/06\/grafico-al-18-giugno-2021-ospedalizzati-vaccinati_edited.jpg\" alt=\"\" width=\"800\" height=\"367\" srcset=\"https:\/\/www.bellunopress.it\/wp-content\/uploads\/2021\/06\/grafico-al-18-giugno-2021-ospedalizzati-vaccinati_edited.jpg 800w, https:\/\/www.bellunopress.it\/wp-content\/uploads\/2021\/06\/grafico-al-18-giugno-2021-ospedalizzati-vaccinati_edited-500x229.jpg 500w, https:\/\/www.bellunopress.it\/wp-content\/uploads\/2021\/06\/grafico-al-18-giugno-2021-ospedalizzati-vaccinati_edited-696x319.jpg 696w\" sizes=\"auto, (max-width: 800px) 100vw, 800px\" \/><\/a>Un quadro, insomma, sostanzialmente positivo e rassicurante, che a fronte di una possente campagna vaccinale con oltre 46 milioni di somministrazioni, ha fatto scendere a 504 le persone ricoverate in terapia intensiva e 3.333 gli ospedalizzati.<\/p>\n<p>Ma com\u2019era la situazione ospedaliera un anno fa, quando ancora doveva decollare la massiccia campagna vaccinale?<\/p>\n<p>Se osserviamo la tabella del Ministero della Salute del 21 giugno 2020, scopriamo che la situazione di giugno 2020 era ancora meno grave di oggi. Infatti c\u2019erano 148 ricoverati in terapia intensiva, e 2.314 ricoverati con sintomi meno gravi in altre aree mediche.<br \/>\n<a href=\"https:\/\/www.bellunopress.it\/fr\/2021\/06\/22\/covid-lestate-ferma-il-virus-calano-i-ricoveri-e-le-terapie-intensive-i-dati-di-un-anno-fa-erano-ancora-piu-favorevoli\/tabella-21-giugno-2020_edited\/\" rel=\"attachment wp-att-125408\"><img loading=\"lazy\" decoding=\"async\" class=\"alignleft size-full wp-image-125408\" src=\"https:\/\/www.bellunopress.it\/wp-content\/uploads\/2021\/06\/tabella-21-giugno-2020_edited.jpg\" alt=\"\" width=\"725\" height=\"507\" srcset=\"https:\/\/www.bellunopress.it\/wp-content\/uploads\/2021\/06\/tabella-21-giugno-2020_edited.jpg 725w, https:\/\/www.bellunopress.it\/wp-content\/uploads\/2021\/06\/tabella-21-giugno-2020_edited-500x350.jpg 500w, https:\/\/www.bellunopress.it\/wp-content\/uploads\/2021\/06\/tabella-21-giugno-2020_edited-696x487.jpg 696w, https:\/\/www.bellunopress.it\/wp-content\/uploads\/2021\/06\/tabella-21-giugno-2020_edited-601x420.jpg 601w, https:\/\/www.bellunopress.it\/wp-content\/uploads\/2021\/06\/tabella-21-giugno-2020_edited-100x70.jpg 100w\" sizes=\"auto, (max-width: 725px) 100vw, 725px\" \/><\/a><\/p>\n<p>&nbsp;<\/p>\n<p>Se prendiamo in esame il dato della Regione Veneto vediamo che il 21 giugno 2020 c&#8217;erano 28 ricoverati con sintomi e uno grave in terapia intensiva. Un anno dopo, nel bollettino del 21 giugno 2021, troviamo 107\u00a0 pazienti positivi al covid in cura negli ospedali veneti, di cui 20 in condizioni gravi.<\/p>\n<p>Un po\u2019 sorprende il dato dello scorso anno, quando doveva ancora iniziare la campagna vaccinale (in Italia, la distribuzione del vaccino \u00e8 iniziata il 31 dicembre 2020), e la situazione ricoveri negli ospedali era pi\u00f9 leggera di quella di oggi. Ci saremmo aspettati una situazione migliore a un anno dalla pandemia con restrizioni e vaccini. Nemmeno il dato sulle morti per covid, a distanza di un anno, fa registrare variazioni di rilievo.<\/p>\n<p>L\u2019estate, per ora, ha fermato il virus. La prova del fuoco, nella lotta vaccino-varianti covid ci attende a settembre-ottobre, come \u00e8 successo lo scorso anno.<\/p>\n<p>(rdn)<\/p>","protected":false},"excerpt":{"rendered":"<p>Riportiamo i dati ufficiali del Ministero della Salute, Istituto Superiore di Sanit\u00e0. Il report settimanale n.57 con aggiornamento al 16 giugno 2021 riferito al periodo: 7\/6\/2021-13\/6\/2021 dice: \u201cL\u2019incidenza, sia sull\u2019intero territorio nazionale che in tutte le Regioni\/province autonome, continua a diminuire ed \u00e8 sotto il 50 per 100.000 abitanti ogni 7 giorni. La pressione sui [&hellip;]<\/p>\n","protected":false},"author":2,"featured_media":112307,"comment_status":"closed","ping_status":"open","sticky":false,"template":"","format":"standard","meta":{"footnotes":""},"categories":[3446,26,17],"tags":[],"class_list":["post-125405","post","type-post","status-publish","format-standard","has-post-thumbnail","category-featured","category-prima-pagina","category-sanita"],"yoast_head":"<!-- This site is optimized with the Yoast SEO plugin v28.4 - https:\/\/yoast.com\/product\/yoast-seo-wordpress\/ -->\n<title>Covid, l\u2019estate ferma il virus. Calano i ricoveri e le terapie intensive. I dati di un anno fa erano ancora pi\u00f9 favorevoli - Bellunopress - Dolomiti<\/title>\n<meta name=\"robots\" content=\"index, follow, max-snippet:-1, max-image-preview:large, max-video-preview:-1\" \/>\n<link rel=\"canonical\" href=\"https:\/\/www.bellunopress.it\/fr\/2021\/06\/22\/covid-lestate-ferma-il-virus-calano-i-ricoveri-e-le-terapie-intensive-i-dati-di-un-anno-fa-erano-ancora-piu-favorevoli\/\" \/>\n<meta property=\"og:locale\" content=\"fr_FR\" \/>\n<meta property=\"og:type\" content=\"article\" \/>\n<meta property=\"og:title\" content=\"Covid, l\u2019estate ferma il virus. Calano i ricoveri e le terapie intensive. I dati di un anno fa erano ancora pi\u00f9 favorevoli - Bellunopress - Dolomiti\" \/>\n<meta property=\"og:description\" content=\"Riportiamo i dati ufficiali del Ministero della Salute, Istituto Superiore di Sanit\u00e0. Il report settimanale n.57 con aggiornamento al 16 giugno 2021 riferito al periodo: 7\/6\/2021-13\/6\/2021 dice: \u201cL\u2019incidenza, sia sull\u2019intero territorio nazionale che in tutte le Regioni\/province autonome, continua a diminuire ed \u00e8 sotto il 50 per 100.000 abitanti ogni 7 giorni. La pressione sui [&hellip;]\" \/>\n<meta property=\"og:url\" content=\"https:\/\/www.bellunopress.it\/fr\/2021\/06\/22\/covid-lestate-ferma-il-virus-calano-i-ricoveri-e-le-terapie-intensive-i-dati-di-un-anno-fa-erano-ancora-piu-favorevoli\/\" \/>\n<meta property=\"og:site_name\" content=\"Bellunopress - Dolomiti\" \/>\n<meta property=\"article:publisher\" content=\"https:\/\/www.facebook.com\/profile.php?id=100008943462799\" \/>\n<meta property=\"article:published_time\" content=\"2021-06-22T20:45:34+00:00\" \/>\n<meta property=\"article:modified_time\" content=\"2021-06-23T18:21:57+00:00\" \/>\n<meta property=\"og:image\" content=\"https:\/\/www.bellunopress.it\/wp-content\/uploads\/2020\/02\/coronavirus.jpg\" \/>\n\t<meta property=\"og:image:width\" content=\"933\" \/>\n\t<meta property=\"og:image:height\" content=\"675\" \/>\n\t<meta property=\"og:image:type\" content=\"image\/jpeg\" \/>\n<meta name=\"author\" content=\"redazione\" \/>\n<meta name=\"twitter:card\" content=\"summary_large_image\" \/>\n<meta name=\"twitter:creator\" content=\"@bellunopress\" \/>\n<meta name=\"twitter:site\" content=\"@bellunopress\" \/>\n<meta name=\"twitter:label1\" content=\"\u00c9crit par\" \/>\n\t<meta name=\"twitter:data1\" content=\"redazione\" \/>\n\t<meta name=\"twitter:label2\" content=\"Dur\u00e9e de lecture estim\u00e9e\" \/>\n\t<meta name=\"twitter:data2\" content=\"3 minutes\" \/>\n<script type=\"application\/ld+json\" class=\"yoast-schema-graph\">{\"@context\":\"https:\\\/\\\/schema.org\",\"@graph\":[{\"@type\":\"Article\",\"@id\":\"https:\\\/\\\/www.bellunopress.it\\\/2021\\\/06\\\/22\\\/covid-lestate-ferma-il-virus-calano-i-ricoveri-e-le-terapie-intensive-i-dati-di-un-anno-fa-erano-ancora-piu-favorevoli\\\/#article\",\"isPartOf\":{\"@id\":\"https:\\\/\\\/www.bellunopress.it\\\/2021\\\/06\\\/22\\\/covid-lestate-ferma-il-virus-calano-i-ricoveri-e-le-terapie-intensive-i-dati-di-un-anno-fa-erano-ancora-piu-favorevoli\\\/\"},\"author\":{\"name\":\"redazione\",\"@id\":\"https:\\\/\\\/www.bellunopress.it\\\/#\\\/schema\\\/person\\\/79bb06722b37ece1c03d3e94beb30d73\"},\"headline\":\"Covid, l\u2019estate ferma il virus. Calano i ricoveri e le terapie intensive. I dati di un anno fa erano ancora pi\u00f9 favorevoli\",\"datePublished\":\"2021-06-22T20:45:34+00:00\",\"dateModified\":\"2021-06-23T18:21:57+00:00\",\"mainEntityOfPage\":{\"@id\":\"https:\\\/\\\/www.bellunopress.it\\\/2021\\\/06\\\/22\\\/covid-lestate-ferma-il-virus-calano-i-ricoveri-e-le-terapie-intensive-i-dati-di-un-anno-fa-erano-ancora-piu-favorevoli\\\/\"},\"wordCount\":415,\"publisher\":{\"@id\":\"https:\\\/\\\/www.bellunopress.it\\\/#organization\"},\"image\":{\"@id\":\"https:\\\/\\\/www.bellunopress.it\\\/2021\\\/06\\\/22\\\/covid-lestate-ferma-il-virus-calano-i-ricoveri-e-le-terapie-intensive-i-dati-di-un-anno-fa-erano-ancora-piu-favorevoli\\\/#primaryimage\"},\"thumbnailUrl\":\"https:\\\/\\\/www.bellunopress.it\\\/wp-content\\\/uploads\\\/2020\\\/02\\\/coronavirus.jpg\",\"articleSection\":[\"Featured\",\"Prima Pagina\",\"Sanit\u00e0 Medicina\"],\"inLanguage\":\"fr-FR\"},{\"@type\":\"WebPage\",\"@id\":\"https:\\\/\\\/www.bellunopress.it\\\/2021\\\/06\\\/22\\\/covid-lestate-ferma-il-virus-calano-i-ricoveri-e-le-terapie-intensive-i-dati-di-un-anno-fa-erano-ancora-piu-favorevoli\\\/\",\"url\":\"https:\\\/\\\/www.bellunopress.it\\\/2021\\\/06\\\/22\\\/covid-lestate-ferma-il-virus-calano-i-ricoveri-e-le-terapie-intensive-i-dati-di-un-anno-fa-erano-ancora-piu-favorevoli\\\/\",\"name\":\"Covid, l\u2019estate ferma il virus. Calano i ricoveri e le terapie intensive. I dati di un anno fa erano ancora pi\u00f9 favorevoli - Bellunopress - Dolomiti\",\"isPartOf\":{\"@id\":\"https:\\\/\\\/www.bellunopress.it\\\/#website\"},\"primaryImageOfPage\":{\"@id\":\"https:\\\/\\\/www.bellunopress.it\\\/2021\\\/06\\\/22\\\/covid-lestate-ferma-il-virus-calano-i-ricoveri-e-le-terapie-intensive-i-dati-di-un-anno-fa-erano-ancora-piu-favorevoli\\\/#primaryimage\"},\"image\":{\"@id\":\"https:\\\/\\\/www.bellunopress.it\\\/2021\\\/06\\\/22\\\/covid-lestate-ferma-il-virus-calano-i-ricoveri-e-le-terapie-intensive-i-dati-di-un-anno-fa-erano-ancora-piu-favorevoli\\\/#primaryimage\"},\"thumbnailUrl\":\"https:\\\/\\\/www.bellunopress.it\\\/wp-content\\\/uploads\\\/2020\\\/02\\\/coronavirus.jpg\",\"datePublished\":\"2021-06-22T20:45:34+00:00\",\"dateModified\":\"2021-06-23T18:21:57+00:00\",\"breadcrumb\":{\"@id\":\"https:\\\/\\\/www.bellunopress.it\\\/2021\\\/06\\\/22\\\/covid-lestate-ferma-il-virus-calano-i-ricoveri-e-le-terapie-intensive-i-dati-di-un-anno-fa-erano-ancora-piu-favorevoli\\\/#breadcrumb\"},\"inLanguage\":\"fr-FR\",\"potentialAction\":[{\"@type\":\"ReadAction\",\"target\":[\"https:\\\/\\\/www.bellunopress.it\\\/2021\\\/06\\\/22\\\/covid-lestate-ferma-il-virus-calano-i-ricoveri-e-le-terapie-intensive-i-dati-di-un-anno-fa-erano-ancora-piu-favorevoli\\\/\"]}]},{\"@type\":\"ImageObject\",\"inLanguage\":\"fr-FR\",\"@id\":\"https:\\\/\\\/www.bellunopress.it\\\/2021\\\/06\\\/22\\\/covid-lestate-ferma-il-virus-calano-i-ricoveri-e-le-terapie-intensive-i-dati-di-un-anno-fa-erano-ancora-piu-favorevoli\\\/#primaryimage\",\"url\":\"https:\\\/\\\/www.bellunopress.it\\\/wp-content\\\/uploads\\\/2020\\\/02\\\/coronavirus.jpg\",\"contentUrl\":\"https:\\\/\\\/www.bellunopress.it\\\/wp-content\\\/uploads\\\/2020\\\/02\\\/coronavirus.jpg\",\"width\":933,\"height\":675},{\"@type\":\"BreadcrumbList\",\"@id\":\"https:\\\/\\\/www.bellunopress.it\\\/2021\\\/06\\\/22\\\/covid-lestate-ferma-il-virus-calano-i-ricoveri-e-le-terapie-intensive-i-dati-di-un-anno-fa-erano-ancora-piu-favorevoli\\\/#breadcrumb\",\"itemListElement\":[{\"@type\":\"ListItem\",\"position\":1,\"name\":\"Home\",\"item\":\"https:\\\/\\\/www.bellunopress.it\\\/\"},{\"@type\":\"ListItem\",\"position\":2,\"name\":\"Covid, l\u2019estate ferma il virus. Calano i ricoveri e le terapie intensive. I dati di un anno fa erano ancora pi\u00f9 favorevoli\"}]},{\"@type\":\"WebSite\",\"@id\":\"https:\\\/\\\/www.bellunopress.it\\\/#website\",\"url\":\"https:\\\/\\\/www.bellunopress.it\\\/\",\"name\":\"Bellunopress - Dolomiti\",\"description\":\"e-mail: redazione@bellunopress.it\",\"publisher\":{\"@id\":\"https:\\\/\\\/www.bellunopress.it\\\/#organization\"},\"potentialAction\":[{\"@type\":\"SearchAction\",\"target\":{\"@type\":\"EntryPoint\",\"urlTemplate\":\"https:\\\/\\\/www.bellunopress.it\\\/?s={search_term_string}\"},\"query-input\":{\"@type\":\"PropertyValueSpecification\",\"valueRequired\":true,\"valueName\":\"search_term_string\"}}],\"inLanguage\":\"fr-FR\"},{\"@type\":\"Organization\",\"@id\":\"https:\\\/\\\/www.bellunopress.it\\\/#organization\",\"name\":\"Bellunopress\",\"url\":\"https:\\\/\\\/www.bellunopress.it\\\/\",\"logo\":{\"@type\":\"ImageObject\",\"inLanguage\":\"fr-FR\",\"@id\":\"https:\\\/\\\/www.bellunopress.it\\\/#\\\/schema\\\/logo\\\/image\\\/\",\"url\":\"https:\\\/\\\/www.bellunopress.it\\\/wp-content\\\/uploads\\\/2011\\\/05\\\/cropped-logo-bellunopress-.jpg\",\"contentUrl\":\"https:\\\/\\\/www.bellunopress.it\\\/wp-content\\\/uploads\\\/2011\\\/05\\\/cropped-logo-bellunopress-.jpg\",\"width\":512,\"height\":512,\"caption\":\"Bellunopress\"},\"image\":{\"@id\":\"https:\\\/\\\/www.bellunopress.it\\\/#\\\/schema\\\/logo\\\/image\\\/\"},\"sameAs\":[\"https:\\\/\\\/www.facebook.com\\\/profile.php?id=100008943462799\",\"https:\\\/\\\/x.com\\\/bellunopress\",\"https:\\\/\\\/www.linkedin.com\\\/hp\\\/?dnr=JBzUWaJfMUw8vbXJJ2tVW5-I3jZKvC4wsoxE&amp;amp;amp;amp;amp;amp;trk=nav_responsive_tab_home\",\"https:\\\/\\\/www.youtube.com\\\/channel\\\/UCxL0wu1uN0_3_7hGG0306cw\"]},{\"@type\":\"Person\",\"@id\":\"https:\\\/\\\/www.bellunopress.it\\\/#\\\/schema\\\/person\\\/79bb06722b37ece1c03d3e94beb30d73\",\"name\":\"redazione\",\"image\":{\"@type\":\"ImageObject\",\"inLanguage\":\"fr-FR\",\"@id\":\"https:\\\/\\\/secure.gravatar.com\\\/avatar\\\/37d968a2e67a6fd04c169c4bdef102d0bc5d31b2546345219e348575eb80e9a0?s=96&d=mm&r=g\",\"url\":\"https:\\\/\\\/secure.gravatar.com\\\/avatar\\\/37d968a2e67a6fd04c169c4bdef102d0bc5d31b2546345219e348575eb80e9a0?s=96&d=mm&r=g\",\"contentUrl\":\"https:\\\/\\\/secure.gravatar.com\\\/avatar\\\/37d968a2e67a6fd04c169c4bdef102d0bc5d31b2546345219e348575eb80e9a0?s=96&d=mm&r=g\",\"caption\":\"redazione\"},\"sameAs\":[\"http:\\\/\\\/www.bellunopress.it\",\"https:\\\/\\\/x.com\\\/bellunopress\"],\"url\":\"https:\\\/\\\/www.bellunopress.it\\\/fr\\\/author\\\/redazione\\\/\"}]}<\/script>\n<!-- \/ Yoast SEO plugin. -->","yoast_head_json":{"title":"Covid, l\u2019estate ferma il virus. Calano i ricoveri e le terapie intensive. I dati di un anno fa erano ancora pi\u00f9 favorevoli - Bellunopress - Dolomiti","robots":{"index":"index","follow":"follow","max-snippet":"max-snippet:-1","max-image-preview":"max-image-preview:large","max-video-preview":"max-video-preview:-1"},"canonical":"https:\/\/www.bellunopress.it\/fr\/2021\/06\/22\/covid-lestate-ferma-il-virus-calano-i-ricoveri-e-le-terapie-intensive-i-dati-di-un-anno-fa-erano-ancora-piu-favorevoli\/","og_locale":"fr_FR","og_type":"article","og_title":"Covid, l\u2019estate ferma il virus. Calano i ricoveri e le terapie intensive. I dati di un anno fa erano ancora pi\u00f9 favorevoli - Bellunopress - Dolomiti","og_description":"Riportiamo i dati ufficiali del Ministero della Salute, Istituto Superiore di Sanit\u00e0. Il report settimanale n.57 con aggiornamento al 16 giugno 2021 riferito al periodo: 7\/6\/2021-13\/6\/2021 dice: \u201cL\u2019incidenza, sia sull\u2019intero territorio nazionale che in tutte le Regioni\/province autonome, continua a diminuire ed \u00e8 sotto il 50 per 100.000 abitanti ogni 7 giorni. La pressione sui [&hellip;]","og_url":"https:\/\/www.bellunopress.it\/fr\/2021\/06\/22\/covid-lestate-ferma-il-virus-calano-i-ricoveri-e-le-terapie-intensive-i-dati-di-un-anno-fa-erano-ancora-piu-favorevoli\/","og_site_name":"Bellunopress - Dolomiti","article_publisher":"https:\/\/www.facebook.com\/profile.php?id=100008943462799","article_published_time":"2021-06-22T20:45:34+00:00","article_modified_time":"2021-06-23T18:21:57+00:00","og_image":[{"width":933,"height":675,"url":"https:\/\/www.bellunopress.it\/wp-content\/uploads\/2020\/02\/coronavirus.jpg","type":"image\/jpeg"}],"author":"redazione","twitter_card":"summary_large_image","twitter_creator":"@bellunopress","twitter_site":"@bellunopress","twitter_misc":{"\u00c9crit par":"redazione","Dur\u00e9e de lecture estim\u00e9e":"3 minutes"},"schema":{"@context":"https:\/\/schema.org","@graph":[{"@type":"Article","@id":"https:\/\/www.bellunopress.it\/2021\/06\/22\/covid-lestate-ferma-il-virus-calano-i-ricoveri-e-le-terapie-intensive-i-dati-di-un-anno-fa-erano-ancora-piu-favorevoli\/#article","isPartOf":{"@id":"https:\/\/www.bellunopress.it\/2021\/06\/22\/covid-lestate-ferma-il-virus-calano-i-ricoveri-e-le-terapie-intensive-i-dati-di-un-anno-fa-erano-ancora-piu-favorevoli\/"},"author":{"name":"redazione","@id":"https:\/\/www.bellunopress.it\/#\/schema\/person\/79bb06722b37ece1c03d3e94beb30d73"},"headline":"Covid, l\u2019estate ferma il virus. Calano i ricoveri e le terapie intensive. I dati di un anno fa erano ancora pi\u00f9 favorevoli","datePublished":"2021-06-22T20:45:34+00:00","dateModified":"2021-06-23T18:21:57+00:00","mainEntityOfPage":{"@id":"https:\/\/www.bellunopress.it\/2021\/06\/22\/covid-lestate-ferma-il-virus-calano-i-ricoveri-e-le-terapie-intensive-i-dati-di-un-anno-fa-erano-ancora-piu-favorevoli\/"},"wordCount":415,"publisher":{"@id":"https:\/\/www.bellunopress.it\/#organization"},"image":{"@id":"https:\/\/www.bellunopress.it\/2021\/06\/22\/covid-lestate-ferma-il-virus-calano-i-ricoveri-e-le-terapie-intensive-i-dati-di-un-anno-fa-erano-ancora-piu-favorevoli\/#primaryimage"},"thumbnailUrl":"https:\/\/www.bellunopress.it\/wp-content\/uploads\/2020\/02\/coronavirus.jpg","articleSection":["Featured","Prima Pagina","Sanit\u00e0 Medicina"],"inLanguage":"fr-FR"},{"@type":"WebPage","@id":"https:\/\/www.bellunopress.it\/2021\/06\/22\/covid-lestate-ferma-il-virus-calano-i-ricoveri-e-le-terapie-intensive-i-dati-di-un-anno-fa-erano-ancora-piu-favorevoli\/","url":"https:\/\/www.bellunopress.it\/2021\/06\/22\/covid-lestate-ferma-il-virus-calano-i-ricoveri-e-le-terapie-intensive-i-dati-di-un-anno-fa-erano-ancora-piu-favorevoli\/","name":"Covid, l\u2019estate ferma il virus. Calano i ricoveri e le terapie intensive. I dati di un anno fa erano ancora pi\u00f9 favorevoli - Bellunopress - Dolomiti","isPartOf":{"@id":"https:\/\/www.bellunopress.it\/#website"},"primaryImageOfPage":{"@id":"https:\/\/www.bellunopress.it\/2021\/06\/22\/covid-lestate-ferma-il-virus-calano-i-ricoveri-e-le-terapie-intensive-i-dati-di-un-anno-fa-erano-ancora-piu-favorevoli\/#primaryimage"},"image":{"@id":"https:\/\/www.bellunopress.it\/2021\/06\/22\/covid-lestate-ferma-il-virus-calano-i-ricoveri-e-le-terapie-intensive-i-dati-di-un-anno-fa-erano-ancora-piu-favorevoli\/#primaryimage"},"thumbnailUrl":"https:\/\/www.bellunopress.it\/wp-content\/uploads\/2020\/02\/coronavirus.jpg","datePublished":"2021-06-22T20:45:34+00:00","dateModified":"2021-06-23T18:21:57+00:00","breadcrumb":{"@id":"https:\/\/www.bellunopress.it\/2021\/06\/22\/covid-lestate-ferma-il-virus-calano-i-ricoveri-e-le-terapie-intensive-i-dati-di-un-anno-fa-erano-ancora-piu-favorevoli\/#breadcrumb"},"inLanguage":"fr-FR","potentialAction":[{"@type":"ReadAction","target":["https:\/\/www.bellunopress.it\/2021\/06\/22\/covid-lestate-ferma-il-virus-calano-i-ricoveri-e-le-terapie-intensive-i-dati-di-un-anno-fa-erano-ancora-piu-favorevoli\/"]}]},{"@type":"ImageObject","inLanguage":"fr-FR","@id":"https:\/\/www.bellunopress.it\/2021\/06\/22\/covid-lestate-ferma-il-virus-calano-i-ricoveri-e-le-terapie-intensive-i-dati-di-un-anno-fa-erano-ancora-piu-favorevoli\/#primaryimage","url":"https:\/\/www.bellunopress.it\/wp-content\/uploads\/2020\/02\/coronavirus.jpg","contentUrl":"https:\/\/www.bellunopress.it\/wp-content\/uploads\/2020\/02\/coronavirus.jpg","width":933,"height":675},{"@type":"BreadcrumbList","@id":"https:\/\/www.bellunopress.it\/2021\/06\/22\/covid-lestate-ferma-il-virus-calano-i-ricoveri-e-le-terapie-intensive-i-dati-di-un-anno-fa-erano-ancora-piu-favorevoli\/#breadcrumb","itemListElement":[{"@type":"ListItem","position":1,"name":"Home","item":"https:\/\/www.bellunopress.it\/"},{"@type":"ListItem","position":2,"name":"Covid, l\u2019estate ferma il virus. Calano i ricoveri e le terapie intensive. I dati di un anno fa erano ancora pi\u00f9 favorevoli"}]},{"@type":"WebSite","@id":"https:\/\/www.bellunopress.it\/#website","url":"https:\/\/www.bellunopress.it\/","name":"Bellunopress - Dolomiti","description":"e-mail: redazione@bellunopress.it","publisher":{"@id":"https:\/\/www.bellunopress.it\/#organization"},"potentialAction":[{"@type":"SearchAction","target":{"@type":"EntryPoint","urlTemplate":"https:\/\/www.bellunopress.it\/?s={search_term_string}"},"query-input":{"@type":"PropertyValueSpecification","valueRequired":true,"valueName":"search_term_string"}}],"inLanguage":"fr-FR"},{"@type":"Organization","@id":"https:\/\/www.bellunopress.it\/#organization","name":"Bellunopress","url":"https:\/\/www.bellunopress.it\/","logo":{"@type":"ImageObject","inLanguage":"fr-FR","@id":"https:\/\/www.bellunopress.it\/#\/schema\/logo\/image\/","url":"https:\/\/www.bellunopress.it\/wp-content\/uploads\/2011\/05\/cropped-logo-bellunopress-.jpg","contentUrl":"https:\/\/www.bellunopress.it\/wp-content\/uploads\/2011\/05\/cropped-logo-bellunopress-.jpg","width":512,"height":512,"caption":"Bellunopress"},"image":{"@id":"https:\/\/www.bellunopress.it\/#\/schema\/logo\/image\/"},"sameAs":["https:\/\/www.facebook.com\/profile.php?id=100008943462799","https:\/\/x.com\/bellunopress","https:\/\/www.linkedin.com\/hp\/?dnr=JBzUWaJfMUw8vbXJJ2tVW5-I3jZKvC4wsoxE&amp;amp;amp;amp;amp;amp;trk=nav_responsive_tab_home","https:\/\/www.youtube.com\/channel\/UCxL0wu1uN0_3_7hGG0306cw"]},{"@type":"Person","@id":"https:\/\/www.bellunopress.it\/#\/schema\/person\/79bb06722b37ece1c03d3e94beb30d73","name":"r\u00e9daction","image":{"@type":"ImageObject","inLanguage":"fr-FR","@id":"https:\/\/secure.gravatar.com\/avatar\/37d968a2e67a6fd04c169c4bdef102d0bc5d31b2546345219e348575eb80e9a0?s=96&d=mm&r=g","url":"https:\/\/secure.gravatar.com\/avatar\/37d968a2e67a6fd04c169c4bdef102d0bc5d31b2546345219e348575eb80e9a0?s=96&d=mm&r=g","contentUrl":"https:\/\/secure.gravatar.com\/avatar\/37d968a2e67a6fd04c169c4bdef102d0bc5d31b2546345219e348575eb80e9a0?s=96&d=mm&r=g","caption":"redazione"},"sameAs":["http:\/\/www.bellunopress.it","https:\/\/x.com\/bellunopress"],"url":"https:\/\/www.bellunopress.it\/fr\/author\/redazione\/"}]}},"_links":{"self":[{"href":"https:\/\/www.bellunopress.it\/fr\/wp-json\/wp\/v2\/posts\/125405","targetHints":{"allow":["GET"]}}],"collection":[{"href":"https:\/\/www.bellunopress.it\/fr\/wp-json\/wp\/v2\/posts"}],"about":[{"href":"https:\/\/www.bellunopress.it\/fr\/wp-json\/wp\/v2\/types\/post"}],"author":[{"embeddable":true,"href":"https:\/\/www.bellunopress.it\/fr\/wp-json\/wp\/v2\/users\/2"}],"replies":[{"embeddable":true,"href":"https:\/\/www.bellunopress.it\/fr\/wp-json\/wp\/v2\/comments?post=125405"}],"version-history":[{"count":4,"href":"https:\/\/www.bellunopress.it\/fr\/wp-json\/wp\/v2\/posts\/125405\/revisions"}],"predecessor-version":[{"id":125439,"href":"https:\/\/www.bellunopress.it\/fr\/wp-json\/wp\/v2\/posts\/125405\/revisions\/125439"}],"wp:featuredmedia":[{"embeddable":true,"href":"https:\/\/www.bellunopress.it\/fr\/wp-json\/wp\/v2\/media\/112307"}],"wp:attachment":[{"href":"https:\/\/www.bellunopress.it\/fr\/wp-json\/wp\/v2\/media?parent=125405"}],"wp:term":[{"taxonomy":"category","embeddable":true,"href":"https:\/\/www.bellunopress.it\/fr\/wp-json\/wp\/v2\/categories?post=125405"},{"taxonomy":"post_tag","embeddable":true,"href":"https:\/\/www.bellunopress.it\/fr\/wp-json\/wp\/v2\/tags?post=125405"}],"curies":[{"name":"wp","href":"https:\/\/api.w.org\/{rel}","templated":true}]}}