{"id":125401,"date":"2021-06-22T19:23:06","date_gmt":"2021-06-22T17:23:06","guid":{"rendered":"https:\/\/www.bellunopress.it\/?p=125401"},"modified":"2021-06-22T19:23:06","modified_gmt":"2021-06-22T17:23:06","slug":"mario-pozza-confermato-alla-presidenza-della-camera-di-commercio-i-complimenti-di-zaia","status":"publish","type":"post","link":"https:\/\/www.bellunopress.it\/fr\/2021\/06\/22\/mario-pozza-confermato-alla-presidenza-della-camera-di-commercio-i-complimenti-di-zaia\/","title":{"rendered":"Mario Pozza confermato alla presidenza della Camera di commercio. I complimenti di Zaia"},"content":{"rendered":"<figure id=\"attachment_98121\" aria-describedby=\"caption-attachment-98121\" style=\"width: 232px\" class=\"wp-caption alignleft\"><a href=\"https:\/\/www.bellunopress.it\/fr\/2018\/09\/21\/unioncamere-veneto-pozza-confermato-alla-presidenza-fino-al-2021\/mario-pozza-2\/\" rel=\"attachment wp-att-98121\"><img loading=\"lazy\" decoding=\"async\" class=\"size-full wp-image-98121\" src=\"https:\/\/www.bellunopress.it\/wp-content\/uploads\/2018\/09\/Mario-Pozza.jpg\" alt=\"\" width=\"232\" height=\"300\" \/><\/a><figcaption id=\"caption-attachment-98121\" class=\"wp-caption-text\">Mario Pozza<\/figcaption><\/figure>\n<p>Venezia, 22 giugno 2021 \u201cComplimenti e buon lavoro a Mario Pozza. La sfida di rilancio dell\u2019economia sui territori ha bisogno di uomini esperti e determinati come lui. Ovunque sia possibile collaborare, la Regione c\u2019\u00e8\u201d.<\/p>\n<p>Con queste parole, il Presidente della Regione Veneto, Luca Zaia, saluta la riconferma del Presidente della Camera di Commercio di Belluno-Treviso, avvenuta per acclamazione.<\/p>\n<p>\u201cTreviso e Belluno \u2013 pur con caratteristiche molto diverse \u2013 aggiunge Zaia \u2013 sono due locomotive dell\u2019economia regionale. In questo momento storico cos\u00ec difficile, la continuit\u00e0 era un fattore significativo. Averla voluta con la massima unit\u00e0 possibile, per acclamazione, \u00e8 la dimostrazione di una grande capacit\u00e0 di fare squadra. Una squadra \u2013 conclude Zaia \u2013 che, con un mister come Pozza, sapr\u00e0 andare lontano ed essere vincente\u201d.<\/p>","protected":false},"excerpt":{"rendered":"<p>Venezia, 22 giugno 2021 \u201cComplimenti e buon lavoro a Mario Pozza. La sfida di rilancio dell\u2019economia sui territori ha bisogno di uomini esperti e determinati come lui. Ovunque sia possibile collaborare, la Regione c\u2019\u00e8\u201d. Con queste parole, il Presidente della Regione Veneto, Luca Zaia, saluta la riconferma del Presidente della Camera di Commercio di Belluno-Treviso, [&hellip;]<\/p>\n","protected":false},"author":2,"featured_media":98121,"comment_status":"closed","ping_status":"open","sticky":false,"template":"","format":"standard","meta":{"footnotes":""},"categories":[36],"tags":[],"class_list":["post-125401","post","type-post","status-publish","format-standard","has-post-thumbnail","category-lavoro-economia"],"yoast_head":"<!-- This site is optimized with the Yoast SEO plugin v28.4 - https:\/\/yoast.com\/product\/yoast-seo-wordpress\/ -->\n<title>Mario Pozza confermato alla presidenza della Camera di commercio. I complimenti di Zaia - Bellunopress - Dolomiti<\/title>\n<meta name=\"robots\" content=\"index, follow, max-snippet:-1, max-image-preview:large, max-video-preview:-1\" \/>\n<link rel=\"canonical\" href=\"https:\/\/www.bellunopress.it\/fr\/2021\/06\/22\/mario-pozza-confermato-alla-presidenza-della-camera-di-commercio-i-complimenti-di-zaia\/\" \/>\n<meta property=\"og:locale\" content=\"fr_FR\" \/>\n<meta property=\"og:type\" content=\"article\" \/>\n<meta property=\"og:title\" content=\"Mario Pozza confermato alla presidenza della Camera di commercio. I complimenti di Zaia - Bellunopress - Dolomiti\" \/>\n<meta property=\"og:description\" content=\"Venezia, 22 giugno 2021 \u201cComplimenti e buon lavoro a Mario Pozza. La sfida di rilancio dell\u2019economia sui territori ha bisogno di uomini esperti e determinati come lui. Ovunque sia possibile collaborare, la Regione c\u2019\u00e8\u201d. Con queste parole, il Presidente della Regione Veneto, Luca Zaia, saluta la riconferma del Presidente della Camera di Commercio di Belluno-Treviso, [&hellip;]\" \/>\n<meta property=\"og:url\" content=\"https:\/\/www.bellunopress.it\/fr\/2021\/06\/22\/mario-pozza-confermato-alla-presidenza-della-camera-di-commercio-i-complimenti-di-zaia\/\" \/>\n<meta property=\"og:site_name\" content=\"Bellunopress - Dolomiti\" \/>\n<meta property=\"article:publisher\" content=\"https:\/\/www.facebook.com\/profile.php?id=100008943462799\" \/>\n<meta property=\"article:published_time\" content=\"2021-06-22T17:23:06+00:00\" \/>\n<meta property=\"og:image\" content=\"https:\/\/www.bellunopress.it\/wp-content\/uploads\/2018\/09\/Mario-Pozza.jpg\" \/>\n\t<meta property=\"og:image:width\" content=\"232\" \/>\n\t<meta property=\"og:image:height\" content=\"300\" \/>\n\t<meta property=\"og:image:type\" content=\"image\/jpeg\" \/>\n<meta name=\"author\" content=\"redazione\" \/>\n<meta name=\"twitter:card\" content=\"summary_large_image\" \/>\n<meta name=\"twitter:creator\" content=\"@bellunopress\" \/>\n<meta name=\"twitter:site\" content=\"@bellunopress\" \/>\n<meta name=\"twitter:label1\" content=\"\u00c9crit par\" \/>\n\t<meta name=\"twitter:data1\" content=\"redazione\" \/>\n\t<meta name=\"twitter:label2\" content=\"Dur\u00e9e de lecture estim\u00e9e\" \/>\n\t<meta name=\"twitter:data2\" content=\"1 minute\" \/>\n<script type=\"application\/ld+json\" class=\"yoast-schema-graph\">{\"@context\":\"https:\\\/\\\/schema.org\",\"@graph\":[{\"@type\":\"Article\",\"@id\":\"https:\\\/\\\/www.bellunopress.it\\\/2021\\\/06\\\/22\\\/mario-pozza-confermato-alla-presidenza-della-camera-di-commercio-i-complimenti-di-zaia\\\/#article\",\"isPartOf\":{\"@id\":\"https:\\\/\\\/www.bellunopress.it\\\/2021\\\/06\\\/22\\\/mario-pozza-confermato-alla-presidenza-della-camera-di-commercio-i-complimenti-di-zaia\\\/\"},\"author\":{\"name\":\"redazione\",\"@id\":\"https:\\\/\\\/www.bellunopress.it\\\/#\\\/schema\\\/person\\\/79bb06722b37ece1c03d3e94beb30d73\"},\"headline\":\"Mario Pozza confermato alla presidenza della Camera di commercio. I complimenti di Zaia\",\"datePublished\":\"2021-06-22T17:23:06+00:00\",\"mainEntityOfPage\":{\"@id\":\"https:\\\/\\\/www.bellunopress.it\\\/2021\\\/06\\\/22\\\/mario-pozza-confermato-alla-presidenza-della-camera-di-commercio-i-complimenti-di-zaia\\\/\"},\"wordCount\":141,\"publisher\":{\"@id\":\"https:\\\/\\\/www.bellunopress.it\\\/#organization\"},\"image\":{\"@id\":\"https:\\\/\\\/www.bellunopress.it\\\/2021\\\/06\\\/22\\\/mario-pozza-confermato-alla-presidenza-della-camera-di-commercio-i-complimenti-di-zaia\\\/#primaryimage\"},\"thumbnailUrl\":\"https:\\\/\\\/www.bellunopress.it\\\/wp-content\\\/uploads\\\/2018\\\/09\\\/Mario-Pozza.jpg\",\"articleSection\":[\"Lavoro, Economia, Turismo\"],\"inLanguage\":\"fr-FR\"},{\"@type\":\"WebPage\",\"@id\":\"https:\\\/\\\/www.bellunopress.it\\\/2021\\\/06\\\/22\\\/mario-pozza-confermato-alla-presidenza-della-camera-di-commercio-i-complimenti-di-zaia\\\/\",\"url\":\"https:\\\/\\\/www.bellunopress.it\\\/2021\\\/06\\\/22\\\/mario-pozza-confermato-alla-presidenza-della-camera-di-commercio-i-complimenti-di-zaia\\\/\",\"name\":\"Mario Pozza confermato alla presidenza della Camera di commercio. I complimenti di Zaia - Bellunopress - Dolomiti\",\"isPartOf\":{\"@id\":\"https:\\\/\\\/www.bellunopress.it\\\/#website\"},\"primaryImageOfPage\":{\"@id\":\"https:\\\/\\\/www.bellunopress.it\\\/2021\\\/06\\\/22\\\/mario-pozza-confermato-alla-presidenza-della-camera-di-commercio-i-complimenti-di-zaia\\\/#primaryimage\"},\"image\":{\"@id\":\"https:\\\/\\\/www.bellunopress.it\\\/2021\\\/06\\\/22\\\/mario-pozza-confermato-alla-presidenza-della-camera-di-commercio-i-complimenti-di-zaia\\\/#primaryimage\"},\"thumbnailUrl\":\"https:\\\/\\\/www.bellunopress.it\\\/wp-content\\\/uploads\\\/2018\\\/09\\\/Mario-Pozza.jpg\",\"datePublished\":\"2021-06-22T17:23:06+00:00\",\"breadcrumb\":{\"@id\":\"https:\\\/\\\/www.bellunopress.it\\\/2021\\\/06\\\/22\\\/mario-pozza-confermato-alla-presidenza-della-camera-di-commercio-i-complimenti-di-zaia\\\/#breadcrumb\"},\"inLanguage\":\"fr-FR\",\"potentialAction\":[{\"@type\":\"ReadAction\",\"target\":[\"https:\\\/\\\/www.bellunopress.it\\\/2021\\\/06\\\/22\\\/mario-pozza-confermato-alla-presidenza-della-camera-di-commercio-i-complimenti-di-zaia\\\/\"]}]},{\"@type\":\"ImageObject\",\"inLanguage\":\"fr-FR\",\"@id\":\"https:\\\/\\\/www.bellunopress.it\\\/2021\\\/06\\\/22\\\/mario-pozza-confermato-alla-presidenza-della-camera-di-commercio-i-complimenti-di-zaia\\\/#primaryimage\",\"url\":\"https:\\\/\\\/www.bellunopress.it\\\/wp-content\\\/uploads\\\/2018\\\/09\\\/Mario-Pozza.jpg\",\"contentUrl\":\"https:\\\/\\\/www.bellunopress.it\\\/wp-content\\\/uploads\\\/2018\\\/09\\\/Mario-Pozza.jpg\",\"width\":232,\"height\":300,\"caption\":\"Mario Pozza - Presidente Camera di Commercio Treviso\\\/Belluno\\\/Dolomiti\"},{\"@type\":\"BreadcrumbList\",\"@id\":\"https:\\\/\\\/www.bellunopress.it\\\/2021\\\/06\\\/22\\\/mario-pozza-confermato-alla-presidenza-della-camera-di-commercio-i-complimenti-di-zaia\\\/#breadcrumb\",\"itemListElement\":[{\"@type\":\"ListItem\",\"position\":1,\"name\":\"Home\",\"item\":\"https:\\\/\\\/www.bellunopress.it\\\/\"},{\"@type\":\"ListItem\",\"position\":2,\"name\":\"Mario Pozza confermato alla presidenza della Camera di commercio. I complimenti di Zaia\"}]},{\"@type\":\"WebSite\",\"@id\":\"https:\\\/\\\/www.bellunopress.it\\\/#website\",\"url\":\"https:\\\/\\\/www.bellunopress.it\\\/\",\"name\":\"Bellunopress - Dolomiti\",\"description\":\"e-mail: redazione@bellunopress.it\",\"publisher\":{\"@id\":\"https:\\\/\\\/www.bellunopress.it\\\/#organization\"},\"potentialAction\":[{\"@type\":\"SearchAction\",\"target\":{\"@type\":\"EntryPoint\",\"urlTemplate\":\"https:\\\/\\\/www.bellunopress.it\\\/?s={search_term_string}\"},\"query-input\":{\"@type\":\"PropertyValueSpecification\",\"valueRequired\":true,\"valueName\":\"search_term_string\"}}],\"inLanguage\":\"fr-FR\"},{\"@type\":\"Organization\",\"@id\":\"https:\\\/\\\/www.bellunopress.it\\\/#organization\",\"name\":\"Bellunopress\",\"url\":\"https:\\\/\\\/www.bellunopress.it\\\/\",\"logo\":{\"@type\":\"ImageObject\",\"inLanguage\":\"fr-FR\",\"@id\":\"https:\\\/\\\/www.bellunopress.it\\\/#\\\/schema\\\/logo\\\/image\\\/\",\"url\":\"https:\\\/\\\/www.bellunopress.it\\\/wp-content\\\/uploads\\\/2011\\\/05\\\/cropped-logo-bellunopress-.jpg\",\"contentUrl\":\"https:\\\/\\\/www.bellunopress.it\\\/wp-content\\\/uploads\\\/2011\\\/05\\\/cropped-logo-bellunopress-.jpg\",\"width\":512,\"height\":512,\"caption\":\"Bellunopress\"},\"image\":{\"@id\":\"https:\\\/\\\/www.bellunopress.it\\\/#\\\/schema\\\/logo\\\/image\\\/\"},\"sameAs\":[\"https:\\\/\\\/www.facebook.com\\\/profile.php?id=100008943462799\",\"https:\\\/\\\/x.com\\\/bellunopress\",\"https:\\\/\\\/www.linkedin.com\\\/hp\\\/?dnr=JBzUWaJfMUw8vbXJJ2tVW5-I3jZKvC4wsoxE&amp;amp;amp;amp;amp;amp;trk=nav_responsive_tab_home\",\"https:\\\/\\\/www.youtube.com\\\/channel\\\/UCxL0wu1uN0_3_7hGG0306cw\"]},{\"@type\":\"Person\",\"@id\":\"https:\\\/\\\/www.bellunopress.it\\\/#\\\/schema\\\/person\\\/79bb06722b37ece1c03d3e94beb30d73\",\"name\":\"redazione\",\"image\":{\"@type\":\"ImageObject\",\"inLanguage\":\"fr-FR\",\"@id\":\"https:\\\/\\\/secure.gravatar.com\\\/avatar\\\/37d968a2e67a6fd04c169c4bdef102d0bc5d31b2546345219e348575eb80e9a0?s=96&d=mm&r=g\",\"url\":\"https:\\\/\\\/secure.gravatar.com\\\/avatar\\\/37d968a2e67a6fd04c169c4bdef102d0bc5d31b2546345219e348575eb80e9a0?s=96&d=mm&r=g\",\"contentUrl\":\"https:\\\/\\\/secure.gravatar.com\\\/avatar\\\/37d968a2e67a6fd04c169c4bdef102d0bc5d31b2546345219e348575eb80e9a0?s=96&d=mm&r=g\",\"caption\":\"redazione\"},\"sameAs\":[\"http:\\\/\\\/www.bellunopress.it\",\"https:\\\/\\\/x.com\\\/bellunopress\"],\"url\":\"https:\\\/\\\/www.bellunopress.it\\\/fr\\\/author\\\/redazione\\\/\"}]}<\/script>\n<!-- \/ Yoast SEO plugin. -->","yoast_head_json":{"title":"Mario Pozza confermato alla presidenza della Camera di commercio. I complimenti di Zaia - Bellunopress - Dolomiti","robots":{"index":"index","follow":"follow","max-snippet":"max-snippet:-1","max-image-preview":"max-image-preview:large","max-video-preview":"max-video-preview:-1"},"canonical":"https:\/\/www.bellunopress.it\/fr\/2021\/06\/22\/mario-pozza-confermato-alla-presidenza-della-camera-di-commercio-i-complimenti-di-zaia\/","og_locale":"fr_FR","og_type":"article","og_title":"Mario Pozza confermato alla presidenza della Camera di commercio. I complimenti di Zaia - Bellunopress - Dolomiti","og_description":"Venezia, 22 giugno 2021 \u201cComplimenti e buon lavoro a Mario Pozza. La sfida di rilancio dell\u2019economia sui territori ha bisogno di uomini esperti e determinati come lui. Ovunque sia possibile collaborare, la Regione c\u2019\u00e8\u201d. Con queste parole, il Presidente della Regione Veneto, Luca Zaia, saluta la riconferma del Presidente della Camera di Commercio di Belluno-Treviso, [&hellip;]","og_url":"https:\/\/www.bellunopress.it\/fr\/2021\/06\/22\/mario-pozza-confermato-alla-presidenza-della-camera-di-commercio-i-complimenti-di-zaia\/","og_site_name":"Bellunopress - Dolomiti","article_publisher":"https:\/\/www.facebook.com\/profile.php?id=100008943462799","article_published_time":"2021-06-22T17:23:06+00:00","og_image":[{"width":232,"height":300,"url":"https:\/\/www.bellunopress.it\/wp-content\/uploads\/2018\/09\/Mario-Pozza.jpg","type":"image\/jpeg"}],"author":"redazione","twitter_card":"summary_large_image","twitter_creator":"@bellunopress","twitter_site":"@bellunopress","twitter_misc":{"\u00c9crit par":"redazione","Dur\u00e9e de lecture estim\u00e9e":"1 minute"},"schema":{"@context":"https:\/\/schema.org","@graph":[{"@type":"Article","@id":"https:\/\/www.bellunopress.it\/2021\/06\/22\/mario-pozza-confermato-alla-presidenza-della-camera-di-commercio-i-complimenti-di-zaia\/#article","isPartOf":{"@id":"https:\/\/www.bellunopress.it\/2021\/06\/22\/mario-pozza-confermato-alla-presidenza-della-camera-di-commercio-i-complimenti-di-zaia\/"},"author":{"name":"redazione","@id":"https:\/\/www.bellunopress.it\/#\/schema\/person\/79bb06722b37ece1c03d3e94beb30d73"},"headline":"Mario Pozza confermato alla presidenza della Camera di commercio. I complimenti di Zaia","datePublished":"2021-06-22T17:23:06+00:00","mainEntityOfPage":{"@id":"https:\/\/www.bellunopress.it\/2021\/06\/22\/mario-pozza-confermato-alla-presidenza-della-camera-di-commercio-i-complimenti-di-zaia\/"},"wordCount":141,"publisher":{"@id":"https:\/\/www.bellunopress.it\/#organization"},"image":{"@id":"https:\/\/www.bellunopress.it\/2021\/06\/22\/mario-pozza-confermato-alla-presidenza-della-camera-di-commercio-i-complimenti-di-zaia\/#primaryimage"},"thumbnailUrl":"https:\/\/www.bellunopress.it\/wp-content\/uploads\/2018\/09\/Mario-Pozza.jpg","articleSection":["Lavoro, Economia, Turismo"],"inLanguage":"fr-FR"},{"@type":"WebPage","@id":"https:\/\/www.bellunopress.it\/2021\/06\/22\/mario-pozza-confermato-alla-presidenza-della-camera-di-commercio-i-complimenti-di-zaia\/","url":"https:\/\/www.bellunopress.it\/2021\/06\/22\/mario-pozza-confermato-alla-presidenza-della-camera-di-commercio-i-complimenti-di-zaia\/","name":"Mario Pozza confermato alla presidenza della Camera di commercio. I complimenti di Zaia - Bellunopress - Dolomiti","isPartOf":{"@id":"https:\/\/www.bellunopress.it\/#website"},"primaryImageOfPage":{"@id":"https:\/\/www.bellunopress.it\/2021\/06\/22\/mario-pozza-confermato-alla-presidenza-della-camera-di-commercio-i-complimenti-di-zaia\/#primaryimage"},"image":{"@id":"https:\/\/www.bellunopress.it\/2021\/06\/22\/mario-pozza-confermato-alla-presidenza-della-camera-di-commercio-i-complimenti-di-zaia\/#primaryimage"},"thumbnailUrl":"https:\/\/www.bellunopress.it\/wp-content\/uploads\/2018\/09\/Mario-Pozza.jpg","datePublished":"2021-06-22T17:23:06+00:00","breadcrumb":{"@id":"https:\/\/www.bellunopress.it\/2021\/06\/22\/mario-pozza-confermato-alla-presidenza-della-camera-di-commercio-i-complimenti-di-zaia\/#breadcrumb"},"inLanguage":"fr-FR","potentialAction":[{"@type":"ReadAction","target":["https:\/\/www.bellunopress.it\/2021\/06\/22\/mario-pozza-confermato-alla-presidenza-della-camera-di-commercio-i-complimenti-di-zaia\/"]}]},{"@type":"ImageObject","inLanguage":"fr-FR","@id":"https:\/\/www.bellunopress.it\/2021\/06\/22\/mario-pozza-confermato-alla-presidenza-della-camera-di-commercio-i-complimenti-di-zaia\/#primaryimage","url":"https:\/\/www.bellunopress.it\/wp-content\/uploads\/2018\/09\/Mario-Pozza.jpg","contentUrl":"https:\/\/www.bellunopress.it\/wp-content\/uploads\/2018\/09\/Mario-Pozza.jpg","width":232,"height":300,"caption":"Mario Pozza - Presidente Camera di Commercio Treviso\/Belluno\/Dolomiti"},{"@type":"BreadcrumbList","@id":"https:\/\/www.bellunopress.it\/2021\/06\/22\/mario-pozza-confermato-alla-presidenza-della-camera-di-commercio-i-complimenti-di-zaia\/#breadcrumb","itemListElement":[{"@type":"ListItem","position":1,"name":"Home","item":"https:\/\/www.bellunopress.it\/"},{"@type":"ListItem","position":2,"name":"Mario Pozza confermato alla presidenza della Camera di commercio. I complimenti di Zaia"}]},{"@type":"WebSite","@id":"https:\/\/www.bellunopress.it\/#website","url":"https:\/\/www.bellunopress.it\/","name":"Bellunopress - Dolomiti","description":"e-mail: redazione@bellunopress.it","publisher":{"@id":"https:\/\/www.bellunopress.it\/#organization"},"potentialAction":[{"@type":"SearchAction","target":{"@type":"EntryPoint","urlTemplate":"https:\/\/www.bellunopress.it\/?s={search_term_string}"},"query-input":{"@type":"PropertyValueSpecification","valueRequired":true,"valueName":"search_term_string"}}],"inLanguage":"fr-FR"},{"@type":"Organization","@id":"https:\/\/www.bellunopress.it\/#organization","name":"Bellunopress","url":"https:\/\/www.bellunopress.it\/","logo":{"@type":"ImageObject","inLanguage":"fr-FR","@id":"https:\/\/www.bellunopress.it\/#\/schema\/logo\/image\/","url":"https:\/\/www.bellunopress.it\/wp-content\/uploads\/2011\/05\/cropped-logo-bellunopress-.jpg","contentUrl":"https:\/\/www.bellunopress.it\/wp-content\/uploads\/2011\/05\/cropped-logo-bellunopress-.jpg","width":512,"height":512,"caption":"Bellunopress"},"image":{"@id":"https:\/\/www.bellunopress.it\/#\/schema\/logo\/image\/"},"sameAs":["https:\/\/www.facebook.com\/profile.php?id=100008943462799","https:\/\/x.com\/bellunopress","https:\/\/www.linkedin.com\/hp\/?dnr=JBzUWaJfMUw8vbXJJ2tVW5-I3jZKvC4wsoxE&amp;amp;amp;amp;amp;amp;trk=nav_responsive_tab_home","https:\/\/www.youtube.com\/channel\/UCxL0wu1uN0_3_7hGG0306cw"]},{"@type":"Person","@id":"https:\/\/www.bellunopress.it\/#\/schema\/person\/79bb06722b37ece1c03d3e94beb30d73","name":"r\u00e9daction","image":{"@type":"ImageObject","inLanguage":"fr-FR","@id":"https:\/\/secure.gravatar.com\/avatar\/37d968a2e67a6fd04c169c4bdef102d0bc5d31b2546345219e348575eb80e9a0?s=96&d=mm&r=g","url":"https:\/\/secure.gravatar.com\/avatar\/37d968a2e67a6fd04c169c4bdef102d0bc5d31b2546345219e348575eb80e9a0?s=96&d=mm&r=g","contentUrl":"https:\/\/secure.gravatar.com\/avatar\/37d968a2e67a6fd04c169c4bdef102d0bc5d31b2546345219e348575eb80e9a0?s=96&d=mm&r=g","caption":"redazione"},"sameAs":["http:\/\/www.bellunopress.it","https:\/\/x.com\/bellunopress"],"url":"https:\/\/www.bellunopress.it\/fr\/author\/redazione\/"}]}},"_links":{"self":[{"href":"https:\/\/www.bellunopress.it\/fr\/wp-json\/wp\/v2\/posts\/125401","targetHints":{"allow":["GET"]}}],"collection":[{"href":"https:\/\/www.bellunopress.it\/fr\/wp-json\/wp\/v2\/posts"}],"about":[{"href":"https:\/\/www.bellunopress.it\/fr\/wp-json\/wp\/v2\/types\/post"}],"author":[{"embeddable":true,"href":"https:\/\/www.bellunopress.it\/fr\/wp-json\/wp\/v2\/users\/2"}],"replies":[{"embeddable":true,"href":"https:\/\/www.bellunopress.it\/fr\/wp-json\/wp\/v2\/comments?post=125401"}],"version-history":[{"count":1,"href":"https:\/\/www.bellunopress.it\/fr\/wp-json\/wp\/v2\/posts\/125401\/revisions"}],"predecessor-version":[{"id":125402,"href":"https:\/\/www.bellunopress.it\/fr\/wp-json\/wp\/v2\/posts\/125401\/revisions\/125402"}],"wp:featuredmedia":[{"embeddable":true,"href":"https:\/\/www.bellunopress.it\/fr\/wp-json\/wp\/v2\/media\/98121"}],"wp:attachment":[{"href":"https:\/\/www.bellunopress.it\/fr\/wp-json\/wp\/v2\/media?parent=125401"}],"wp:term":[{"taxonomy":"category","embeddable":true,"href":"https:\/\/www.bellunopress.it\/fr\/wp-json\/wp\/v2\/categories?post=125401"},{"taxonomy":"post_tag","embeddable":true,"href":"https:\/\/www.bellunopress.it\/fr\/wp-json\/wp\/v2\/tags?post=125401"}],"curies":[{"name":"wp","href":"https:\/\/api.w.org\/{rel}","templated":true}]}}