{"id":125397,"date":"2021-06-22T18:36:12","date_gmt":"2021-06-22T16:36:12","guid":{"rendered":"https:\/\/www.bellunopress.it\/?p=125397"},"modified":"2021-06-22T18:36:14","modified_gmt":"2021-06-22T16:36:14","slug":"feltre-mostra-dellartigianato-e-arrivata-la-gondola-simbolo-della-35ma-edizione","status":"publish","type":"post","link":"https:\/\/www.bellunopress.it\/fr\/2021\/06\/22\/feltre-mostra-dellartigianato-e-arrivata-la-gondola-simbolo-della-35ma-edizione\/","title":{"rendered":"Feltre, Mostra dell&#8217;Artigianato. E&#8217; arrivata la gondola, simbolo della 35ma edizione"},"content":{"rendered":"<p><strong><a href=\"https:\/\/www.bellunopress.it\/fr\/2021\/06\/22\/feltre-mostra-dellartigianato-e-arrivata-la-gondola-simbolo-della-35ma-edizione\/gondola-mostra-artigianato-feltre_edited\/\" rel=\"attachment wp-att-125398\"><img loading=\"lazy\" decoding=\"async\" class=\"alignleft size-full wp-image-125398\" src=\"https:\/\/www.bellunopress.it\/wp-content\/uploads\/2021\/06\/Gondola-Mostra-artigianato-Feltre_edited.jpg\" alt=\"\" width=\"800\" height=\"450\" srcset=\"https:\/\/www.bellunopress.it\/wp-content\/uploads\/2021\/06\/Gondola-Mostra-artigianato-Feltre_edited.jpg 800w, https:\/\/www.bellunopress.it\/wp-content\/uploads\/2021\/06\/Gondola-Mostra-artigianato-Feltre_edited-500x281.jpg 500w, https:\/\/www.bellunopress.it\/wp-content\/uploads\/2021\/06\/Gondola-Mostra-artigianato-Feltre_edited-696x392.jpg 696w, https:\/\/www.bellunopress.it\/wp-content\/uploads\/2021\/06\/Gondola-Mostra-artigianato-Feltre_edited-747x420.jpg 747w\" sizes=\"auto, (max-width: 800px) 100vw, 800px\" \/><\/a>Installata da questa sera in Piazza Maggiore. Numerosi gli eventi incentrati sul rapporto tra la citt\u00e0 murata e il capoluogo lagunare, nei 1600 anni dalla sua fondazione<\/strong><\/p>\n<p>Feltre, 22 giugno 2021 &#8211; E\u2019 lunga circa 11 metri e pesa quasi 700 chilogrammi. E\u2019 la gondola veneziana arrivata questo pomeriggio da Venezia a Feltre e che da questa sera trover\u00e0 posto in Piazza Maggiore. Con la sua imponente bellezza sar\u00e0 il simbolo, oltre che uno dei manufatti di maggior richiamo, di questa 35esima edizione della Mostra dell\u2019Artigianato Artistico e Tradizionale. E non poteva essere diversamente.<br \/>\nNell&#8217;anno in cui si celebra il milleseicentesimo anniversario dalla fondazione della citt\u00e0 di Venezia, anche la Mostra celebra il rapporto con la Serenissima attraverso una particolare installazione nel luogo simbolo della citt\u00e0 di Feltre che riflette sul rapporto tra la pianura e la montagna. L&#8217;installazione della gondola davanti alle fontane lombardesche rappresenter\u00e0 cos\u00ec plasticamente il tema della tratta del legno, punto cardine del rapporto tra il mondo dolomitico e quello lagunare. Oltre alla gondola, saranno presenti &#8211; grazie alla collaborazione con l&#8217;associazione veneziana \u201cEl Felze\u201d &#8211; diversi artigiani collegati a questo mondo straordinario. In particolare, un rem\u00e8r sar\u00e0 impegnato nella lavorazione di alcune forcole e di remi, un fravo forger\u00e0 pezzi della gondola e altro, un intagiador scolpir\u00e0 alcuni elementi tipici della cantieristica veneziana. Vi sar\u00e0 anche la presenza di un battiloro, l\u2019ultimo in Italia, che con il suo desco mostrer\u00e0 la confezione di libretti d\u2019oro battuti a mano con una tagiaoro addetta a taglio delle foglie e una doradora che le applicher\u00e0 ad alcuni prodotti.<br \/>\nUn progetto artigianale, artistico e culturale, frutto della collaborazione tra Comune di Feltre, Mostra dell&#8217;Artigianato e Fondazione Dolomiti Unesco, che sar\u00e0 arricchito da un intervento del noto giornalista e saggista Alessandro Marzo Magno, che sabato 26 alle 18 terr\u00e0 una conferenza proprio sul tema del rapporto tra pianura e montagna, legato alla tratta del legno.<br \/>\n\u201cNon potevamo immaginare un manufatto in grado di simboleggiare meglio della gondola il legame storico tra Feltre, e l\u2019area montana bellunese, con Venezia, in particolar modo in concomitanza con le celebrazioni per i 1600 anni dalla fondazione della citt\u00e0 lagunare\u201d, sottolinea il presidente della Mostra dell\u2019Artigianato Luciano Gesiot. \u201cIl legno, prosegue Gesiot, \u00e8 stato per secoli il trait d\u2019union principale tra le Dolomiti e il mare; un materiale nobile che \u00e8 da sempre protagonista della nostra rassegna e che in questa occasione, plasmato dalle sapienti mani dei maestri d\u2019ascia veneziani che vedremo all\u2019opera in Piazza Maggiore, si carica di ulteriori importanti significati. Siamo certi che questa sar\u00e0 una delle attrazioni su cui si polarizzer\u00e0 maggiormente l\u2019interesse di questa 35esima dedizione della Mostra dell\u2019Artigianato oramai alle porte\u201d, conclude il presidente.<\/p>","protected":false},"excerpt":{"rendered":"<p>Installata da questa sera in Piazza Maggiore. Numerosi gli eventi incentrati sul rapporto tra la citt\u00e0 murata e il capoluogo lagunare, nei 1600 anni dalla sua fondazione Feltre, 22 giugno 2021 &#8211; E\u2019 lunga circa 11 metri e pesa quasi 700 chilogrammi. E\u2019 la gondola veneziana arrivata questo pomeriggio da Venezia a Feltre e che [&hellip;]<\/p>\n","protected":false},"author":2,"featured_media":125398,"comment_status":"closed","ping_status":"open","sticky":false,"template":"","format":"standard","meta":{"footnotes":""},"categories":[27,3,25],"tags":[],"class_list":["post-125397","post","type-post","status-publish","format-standard","has-post-thumbnail","category-appuntamenti","category-arte-cultura-spettacoli-scienza-archivi","category-pausa-caffe"],"yoast_head":"<!-- This site is optimized with the Yoast SEO plugin v28.4 - https:\/\/yoast.com\/product\/yoast-seo-wordpress\/ -->\n<title>Feltre, Mostra dell&#039;Artigianato. E&#039; arrivata la gondola, simbolo della 35ma edizione - Bellunopress - Dolomiti<\/title>\n<meta name=\"robots\" content=\"index, follow, max-snippet:-1, max-image-preview:large, max-video-preview:-1\" \/>\n<link rel=\"canonical\" href=\"https:\/\/www.bellunopress.it\/fr\/2021\/06\/22\/feltre-mostra-dellartigianato-e-arrivata-la-gondola-simbolo-della-35ma-edizione\/\" \/>\n<meta property=\"og:locale\" content=\"fr_FR\" \/>\n<meta property=\"og:type\" content=\"article\" \/>\n<meta property=\"og:title\" content=\"Feltre, Mostra dell&#039;Artigianato. E&#039; arrivata la gondola, simbolo della 35ma edizione - Bellunopress - Dolomiti\" \/>\n<meta property=\"og:description\" content=\"Installata da questa sera in Piazza Maggiore. Numerosi gli eventi incentrati sul rapporto tra la citt\u00e0 murata e il capoluogo lagunare, nei 1600 anni dalla sua fondazione Feltre, 22 giugno 2021 &#8211; E\u2019 lunga circa 11 metri e pesa quasi 700 chilogrammi. E\u2019 la gondola veneziana arrivata questo pomeriggio da Venezia a Feltre e che [&hellip;]\" \/>\n<meta property=\"og:url\" content=\"https:\/\/www.bellunopress.it\/fr\/2021\/06\/22\/feltre-mostra-dellartigianato-e-arrivata-la-gondola-simbolo-della-35ma-edizione\/\" \/>\n<meta property=\"og:site_name\" content=\"Bellunopress - Dolomiti\" \/>\n<meta property=\"article:publisher\" content=\"https:\/\/www.facebook.com\/profile.php?id=100008943462799\" \/>\n<meta property=\"article:published_time\" content=\"2021-06-22T16:36:12+00:00\" \/>\n<meta property=\"article:modified_time\" content=\"2021-06-22T16:36:14+00:00\" \/>\n<meta property=\"og:image\" content=\"https:\/\/www.bellunopress.it\/wp-content\/uploads\/2021\/06\/Gondola-Mostra-artigianato-Feltre_edited.jpg\" \/>\n\t<meta property=\"og:image:width\" content=\"800\" \/>\n\t<meta property=\"og:image:height\" content=\"450\" \/>\n\t<meta property=\"og:image:type\" content=\"image\/jpeg\" \/>\n<meta name=\"author\" content=\"redazione\" \/>\n<meta name=\"twitter:card\" content=\"summary_large_image\" \/>\n<meta name=\"twitter:creator\" content=\"@bellunopress\" \/>\n<meta name=\"twitter:site\" content=\"@bellunopress\" \/>\n<meta name=\"twitter:label1\" content=\"\u00c9crit par\" \/>\n\t<meta name=\"twitter:data1\" content=\"redazione\" \/>\n\t<meta name=\"twitter:label2\" content=\"Dur\u00e9e de lecture estim\u00e9e\" \/>\n\t<meta name=\"twitter:data2\" content=\"3 minutes\" \/>\n<script type=\"application\/ld+json\" class=\"yoast-schema-graph\">{\"@context\":\"https:\\\/\\\/schema.org\",\"@graph\":[{\"@type\":\"Article\",\"@id\":\"https:\\\/\\\/www.bellunopress.it\\\/2021\\\/06\\\/22\\\/feltre-mostra-dellartigianato-e-arrivata-la-gondola-simbolo-della-35ma-edizione\\\/#article\",\"isPartOf\":{\"@id\":\"https:\\\/\\\/www.bellunopress.it\\\/2021\\\/06\\\/22\\\/feltre-mostra-dellartigianato-e-arrivata-la-gondola-simbolo-della-35ma-edizione\\\/\"},\"author\":{\"name\":\"redazione\",\"@id\":\"https:\\\/\\\/www.bellunopress.it\\\/#\\\/schema\\\/person\\\/79bb06722b37ece1c03d3e94beb30d73\"},\"headline\":\"Feltre, Mostra dell&#8217;Artigianato. E&#8217; arrivata la gondola, simbolo della 35ma edizione\",\"datePublished\":\"2021-06-22T16:36:12+00:00\",\"dateModified\":\"2021-06-22T16:36:14+00:00\",\"mainEntityOfPage\":{\"@id\":\"https:\\\/\\\/www.bellunopress.it\\\/2021\\\/06\\\/22\\\/feltre-mostra-dellartigianato-e-arrivata-la-gondola-simbolo-della-35ma-edizione\\\/\"},\"wordCount\":461,\"publisher\":{\"@id\":\"https:\\\/\\\/www.bellunopress.it\\\/#organization\"},\"image\":{\"@id\":\"https:\\\/\\\/www.bellunopress.it\\\/2021\\\/06\\\/22\\\/feltre-mostra-dellartigianato-e-arrivata-la-gondola-simbolo-della-35ma-edizione\\\/#primaryimage\"},\"thumbnailUrl\":\"https:\\\/\\\/www.bellunopress.it\\\/wp-content\\\/uploads\\\/2021\\\/06\\\/Gondola-Mostra-artigianato-Feltre_edited.jpg\",\"articleSection\":[\"Appuntamenti, Eventi\",\"Arte, Cultura, Spettacoli, Scienza\",\"Pausa Caff\u00e8\"],\"inLanguage\":\"fr-FR\"},{\"@type\":\"WebPage\",\"@id\":\"https:\\\/\\\/www.bellunopress.it\\\/2021\\\/06\\\/22\\\/feltre-mostra-dellartigianato-e-arrivata-la-gondola-simbolo-della-35ma-edizione\\\/\",\"url\":\"https:\\\/\\\/www.bellunopress.it\\\/2021\\\/06\\\/22\\\/feltre-mostra-dellartigianato-e-arrivata-la-gondola-simbolo-della-35ma-edizione\\\/\",\"name\":\"Feltre, Mostra dell'Artigianato. E' arrivata la gondola, simbolo della 35ma edizione - Bellunopress - Dolomiti\",\"isPartOf\":{\"@id\":\"https:\\\/\\\/www.bellunopress.it\\\/#website\"},\"primaryImageOfPage\":{\"@id\":\"https:\\\/\\\/www.bellunopress.it\\\/2021\\\/06\\\/22\\\/feltre-mostra-dellartigianato-e-arrivata-la-gondola-simbolo-della-35ma-edizione\\\/#primaryimage\"},\"image\":{\"@id\":\"https:\\\/\\\/www.bellunopress.it\\\/2021\\\/06\\\/22\\\/feltre-mostra-dellartigianato-e-arrivata-la-gondola-simbolo-della-35ma-edizione\\\/#primaryimage\"},\"thumbnailUrl\":\"https:\\\/\\\/www.bellunopress.it\\\/wp-content\\\/uploads\\\/2021\\\/06\\\/Gondola-Mostra-artigianato-Feltre_edited.jpg\",\"datePublished\":\"2021-06-22T16:36:12+00:00\",\"dateModified\":\"2021-06-22T16:36:14+00:00\",\"breadcrumb\":{\"@id\":\"https:\\\/\\\/www.bellunopress.it\\\/2021\\\/06\\\/22\\\/feltre-mostra-dellartigianato-e-arrivata-la-gondola-simbolo-della-35ma-edizione\\\/#breadcrumb\"},\"inLanguage\":\"fr-FR\",\"potentialAction\":[{\"@type\":\"ReadAction\",\"target\":[\"https:\\\/\\\/www.bellunopress.it\\\/2021\\\/06\\\/22\\\/feltre-mostra-dellartigianato-e-arrivata-la-gondola-simbolo-della-35ma-edizione\\\/\"]}]},{\"@type\":\"ImageObject\",\"inLanguage\":\"fr-FR\",\"@id\":\"https:\\\/\\\/www.bellunopress.it\\\/2021\\\/06\\\/22\\\/feltre-mostra-dellartigianato-e-arrivata-la-gondola-simbolo-della-35ma-edizione\\\/#primaryimage\",\"url\":\"https:\\\/\\\/www.bellunopress.it\\\/wp-content\\\/uploads\\\/2021\\\/06\\\/Gondola-Mostra-artigianato-Feltre_edited.jpg\",\"contentUrl\":\"https:\\\/\\\/www.bellunopress.it\\\/wp-content\\\/uploads\\\/2021\\\/06\\\/Gondola-Mostra-artigianato-Feltre_edited.jpg\",\"width\":800,\"height\":450},{\"@type\":\"BreadcrumbList\",\"@id\":\"https:\\\/\\\/www.bellunopress.it\\\/2021\\\/06\\\/22\\\/feltre-mostra-dellartigianato-e-arrivata-la-gondola-simbolo-della-35ma-edizione\\\/#breadcrumb\",\"itemListElement\":[{\"@type\":\"ListItem\",\"position\":1,\"name\":\"Home\",\"item\":\"https:\\\/\\\/www.bellunopress.it\\\/\"},{\"@type\":\"ListItem\",\"position\":2,\"name\":\"Feltre, Mostra dell&#8217;Artigianato. E&#8217; arrivata la gondola, simbolo della 35ma edizione\"}]},{\"@type\":\"WebSite\",\"@id\":\"https:\\\/\\\/www.bellunopress.it\\\/#website\",\"url\":\"https:\\\/\\\/www.bellunopress.it\\\/\",\"name\":\"Bellunopress - Dolomiti\",\"description\":\"e-mail: redazione@bellunopress.it\",\"publisher\":{\"@id\":\"https:\\\/\\\/www.bellunopress.it\\\/#organization\"},\"potentialAction\":[{\"@type\":\"SearchAction\",\"target\":{\"@type\":\"EntryPoint\",\"urlTemplate\":\"https:\\\/\\\/www.bellunopress.it\\\/?s={search_term_string}\"},\"query-input\":{\"@type\":\"PropertyValueSpecification\",\"valueRequired\":true,\"valueName\":\"search_term_string\"}}],\"inLanguage\":\"fr-FR\"},{\"@type\":\"Organization\",\"@id\":\"https:\\\/\\\/www.bellunopress.it\\\/#organization\",\"name\":\"Bellunopress\",\"url\":\"https:\\\/\\\/www.bellunopress.it\\\/\",\"logo\":{\"@type\":\"ImageObject\",\"inLanguage\":\"fr-FR\",\"@id\":\"https:\\\/\\\/www.bellunopress.it\\\/#\\\/schema\\\/logo\\\/image\\\/\",\"url\":\"https:\\\/\\\/www.bellunopress.it\\\/wp-content\\\/uploads\\\/2011\\\/05\\\/cropped-logo-bellunopress-.jpg\",\"contentUrl\":\"https:\\\/\\\/www.bellunopress.it\\\/wp-content\\\/uploads\\\/2011\\\/05\\\/cropped-logo-bellunopress-.jpg\",\"width\":512,\"height\":512,\"caption\":\"Bellunopress\"},\"image\":{\"@id\":\"https:\\\/\\\/www.bellunopress.it\\\/#\\\/schema\\\/logo\\\/image\\\/\"},\"sameAs\":[\"https:\\\/\\\/www.facebook.com\\\/profile.php?id=100008943462799\",\"https:\\\/\\\/x.com\\\/bellunopress\",\"https:\\\/\\\/www.linkedin.com\\\/hp\\\/?dnr=JBzUWaJfMUw8vbXJJ2tVW5-I3jZKvC4wsoxE&amp;amp;amp;amp;amp;amp;trk=nav_responsive_tab_home\",\"https:\\\/\\\/www.youtube.com\\\/channel\\\/UCxL0wu1uN0_3_7hGG0306cw\"]},{\"@type\":\"Person\",\"@id\":\"https:\\\/\\\/www.bellunopress.it\\\/#\\\/schema\\\/person\\\/79bb06722b37ece1c03d3e94beb30d73\",\"name\":\"redazione\",\"image\":{\"@type\":\"ImageObject\",\"inLanguage\":\"fr-FR\",\"@id\":\"https:\\\/\\\/secure.gravatar.com\\\/avatar\\\/37d968a2e67a6fd04c169c4bdef102d0bc5d31b2546345219e348575eb80e9a0?s=96&d=mm&r=g\",\"url\":\"https:\\\/\\\/secure.gravatar.com\\\/avatar\\\/37d968a2e67a6fd04c169c4bdef102d0bc5d31b2546345219e348575eb80e9a0?s=96&d=mm&r=g\",\"contentUrl\":\"https:\\\/\\\/secure.gravatar.com\\\/avatar\\\/37d968a2e67a6fd04c169c4bdef102d0bc5d31b2546345219e348575eb80e9a0?s=96&d=mm&r=g\",\"caption\":\"redazione\"},\"sameAs\":[\"http:\\\/\\\/www.bellunopress.it\",\"https:\\\/\\\/x.com\\\/bellunopress\"],\"url\":\"https:\\\/\\\/www.bellunopress.it\\\/fr\\\/author\\\/redazione\\\/\"}]}<\/script>\n<!-- \/ Yoast SEO plugin. -->","yoast_head_json":{"title":"Feltre, Mostra dell'Artigianato. E' arrivata la gondola, simbolo della 35ma edizione - Bellunopress - Dolomiti","robots":{"index":"index","follow":"follow","max-snippet":"max-snippet:-1","max-image-preview":"max-image-preview:large","max-video-preview":"max-video-preview:-1"},"canonical":"https:\/\/www.bellunopress.it\/fr\/2021\/06\/22\/feltre-mostra-dellartigianato-e-arrivata-la-gondola-simbolo-della-35ma-edizione\/","og_locale":"fr_FR","og_type":"article","og_title":"Feltre, Mostra dell'Artigianato. E' arrivata la gondola, simbolo della 35ma edizione - Bellunopress - Dolomiti","og_description":"Installata da questa sera in Piazza Maggiore. Numerosi gli eventi incentrati sul rapporto tra la citt\u00e0 murata e il capoluogo lagunare, nei 1600 anni dalla sua fondazione Feltre, 22 giugno 2021 &#8211; E\u2019 lunga circa 11 metri e pesa quasi 700 chilogrammi. E\u2019 la gondola veneziana arrivata questo pomeriggio da Venezia a Feltre e che [&hellip;]","og_url":"https:\/\/www.bellunopress.it\/fr\/2021\/06\/22\/feltre-mostra-dellartigianato-e-arrivata-la-gondola-simbolo-della-35ma-edizione\/","og_site_name":"Bellunopress - Dolomiti","article_publisher":"https:\/\/www.facebook.com\/profile.php?id=100008943462799","article_published_time":"2021-06-22T16:36:12+00:00","article_modified_time":"2021-06-22T16:36:14+00:00","og_image":[{"width":800,"height":450,"url":"https:\/\/www.bellunopress.it\/wp-content\/uploads\/2021\/06\/Gondola-Mostra-artigianato-Feltre_edited.jpg","type":"image\/jpeg"}],"author":"redazione","twitter_card":"summary_large_image","twitter_creator":"@bellunopress","twitter_site":"@bellunopress","twitter_misc":{"\u00c9crit par":"redazione","Dur\u00e9e de lecture estim\u00e9e":"3 minutes"},"schema":{"@context":"https:\/\/schema.org","@graph":[{"@type":"Article","@id":"https:\/\/www.bellunopress.it\/2021\/06\/22\/feltre-mostra-dellartigianato-e-arrivata-la-gondola-simbolo-della-35ma-edizione\/#article","isPartOf":{"@id":"https:\/\/www.bellunopress.it\/2021\/06\/22\/feltre-mostra-dellartigianato-e-arrivata-la-gondola-simbolo-della-35ma-edizione\/"},"author":{"name":"redazione","@id":"https:\/\/www.bellunopress.it\/#\/schema\/person\/79bb06722b37ece1c03d3e94beb30d73"},"headline":"Feltre, Mostra dell&#8217;Artigianato. E&#8217; arrivata la gondola, simbolo della 35ma edizione","datePublished":"2021-06-22T16:36:12+00:00","dateModified":"2021-06-22T16:36:14+00:00","mainEntityOfPage":{"@id":"https:\/\/www.bellunopress.it\/2021\/06\/22\/feltre-mostra-dellartigianato-e-arrivata-la-gondola-simbolo-della-35ma-edizione\/"},"wordCount":461,"publisher":{"@id":"https:\/\/www.bellunopress.it\/#organization"},"image":{"@id":"https:\/\/www.bellunopress.it\/2021\/06\/22\/feltre-mostra-dellartigianato-e-arrivata-la-gondola-simbolo-della-35ma-edizione\/#primaryimage"},"thumbnailUrl":"https:\/\/www.bellunopress.it\/wp-content\/uploads\/2021\/06\/Gondola-Mostra-artigianato-Feltre_edited.jpg","articleSection":["Appuntamenti, Eventi","Arte, Cultura, Spettacoli, Scienza","Pausa Caff\u00e8"],"inLanguage":"fr-FR"},{"@type":"WebPage","@id":"https:\/\/www.bellunopress.it\/2021\/06\/22\/feltre-mostra-dellartigianato-e-arrivata-la-gondola-simbolo-della-35ma-edizione\/","url":"https:\/\/www.bellunopress.it\/2021\/06\/22\/feltre-mostra-dellartigianato-e-arrivata-la-gondola-simbolo-della-35ma-edizione\/","name":"Feltre, Mostra dell'Artigianato. E' arrivata la gondola, simbolo della 35ma edizione - Bellunopress - Dolomiti","isPartOf":{"@id":"https:\/\/www.bellunopress.it\/#website"},"primaryImageOfPage":{"@id":"https:\/\/www.bellunopress.it\/2021\/06\/22\/feltre-mostra-dellartigianato-e-arrivata-la-gondola-simbolo-della-35ma-edizione\/#primaryimage"},"image":{"@id":"https:\/\/www.bellunopress.it\/2021\/06\/22\/feltre-mostra-dellartigianato-e-arrivata-la-gondola-simbolo-della-35ma-edizione\/#primaryimage"},"thumbnailUrl":"https:\/\/www.bellunopress.it\/wp-content\/uploads\/2021\/06\/Gondola-Mostra-artigianato-Feltre_edited.jpg","datePublished":"2021-06-22T16:36:12+00:00","dateModified":"2021-06-22T16:36:14+00:00","breadcrumb":{"@id":"https:\/\/www.bellunopress.it\/2021\/06\/22\/feltre-mostra-dellartigianato-e-arrivata-la-gondola-simbolo-della-35ma-edizione\/#breadcrumb"},"inLanguage":"fr-FR","potentialAction":[{"@type":"ReadAction","target":["https:\/\/www.bellunopress.it\/2021\/06\/22\/feltre-mostra-dellartigianato-e-arrivata-la-gondola-simbolo-della-35ma-edizione\/"]}]},{"@type":"ImageObject","inLanguage":"fr-FR","@id":"https:\/\/www.bellunopress.it\/2021\/06\/22\/feltre-mostra-dellartigianato-e-arrivata-la-gondola-simbolo-della-35ma-edizione\/#primaryimage","url":"https:\/\/www.bellunopress.it\/wp-content\/uploads\/2021\/06\/Gondola-Mostra-artigianato-Feltre_edited.jpg","contentUrl":"https:\/\/www.bellunopress.it\/wp-content\/uploads\/2021\/06\/Gondola-Mostra-artigianato-Feltre_edited.jpg","width":800,"height":450},{"@type":"BreadcrumbList","@id":"https:\/\/www.bellunopress.it\/2021\/06\/22\/feltre-mostra-dellartigianato-e-arrivata-la-gondola-simbolo-della-35ma-edizione\/#breadcrumb","itemListElement":[{"@type":"ListItem","position":1,"name":"Home","item":"https:\/\/www.bellunopress.it\/"},{"@type":"ListItem","position":2,"name":"Feltre, Mostra dell&#8217;Artigianato. E&#8217; arrivata la gondola, simbolo della 35ma edizione"}]},{"@type":"WebSite","@id":"https:\/\/www.bellunopress.it\/#website","url":"https:\/\/www.bellunopress.it\/","name":"Bellunopress - Dolomiti","description":"e-mail: redazione@bellunopress.it","publisher":{"@id":"https:\/\/www.bellunopress.it\/#organization"},"potentialAction":[{"@type":"SearchAction","target":{"@type":"EntryPoint","urlTemplate":"https:\/\/www.bellunopress.it\/?s={search_term_string}"},"query-input":{"@type":"PropertyValueSpecification","valueRequired":true,"valueName":"search_term_string"}}],"inLanguage":"fr-FR"},{"@type":"Organization","@id":"https:\/\/www.bellunopress.it\/#organization","name":"Bellunopress","url":"https:\/\/www.bellunopress.it\/","logo":{"@type":"ImageObject","inLanguage":"fr-FR","@id":"https:\/\/www.bellunopress.it\/#\/schema\/logo\/image\/","url":"https:\/\/www.bellunopress.it\/wp-content\/uploads\/2011\/05\/cropped-logo-bellunopress-.jpg","contentUrl":"https:\/\/www.bellunopress.it\/wp-content\/uploads\/2011\/05\/cropped-logo-bellunopress-.jpg","width":512,"height":512,"caption":"Bellunopress"},"image":{"@id":"https:\/\/www.bellunopress.it\/#\/schema\/logo\/image\/"},"sameAs":["https:\/\/www.facebook.com\/profile.php?id=100008943462799","https:\/\/x.com\/bellunopress","https:\/\/www.linkedin.com\/hp\/?dnr=JBzUWaJfMUw8vbXJJ2tVW5-I3jZKvC4wsoxE&amp;amp;amp;amp;amp;amp;trk=nav_responsive_tab_home","https:\/\/www.youtube.com\/channel\/UCxL0wu1uN0_3_7hGG0306cw"]},{"@type":"Person","@id":"https:\/\/www.bellunopress.it\/#\/schema\/person\/79bb06722b37ece1c03d3e94beb30d73","name":"r\u00e9daction","image":{"@type":"ImageObject","inLanguage":"fr-FR","@id":"https:\/\/secure.gravatar.com\/avatar\/37d968a2e67a6fd04c169c4bdef102d0bc5d31b2546345219e348575eb80e9a0?s=96&d=mm&r=g","url":"https:\/\/secure.gravatar.com\/avatar\/37d968a2e67a6fd04c169c4bdef102d0bc5d31b2546345219e348575eb80e9a0?s=96&d=mm&r=g","contentUrl":"https:\/\/secure.gravatar.com\/avatar\/37d968a2e67a6fd04c169c4bdef102d0bc5d31b2546345219e348575eb80e9a0?s=96&d=mm&r=g","caption":"redazione"},"sameAs":["http:\/\/www.bellunopress.it","https:\/\/x.com\/bellunopress"],"url":"https:\/\/www.bellunopress.it\/fr\/author\/redazione\/"}]}},"_links":{"self":[{"href":"https:\/\/www.bellunopress.it\/fr\/wp-json\/wp\/v2\/posts\/125397","targetHints":{"allow":["GET"]}}],"collection":[{"href":"https:\/\/www.bellunopress.it\/fr\/wp-json\/wp\/v2\/posts"}],"about":[{"href":"https:\/\/www.bellunopress.it\/fr\/wp-json\/wp\/v2\/types\/post"}],"author":[{"embeddable":true,"href":"https:\/\/www.bellunopress.it\/fr\/wp-json\/wp\/v2\/users\/2"}],"replies":[{"embeddable":true,"href":"https:\/\/www.bellunopress.it\/fr\/wp-json\/wp\/v2\/comments?post=125397"}],"version-history":[{"count":2,"href":"https:\/\/www.bellunopress.it\/fr\/wp-json\/wp\/v2\/posts\/125397\/revisions"}],"predecessor-version":[{"id":125400,"href":"https:\/\/www.bellunopress.it\/fr\/wp-json\/wp\/v2\/posts\/125397\/revisions\/125400"}],"wp:featuredmedia":[{"embeddable":true,"href":"https:\/\/www.bellunopress.it\/fr\/wp-json\/wp\/v2\/media\/125398"}],"wp:attachment":[{"href":"https:\/\/www.bellunopress.it\/fr\/wp-json\/wp\/v2\/media?parent=125397"}],"wp:term":[{"taxonomy":"category","embeddable":true,"href":"https:\/\/www.bellunopress.it\/fr\/wp-json\/wp\/v2\/categories?post=125397"},{"taxonomy":"post_tag","embeddable":true,"href":"https:\/\/www.bellunopress.it\/fr\/wp-json\/wp\/v2\/tags?post=125397"}],"curies":[{"name":"wp","href":"https:\/\/api.w.org\/{rel}","templated":true}]}}