{"id":125306,"date":"2021-06-18T14:08:05","date_gmt":"2021-06-18T12:08:05","guid":{"rendered":"https:\/\/www.bellunopress.it\/?p=125306"},"modified":"2021-06-18T14:08:05","modified_gmt":"2021-06-18T12:08:05","slug":"test-antigenici-rapidi-nelle-farmacie-territoriali-dellulss-1-dolomiti-ecco-lelenco-delle-farmacie-aderenti","status":"publish","type":"post","link":"https:\/\/www.bellunopress.it\/fr\/2021\/06\/18\/test-antigenici-rapidi-nelle-farmacie-territoriali-dellulss-1-dolomiti-ecco-lelenco-delle-farmacie-aderenti\/","title":{"rendered":"Test antigenici rapidi nelle farmacie territoriali dell\u2019Ulss 1 Dolomiti. Ecco l&#8217;elenco delle farmacie aderenti\u00a0"},"content":{"rendered":"<p><a href=\"https:\/\/www.bellunopress.it\/fr\/2020\/03\/18\/distribuzione-mascherine-le-farmacie-rurali-ditalia-fanno-appello-a-conte\/farmacia-3\/\" rel=\"attachment wp-att-113113\"><img loading=\"lazy\" decoding=\"async\" class=\"alignleft size-full wp-image-113113\" src=\"https:\/\/www.bellunopress.it\/wp-content\/uploads\/2020\/03\/farmacia.jpg\" alt=\"\" width=\"703\" height=\"543\" srcset=\"https:\/\/www.bellunopress.it\/wp-content\/uploads\/2020\/03\/farmacia.jpg 703w, https:\/\/www.bellunopress.it\/wp-content\/uploads\/2020\/03\/farmacia-500x386.jpg 500w, https:\/\/www.bellunopress.it\/wp-content\/uploads\/2020\/03\/farmacia-696x538.jpg 696w, https:\/\/www.bellunopress.it\/wp-content\/uploads\/2020\/03\/farmacia-544x420.jpg 544w\" sizes=\"auto, (max-width: 703px) 100vw, 703px\" \/><\/a>Le Farmacie territoriali afferenti all\u2019Azienda Ulss 1 Dolomiti da tempo svolgono attivit\u00e0 a supporto per la gestione della pandemia da Sars-Cov 2.<br \/>\nCon l\u2019avvio della stagione turistica si segnala che le Farmacie che ad oggi hanno aderito al Protocollo di Intesa per l&#8217;esecuzione del test antigenico rapido in farmacia sono riportate nell\u2019elenco che segue, divise per area geografica:<\/p>\n<p><strong>BELLUNO CITTA&#8217;:<\/strong><br \/>\n\u2022 FARMACIE CHIMENTI snc<br \/>\nViale Giovanni Paolo I, 43 \u2013 Belluno &#8211; Telefono: 0437 930184<br \/>\n\u2022 FARMACIA VENEGGIA snc<br \/>\nVia degli Agricoltori 7 &#8211; Belluno &#8211; Telefono: 0437 381325<\/p>\n<p><strong>CORTINA D&#8217;AMPEZZO:<\/strong><br \/>\n\u2022 FARMACIA SAN GIORGIO srl<br \/>\nCorso Italia, 25 \u2013 Cortina d\u2019Ampezzo &#8211; Telefono: 0436 2609<br \/>\n\u2022 FARMACIA INTERNAZIONALE srl<br \/>\nCorso Italia n. 151 \u2013 Cortina d\u2019Ampezzo &#8211; Telefono: 0436 2223<\/p>\n<p><strong>FELTRE:<\/strong><br \/>\n\u2022 AZIENDA FELTRINA SERVIZI ALLA PERSONA \u2013 Farmacia Comunale \u201call\u2019Ospedale\u201d<br \/>\nVia Negrelli, 7 \u2013 Feltre &#8211; Telefono: 0439 396162<br \/>\n\u2022 FARMACIA MINCIOTTI<br \/>\nVia XXXI Ottobre 17\/19 &#8211; Feltre &#8211; Telefono: 0439 840695<\/p>\n<p><strong>BELLUNESE\/ALPAGO:<\/strong><br \/>\n\u2022 FARMACIA PHARMA FUTURE srl<br \/>\nViale Europa, 9 &#8211; Farra d\u2019Alpago &#8211; Telefono: 0437 4276<br \/>\n\u2022 FARMACIA SMERIERI snc<br \/>\nVia Roma, 23 \u2013 Limana &#8211; Telefono: 0437 967433<\/p>\n<p><strong>FELTRINO:<\/strong><br \/>\n\u2022 DOLOMITI sas<br \/>\nVia Frontin, 2\/A \u2013 Borgo Valbelluna (Trichiana) &#8211; Telefono: 0437 554440<br \/>\n\u2022 FARMACIA DR. ARRIGONI DOMINGO<br \/>\nVia De Gasperi, 10 \u2013 Sedico &#8211; Telefono: 0437 852009<br \/>\n\u2022 FARMACIA MAZZOCCATO DR.SSA GIULIA<br \/>\nVia Marconi 19\/1 \u2013 Seren del Grappa &#8211; Telefono: 0439 44024<br \/>\n\u2022 FARMACIA AL CASTELLO sas<br \/>\nVia Fabris n. 1 &#8211; Borgo Valbelluna (loc. Villa di Villa di Mel) \u2013 tel. 0437 748053<\/p>\n<p><strong>CADORE:<\/strong><br \/>\n\u2022 FARMACIA SORAVIA<br \/>\nVia XX Settembre n. 77 &#8211; Valle di Cadore &#8211; Telefono: 0435 51970<br \/>\n\u2022 ENTE COOP. DI MUTUO SOCCORSO<br \/>\nVia Roma 19 &#8211; Auronzo di Cadore &#8211; Telefono: 0435 9281<br \/>\n\u2022 DOLOMITI sas<br \/>\nVia Roma, 1 \u2013 Lozzo di Cadore &#8211; Telefono: 0435 76052<\/p>\n<p>L\u2019iniziativa \u00e8 rivolta ai cittadini (che non sono a conoscenza di essere stati esposti a soggetti risultati positivi a SARS CoV-2) che, a titolo totalmente volontario, intendono sottoporsi all\u2019effettuazione del test antigenico rapido, senza necessit\u00e0 di presentare ricetta medica e a proprio carico.<br \/>\nIl costo della prestazione non pu\u00f2 superare l\u2019importo di \u20ac 22,00.<\/p>\n<p>Rimangono invariate le modalit\u00e0 di esecuzione dei tamponi presso i siti individuati dalla ULSS 1 Dolomiti, su prescrizione del Medico di Medicina Generale o Pediatra di Libera Scelta o su invito del Dipartimento di Prevenzione dell\u2019ULSS.<\/p>\n<p>Dal 7 giugno le farmacie territoriali effettuano tamponi anche a favore di cittadini italiani non assistiti in Veneto e di cittadini stranieri.<\/p>\n<p>Le farmacie, effettuato il tampone antigenico, rilasciano il relativo certificato.<\/p>\n<p>&nbsp;<\/p>\n<p>&nbsp;<\/p>","protected":false},"excerpt":{"rendered":"<p>Le Farmacie territoriali afferenti all\u2019Azienda Ulss 1 Dolomiti da tempo svolgono attivit\u00e0 a supporto per la gestione della pandemia da Sars-Cov 2. Con l\u2019avvio della stagione turistica si segnala che le Farmacie che ad oggi hanno aderito al Protocollo di Intesa per l&#8217;esecuzione del test antigenico rapido in farmacia sono riportate nell\u2019elenco che segue, divise [&hellip;]<\/p>\n","protected":false},"author":2,"featured_media":113113,"comment_status":"closed","ping_status":"open","sticky":false,"template":"","format":"standard","meta":{"footnotes":""},"categories":[26,17,8],"tags":[],"class_list":["post-125306","post","type-post","status-publish","format-standard","has-post-thumbnail","category-prima-pagina","category-sanita","category-societa-istituzioni"],"yoast_head":"<!-- This site is optimized with the Yoast SEO plugin v28.4 - https:\/\/yoast.com\/product\/yoast-seo-wordpress\/ -->\n<title>Test antigenici rapidi nelle farmacie territoriali dell\u2019Ulss 1 Dolomiti. Ecco l&#039;elenco delle farmacie aderenti\u00a0 - Bellunopress - Dolomiti<\/title>\n<meta name=\"robots\" content=\"index, follow, max-snippet:-1, max-image-preview:large, max-video-preview:-1\" \/>\n<link rel=\"canonical\" href=\"https:\/\/www.bellunopress.it\/fr\/2021\/06\/18\/test-antigenici-rapidi-nelle-farmacie-territoriali-dellulss-1-dolomiti-ecco-lelenco-delle-farmacie-aderenti\/\" \/>\n<meta property=\"og:locale\" content=\"fr_FR\" \/>\n<meta property=\"og:type\" content=\"article\" \/>\n<meta property=\"og:title\" content=\"Test antigenici rapidi nelle farmacie territoriali dell\u2019Ulss 1 Dolomiti. Ecco l&#039;elenco delle farmacie aderenti\u00a0 - Bellunopress - Dolomiti\" \/>\n<meta property=\"og:description\" content=\"Le Farmacie territoriali afferenti all\u2019Azienda Ulss 1 Dolomiti da tempo svolgono attivit\u00e0 a supporto per la gestione della pandemia da Sars-Cov 2. Con l\u2019avvio della stagione turistica si segnala che le Farmacie che ad oggi hanno aderito al Protocollo di Intesa per l&#8217;esecuzione del test antigenico rapido in farmacia sono riportate nell\u2019elenco che segue, divise [&hellip;]\" \/>\n<meta property=\"og:url\" content=\"https:\/\/www.bellunopress.it\/fr\/2021\/06\/18\/test-antigenici-rapidi-nelle-farmacie-territoriali-dellulss-1-dolomiti-ecco-lelenco-delle-farmacie-aderenti\/\" \/>\n<meta property=\"og:site_name\" content=\"Bellunopress - Dolomiti\" \/>\n<meta property=\"article:publisher\" content=\"https:\/\/www.facebook.com\/profile.php?id=100008943462799\" \/>\n<meta property=\"article:published_time\" content=\"2021-06-18T12:08:05+00:00\" \/>\n<meta property=\"og:image\" content=\"https:\/\/www.bellunopress.it\/wp-content\/uploads\/2020\/03\/farmacia.jpg\" \/>\n\t<meta property=\"og:image:width\" content=\"703\" \/>\n\t<meta property=\"og:image:height\" content=\"543\" \/>\n\t<meta property=\"og:image:type\" content=\"image\/jpeg\" \/>\n<meta name=\"author\" content=\"redazione\" \/>\n<meta name=\"twitter:card\" content=\"summary_large_image\" \/>\n<meta name=\"twitter:creator\" content=\"@bellunopress\" \/>\n<meta name=\"twitter:site\" content=\"@bellunopress\" \/>\n<meta name=\"twitter:label1\" content=\"\u00c9crit par\" \/>\n\t<meta name=\"twitter:data1\" content=\"redazione\" \/>\n\t<meta name=\"twitter:label2\" content=\"Dur\u00e9e de lecture estim\u00e9e\" \/>\n\t<meta name=\"twitter:data2\" content=\"2 minutes\" \/>\n<script type=\"application\/ld+json\" class=\"yoast-schema-graph\">{\"@context\":\"https:\\\/\\\/schema.org\",\"@graph\":[{\"@type\":\"Article\",\"@id\":\"https:\\\/\\\/www.bellunopress.it\\\/2021\\\/06\\\/18\\\/test-antigenici-rapidi-nelle-farmacie-territoriali-dellulss-1-dolomiti-ecco-lelenco-delle-farmacie-aderenti\\\/#article\",\"isPartOf\":{\"@id\":\"https:\\\/\\\/www.bellunopress.it\\\/2021\\\/06\\\/18\\\/test-antigenici-rapidi-nelle-farmacie-territoriali-dellulss-1-dolomiti-ecco-lelenco-delle-farmacie-aderenti\\\/\"},\"author\":{\"name\":\"redazione\",\"@id\":\"https:\\\/\\\/www.bellunopress.it\\\/#\\\/schema\\\/person\\\/79bb06722b37ece1c03d3e94beb30d73\"},\"headline\":\"Test antigenici rapidi nelle farmacie territoriali dell\u2019Ulss 1 Dolomiti. Ecco l&#8217;elenco delle farmacie aderenti\u00a0\",\"datePublished\":\"2021-06-18T12:08:05+00:00\",\"mainEntityOfPage\":{\"@id\":\"https:\\\/\\\/www.bellunopress.it\\\/2021\\\/06\\\/18\\\/test-antigenici-rapidi-nelle-farmacie-territoriali-dellulss-1-dolomiti-ecco-lelenco-delle-farmacie-aderenti\\\/\"},\"wordCount\":376,\"publisher\":{\"@id\":\"https:\\\/\\\/www.bellunopress.it\\\/#organization\"},\"image\":{\"@id\":\"https:\\\/\\\/www.bellunopress.it\\\/2021\\\/06\\\/18\\\/test-antigenici-rapidi-nelle-farmacie-territoriali-dellulss-1-dolomiti-ecco-lelenco-delle-farmacie-aderenti\\\/#primaryimage\"},\"thumbnailUrl\":\"https:\\\/\\\/www.bellunopress.it\\\/wp-content\\\/uploads\\\/2020\\\/03\\\/farmacia.jpg\",\"articleSection\":[\"Prima Pagina\",\"Sanit\u00e0 Medicina\",\"Societ\u00e0, Associazioni, Istituzioni\"],\"inLanguage\":\"fr-FR\"},{\"@type\":\"WebPage\",\"@id\":\"https:\\\/\\\/www.bellunopress.it\\\/2021\\\/06\\\/18\\\/test-antigenici-rapidi-nelle-farmacie-territoriali-dellulss-1-dolomiti-ecco-lelenco-delle-farmacie-aderenti\\\/\",\"url\":\"https:\\\/\\\/www.bellunopress.it\\\/2021\\\/06\\\/18\\\/test-antigenici-rapidi-nelle-farmacie-territoriali-dellulss-1-dolomiti-ecco-lelenco-delle-farmacie-aderenti\\\/\",\"name\":\"Test antigenici rapidi nelle farmacie territoriali dell\u2019Ulss 1 Dolomiti. Ecco l'elenco delle farmacie aderenti\u00a0 - Bellunopress - Dolomiti\",\"isPartOf\":{\"@id\":\"https:\\\/\\\/www.bellunopress.it\\\/#website\"},\"primaryImageOfPage\":{\"@id\":\"https:\\\/\\\/www.bellunopress.it\\\/2021\\\/06\\\/18\\\/test-antigenici-rapidi-nelle-farmacie-territoriali-dellulss-1-dolomiti-ecco-lelenco-delle-farmacie-aderenti\\\/#primaryimage\"},\"image\":{\"@id\":\"https:\\\/\\\/www.bellunopress.it\\\/2021\\\/06\\\/18\\\/test-antigenici-rapidi-nelle-farmacie-territoriali-dellulss-1-dolomiti-ecco-lelenco-delle-farmacie-aderenti\\\/#primaryimage\"},\"thumbnailUrl\":\"https:\\\/\\\/www.bellunopress.it\\\/wp-content\\\/uploads\\\/2020\\\/03\\\/farmacia.jpg\",\"datePublished\":\"2021-06-18T12:08:05+00:00\",\"breadcrumb\":{\"@id\":\"https:\\\/\\\/www.bellunopress.it\\\/2021\\\/06\\\/18\\\/test-antigenici-rapidi-nelle-farmacie-territoriali-dellulss-1-dolomiti-ecco-lelenco-delle-farmacie-aderenti\\\/#breadcrumb\"},\"inLanguage\":\"fr-FR\",\"potentialAction\":[{\"@type\":\"ReadAction\",\"target\":[\"https:\\\/\\\/www.bellunopress.it\\\/2021\\\/06\\\/18\\\/test-antigenici-rapidi-nelle-farmacie-territoriali-dellulss-1-dolomiti-ecco-lelenco-delle-farmacie-aderenti\\\/\"]}]},{\"@type\":\"ImageObject\",\"inLanguage\":\"fr-FR\",\"@id\":\"https:\\\/\\\/www.bellunopress.it\\\/2021\\\/06\\\/18\\\/test-antigenici-rapidi-nelle-farmacie-territoriali-dellulss-1-dolomiti-ecco-lelenco-delle-farmacie-aderenti\\\/#primaryimage\",\"url\":\"https:\\\/\\\/www.bellunopress.it\\\/wp-content\\\/uploads\\\/2020\\\/03\\\/farmacia.jpg\",\"contentUrl\":\"https:\\\/\\\/www.bellunopress.it\\\/wp-content\\\/uploads\\\/2020\\\/03\\\/farmacia.jpg\",\"width\":703,\"height\":543},{\"@type\":\"BreadcrumbList\",\"@id\":\"https:\\\/\\\/www.bellunopress.it\\\/2021\\\/06\\\/18\\\/test-antigenici-rapidi-nelle-farmacie-territoriali-dellulss-1-dolomiti-ecco-lelenco-delle-farmacie-aderenti\\\/#breadcrumb\",\"itemListElement\":[{\"@type\":\"ListItem\",\"position\":1,\"name\":\"Home\",\"item\":\"https:\\\/\\\/www.bellunopress.it\\\/\"},{\"@type\":\"ListItem\",\"position\":2,\"name\":\"Test antigenici rapidi nelle farmacie territoriali dell\u2019Ulss 1 Dolomiti. Ecco l&#8217;elenco delle farmacie aderenti\u00a0\"}]},{\"@type\":\"WebSite\",\"@id\":\"https:\\\/\\\/www.bellunopress.it\\\/#website\",\"url\":\"https:\\\/\\\/www.bellunopress.it\\\/\",\"name\":\"Bellunopress - Dolomiti\",\"description\":\"e-mail: redazione@bellunopress.it\",\"publisher\":{\"@id\":\"https:\\\/\\\/www.bellunopress.it\\\/#organization\"},\"potentialAction\":[{\"@type\":\"SearchAction\",\"target\":{\"@type\":\"EntryPoint\",\"urlTemplate\":\"https:\\\/\\\/www.bellunopress.it\\\/?s={search_term_string}\"},\"query-input\":{\"@type\":\"PropertyValueSpecification\",\"valueRequired\":true,\"valueName\":\"search_term_string\"}}],\"inLanguage\":\"fr-FR\"},{\"@type\":\"Organization\",\"@id\":\"https:\\\/\\\/www.bellunopress.it\\\/#organization\",\"name\":\"Bellunopress\",\"url\":\"https:\\\/\\\/www.bellunopress.it\\\/\",\"logo\":{\"@type\":\"ImageObject\",\"inLanguage\":\"fr-FR\",\"@id\":\"https:\\\/\\\/www.bellunopress.it\\\/#\\\/schema\\\/logo\\\/image\\\/\",\"url\":\"https:\\\/\\\/www.bellunopress.it\\\/wp-content\\\/uploads\\\/2011\\\/05\\\/cropped-logo-bellunopress-.jpg\",\"contentUrl\":\"https:\\\/\\\/www.bellunopress.it\\\/wp-content\\\/uploads\\\/2011\\\/05\\\/cropped-logo-bellunopress-.jpg\",\"width\":512,\"height\":512,\"caption\":\"Bellunopress\"},\"image\":{\"@id\":\"https:\\\/\\\/www.bellunopress.it\\\/#\\\/schema\\\/logo\\\/image\\\/\"},\"sameAs\":[\"https:\\\/\\\/www.facebook.com\\\/profile.php?id=100008943462799\",\"https:\\\/\\\/x.com\\\/bellunopress\",\"https:\\\/\\\/www.linkedin.com\\\/hp\\\/?dnr=JBzUWaJfMUw8vbXJJ2tVW5-I3jZKvC4wsoxE&amp;amp;amp;amp;amp;amp;trk=nav_responsive_tab_home\",\"https:\\\/\\\/www.youtube.com\\\/channel\\\/UCxL0wu1uN0_3_7hGG0306cw\"]},{\"@type\":\"Person\",\"@id\":\"https:\\\/\\\/www.bellunopress.it\\\/#\\\/schema\\\/person\\\/79bb06722b37ece1c03d3e94beb30d73\",\"name\":\"redazione\",\"image\":{\"@type\":\"ImageObject\",\"inLanguage\":\"fr-FR\",\"@id\":\"https:\\\/\\\/secure.gravatar.com\\\/avatar\\\/37d968a2e67a6fd04c169c4bdef102d0bc5d31b2546345219e348575eb80e9a0?s=96&d=mm&r=g\",\"url\":\"https:\\\/\\\/secure.gravatar.com\\\/avatar\\\/37d968a2e67a6fd04c169c4bdef102d0bc5d31b2546345219e348575eb80e9a0?s=96&d=mm&r=g\",\"contentUrl\":\"https:\\\/\\\/secure.gravatar.com\\\/avatar\\\/37d968a2e67a6fd04c169c4bdef102d0bc5d31b2546345219e348575eb80e9a0?s=96&d=mm&r=g\",\"caption\":\"redazione\"},\"sameAs\":[\"http:\\\/\\\/www.bellunopress.it\",\"https:\\\/\\\/x.com\\\/bellunopress\"],\"url\":\"https:\\\/\\\/www.bellunopress.it\\\/fr\\\/author\\\/redazione\\\/\"}]}<\/script>\n<!-- \/ Yoast SEO plugin. -->","yoast_head_json":{"title":"Test antigenici rapidi nelle farmacie territoriali dell\u2019Ulss 1 Dolomiti. Ecco l'elenco delle farmacie aderenti\u00a0 - Bellunopress - Dolomiti","robots":{"index":"index","follow":"follow","max-snippet":"max-snippet:-1","max-image-preview":"max-image-preview:large","max-video-preview":"max-video-preview:-1"},"canonical":"https:\/\/www.bellunopress.it\/fr\/2021\/06\/18\/test-antigenici-rapidi-nelle-farmacie-territoriali-dellulss-1-dolomiti-ecco-lelenco-delle-farmacie-aderenti\/","og_locale":"fr_FR","og_type":"article","og_title":"Test antigenici rapidi nelle farmacie territoriali dell\u2019Ulss 1 Dolomiti. Ecco l'elenco delle farmacie aderenti\u00a0 - Bellunopress - Dolomiti","og_description":"Le Farmacie territoriali afferenti all\u2019Azienda Ulss 1 Dolomiti da tempo svolgono attivit\u00e0 a supporto per la gestione della pandemia da Sars-Cov 2. Con l\u2019avvio della stagione turistica si segnala che le Farmacie che ad oggi hanno aderito al Protocollo di Intesa per l&#8217;esecuzione del test antigenico rapido in farmacia sono riportate nell\u2019elenco che segue, divise [&hellip;]","og_url":"https:\/\/www.bellunopress.it\/fr\/2021\/06\/18\/test-antigenici-rapidi-nelle-farmacie-territoriali-dellulss-1-dolomiti-ecco-lelenco-delle-farmacie-aderenti\/","og_site_name":"Bellunopress - Dolomiti","article_publisher":"https:\/\/www.facebook.com\/profile.php?id=100008943462799","article_published_time":"2021-06-18T12:08:05+00:00","og_image":[{"width":703,"height":543,"url":"https:\/\/www.bellunopress.it\/wp-content\/uploads\/2020\/03\/farmacia.jpg","type":"image\/jpeg"}],"author":"redazione","twitter_card":"summary_large_image","twitter_creator":"@bellunopress","twitter_site":"@bellunopress","twitter_misc":{"\u00c9crit par":"redazione","Dur\u00e9e de lecture estim\u00e9e":"2 minutes"},"schema":{"@context":"https:\/\/schema.org","@graph":[{"@type":"Article","@id":"https:\/\/www.bellunopress.it\/2021\/06\/18\/test-antigenici-rapidi-nelle-farmacie-territoriali-dellulss-1-dolomiti-ecco-lelenco-delle-farmacie-aderenti\/#article","isPartOf":{"@id":"https:\/\/www.bellunopress.it\/2021\/06\/18\/test-antigenici-rapidi-nelle-farmacie-territoriali-dellulss-1-dolomiti-ecco-lelenco-delle-farmacie-aderenti\/"},"author":{"name":"redazione","@id":"https:\/\/www.bellunopress.it\/#\/schema\/person\/79bb06722b37ece1c03d3e94beb30d73"},"headline":"Test antigenici rapidi nelle farmacie territoriali dell\u2019Ulss 1 Dolomiti. Ecco l&#8217;elenco delle farmacie aderenti\u00a0","datePublished":"2021-06-18T12:08:05+00:00","mainEntityOfPage":{"@id":"https:\/\/www.bellunopress.it\/2021\/06\/18\/test-antigenici-rapidi-nelle-farmacie-territoriali-dellulss-1-dolomiti-ecco-lelenco-delle-farmacie-aderenti\/"},"wordCount":376,"publisher":{"@id":"https:\/\/www.bellunopress.it\/#organization"},"image":{"@id":"https:\/\/www.bellunopress.it\/2021\/06\/18\/test-antigenici-rapidi-nelle-farmacie-territoriali-dellulss-1-dolomiti-ecco-lelenco-delle-farmacie-aderenti\/#primaryimage"},"thumbnailUrl":"https:\/\/www.bellunopress.it\/wp-content\/uploads\/2020\/03\/farmacia.jpg","articleSection":["Prima Pagina","Sanit\u00e0 Medicina","Societ\u00e0, Associazioni, Istituzioni"],"inLanguage":"fr-FR"},{"@type":"WebPage","@id":"https:\/\/www.bellunopress.it\/2021\/06\/18\/test-antigenici-rapidi-nelle-farmacie-territoriali-dellulss-1-dolomiti-ecco-lelenco-delle-farmacie-aderenti\/","url":"https:\/\/www.bellunopress.it\/2021\/06\/18\/test-antigenici-rapidi-nelle-farmacie-territoriali-dellulss-1-dolomiti-ecco-lelenco-delle-farmacie-aderenti\/","name":"Test antigenici rapidi nelle farmacie territoriali dell\u2019Ulss 1 Dolomiti. Ecco l'elenco delle farmacie aderenti\u00a0 - Bellunopress - Dolomiti","isPartOf":{"@id":"https:\/\/www.bellunopress.it\/#website"},"primaryImageOfPage":{"@id":"https:\/\/www.bellunopress.it\/2021\/06\/18\/test-antigenici-rapidi-nelle-farmacie-territoriali-dellulss-1-dolomiti-ecco-lelenco-delle-farmacie-aderenti\/#primaryimage"},"image":{"@id":"https:\/\/www.bellunopress.it\/2021\/06\/18\/test-antigenici-rapidi-nelle-farmacie-territoriali-dellulss-1-dolomiti-ecco-lelenco-delle-farmacie-aderenti\/#primaryimage"},"thumbnailUrl":"https:\/\/www.bellunopress.it\/wp-content\/uploads\/2020\/03\/farmacia.jpg","datePublished":"2021-06-18T12:08:05+00:00","breadcrumb":{"@id":"https:\/\/www.bellunopress.it\/2021\/06\/18\/test-antigenici-rapidi-nelle-farmacie-territoriali-dellulss-1-dolomiti-ecco-lelenco-delle-farmacie-aderenti\/#breadcrumb"},"inLanguage":"fr-FR","potentialAction":[{"@type":"ReadAction","target":["https:\/\/www.bellunopress.it\/2021\/06\/18\/test-antigenici-rapidi-nelle-farmacie-territoriali-dellulss-1-dolomiti-ecco-lelenco-delle-farmacie-aderenti\/"]}]},{"@type":"ImageObject","inLanguage":"fr-FR","@id":"https:\/\/www.bellunopress.it\/2021\/06\/18\/test-antigenici-rapidi-nelle-farmacie-territoriali-dellulss-1-dolomiti-ecco-lelenco-delle-farmacie-aderenti\/#primaryimage","url":"https:\/\/www.bellunopress.it\/wp-content\/uploads\/2020\/03\/farmacia.jpg","contentUrl":"https:\/\/www.bellunopress.it\/wp-content\/uploads\/2020\/03\/farmacia.jpg","width":703,"height":543},{"@type":"BreadcrumbList","@id":"https:\/\/www.bellunopress.it\/2021\/06\/18\/test-antigenici-rapidi-nelle-farmacie-territoriali-dellulss-1-dolomiti-ecco-lelenco-delle-farmacie-aderenti\/#breadcrumb","itemListElement":[{"@type":"ListItem","position":1,"name":"Home","item":"https:\/\/www.bellunopress.it\/"},{"@type":"ListItem","position":2,"name":"Test antigenici rapidi nelle farmacie territoriali dell\u2019Ulss 1 Dolomiti. Ecco l&#8217;elenco delle farmacie aderenti\u00a0"}]},{"@type":"WebSite","@id":"https:\/\/www.bellunopress.it\/#website","url":"https:\/\/www.bellunopress.it\/","name":"Bellunopress - Dolomiti","description":"e-mail: redazione@bellunopress.it","publisher":{"@id":"https:\/\/www.bellunopress.it\/#organization"},"potentialAction":[{"@type":"SearchAction","target":{"@type":"EntryPoint","urlTemplate":"https:\/\/www.bellunopress.it\/?s={search_term_string}"},"query-input":{"@type":"PropertyValueSpecification","valueRequired":true,"valueName":"search_term_string"}}],"inLanguage":"fr-FR"},{"@type":"Organization","@id":"https:\/\/www.bellunopress.it\/#organization","name":"Bellunopress","url":"https:\/\/www.bellunopress.it\/","logo":{"@type":"ImageObject","inLanguage":"fr-FR","@id":"https:\/\/www.bellunopress.it\/#\/schema\/logo\/image\/","url":"https:\/\/www.bellunopress.it\/wp-content\/uploads\/2011\/05\/cropped-logo-bellunopress-.jpg","contentUrl":"https:\/\/www.bellunopress.it\/wp-content\/uploads\/2011\/05\/cropped-logo-bellunopress-.jpg","width":512,"height":512,"caption":"Bellunopress"},"image":{"@id":"https:\/\/www.bellunopress.it\/#\/schema\/logo\/image\/"},"sameAs":["https:\/\/www.facebook.com\/profile.php?id=100008943462799","https:\/\/x.com\/bellunopress","https:\/\/www.linkedin.com\/hp\/?dnr=JBzUWaJfMUw8vbXJJ2tVW5-I3jZKvC4wsoxE&amp;amp;amp;amp;amp;amp;trk=nav_responsive_tab_home","https:\/\/www.youtube.com\/channel\/UCxL0wu1uN0_3_7hGG0306cw"]},{"@type":"Person","@id":"https:\/\/www.bellunopress.it\/#\/schema\/person\/79bb06722b37ece1c03d3e94beb30d73","name":"r\u00e9daction","image":{"@type":"ImageObject","inLanguage":"fr-FR","@id":"https:\/\/secure.gravatar.com\/avatar\/37d968a2e67a6fd04c169c4bdef102d0bc5d31b2546345219e348575eb80e9a0?s=96&d=mm&r=g","url":"https:\/\/secure.gravatar.com\/avatar\/37d968a2e67a6fd04c169c4bdef102d0bc5d31b2546345219e348575eb80e9a0?s=96&d=mm&r=g","contentUrl":"https:\/\/secure.gravatar.com\/avatar\/37d968a2e67a6fd04c169c4bdef102d0bc5d31b2546345219e348575eb80e9a0?s=96&d=mm&r=g","caption":"redazione"},"sameAs":["http:\/\/www.bellunopress.it","https:\/\/x.com\/bellunopress"],"url":"https:\/\/www.bellunopress.it\/fr\/author\/redazione\/"}]}},"_links":{"self":[{"href":"https:\/\/www.bellunopress.it\/fr\/wp-json\/wp\/v2\/posts\/125306","targetHints":{"allow":["GET"]}}],"collection":[{"href":"https:\/\/www.bellunopress.it\/fr\/wp-json\/wp\/v2\/posts"}],"about":[{"href":"https:\/\/www.bellunopress.it\/fr\/wp-json\/wp\/v2\/types\/post"}],"author":[{"embeddable":true,"href":"https:\/\/www.bellunopress.it\/fr\/wp-json\/wp\/v2\/users\/2"}],"replies":[{"embeddable":true,"href":"https:\/\/www.bellunopress.it\/fr\/wp-json\/wp\/v2\/comments?post=125306"}],"version-history":[{"count":1,"href":"https:\/\/www.bellunopress.it\/fr\/wp-json\/wp\/v2\/posts\/125306\/revisions"}],"predecessor-version":[{"id":125307,"href":"https:\/\/www.bellunopress.it\/fr\/wp-json\/wp\/v2\/posts\/125306\/revisions\/125307"}],"wp:featuredmedia":[{"embeddable":true,"href":"https:\/\/www.bellunopress.it\/fr\/wp-json\/wp\/v2\/media\/113113"}],"wp:attachment":[{"href":"https:\/\/www.bellunopress.it\/fr\/wp-json\/wp\/v2\/media?parent=125306"}],"wp:term":[{"taxonomy":"category","embeddable":true,"href":"https:\/\/www.bellunopress.it\/fr\/wp-json\/wp\/v2\/categories?post=125306"},{"taxonomy":"post_tag","embeddable":true,"href":"https:\/\/www.bellunopress.it\/fr\/wp-json\/wp\/v2\/tags?post=125306"}],"curies":[{"name":"wp","href":"https:\/\/api.w.org\/{rel}","templated":true}]}}