{"id":125302,"date":"2021-06-18T13:53:07","date_gmt":"2021-06-18T11:53:07","guid":{"rendered":"https:\/\/www.bellunopress.it\/?p=125302"},"modified":"2021-06-18T13:58:13","modified_gmt":"2021-06-18T11:58:13","slug":"125302","status":"publish","type":"post","link":"https:\/\/www.bellunopress.it\/fr\/2021\/06\/18\/125302\/","title":{"rendered":"Viabilit\u00e0. Prefetto Savastano: &#8220;Mi riprometto che, periodicamente, la Prefettura verificher\u00e0 con Anas lo stato di avanzamento delle procedure e dei cantieri&#8221;"},"content":{"rendered":"<p>La Prefettura, in collaborazione con ANAS, ha avviato un\u2019iniziativa per il monitoraggio delle ingenti opere di ammodernamento della rete stradale bellunese. Qui di seguito la dichiarazione del prefetto di Belluno Mariano Savastano e le 3 schede tecniche relative alle varianti di Tai di Cadore, Valle di Cadore e San Vito di Cadore.<\/p>\n<figure id=\"attachment_123359\" aria-describedby=\"caption-attachment-123359\" style=\"width: 200px\" class=\"wp-caption alignleft\"><a href=\"https:\/\/www.bellunopress.it\/fr\/2021\/04\/14\/mariano-savastano-e-il-nuovo-prefetto-di-belluno-dinca-grazie-a-sergio-bracco-per-il-lavoro-svolto\/mariano-savastano_edited\/\" rel=\"attachment wp-att-123359\"><img loading=\"lazy\" decoding=\"async\" class=\"size-full wp-image-123359\" src=\"https:\/\/www.bellunopress.it\/wp-content\/uploads\/2021\/04\/Mariano-Savastano_edited.jpg\" alt=\"\" width=\"200\" height=\"215\" \/><\/a><figcaption id=\"caption-attachment-123359\" class=\"wp-caption-text\">Mariano Savastano &#8211; Prefetto<\/figcaption><\/figure>\n<p>&#8220;Sin dai primi giorni dopo il mio insediamento a Belluno, avvenuto il 26 aprile,\u00a0 &#8211; ha dichiarato il prefetto &#8211; tutti gli amministratori locali, le autorit\u00e0 istituzionali ed i rappresentanti delle categorie economiche che ho incontrato hanno sottoposto alla mia attenzione le problematiche legate alle carenze delle infrastrutture esistenti ed alla viabilit\u00e0 caratterizzata da un\u2019autostrada che arriva sino a Ponte nelle Alpi e che prosegue nelle varie direttrici &#8211; Feltre, Agordo, Cortina d\u2019Ampezzo, il Cadore &#8211; attraverso strade statali e regionali non pi\u00f9 adeguate alle esigenze di mobilit\u00e0 di persone, merci, turisti ed imprese.<br \/>\nOccorre rimanere concentrati per riuscire a portare a termine il Piano di potenziamento della viabilit\u00e0 gi\u00e0 previsto per i Mondiali di Sci di Cortina 2021 e per tale motivo ho incontrato i vertici di ANAS per fare il punto di situazione sullo stato di realizzazione delle tre varianti di Tai di Cadore, di Valle di Cadore e di San Vito di Cadore al fine di offrire alle comunit\u00e0 interessate, agli amministratori locali ed ai rappresentanti delle associazioni di categoria informazioni puntuali, aggiornate e verificate.<br \/>\nMi riprometto che, periodicamente, la Prefettura verificher\u00e0 insieme ad ANAS lo stato di avanzamento delle procedure e dei cantieri, pronti a dare sostegno e ad intervenire ogni qualvolta ANAS, gli amministratori o altri qualificati portatori di interessi collettivi lo richiederanno per approfondire gli eventuali aspetti critici che dovessero emergere e per trovare, d\u2019intesa con il territorio, le soluzioni pi\u00f9 adeguate&#8221;.<\/p>\n<p><strong>VARIANTE DI SAN VITO DI CADORE<\/strong><\/p>\n<p><em><u>Descrizione intervento: <\/u><\/em><\/p>\n<p>L\u2019intervento, inserito nel \u201cPiano degli Interventi di adeguamento della Viabilit\u00e0 Statale per l\u2019evento sportivo Cortina 2021, \u00e8 previsto tra i progetti infrastrutturali da realizzare per i giochi olimpici del 2026.<\/p>\n<p>Riguarda la realizzazione della variante alla S.S. n. 51 di Alemagna in corrispondenza del centro abitato di San Vito di Cadore, con l\u2019obbiettivo di ridurre le numerose criticit\u00e0 legate alla sicurezza e alla funzionalit\u00e0 della rete stradale che garantisce l\u2019accessibilit\u00e0 a Cortina e al territorio del Cadore: elevata incidentalit\u00e0 per la presenza di immissioni, intersezioni pericolose e traffico pedonale, inquinamento ambientale e acustico, limitazione al pieno sviluppo turistico del centro e delle aree limitrofe.<\/p>\n<p>Si realizzer\u00e0 una variante alla Strada Statale che prevede l\u2019esecuzione, in un percorso che si sviluppa per una lunghezza di circa 2,3 km, di due rotatorie, due opere d\u2019arte e quattro gallerie artificiali antirumore.<\/p>\n<p><em><u>Ricadute\/vantaggi dell\u2019opera per i cittadini: <\/u><\/em><\/p>\n<p>L\u2019intervento consentir\u00e0 di razionalizzare il traffico gravitante sul centro abitato di San Vito di Cadore e di migliorare la viabilit\u00e0 di accesso allo stesso, attraverso la realizzazione di un by-pass al centro urbano.<\/p>\n<p><em><u>Costo dell\u2019intervento<\/u><\/em><em>:\u00a0<\/em>37,153 milioni<\/p>\n<p><em><u>Stato di avanzamento: <\/u><\/em><\/p>\n<p>\u00c8 in corso la progettazione esecutiva.<\/p>\n<p>Il progetto \u00e8 l\u2019esito di un approfondimento tecnico e di precedenti fasi progettuali, consistenti in uno studio di fattibilit\u00e0 proposto dal Comune nel 2017 con individuazione del tracciato della variante. L\u2019ANAS sta realizzando il progetto definitivo che segue il tracciato proposto dal Comune; tuttavia, rispetto a tale studio \u00e8 emersa la necessit\u00e0 di apportare correzioni al tracciato stradale per renderlo rispondente alla normativa di settore; \u00e8 stata studiata una variante altimetrica per ridurre le forti pendenze in arrivo alla rotatoria; sono state studiate soluzioni alternative e migliorative alle rotatorie di inizio e fine intervento.<\/p>\n<p>Entro il corrente anno \u00e8 previsto l\u2019avvio delle procedure di gara, a fronte di un tempo previsto per l\u2019esecuzione dei lavori di circa 30 mesi.<\/p>\n<p><strong>VARIANTE DI TAI DI CADORE<\/strong><\/p>\n<p><em><u>Descrizione intervento: <\/u><\/em><\/p>\n<p>L\u2019intervento, inserito nel \u201cPiano degli Interventi di adeguamento della Viabilit\u00e0 Statale per l\u2019evento sportivo Cortina 2021\u201d, \u00e8 previsto tra i progetti infrastrutturali da realizzare per i giochi olimpici del 2026.<\/p>\n<p>Riguarda la realizzazione della variante alla S.S. n. 51 di Alemagna in corrispondenza del centro abitato di Tai di Cadore, al fine di ridurre le criticit\u00e0 legate alla sicurezza e migliorare il livello di servizio della rete stradale che garantisce l\u2019accessibilit\u00e0 alla valle del Boite e al territorio del Cadore.<\/p>\n<p>Il progetto \u00e8 l\u2019esito di un approfondimento tecnico e normativo di un tracciato individuato e sviluppato in condivisione con il Comune.<\/p>\n<p>Si realizzer\u00e0 di una variante alla Strada Statale, quasi completamente in galleria, per una lunghezza complessiva di circa 1,160 Km<\/p>\n<p>&nbsp;<\/p>\n<p><em><u>Ricadute\/vantaggi dell\u2019opera per i cittadini: <\/u><\/em><\/p>\n<p>L\u2019intervento consentir\u00e0 di razionalizzare il traffico gravitante sul centro abitato di Tai di Cadore e di migliorare la viabilit\u00e0 di accesso allo stesso, attraverso la realizzazione di un by-pass al centro urbano.<\/p>\n<p><em><u>Costo dell\u2019intervento<\/u><\/em><em>:\u00a0<\/em>46,300 milioni<em><u>\u00a0<\/u><\/em><\/p>\n<p><em><u>Stato di avanzamento: <\/u><\/em><\/p>\n<p>\u00c8 in corso la chiusura del progetto definitivo per la successiva approvazione e l\u2019avvio della progettazione esecutiva.<\/p>\n<p>\u00c8 stata effettuata la campagna di indagini geognostiche integrative al progetto definitivo.<\/p>\n<p>A completamento della progettazione esecutiva saranno attivate le procedure autorizzative.<\/p>\n<p>Si prevede di avviare le procedure di gara entro il corrente anno, a fronte di un cronoprogramma dei lavori di circa 30 mesi.<\/p>\n<p><strong>VARIANTE DI VALLE DI CADORE<\/strong><\/p>\n<p><em><u>Descrizione intervento: <\/u><\/em><\/p>\n<p>L\u2019intervento, inserito nel \u201cPiano degli Interventi di adeguamento della Viabilit\u00e0 Statale per l\u2019evento sportivo Cortina 2021\u201d, \u00e8 previsto tra i progetti infrastrutturali da realizzare per i giochi olimpici del 2026.<\/p>\n<p>Riguarda la realizzazione della variante alla S.S. n. 51 di Alemagna in corrispondenza del centro abitato di Valle di Cadore, al fine di razionalizzare il traffico gravitante sull\u2019abitato, oggi di fatto regolato da senso unico alternato per effetto della sezione ristretta e della prossimit\u00e0 di fabbricati vincolati alla sede stradale.<\/p>\n<p>La soluzione progettuale consiste nella realizzazione di una variante alla Strada Statale, quasi completamente in galleria, per una lunghezza di circa 1,1 Km.<\/p>\n<p><em><u>Ricadute\/vantaggi dell\u2019opera per i cittadini: <\/u><\/em><\/p>\n<p>L\u2019intervento consentir\u00e0 di razionalizzare il traffico gravitante sul centro abitato di Valle di Cadore e di migliorare la viabilit\u00e0 di accesso allo stesso, attraverso la realizzazione di un by-pass al centro urbano.<\/p>\n<p><em><u>Costo dell\u2019intervento<\/u><\/em><em>:\u00a0<\/em>44,138 milioni<em><u>\u00a0<\/u><\/em><\/p>\n<p><em><u>Stato di avanzamento:<\/u><\/em><\/p>\n<p>Il Comune di Valle di Cadore ha predisposto nel 2017 uno studio di fattibilit\u00e0 con individuazione del tracciato della variante. ANAS ha successivamente sviluppato il progetto definitivo sul tracciato individuato nello studio di fattibilit\u00e0.<\/p>\n<p>Allo stato attuale ANAS ha avviato la progettazione esecutiva, attivando un continuo confronto con la Regione Veneto e il Comune di Valle di Cadore per condividere gli approfondimenti svolti e individuare la soluzione progettuale maggiormente compatibile con il contesto territoriale e con il sistema di vincoli in cui l\u2019intervento si inserisce.<\/p>\n<p>\u00c8 in fase di restituzione dei dati la campagna di indagini geognostiche integrative.<\/p>\n<p>\u00c8 in avvio la fase di esecuzione delle indagini archeologiche.<\/p>\n<p>Si prevede l\u2019avvio delle procedure di gara entro il corrente anno, a fronte di un tempo di esecuzione lavori di ca. 20 mesi.<\/p>\n<p>&nbsp;<\/p>","protected":false},"excerpt":{"rendered":"<p>La Prefettura, in collaborazione con ANAS, ha avviato un\u2019iniziativa per il monitoraggio delle ingenti opere di ammodernamento della rete stradale bellunese. Qui di seguito la dichiarazione del prefetto di Belluno Mariano Savastano e le 3 schede tecniche relative alle varianti di Tai di Cadore, Valle di Cadore e San Vito di Cadore. &#8220;Sin dai primi [&hellip;]<\/p>\n","protected":false},"author":2,"featured_media":122122,"comment_status":"closed","ping_status":"open","sticky":false,"template":"","format":"standard","meta":{"footnotes":""},"categories":[3446,8],"tags":[],"class_list":["post-125302","post","type-post","status-publish","format-standard","has-post-thumbnail","category-featured","category-societa-istituzioni"],"yoast_head":"<!-- This site is optimized with the Yoast SEO plugin v28.4 - https:\/\/yoast.com\/product\/yoast-seo-wordpress\/ -->\n<title>Viabilit\u00e0. Prefetto Savastano: &quot;Mi riprometto che, periodicamente, la Prefettura verificher\u00e0 con Anas lo stato di avanzamento delle procedure e dei cantieri&quot; - Bellunopress - Dolomiti<\/title>\n<meta name=\"robots\" content=\"index, follow, max-snippet:-1, max-image-preview:large, max-video-preview:-1\" \/>\n<link rel=\"canonical\" href=\"https:\/\/www.bellunopress.it\/fr\/2021\/06\/18\/125302\/\" \/>\n<meta property=\"og:locale\" content=\"fr_FR\" \/>\n<meta property=\"og:type\" content=\"article\" \/>\n<meta property=\"og:title\" content=\"Viabilit\u00e0. Prefetto Savastano: &quot;Mi riprometto che, periodicamente, la Prefettura verificher\u00e0 con Anas lo stato di avanzamento delle procedure e dei cantieri&quot; - Bellunopress - Dolomiti\" \/>\n<meta property=\"og:description\" content=\"La Prefettura, in collaborazione con ANAS, ha avviato un\u2019iniziativa per il monitoraggio delle ingenti opere di ammodernamento della rete stradale bellunese. Qui di seguito la dichiarazione del prefetto di Belluno Mariano Savastano e le 3 schede tecniche relative alle varianti di Tai di Cadore, Valle di Cadore e San Vito di Cadore. &#8220;Sin dai primi [&hellip;]\" \/>\n<meta property=\"og:url\" content=\"https:\/\/www.bellunopress.it\/fr\/2021\/06\/18\/125302\/\" \/>\n<meta property=\"og:site_name\" content=\"Bellunopress - Dolomiti\" \/>\n<meta property=\"article:publisher\" content=\"https:\/\/www.facebook.com\/profile.php?id=100008943462799\" \/>\n<meta property=\"article:published_time\" content=\"2021-06-18T11:53:07+00:00\" \/>\n<meta property=\"article:modified_time\" content=\"2021-06-18T11:58:13+00:00\" \/>\n<meta property=\"og:image\" content=\"https:\/\/www.bellunopress.it\/wp-content\/uploads\/2021\/03\/prefettura_edited.jpg\" \/>\n\t<meta property=\"og:image:width\" content=\"821\" \/>\n\t<meta property=\"og:image:height\" content=\"1000\" \/>\n\t<meta property=\"og:image:type\" content=\"image\/jpeg\" \/>\n<meta name=\"author\" content=\"redazione\" \/>\n<meta name=\"twitter:card\" content=\"summary_large_image\" \/>\n<meta name=\"twitter:creator\" content=\"@bellunopress\" \/>\n<meta name=\"twitter:site\" content=\"@bellunopress\" \/>\n<meta name=\"twitter:label1\" content=\"\u00c9crit par\" \/>\n\t<meta name=\"twitter:data1\" content=\"redazione\" \/>\n\t<meta name=\"twitter:label2\" content=\"Dur\u00e9e de lecture estim\u00e9e\" \/>\n\t<meta name=\"twitter:data2\" content=\"6 minutes\" \/>\n<script type=\"application\/ld+json\" class=\"yoast-schema-graph\">{\"@context\":\"https:\\\/\\\/schema.org\",\"@graph\":[{\"@type\":\"Article\",\"@id\":\"https:\\\/\\\/www.bellunopress.it\\\/2021\\\/06\\\/18\\\/125302\\\/#article\",\"isPartOf\":{\"@id\":\"https:\\\/\\\/www.bellunopress.it\\\/2021\\\/06\\\/18\\\/125302\\\/\"},\"author\":{\"name\":\"redazione\",\"@id\":\"https:\\\/\\\/www.bellunopress.it\\\/#\\\/schema\\\/person\\\/79bb06722b37ece1c03d3e94beb30d73\"},\"headline\":\"Viabilit\u00e0. Prefetto Savastano: &#8220;Mi riprometto che, periodicamente, la Prefettura verificher\u00e0 con Anas lo stato di avanzamento delle procedure e dei cantieri&#8221;\",\"datePublished\":\"2021-06-18T11:53:07+00:00\",\"dateModified\":\"2021-06-18T11:58:13+00:00\",\"mainEntityOfPage\":{\"@id\":\"https:\\\/\\\/www.bellunopress.it\\\/2021\\\/06\\\/18\\\/125302\\\/\"},\"wordCount\":1162,\"publisher\":{\"@id\":\"https:\\\/\\\/www.bellunopress.it\\\/#organization\"},\"image\":{\"@id\":\"https:\\\/\\\/www.bellunopress.it\\\/2021\\\/06\\\/18\\\/125302\\\/#primaryimage\"},\"thumbnailUrl\":\"https:\\\/\\\/www.bellunopress.it\\\/wp-content\\\/uploads\\\/2021\\\/03\\\/prefettura_edited.jpg\",\"articleSection\":[\"Featured\",\"Societ\u00e0, Associazioni, Istituzioni\"],\"inLanguage\":\"fr-FR\"},{\"@type\":\"WebPage\",\"@id\":\"https:\\\/\\\/www.bellunopress.it\\\/2021\\\/06\\\/18\\\/125302\\\/\",\"url\":\"https:\\\/\\\/www.bellunopress.it\\\/2021\\\/06\\\/18\\\/125302\\\/\",\"name\":\"Viabilit\u00e0. Prefetto Savastano: \\\"Mi riprometto che, periodicamente, la Prefettura verificher\u00e0 con Anas lo stato di avanzamento delle procedure e dei cantieri\\\" - Bellunopress - Dolomiti\",\"isPartOf\":{\"@id\":\"https:\\\/\\\/www.bellunopress.it\\\/#website\"},\"primaryImageOfPage\":{\"@id\":\"https:\\\/\\\/www.bellunopress.it\\\/2021\\\/06\\\/18\\\/125302\\\/#primaryimage\"},\"image\":{\"@id\":\"https:\\\/\\\/www.bellunopress.it\\\/2021\\\/06\\\/18\\\/125302\\\/#primaryimage\"},\"thumbnailUrl\":\"https:\\\/\\\/www.bellunopress.it\\\/wp-content\\\/uploads\\\/2021\\\/03\\\/prefettura_edited.jpg\",\"datePublished\":\"2021-06-18T11:53:07+00:00\",\"dateModified\":\"2021-06-18T11:58:13+00:00\",\"breadcrumb\":{\"@id\":\"https:\\\/\\\/www.bellunopress.it\\\/2021\\\/06\\\/18\\\/125302\\\/#breadcrumb\"},\"inLanguage\":\"fr-FR\",\"potentialAction\":[{\"@type\":\"ReadAction\",\"target\":[\"https:\\\/\\\/www.bellunopress.it\\\/2021\\\/06\\\/18\\\/125302\\\/\"]}]},{\"@type\":\"ImageObject\",\"inLanguage\":\"fr-FR\",\"@id\":\"https:\\\/\\\/www.bellunopress.it\\\/2021\\\/06\\\/18\\\/125302\\\/#primaryimage\",\"url\":\"https:\\\/\\\/www.bellunopress.it\\\/wp-content\\\/uploads\\\/2021\\\/03\\\/prefettura_edited.jpg\",\"contentUrl\":\"https:\\\/\\\/www.bellunopress.it\\\/wp-content\\\/uploads\\\/2021\\\/03\\\/prefettura_edited.jpg\",\"width\":821,\"height\":1000,\"caption\":\"Prefettura di Belluno\"},{\"@type\":\"BreadcrumbList\",\"@id\":\"https:\\\/\\\/www.bellunopress.it\\\/2021\\\/06\\\/18\\\/125302\\\/#breadcrumb\",\"itemListElement\":[{\"@type\":\"ListItem\",\"position\":1,\"name\":\"Home\",\"item\":\"https:\\\/\\\/www.bellunopress.it\\\/\"},{\"@type\":\"ListItem\",\"position\":2,\"name\":\"Viabilit\u00e0. Prefetto Savastano: &#8220;Mi riprometto che, periodicamente, la Prefettura verificher\u00e0 con Anas lo stato di avanzamento delle procedure e dei cantieri&#8221;\"}]},{\"@type\":\"WebSite\",\"@id\":\"https:\\\/\\\/www.bellunopress.it\\\/#website\",\"url\":\"https:\\\/\\\/www.bellunopress.it\\\/\",\"name\":\"Bellunopress - Dolomiti\",\"description\":\"e-mail: redazione@bellunopress.it\",\"publisher\":{\"@id\":\"https:\\\/\\\/www.bellunopress.it\\\/#organization\"},\"potentialAction\":[{\"@type\":\"SearchAction\",\"target\":{\"@type\":\"EntryPoint\",\"urlTemplate\":\"https:\\\/\\\/www.bellunopress.it\\\/?s={search_term_string}\"},\"query-input\":{\"@type\":\"PropertyValueSpecification\",\"valueRequired\":true,\"valueName\":\"search_term_string\"}}],\"inLanguage\":\"fr-FR\"},{\"@type\":\"Organization\",\"@id\":\"https:\\\/\\\/www.bellunopress.it\\\/#organization\",\"name\":\"Bellunopress\",\"url\":\"https:\\\/\\\/www.bellunopress.it\\\/\",\"logo\":{\"@type\":\"ImageObject\",\"inLanguage\":\"fr-FR\",\"@id\":\"https:\\\/\\\/www.bellunopress.it\\\/#\\\/schema\\\/logo\\\/image\\\/\",\"url\":\"https:\\\/\\\/www.bellunopress.it\\\/wp-content\\\/uploads\\\/2011\\\/05\\\/cropped-logo-bellunopress-.jpg\",\"contentUrl\":\"https:\\\/\\\/www.bellunopress.it\\\/wp-content\\\/uploads\\\/2011\\\/05\\\/cropped-logo-bellunopress-.jpg\",\"width\":512,\"height\":512,\"caption\":\"Bellunopress\"},\"image\":{\"@id\":\"https:\\\/\\\/www.bellunopress.it\\\/#\\\/schema\\\/logo\\\/image\\\/\"},\"sameAs\":[\"https:\\\/\\\/www.facebook.com\\\/profile.php?id=100008943462799\",\"https:\\\/\\\/x.com\\\/bellunopress\",\"https:\\\/\\\/www.linkedin.com\\\/hp\\\/?dnr=JBzUWaJfMUw8vbXJJ2tVW5-I3jZKvC4wsoxE&amp;amp;amp;amp;amp;amp;trk=nav_responsive_tab_home\",\"https:\\\/\\\/www.youtube.com\\\/channel\\\/UCxL0wu1uN0_3_7hGG0306cw\"]},{\"@type\":\"Person\",\"@id\":\"https:\\\/\\\/www.bellunopress.it\\\/#\\\/schema\\\/person\\\/79bb06722b37ece1c03d3e94beb30d73\",\"name\":\"redazione\",\"image\":{\"@type\":\"ImageObject\",\"inLanguage\":\"fr-FR\",\"@id\":\"https:\\\/\\\/secure.gravatar.com\\\/avatar\\\/37d968a2e67a6fd04c169c4bdef102d0bc5d31b2546345219e348575eb80e9a0?s=96&d=mm&r=g\",\"url\":\"https:\\\/\\\/secure.gravatar.com\\\/avatar\\\/37d968a2e67a6fd04c169c4bdef102d0bc5d31b2546345219e348575eb80e9a0?s=96&d=mm&r=g\",\"contentUrl\":\"https:\\\/\\\/secure.gravatar.com\\\/avatar\\\/37d968a2e67a6fd04c169c4bdef102d0bc5d31b2546345219e348575eb80e9a0?s=96&d=mm&r=g\",\"caption\":\"redazione\"},\"sameAs\":[\"http:\\\/\\\/www.bellunopress.it\",\"https:\\\/\\\/x.com\\\/bellunopress\"],\"url\":\"https:\\\/\\\/www.bellunopress.it\\\/fr\\\/author\\\/redazione\\\/\"}]}<\/script>\n<!-- \/ Yoast SEO plugin. -->","yoast_head_json":{"title":"Viabilit\u00e0. Prefetto Savastano: \"Mi riprometto che, periodicamente, la Prefettura verificher\u00e0 con Anas lo stato di avanzamento delle procedure e dei cantieri\" - Bellunopress - Dolomiti","robots":{"index":"index","follow":"follow","max-snippet":"max-snippet:-1","max-image-preview":"max-image-preview:large","max-video-preview":"max-video-preview:-1"},"canonical":"https:\/\/www.bellunopress.it\/fr\/2021\/06\/18\/125302\/","og_locale":"fr_FR","og_type":"article","og_title":"Viabilit\u00e0. Prefetto Savastano: \"Mi riprometto che, periodicamente, la Prefettura verificher\u00e0 con Anas lo stato di avanzamento delle procedure e dei cantieri\" - Bellunopress - Dolomiti","og_description":"La Prefettura, in collaborazione con ANAS, ha avviato un\u2019iniziativa per il monitoraggio delle ingenti opere di ammodernamento della rete stradale bellunese. Qui di seguito la dichiarazione del prefetto di Belluno Mariano Savastano e le 3 schede tecniche relative alle varianti di Tai di Cadore, Valle di Cadore e San Vito di Cadore. &#8220;Sin dai primi [&hellip;]","og_url":"https:\/\/www.bellunopress.it\/fr\/2021\/06\/18\/125302\/","og_site_name":"Bellunopress - Dolomiti","article_publisher":"https:\/\/www.facebook.com\/profile.php?id=100008943462799","article_published_time":"2021-06-18T11:53:07+00:00","article_modified_time":"2021-06-18T11:58:13+00:00","og_image":[{"width":821,"height":1000,"url":"https:\/\/www.bellunopress.it\/wp-content\/uploads\/2021\/03\/prefettura_edited.jpg","type":"image\/jpeg"}],"author":"redazione","twitter_card":"summary_large_image","twitter_creator":"@bellunopress","twitter_site":"@bellunopress","twitter_misc":{"\u00c9crit par":"redazione","Dur\u00e9e de lecture estim\u00e9e":"6 minutes"},"schema":{"@context":"https:\/\/schema.org","@graph":[{"@type":"Article","@id":"https:\/\/www.bellunopress.it\/2021\/06\/18\/125302\/#article","isPartOf":{"@id":"https:\/\/www.bellunopress.it\/2021\/06\/18\/125302\/"},"author":{"name":"redazione","@id":"https:\/\/www.bellunopress.it\/#\/schema\/person\/79bb06722b37ece1c03d3e94beb30d73"},"headline":"Viabilit\u00e0. Prefetto Savastano: &#8220;Mi riprometto che, periodicamente, la Prefettura verificher\u00e0 con Anas lo stato di avanzamento delle procedure e dei cantieri&#8221;","datePublished":"2021-06-18T11:53:07+00:00","dateModified":"2021-06-18T11:58:13+00:00","mainEntityOfPage":{"@id":"https:\/\/www.bellunopress.it\/2021\/06\/18\/125302\/"},"wordCount":1162,"publisher":{"@id":"https:\/\/www.bellunopress.it\/#organization"},"image":{"@id":"https:\/\/www.bellunopress.it\/2021\/06\/18\/125302\/#primaryimage"},"thumbnailUrl":"https:\/\/www.bellunopress.it\/wp-content\/uploads\/2021\/03\/prefettura_edited.jpg","articleSection":["Featured","Societ\u00e0, Associazioni, Istituzioni"],"inLanguage":"fr-FR"},{"@type":"WebPage","@id":"https:\/\/www.bellunopress.it\/2021\/06\/18\/125302\/","url":"https:\/\/www.bellunopress.it\/2021\/06\/18\/125302\/","name":"Viabilit\u00e0. Prefetto Savastano: \"Mi riprometto che, periodicamente, la Prefettura verificher\u00e0 con Anas lo stato di avanzamento delle procedure e dei cantieri\" - Bellunopress - Dolomiti","isPartOf":{"@id":"https:\/\/www.bellunopress.it\/#website"},"primaryImageOfPage":{"@id":"https:\/\/www.bellunopress.it\/2021\/06\/18\/125302\/#primaryimage"},"image":{"@id":"https:\/\/www.bellunopress.it\/2021\/06\/18\/125302\/#primaryimage"},"thumbnailUrl":"https:\/\/www.bellunopress.it\/wp-content\/uploads\/2021\/03\/prefettura_edited.jpg","datePublished":"2021-06-18T11:53:07+00:00","dateModified":"2021-06-18T11:58:13+00:00","breadcrumb":{"@id":"https:\/\/www.bellunopress.it\/2021\/06\/18\/125302\/#breadcrumb"},"inLanguage":"fr-FR","potentialAction":[{"@type":"ReadAction","target":["https:\/\/www.bellunopress.it\/2021\/06\/18\/125302\/"]}]},{"@type":"ImageObject","inLanguage":"fr-FR","@id":"https:\/\/www.bellunopress.it\/2021\/06\/18\/125302\/#primaryimage","url":"https:\/\/www.bellunopress.it\/wp-content\/uploads\/2021\/03\/prefettura_edited.jpg","contentUrl":"https:\/\/www.bellunopress.it\/wp-content\/uploads\/2021\/03\/prefettura_edited.jpg","width":821,"height":1000,"caption":"Prefettura di Belluno"},{"@type":"BreadcrumbList","@id":"https:\/\/www.bellunopress.it\/2021\/06\/18\/125302\/#breadcrumb","itemListElement":[{"@type":"ListItem","position":1,"name":"Home","item":"https:\/\/www.bellunopress.it\/"},{"@type":"ListItem","position":2,"name":"Viabilit\u00e0. Prefetto Savastano: &#8220;Mi riprometto che, periodicamente, la Prefettura verificher\u00e0 con Anas lo stato di avanzamento delle procedure e dei cantieri&#8221;"}]},{"@type":"WebSite","@id":"https:\/\/www.bellunopress.it\/#website","url":"https:\/\/www.bellunopress.it\/","name":"Bellunopress - Dolomiti","description":"e-mail: redazione@bellunopress.it","publisher":{"@id":"https:\/\/www.bellunopress.it\/#organization"},"potentialAction":[{"@type":"SearchAction","target":{"@type":"EntryPoint","urlTemplate":"https:\/\/www.bellunopress.it\/?s={search_term_string}"},"query-input":{"@type":"PropertyValueSpecification","valueRequired":true,"valueName":"search_term_string"}}],"inLanguage":"fr-FR"},{"@type":"Organization","@id":"https:\/\/www.bellunopress.it\/#organization","name":"Bellunopress","url":"https:\/\/www.bellunopress.it\/","logo":{"@type":"ImageObject","inLanguage":"fr-FR","@id":"https:\/\/www.bellunopress.it\/#\/schema\/logo\/image\/","url":"https:\/\/www.bellunopress.it\/wp-content\/uploads\/2011\/05\/cropped-logo-bellunopress-.jpg","contentUrl":"https:\/\/www.bellunopress.it\/wp-content\/uploads\/2011\/05\/cropped-logo-bellunopress-.jpg","width":512,"height":512,"caption":"Bellunopress"},"image":{"@id":"https:\/\/www.bellunopress.it\/#\/schema\/logo\/image\/"},"sameAs":["https:\/\/www.facebook.com\/profile.php?id=100008943462799","https:\/\/x.com\/bellunopress","https:\/\/www.linkedin.com\/hp\/?dnr=JBzUWaJfMUw8vbXJJ2tVW5-I3jZKvC4wsoxE&amp;amp;amp;amp;amp;amp;trk=nav_responsive_tab_home","https:\/\/www.youtube.com\/channel\/UCxL0wu1uN0_3_7hGG0306cw"]},{"@type":"Person","@id":"https:\/\/www.bellunopress.it\/#\/schema\/person\/79bb06722b37ece1c03d3e94beb30d73","name":"r\u00e9daction","image":{"@type":"ImageObject","inLanguage":"fr-FR","@id":"https:\/\/secure.gravatar.com\/avatar\/37d968a2e67a6fd04c169c4bdef102d0bc5d31b2546345219e348575eb80e9a0?s=96&d=mm&r=g","url":"https:\/\/secure.gravatar.com\/avatar\/37d968a2e67a6fd04c169c4bdef102d0bc5d31b2546345219e348575eb80e9a0?s=96&d=mm&r=g","contentUrl":"https:\/\/secure.gravatar.com\/avatar\/37d968a2e67a6fd04c169c4bdef102d0bc5d31b2546345219e348575eb80e9a0?s=96&d=mm&r=g","caption":"redazione"},"sameAs":["http:\/\/www.bellunopress.it","https:\/\/x.com\/bellunopress"],"url":"https:\/\/www.bellunopress.it\/fr\/author\/redazione\/"}]}},"_links":{"self":[{"href":"https:\/\/www.bellunopress.it\/fr\/wp-json\/wp\/v2\/posts\/125302","targetHints":{"allow":["GET"]}}],"collection":[{"href":"https:\/\/www.bellunopress.it\/fr\/wp-json\/wp\/v2\/posts"}],"about":[{"href":"https:\/\/www.bellunopress.it\/fr\/wp-json\/wp\/v2\/types\/post"}],"author":[{"embeddable":true,"href":"https:\/\/www.bellunopress.it\/fr\/wp-json\/wp\/v2\/users\/2"}],"replies":[{"embeddable":true,"href":"https:\/\/www.bellunopress.it\/fr\/wp-json\/wp\/v2\/comments?post=125302"}],"version-history":[{"count":3,"href":"https:\/\/www.bellunopress.it\/fr\/wp-json\/wp\/v2\/posts\/125302\/revisions"}],"predecessor-version":[{"id":125305,"href":"https:\/\/www.bellunopress.it\/fr\/wp-json\/wp\/v2\/posts\/125302\/revisions\/125305"}],"wp:featuredmedia":[{"embeddable":true,"href":"https:\/\/www.bellunopress.it\/fr\/wp-json\/wp\/v2\/media\/122122"}],"wp:attachment":[{"href":"https:\/\/www.bellunopress.it\/fr\/wp-json\/wp\/v2\/media?parent=125302"}],"wp:term":[{"taxonomy":"category","embeddable":true,"href":"https:\/\/www.bellunopress.it\/fr\/wp-json\/wp\/v2\/categories?post=125302"},{"taxonomy":"post_tag","embeddable":true,"href":"https:\/\/www.bellunopress.it\/fr\/wp-json\/wp\/v2\/tags?post=125302"}],"curies":[{"name":"wp","href":"https:\/\/api.w.org\/{rel}","templated":true}]}}