{"id":125296,"date":"2021-06-17T21:20:30","date_gmt":"2021-06-17T19:20:30","guid":{"rendered":"https:\/\/www.bellunopress.it\/?p=125296"},"modified":"2021-06-17T21:20:30","modified_gmt":"2021-06-17T19:20:30","slug":"acc-dinca-firmato-il-decreto-attuativo-dal-mise-ultimo-passaggio-al-mef-poi-le-risorse-per-lo-stabilimento-di-mel","status":"publish","type":"post","link":"https:\/\/www.bellunopress.it\/fr\/2021\/06\/17\/acc-dinca-firmato-il-decreto-attuativo-dal-mise-ultimo-passaggio-al-mef-poi-le-risorse-per-lo-stabilimento-di-mel\/","title":{"rendered":"Acc. D&#8217;Inc\u00e0: &#8220;Firmato il decreto attuativo dal Mise, ultimo passaggio al Mef. Poi le risorse per lo stabilimento di Mel&#8221;"},"content":{"rendered":"<figure id=\"attachment_89030\" aria-describedby=\"caption-attachment-89030\" style=\"width: 208px\" class=\"wp-caption alignleft\"><a href=\"https:\/\/www.bellunopress.it\/fr\/2017\/09\/07\/variante-di-tai-dinca-m5s-incontra-commissario-e-comitato-indispensabile-lavoro-condiviso\/federico-dinca-6\/\" rel=\"attachment wp-att-89030\"><img loading=\"lazy\" decoding=\"async\" class=\"size-full wp-image-89030\" src=\"https:\/\/www.bellunopress.it\/wp-content\/uploads\/2017\/09\/Federico-DInc\u00e0.jpg\" alt=\"\" width=\"208\" height=\"270\" \/><\/a><figcaption id=\"caption-attachment-89030\" class=\"wp-caption-text\">Federico D&#8217;Inc\u00e0, ministro per i Rapporti con il Parlamento<\/figcaption><\/figure>\n<p>&#8220;Il decreto per dare attuazione all&#8217;articolo 37 del Decreto sostegni \u00e8 stato firmato dal Mise. Ora manca il passaggio finale al Mef e poi la valutazione della Corte dei Conti e della Commissione Europea per il temporary framework. Di conseguenza, lo stabilimento ACC di Mel potr\u00e0 accedere alle linee di credito bancarie necessarie per proseguire la propria attivit\u00e0 attraverso le garanzie di SACE&#8221;.<\/p>\n<p>Lo assicura il ministro per i Rapporti con il Parlamento Federico D&#8217;Inc\u00e0.<\/p>\n<p>&#8220;Sono convinto che il Ministero dell&#8217;Economia e Finanze, attraverso il Ministro Daniele Franco, che ha seguito con attenzione la stesura del decreto Sostegni, sapr\u00e0 terminare in pochi giorni l&#8217;iter attuativo dell&#8217;articolo 37 che, ad oggi, presenta una copertura di 400 milioni di euro. Si tratta di importanti risorse in grado di rilanciare le tante aziende del nostro Paese ad oggi in amministrazione straordinaria, come nel caso dello stabilimento Acc di Mel.<br \/>\nMi auguro che, grazie le nuove linee di credito coperte dalle garanzie SACE, questo lungo percorso di salvezza possa finalmente concludersi nei migliori dei modi per i dipendenti e per l&#8217;intero territorio che ha sempre creduto in questa realt\u00e0&#8221;.<\/p>\n<p>&nbsp;<\/p>","protected":false},"excerpt":{"rendered":"<p>&#8220;Il decreto per dare attuazione all&#8217;articolo 37 del Decreto sostegni \u00e8 stato firmato dal Mise. Ora manca il passaggio finale al Mef e poi la valutazione della Corte dei Conti e della Commissione Europea per il temporary framework. Di conseguenza, lo stabilimento ACC di Mel potr\u00e0 accedere alle linee di credito bancarie necessarie per proseguire [&hellip;]<\/p>\n","protected":false},"author":2,"featured_media":89030,"comment_status":"closed","ping_status":"open","sticky":false,"template":"","format":"standard","meta":{"footnotes":""},"categories":[5,36],"tags":[],"class_list":["post-125296","post","type-post","status-publish","format-standard","has-post-thumbnail","category-cronaca","category-lavoro-economia"],"yoast_head":"<!-- This site is optimized with the Yoast SEO plugin v28.4 - https:\/\/yoast.com\/product\/yoast-seo-wordpress\/ -->\n<title>Acc. D&#039;Inc\u00e0: &quot;Firmato il decreto attuativo dal Mise, ultimo passaggio al Mef. Poi le risorse per lo stabilimento di Mel&quot; - Bellunopress - Dolomiti<\/title>\n<meta name=\"robots\" content=\"index, follow, max-snippet:-1, max-image-preview:large, max-video-preview:-1\" \/>\n<link rel=\"canonical\" href=\"https:\/\/www.bellunopress.it\/fr\/2021\/06\/17\/acc-dinca-firmato-il-decreto-attuativo-dal-mise-ultimo-passaggio-al-mef-poi-le-risorse-per-lo-stabilimento-di-mel\/\" \/>\n<meta property=\"og:locale\" content=\"fr_FR\" \/>\n<meta property=\"og:type\" content=\"article\" \/>\n<meta property=\"og:title\" content=\"Acc. D&#039;Inc\u00e0: &quot;Firmato il decreto attuativo dal Mise, ultimo passaggio al Mef. Poi le risorse per lo stabilimento di Mel&quot; - Bellunopress - Dolomiti\" \/>\n<meta property=\"og:description\" content=\"&#8220;Il decreto per dare attuazione all&#8217;articolo 37 del Decreto sostegni \u00e8 stato firmato dal Mise. Ora manca il passaggio finale al Mef e poi la valutazione della Corte dei Conti e della Commissione Europea per il temporary framework. Di conseguenza, lo stabilimento ACC di Mel potr\u00e0 accedere alle linee di credito bancarie necessarie per proseguire [&hellip;]\" \/>\n<meta property=\"og:url\" content=\"https:\/\/www.bellunopress.it\/fr\/2021\/06\/17\/acc-dinca-firmato-il-decreto-attuativo-dal-mise-ultimo-passaggio-al-mef-poi-le-risorse-per-lo-stabilimento-di-mel\/\" \/>\n<meta property=\"og:site_name\" content=\"Bellunopress - Dolomiti\" \/>\n<meta property=\"article:publisher\" content=\"https:\/\/www.facebook.com\/profile.php?id=100008943462799\" \/>\n<meta property=\"article:published_time\" content=\"2021-06-17T19:20:30+00:00\" \/>\n<meta property=\"og:image\" content=\"https:\/\/www.bellunopress.it\/wp-content\/uploads\/2017\/09\/Federico-DInc\u00e0.jpg\" \/>\n\t<meta property=\"og:image:width\" content=\"208\" \/>\n\t<meta property=\"og:image:height\" content=\"270\" \/>\n\t<meta property=\"og:image:type\" content=\"image\/jpeg\" \/>\n<meta name=\"author\" content=\"redazione\" \/>\n<meta name=\"twitter:card\" content=\"summary_large_image\" \/>\n<meta name=\"twitter:creator\" content=\"@bellunopress\" \/>\n<meta name=\"twitter:site\" content=\"@bellunopress\" \/>\n<meta name=\"twitter:label1\" content=\"\u00c9crit par\" \/>\n\t<meta name=\"twitter:data1\" content=\"redazione\" \/>\n\t<meta name=\"twitter:label2\" content=\"Dur\u00e9e de lecture estim\u00e9e\" \/>\n\t<meta name=\"twitter:data2\" content=\"2 minutes\" \/>\n<script type=\"application\/ld+json\" class=\"yoast-schema-graph\">{\"@context\":\"https:\\\/\\\/schema.org\",\"@graph\":[{\"@type\":\"Article\",\"@id\":\"https:\\\/\\\/www.bellunopress.it\\\/2021\\\/06\\\/17\\\/acc-dinca-firmato-il-decreto-attuativo-dal-mise-ultimo-passaggio-al-mef-poi-le-risorse-per-lo-stabilimento-di-mel\\\/#article\",\"isPartOf\":{\"@id\":\"https:\\\/\\\/www.bellunopress.it\\\/2021\\\/06\\\/17\\\/acc-dinca-firmato-il-decreto-attuativo-dal-mise-ultimo-passaggio-al-mef-poi-le-risorse-per-lo-stabilimento-di-mel\\\/\"},\"author\":{\"name\":\"redazione\",\"@id\":\"https:\\\/\\\/www.bellunopress.it\\\/#\\\/schema\\\/person\\\/79bb06722b37ece1c03d3e94beb30d73\"},\"headline\":\"Acc. D&#8217;Inc\u00e0: &#8220;Firmato il decreto attuativo dal Mise, ultimo passaggio al Mef. Poi le risorse per lo stabilimento di Mel&#8221;\",\"datePublished\":\"2021-06-17T19:20:30+00:00\",\"mainEntityOfPage\":{\"@id\":\"https:\\\/\\\/www.bellunopress.it\\\/2021\\\/06\\\/17\\\/acc-dinca-firmato-il-decreto-attuativo-dal-mise-ultimo-passaggio-al-mef-poi-le-risorse-per-lo-stabilimento-di-mel\\\/\"},\"wordCount\":226,\"publisher\":{\"@id\":\"https:\\\/\\\/www.bellunopress.it\\\/#organization\"},\"image\":{\"@id\":\"https:\\\/\\\/www.bellunopress.it\\\/2021\\\/06\\\/17\\\/acc-dinca-firmato-il-decreto-attuativo-dal-mise-ultimo-passaggio-al-mef-poi-le-risorse-per-lo-stabilimento-di-mel\\\/#primaryimage\"},\"thumbnailUrl\":\"https:\\\/\\\/www.bellunopress.it\\\/wp-content\\\/uploads\\\/2017\\\/09\\\/Federico-DInc\u00e0.jpg\",\"articleSection\":[\"Cronaca\\\/Politica\",\"Lavoro, Economia, Turismo\"],\"inLanguage\":\"fr-FR\"},{\"@type\":\"WebPage\",\"@id\":\"https:\\\/\\\/www.bellunopress.it\\\/2021\\\/06\\\/17\\\/acc-dinca-firmato-il-decreto-attuativo-dal-mise-ultimo-passaggio-al-mef-poi-le-risorse-per-lo-stabilimento-di-mel\\\/\",\"url\":\"https:\\\/\\\/www.bellunopress.it\\\/2021\\\/06\\\/17\\\/acc-dinca-firmato-il-decreto-attuativo-dal-mise-ultimo-passaggio-al-mef-poi-le-risorse-per-lo-stabilimento-di-mel\\\/\",\"name\":\"Acc. D'Inc\u00e0: \\\"Firmato il decreto attuativo dal Mise, ultimo passaggio al Mef. Poi le risorse per lo stabilimento di Mel\\\" - Bellunopress - Dolomiti\",\"isPartOf\":{\"@id\":\"https:\\\/\\\/www.bellunopress.it\\\/#website\"},\"primaryImageOfPage\":{\"@id\":\"https:\\\/\\\/www.bellunopress.it\\\/2021\\\/06\\\/17\\\/acc-dinca-firmato-il-decreto-attuativo-dal-mise-ultimo-passaggio-al-mef-poi-le-risorse-per-lo-stabilimento-di-mel\\\/#primaryimage\"},\"image\":{\"@id\":\"https:\\\/\\\/www.bellunopress.it\\\/2021\\\/06\\\/17\\\/acc-dinca-firmato-il-decreto-attuativo-dal-mise-ultimo-passaggio-al-mef-poi-le-risorse-per-lo-stabilimento-di-mel\\\/#primaryimage\"},\"thumbnailUrl\":\"https:\\\/\\\/www.bellunopress.it\\\/wp-content\\\/uploads\\\/2017\\\/09\\\/Federico-DInc\u00e0.jpg\",\"datePublished\":\"2021-06-17T19:20:30+00:00\",\"breadcrumb\":{\"@id\":\"https:\\\/\\\/www.bellunopress.it\\\/2021\\\/06\\\/17\\\/acc-dinca-firmato-il-decreto-attuativo-dal-mise-ultimo-passaggio-al-mef-poi-le-risorse-per-lo-stabilimento-di-mel\\\/#breadcrumb\"},\"inLanguage\":\"fr-FR\",\"potentialAction\":[{\"@type\":\"ReadAction\",\"target\":[\"https:\\\/\\\/www.bellunopress.it\\\/2021\\\/06\\\/17\\\/acc-dinca-firmato-il-decreto-attuativo-dal-mise-ultimo-passaggio-al-mef-poi-le-risorse-per-lo-stabilimento-di-mel\\\/\"]}]},{\"@type\":\"ImageObject\",\"inLanguage\":\"fr-FR\",\"@id\":\"https:\\\/\\\/www.bellunopress.it\\\/2021\\\/06\\\/17\\\/acc-dinca-firmato-il-decreto-attuativo-dal-mise-ultimo-passaggio-al-mef-poi-le-risorse-per-lo-stabilimento-di-mel\\\/#primaryimage\",\"url\":\"https:\\\/\\\/www.bellunopress.it\\\/wp-content\\\/uploads\\\/2017\\\/09\\\/Federico-DInc\u00e0.jpg\",\"contentUrl\":\"https:\\\/\\\/www.bellunopress.it\\\/wp-content\\\/uploads\\\/2017\\\/09\\\/Federico-DInc\u00e0.jpg\",\"width\":208,\"height\":270,\"caption\":\"Federico D'Inc\u00e0, ministro per i Rapporti con il Parlamento\"},{\"@type\":\"BreadcrumbList\",\"@id\":\"https:\\\/\\\/www.bellunopress.it\\\/2021\\\/06\\\/17\\\/acc-dinca-firmato-il-decreto-attuativo-dal-mise-ultimo-passaggio-al-mef-poi-le-risorse-per-lo-stabilimento-di-mel\\\/#breadcrumb\",\"itemListElement\":[{\"@type\":\"ListItem\",\"position\":1,\"name\":\"Home\",\"item\":\"https:\\\/\\\/www.bellunopress.it\\\/\"},{\"@type\":\"ListItem\",\"position\":2,\"name\":\"Acc. D&#8217;Inc\u00e0: &#8220;Firmato il decreto attuativo dal Mise, ultimo passaggio al Mef. Poi le risorse per lo stabilimento di Mel&#8221;\"}]},{\"@type\":\"WebSite\",\"@id\":\"https:\\\/\\\/www.bellunopress.it\\\/#website\",\"url\":\"https:\\\/\\\/www.bellunopress.it\\\/\",\"name\":\"Bellunopress - Dolomiti\",\"description\":\"e-mail: redazione@bellunopress.it\",\"publisher\":{\"@id\":\"https:\\\/\\\/www.bellunopress.it\\\/#organization\"},\"potentialAction\":[{\"@type\":\"SearchAction\",\"target\":{\"@type\":\"EntryPoint\",\"urlTemplate\":\"https:\\\/\\\/www.bellunopress.it\\\/?s={search_term_string}\"},\"query-input\":{\"@type\":\"PropertyValueSpecification\",\"valueRequired\":true,\"valueName\":\"search_term_string\"}}],\"inLanguage\":\"fr-FR\"},{\"@type\":\"Organization\",\"@id\":\"https:\\\/\\\/www.bellunopress.it\\\/#organization\",\"name\":\"Bellunopress\",\"url\":\"https:\\\/\\\/www.bellunopress.it\\\/\",\"logo\":{\"@type\":\"ImageObject\",\"inLanguage\":\"fr-FR\",\"@id\":\"https:\\\/\\\/www.bellunopress.it\\\/#\\\/schema\\\/logo\\\/image\\\/\",\"url\":\"https:\\\/\\\/www.bellunopress.it\\\/wp-content\\\/uploads\\\/2011\\\/05\\\/cropped-logo-bellunopress-.jpg\",\"contentUrl\":\"https:\\\/\\\/www.bellunopress.it\\\/wp-content\\\/uploads\\\/2011\\\/05\\\/cropped-logo-bellunopress-.jpg\",\"width\":512,\"height\":512,\"caption\":\"Bellunopress\"},\"image\":{\"@id\":\"https:\\\/\\\/www.bellunopress.it\\\/#\\\/schema\\\/logo\\\/image\\\/\"},\"sameAs\":[\"https:\\\/\\\/www.facebook.com\\\/profile.php?id=100008943462799\",\"https:\\\/\\\/x.com\\\/bellunopress\",\"https:\\\/\\\/www.linkedin.com\\\/hp\\\/?dnr=JBzUWaJfMUw8vbXJJ2tVW5-I3jZKvC4wsoxE&amp;amp;amp;amp;amp;amp;trk=nav_responsive_tab_home\",\"https:\\\/\\\/www.youtube.com\\\/channel\\\/UCxL0wu1uN0_3_7hGG0306cw\"]},{\"@type\":\"Person\",\"@id\":\"https:\\\/\\\/www.bellunopress.it\\\/#\\\/schema\\\/person\\\/79bb06722b37ece1c03d3e94beb30d73\",\"name\":\"redazione\",\"image\":{\"@type\":\"ImageObject\",\"inLanguage\":\"fr-FR\",\"@id\":\"https:\\\/\\\/secure.gravatar.com\\\/avatar\\\/37d968a2e67a6fd04c169c4bdef102d0bc5d31b2546345219e348575eb80e9a0?s=96&d=mm&r=g\",\"url\":\"https:\\\/\\\/secure.gravatar.com\\\/avatar\\\/37d968a2e67a6fd04c169c4bdef102d0bc5d31b2546345219e348575eb80e9a0?s=96&d=mm&r=g\",\"contentUrl\":\"https:\\\/\\\/secure.gravatar.com\\\/avatar\\\/37d968a2e67a6fd04c169c4bdef102d0bc5d31b2546345219e348575eb80e9a0?s=96&d=mm&r=g\",\"caption\":\"redazione\"},\"sameAs\":[\"http:\\\/\\\/www.bellunopress.it\",\"https:\\\/\\\/x.com\\\/bellunopress\"],\"url\":\"https:\\\/\\\/www.bellunopress.it\\\/fr\\\/author\\\/redazione\\\/\"}]}<\/script>\n<!-- \/ Yoast SEO plugin. -->","yoast_head_json":{"title":"Acc. D'Inc\u00e0: \"Firmato il decreto attuativo dal Mise, ultimo passaggio al Mef. Poi le risorse per lo stabilimento di Mel\" - Bellunopress - Dolomiti","robots":{"index":"index","follow":"follow","max-snippet":"max-snippet:-1","max-image-preview":"max-image-preview:large","max-video-preview":"max-video-preview:-1"},"canonical":"https:\/\/www.bellunopress.it\/fr\/2021\/06\/17\/acc-dinca-firmato-il-decreto-attuativo-dal-mise-ultimo-passaggio-al-mef-poi-le-risorse-per-lo-stabilimento-di-mel\/","og_locale":"fr_FR","og_type":"article","og_title":"Acc. D'Inc\u00e0: \"Firmato il decreto attuativo dal Mise, ultimo passaggio al Mef. Poi le risorse per lo stabilimento di Mel\" - Bellunopress - Dolomiti","og_description":"&#8220;Il decreto per dare attuazione all&#8217;articolo 37 del Decreto sostegni \u00e8 stato firmato dal Mise. Ora manca il passaggio finale al Mef e poi la valutazione della Corte dei Conti e della Commissione Europea per il temporary framework. Di conseguenza, lo stabilimento ACC di Mel potr\u00e0 accedere alle linee di credito bancarie necessarie per proseguire [&hellip;]","og_url":"https:\/\/www.bellunopress.it\/fr\/2021\/06\/17\/acc-dinca-firmato-il-decreto-attuativo-dal-mise-ultimo-passaggio-al-mef-poi-le-risorse-per-lo-stabilimento-di-mel\/","og_site_name":"Bellunopress - Dolomiti","article_publisher":"https:\/\/www.facebook.com\/profile.php?id=100008943462799","article_published_time":"2021-06-17T19:20:30+00:00","og_image":[{"width":208,"height":270,"url":"https:\/\/www.bellunopress.it\/wp-content\/uploads\/2017\/09\/Federico-DInc\u00e0.jpg","type":"image\/jpeg"}],"author":"redazione","twitter_card":"summary_large_image","twitter_creator":"@bellunopress","twitter_site":"@bellunopress","twitter_misc":{"\u00c9crit par":"redazione","Dur\u00e9e de lecture estim\u00e9e":"2 minutes"},"schema":{"@context":"https:\/\/schema.org","@graph":[{"@type":"Article","@id":"https:\/\/www.bellunopress.it\/2021\/06\/17\/acc-dinca-firmato-il-decreto-attuativo-dal-mise-ultimo-passaggio-al-mef-poi-le-risorse-per-lo-stabilimento-di-mel\/#article","isPartOf":{"@id":"https:\/\/www.bellunopress.it\/2021\/06\/17\/acc-dinca-firmato-il-decreto-attuativo-dal-mise-ultimo-passaggio-al-mef-poi-le-risorse-per-lo-stabilimento-di-mel\/"},"author":{"name":"redazione","@id":"https:\/\/www.bellunopress.it\/#\/schema\/person\/79bb06722b37ece1c03d3e94beb30d73"},"headline":"Acc. D&#8217;Inc\u00e0: &#8220;Firmato il decreto attuativo dal Mise, ultimo passaggio al Mef. Poi le risorse per lo stabilimento di Mel&#8221;","datePublished":"2021-06-17T19:20:30+00:00","mainEntityOfPage":{"@id":"https:\/\/www.bellunopress.it\/2021\/06\/17\/acc-dinca-firmato-il-decreto-attuativo-dal-mise-ultimo-passaggio-al-mef-poi-le-risorse-per-lo-stabilimento-di-mel\/"},"wordCount":226,"publisher":{"@id":"https:\/\/www.bellunopress.it\/#organization"},"image":{"@id":"https:\/\/www.bellunopress.it\/2021\/06\/17\/acc-dinca-firmato-il-decreto-attuativo-dal-mise-ultimo-passaggio-al-mef-poi-le-risorse-per-lo-stabilimento-di-mel\/#primaryimage"},"thumbnailUrl":"https:\/\/www.bellunopress.it\/wp-content\/uploads\/2017\/09\/Federico-DInc\u00e0.jpg","articleSection":["Cronaca\/Politica","Lavoro, Economia, Turismo"],"inLanguage":"fr-FR"},{"@type":"WebPage","@id":"https:\/\/www.bellunopress.it\/2021\/06\/17\/acc-dinca-firmato-il-decreto-attuativo-dal-mise-ultimo-passaggio-al-mef-poi-le-risorse-per-lo-stabilimento-di-mel\/","url":"https:\/\/www.bellunopress.it\/2021\/06\/17\/acc-dinca-firmato-il-decreto-attuativo-dal-mise-ultimo-passaggio-al-mef-poi-le-risorse-per-lo-stabilimento-di-mel\/","name":"Acc. D'Inc\u00e0: \"Firmato il decreto attuativo dal Mise, ultimo passaggio al Mef. Poi le risorse per lo stabilimento di Mel\" - Bellunopress - Dolomiti","isPartOf":{"@id":"https:\/\/www.bellunopress.it\/#website"},"primaryImageOfPage":{"@id":"https:\/\/www.bellunopress.it\/2021\/06\/17\/acc-dinca-firmato-il-decreto-attuativo-dal-mise-ultimo-passaggio-al-mef-poi-le-risorse-per-lo-stabilimento-di-mel\/#primaryimage"},"image":{"@id":"https:\/\/www.bellunopress.it\/2021\/06\/17\/acc-dinca-firmato-il-decreto-attuativo-dal-mise-ultimo-passaggio-al-mef-poi-le-risorse-per-lo-stabilimento-di-mel\/#primaryimage"},"thumbnailUrl":"https:\/\/www.bellunopress.it\/wp-content\/uploads\/2017\/09\/Federico-DInc\u00e0.jpg","datePublished":"2021-06-17T19:20:30+00:00","breadcrumb":{"@id":"https:\/\/www.bellunopress.it\/2021\/06\/17\/acc-dinca-firmato-il-decreto-attuativo-dal-mise-ultimo-passaggio-al-mef-poi-le-risorse-per-lo-stabilimento-di-mel\/#breadcrumb"},"inLanguage":"fr-FR","potentialAction":[{"@type":"ReadAction","target":["https:\/\/www.bellunopress.it\/2021\/06\/17\/acc-dinca-firmato-il-decreto-attuativo-dal-mise-ultimo-passaggio-al-mef-poi-le-risorse-per-lo-stabilimento-di-mel\/"]}]},{"@type":"ImageObject","inLanguage":"fr-FR","@id":"https:\/\/www.bellunopress.it\/2021\/06\/17\/acc-dinca-firmato-il-decreto-attuativo-dal-mise-ultimo-passaggio-al-mef-poi-le-risorse-per-lo-stabilimento-di-mel\/#primaryimage","url":"https:\/\/www.bellunopress.it\/wp-content\/uploads\/2017\/09\/Federico-DInc\u00e0.jpg","contentUrl":"https:\/\/www.bellunopress.it\/wp-content\/uploads\/2017\/09\/Federico-DInc\u00e0.jpg","width":208,"height":270,"caption":"Federico D'Inc\u00e0, ministro per i Rapporti con il Parlamento"},{"@type":"BreadcrumbList","@id":"https:\/\/www.bellunopress.it\/2021\/06\/17\/acc-dinca-firmato-il-decreto-attuativo-dal-mise-ultimo-passaggio-al-mef-poi-le-risorse-per-lo-stabilimento-di-mel\/#breadcrumb","itemListElement":[{"@type":"ListItem","position":1,"name":"Home","item":"https:\/\/www.bellunopress.it\/"},{"@type":"ListItem","position":2,"name":"Acc. D&#8217;Inc\u00e0: &#8220;Firmato il decreto attuativo dal Mise, ultimo passaggio al Mef. Poi le risorse per lo stabilimento di Mel&#8221;"}]},{"@type":"WebSite","@id":"https:\/\/www.bellunopress.it\/#website","url":"https:\/\/www.bellunopress.it\/","name":"Bellunopress - Dolomiti","description":"e-mail: redazione@bellunopress.it","publisher":{"@id":"https:\/\/www.bellunopress.it\/#organization"},"potentialAction":[{"@type":"SearchAction","target":{"@type":"EntryPoint","urlTemplate":"https:\/\/www.bellunopress.it\/?s={search_term_string}"},"query-input":{"@type":"PropertyValueSpecification","valueRequired":true,"valueName":"search_term_string"}}],"inLanguage":"fr-FR"},{"@type":"Organization","@id":"https:\/\/www.bellunopress.it\/#organization","name":"Bellunopress","url":"https:\/\/www.bellunopress.it\/","logo":{"@type":"ImageObject","inLanguage":"fr-FR","@id":"https:\/\/www.bellunopress.it\/#\/schema\/logo\/image\/","url":"https:\/\/www.bellunopress.it\/wp-content\/uploads\/2011\/05\/cropped-logo-bellunopress-.jpg","contentUrl":"https:\/\/www.bellunopress.it\/wp-content\/uploads\/2011\/05\/cropped-logo-bellunopress-.jpg","width":512,"height":512,"caption":"Bellunopress"},"image":{"@id":"https:\/\/www.bellunopress.it\/#\/schema\/logo\/image\/"},"sameAs":["https:\/\/www.facebook.com\/profile.php?id=100008943462799","https:\/\/x.com\/bellunopress","https:\/\/www.linkedin.com\/hp\/?dnr=JBzUWaJfMUw8vbXJJ2tVW5-I3jZKvC4wsoxE&amp;amp;amp;amp;amp;amp;trk=nav_responsive_tab_home","https:\/\/www.youtube.com\/channel\/UCxL0wu1uN0_3_7hGG0306cw"]},{"@type":"Person","@id":"https:\/\/www.bellunopress.it\/#\/schema\/person\/79bb06722b37ece1c03d3e94beb30d73","name":"r\u00e9daction","image":{"@type":"ImageObject","inLanguage":"fr-FR","@id":"https:\/\/secure.gravatar.com\/avatar\/37d968a2e67a6fd04c169c4bdef102d0bc5d31b2546345219e348575eb80e9a0?s=96&d=mm&r=g","url":"https:\/\/secure.gravatar.com\/avatar\/37d968a2e67a6fd04c169c4bdef102d0bc5d31b2546345219e348575eb80e9a0?s=96&d=mm&r=g","contentUrl":"https:\/\/secure.gravatar.com\/avatar\/37d968a2e67a6fd04c169c4bdef102d0bc5d31b2546345219e348575eb80e9a0?s=96&d=mm&r=g","caption":"redazione"},"sameAs":["http:\/\/www.bellunopress.it","https:\/\/x.com\/bellunopress"],"url":"https:\/\/www.bellunopress.it\/fr\/author\/redazione\/"}]}},"_links":{"self":[{"href":"https:\/\/www.bellunopress.it\/fr\/wp-json\/wp\/v2\/posts\/125296","targetHints":{"allow":["GET"]}}],"collection":[{"href":"https:\/\/www.bellunopress.it\/fr\/wp-json\/wp\/v2\/posts"}],"about":[{"href":"https:\/\/www.bellunopress.it\/fr\/wp-json\/wp\/v2\/types\/post"}],"author":[{"embeddable":true,"href":"https:\/\/www.bellunopress.it\/fr\/wp-json\/wp\/v2\/users\/2"}],"replies":[{"embeddable":true,"href":"https:\/\/www.bellunopress.it\/fr\/wp-json\/wp\/v2\/comments?post=125296"}],"version-history":[{"count":1,"href":"https:\/\/www.bellunopress.it\/fr\/wp-json\/wp\/v2\/posts\/125296\/revisions"}],"predecessor-version":[{"id":125297,"href":"https:\/\/www.bellunopress.it\/fr\/wp-json\/wp\/v2\/posts\/125296\/revisions\/125297"}],"wp:featuredmedia":[{"embeddable":true,"href":"https:\/\/www.bellunopress.it\/fr\/wp-json\/wp\/v2\/media\/89030"}],"wp:attachment":[{"href":"https:\/\/www.bellunopress.it\/fr\/wp-json\/wp\/v2\/media?parent=125296"}],"wp:term":[{"taxonomy":"category","embeddable":true,"href":"https:\/\/www.bellunopress.it\/fr\/wp-json\/wp\/v2\/categories?post=125296"},{"taxonomy":"post_tag","embeddable":true,"href":"https:\/\/www.bellunopress.it\/fr\/wp-json\/wp\/v2\/tags?post=125296"}],"curies":[{"name":"wp","href":"https:\/\/api.w.org\/{rel}","templated":true}]}}