{"id":125252,"date":"2021-06-15T23:09:18","date_gmt":"2021-06-15T21:09:18","guid":{"rendered":"https:\/\/www.bellunopress.it\/?p=125252"},"modified":"2021-06-16T13:51:58","modified_gmt":"2021-06-16T11:51:58","slug":"storie-di-rondini-corvi-e-gazze-uccisi-in-due-mesi-275-corvi-e-111-gazze-su-provvedimento-amministrativo-della-provincia","status":"publish","type":"post","link":"https:\/\/www.bellunopress.it\/fr\/2021\/06\/15\/storie-di-rondini-corvi-e-gazze-uccisi-in-due-mesi-275-corvi-e-111-gazze-su-provvedimento-amministrativo-della-provincia\/","title":{"rendered":"Storie di rondini, corvi e gazze. Uccisi in due mesi 275 corvi e 111 gazze su provvedimento amministrativo della Provincia"},"content":{"rendered":"<figure id=\"attachment_125253\" aria-describedby=\"caption-attachment-125253\" style=\"width: 800px\" class=\"wp-caption alignleft\"><a href=\"https:\/\/www.bellunopress.it\/fr\/2021\/06\/15\/storie-di-rondini-corvi-e-gazze-uccisi-in-due-mesi-275-corvi-e-111-gazze-su-provvedimento-amministrativo-della-provincia\/gabbie-cattura-corvi_edited\/\" rel=\"attachment wp-att-125253\"><img loading=\"lazy\" decoding=\"async\" class=\"size-full wp-image-125253\" src=\"https:\/\/www.bellunopress.it\/wp-content\/uploads\/2021\/06\/gabbie-cattura-corvi_edited.jpg\" alt=\"gabbia di cattura delle gazze con richiamo vivo\" width=\"800\" height=\"389\" srcset=\"https:\/\/www.bellunopress.it\/wp-content\/uploads\/2021\/06\/gabbie-cattura-corvi_edited.jpg 800w, https:\/\/www.bellunopress.it\/wp-content\/uploads\/2021\/06\/gabbie-cattura-corvi_edited-500x243.jpg 500w, https:\/\/www.bellunopress.it\/wp-content\/uploads\/2021\/06\/gabbie-cattura-corvi_edited-696x338.jpg 696w\" sizes=\"auto, (max-width: 800px) 100vw, 800px\" \/><\/a><figcaption id=\"caption-attachment-125253\" class=\"wp-caption-text\">Gabbia di cattura delle gazze con richiamo vivo<\/figcaption><\/figure>\n<p>Bisogna avere fortuna, nel mondo degli umani, come in quello degli animali. Nascere nel posto giusto con la pigmentazione in auge e di tendenza cambia la vita. Eccome!<br \/>\nLo dimostra, ad esempio, la recente iniziativa del Comune di Belluno \u201cCitt\u00e0 delle rondini\u201d, dove questi uccelli che popolano il centro sono, tutelati, censiti e protetti.<\/p>\n<p>Non \u00e8 cos\u00ec, invece, per corvi e gazze, che nelle periferie vengono sterminate nel silenzio e nell\u2019indifferenza.<\/p>\n<figure id=\"attachment_125254\" aria-describedby=\"caption-attachment-125254\" style=\"width: 389px\" class=\"wp-caption alignleft\"><a href=\"https:\/\/www.bellunopress.it\/fr\/2021\/06\/15\/storie-di-rondini-corvi-e-gazze-uccisi-in-due-mesi-275-corvi-e-111-gazze-su-provvedimento-amministrativo-della-provincia\/cattura-corvi_edited\/\" rel=\"attachment wp-att-125254\"><img loading=\"lazy\" decoding=\"async\" class=\"size-full wp-image-125254\" src=\"https:\/\/www.bellunopress.it\/wp-content\/uploads\/2021\/06\/cattura-corvi_edited.jpg\" alt=\"\" width=\"389\" height=\"800\" srcset=\"https:\/\/www.bellunopress.it\/wp-content\/uploads\/2021\/06\/cattura-corvi_edited.jpg 389w, https:\/\/www.bellunopress.it\/wp-content\/uploads\/2021\/06\/cattura-corvi_edited-243x500.jpg 243w, https:\/\/www.bellunopress.it\/wp-content\/uploads\/2021\/06\/cattura-corvi_edited-204x420.jpg 204w\" sizes=\"auto, (max-width: 389px) 100vw, 389px\" \/><\/a><figcaption id=\"caption-attachment-125254\" class=\"wp-caption-text\">Gabbia di cattura corvi con richiamo vivo<\/figcaption><\/figure>\n<figure id=\"attachment_125255\" aria-describedby=\"caption-attachment-125255\" style=\"width: 389px\" class=\"wp-caption alignleft\"><a href=\"https:\/\/www.bellunopress.it\/fr\/2021\/06\/15\/storie-di-rondini-corvi-e-gazze-uccisi-in-due-mesi-275-corvi-e-111-gazze-su-provvedimento-amministrativo-della-provincia\/tracce-sangue-corvi-uccisi-sul-posto_edited\/\" rel=\"attachment wp-att-125255\"><img loading=\"lazy\" decoding=\"async\" class=\"size-full wp-image-125255\" src=\"https:\/\/www.bellunopress.it\/wp-content\/uploads\/2021\/06\/tracce-sangue-corvi-uccisi-sul-posto_edited.jpg\" alt=\"\" width=\"389\" height=\"800\" srcset=\"https:\/\/www.bellunopress.it\/wp-content\/uploads\/2021\/06\/tracce-sangue-corvi-uccisi-sul-posto_edited.jpg 389w, https:\/\/www.bellunopress.it\/wp-content\/uploads\/2021\/06\/tracce-sangue-corvi-uccisi-sul-posto_edited-243x500.jpg 243w, https:\/\/www.bellunopress.it\/wp-content\/uploads\/2021\/06\/tracce-sangue-corvi-uccisi-sul-posto_edited-204x420.jpg 204w\" sizes=\"auto, (max-width: 389px) 100vw, 389px\" \/><\/a><figcaption id=\"caption-attachment-125255\" class=\"wp-caption-text\">Evidenti tracce di sangue sul ciotolato vicino alle gabbie<\/figcaption><\/figure>\n<p>Probabilmente pochi sanno che la Provincia ha avviato dal 1\u00b0 aprile 2021 un programma di cattura di corvi e gazze attraverso 22 gabbie \u201cLarsen\u201d distribuite nel territorio.<br \/>\n\u201cAl 31 maggio 2021 \u2013\u00a0 in soli due mesi, fa sapere il comando del Corpo di polizia provinciale di Belluno \u2013 sono state catturate 275 cornacchie (corvus corone spp) e 111 gazze (pica pica)\u201d. Dove per \u201ccatturate\u201d deve intendersi catturate e uccise. La cattura avviene attraverso dei richiami vivi. Mentre la condanna a morte, decisa dalla Provincia, di 275 corvi e 111 gazze, come si vede dalla foto che mostra i sassi macchiati di sangue, dev\u2019essere stata cruenta, senza tanti scrupoli. Probabilmente sbattendo sui sassi la testa dei poveri uccelli.<\/p>\n<p>O con qualche altro metodo spiccio.<\/p>\n<p>Che, se vorr\u00e0, ci potr\u00e0 essere spiegato nel dettaglio dal presidente della Provincia o dai suoi sottoposti.<\/p>","protected":false},"excerpt":{"rendered":"<p>Bisogna avere fortuna, nel mondo degli umani, come in quello degli animali. Nascere nel posto giusto con la pigmentazione in auge e di tendenza cambia la vita. Eccome! Lo dimostra, ad esempio, la recente iniziativa del Comune di Belluno \u201cCitt\u00e0 delle rondini\u201d, dove questi uccelli che popolano il centro sono, tutelati, censiti e protetti. Non [&hellip;]<\/p>\n","protected":false},"author":2,"featured_media":125254,"comment_status":"closed","ping_status":"open","sticky":false,"template":"","format":"standard","meta":{"footnotes":""},"categories":[5,3446,38,26],"tags":[],"class_list":["post-125252","post","type-post","status-publish","format-standard","has-post-thumbnail","category-cronaca","category-featured","category-natura-ambiente","category-prima-pagina"],"yoast_head":"<!-- This site is optimized with the Yoast SEO plugin v28.4 - https:\/\/yoast.com\/product\/yoast-seo-wordpress\/ -->\n<title>Storie di rondini, corvi e gazze. Uccisi in due mesi 275 corvi e 111 gazze su provvedimento amministrativo della Provincia - Bellunopress - Dolomiti<\/title>\n<meta name=\"robots\" content=\"index, follow, max-snippet:-1, max-image-preview:large, max-video-preview:-1\" \/>\n<link rel=\"canonical\" href=\"https:\/\/www.bellunopress.it\/fr\/2021\/06\/15\/storie-di-rondini-corvi-e-gazze-uccisi-in-due-mesi-275-corvi-e-111-gazze-su-provvedimento-amministrativo-della-provincia\/\" \/>\n<meta property=\"og:locale\" content=\"fr_FR\" \/>\n<meta property=\"og:type\" content=\"article\" \/>\n<meta property=\"og:title\" content=\"Storie di rondini, corvi e gazze. Uccisi in due mesi 275 corvi e 111 gazze su provvedimento amministrativo della Provincia - Bellunopress - Dolomiti\" \/>\n<meta property=\"og:description\" content=\"Bisogna avere fortuna, nel mondo degli umani, come in quello degli animali. Nascere nel posto giusto con la pigmentazione in auge e di tendenza cambia la vita. Eccome! Lo dimostra, ad esempio, la recente iniziativa del Comune di Belluno \u201cCitt\u00e0 delle rondini\u201d, dove questi uccelli che popolano il centro sono, tutelati, censiti e protetti. Non [&hellip;]\" \/>\n<meta property=\"og:url\" content=\"https:\/\/www.bellunopress.it\/fr\/2021\/06\/15\/storie-di-rondini-corvi-e-gazze-uccisi-in-due-mesi-275-corvi-e-111-gazze-su-provvedimento-amministrativo-della-provincia\/\" \/>\n<meta property=\"og:site_name\" content=\"Bellunopress - Dolomiti\" \/>\n<meta property=\"article:publisher\" content=\"https:\/\/www.facebook.com\/profile.php?id=100008943462799\" \/>\n<meta property=\"article:published_time\" content=\"2021-06-15T21:09:18+00:00\" \/>\n<meta property=\"article:modified_time\" content=\"2021-06-16T11:51:58+00:00\" \/>\n<meta property=\"og:image\" content=\"https:\/\/www.bellunopress.it\/wp-content\/uploads\/2021\/06\/cattura-corvi_edited.jpg\" \/>\n\t<meta property=\"og:image:width\" content=\"389\" \/>\n\t<meta property=\"og:image:height\" content=\"800\" \/>\n\t<meta property=\"og:image:type\" content=\"image\/jpeg\" \/>\n<meta name=\"author\" content=\"redazione\" \/>\n<meta name=\"twitter:card\" content=\"summary_large_image\" \/>\n<meta name=\"twitter:creator\" content=\"@bellunopress\" \/>\n<meta name=\"twitter:site\" content=\"@bellunopress\" \/>\n<meta name=\"twitter:label1\" content=\"\u00c9crit par\" \/>\n\t<meta name=\"twitter:data1\" content=\"redazione\" \/>\n\t<meta name=\"twitter:label2\" content=\"Dur\u00e9e de lecture estim\u00e9e\" \/>\n\t<meta name=\"twitter:data2\" content=\"2 minutes\" \/>\n<script type=\"application\/ld+json\" class=\"yoast-schema-graph\">{\"@context\":\"https:\\\/\\\/schema.org\",\"@graph\":[{\"@type\":\"Article\",\"@id\":\"https:\\\/\\\/www.bellunopress.it\\\/2021\\\/06\\\/15\\\/storie-di-rondini-corvi-e-gazze-uccisi-in-due-mesi-275-corvi-e-111-gazze-su-provvedimento-amministrativo-della-provincia\\\/#article\",\"isPartOf\":{\"@id\":\"https:\\\/\\\/www.bellunopress.it\\\/2021\\\/06\\\/15\\\/storie-di-rondini-corvi-e-gazze-uccisi-in-due-mesi-275-corvi-e-111-gazze-su-provvedimento-amministrativo-della-provincia\\\/\"},\"author\":{\"name\":\"redazione\",\"@id\":\"https:\\\/\\\/www.bellunopress.it\\\/#\\\/schema\\\/person\\\/79bb06722b37ece1c03d3e94beb30d73\"},\"headline\":\"Storie di rondini, corvi e gazze. Uccisi in due mesi 275 corvi e 111 gazze su provvedimento amministrativo della Provincia\",\"datePublished\":\"2021-06-15T21:09:18+00:00\",\"dateModified\":\"2021-06-16T11:51:58+00:00\",\"mainEntityOfPage\":{\"@id\":\"https:\\\/\\\/www.bellunopress.it\\\/2021\\\/06\\\/15\\\/storie-di-rondini-corvi-e-gazze-uccisi-in-due-mesi-275-corvi-e-111-gazze-su-provvedimento-amministrativo-della-provincia\\\/\"},\"wordCount\":264,\"publisher\":{\"@id\":\"https:\\\/\\\/www.bellunopress.it\\\/#organization\"},\"image\":{\"@id\":\"https:\\\/\\\/www.bellunopress.it\\\/2021\\\/06\\\/15\\\/storie-di-rondini-corvi-e-gazze-uccisi-in-due-mesi-275-corvi-e-111-gazze-su-provvedimento-amministrativo-della-provincia\\\/#primaryimage\"},\"thumbnailUrl\":\"https:\\\/\\\/www.bellunopress.it\\\/wp-content\\\/uploads\\\/2021\\\/06\\\/cattura-corvi_edited.jpg\",\"articleSection\":[\"Cronaca\\\/Politica\",\"Featured\",\"Meteo, natura, ambiente, animali\",\"Prima Pagina\"],\"inLanguage\":\"fr-FR\"},{\"@type\":\"WebPage\",\"@id\":\"https:\\\/\\\/www.bellunopress.it\\\/2021\\\/06\\\/15\\\/storie-di-rondini-corvi-e-gazze-uccisi-in-due-mesi-275-corvi-e-111-gazze-su-provvedimento-amministrativo-della-provincia\\\/\",\"url\":\"https:\\\/\\\/www.bellunopress.it\\\/2021\\\/06\\\/15\\\/storie-di-rondini-corvi-e-gazze-uccisi-in-due-mesi-275-corvi-e-111-gazze-su-provvedimento-amministrativo-della-provincia\\\/\",\"name\":\"Storie di rondini, corvi e gazze. Uccisi in due mesi 275 corvi e 111 gazze su provvedimento amministrativo della Provincia - Bellunopress - Dolomiti\",\"isPartOf\":{\"@id\":\"https:\\\/\\\/www.bellunopress.it\\\/#website\"},\"primaryImageOfPage\":{\"@id\":\"https:\\\/\\\/www.bellunopress.it\\\/2021\\\/06\\\/15\\\/storie-di-rondini-corvi-e-gazze-uccisi-in-due-mesi-275-corvi-e-111-gazze-su-provvedimento-amministrativo-della-provincia\\\/#primaryimage\"},\"image\":{\"@id\":\"https:\\\/\\\/www.bellunopress.it\\\/2021\\\/06\\\/15\\\/storie-di-rondini-corvi-e-gazze-uccisi-in-due-mesi-275-corvi-e-111-gazze-su-provvedimento-amministrativo-della-provincia\\\/#primaryimage\"},\"thumbnailUrl\":\"https:\\\/\\\/www.bellunopress.it\\\/wp-content\\\/uploads\\\/2021\\\/06\\\/cattura-corvi_edited.jpg\",\"datePublished\":\"2021-06-15T21:09:18+00:00\",\"dateModified\":\"2021-06-16T11:51:58+00:00\",\"breadcrumb\":{\"@id\":\"https:\\\/\\\/www.bellunopress.it\\\/2021\\\/06\\\/15\\\/storie-di-rondini-corvi-e-gazze-uccisi-in-due-mesi-275-corvi-e-111-gazze-su-provvedimento-amministrativo-della-provincia\\\/#breadcrumb\"},\"inLanguage\":\"fr-FR\",\"potentialAction\":[{\"@type\":\"ReadAction\",\"target\":[\"https:\\\/\\\/www.bellunopress.it\\\/2021\\\/06\\\/15\\\/storie-di-rondini-corvi-e-gazze-uccisi-in-due-mesi-275-corvi-e-111-gazze-su-provvedimento-amministrativo-della-provincia\\\/\"]}]},{\"@type\":\"ImageObject\",\"inLanguage\":\"fr-FR\",\"@id\":\"https:\\\/\\\/www.bellunopress.it\\\/2021\\\/06\\\/15\\\/storie-di-rondini-corvi-e-gazze-uccisi-in-due-mesi-275-corvi-e-111-gazze-su-provvedimento-amministrativo-della-provincia\\\/#primaryimage\",\"url\":\"https:\\\/\\\/www.bellunopress.it\\\/wp-content\\\/uploads\\\/2021\\\/06\\\/cattura-corvi_edited.jpg\",\"contentUrl\":\"https:\\\/\\\/www.bellunopress.it\\\/wp-content\\\/uploads\\\/2021\\\/06\\\/cattura-corvi_edited.jpg\",\"width\":389,\"height\":800,\"caption\":\"Gabbia di cattura corvi con richiamo vivo\"},{\"@type\":\"BreadcrumbList\",\"@id\":\"https:\\\/\\\/www.bellunopress.it\\\/2021\\\/06\\\/15\\\/storie-di-rondini-corvi-e-gazze-uccisi-in-due-mesi-275-corvi-e-111-gazze-su-provvedimento-amministrativo-della-provincia\\\/#breadcrumb\",\"itemListElement\":[{\"@type\":\"ListItem\",\"position\":1,\"name\":\"Home\",\"item\":\"https:\\\/\\\/www.bellunopress.it\\\/\"},{\"@type\":\"ListItem\",\"position\":2,\"name\":\"Storie di rondini, corvi e gazze. Uccisi in due mesi 275 corvi e 111 gazze su provvedimento amministrativo della Provincia\"}]},{\"@type\":\"WebSite\",\"@id\":\"https:\\\/\\\/www.bellunopress.it\\\/#website\",\"url\":\"https:\\\/\\\/www.bellunopress.it\\\/\",\"name\":\"Bellunopress - Dolomiti\",\"description\":\"e-mail: redazione@bellunopress.it\",\"publisher\":{\"@id\":\"https:\\\/\\\/www.bellunopress.it\\\/#organization\"},\"potentialAction\":[{\"@type\":\"SearchAction\",\"target\":{\"@type\":\"EntryPoint\",\"urlTemplate\":\"https:\\\/\\\/www.bellunopress.it\\\/?s={search_term_string}\"},\"query-input\":{\"@type\":\"PropertyValueSpecification\",\"valueRequired\":true,\"valueName\":\"search_term_string\"}}],\"inLanguage\":\"fr-FR\"},{\"@type\":\"Organization\",\"@id\":\"https:\\\/\\\/www.bellunopress.it\\\/#organization\",\"name\":\"Bellunopress\",\"url\":\"https:\\\/\\\/www.bellunopress.it\\\/\",\"logo\":{\"@type\":\"ImageObject\",\"inLanguage\":\"fr-FR\",\"@id\":\"https:\\\/\\\/www.bellunopress.it\\\/#\\\/schema\\\/logo\\\/image\\\/\",\"url\":\"https:\\\/\\\/www.bellunopress.it\\\/wp-content\\\/uploads\\\/2011\\\/05\\\/cropped-logo-bellunopress-.jpg\",\"contentUrl\":\"https:\\\/\\\/www.bellunopress.it\\\/wp-content\\\/uploads\\\/2011\\\/05\\\/cropped-logo-bellunopress-.jpg\",\"width\":512,\"height\":512,\"caption\":\"Bellunopress\"},\"image\":{\"@id\":\"https:\\\/\\\/www.bellunopress.it\\\/#\\\/schema\\\/logo\\\/image\\\/\"},\"sameAs\":[\"https:\\\/\\\/www.facebook.com\\\/profile.php?id=100008943462799\",\"https:\\\/\\\/x.com\\\/bellunopress\",\"https:\\\/\\\/www.linkedin.com\\\/hp\\\/?dnr=JBzUWaJfMUw8vbXJJ2tVW5-I3jZKvC4wsoxE&amp;amp;amp;amp;amp;amp;trk=nav_responsive_tab_home\",\"https:\\\/\\\/www.youtube.com\\\/channel\\\/UCxL0wu1uN0_3_7hGG0306cw\"]},{\"@type\":\"Person\",\"@id\":\"https:\\\/\\\/www.bellunopress.it\\\/#\\\/schema\\\/person\\\/79bb06722b37ece1c03d3e94beb30d73\",\"name\":\"redazione\",\"image\":{\"@type\":\"ImageObject\",\"inLanguage\":\"fr-FR\",\"@id\":\"https:\\\/\\\/secure.gravatar.com\\\/avatar\\\/37d968a2e67a6fd04c169c4bdef102d0bc5d31b2546345219e348575eb80e9a0?s=96&d=mm&r=g\",\"url\":\"https:\\\/\\\/secure.gravatar.com\\\/avatar\\\/37d968a2e67a6fd04c169c4bdef102d0bc5d31b2546345219e348575eb80e9a0?s=96&d=mm&r=g\",\"contentUrl\":\"https:\\\/\\\/secure.gravatar.com\\\/avatar\\\/37d968a2e67a6fd04c169c4bdef102d0bc5d31b2546345219e348575eb80e9a0?s=96&d=mm&r=g\",\"caption\":\"redazione\"},\"sameAs\":[\"http:\\\/\\\/www.bellunopress.it\",\"https:\\\/\\\/x.com\\\/bellunopress\"],\"url\":\"https:\\\/\\\/www.bellunopress.it\\\/fr\\\/author\\\/redazione\\\/\"}]}<\/script>\n<!-- \/ Yoast SEO plugin. -->","yoast_head_json":{"title":"Storie di rondini, corvi e gazze. Uccisi in due mesi 275 corvi e 111 gazze su provvedimento amministrativo della Provincia - Bellunopress - Dolomiti","robots":{"index":"index","follow":"follow","max-snippet":"max-snippet:-1","max-image-preview":"max-image-preview:large","max-video-preview":"max-video-preview:-1"},"canonical":"https:\/\/www.bellunopress.it\/fr\/2021\/06\/15\/storie-di-rondini-corvi-e-gazze-uccisi-in-due-mesi-275-corvi-e-111-gazze-su-provvedimento-amministrativo-della-provincia\/","og_locale":"fr_FR","og_type":"article","og_title":"Storie di rondini, corvi e gazze. Uccisi in due mesi 275 corvi e 111 gazze su provvedimento amministrativo della Provincia - Bellunopress - Dolomiti","og_description":"Bisogna avere fortuna, nel mondo degli umani, come in quello degli animali. Nascere nel posto giusto con la pigmentazione in auge e di tendenza cambia la vita. Eccome! Lo dimostra, ad esempio, la recente iniziativa del Comune di Belluno \u201cCitt\u00e0 delle rondini\u201d, dove questi uccelli che popolano il centro sono, tutelati, censiti e protetti. Non [&hellip;]","og_url":"https:\/\/www.bellunopress.it\/fr\/2021\/06\/15\/storie-di-rondini-corvi-e-gazze-uccisi-in-due-mesi-275-corvi-e-111-gazze-su-provvedimento-amministrativo-della-provincia\/","og_site_name":"Bellunopress - Dolomiti","article_publisher":"https:\/\/www.facebook.com\/profile.php?id=100008943462799","article_published_time":"2021-06-15T21:09:18+00:00","article_modified_time":"2021-06-16T11:51:58+00:00","og_image":[{"width":389,"height":800,"url":"https:\/\/www.bellunopress.it\/wp-content\/uploads\/2021\/06\/cattura-corvi_edited.jpg","type":"image\/jpeg"}],"author":"redazione","twitter_card":"summary_large_image","twitter_creator":"@bellunopress","twitter_site":"@bellunopress","twitter_misc":{"\u00c9crit par":"redazione","Dur\u00e9e de lecture estim\u00e9e":"2 minutes"},"schema":{"@context":"https:\/\/schema.org","@graph":[{"@type":"Article","@id":"https:\/\/www.bellunopress.it\/2021\/06\/15\/storie-di-rondini-corvi-e-gazze-uccisi-in-due-mesi-275-corvi-e-111-gazze-su-provvedimento-amministrativo-della-provincia\/#article","isPartOf":{"@id":"https:\/\/www.bellunopress.it\/2021\/06\/15\/storie-di-rondini-corvi-e-gazze-uccisi-in-due-mesi-275-corvi-e-111-gazze-su-provvedimento-amministrativo-della-provincia\/"},"author":{"name":"redazione","@id":"https:\/\/www.bellunopress.it\/#\/schema\/person\/79bb06722b37ece1c03d3e94beb30d73"},"headline":"Storie di rondini, corvi e gazze. Uccisi in due mesi 275 corvi e 111 gazze su provvedimento amministrativo della Provincia","datePublished":"2021-06-15T21:09:18+00:00","dateModified":"2021-06-16T11:51:58+00:00","mainEntityOfPage":{"@id":"https:\/\/www.bellunopress.it\/2021\/06\/15\/storie-di-rondini-corvi-e-gazze-uccisi-in-due-mesi-275-corvi-e-111-gazze-su-provvedimento-amministrativo-della-provincia\/"},"wordCount":264,"publisher":{"@id":"https:\/\/www.bellunopress.it\/#organization"},"image":{"@id":"https:\/\/www.bellunopress.it\/2021\/06\/15\/storie-di-rondini-corvi-e-gazze-uccisi-in-due-mesi-275-corvi-e-111-gazze-su-provvedimento-amministrativo-della-provincia\/#primaryimage"},"thumbnailUrl":"https:\/\/www.bellunopress.it\/wp-content\/uploads\/2021\/06\/cattura-corvi_edited.jpg","articleSection":["Cronaca\/Politica","Featured","Meteo, natura, ambiente, animali","Prima Pagina"],"inLanguage":"fr-FR"},{"@type":"WebPage","@id":"https:\/\/www.bellunopress.it\/2021\/06\/15\/storie-di-rondini-corvi-e-gazze-uccisi-in-due-mesi-275-corvi-e-111-gazze-su-provvedimento-amministrativo-della-provincia\/","url":"https:\/\/www.bellunopress.it\/2021\/06\/15\/storie-di-rondini-corvi-e-gazze-uccisi-in-due-mesi-275-corvi-e-111-gazze-su-provvedimento-amministrativo-della-provincia\/","name":"Storie di rondini, corvi e gazze. Uccisi in due mesi 275 corvi e 111 gazze su provvedimento amministrativo della Provincia - Bellunopress - Dolomiti","isPartOf":{"@id":"https:\/\/www.bellunopress.it\/#website"},"primaryImageOfPage":{"@id":"https:\/\/www.bellunopress.it\/2021\/06\/15\/storie-di-rondini-corvi-e-gazze-uccisi-in-due-mesi-275-corvi-e-111-gazze-su-provvedimento-amministrativo-della-provincia\/#primaryimage"},"image":{"@id":"https:\/\/www.bellunopress.it\/2021\/06\/15\/storie-di-rondini-corvi-e-gazze-uccisi-in-due-mesi-275-corvi-e-111-gazze-su-provvedimento-amministrativo-della-provincia\/#primaryimage"},"thumbnailUrl":"https:\/\/www.bellunopress.it\/wp-content\/uploads\/2021\/06\/cattura-corvi_edited.jpg","datePublished":"2021-06-15T21:09:18+00:00","dateModified":"2021-06-16T11:51:58+00:00","breadcrumb":{"@id":"https:\/\/www.bellunopress.it\/2021\/06\/15\/storie-di-rondini-corvi-e-gazze-uccisi-in-due-mesi-275-corvi-e-111-gazze-su-provvedimento-amministrativo-della-provincia\/#breadcrumb"},"inLanguage":"fr-FR","potentialAction":[{"@type":"ReadAction","target":["https:\/\/www.bellunopress.it\/2021\/06\/15\/storie-di-rondini-corvi-e-gazze-uccisi-in-due-mesi-275-corvi-e-111-gazze-su-provvedimento-amministrativo-della-provincia\/"]}]},{"@type":"ImageObject","inLanguage":"fr-FR","@id":"https:\/\/www.bellunopress.it\/2021\/06\/15\/storie-di-rondini-corvi-e-gazze-uccisi-in-due-mesi-275-corvi-e-111-gazze-su-provvedimento-amministrativo-della-provincia\/#primaryimage","url":"https:\/\/www.bellunopress.it\/wp-content\/uploads\/2021\/06\/cattura-corvi_edited.jpg","contentUrl":"https:\/\/www.bellunopress.it\/wp-content\/uploads\/2021\/06\/cattura-corvi_edited.jpg","width":389,"height":800,"caption":"Gabbia di cattura corvi con richiamo vivo"},{"@type":"BreadcrumbList","@id":"https:\/\/www.bellunopress.it\/2021\/06\/15\/storie-di-rondini-corvi-e-gazze-uccisi-in-due-mesi-275-corvi-e-111-gazze-su-provvedimento-amministrativo-della-provincia\/#breadcrumb","itemListElement":[{"@type":"ListItem","position":1,"name":"Home","item":"https:\/\/www.bellunopress.it\/"},{"@type":"ListItem","position":2,"name":"Storie di rondini, corvi e gazze. Uccisi in due mesi 275 corvi e 111 gazze su provvedimento amministrativo della Provincia"}]},{"@type":"WebSite","@id":"https:\/\/www.bellunopress.it\/#website","url":"https:\/\/www.bellunopress.it\/","name":"Bellunopress - Dolomiti","description":"e-mail: redazione@bellunopress.it","publisher":{"@id":"https:\/\/www.bellunopress.it\/#organization"},"potentialAction":[{"@type":"SearchAction","target":{"@type":"EntryPoint","urlTemplate":"https:\/\/www.bellunopress.it\/?s={search_term_string}"},"query-input":{"@type":"PropertyValueSpecification","valueRequired":true,"valueName":"search_term_string"}}],"inLanguage":"fr-FR"},{"@type":"Organization","@id":"https:\/\/www.bellunopress.it\/#organization","name":"Bellunopress","url":"https:\/\/www.bellunopress.it\/","logo":{"@type":"ImageObject","inLanguage":"fr-FR","@id":"https:\/\/www.bellunopress.it\/#\/schema\/logo\/image\/","url":"https:\/\/www.bellunopress.it\/wp-content\/uploads\/2011\/05\/cropped-logo-bellunopress-.jpg","contentUrl":"https:\/\/www.bellunopress.it\/wp-content\/uploads\/2011\/05\/cropped-logo-bellunopress-.jpg","width":512,"height":512,"caption":"Bellunopress"},"image":{"@id":"https:\/\/www.bellunopress.it\/#\/schema\/logo\/image\/"},"sameAs":["https:\/\/www.facebook.com\/profile.php?id=100008943462799","https:\/\/x.com\/bellunopress","https:\/\/www.linkedin.com\/hp\/?dnr=JBzUWaJfMUw8vbXJJ2tVW5-I3jZKvC4wsoxE&amp;amp;amp;amp;amp;amp;trk=nav_responsive_tab_home","https:\/\/www.youtube.com\/channel\/UCxL0wu1uN0_3_7hGG0306cw"]},{"@type":"Person","@id":"https:\/\/www.bellunopress.it\/#\/schema\/person\/79bb06722b37ece1c03d3e94beb30d73","name":"r\u00e9daction","image":{"@type":"ImageObject","inLanguage":"fr-FR","@id":"https:\/\/secure.gravatar.com\/avatar\/37d968a2e67a6fd04c169c4bdef102d0bc5d31b2546345219e348575eb80e9a0?s=96&d=mm&r=g","url":"https:\/\/secure.gravatar.com\/avatar\/37d968a2e67a6fd04c169c4bdef102d0bc5d31b2546345219e348575eb80e9a0?s=96&d=mm&r=g","contentUrl":"https:\/\/secure.gravatar.com\/avatar\/37d968a2e67a6fd04c169c4bdef102d0bc5d31b2546345219e348575eb80e9a0?s=96&d=mm&r=g","caption":"redazione"},"sameAs":["http:\/\/www.bellunopress.it","https:\/\/x.com\/bellunopress"],"url":"https:\/\/www.bellunopress.it\/fr\/author\/redazione\/"}]}},"_links":{"self":[{"href":"https:\/\/www.bellunopress.it\/fr\/wp-json\/wp\/v2\/posts\/125252","targetHints":{"allow":["GET"]}}],"collection":[{"href":"https:\/\/www.bellunopress.it\/fr\/wp-json\/wp\/v2\/posts"}],"about":[{"href":"https:\/\/www.bellunopress.it\/fr\/wp-json\/wp\/v2\/types\/post"}],"author":[{"embeddable":true,"href":"https:\/\/www.bellunopress.it\/fr\/wp-json\/wp\/v2\/users\/2"}],"replies":[{"embeddable":true,"href":"https:\/\/www.bellunopress.it\/fr\/wp-json\/wp\/v2\/comments?post=125252"}],"version-history":[{"count":2,"href":"https:\/\/www.bellunopress.it\/fr\/wp-json\/wp\/v2\/posts\/125252\/revisions"}],"predecessor-version":[{"id":125257,"href":"https:\/\/www.bellunopress.it\/fr\/wp-json\/wp\/v2\/posts\/125252\/revisions\/125257"}],"wp:featuredmedia":[{"embeddable":true,"href":"https:\/\/www.bellunopress.it\/fr\/wp-json\/wp\/v2\/media\/125254"}],"wp:attachment":[{"href":"https:\/\/www.bellunopress.it\/fr\/wp-json\/wp\/v2\/media?parent=125252"}],"wp:term":[{"taxonomy":"category","embeddable":true,"href":"https:\/\/www.bellunopress.it\/fr\/wp-json\/wp\/v2\/categories?post=125252"},{"taxonomy":"post_tag","embeddable":true,"href":"https:\/\/www.bellunopress.it\/fr\/wp-json\/wp\/v2\/tags?post=125252"}],"curies":[{"name":"wp","href":"https:\/\/api.w.org\/{rel}","templated":true}]}}