{"id":125248,"date":"2021-06-15T21:02:42","date_gmt":"2021-06-15T19:02:42","guid":{"rendered":"https:\/\/www.bellunopress.it\/?p=125248"},"modified":"2021-06-15T21:02:42","modified_gmt":"2021-06-15T19:02:42","slug":"alvaro-dal-farra-presenta-la-sua-kawasaki-kx-450-2021-al-motor-bike-expo","status":"publish","type":"post","link":"https:\/\/www.bellunopress.it\/fr\/2021\/06\/15\/alvaro-dal-farra-presenta-la-sua-kawasaki-kx-450-2021-al-motor-bike-expo\/","title":{"rendered":"Alvaro Dal Farra presenta la sua Kawasaki KX 450 2021 al Motor Bike Expo"},"content":{"rendered":"<p><a href=\"https:\/\/www.bellunopress.it\/fr\/2021\/06\/11\/alvaro-dal-farra-presenta-il-suo-nuovo-lavoro\/moto-alvaro-dal-farra\/\" rel=\"attachment wp-att-125184\"><img loading=\"lazy\" decoding=\"async\" class=\"alignleft size-full wp-image-125184\" src=\"https:\/\/www.bellunopress.it\/wp-content\/uploads\/2021\/06\/moto-alvaro-dal-farra.jpg\" alt=\"\" width=\"627\" height=\"414\" srcset=\"https:\/\/www.bellunopress.it\/wp-content\/uploads\/2021\/06\/moto-alvaro-dal-farra.jpg 627w, https:\/\/www.bellunopress.it\/wp-content\/uploads\/2021\/06\/moto-alvaro-dal-farra-500x330.jpg 500w\" sizes=\"auto, (max-width: 627px) 100vw, 627px\" \/><\/a>&#8220;Ride to Party&#8221; \u00e8 lo slogan perfetto per descrivere un personaggio poliedrico e spettacolare come Alvaro Dal Farra, che sar\u00e0 fra i protagonisti dell&#8217; MBE. Durante la fiera il freestyler sveler\u00e0 la sua nuova special, ancora top secret, a tutto il Motor Bike Expo con la presentazione ufficiale sul palco venerd\u00ec 18 giugno alle ore 15:30, mentre la render\u00e0 pubblica sui social alle ore 18:30.<br \/>\nLa moto rimarr\u00e0 esporla tutta la durata della fiera nello stand Crossabili\/Dal Farra al padiglione 4 stand 4R.<\/p>\n<p>Dopo la Kawasaki 3D Core, questa sar\u00e0 un upgrade della stessa. &#8220;Fin da quando ero pilota in attivit\u00e0, le mie moto erano avanti per tecnica ed estetica. \u00c8 un aspetto creativo che deriva dai miei studi all&#8217;Accademia di belle arti di Venezia. Nelle mie opere artistiche ho lavorato a installazioni con i materiali e i media pi\u00f9 diversi, ora tocca alle moto&#8221;.<\/p>\n<p>La special Kawasaki KX 450 2021 \u00e8 ancora coperta dal telo del segreto. Dal Farra si lascia sfuggire solo che sfoggia materiali e tecnologie innovative. Il leveraggio della sospensione posteriore \u00e8 il cuore di questo progetto e poi tanta vernice speciale, colori, anodizzazioni, lavorazioni laser 3D e materiali superleggeri. &#8220;\u00c8 una special che con i procedimenti standardizzati non si potrebbe realizzare, perch\u00e9 non riuscirebbe a stare dietro alle idee che nascono dalla mia insonnia&#8230;&#8221;. Il nome gi\u00e0 stato svelato: 3D Core Wild style, ma non sappiamo altro.<\/p>\n<figure id=\"attachment_6001\" aria-describedby=\"caption-attachment-6001\" style=\"width: 270px\" class=\"wp-caption alignleft\"><a href=\"https:\/\/www.bellunopress.it\/fr\/2009\/07\/15\/successo-di-pubblico-ieri-sera-a-limana-per-alvaro-dal-farra-e-il-suo-team-sulle-note-di-radio-padova-e-dei-skin-bones\/alvaro-dal-farra\/\" rel=\"attachment wp-att-6001\"><img loading=\"lazy\" decoding=\"async\" class=\"size-full wp-image-6001\" src=\"https:\/\/www.bellunopress.it\/wp-content\/uploads\/2009\/07\/alvaro-dal-farra.jpg\" alt=\"\" width=\"270\" height=\"180\" \/><\/a><figcaption id=\"caption-attachment-6001\" class=\"wp-caption-text\">Alvaro Dal Farra<\/figcaption><\/figure>\n<p><strong>Alvaro Dal Farra<\/strong><\/p>\n<p>Nato a Belluno nel 1977, ha percorso una carriera da pilota di freestyle motocross partecipando ai pi\u00f9 importanti eventi al mondo &#8211; Red Bull Xfighters, Masters of Dirt, Dew Tour, LG Action Sports, Ifmxf Night of the Jump.<\/p>\n<p>Ora \u00e8 manager ed imprenditore nello sport, laureato all&#8217;Accademia di Belle Arti di Venezia, con una tesi in fotografia sportiva.<\/p>\n<p>Negli anni ha creato diversi progetti sportivi e sociali. Alvaro termina la sua prestigiosa carriera a causa di una brutta caduta nel settembre 2009, da li l&#8217; impegno per gli altri con la creazione della FMX-school e ora il programma di Coaching dedicato a chi si vuole avvicinare alla disciplina del motocross e dell&#8217; FMX, insegnando loro la tecnica di guida nel fuoristrada con particolare attenzione al salto.<\/p>\n<p>Presentazione al pubblico ore 15:30<br \/>\nIn presenza sul palco del Motor Bike Expo<\/p>\n<p>Presentazione sui social ore 18:30<\/p>","protected":false},"excerpt":{"rendered":"<p>&#8220;Ride to Party&#8221; \u00e8 lo slogan perfetto per descrivere un personaggio poliedrico e spettacolare come Alvaro Dal Farra, che sar\u00e0 fra i protagonisti dell&#8217; MBE. Durante la fiera il freestyler sveler\u00e0 la sua nuova special, ancora top secret, a tutto il Motor Bike Expo con la presentazione ufficiale sul palco venerd\u00ec 18 giugno alle ore [&hellip;]<\/p>\n","protected":false},"author":2,"featured_media":125184,"comment_status":"closed","ping_status":"open","sticky":false,"template":"","format":"standard","meta":{"footnotes":""},"categories":[25,4],"tags":[],"class_list":["post-125248","post","type-post","status-publish","format-standard","has-post-thumbnail","category-pausa-caffe","category-sport"],"yoast_head":"<!-- This site is optimized with the Yoast SEO plugin v28.4 - https:\/\/yoast.com\/product\/yoast-seo-wordpress\/ -->\n<title>Alvaro Dal Farra presenta la sua Kawasaki KX 450 2021 al Motor Bike Expo - Bellunopress - Dolomiti<\/title>\n<meta name=\"robots\" content=\"index, follow, max-snippet:-1, max-image-preview:large, max-video-preview:-1\" \/>\n<link rel=\"canonical\" href=\"https:\/\/www.bellunopress.it\/fr\/2021\/06\/15\/alvaro-dal-farra-presenta-la-sua-kawasaki-kx-450-2021-al-motor-bike-expo\/\" \/>\n<meta property=\"og:locale\" content=\"fr_FR\" \/>\n<meta property=\"og:type\" content=\"article\" \/>\n<meta property=\"og:title\" content=\"Alvaro Dal Farra presenta la sua Kawasaki KX 450 2021 al Motor Bike Expo - Bellunopress - Dolomiti\" \/>\n<meta property=\"og:description\" content=\"&#8220;Ride to Party&#8221; \u00e8 lo slogan perfetto per descrivere un personaggio poliedrico e spettacolare come Alvaro Dal Farra, che sar\u00e0 fra i protagonisti dell&#8217; MBE. Durante la fiera il freestyler sveler\u00e0 la sua nuova special, ancora top secret, a tutto il Motor Bike Expo con la presentazione ufficiale sul palco venerd\u00ec 18 giugno alle ore [&hellip;]\" \/>\n<meta property=\"og:url\" content=\"https:\/\/www.bellunopress.it\/fr\/2021\/06\/15\/alvaro-dal-farra-presenta-la-sua-kawasaki-kx-450-2021-al-motor-bike-expo\/\" \/>\n<meta property=\"og:site_name\" content=\"Bellunopress - Dolomiti\" \/>\n<meta property=\"article:publisher\" content=\"https:\/\/www.facebook.com\/profile.php?id=100008943462799\" \/>\n<meta property=\"article:published_time\" content=\"2021-06-15T19:02:42+00:00\" \/>\n<meta property=\"og:image\" content=\"https:\/\/www.bellunopress.it\/wp-content\/uploads\/2021\/06\/moto-alvaro-dal-farra.jpg\" \/>\n\t<meta property=\"og:image:width\" content=\"627\" \/>\n\t<meta property=\"og:image:height\" content=\"414\" \/>\n\t<meta property=\"og:image:type\" content=\"image\/jpeg\" \/>\n<meta name=\"author\" content=\"redazione\" \/>\n<meta name=\"twitter:card\" content=\"summary_large_image\" \/>\n<meta name=\"twitter:creator\" content=\"@bellunopress\" \/>\n<meta name=\"twitter:site\" content=\"@bellunopress\" \/>\n<meta name=\"twitter:label1\" content=\"\u00c9crit par\" \/>\n\t<meta name=\"twitter:data1\" content=\"redazione\" \/>\n\t<meta name=\"twitter:label2\" content=\"Dur\u00e9e de lecture estim\u00e9e\" \/>\n\t<meta name=\"twitter:data2\" content=\"3 minutes\" \/>\n<script type=\"application\/ld+json\" class=\"yoast-schema-graph\">{\"@context\":\"https:\\\/\\\/schema.org\",\"@graph\":[{\"@type\":\"Article\",\"@id\":\"https:\\\/\\\/www.bellunopress.it\\\/2021\\\/06\\\/15\\\/alvaro-dal-farra-presenta-la-sua-kawasaki-kx-450-2021-al-motor-bike-expo\\\/#article\",\"isPartOf\":{\"@id\":\"https:\\\/\\\/www.bellunopress.it\\\/2021\\\/06\\\/15\\\/alvaro-dal-farra-presenta-la-sua-kawasaki-kx-450-2021-al-motor-bike-expo\\\/\"},\"author\":{\"name\":\"redazione\",\"@id\":\"https:\\\/\\\/www.bellunopress.it\\\/#\\\/schema\\\/person\\\/79bb06722b37ece1c03d3e94beb30d73\"},\"headline\":\"Alvaro Dal Farra presenta la sua Kawasaki KX 450 2021 al Motor Bike Expo\",\"datePublished\":\"2021-06-15T19:02:42+00:00\",\"mainEntityOfPage\":{\"@id\":\"https:\\\/\\\/www.bellunopress.it\\\/2021\\\/06\\\/15\\\/alvaro-dal-farra-presenta-la-sua-kawasaki-kx-450-2021-al-motor-bike-expo\\\/\"},\"wordCount\":388,\"publisher\":{\"@id\":\"https:\\\/\\\/www.bellunopress.it\\\/#organization\"},\"image\":{\"@id\":\"https:\\\/\\\/www.bellunopress.it\\\/2021\\\/06\\\/15\\\/alvaro-dal-farra-presenta-la-sua-kawasaki-kx-450-2021-al-motor-bike-expo\\\/#primaryimage\"},\"thumbnailUrl\":\"https:\\\/\\\/www.bellunopress.it\\\/wp-content\\\/uploads\\\/2021\\\/06\\\/moto-alvaro-dal-farra.jpg\",\"articleSection\":[\"Pausa Caff\u00e8\",\"Sport, tempo libero\"],\"inLanguage\":\"fr-FR\"},{\"@type\":\"WebPage\",\"@id\":\"https:\\\/\\\/www.bellunopress.it\\\/2021\\\/06\\\/15\\\/alvaro-dal-farra-presenta-la-sua-kawasaki-kx-450-2021-al-motor-bike-expo\\\/\",\"url\":\"https:\\\/\\\/www.bellunopress.it\\\/2021\\\/06\\\/15\\\/alvaro-dal-farra-presenta-la-sua-kawasaki-kx-450-2021-al-motor-bike-expo\\\/\",\"name\":\"Alvaro Dal Farra presenta la sua Kawasaki KX 450 2021 al Motor Bike Expo - Bellunopress - Dolomiti\",\"isPartOf\":{\"@id\":\"https:\\\/\\\/www.bellunopress.it\\\/#website\"},\"primaryImageOfPage\":{\"@id\":\"https:\\\/\\\/www.bellunopress.it\\\/2021\\\/06\\\/15\\\/alvaro-dal-farra-presenta-la-sua-kawasaki-kx-450-2021-al-motor-bike-expo\\\/#primaryimage\"},\"image\":{\"@id\":\"https:\\\/\\\/www.bellunopress.it\\\/2021\\\/06\\\/15\\\/alvaro-dal-farra-presenta-la-sua-kawasaki-kx-450-2021-al-motor-bike-expo\\\/#primaryimage\"},\"thumbnailUrl\":\"https:\\\/\\\/www.bellunopress.it\\\/wp-content\\\/uploads\\\/2021\\\/06\\\/moto-alvaro-dal-farra.jpg\",\"datePublished\":\"2021-06-15T19:02:42+00:00\",\"breadcrumb\":{\"@id\":\"https:\\\/\\\/www.bellunopress.it\\\/2021\\\/06\\\/15\\\/alvaro-dal-farra-presenta-la-sua-kawasaki-kx-450-2021-al-motor-bike-expo\\\/#breadcrumb\"},\"inLanguage\":\"fr-FR\",\"potentialAction\":[{\"@type\":\"ReadAction\",\"target\":[\"https:\\\/\\\/www.bellunopress.it\\\/2021\\\/06\\\/15\\\/alvaro-dal-farra-presenta-la-sua-kawasaki-kx-450-2021-al-motor-bike-expo\\\/\"]}]},{\"@type\":\"ImageObject\",\"inLanguage\":\"fr-FR\",\"@id\":\"https:\\\/\\\/www.bellunopress.it\\\/2021\\\/06\\\/15\\\/alvaro-dal-farra-presenta-la-sua-kawasaki-kx-450-2021-al-motor-bike-expo\\\/#primaryimage\",\"url\":\"https:\\\/\\\/www.bellunopress.it\\\/wp-content\\\/uploads\\\/2021\\\/06\\\/moto-alvaro-dal-farra.jpg\",\"contentUrl\":\"https:\\\/\\\/www.bellunopress.it\\\/wp-content\\\/uploads\\\/2021\\\/06\\\/moto-alvaro-dal-farra.jpg\",\"width\":627,\"height\":414},{\"@type\":\"BreadcrumbList\",\"@id\":\"https:\\\/\\\/www.bellunopress.it\\\/2021\\\/06\\\/15\\\/alvaro-dal-farra-presenta-la-sua-kawasaki-kx-450-2021-al-motor-bike-expo\\\/#breadcrumb\",\"itemListElement\":[{\"@type\":\"ListItem\",\"position\":1,\"name\":\"Home\",\"item\":\"https:\\\/\\\/www.bellunopress.it\\\/\"},{\"@type\":\"ListItem\",\"position\":2,\"name\":\"Alvaro Dal Farra presenta la sua Kawasaki KX 450 2021 al Motor Bike Expo\"}]},{\"@type\":\"WebSite\",\"@id\":\"https:\\\/\\\/www.bellunopress.it\\\/#website\",\"url\":\"https:\\\/\\\/www.bellunopress.it\\\/\",\"name\":\"Bellunopress - Dolomiti\",\"description\":\"e-mail: redazione@bellunopress.it\",\"publisher\":{\"@id\":\"https:\\\/\\\/www.bellunopress.it\\\/#organization\"},\"potentialAction\":[{\"@type\":\"SearchAction\",\"target\":{\"@type\":\"EntryPoint\",\"urlTemplate\":\"https:\\\/\\\/www.bellunopress.it\\\/?s={search_term_string}\"},\"query-input\":{\"@type\":\"PropertyValueSpecification\",\"valueRequired\":true,\"valueName\":\"search_term_string\"}}],\"inLanguage\":\"fr-FR\"},{\"@type\":\"Organization\",\"@id\":\"https:\\\/\\\/www.bellunopress.it\\\/#organization\",\"name\":\"Bellunopress\",\"url\":\"https:\\\/\\\/www.bellunopress.it\\\/\",\"logo\":{\"@type\":\"ImageObject\",\"inLanguage\":\"fr-FR\",\"@id\":\"https:\\\/\\\/www.bellunopress.it\\\/#\\\/schema\\\/logo\\\/image\\\/\",\"url\":\"https:\\\/\\\/www.bellunopress.it\\\/wp-content\\\/uploads\\\/2011\\\/05\\\/cropped-logo-bellunopress-.jpg\",\"contentUrl\":\"https:\\\/\\\/www.bellunopress.it\\\/wp-content\\\/uploads\\\/2011\\\/05\\\/cropped-logo-bellunopress-.jpg\",\"width\":512,\"height\":512,\"caption\":\"Bellunopress\"},\"image\":{\"@id\":\"https:\\\/\\\/www.bellunopress.it\\\/#\\\/schema\\\/logo\\\/image\\\/\"},\"sameAs\":[\"https:\\\/\\\/www.facebook.com\\\/profile.php?id=100008943462799\",\"https:\\\/\\\/x.com\\\/bellunopress\",\"https:\\\/\\\/www.linkedin.com\\\/hp\\\/?dnr=JBzUWaJfMUw8vbXJJ2tVW5-I3jZKvC4wsoxE&amp;amp;amp;amp;amp;amp;trk=nav_responsive_tab_home\",\"https:\\\/\\\/www.youtube.com\\\/channel\\\/UCxL0wu1uN0_3_7hGG0306cw\"]},{\"@type\":\"Person\",\"@id\":\"https:\\\/\\\/www.bellunopress.it\\\/#\\\/schema\\\/person\\\/79bb06722b37ece1c03d3e94beb30d73\",\"name\":\"redazione\",\"image\":{\"@type\":\"ImageObject\",\"inLanguage\":\"fr-FR\",\"@id\":\"https:\\\/\\\/secure.gravatar.com\\\/avatar\\\/37d968a2e67a6fd04c169c4bdef102d0bc5d31b2546345219e348575eb80e9a0?s=96&d=mm&r=g\",\"url\":\"https:\\\/\\\/secure.gravatar.com\\\/avatar\\\/37d968a2e67a6fd04c169c4bdef102d0bc5d31b2546345219e348575eb80e9a0?s=96&d=mm&r=g\",\"contentUrl\":\"https:\\\/\\\/secure.gravatar.com\\\/avatar\\\/37d968a2e67a6fd04c169c4bdef102d0bc5d31b2546345219e348575eb80e9a0?s=96&d=mm&r=g\",\"caption\":\"redazione\"},\"sameAs\":[\"http:\\\/\\\/www.bellunopress.it\",\"https:\\\/\\\/x.com\\\/bellunopress\"],\"url\":\"https:\\\/\\\/www.bellunopress.it\\\/fr\\\/author\\\/redazione\\\/\"}]}<\/script>\n<!-- \/ Yoast SEO plugin. -->","yoast_head_json":{"title":"Alvaro Dal Farra presenta la sua Kawasaki KX 450 2021 al Motor Bike Expo - Bellunopress - Dolomiti","robots":{"index":"index","follow":"follow","max-snippet":"max-snippet:-1","max-image-preview":"max-image-preview:large","max-video-preview":"max-video-preview:-1"},"canonical":"https:\/\/www.bellunopress.it\/fr\/2021\/06\/15\/alvaro-dal-farra-presenta-la-sua-kawasaki-kx-450-2021-al-motor-bike-expo\/","og_locale":"fr_FR","og_type":"article","og_title":"Alvaro Dal Farra presenta la sua Kawasaki KX 450 2021 al Motor Bike Expo - Bellunopress - Dolomiti","og_description":"&#8220;Ride to Party&#8221; \u00e8 lo slogan perfetto per descrivere un personaggio poliedrico e spettacolare come Alvaro Dal Farra, che sar\u00e0 fra i protagonisti dell&#8217; MBE. Durante la fiera il freestyler sveler\u00e0 la sua nuova special, ancora top secret, a tutto il Motor Bike Expo con la presentazione ufficiale sul palco venerd\u00ec 18 giugno alle ore [&hellip;]","og_url":"https:\/\/www.bellunopress.it\/fr\/2021\/06\/15\/alvaro-dal-farra-presenta-la-sua-kawasaki-kx-450-2021-al-motor-bike-expo\/","og_site_name":"Bellunopress - Dolomiti","article_publisher":"https:\/\/www.facebook.com\/profile.php?id=100008943462799","article_published_time":"2021-06-15T19:02:42+00:00","og_image":[{"width":627,"height":414,"url":"https:\/\/www.bellunopress.it\/wp-content\/uploads\/2021\/06\/moto-alvaro-dal-farra.jpg","type":"image\/jpeg"}],"author":"redazione","twitter_card":"summary_large_image","twitter_creator":"@bellunopress","twitter_site":"@bellunopress","twitter_misc":{"\u00c9crit par":"redazione","Dur\u00e9e de lecture estim\u00e9e":"3 minutes"},"schema":{"@context":"https:\/\/schema.org","@graph":[{"@type":"Article","@id":"https:\/\/www.bellunopress.it\/2021\/06\/15\/alvaro-dal-farra-presenta-la-sua-kawasaki-kx-450-2021-al-motor-bike-expo\/#article","isPartOf":{"@id":"https:\/\/www.bellunopress.it\/2021\/06\/15\/alvaro-dal-farra-presenta-la-sua-kawasaki-kx-450-2021-al-motor-bike-expo\/"},"author":{"name":"redazione","@id":"https:\/\/www.bellunopress.it\/#\/schema\/person\/79bb06722b37ece1c03d3e94beb30d73"},"headline":"Alvaro Dal Farra presenta la sua Kawasaki KX 450 2021 al Motor Bike Expo","datePublished":"2021-06-15T19:02:42+00:00","mainEntityOfPage":{"@id":"https:\/\/www.bellunopress.it\/2021\/06\/15\/alvaro-dal-farra-presenta-la-sua-kawasaki-kx-450-2021-al-motor-bike-expo\/"},"wordCount":388,"publisher":{"@id":"https:\/\/www.bellunopress.it\/#organization"},"image":{"@id":"https:\/\/www.bellunopress.it\/2021\/06\/15\/alvaro-dal-farra-presenta-la-sua-kawasaki-kx-450-2021-al-motor-bike-expo\/#primaryimage"},"thumbnailUrl":"https:\/\/www.bellunopress.it\/wp-content\/uploads\/2021\/06\/moto-alvaro-dal-farra.jpg","articleSection":["Pausa Caff\u00e8","Sport, tempo libero"],"inLanguage":"fr-FR"},{"@type":"WebPage","@id":"https:\/\/www.bellunopress.it\/2021\/06\/15\/alvaro-dal-farra-presenta-la-sua-kawasaki-kx-450-2021-al-motor-bike-expo\/","url":"https:\/\/www.bellunopress.it\/2021\/06\/15\/alvaro-dal-farra-presenta-la-sua-kawasaki-kx-450-2021-al-motor-bike-expo\/","name":"Alvaro Dal Farra presenta la sua Kawasaki KX 450 2021 al Motor Bike Expo - Bellunopress - Dolomiti","isPartOf":{"@id":"https:\/\/www.bellunopress.it\/#website"},"primaryImageOfPage":{"@id":"https:\/\/www.bellunopress.it\/2021\/06\/15\/alvaro-dal-farra-presenta-la-sua-kawasaki-kx-450-2021-al-motor-bike-expo\/#primaryimage"},"image":{"@id":"https:\/\/www.bellunopress.it\/2021\/06\/15\/alvaro-dal-farra-presenta-la-sua-kawasaki-kx-450-2021-al-motor-bike-expo\/#primaryimage"},"thumbnailUrl":"https:\/\/www.bellunopress.it\/wp-content\/uploads\/2021\/06\/moto-alvaro-dal-farra.jpg","datePublished":"2021-06-15T19:02:42+00:00","breadcrumb":{"@id":"https:\/\/www.bellunopress.it\/2021\/06\/15\/alvaro-dal-farra-presenta-la-sua-kawasaki-kx-450-2021-al-motor-bike-expo\/#breadcrumb"},"inLanguage":"fr-FR","potentialAction":[{"@type":"ReadAction","target":["https:\/\/www.bellunopress.it\/2021\/06\/15\/alvaro-dal-farra-presenta-la-sua-kawasaki-kx-450-2021-al-motor-bike-expo\/"]}]},{"@type":"ImageObject","inLanguage":"fr-FR","@id":"https:\/\/www.bellunopress.it\/2021\/06\/15\/alvaro-dal-farra-presenta-la-sua-kawasaki-kx-450-2021-al-motor-bike-expo\/#primaryimage","url":"https:\/\/www.bellunopress.it\/wp-content\/uploads\/2021\/06\/moto-alvaro-dal-farra.jpg","contentUrl":"https:\/\/www.bellunopress.it\/wp-content\/uploads\/2021\/06\/moto-alvaro-dal-farra.jpg","width":627,"height":414},{"@type":"BreadcrumbList","@id":"https:\/\/www.bellunopress.it\/2021\/06\/15\/alvaro-dal-farra-presenta-la-sua-kawasaki-kx-450-2021-al-motor-bike-expo\/#breadcrumb","itemListElement":[{"@type":"ListItem","position":1,"name":"Home","item":"https:\/\/www.bellunopress.it\/"},{"@type":"ListItem","position":2,"name":"Alvaro Dal Farra presenta la sua Kawasaki KX 450 2021 al Motor Bike Expo"}]},{"@type":"WebSite","@id":"https:\/\/www.bellunopress.it\/#website","url":"https:\/\/www.bellunopress.it\/","name":"Bellunopress - Dolomiti","description":"e-mail: redazione@bellunopress.it","publisher":{"@id":"https:\/\/www.bellunopress.it\/#organization"},"potentialAction":[{"@type":"SearchAction","target":{"@type":"EntryPoint","urlTemplate":"https:\/\/www.bellunopress.it\/?s={search_term_string}"},"query-input":{"@type":"PropertyValueSpecification","valueRequired":true,"valueName":"search_term_string"}}],"inLanguage":"fr-FR"},{"@type":"Organization","@id":"https:\/\/www.bellunopress.it\/#organization","name":"Bellunopress","url":"https:\/\/www.bellunopress.it\/","logo":{"@type":"ImageObject","inLanguage":"fr-FR","@id":"https:\/\/www.bellunopress.it\/#\/schema\/logo\/image\/","url":"https:\/\/www.bellunopress.it\/wp-content\/uploads\/2011\/05\/cropped-logo-bellunopress-.jpg","contentUrl":"https:\/\/www.bellunopress.it\/wp-content\/uploads\/2011\/05\/cropped-logo-bellunopress-.jpg","width":512,"height":512,"caption":"Bellunopress"},"image":{"@id":"https:\/\/www.bellunopress.it\/#\/schema\/logo\/image\/"},"sameAs":["https:\/\/www.facebook.com\/profile.php?id=100008943462799","https:\/\/x.com\/bellunopress","https:\/\/www.linkedin.com\/hp\/?dnr=JBzUWaJfMUw8vbXJJ2tVW5-I3jZKvC4wsoxE&amp;amp;amp;amp;amp;amp;trk=nav_responsive_tab_home","https:\/\/www.youtube.com\/channel\/UCxL0wu1uN0_3_7hGG0306cw"]},{"@type":"Person","@id":"https:\/\/www.bellunopress.it\/#\/schema\/person\/79bb06722b37ece1c03d3e94beb30d73","name":"r\u00e9daction","image":{"@type":"ImageObject","inLanguage":"fr-FR","@id":"https:\/\/secure.gravatar.com\/avatar\/37d968a2e67a6fd04c169c4bdef102d0bc5d31b2546345219e348575eb80e9a0?s=96&d=mm&r=g","url":"https:\/\/secure.gravatar.com\/avatar\/37d968a2e67a6fd04c169c4bdef102d0bc5d31b2546345219e348575eb80e9a0?s=96&d=mm&r=g","contentUrl":"https:\/\/secure.gravatar.com\/avatar\/37d968a2e67a6fd04c169c4bdef102d0bc5d31b2546345219e348575eb80e9a0?s=96&d=mm&r=g","caption":"redazione"},"sameAs":["http:\/\/www.bellunopress.it","https:\/\/x.com\/bellunopress"],"url":"https:\/\/www.bellunopress.it\/fr\/author\/redazione\/"}]}},"_links":{"self":[{"href":"https:\/\/www.bellunopress.it\/fr\/wp-json\/wp\/v2\/posts\/125248","targetHints":{"allow":["GET"]}}],"collection":[{"href":"https:\/\/www.bellunopress.it\/fr\/wp-json\/wp\/v2\/posts"}],"about":[{"href":"https:\/\/www.bellunopress.it\/fr\/wp-json\/wp\/v2\/types\/post"}],"author":[{"embeddable":true,"href":"https:\/\/www.bellunopress.it\/fr\/wp-json\/wp\/v2\/users\/2"}],"replies":[{"embeddable":true,"href":"https:\/\/www.bellunopress.it\/fr\/wp-json\/wp\/v2\/comments?post=125248"}],"version-history":[{"count":1,"href":"https:\/\/www.bellunopress.it\/fr\/wp-json\/wp\/v2\/posts\/125248\/revisions"}],"predecessor-version":[{"id":125249,"href":"https:\/\/www.bellunopress.it\/fr\/wp-json\/wp\/v2\/posts\/125248\/revisions\/125249"}],"wp:featuredmedia":[{"embeddable":true,"href":"https:\/\/www.bellunopress.it\/fr\/wp-json\/wp\/v2\/media\/125184"}],"wp:attachment":[{"href":"https:\/\/www.bellunopress.it\/fr\/wp-json\/wp\/v2\/media?parent=125248"}],"wp:term":[{"taxonomy":"category","embeddable":true,"href":"https:\/\/www.bellunopress.it\/fr\/wp-json\/wp\/v2\/categories?post=125248"},{"taxonomy":"post_tag","embeddable":true,"href":"https:\/\/www.bellunopress.it\/fr\/wp-json\/wp\/v2\/tags?post=125248"}],"curies":[{"name":"wp","href":"https:\/\/api.w.org\/{rel}","templated":true}]}}