{"id":125204,"date":"2021-06-13T07:54:27","date_gmt":"2021-06-13T05:54:27","guid":{"rendered":"https:\/\/www.bellunopress.it\/?p=125204"},"modified":"2021-06-12T21:21:28","modified_gmt":"2021-06-12T19:21:28","slug":"nuovo-volume-della-collana-tesori-darte-approfondimento-sullaltare-a-battenti-di-santa-maria-a-pieve-di-cadore","status":"publish","type":"post","link":"https:\/\/www.bellunopress.it\/fr\/2021\/06\/13\/nuovo-volume-della-collana-tesori-darte-approfondimento-sullaltare-a-battenti-di-santa-maria-a-pieve-di-cadore\/","title":{"rendered":"Nuovo volume della collana \u201cTesori d\u2019arte\u201d: approfondimento sull\u2019altare a battenti di Santa Maria a Pieve di Cadore"},"content":{"rendered":"<p><a href=\"https:\/\/www.bellunopress.it\/fr\/2014\/08\/29\/la-ditta-antoniol-di-pieve-di-cadore-festeggia-50-anni-di-attivita\/chiesa-pieve-di-cadore\/\" rel=\"attachment wp-att-62025\"><img loading=\"lazy\" decoding=\"async\" class=\"alignleft size-full wp-image-62025\" src=\"https:\/\/www.bellunopress.it\/wp-content\/uploads\/2014\/08\/chiesa-pieve-di-cadore.jpg\" alt=\"\" width=\"177\" height=\"180\" \/><\/a>Una vicenda intricata e affascinante. Un oggetto d\u2019arte che esce dalla bottega di un affermato scultore alla fine del Quattrocento e si ritrova cinque secoli dopo a pezzi, sparsi in giro per l\u2019Italia. \u00c8 la storia dell\u2019altare a battenti di Santa Maria di Pieve di Cadore, ricostruita minuziosamente, sotto la lente degli esperti (storici dell\u2019arte e restauratori), nell\u2019ultimo volume della collana \u201cTesori d\u2019arte nelle chiese del Bellunese\u201d, edito dalla Provincia di Belluno.<br \/>\nUn volume monografico, che gi\u00e0 di per s\u00e9 rappresenta un unicum nel panorama della collana dei \u201cTesori\u201d. Perch\u00e9 la vicenda del Fl\u00fcgelaltar di Pieve (o altare ad ali) era ed \u00e8 meritevole di un libro che tratti esclusivamente le ricerche degli ultimi anni e i ritrovamenti che hanno portato alle ipotesi ricostruttive. \u00abUn volume che riporta alla luce non solo la storia di un\u2019opera d\u2019arte, ma anche le radici storiche del nostro territorio &#8211; commenta il consigliere provinciale delegato alla cultura, Simone Deola -. In una fase in cui il Cadore faceva da cerniera tra gli influssi germanici e quelli mediterranei, terra di confine, ma non per questo marginale o periferica\u00bb.<br \/>\nL\u2019altare a battenti risale alla fine del Quattrocento ed \u00e8 comunemente attribuito alla bottega di Ruprecht Potsch, a Bressanone.<\/p>\n<p>Dove lo si pu\u00f2 vedere? Da nessuna parte.<\/p>\n<p>Secondo le ultime ricostruzioni, l\u2019opera lignea rimase integra nella chiesa di Santa Maria Nascente a Pieve di Cadore fino all\u2019inizio dell\u2019Ottocento, quando per cambiamenti nelle esigenze liturgiche l\u2019abside gotica venne modificata e l\u2019altare smembrato. Cominci\u00f2 cos\u00ec la diaspora dei pezzi. Le statue dei santi Pietro e Paolo (che dovevano occupare le nicchie laterali dei due battenti del Fl\u00fcgelaltar) furono ritrovate nella chiesa di Pozzale, dipinte di bianco e riadattate. La Madonna invece salt\u00f2 fuori dalle collezioni di Palazzo Madama a Torino, dopo una difficile attribuzione.<br \/>\nLa ricostruzione dei vari elementi, come pezzi di un puzzle, \u00e8 ben documentata nel volume edito dalla Provincia e curato dalla ricercatrice Letizia Lonzi, insieme a una contestualizzazione storica sulla commissione dell\u2019altare, a un saggio tecnico sul restauro delle statue, e insieme anche a una rassegna sull\u2019altaristica tedesca nel Bellunese.<br \/>\n\u00abQuesto volume, attraverso la vicenda dell\u2019altare di Pieve, ci d\u00e0 l\u2019occasione per rivolgere lo sguardo alle ricchezze del nostro territorio, fatto di arte, storia e cultura, oltre che di ambiente e paesaggi &#8211; sottolinea il presidente della Provincia, Roberto Padrin -. \u00c8 fonte di conoscenza del nostro patrimonio artistico e allo stesso tempo arricchimento culturale.<\/p>\n<p>&nbsp;<\/p>\n<p><strong>Nota della curatrice, Letizia Lonzi<\/strong><\/p>\n<p>Nella chiesa gotica di Santa Maria a Pieve di Cadore faceva bella mostra di s\u00e9 una grande macchina liturgica lignea &#8211; un Fl\u00fcgelaltar di poco pi\u00f9 di sei metri &#8211; che era quanto di pi\u00f9 aggiornato potesse offrire la produzione brissinese alla fine del \u2018400. Un altare con le ali (o a battenti) &#8211; per il pagamento del quale \u00e8 attestato anche il coinvolgimento del Fontego della Comunit\u00e0 &#8211; che sopravvisse integro per poco pi\u00f9 di 300 anni fintanto che non fu soppiantato da modelli pi\u00f9 aggiornati, innescandone cos\u00ec la diaspora degli elementi.<br \/>\nPur smembrato e parzialmente disperso, l&#8217;altare era ben noto agli studiosi ma solo grazie a un rinvenimento, fatto nel 2005 dall\u2019allora ispettrice di zona per la Soprintendenza storico artistica Marta Mazza, prese avvio una nuova fase di approfondimento teorico e tecnico, sfociata in un importante restauro eseguito, con fondi ministeriali, dalle esperte mani di Milena Dean.<br \/>\nGli studi condotti a margine del difficile quanto eccezionale intervento conservativo si conclusero nel 2015 e donarono la soddisfazione di grandi scoperte, rimaste tuttavia finora inedite. Li si \u00e8 ripresi oggi, all\u2019interno di un rinnovato slancio della collana Tesori d\u2019arte nelle chiese del Bellunese, sviluppandoli pure su altri livelli, dando vita a un volume monografico, apparentemente anomalo ma quanto mai concreto e imprescindibile per la conoscenza e la valorizzazione del patrimonio territoriale.<br \/>\nAttraverso le analisi di Marta Mazza e di Milena Dean, riportate nella sezione centrale del libro, si \u00e8 cercato di scovare e rincorrere le singole componenti del prezioso apparato scenico, prodotto attorno al 1499 dalla bottega di Ruprecht Potsch di Bressanone con la collaborazione di un altro abile scultore, che potremmo definire \u201cmeteora\u201d per la qualit\u00e0 del modellato e il naturalismo di alcune lavorazioni, non ancora identificato ma con evidenti influssi svevi.<br \/>\nNon sappiamo precisamente che cosa e chi abbia provocato, e poi continuato, la dispersione delle parti; fatto sta che \u00e8 stato necessario partire da Pieve di Cadore, spostarsi nella vicina chiesa della frazione di Pozzale intitolata a San Tomaso (dove si celavano sotto una decina di strati di ridipinture e manomissioni le ritrovate statue degli apostoli) per giungere infine a Torino, dove \u00e8 approdata la Madonna, che occupava la posizione centrale del pregevole prodotto artigianale, per ricomporre pertanto l\u2019intero apparato scultoreo.<br \/>\nUna sorte simile \u00e8 toccata anche a un altro altare di Potsch &#8211; riemerso durante queste lunghe ricerche incrociate &#8211; un tempo conservato nella pieve di San Floriano di Zoldo, in seguito scomparso e ora riaffiorato nell&#8217;esemplare esposto addirittura a Londra con il coinvolgimento dell&#8217;intricata vicenda dello scultore Valentino Panciera Besarel. Quello di Pieve di Cadore diventa dunque il prototipo dell&#8217;altare di Potsch, lavorato quasi in contemporanea con quello zoldano e poco prima del manufatto di Rocca Pietore, fortunatamente ancora nella sua sede originaria.<br \/>\nNel volume spetta a Giandomenico Zanderigo Rosolo contestualizzare la commissione dell\u2019opera di Santa Maria Nascente e analizzare i rapporti tra le popolazioni latine e tedesche, attraverso le fonti scritte, sebbene frammentarie, e i ben documentati e trafficati antichi percorsi. Antonio Genova, oltre a curare il Regesto dei documenti, avanza inoltre un\u2019ipotesi \u201cregale\u201d, quanto mai fondata, in merito a questo traffico ottocentesco di altari fatto di reimpieghi, contestualizzazioni e mercato antiquario.<br \/>\nL\u2019occasione ha permesso infine a chi scrive di fare il punto sull\u2019altaristica tedesca in provincia di Belluno, comprendendovi anche Sappada che all\u2019inizio del progetto faceva amministrativamente ancora parte del comprensorio, e approntando uno strumento di lavoro che ci si auspica possa rivelarsi utile per eventuali futuri approfondimenti e giunte.<br \/>\nUn importante tassello di storia cadorina torna oggi alla luce, e lo fa in modo chiaro e ben definito, grazie alla passione e alla competenza di validi ricercatori e ricercatrici e di sostenitori istituzionali che hanno creduto nel progetto, non nascondendo il desiderio di poter riproporre, un giorno non troppo lontano, l\u2019assetto primigenio del Fl\u00fcgelaltar di Pieve di Cadore.<\/p>","protected":false},"excerpt":{"rendered":"<p>Una vicenda intricata e affascinante. Un oggetto d\u2019arte che esce dalla bottega di un affermato scultore alla fine del Quattrocento e si ritrova cinque secoli dopo a pezzi, sparsi in giro per l\u2019Italia. \u00c8 la storia dell\u2019altare a battenti di Santa Maria di Pieve di Cadore, ricostruita minuziosamente, sotto la lente degli esperti (storici dell\u2019arte [&hellip;]<\/p>\n","protected":false},"author":2,"featured_media":62025,"comment_status":"closed","ping_status":"open","sticky":false,"template":"","format":"standard","meta":{"footnotes":""},"categories":[3],"tags":[],"class_list":["post-125204","post","type-post","status-publish","format-standard","has-post-thumbnail","category-arte-cultura-spettacoli-scienza-archivi"],"yoast_head":"<!-- This site is optimized with the Yoast SEO plugin v28.4 - https:\/\/yoast.com\/product\/yoast-seo-wordpress\/ -->\n<title>Nuovo volume della collana \u201cTesori d\u2019arte\u201d: approfondimento sull\u2019altare a battenti di Santa Maria a Pieve di Cadore - Bellunopress - Dolomiti<\/title>\n<meta name=\"robots\" content=\"index, follow, max-snippet:-1, max-image-preview:large, max-video-preview:-1\" \/>\n<link rel=\"canonical\" href=\"https:\/\/www.bellunopress.it\/fr\/2021\/06\/13\/nuovo-volume-della-collana-tesori-darte-approfondimento-sullaltare-a-battenti-di-santa-maria-a-pieve-di-cadore\/\" \/>\n<meta property=\"og:locale\" content=\"fr_FR\" \/>\n<meta property=\"og:type\" content=\"article\" \/>\n<meta property=\"og:title\" content=\"Nuovo volume della collana \u201cTesori d\u2019arte\u201d: approfondimento sull\u2019altare a battenti di Santa Maria a Pieve di Cadore - Bellunopress - Dolomiti\" \/>\n<meta property=\"og:description\" content=\"Una vicenda intricata e affascinante. Un oggetto d\u2019arte che esce dalla bottega di un affermato scultore alla fine del Quattrocento e si ritrova cinque secoli dopo a pezzi, sparsi in giro per l\u2019Italia. \u00c8 la storia dell\u2019altare a battenti di Santa Maria di Pieve di Cadore, ricostruita minuziosamente, sotto la lente degli esperti (storici dell\u2019arte [&hellip;]\" \/>\n<meta property=\"og:url\" content=\"https:\/\/www.bellunopress.it\/fr\/2021\/06\/13\/nuovo-volume-della-collana-tesori-darte-approfondimento-sullaltare-a-battenti-di-santa-maria-a-pieve-di-cadore\/\" \/>\n<meta property=\"og:site_name\" content=\"Bellunopress - Dolomiti\" \/>\n<meta property=\"article:publisher\" content=\"https:\/\/www.facebook.com\/profile.php?id=100008943462799\" \/>\n<meta property=\"article:published_time\" content=\"2021-06-13T05:54:27+00:00\" \/>\n<meta property=\"og:image\" content=\"https:\/\/www.bellunopress.it\/wp-content\/uploads\/2014\/08\/chiesa-pieve-di-cadore.jpg\" \/>\n\t<meta property=\"og:image:width\" content=\"177\" \/>\n\t<meta property=\"og:image:height\" content=\"180\" \/>\n\t<meta property=\"og:image:type\" content=\"image\/jpeg\" \/>\n<meta name=\"author\" content=\"redazione\" \/>\n<meta name=\"twitter:card\" content=\"summary_large_image\" \/>\n<meta name=\"twitter:creator\" content=\"@bellunopress\" \/>\n<meta name=\"twitter:site\" content=\"@bellunopress\" \/>\n<meta name=\"twitter:label1\" content=\"\u00c9crit par\" \/>\n\t<meta name=\"twitter:data1\" content=\"redazione\" \/>\n\t<meta name=\"twitter:label2\" content=\"Dur\u00e9e de lecture estim\u00e9e\" \/>\n\t<meta name=\"twitter:data2\" content=\"5 minutes\" \/>\n<script type=\"application\/ld+json\" class=\"yoast-schema-graph\">{\"@context\":\"https:\\\/\\\/schema.org\",\"@graph\":[{\"@type\":\"Article\",\"@id\":\"https:\\\/\\\/www.bellunopress.it\\\/2021\\\/06\\\/13\\\/nuovo-volume-della-collana-tesori-darte-approfondimento-sullaltare-a-battenti-di-santa-maria-a-pieve-di-cadore\\\/#article\",\"isPartOf\":{\"@id\":\"https:\\\/\\\/www.bellunopress.it\\\/2021\\\/06\\\/13\\\/nuovo-volume-della-collana-tesori-darte-approfondimento-sullaltare-a-battenti-di-santa-maria-a-pieve-di-cadore\\\/\"},\"author\":{\"name\":\"redazione\",\"@id\":\"https:\\\/\\\/www.bellunopress.it\\\/#\\\/schema\\\/person\\\/79bb06722b37ece1c03d3e94beb30d73\"},\"headline\":\"Nuovo volume della collana \u201cTesori d\u2019arte\u201d: approfondimento sull\u2019altare a battenti di Santa Maria a Pieve di Cadore\",\"datePublished\":\"2021-06-13T05:54:27+00:00\",\"mainEntityOfPage\":{\"@id\":\"https:\\\/\\\/www.bellunopress.it\\\/2021\\\/06\\\/13\\\/nuovo-volume-della-collana-tesori-darte-approfondimento-sullaltare-a-battenti-di-santa-maria-a-pieve-di-cadore\\\/\"},\"wordCount\":1081,\"publisher\":{\"@id\":\"https:\\\/\\\/www.bellunopress.it\\\/#organization\"},\"image\":{\"@id\":\"https:\\\/\\\/www.bellunopress.it\\\/2021\\\/06\\\/13\\\/nuovo-volume-della-collana-tesori-darte-approfondimento-sullaltare-a-battenti-di-santa-maria-a-pieve-di-cadore\\\/#primaryimage\"},\"thumbnailUrl\":\"https:\\\/\\\/www.bellunopress.it\\\/wp-content\\\/uploads\\\/2014\\\/08\\\/chiesa-pieve-di-cadore.jpg\",\"articleSection\":[\"Arte, Cultura, Spettacoli, Scienza\"],\"inLanguage\":\"fr-FR\"},{\"@type\":\"WebPage\",\"@id\":\"https:\\\/\\\/www.bellunopress.it\\\/2021\\\/06\\\/13\\\/nuovo-volume-della-collana-tesori-darte-approfondimento-sullaltare-a-battenti-di-santa-maria-a-pieve-di-cadore\\\/\",\"url\":\"https:\\\/\\\/www.bellunopress.it\\\/2021\\\/06\\\/13\\\/nuovo-volume-della-collana-tesori-darte-approfondimento-sullaltare-a-battenti-di-santa-maria-a-pieve-di-cadore\\\/\",\"name\":\"Nuovo volume della collana \u201cTesori d\u2019arte\u201d: approfondimento sull\u2019altare a battenti di Santa Maria a Pieve di Cadore - Bellunopress - Dolomiti\",\"isPartOf\":{\"@id\":\"https:\\\/\\\/www.bellunopress.it\\\/#website\"},\"primaryImageOfPage\":{\"@id\":\"https:\\\/\\\/www.bellunopress.it\\\/2021\\\/06\\\/13\\\/nuovo-volume-della-collana-tesori-darte-approfondimento-sullaltare-a-battenti-di-santa-maria-a-pieve-di-cadore\\\/#primaryimage\"},\"image\":{\"@id\":\"https:\\\/\\\/www.bellunopress.it\\\/2021\\\/06\\\/13\\\/nuovo-volume-della-collana-tesori-darte-approfondimento-sullaltare-a-battenti-di-santa-maria-a-pieve-di-cadore\\\/#primaryimage\"},\"thumbnailUrl\":\"https:\\\/\\\/www.bellunopress.it\\\/wp-content\\\/uploads\\\/2014\\\/08\\\/chiesa-pieve-di-cadore.jpg\",\"datePublished\":\"2021-06-13T05:54:27+00:00\",\"breadcrumb\":{\"@id\":\"https:\\\/\\\/www.bellunopress.it\\\/2021\\\/06\\\/13\\\/nuovo-volume-della-collana-tesori-darte-approfondimento-sullaltare-a-battenti-di-santa-maria-a-pieve-di-cadore\\\/#breadcrumb\"},\"inLanguage\":\"fr-FR\",\"potentialAction\":[{\"@type\":\"ReadAction\",\"target\":[\"https:\\\/\\\/www.bellunopress.it\\\/2021\\\/06\\\/13\\\/nuovo-volume-della-collana-tesori-darte-approfondimento-sullaltare-a-battenti-di-santa-maria-a-pieve-di-cadore\\\/\"]}]},{\"@type\":\"ImageObject\",\"inLanguage\":\"fr-FR\",\"@id\":\"https:\\\/\\\/www.bellunopress.it\\\/2021\\\/06\\\/13\\\/nuovo-volume-della-collana-tesori-darte-approfondimento-sullaltare-a-battenti-di-santa-maria-a-pieve-di-cadore\\\/#primaryimage\",\"url\":\"https:\\\/\\\/www.bellunopress.it\\\/wp-content\\\/uploads\\\/2014\\\/08\\\/chiesa-pieve-di-cadore.jpg\",\"contentUrl\":\"https:\\\/\\\/www.bellunopress.it\\\/wp-content\\\/uploads\\\/2014\\\/08\\\/chiesa-pieve-di-cadore.jpg\",\"width\":177,\"height\":180},{\"@type\":\"BreadcrumbList\",\"@id\":\"https:\\\/\\\/www.bellunopress.it\\\/2021\\\/06\\\/13\\\/nuovo-volume-della-collana-tesori-darte-approfondimento-sullaltare-a-battenti-di-santa-maria-a-pieve-di-cadore\\\/#breadcrumb\",\"itemListElement\":[{\"@type\":\"ListItem\",\"position\":1,\"name\":\"Home\",\"item\":\"https:\\\/\\\/www.bellunopress.it\\\/\"},{\"@type\":\"ListItem\",\"position\":2,\"name\":\"Nuovo volume della collana \u201cTesori d\u2019arte\u201d: approfondimento sull\u2019altare a battenti di Santa Maria a Pieve di Cadore\"}]},{\"@type\":\"WebSite\",\"@id\":\"https:\\\/\\\/www.bellunopress.it\\\/#website\",\"url\":\"https:\\\/\\\/www.bellunopress.it\\\/\",\"name\":\"Bellunopress - Dolomiti\",\"description\":\"e-mail: redazione@bellunopress.it\",\"publisher\":{\"@id\":\"https:\\\/\\\/www.bellunopress.it\\\/#organization\"},\"potentialAction\":[{\"@type\":\"SearchAction\",\"target\":{\"@type\":\"EntryPoint\",\"urlTemplate\":\"https:\\\/\\\/www.bellunopress.it\\\/?s={search_term_string}\"},\"query-input\":{\"@type\":\"PropertyValueSpecification\",\"valueRequired\":true,\"valueName\":\"search_term_string\"}}],\"inLanguage\":\"fr-FR\"},{\"@type\":\"Organization\",\"@id\":\"https:\\\/\\\/www.bellunopress.it\\\/#organization\",\"name\":\"Bellunopress\",\"url\":\"https:\\\/\\\/www.bellunopress.it\\\/\",\"logo\":{\"@type\":\"ImageObject\",\"inLanguage\":\"fr-FR\",\"@id\":\"https:\\\/\\\/www.bellunopress.it\\\/#\\\/schema\\\/logo\\\/image\\\/\",\"url\":\"https:\\\/\\\/www.bellunopress.it\\\/wp-content\\\/uploads\\\/2011\\\/05\\\/cropped-logo-bellunopress-.jpg\",\"contentUrl\":\"https:\\\/\\\/www.bellunopress.it\\\/wp-content\\\/uploads\\\/2011\\\/05\\\/cropped-logo-bellunopress-.jpg\",\"width\":512,\"height\":512,\"caption\":\"Bellunopress\"},\"image\":{\"@id\":\"https:\\\/\\\/www.bellunopress.it\\\/#\\\/schema\\\/logo\\\/image\\\/\"},\"sameAs\":[\"https:\\\/\\\/www.facebook.com\\\/profile.php?id=100008943462799\",\"https:\\\/\\\/x.com\\\/bellunopress\",\"https:\\\/\\\/www.linkedin.com\\\/hp\\\/?dnr=JBzUWaJfMUw8vbXJJ2tVW5-I3jZKvC4wsoxE&amp;amp;amp;amp;amp;amp;trk=nav_responsive_tab_home\",\"https:\\\/\\\/www.youtube.com\\\/channel\\\/UCxL0wu1uN0_3_7hGG0306cw\"]},{\"@type\":\"Person\",\"@id\":\"https:\\\/\\\/www.bellunopress.it\\\/#\\\/schema\\\/person\\\/79bb06722b37ece1c03d3e94beb30d73\",\"name\":\"redazione\",\"image\":{\"@type\":\"ImageObject\",\"inLanguage\":\"fr-FR\",\"@id\":\"https:\\\/\\\/secure.gravatar.com\\\/avatar\\\/37d968a2e67a6fd04c169c4bdef102d0bc5d31b2546345219e348575eb80e9a0?s=96&d=mm&r=g\",\"url\":\"https:\\\/\\\/secure.gravatar.com\\\/avatar\\\/37d968a2e67a6fd04c169c4bdef102d0bc5d31b2546345219e348575eb80e9a0?s=96&d=mm&r=g\",\"contentUrl\":\"https:\\\/\\\/secure.gravatar.com\\\/avatar\\\/37d968a2e67a6fd04c169c4bdef102d0bc5d31b2546345219e348575eb80e9a0?s=96&d=mm&r=g\",\"caption\":\"redazione\"},\"sameAs\":[\"http:\\\/\\\/www.bellunopress.it\",\"https:\\\/\\\/x.com\\\/bellunopress\"],\"url\":\"https:\\\/\\\/www.bellunopress.it\\\/fr\\\/author\\\/redazione\\\/\"}]}<\/script>\n<!-- \/ Yoast SEO plugin. -->","yoast_head_json":{"title":"Nuovo volume della collana \u201cTesori d\u2019arte\u201d: approfondimento sull\u2019altare a battenti di Santa Maria a Pieve di Cadore - Bellunopress - Dolomiti","robots":{"index":"index","follow":"follow","max-snippet":"max-snippet:-1","max-image-preview":"max-image-preview:large","max-video-preview":"max-video-preview:-1"},"canonical":"https:\/\/www.bellunopress.it\/fr\/2021\/06\/13\/nuovo-volume-della-collana-tesori-darte-approfondimento-sullaltare-a-battenti-di-santa-maria-a-pieve-di-cadore\/","og_locale":"fr_FR","og_type":"article","og_title":"Nuovo volume della collana \u201cTesori d\u2019arte\u201d: approfondimento sull\u2019altare a battenti di Santa Maria a Pieve di Cadore - Bellunopress - Dolomiti","og_description":"Una vicenda intricata e affascinante. Un oggetto d\u2019arte che esce dalla bottega di un affermato scultore alla fine del Quattrocento e si ritrova cinque secoli dopo a pezzi, sparsi in giro per l\u2019Italia. \u00c8 la storia dell\u2019altare a battenti di Santa Maria di Pieve di Cadore, ricostruita minuziosamente, sotto la lente degli esperti (storici dell\u2019arte [&hellip;]","og_url":"https:\/\/www.bellunopress.it\/fr\/2021\/06\/13\/nuovo-volume-della-collana-tesori-darte-approfondimento-sullaltare-a-battenti-di-santa-maria-a-pieve-di-cadore\/","og_site_name":"Bellunopress - Dolomiti","article_publisher":"https:\/\/www.facebook.com\/profile.php?id=100008943462799","article_published_time":"2021-06-13T05:54:27+00:00","og_image":[{"width":177,"height":180,"url":"https:\/\/www.bellunopress.it\/wp-content\/uploads\/2014\/08\/chiesa-pieve-di-cadore.jpg","type":"image\/jpeg"}],"author":"redazione","twitter_card":"summary_large_image","twitter_creator":"@bellunopress","twitter_site":"@bellunopress","twitter_misc":{"\u00c9crit par":"redazione","Dur\u00e9e de lecture estim\u00e9e":"5 minutes"},"schema":{"@context":"https:\/\/schema.org","@graph":[{"@type":"Article","@id":"https:\/\/www.bellunopress.it\/2021\/06\/13\/nuovo-volume-della-collana-tesori-darte-approfondimento-sullaltare-a-battenti-di-santa-maria-a-pieve-di-cadore\/#article","isPartOf":{"@id":"https:\/\/www.bellunopress.it\/2021\/06\/13\/nuovo-volume-della-collana-tesori-darte-approfondimento-sullaltare-a-battenti-di-santa-maria-a-pieve-di-cadore\/"},"author":{"name":"redazione","@id":"https:\/\/www.bellunopress.it\/#\/schema\/person\/79bb06722b37ece1c03d3e94beb30d73"},"headline":"Nuovo volume della collana \u201cTesori d\u2019arte\u201d: approfondimento sull\u2019altare a battenti di Santa Maria a Pieve di Cadore","datePublished":"2021-06-13T05:54:27+00:00","mainEntityOfPage":{"@id":"https:\/\/www.bellunopress.it\/2021\/06\/13\/nuovo-volume-della-collana-tesori-darte-approfondimento-sullaltare-a-battenti-di-santa-maria-a-pieve-di-cadore\/"},"wordCount":1081,"publisher":{"@id":"https:\/\/www.bellunopress.it\/#organization"},"image":{"@id":"https:\/\/www.bellunopress.it\/2021\/06\/13\/nuovo-volume-della-collana-tesori-darte-approfondimento-sullaltare-a-battenti-di-santa-maria-a-pieve-di-cadore\/#primaryimage"},"thumbnailUrl":"https:\/\/www.bellunopress.it\/wp-content\/uploads\/2014\/08\/chiesa-pieve-di-cadore.jpg","articleSection":["Arte, Cultura, Spettacoli, Scienza"],"inLanguage":"fr-FR"},{"@type":"WebPage","@id":"https:\/\/www.bellunopress.it\/2021\/06\/13\/nuovo-volume-della-collana-tesori-darte-approfondimento-sullaltare-a-battenti-di-santa-maria-a-pieve-di-cadore\/","url":"https:\/\/www.bellunopress.it\/2021\/06\/13\/nuovo-volume-della-collana-tesori-darte-approfondimento-sullaltare-a-battenti-di-santa-maria-a-pieve-di-cadore\/","name":"Nuovo volume della collana \u201cTesori d\u2019arte\u201d: approfondimento sull\u2019altare a battenti di Santa Maria a Pieve di Cadore - Bellunopress - Dolomiti","isPartOf":{"@id":"https:\/\/www.bellunopress.it\/#website"},"primaryImageOfPage":{"@id":"https:\/\/www.bellunopress.it\/2021\/06\/13\/nuovo-volume-della-collana-tesori-darte-approfondimento-sullaltare-a-battenti-di-santa-maria-a-pieve-di-cadore\/#primaryimage"},"image":{"@id":"https:\/\/www.bellunopress.it\/2021\/06\/13\/nuovo-volume-della-collana-tesori-darte-approfondimento-sullaltare-a-battenti-di-santa-maria-a-pieve-di-cadore\/#primaryimage"},"thumbnailUrl":"https:\/\/www.bellunopress.it\/wp-content\/uploads\/2014\/08\/chiesa-pieve-di-cadore.jpg","datePublished":"2021-06-13T05:54:27+00:00","breadcrumb":{"@id":"https:\/\/www.bellunopress.it\/2021\/06\/13\/nuovo-volume-della-collana-tesori-darte-approfondimento-sullaltare-a-battenti-di-santa-maria-a-pieve-di-cadore\/#breadcrumb"},"inLanguage":"fr-FR","potentialAction":[{"@type":"ReadAction","target":["https:\/\/www.bellunopress.it\/2021\/06\/13\/nuovo-volume-della-collana-tesori-darte-approfondimento-sullaltare-a-battenti-di-santa-maria-a-pieve-di-cadore\/"]}]},{"@type":"ImageObject","inLanguage":"fr-FR","@id":"https:\/\/www.bellunopress.it\/2021\/06\/13\/nuovo-volume-della-collana-tesori-darte-approfondimento-sullaltare-a-battenti-di-santa-maria-a-pieve-di-cadore\/#primaryimage","url":"https:\/\/www.bellunopress.it\/wp-content\/uploads\/2014\/08\/chiesa-pieve-di-cadore.jpg","contentUrl":"https:\/\/www.bellunopress.it\/wp-content\/uploads\/2014\/08\/chiesa-pieve-di-cadore.jpg","width":177,"height":180},{"@type":"BreadcrumbList","@id":"https:\/\/www.bellunopress.it\/2021\/06\/13\/nuovo-volume-della-collana-tesori-darte-approfondimento-sullaltare-a-battenti-di-santa-maria-a-pieve-di-cadore\/#breadcrumb","itemListElement":[{"@type":"ListItem","position":1,"name":"Home","item":"https:\/\/www.bellunopress.it\/"},{"@type":"ListItem","position":2,"name":"Nuovo volume della collana \u201cTesori d\u2019arte\u201d: approfondimento sull\u2019altare a battenti di Santa Maria a Pieve di Cadore"}]},{"@type":"WebSite","@id":"https:\/\/www.bellunopress.it\/#website","url":"https:\/\/www.bellunopress.it\/","name":"Bellunopress - Dolomiti","description":"e-mail: redazione@bellunopress.it","publisher":{"@id":"https:\/\/www.bellunopress.it\/#organization"},"potentialAction":[{"@type":"SearchAction","target":{"@type":"EntryPoint","urlTemplate":"https:\/\/www.bellunopress.it\/?s={search_term_string}"},"query-input":{"@type":"PropertyValueSpecification","valueRequired":true,"valueName":"search_term_string"}}],"inLanguage":"fr-FR"},{"@type":"Organization","@id":"https:\/\/www.bellunopress.it\/#organization","name":"Bellunopress","url":"https:\/\/www.bellunopress.it\/","logo":{"@type":"ImageObject","inLanguage":"fr-FR","@id":"https:\/\/www.bellunopress.it\/#\/schema\/logo\/image\/","url":"https:\/\/www.bellunopress.it\/wp-content\/uploads\/2011\/05\/cropped-logo-bellunopress-.jpg","contentUrl":"https:\/\/www.bellunopress.it\/wp-content\/uploads\/2011\/05\/cropped-logo-bellunopress-.jpg","width":512,"height":512,"caption":"Bellunopress"},"image":{"@id":"https:\/\/www.bellunopress.it\/#\/schema\/logo\/image\/"},"sameAs":["https:\/\/www.facebook.com\/profile.php?id=100008943462799","https:\/\/x.com\/bellunopress","https:\/\/www.linkedin.com\/hp\/?dnr=JBzUWaJfMUw8vbXJJ2tVW5-I3jZKvC4wsoxE&amp;amp;amp;amp;amp;amp;trk=nav_responsive_tab_home","https:\/\/www.youtube.com\/channel\/UCxL0wu1uN0_3_7hGG0306cw"]},{"@type":"Person","@id":"https:\/\/www.bellunopress.it\/#\/schema\/person\/79bb06722b37ece1c03d3e94beb30d73","name":"r\u00e9daction","image":{"@type":"ImageObject","inLanguage":"fr-FR","@id":"https:\/\/secure.gravatar.com\/avatar\/37d968a2e67a6fd04c169c4bdef102d0bc5d31b2546345219e348575eb80e9a0?s=96&d=mm&r=g","url":"https:\/\/secure.gravatar.com\/avatar\/37d968a2e67a6fd04c169c4bdef102d0bc5d31b2546345219e348575eb80e9a0?s=96&d=mm&r=g","contentUrl":"https:\/\/secure.gravatar.com\/avatar\/37d968a2e67a6fd04c169c4bdef102d0bc5d31b2546345219e348575eb80e9a0?s=96&d=mm&r=g","caption":"redazione"},"sameAs":["http:\/\/www.bellunopress.it","https:\/\/x.com\/bellunopress"],"url":"https:\/\/www.bellunopress.it\/fr\/author\/redazione\/"}]}},"_links":{"self":[{"href":"https:\/\/www.bellunopress.it\/fr\/wp-json\/wp\/v2\/posts\/125204","targetHints":{"allow":["GET"]}}],"collection":[{"href":"https:\/\/www.bellunopress.it\/fr\/wp-json\/wp\/v2\/posts"}],"about":[{"href":"https:\/\/www.bellunopress.it\/fr\/wp-json\/wp\/v2\/types\/post"}],"author":[{"embeddable":true,"href":"https:\/\/www.bellunopress.it\/fr\/wp-json\/wp\/v2\/users\/2"}],"replies":[{"embeddable":true,"href":"https:\/\/www.bellunopress.it\/fr\/wp-json\/wp\/v2\/comments?post=125204"}],"version-history":[{"count":1,"href":"https:\/\/www.bellunopress.it\/fr\/wp-json\/wp\/v2\/posts\/125204\/revisions"}],"predecessor-version":[{"id":125205,"href":"https:\/\/www.bellunopress.it\/fr\/wp-json\/wp\/v2\/posts\/125204\/revisions\/125205"}],"wp:featuredmedia":[{"embeddable":true,"href":"https:\/\/www.bellunopress.it\/fr\/wp-json\/wp\/v2\/media\/62025"}],"wp:attachment":[{"href":"https:\/\/www.bellunopress.it\/fr\/wp-json\/wp\/v2\/media?parent=125204"}],"wp:term":[{"taxonomy":"category","embeddable":true,"href":"https:\/\/www.bellunopress.it\/fr\/wp-json\/wp\/v2\/categories?post=125204"},{"taxonomy":"post_tag","embeddable":true,"href":"https:\/\/www.bellunopress.it\/fr\/wp-json\/wp\/v2\/tags?post=125204"}],"curies":[{"name":"wp","href":"https:\/\/api.w.org\/{rel}","templated":true}]}}